{"id":75051,"date":"2026-01-29T10:00:12","date_gmt":"2026-01-29T10:00:12","guid":{"rendered":"https:\/\/transportjournal.com\/2026\/01\/29\/ulla-eithz-nielsen-nieuwe-coo-plaatsvervanger\/"},"modified":"2026-01-29T10:00:12","modified_gmt":"2026-01-29T10:00:12","slug":"ulla-eithz-nielsen-nieuwe-coo-plaatsvervanger","status":"publish","type":"post","link":"https:\/\/transportjournal.com\/nl\/2026\/01\/29\/ulla-eithz-nielsen-nieuwe-coo-plaatsvervanger\/","title":{"rendered":"Ulla Eithz Nielsen nieuwe COO-plaatsvervanger"},"content":{"rendered":"<p>Columbia Group heeft Ulla Eithz Nielsen benoemd tot plaatsvervangend Chief Operating Officer (COO). Deze nieuwe functie is bedoeld om de leiding van het bedrijf te versterken, terwijl de groep haar ge\u00efntegreerde wereldwijde platform voor maritieme diensten verder ontwikkelt.<\/p>\n<p>Eithz Nielsen brengt meer dan zes jaar ervaring in leidinggevende posities bij V.Group met zich mee, waar ze verschillende operationele en uitvoerende rollen vervulde, waaronder die van managing director. Haar carri\u00e8re begon ze op zee, voordat ze overstapte naar A.P. Moller \u2013 Maersk. Vervolgens was ze een decennium werkzaam bij NORDEN, waar ze verantwoordelijk was voor procesoptimalisatie, zakelijke toepassingen en business intelligence. Deze ervaringen vormden haar latere rol bij V.Group, waar ze een belangrijke bijdrage leverde aan de ontwikkeling en implementatie van bedrijfsbrede bedrijfsmodellen.<\/p>\n<p>In haar nieuwe functie zal Eithz Nielsen nauw samenwerken met het leiderschapsteam van Columbia om de operationele richting, de organisatorische effici\u00ebntie en de langetermijnontwikkeling van de activiteiten op het gebied van scheepsbeheer en verwante maritieme diensten te ondersteunen.<\/p>\n<p>Leonid Zalenski, COO van Columbia Group, sprak over Eithz Nielsen: \u201eZe heeft een uitgesproken operationele denkwijze en een diepgaand begrip van hoe maritieme organisaties gestructureerd moeten zijn om consistent op grote schaal te kunnen opereren. Haar ervaring zal onze focus op duidelijkheid, verantwoordelijkheid en effectieve uitvoering binnen de groep ondersteunen.\u201c<\/p>\n<p>Eithz Nielsen zelf benadrukte: \u201eIk kijk ernaar uit om nauw samen te werken met het team van Columbia, terwijl de groep blijft investeren in haar operationele platform en digitale capaciteiten. Ik ben zeer hartelijk ontvangen en geniet van de samenwerking met Leonid en het verdere leiderschapsteam.<\/p>\n<p>Digitalisering is een centraal aandachtspunt voor mij, omdat het, wanneer het goed wordt toegepast, de manier van werken kan vereenvoudigen, betere beslissingen kan ondersteunen en teams in staat kan stellen meer tijd aan de essentie te besteden. Columbia heeft al een solide basis op dit gebied, en er is een duidelijk potentieel om hierop voort te bouwen terwijl het bedrijf zich verder ontwikkelt. Persoonlijk was de verhuizing naar Cyprus een soepele overgang, en de zon was zeker een welkome bonus.\u201c<\/p>\n<p>&nbsp;<\/p>\n<p><a href=\"https:\/\/columbiagroup.org\/\" target=\"_blank\" rel=\"noopener noreferrer\">www.columbiagroup.org<\/a><\/p>\n<p>&nbsp;<\/p>\n","protected":false},"excerpt":{"rendered":"<p>Columbia Group heeft Ulla Eithz Nielsen benoemd tot plaatsvervangend COO om de operationele effici\u00ebntie en ontwikkeling in de maritieme dienstverleningssector te bevorderen.<\/p>\n","protected":false},"author":12,"featured_media":75045,"comment_status":"open","ping_status":"open","sticky":false,"template":"","format":"standard","meta":{"_acf_changed":false,"footnotes":""},"categories":[1599,1591,1595],"tags":[4017,7832,10903,10904,10905,2548,10906,6645,2211,2212,2115,4232,2700,2123,5901,10907,10908,2562,2909,6478,3872,2622,6384,10909,10910,6385,1800,10911,3379,4257,2925,5738,5739,10912,2720,10913,2929,5741,5742,5908,6399,5909,2106,2641,2242,10914,2157,10915,10916],"class_list":["post-75051","post","type-post","status-publish","format-standard","has-post-thumbnail","hentry","category-europa","category-mensen-bedrijven","category-scheepvaart-en-havens","tag-a-p-moller-maersk","tag-chypre","tag-coo-adjointe","tag-coo-deputy","tag-coo-stellvertreterin","tag-corporate-governance","tag-cyprus-francais-columbia-group","tag-deutsch-columbia-group","tag-digital-transformation","tag-digitale-transformation","tag-digitalisierung-in-der-logistik","tag-efficacite-operationnelle","tag-fachkraeftemangel-in-der-logistik","tag-gestion-de-la-chaine-dapprovisionnement","tag-gestion-des-navires","tag-global-service-platform","tag-globale-plattform-fuer-dienstleistungen","tag-gouvernance-dentreprise","tag-hafenbetrieb","tag-labor-shortage-in-logistics","tag-logistics-digitalization","tag-logistique-durable","tag-maritime-dienstleistungen","tag-maritime-organisationen","tag-maritime-organizations","tag-maritime-services","tag-nachhaltige-logistik","tag-norden","tag-numerisation-logistique","tag-operational-efficiency","tag-operations-portuaires","tag-operative-effizienz","tag-optimisation-des-processus","tag-organisations-maritimes","tag-penurie-de-main-doeuvre-dans-la-logistique","tag-plateforme-de-services-mondiale","tag-port-operations","tag-process-optimization","tag-prozessoptimierung","tag-schiffsmanagement","tag-services-maritimes","tag-ship-management","tag-supply-chain-management","tag-sustainable-logistics","tag-transformation-numerique","tag-ulla-eithz-nielsen","tag-unternehmensfuehrung","tag-v-group","tag-zypern-english-columbia-group"],"acf":[],"yoast_head":"<!-- This site is optimized with the Yoast SEO plugin v27.3 - https:\/\/yoast.com\/product\/yoast-seo-wordpress\/ -->\n<title>Ulla Eithz Nielsen nieuwe COO-plaatsvervanger - ITJ | International Transport Journal<\/title>\n<meta name=\"robots\" content=\"index, follow, max-snippet:-1, max-image-preview:large, max-video-preview:-1\" \/>\n<link rel=\"canonical\" href=\"https:\/\/transportjournal.com\/nl\/2026\/01\/29\/ulla-eithz-nielsen-nieuwe-coo-plaatsvervanger\/\" \/>\n<meta property=\"og:locale\" content=\"nl_NL\" \/>\n<meta property=\"og:type\" content=\"article\" \/>\n<meta property=\"og:title\" content=\"Ulla Eithz Nielsen nieuwe COO-plaatsvervanger - ITJ | International Transport Journal\" \/>\n<meta property=\"og:description\" content=\"Columbia Group heeft Ulla Eithz Nielsen benoemd tot plaatsvervangend COO om de operationele effici\u00ebntie en ontwikkeling in de maritieme dienstverleningssector te bevorderen.\" \/>\n<meta property=\"og:url\" content=\"https:\/\/transportjournal.com\/nl\/2026\/01\/29\/ulla-eithz-nielsen-nieuwe-coo-plaatsvervanger\/\" \/>\n<meta property=\"og:site_name\" content=\"ITJ | International Transport Journal\" \/>\n<meta property=\"article:published_time\" content=\"2026-01-29T10:00:12+00:00\" \/>\n<meta property=\"og:image\" content=\"https:\/\/transportjournal.com\/wp-content\/uploads\/sites\/2\/2026\/01\/55049651223_0112184909_o-aspect-ratio-1400-788.jpg\" \/>\n\t<meta property=\"og:image:width\" content=\"800\" \/>\n\t<meta property=\"og:image:height\" content=\"450\" \/>\n\t<meta property=\"og:image:type\" content=\"image\/jpeg\" \/>\n<meta name=\"author\" content=\"Andreas Haug\" \/>\n<meta name=\"twitter:card\" content=\"summary_large_image\" \/>\n<meta name=\"twitter:label1\" content=\"Geschreven door\" \/>\n\t<meta name=\"twitter:data1\" content=\"Andreas Haug\" \/>\n\t<meta name=\"twitter:label2\" content=\"Geschatte leestijd\" \/>\n\t<meta name=\"twitter:data2\" content=\"2 minuut\" \/>\n<script type=\"application\/ld+json\" class=\"yoast-schema-graph\">{\"@context\":\"https:\\\/\\\/schema.org\",\"@graph\":[{\"@type\":\"Article\",\"@id\":\"https:\\\/\\\/transportjournal.com\\\/nl\\\/2026\\\/01\\\/29\\\/ulla-eithz-nielsen-nieuwe-coo-plaatsvervanger\\\/#article\",\"isPartOf\":{\"@id\":\"https:\\\/\\\/transportjournal.com\\\/nl\\\/2026\\\/01\\\/29\\\/ulla-eithz-nielsen-nieuwe-coo-plaatsvervanger\\\/\"},\"author\":{\"name\":\"Andreas Haug\",\"@id\":\"https:\\\/\\\/transportjournal.com\\\/nl\\\/#\\\/schema\\\/person\\\/cf538b3157f15afd7589245a4b3dbd25\"},\"headline\":\"Ulla Eithz Nielsen nieuwe COO-plaatsvervanger\",\"datePublished\":\"2026-01-29T10:00:12+00:00\",\"mainEntityOfPage\":{\"@id\":\"https:\\\/\\\/transportjournal.com\\\/nl\\\/2026\\\/01\\\/29\\\/ulla-eithz-nielsen-nieuwe-coo-plaatsvervanger\\\/\"},\"wordCount\":351,\"commentCount\":0,\"publisher\":{\"@id\":\"https:\\\/\\\/transportjournal.com\\\/nl\\\/#organization\"},\"image\":{\"@id\":\"https:\\\/\\\/transportjournal.com\\\/nl\\\/2026\\\/01\\\/29\\\/ulla-eithz-nielsen-nieuwe-coo-plaatsvervanger\\\/#primaryimage\"},\"thumbnailUrl\":\"https:\\\/\\\/transportjournal.com\\\/wp-content\\\/uploads\\\/sites\\\/2\\\/2026\\\/01\\\/55049651223_0112184909_o-aspect-ratio-1400-788.jpg\",\"keywords\":[\"A.P. Moller - Maersk\",\"Chypre\",\"COO adjointe\",\"COO Deputy\",\"COO Stellvertreterin\",\"corporate governance\",\"Cyprus Fran\u00e7ais Columbia Group\",\"Deutsch Columbia Group\",\"digital transformation\",\"digitale Transformation\",\"Digitalisierung in der Logistik\",\"efficacit\u00e9 op\u00e9rationnelle\",\"Fachkr\u00e4ftemangel in der Logistik\",\"gestion de la cha\u00eene d'approvisionnement\",\"gestion des navires\",\"global service platform\",\"globale Plattform f\u00fcr Dienstleistungen\",\"gouvernance d'entreprise\",\"Hafenbetrieb\",\"labor shortage in logistics\",\"logistics digitalization\",\"logistique durable\",\"maritime Dienstleistungen\",\"maritime Organisationen\",\"maritime organizations\",\"maritime services\",\"nachhaltige Logistik\",\"NORDEN\",\"num\u00e9risation logistique\",\"operational efficiency\",\"op\u00e9rations portuaires\",\"operative Effizienz\",\"optimisation des processus\",\"organisations maritimes\",\"p\u00e9nurie de main-d'\u0153uvre dans la logistique\",\"plateforme de services mondiale\",\"port operations\",\"process optimization\",\"Prozessoptimierung\",\"Schiffsmanagement\",\"services maritimes\",\"ship management\",\"Supply Chain Management\",\"sustainable logistics\",\"transformation num\u00e9rique\",\"Ulla Eithz Nielsen\",\"Unternehmensf\u00fchrung\",\"V.Group\",\"Zypern English Columbia Group\"],\"articleSection\":[\"Europa\",\"Mensen &amp; Bedrijven\",\"Scheepvaart en havens\"],\"inLanguage\":\"nl-NL\",\"potentialAction\":[{\"@type\":\"CommentAction\",\"name\":\"Comment\",\"target\":[\"https:\\\/\\\/transportjournal.com\\\/nl\\\/2026\\\/01\\\/29\\\/ulla-eithz-nielsen-nieuwe-coo-plaatsvervanger\\\/#respond\"]}]},{\"@type\":\"WebPage\",\"@id\":\"https:\\\/\\\/transportjournal.com\\\/nl\\\/2026\\\/01\\\/29\\\/ulla-eithz-nielsen-nieuwe-coo-plaatsvervanger\\\/\",\"url\":\"https:\\\/\\\/transportjournal.com\\\/nl\\\/2026\\\/01\\\/29\\\/ulla-eithz-nielsen-nieuwe-coo-plaatsvervanger\\\/\",\"name\":\"Ulla Eithz Nielsen nieuwe COO-plaatsvervanger - ITJ | International Transport Journal\",\"isPartOf\":{\"@id\":\"https:\\\/\\\/transportjournal.com\\\/nl\\\/#website\"},\"primaryImageOfPage\":{\"@id\":\"https:\\\/\\\/transportjournal.com\\\/nl\\\/2026\\\/01\\\/29\\\/ulla-eithz-nielsen-nieuwe-coo-plaatsvervanger\\\/#primaryimage\"},\"image\":{\"@id\":\"https:\\\/\\\/transportjournal.com\\\/nl\\\/2026\\\/01\\\/29\\\/ulla-eithz-nielsen-nieuwe-coo-plaatsvervanger\\\/#primaryimage\"},\"thumbnailUrl\":\"https:\\\/\\\/transportjournal.com\\\/wp-content\\\/uploads\\\/sites\\\/2\\\/2026\\\/01\\\/55049651223_0112184909_o-aspect-ratio-1400-788.jpg\",\"datePublished\":\"2026-01-29T10:00:12+00:00\",\"breadcrumb\":{\"@id\":\"https:\\\/\\\/transportjournal.com\\\/nl\\\/2026\\\/01\\\/29\\\/ulla-eithz-nielsen-nieuwe-coo-plaatsvervanger\\\/#breadcrumb\"},\"inLanguage\":\"nl-NL\",\"potentialAction\":[{\"@type\":\"ReadAction\",\"target\":[\"https:\\\/\\\/transportjournal.com\\\/nl\\\/2026\\\/01\\\/29\\\/ulla-eithz-nielsen-nieuwe-coo-plaatsvervanger\\\/\"]}]},{\"@type\":\"ImageObject\",\"inLanguage\":\"nl-NL\",\"@id\":\"https:\\\/\\\/transportjournal.com\\\/nl\\\/2026\\\/01\\\/29\\\/ulla-eithz-nielsen-nieuwe-coo-plaatsvervanger\\\/#primaryimage\",\"url\":\"https:\\\/\\\/transportjournal.com\\\/wp-content\\\/uploads\\\/sites\\\/2\\\/2026\\\/01\\\/55049651223_0112184909_o-aspect-ratio-1400-788.jpg\",\"contentUrl\":\"https:\\\/\\\/transportjournal.com\\\/wp-content\\\/uploads\\\/sites\\\/2\\\/2026\\\/01\\\/55049651223_0112184909_o-aspect-ratio-1400-788.jpg\",\"width\":800,\"height\":450},{\"@type\":\"BreadcrumbList\",\"@id\":\"https:\\\/\\\/transportjournal.com\\\/nl\\\/2026\\\/01\\\/29\\\/ulla-eithz-nielsen-nieuwe-coo-plaatsvervanger\\\/#breadcrumb\",\"itemListElement\":[{\"@type\":\"ListItem\",\"position\":1,\"name\":\"Startseite\",\"item\":\"https:\\\/\\\/transportjournal.com\\\/nl\\\/\"},{\"@type\":\"ListItem\",\"position\":2,\"name\":\"Ulla Eithz Nielsen nieuwe COO-plaatsvervanger\"}]},{\"@type\":\"WebSite\",\"@id\":\"https:\\\/\\\/transportjournal.com\\\/nl\\\/#website\",\"url\":\"https:\\\/\\\/transportjournal.com\\\/nl\\\/\",\"name\":\"ITJ | International Transport Journal\",\"description\":\"Stay informed with the latest global news from the transport, logistics, and supply chain industries. Transport Journal delivers expert insights, analysis, and updates across shipping, aviation, intermodal, and forwarding.\",\"publisher\":{\"@id\":\"https:\\\/\\\/transportjournal.com\\\/nl\\\/#organization\"},\"potentialAction\":[{\"@type\":\"SearchAction\",\"target\":{\"@type\":\"EntryPoint\",\"urlTemplate\":\"https:\\\/\\\/transportjournal.com\\\/nl\\\/?s={search_term_string}\"},\"query-input\":{\"@type\":\"PropertyValueSpecification\",\"valueRequired\":true,\"valueName\":\"search_term_string\"}}],\"inLanguage\":\"nl-NL\"},{\"@type\":\"Organization\",\"@id\":\"https:\\\/\\\/transportjournal.com\\\/nl\\\/#organization\",\"name\":\"Logismedia Groep AG\",\"alternateName\":\"Logismedia Group AG\",\"url\":\"https:\\\/\\\/transportjournal.com\\\/nl\\\/\",\"logo\":{\"@type\":\"ImageObject\",\"inLanguage\":\"nl-NL\",\"@id\":\"https:\\\/\\\/transportjournal.com\\\/nl\\\/#\\\/schema\\\/logo\\\/image\\\/\",\"url\":\"https:\\\/\\\/transportjournal.com\\\/wp-content\\\/uploads\\\/sites\\\/2\\\/2025\\\/09\\\/Logo_ITJ.png\",\"contentUrl\":\"https:\\\/\\\/transportjournal.com\\\/wp-content\\\/uploads\\\/sites\\\/2\\\/2025\\\/09\\\/Logo_ITJ.png\",\"width\":799,\"height\":326,\"caption\":\"Logismedia Groep AG\"},\"image\":{\"@id\":\"https:\\\/\\\/transportjournal.com\\\/nl\\\/#\\\/schema\\\/logo\\\/image\\\/\"},\"sameAs\":[\"https:\\\/\\\/www.linkedin.com\\\/company\\\/56456496\\\/admin\\\/dashboard\\\/\",\"https:\\\/\\\/www.instagram.com\\\/logismediagroup\\\/\",\"https:\\\/\\\/www.youtube.com\\\/@LogiamediaGroupAG\"]},{\"@type\":\"Person\",\"@id\":\"https:\\\/\\\/transportjournal.com\\\/nl\\\/#\\\/schema\\\/person\\\/cf538b3157f15afd7589245a4b3dbd25\",\"name\":\"Andreas Haug\",\"url\":\"https:\\\/\\\/transportjournal.com\\\/nl\\\/author\\\/andreas\\\/\"}]}<\/script>\n<!-- \/ Yoast SEO plugin. -->","yoast_head_json":{"title":"Ulla Eithz Nielsen nieuwe COO-plaatsvervanger - ITJ | International Transport Journal","robots":{"index":"index","follow":"follow","max-snippet":"max-snippet:-1","max-image-preview":"max-image-preview:large","max-video-preview":"max-video-preview:-1"},"canonical":"https:\/\/transportjournal.com\/nl\/2026\/01\/29\/ulla-eithz-nielsen-nieuwe-coo-plaatsvervanger\/","og_locale":"nl_NL","og_type":"article","og_title":"Ulla Eithz Nielsen nieuwe COO-plaatsvervanger - ITJ | International Transport Journal","og_description":"Columbia Group heeft Ulla Eithz Nielsen benoemd tot plaatsvervangend COO om de operationele effici\u00ebntie en ontwikkeling in de maritieme dienstverleningssector te bevorderen.","og_url":"https:\/\/transportjournal.com\/nl\/2026\/01\/29\/ulla-eithz-nielsen-nieuwe-coo-plaatsvervanger\/","og_site_name":"ITJ | International Transport Journal","article_published_time":"2026-01-29T10:00:12+00:00","og_image":[{"width":800,"height":450,"url":"https:\/\/transportjournal.com\/wp-content\/uploads\/sites\/2\/2026\/01\/55049651223_0112184909_o-aspect-ratio-1400-788.jpg","type":"image\/jpeg"}],"author":"Andreas Haug","twitter_card":"summary_large_image","twitter_misc":{"Geschreven door":"Andreas Haug","Geschatte leestijd":"2 minuut"},"schema":{"@context":"https:\/\/schema.org","@graph":[{"@type":"Article","@id":"https:\/\/transportjournal.com\/nl\/2026\/01\/29\/ulla-eithz-nielsen-nieuwe-coo-plaatsvervanger\/#article","isPartOf":{"@id":"https:\/\/transportjournal.com\/nl\/2026\/01\/29\/ulla-eithz-nielsen-nieuwe-coo-plaatsvervanger\/"},"author":{"name":"Andreas Haug","@id":"https:\/\/transportjournal.com\/nl\/#\/schema\/person\/cf538b3157f15afd7589245a4b3dbd25"},"headline":"Ulla Eithz Nielsen nieuwe COO-plaatsvervanger","datePublished":"2026-01-29T10:00:12+00:00","mainEntityOfPage":{"@id":"https:\/\/transportjournal.com\/nl\/2026\/01\/29\/ulla-eithz-nielsen-nieuwe-coo-plaatsvervanger\/"},"wordCount":351,"commentCount":0,"publisher":{"@id":"https:\/\/transportjournal.com\/nl\/#organization"},"image":{"@id":"https:\/\/transportjournal.com\/nl\/2026\/01\/29\/ulla-eithz-nielsen-nieuwe-coo-plaatsvervanger\/#primaryimage"},"thumbnailUrl":"https:\/\/transportjournal.com\/wp-content\/uploads\/sites\/2\/2026\/01\/55049651223_0112184909_o-aspect-ratio-1400-788.jpg","keywords":["A.P. Moller - Maersk","Chypre","COO adjointe","COO Deputy","COO Stellvertreterin","corporate governance","Cyprus Fran\u00e7ais Columbia Group","Deutsch Columbia Group","digital transformation","digitale Transformation","Digitalisierung in der Logistik","efficacit\u00e9 op\u00e9rationnelle","Fachkr\u00e4ftemangel in der Logistik","gestion de la cha\u00eene d'approvisionnement","gestion des navires","global service platform","globale Plattform f\u00fcr Dienstleistungen","gouvernance d'entreprise","Hafenbetrieb","labor shortage in logistics","logistics digitalization","logistique durable","maritime Dienstleistungen","maritime Organisationen","maritime organizations","maritime services","nachhaltige Logistik","NORDEN","num\u00e9risation logistique","operational efficiency","op\u00e9rations portuaires","operative Effizienz","optimisation des processus","organisations maritimes","p\u00e9nurie de main-d'\u0153uvre dans la logistique","plateforme de services mondiale","port operations","process optimization","Prozessoptimierung","Schiffsmanagement","services maritimes","ship management","Supply Chain Management","sustainable logistics","transformation num\u00e9rique","Ulla Eithz Nielsen","Unternehmensf\u00fchrung","V.Group","Zypern English Columbia Group"],"articleSection":["Europa","Mensen &amp; Bedrijven","Scheepvaart en havens"],"inLanguage":"nl-NL","potentialAction":[{"@type":"CommentAction","name":"Comment","target":["https:\/\/transportjournal.com\/nl\/2026\/01\/29\/ulla-eithz-nielsen-nieuwe-coo-plaatsvervanger\/#respond"]}]},{"@type":"WebPage","@id":"https:\/\/transportjournal.com\/nl\/2026\/01\/29\/ulla-eithz-nielsen-nieuwe-coo-plaatsvervanger\/","url":"https:\/\/transportjournal.com\/nl\/2026\/01\/29\/ulla-eithz-nielsen-nieuwe-coo-plaatsvervanger\/","name":"Ulla Eithz Nielsen nieuwe COO-plaatsvervanger - ITJ | International Transport Journal","isPartOf":{"@id":"https:\/\/transportjournal.com\/nl\/#website"},"primaryImageOfPage":{"@id":"https:\/\/transportjournal.com\/nl\/2026\/01\/29\/ulla-eithz-nielsen-nieuwe-coo-plaatsvervanger\/#primaryimage"},"image":{"@id":"https:\/\/transportjournal.com\/nl\/2026\/01\/29\/ulla-eithz-nielsen-nieuwe-coo-plaatsvervanger\/#primaryimage"},"thumbnailUrl":"https:\/\/transportjournal.com\/wp-content\/uploads\/sites\/2\/2026\/01\/55049651223_0112184909_o-aspect-ratio-1400-788.jpg","datePublished":"2026-01-29T10:00:12+00:00","breadcrumb":{"@id":"https:\/\/transportjournal.com\/nl\/2026\/01\/29\/ulla-eithz-nielsen-nieuwe-coo-plaatsvervanger\/#breadcrumb"},"inLanguage":"nl-NL","potentialAction":[{"@type":"ReadAction","target":["https:\/\/transportjournal.com\/nl\/2026\/01\/29\/ulla-eithz-nielsen-nieuwe-coo-plaatsvervanger\/"]}]},{"@type":"ImageObject","inLanguage":"nl-NL","@id":"https:\/\/transportjournal.com\/nl\/2026\/01\/29\/ulla-eithz-nielsen-nieuwe-coo-plaatsvervanger\/#primaryimage","url":"https:\/\/transportjournal.com\/wp-content\/uploads\/sites\/2\/2026\/01\/55049651223_0112184909_o-aspect-ratio-1400-788.jpg","contentUrl":"https:\/\/transportjournal.com\/wp-content\/uploads\/sites\/2\/2026\/01\/55049651223_0112184909_o-aspect-ratio-1400-788.jpg","width":800,"height":450},{"@type":"BreadcrumbList","@id":"https:\/\/transportjournal.com\/nl\/2026\/01\/29\/ulla-eithz-nielsen-nieuwe-coo-plaatsvervanger\/#breadcrumb","itemListElement":[{"@type":"ListItem","position":1,"name":"Startseite","item":"https:\/\/transportjournal.com\/nl\/"},{"@type":"ListItem","position":2,"name":"Ulla Eithz Nielsen nieuwe COO-plaatsvervanger"}]},{"@type":"WebSite","@id":"https:\/\/transportjournal.com\/nl\/#website","url":"https:\/\/transportjournal.com\/nl\/","name":"ITJ | International Transport Journal","description":"Stay informed with the latest global news from the transport, logistics, and supply chain industries. Transport Journal delivers expert insights, analysis, and updates across shipping, aviation, intermodal, and forwarding.","publisher":{"@id":"https:\/\/transportjournal.com\/nl\/#organization"},"potentialAction":[{"@type":"SearchAction","target":{"@type":"EntryPoint","urlTemplate":"https:\/\/transportjournal.com\/nl\/?s={search_term_string}"},"query-input":{"@type":"PropertyValueSpecification","valueRequired":true,"valueName":"search_term_string"}}],"inLanguage":"nl-NL"},{"@type":"Organization","@id":"https:\/\/transportjournal.com\/nl\/#organization","name":"Logismedia Groep AG","alternateName":"Logismedia Group AG","url":"https:\/\/transportjournal.com\/nl\/","logo":{"@type":"ImageObject","inLanguage":"nl-NL","@id":"https:\/\/transportjournal.com\/nl\/#\/schema\/logo\/image\/","url":"https:\/\/transportjournal.com\/wp-content\/uploads\/sites\/2\/2025\/09\/Logo_ITJ.png","contentUrl":"https:\/\/transportjournal.com\/wp-content\/uploads\/sites\/2\/2025\/09\/Logo_ITJ.png","width":799,"height":326,"caption":"Logismedia Groep AG"},"image":{"@id":"https:\/\/transportjournal.com\/nl\/#\/schema\/logo\/image\/"},"sameAs":["https:\/\/www.linkedin.com\/company\/56456496\/admin\/dashboard\/","https:\/\/www.instagram.com\/logismediagroup\/","https:\/\/www.youtube.com\/@LogiamediaGroupAG"]},{"@type":"Person","@id":"https:\/\/transportjournal.com\/nl\/#\/schema\/person\/cf538b3157f15afd7589245a4b3dbd25","name":"Andreas Haug","url":"https:\/\/transportjournal.com\/nl\/author\/andreas\/"}]}},"_links":{"self":[{"href":"https:\/\/transportjournal.com\/nl\/wp-json\/wp\/v2\/posts\/75051","targetHints":{"allow":["GET"]}}],"collection":[{"href":"https:\/\/transportjournal.com\/nl\/wp-json\/wp\/v2\/posts"}],"about":[{"href":"https:\/\/transportjournal.com\/nl\/wp-json\/wp\/v2\/types\/post"}],"author":[{"embeddable":true,"href":"https:\/\/transportjournal.com\/nl\/wp-json\/wp\/v2\/users\/12"}],"replies":[{"embeddable":true,"href":"https:\/\/transportjournal.com\/nl\/wp-json\/wp\/v2\/comments?post=75051"}],"version-history":[{"count":0,"href":"https:\/\/transportjournal.com\/nl\/wp-json\/wp\/v2\/posts\/75051\/revisions"}],"wp:featuredmedia":[{"embeddable":true,"href":"https:\/\/transportjournal.com\/nl\/wp-json\/wp\/v2\/media\/75045"}],"wp:attachment":[{"href":"https:\/\/transportjournal.com\/nl\/wp-json\/wp\/v2\/media?parent=75051"}],"wp:term":[{"taxonomy":"category","embeddable":true,"href":"https:\/\/transportjournal.com\/nl\/wp-json\/wp\/v2\/categories?post=75051"},{"taxonomy":"post_tag","embeddable":true,"href":"https:\/\/transportjournal.com\/nl\/wp-json\/wp\/v2\/tags?post=75051"}],"curies":[{"name":"wp","href":"https:\/\/api.w.org\/{rel}","templated":true}]}}