{"id":75027,"date":"2026-01-29T08:29:29","date_gmt":"2026-01-29T08:29:29","guid":{"rendered":"https:\/\/transportjournal.com\/2026\/01\/29\/air-charter-service-breidt-aanwezigheid-in-brisbane-uit\/"},"modified":"2026-01-29T08:29:29","modified_gmt":"2026-01-29T08:29:29","slug":"air-charter-service-breidt-aanwezigheid-in-brisbane-uit","status":"publish","type":"post","link":"https:\/\/transportjournal.com\/nl\/2026\/01\/29\/air-charter-service-breidt-aanwezigheid-in-brisbane-uit\/","title":{"rendered":"Air Charter Service breidt aanwezigheid in Brisbane uit"},"content":{"rendered":"<p>Air Charter Service heeft zijn aanwezigheid in Australi\u00eb verder uitgebreid met de opening van een nieuw kantoor in Brisbane. Dit kantoor is meer dan vier keer zo groot als de vorige werkplek van het team. De uitbreiding vindt plaats slechts zes maanden na de opening van een kantoor in Perth.<\/p>\n<p>Melissa Rogers, Charter Sales Director van Air Charter Service in Brisbane, sprak zich uit over de ontwikkelingen: \u201eIn de vier jaar sinds Matthew Haigh en ik ons kantoor hier hebben geopend, hebben we een opmerkelijke groei doorgemaakt en beschikken we nu over een gestaag groeiend team van bijna 20 personen.\u201c<\/p>\n<p>De cijfers bevestigen het succes van het bedrijf: afgelopen jaar is het aantal chartervluchten meer dan verdubbeld in vergelijking met de resultaten van 2024. Bovendien heeft Air Charter Service verschillende nieuwe FIFO (Fly In, Fly Out) contracten gewonnen met belangrijke klanten, wat de groeiende reputatie van het bedrijf in de regio onderstreept.<\/p>\n<h3>Strategische locatiekeuze en toekomstperspectieven<\/h3>\n<p>Het nieuwe kantoor bevindt zich in de James Street wijk in Fortitude Valley, Brisbane, en biedt voldoende ruimte om de groeiplannen van het bedrijf voor de komende jaren te realiseren. Rogers benadrukt: \u201eDit is een spannende tijd voor Air Charter Service in Australi\u00eb, aangezien we ons succes verder willen uitbreiden en onze teams hier in Brisbane, evenals de bestaande operaties in Sydney en Perth, willen uitbreiden.\u201c<\/p>\n<p>Air Charter Service is een wereldwijd actieve vliegtuigcharter-broker met 40 kantoren op zes continenten. Het bedrijf organiseert jaarlijks meer dan 35.000 vluchten en genereert al vijf jaar een omzet van meer dan 1 miljard USD. Het werd in 1990 opgericht door Chris en Tina Leach. Tegenwoordig heeft het bedrijf wereldwijd meer dan 750 medewerkers.<\/p>\n<p>&nbsp;<\/p>\n<p><a href=\"https:\/\/www.aircharterservice.com\/\" target=\"_blank\" rel=\"noopener noreferrer\">www.aircharterservice.com<\/a><\/p>\n<p>&nbsp;<\/p>\n","protected":false},"excerpt":{"rendered":"<p>Air Charter Service heeft een nieuw, groot kantoor geopend in Brisbane om de groei van het bedrijf en de uitbreiding in Australi\u00eb verder te bevorderen.<\/p>\n","protected":false},"author":12,"featured_media":75021,"comment_status":"open","ping_status":"open","sticky":false,"template":"","format":"standard","meta":{"_acf_changed":false,"footnotes":""},"categories":[1598,1594,1591],"tags":[10833,10834,7581,10835,10836,10837,6438,10838,6439,10839,10840,10841,10842,6305,3739,4281,4282,10843,10844,10845,10846,7594,10847,10848,10849,10850,2125,3745,2075,10851,10852,2469,1831,10853,3252,9220,9221,4298,9227,10854,4031,10855,10856,10857,10858,10859,2155,1837,5621,10860,10861],"class_list":["post-75027","post","type-post","status-publish","format-standard","has-post-thumbnail","hentry","category-azie-stille-oceaan","category-luchtvracht","category-mensen-bedrijven","tag-affretement-davions","tag-air-transport-market-francais-air-charter-service","tag-aircraft-charter","tag-augmentation-des-revenus","tag-aviation-internationale","tag-brisbane","tag-charter-flights","tag-charter-sales-director","tag-charterfluege","tag-choix-strategique-de-localisation","tag-contrats-fifo","tag-croissance-de-lequipe","tag-croissance-en-australie","tag-deutsch-air-charter-service","tag-developpement-des-infrastructures","tag-digitalisierung-in-der-luftfahrt","tag-digitalization-in-aviation","tag-directeur-des-ventes-charter","tag-expansion-mondiale","tag-fifo-contracts","tag-fifo-vertraege","tag-flugzeugcharter","tag-fortitude-valley","tag-global-expansion","tag-globale-expansion","tag-growth-in-australia","tag-industrie-du-transport","tag-infrastructure-development","tag-infrastrukturentwicklung","tag-international-aviation","tag-internationale-luftfahrt","tag-logistics-service-provider","tag-logistikdienstleister","tag-luftverkehrsmarkt-english-air-charter-service","tag-marche-du-transport-aerien","tag-market-share","tag-marktanteil","tag-numerisation-dans-laviation","tag-part-de-marche","tag-perth","tag-prestataire-de-services-logistiques","tag-revenue-increase","tag-strategic-location-choice","tag-strategische-standortwahl","tag-team-growth","tag-teamwachstum","tag-transport-industry","tag-transportwirtschaft","tag-umsatzsteigerung","tag-vols-charters","tag-wachstum-in-australien"],"acf":[],"yoast_head":"<!-- This site is optimized with the Yoast SEO plugin v27.3 - https:\/\/yoast.com\/product\/yoast-seo-wordpress\/ -->\n<title>Air Charter Service breidt aanwezigheid in Brisbane uit - ITJ | International Transport Journal<\/title>\n<meta name=\"robots\" content=\"index, follow, max-snippet:-1, max-image-preview:large, max-video-preview:-1\" \/>\n<link rel=\"canonical\" href=\"https:\/\/transportjournal.com\/nl\/2026\/01\/29\/air-charter-service-breidt-aanwezigheid-in-brisbane-uit\/\" \/>\n<meta property=\"og:locale\" content=\"nl_NL\" \/>\n<meta property=\"og:type\" content=\"article\" \/>\n<meta property=\"og:title\" content=\"Air Charter Service breidt aanwezigheid in Brisbane uit - ITJ | International Transport Journal\" \/>\n<meta property=\"og:description\" content=\"Air Charter Service heeft een nieuw, groot kantoor geopend in Brisbane om de groei van het bedrijf en de uitbreiding in Australi\u00eb verder te bevorderen.\" \/>\n<meta property=\"og:url\" content=\"https:\/\/transportjournal.com\/nl\/2026\/01\/29\/air-charter-service-breidt-aanwezigheid-in-brisbane-uit\/\" \/>\n<meta property=\"og:site_name\" content=\"ITJ | International Transport Journal\" \/>\n<meta property=\"article:published_time\" content=\"2026-01-29T08:29:29+00:00\" \/>\n<meta property=\"og:image\" content=\"https:\/\/transportjournal.com\/wp-content\/uploads\/sites\/2\/2026\/01\/BNE-office-team-photo-scaled-aspect-ratio-1400-788-scaled-1.jpg\" \/>\n\t<meta property=\"og:image:width\" content=\"2560\" \/>\n\t<meta property=\"og:image:height\" content=\"1441\" \/>\n\t<meta property=\"og:image:type\" content=\"image\/jpeg\" \/>\n<meta name=\"author\" content=\"Andreas Haug\" \/>\n<meta name=\"twitter:card\" content=\"summary_large_image\" \/>\n<meta name=\"twitter:label1\" content=\"Geschreven door\" \/>\n\t<meta name=\"twitter:data1\" content=\"Andreas Haug\" \/>\n\t<meta name=\"twitter:label2\" content=\"Geschatte leestijd\" \/>\n\t<meta name=\"twitter:data2\" content=\"1 minuut\" \/>\n<script type=\"application\/ld+json\" class=\"yoast-schema-graph\">{\"@context\":\"https:\\\/\\\/schema.org\",\"@graph\":[{\"@type\":\"Article\",\"@id\":\"https:\\\/\\\/transportjournal.com\\\/nl\\\/2026\\\/01\\\/29\\\/air-charter-service-breidt-aanwezigheid-in-brisbane-uit\\\/#article\",\"isPartOf\":{\"@id\":\"https:\\\/\\\/transportjournal.com\\\/nl\\\/2026\\\/01\\\/29\\\/air-charter-service-breidt-aanwezigheid-in-brisbane-uit\\\/\"},\"author\":{\"name\":\"Andreas Haug\",\"@id\":\"https:\\\/\\\/transportjournal.com\\\/nl\\\/#\\\/schema\\\/person\\\/cf538b3157f15afd7589245a4b3dbd25\"},\"headline\":\"Air Charter Service breidt aanwezigheid in Brisbane uit\",\"datePublished\":\"2026-01-29T08:29:29+00:00\",\"mainEntityOfPage\":{\"@id\":\"https:\\\/\\\/transportjournal.com\\\/nl\\\/2026\\\/01\\\/29\\\/air-charter-service-breidt-aanwezigheid-in-brisbane-uit\\\/\"},\"wordCount\":282,\"commentCount\":0,\"publisher\":{\"@id\":\"https:\\\/\\\/transportjournal.com\\\/nl\\\/#organization\"},\"image\":{\"@id\":\"https:\\\/\\\/transportjournal.com\\\/nl\\\/2026\\\/01\\\/29\\\/air-charter-service-breidt-aanwezigheid-in-brisbane-uit\\\/#primaryimage\"},\"thumbnailUrl\":\"https:\\\/\\\/transportjournal.com\\\/wp-content\\\/uploads\\\/sites\\\/2\\\/2026\\\/01\\\/BNE-office-team-photo-scaled-aspect-ratio-1400-788-scaled-1.jpg\",\"keywords\":[\"affr\u00e8tement d'avions\",\"air transport market Fran\u00e7ais Air Charter Service\",\"aircraft charter\",\"augmentation des revenus\",\"aviation internationale\",\"Brisbane\",\"charter flights\",\"Charter Sales Director\",\"Charterfl\u00fcge\",\"choix strat\u00e9gique de localisation\",\"contrats FIFO\",\"croissance de l'\u00e9quipe\",\"croissance en Australie\",\"Deutsch Air Charter Service\",\"d\u00e9veloppement des infrastructures\",\"Digitalisierung in der Luftfahrt\",\"digitalization in aviation\",\"directeur des ventes charter\",\"expansion mondiale\",\"FIFO contracts\",\"FIFO Vertr\u00e4ge\",\"Flugzeugcharter\",\"Fortitude Valley\",\"global expansion\",\"globale Expansion\",\"growth in Australia\",\"industrie du transport\",\"infrastructure development\",\"Infrastrukturentwicklung\",\"international aviation\",\"internationale Luftfahrt\",\"logistics service provider\",\"Logistikdienstleister\",\"Luftverkehrsmarkt English Air Charter Service\",\"march\u00e9 du transport a\u00e9rien\",\"market share\",\"Marktanteil\",\"num\u00e9risation dans l'aviation\",\"part de march\u00e9\",\"Perth\",\"prestataire de services logistiques\",\"revenue increase\",\"strategic location choice\",\"strategische Standortwahl\",\"team growth\",\"Teamwachstum\",\"transport industry\",\"Transportwirtschaft\",\"Umsatzsteigerung\",\"vols charters\",\"Wachstum in Australien\"],\"articleSection\":[\"Azi\u00eb\\\/Stille Oceaan\",\"Luchtvracht\",\"Mensen &amp; Bedrijven\"],\"inLanguage\":\"nl-NL\",\"potentialAction\":[{\"@type\":\"CommentAction\",\"name\":\"Comment\",\"target\":[\"https:\\\/\\\/transportjournal.com\\\/nl\\\/2026\\\/01\\\/29\\\/air-charter-service-breidt-aanwezigheid-in-brisbane-uit\\\/#respond\"]}]},{\"@type\":\"WebPage\",\"@id\":\"https:\\\/\\\/transportjournal.com\\\/nl\\\/2026\\\/01\\\/29\\\/air-charter-service-breidt-aanwezigheid-in-brisbane-uit\\\/\",\"url\":\"https:\\\/\\\/transportjournal.com\\\/nl\\\/2026\\\/01\\\/29\\\/air-charter-service-breidt-aanwezigheid-in-brisbane-uit\\\/\",\"name\":\"Air Charter Service breidt aanwezigheid in Brisbane uit - ITJ | International Transport Journal\",\"isPartOf\":{\"@id\":\"https:\\\/\\\/transportjournal.com\\\/nl\\\/#website\"},\"primaryImageOfPage\":{\"@id\":\"https:\\\/\\\/transportjournal.com\\\/nl\\\/2026\\\/01\\\/29\\\/air-charter-service-breidt-aanwezigheid-in-brisbane-uit\\\/#primaryimage\"},\"image\":{\"@id\":\"https:\\\/\\\/transportjournal.com\\\/nl\\\/2026\\\/01\\\/29\\\/air-charter-service-breidt-aanwezigheid-in-brisbane-uit\\\/#primaryimage\"},\"thumbnailUrl\":\"https:\\\/\\\/transportjournal.com\\\/wp-content\\\/uploads\\\/sites\\\/2\\\/2026\\\/01\\\/BNE-office-team-photo-scaled-aspect-ratio-1400-788-scaled-1.jpg\",\"datePublished\":\"2026-01-29T08:29:29+00:00\",\"breadcrumb\":{\"@id\":\"https:\\\/\\\/transportjournal.com\\\/nl\\\/2026\\\/01\\\/29\\\/air-charter-service-breidt-aanwezigheid-in-brisbane-uit\\\/#breadcrumb\"},\"inLanguage\":\"nl-NL\",\"potentialAction\":[{\"@type\":\"ReadAction\",\"target\":[\"https:\\\/\\\/transportjournal.com\\\/nl\\\/2026\\\/01\\\/29\\\/air-charter-service-breidt-aanwezigheid-in-brisbane-uit\\\/\"]}]},{\"@type\":\"ImageObject\",\"inLanguage\":\"nl-NL\",\"@id\":\"https:\\\/\\\/transportjournal.com\\\/nl\\\/2026\\\/01\\\/29\\\/air-charter-service-breidt-aanwezigheid-in-brisbane-uit\\\/#primaryimage\",\"url\":\"https:\\\/\\\/transportjournal.com\\\/wp-content\\\/uploads\\\/sites\\\/2\\\/2026\\\/01\\\/BNE-office-team-photo-scaled-aspect-ratio-1400-788-scaled-1.jpg\",\"contentUrl\":\"https:\\\/\\\/transportjournal.com\\\/wp-content\\\/uploads\\\/sites\\\/2\\\/2026\\\/01\\\/BNE-office-team-photo-scaled-aspect-ratio-1400-788-scaled-1.jpg\",\"width\":2560,\"height\":1441},{\"@type\":\"BreadcrumbList\",\"@id\":\"https:\\\/\\\/transportjournal.com\\\/nl\\\/2026\\\/01\\\/29\\\/air-charter-service-breidt-aanwezigheid-in-brisbane-uit\\\/#breadcrumb\",\"itemListElement\":[{\"@type\":\"ListItem\",\"position\":1,\"name\":\"Startseite\",\"item\":\"https:\\\/\\\/transportjournal.com\\\/nl\\\/\"},{\"@type\":\"ListItem\",\"position\":2,\"name\":\"Air Charter Service breidt aanwezigheid in Brisbane uit\"}]},{\"@type\":\"WebSite\",\"@id\":\"https:\\\/\\\/transportjournal.com\\\/nl\\\/#website\",\"url\":\"https:\\\/\\\/transportjournal.com\\\/nl\\\/\",\"name\":\"ITJ | International Transport Journal\",\"description\":\"Stay informed with the latest global news from the transport, logistics, and supply chain industries. Transport Journal delivers expert insights, analysis, and updates across shipping, aviation, intermodal, and forwarding.\",\"publisher\":{\"@id\":\"https:\\\/\\\/transportjournal.com\\\/nl\\\/#organization\"},\"potentialAction\":[{\"@type\":\"SearchAction\",\"target\":{\"@type\":\"EntryPoint\",\"urlTemplate\":\"https:\\\/\\\/transportjournal.com\\\/nl\\\/?s={search_term_string}\"},\"query-input\":{\"@type\":\"PropertyValueSpecification\",\"valueRequired\":true,\"valueName\":\"search_term_string\"}}],\"inLanguage\":\"nl-NL\"},{\"@type\":\"Organization\",\"@id\":\"https:\\\/\\\/transportjournal.com\\\/nl\\\/#organization\",\"name\":\"Logismedia Groep AG\",\"alternateName\":\"Logismedia Group AG\",\"url\":\"https:\\\/\\\/transportjournal.com\\\/nl\\\/\",\"logo\":{\"@type\":\"ImageObject\",\"inLanguage\":\"nl-NL\",\"@id\":\"https:\\\/\\\/transportjournal.com\\\/nl\\\/#\\\/schema\\\/logo\\\/image\\\/\",\"url\":\"https:\\\/\\\/transportjournal.com\\\/wp-content\\\/uploads\\\/sites\\\/2\\\/2025\\\/09\\\/Logo_ITJ.png\",\"contentUrl\":\"https:\\\/\\\/transportjournal.com\\\/wp-content\\\/uploads\\\/sites\\\/2\\\/2025\\\/09\\\/Logo_ITJ.png\",\"width\":799,\"height\":326,\"caption\":\"Logismedia Groep AG\"},\"image\":{\"@id\":\"https:\\\/\\\/transportjournal.com\\\/nl\\\/#\\\/schema\\\/logo\\\/image\\\/\"},\"sameAs\":[\"https:\\\/\\\/www.linkedin.com\\\/company\\\/56456496\\\/admin\\\/dashboard\\\/\",\"https:\\\/\\\/www.instagram.com\\\/logismediagroup\\\/\",\"https:\\\/\\\/www.youtube.com\\\/@LogiamediaGroupAG\"]},{\"@type\":\"Person\",\"@id\":\"https:\\\/\\\/transportjournal.com\\\/nl\\\/#\\\/schema\\\/person\\\/cf538b3157f15afd7589245a4b3dbd25\",\"name\":\"Andreas Haug\",\"url\":\"https:\\\/\\\/transportjournal.com\\\/nl\\\/author\\\/andreas\\\/\"}]}<\/script>\n<!-- \/ Yoast SEO plugin. -->","yoast_head_json":{"title":"Air Charter Service breidt aanwezigheid in Brisbane uit - ITJ | International Transport Journal","robots":{"index":"index","follow":"follow","max-snippet":"max-snippet:-1","max-image-preview":"max-image-preview:large","max-video-preview":"max-video-preview:-1"},"canonical":"https:\/\/transportjournal.com\/nl\/2026\/01\/29\/air-charter-service-breidt-aanwezigheid-in-brisbane-uit\/","og_locale":"nl_NL","og_type":"article","og_title":"Air Charter Service breidt aanwezigheid in Brisbane uit - ITJ | International Transport Journal","og_description":"Air Charter Service heeft een nieuw, groot kantoor geopend in Brisbane om de groei van het bedrijf en de uitbreiding in Australi\u00eb verder te bevorderen.","og_url":"https:\/\/transportjournal.com\/nl\/2026\/01\/29\/air-charter-service-breidt-aanwezigheid-in-brisbane-uit\/","og_site_name":"ITJ | International Transport Journal","article_published_time":"2026-01-29T08:29:29+00:00","og_image":[{"width":2560,"height":1441,"url":"https:\/\/transportjournal.com\/wp-content\/uploads\/sites\/2\/2026\/01\/BNE-office-team-photo-scaled-aspect-ratio-1400-788-scaled-1.jpg","type":"image\/jpeg"}],"author":"Andreas Haug","twitter_card":"summary_large_image","twitter_misc":{"Geschreven door":"Andreas Haug","Geschatte leestijd":"1 minuut"},"schema":{"@context":"https:\/\/schema.org","@graph":[{"@type":"Article","@id":"https:\/\/transportjournal.com\/nl\/2026\/01\/29\/air-charter-service-breidt-aanwezigheid-in-brisbane-uit\/#article","isPartOf":{"@id":"https:\/\/transportjournal.com\/nl\/2026\/01\/29\/air-charter-service-breidt-aanwezigheid-in-brisbane-uit\/"},"author":{"name":"Andreas Haug","@id":"https:\/\/transportjournal.com\/nl\/#\/schema\/person\/cf538b3157f15afd7589245a4b3dbd25"},"headline":"Air Charter Service breidt aanwezigheid in Brisbane uit","datePublished":"2026-01-29T08:29:29+00:00","mainEntityOfPage":{"@id":"https:\/\/transportjournal.com\/nl\/2026\/01\/29\/air-charter-service-breidt-aanwezigheid-in-brisbane-uit\/"},"wordCount":282,"commentCount":0,"publisher":{"@id":"https:\/\/transportjournal.com\/nl\/#organization"},"image":{"@id":"https:\/\/transportjournal.com\/nl\/2026\/01\/29\/air-charter-service-breidt-aanwezigheid-in-brisbane-uit\/#primaryimage"},"thumbnailUrl":"https:\/\/transportjournal.com\/wp-content\/uploads\/sites\/2\/2026\/01\/BNE-office-team-photo-scaled-aspect-ratio-1400-788-scaled-1.jpg","keywords":["affr\u00e8tement d'avions","air transport market Fran\u00e7ais Air Charter Service","aircraft charter","augmentation des revenus","aviation internationale","Brisbane","charter flights","Charter Sales Director","Charterfl\u00fcge","choix strat\u00e9gique de localisation","contrats FIFO","croissance de l'\u00e9quipe","croissance en Australie","Deutsch Air Charter Service","d\u00e9veloppement des infrastructures","Digitalisierung in der Luftfahrt","digitalization in aviation","directeur des ventes charter","expansion mondiale","FIFO contracts","FIFO Vertr\u00e4ge","Flugzeugcharter","Fortitude Valley","global expansion","globale Expansion","growth in Australia","industrie du transport","infrastructure development","Infrastrukturentwicklung","international aviation","internationale Luftfahrt","logistics service provider","Logistikdienstleister","Luftverkehrsmarkt English Air Charter Service","march\u00e9 du transport a\u00e9rien","market share","Marktanteil","num\u00e9risation dans l'aviation","part de march\u00e9","Perth","prestataire de services logistiques","revenue increase","strategic location choice","strategische Standortwahl","team growth","Teamwachstum","transport industry","Transportwirtschaft","Umsatzsteigerung","vols charters","Wachstum in Australien"],"articleSection":["Azi\u00eb\/Stille Oceaan","Luchtvracht","Mensen &amp; Bedrijven"],"inLanguage":"nl-NL","potentialAction":[{"@type":"CommentAction","name":"Comment","target":["https:\/\/transportjournal.com\/nl\/2026\/01\/29\/air-charter-service-breidt-aanwezigheid-in-brisbane-uit\/#respond"]}]},{"@type":"WebPage","@id":"https:\/\/transportjournal.com\/nl\/2026\/01\/29\/air-charter-service-breidt-aanwezigheid-in-brisbane-uit\/","url":"https:\/\/transportjournal.com\/nl\/2026\/01\/29\/air-charter-service-breidt-aanwezigheid-in-brisbane-uit\/","name":"Air Charter Service breidt aanwezigheid in Brisbane uit - ITJ | International Transport Journal","isPartOf":{"@id":"https:\/\/transportjournal.com\/nl\/#website"},"primaryImageOfPage":{"@id":"https:\/\/transportjournal.com\/nl\/2026\/01\/29\/air-charter-service-breidt-aanwezigheid-in-brisbane-uit\/#primaryimage"},"image":{"@id":"https:\/\/transportjournal.com\/nl\/2026\/01\/29\/air-charter-service-breidt-aanwezigheid-in-brisbane-uit\/#primaryimage"},"thumbnailUrl":"https:\/\/transportjournal.com\/wp-content\/uploads\/sites\/2\/2026\/01\/BNE-office-team-photo-scaled-aspect-ratio-1400-788-scaled-1.jpg","datePublished":"2026-01-29T08:29:29+00:00","breadcrumb":{"@id":"https:\/\/transportjournal.com\/nl\/2026\/01\/29\/air-charter-service-breidt-aanwezigheid-in-brisbane-uit\/#breadcrumb"},"inLanguage":"nl-NL","potentialAction":[{"@type":"ReadAction","target":["https:\/\/transportjournal.com\/nl\/2026\/01\/29\/air-charter-service-breidt-aanwezigheid-in-brisbane-uit\/"]}]},{"@type":"ImageObject","inLanguage":"nl-NL","@id":"https:\/\/transportjournal.com\/nl\/2026\/01\/29\/air-charter-service-breidt-aanwezigheid-in-brisbane-uit\/#primaryimage","url":"https:\/\/transportjournal.com\/wp-content\/uploads\/sites\/2\/2026\/01\/BNE-office-team-photo-scaled-aspect-ratio-1400-788-scaled-1.jpg","contentUrl":"https:\/\/transportjournal.com\/wp-content\/uploads\/sites\/2\/2026\/01\/BNE-office-team-photo-scaled-aspect-ratio-1400-788-scaled-1.jpg","width":2560,"height":1441},{"@type":"BreadcrumbList","@id":"https:\/\/transportjournal.com\/nl\/2026\/01\/29\/air-charter-service-breidt-aanwezigheid-in-brisbane-uit\/#breadcrumb","itemListElement":[{"@type":"ListItem","position":1,"name":"Startseite","item":"https:\/\/transportjournal.com\/nl\/"},{"@type":"ListItem","position":2,"name":"Air Charter Service breidt aanwezigheid in Brisbane uit"}]},{"@type":"WebSite","@id":"https:\/\/transportjournal.com\/nl\/#website","url":"https:\/\/transportjournal.com\/nl\/","name":"ITJ | International Transport Journal","description":"Stay informed with the latest global news from the transport, logistics, and supply chain industries. Transport Journal delivers expert insights, analysis, and updates across shipping, aviation, intermodal, and forwarding.","publisher":{"@id":"https:\/\/transportjournal.com\/nl\/#organization"},"potentialAction":[{"@type":"SearchAction","target":{"@type":"EntryPoint","urlTemplate":"https:\/\/transportjournal.com\/nl\/?s={search_term_string}"},"query-input":{"@type":"PropertyValueSpecification","valueRequired":true,"valueName":"search_term_string"}}],"inLanguage":"nl-NL"},{"@type":"Organization","@id":"https:\/\/transportjournal.com\/nl\/#organization","name":"Logismedia Groep AG","alternateName":"Logismedia Group AG","url":"https:\/\/transportjournal.com\/nl\/","logo":{"@type":"ImageObject","inLanguage":"nl-NL","@id":"https:\/\/transportjournal.com\/nl\/#\/schema\/logo\/image\/","url":"https:\/\/transportjournal.com\/wp-content\/uploads\/sites\/2\/2025\/09\/Logo_ITJ.png","contentUrl":"https:\/\/transportjournal.com\/wp-content\/uploads\/sites\/2\/2025\/09\/Logo_ITJ.png","width":799,"height":326,"caption":"Logismedia Groep AG"},"image":{"@id":"https:\/\/transportjournal.com\/nl\/#\/schema\/logo\/image\/"},"sameAs":["https:\/\/www.linkedin.com\/company\/56456496\/admin\/dashboard\/","https:\/\/www.instagram.com\/logismediagroup\/","https:\/\/www.youtube.com\/@LogiamediaGroupAG"]},{"@type":"Person","@id":"https:\/\/transportjournal.com\/nl\/#\/schema\/person\/cf538b3157f15afd7589245a4b3dbd25","name":"Andreas Haug","url":"https:\/\/transportjournal.com\/nl\/author\/andreas\/"}]}},"_links":{"self":[{"href":"https:\/\/transportjournal.com\/nl\/wp-json\/wp\/v2\/posts\/75027","targetHints":{"allow":["GET"]}}],"collection":[{"href":"https:\/\/transportjournal.com\/nl\/wp-json\/wp\/v2\/posts"}],"about":[{"href":"https:\/\/transportjournal.com\/nl\/wp-json\/wp\/v2\/types\/post"}],"author":[{"embeddable":true,"href":"https:\/\/transportjournal.com\/nl\/wp-json\/wp\/v2\/users\/12"}],"replies":[{"embeddable":true,"href":"https:\/\/transportjournal.com\/nl\/wp-json\/wp\/v2\/comments?post=75027"}],"version-history":[{"count":0,"href":"https:\/\/transportjournal.com\/nl\/wp-json\/wp\/v2\/posts\/75027\/revisions"}],"wp:featuredmedia":[{"embeddable":true,"href":"https:\/\/transportjournal.com\/nl\/wp-json\/wp\/v2\/media\/75021"}],"wp:attachment":[{"href":"https:\/\/transportjournal.com\/nl\/wp-json\/wp\/v2\/media?parent=75027"}],"wp:term":[{"taxonomy":"category","embeddable":true,"href":"https:\/\/transportjournal.com\/nl\/wp-json\/wp\/v2\/categories?post=75027"},{"taxonomy":"post_tag","embeddable":true,"href":"https:\/\/transportjournal.com\/nl\/wp-json\/wp\/v2\/tags?post=75027"}],"curies":[{"name":"wp","href":"https:\/\/api.w.org\/{rel}","templated":true}]}}