{"id":74960,"date":"2026-01-28T15:26:59","date_gmt":"2026-01-28T15:26:59","guid":{"rendered":"https:\/\/transportjournal.com\/2026\/01\/28\/nfi-haalt-melissa-curry-terug\/"},"modified":"2026-01-28T15:26:59","modified_gmt":"2026-01-28T15:26:59","slug":"nfi-haalt-melissa-curry-terug","status":"publish","type":"post","link":"https:\/\/transportjournal.com\/nl\/2026\/01\/28\/nfi-haalt-melissa-curry-terug\/","title":{"rendered":"NFI haalt Melissa Curry terug"},"content":{"rendered":"<p>NFI heeft Melissa Curry teruggehaald als Vice President of Global. In haar nieuwe rol zal ze de Global Freight Forwarding-afdeling leiden en direct samenwerken met de huidige operators. Curry brengt uitgebreide ervaring in de logistieke sector mee, die ze heeft opgedaan in verschillende leidinggevende functies. Haar expertise omvat het opbouwen en opschalen van complexe logistieke en fulfillment-operaties, inclusief het leiden van projecten die van nul tot volledige operationele capaciteit reiken.<\/p>\n<p>Brian Webb, president van de Port Services van NFI, sprak positief over de terugkeer van Curry: &#8222;Melissa is een hooggewaardeerde operationele leider, wiens expertise en diepgaande begrip van wereldwijde toeleveringsketens ten goede zullen komen aan onze Port Services-afdeling.&#8220; Webb benadrukte dat haar systematische en uitvoeringsgerichte aanpak bij het implementeren van strategie\u00ebn de ervaring van de verzenders verder zal verbeteren.<\/p>\n<p>Curry heeft eerder als hoofd van de programma&#8217;s bij Stord gewerkt en was VP voor Fulfillment Operations bij Nimble Robotics, waar ze de strategie en uitvoering voor verschillende moderne fulfillment-centra leidde. Haar carri\u00e8re bij NFI begon ze als Regionale VP voor Operations bij NFI California Cartage. Daarnaast is ze lid van de raad van bestuur van Girls on the Run Los Angeles en heeft ze een Bachelor of Science in Management &amp; International Business van de Villanova University, evenals een MBA van de Pepperdine University behaald. Haar verdere opleiding in leiderschapsvaardigheden voltooide ze aan de Stanford Graduate School of Business.<\/p>\n<p>NFI is een ge\u00efntegreerde aanbieder van oplossingen voor de Noord-Amerikaanse toeleveringsketen met het hoofdkantoor in Camden, New Jersey. Het bedrijf, dat sinds 1932 in familiebezit is van de Browns, genereert een jaarlijkse omzet van meer dan 3,6 miljard USD en heeft meer dan 18.000 medewerkers in dienst. NFI beheert meer dan 6,78 miljoen m\u00b2 aan opslagruimte en beschikt over een vloot van 5.000 trekkers en 14.000 aanhangers. De diensten van het bedrijf omvatten onder andere dedicated transport, opslag, e-commerce fulfillment en wereldwijde logistieke oplossingen.<\/p>\n<p>&nbsp;<\/p>\n<p><a href=\"https:\/\/www.nfiindustries.com\/\" target=\"_blank\" rel=\"noopener noreferrer\">www.nfiindustries.com<\/a><\/p>\n<p>&nbsp;<\/p>\n","protected":false},"excerpt":{"rendered":"<p>NFI heeft Melissa Curry teruggehaald als Vice President of Global Freight Forwarding om haar uitgebreide logistieke expertise in de afdeling in te brengen.<\/p>\n","protected":false},"author":12,"featured_media":74954,"comment_status":"open","ping_status":"open","sticky":false,"template":"","format":"standard","meta":{"_acf_changed":false,"footnotes":""},"categories":[1602,1593,1592,1591],"tags":[10805,10806,10807,3739,2115,2116,10808,2221,1889,10809,10810,10811,2123,10812,10813,10814,10815,10816,2910,3745,2075,10561,2225,10817,10818,2918,4028,2135,1855,2622,10819,10820,1800,10821,10822,3157,10823,10824,10825,2232,10826,10827,10828,4035,10829,10830,2106,2641,10831,10832,4632,2249],"class_list":["post-74960","post","type-post","status-publish","format-standard","has-post-thumbnail","hentry","category-amerika","category-expeditie-logistiek","category-intermodaal-weg","category-mensen-bedrijven","tag-camden-new-jersey","tag-chaine-dapprovisionnement-nord-americaine","tag-deutsch-nfi","tag-developpement-des-infrastructures","tag-digitalisierung-in-der-logistik","tag-digitalization-in-logistics","tag-e-commerce-fulfillment","tag-entreposage","tag-fachkraeftemangel","tag-fulfillment-e-commerce","tag-fulfillment-operations","tag-fulfillment-operationen","tag-gestion-de-la-chaine-dapprovisionnement","tag-gestion-de-projet-en-logistique","tag-global-freight-forwarding","tag-global-transportation-industry","tag-globale-transportwirtschaft","tag-industrie-du-transport-mondial","tag-industrie-logistique","tag-infrastructure-development","tag-infrastrukturentwicklung","tag-labor-shortage","tag-lagerhaltung","tag-leadership-operationnel","tag-lieferkettenmanagement","tag-logistics-industry","tag-logistics-solutions","tag-logistikbranche","tag-logistikloesungen","tag-logistique-durable","tag-melissa-curry","tag-mise-en-oeuvre-strategique","tag-nachhaltige-logistik","tag-nordamerikanische-lieferkette","tag-north-american-supply-chain","tag-numerisation-dans-la-logistique","tag-operational-leadership","tag-operations-de-fulfillment","tag-operative-fuehrungskraft","tag-penurie-de-main-doeuvre","tag-prestataires-de-transport","tag-project-management-in-logistics","tag-projektmanagement-in-der-logistik","tag-solutions-logistiques","tag-strategic-implementation-francais-nfi","tag-strategische-umsetzung-english-nfi","tag-supply-chain-management","tag-sustainable-logistics","tag-transport-de-fret-mondial","tag-transportation-providers","tag-transportdienstleister","tag-warehousing"],"acf":[],"yoast_head":"<!-- This site is optimized with the Yoast SEO plugin v27.3 - https:\/\/yoast.com\/product\/yoast-seo-wordpress\/ -->\n<title>NFI haalt Melissa Curry terug - ITJ | International Transport Journal<\/title>\n<meta name=\"robots\" content=\"index, follow, max-snippet:-1, max-image-preview:large, max-video-preview:-1\" \/>\n<link rel=\"canonical\" href=\"https:\/\/transportjournal.com\/nl\/2026\/01\/28\/nfi-haalt-melissa-curry-terug\/\" \/>\n<meta property=\"og:locale\" content=\"nl_NL\" \/>\n<meta property=\"og:type\" content=\"article\" \/>\n<meta property=\"og:title\" content=\"NFI haalt Melissa Curry terug - ITJ | International Transport Journal\" \/>\n<meta property=\"og:description\" content=\"NFI heeft Melissa Curry teruggehaald als Vice President of Global Freight Forwarding om haar uitgebreide logistieke expertise in de afdeling in te brengen.\" \/>\n<meta property=\"og:url\" content=\"https:\/\/transportjournal.com\/nl\/2026\/01\/28\/nfi-haalt-melissa-curry-terug\/\" \/>\n<meta property=\"og:site_name\" content=\"ITJ | International Transport Journal\" \/>\n<meta property=\"article:published_time\" content=\"2026-01-28T15:26:59+00:00\" \/>\n<meta property=\"og:image\" content=\"https:\/\/transportjournal.com\/wp-content\/uploads\/sites\/2\/2026\/01\/Melissa_Curry_Headshot-836x1024-1-aspect-ratio-1400-788.jpeg\" \/>\n\t<meta property=\"og:image:width\" content=\"836\" \/>\n\t<meta property=\"og:image:height\" content=\"470\" \/>\n\t<meta property=\"og:image:type\" content=\"image\/jpeg\" \/>\n<meta name=\"author\" content=\"Andreas Haug\" \/>\n<meta name=\"twitter:card\" content=\"summary_large_image\" \/>\n<meta name=\"twitter:label1\" content=\"Geschreven door\" \/>\n\t<meta name=\"twitter:data1\" content=\"Andreas Haug\" \/>\n\t<meta name=\"twitter:label2\" content=\"Geschatte leestijd\" \/>\n\t<meta name=\"twitter:data2\" content=\"2 minuut\" \/>\n<script type=\"application\/ld+json\" class=\"yoast-schema-graph\">{\"@context\":\"https:\\\/\\\/schema.org\",\"@graph\":[{\"@type\":\"Article\",\"@id\":\"https:\\\/\\\/transportjournal.com\\\/nl\\\/2026\\\/01\\\/28\\\/nfi-haalt-melissa-curry-terug\\\/#article\",\"isPartOf\":{\"@id\":\"https:\\\/\\\/transportjournal.com\\\/nl\\\/2026\\\/01\\\/28\\\/nfi-haalt-melissa-curry-terug\\\/\"},\"author\":{\"name\":\"Andreas Haug\",\"@id\":\"https:\\\/\\\/transportjournal.com\\\/nl\\\/#\\\/schema\\\/person\\\/cf538b3157f15afd7589245a4b3dbd25\"},\"headline\":\"NFI haalt Melissa Curry terug\",\"datePublished\":\"2026-01-28T15:26:59+00:00\",\"mainEntityOfPage\":{\"@id\":\"https:\\\/\\\/transportjournal.com\\\/nl\\\/2026\\\/01\\\/28\\\/nfi-haalt-melissa-curry-terug\\\/\"},\"wordCount\":321,\"commentCount\":0,\"publisher\":{\"@id\":\"https:\\\/\\\/transportjournal.com\\\/nl\\\/#organization\"},\"image\":{\"@id\":\"https:\\\/\\\/transportjournal.com\\\/nl\\\/2026\\\/01\\\/28\\\/nfi-haalt-melissa-curry-terug\\\/#primaryimage\"},\"thumbnailUrl\":\"https:\\\/\\\/transportjournal.com\\\/wp-content\\\/uploads\\\/sites\\\/2\\\/2026\\\/01\\\/Melissa_Curry_Headshot-836x1024-1-aspect-ratio-1400-788.jpeg\",\"keywords\":[\"Camden New Jersey\",\"cha\u00eene d'approvisionnement nord-am\u00e9ricaine\",\"Deutsch NFI\",\"d\u00e9veloppement des infrastructures\",\"Digitalisierung in der Logistik\",\"digitalization in logistics\",\"E-Commerce-Fulfillment\",\"entreposage\",\"Fachkr\u00e4ftemangel\",\"fulfillment e-commerce\",\"fulfillment operations\",\"Fulfillment-Operationen\",\"gestion de la cha\u00eene d'approvisionnement\",\"gestion de projet en logistique\",\"Global Freight Forwarding\",\"global transportation industry\",\"globale Transportwirtschaft\",\"industrie du transport mondial\",\"industrie logistique\",\"infrastructure development\",\"Infrastrukturentwicklung\",\"labor shortage\",\"Lagerhaltung\",\"leadership op\u00e9rationnel\",\"Lieferkettenmanagement\",\"logistics industry\",\"logistics solutions\",\"Logistikbranche\",\"Logistikl\u00f6sungen\",\"logistique durable\",\"Melissa Curry\",\"mise en \u0153uvre strat\u00e9gique\",\"nachhaltige Logistik\",\"nordamerikanische Lieferkette\",\"North American supply chain\",\"num\u00e9risation dans la logistique\",\"operational leadership\",\"op\u00e9rations de fulfillment\",\"operative F\u00fchrungskraft\",\"p\u00e9nurie de main-d'\u0153uvre\",\"prestataires de transport\",\"project management in logistics\",\"Projektmanagement in der Logistik\",\"solutions logistiques\",\"strategic implementation Fran\u00e7ais NFI\",\"strategische Umsetzung English NFI\",\"Supply Chain Management\",\"sustainable logistics\",\"transport de fret mondial\",\"transportation providers\",\"Transportdienstleister\",\"warehousing\"],\"articleSection\":[\"Amerika\",\"Expeditie &amp; Logistiek\",\"Intermodaal \\\/ Weg\",\"Mensen &amp; Bedrijven\"],\"inLanguage\":\"nl-NL\",\"potentialAction\":[{\"@type\":\"CommentAction\",\"name\":\"Comment\",\"target\":[\"https:\\\/\\\/transportjournal.com\\\/nl\\\/2026\\\/01\\\/28\\\/nfi-haalt-melissa-curry-terug\\\/#respond\"]}]},{\"@type\":\"WebPage\",\"@id\":\"https:\\\/\\\/transportjournal.com\\\/nl\\\/2026\\\/01\\\/28\\\/nfi-haalt-melissa-curry-terug\\\/\",\"url\":\"https:\\\/\\\/transportjournal.com\\\/nl\\\/2026\\\/01\\\/28\\\/nfi-haalt-melissa-curry-terug\\\/\",\"name\":\"NFI haalt Melissa Curry terug - ITJ | International Transport Journal\",\"isPartOf\":{\"@id\":\"https:\\\/\\\/transportjournal.com\\\/nl\\\/#website\"},\"primaryImageOfPage\":{\"@id\":\"https:\\\/\\\/transportjournal.com\\\/nl\\\/2026\\\/01\\\/28\\\/nfi-haalt-melissa-curry-terug\\\/#primaryimage\"},\"image\":{\"@id\":\"https:\\\/\\\/transportjournal.com\\\/nl\\\/2026\\\/01\\\/28\\\/nfi-haalt-melissa-curry-terug\\\/#primaryimage\"},\"thumbnailUrl\":\"https:\\\/\\\/transportjournal.com\\\/wp-content\\\/uploads\\\/sites\\\/2\\\/2026\\\/01\\\/Melissa_Curry_Headshot-836x1024-1-aspect-ratio-1400-788.jpeg\",\"datePublished\":\"2026-01-28T15:26:59+00:00\",\"breadcrumb\":{\"@id\":\"https:\\\/\\\/transportjournal.com\\\/nl\\\/2026\\\/01\\\/28\\\/nfi-haalt-melissa-curry-terug\\\/#breadcrumb\"},\"inLanguage\":\"nl-NL\",\"potentialAction\":[{\"@type\":\"ReadAction\",\"target\":[\"https:\\\/\\\/transportjournal.com\\\/nl\\\/2026\\\/01\\\/28\\\/nfi-haalt-melissa-curry-terug\\\/\"]}]},{\"@type\":\"ImageObject\",\"inLanguage\":\"nl-NL\",\"@id\":\"https:\\\/\\\/transportjournal.com\\\/nl\\\/2026\\\/01\\\/28\\\/nfi-haalt-melissa-curry-terug\\\/#primaryimage\",\"url\":\"https:\\\/\\\/transportjournal.com\\\/wp-content\\\/uploads\\\/sites\\\/2\\\/2026\\\/01\\\/Melissa_Curry_Headshot-836x1024-1-aspect-ratio-1400-788.jpeg\",\"contentUrl\":\"https:\\\/\\\/transportjournal.com\\\/wp-content\\\/uploads\\\/sites\\\/2\\\/2026\\\/01\\\/Melissa_Curry_Headshot-836x1024-1-aspect-ratio-1400-788.jpeg\",\"width\":836,\"height\":470},{\"@type\":\"BreadcrumbList\",\"@id\":\"https:\\\/\\\/transportjournal.com\\\/nl\\\/2026\\\/01\\\/28\\\/nfi-haalt-melissa-curry-terug\\\/#breadcrumb\",\"itemListElement\":[{\"@type\":\"ListItem\",\"position\":1,\"name\":\"Startseite\",\"item\":\"https:\\\/\\\/transportjournal.com\\\/nl\\\/\"},{\"@type\":\"ListItem\",\"position\":2,\"name\":\"NFI haalt Melissa Curry terug\"}]},{\"@type\":\"WebSite\",\"@id\":\"https:\\\/\\\/transportjournal.com\\\/nl\\\/#website\",\"url\":\"https:\\\/\\\/transportjournal.com\\\/nl\\\/\",\"name\":\"ITJ | International Transport Journal\",\"description\":\"Stay informed with the latest global news from the transport, logistics, and supply chain industries. Transport Journal delivers expert insights, analysis, and updates across shipping, aviation, intermodal, and forwarding.\",\"publisher\":{\"@id\":\"https:\\\/\\\/transportjournal.com\\\/nl\\\/#organization\"},\"potentialAction\":[{\"@type\":\"SearchAction\",\"target\":{\"@type\":\"EntryPoint\",\"urlTemplate\":\"https:\\\/\\\/transportjournal.com\\\/nl\\\/?s={search_term_string}\"},\"query-input\":{\"@type\":\"PropertyValueSpecification\",\"valueRequired\":true,\"valueName\":\"search_term_string\"}}],\"inLanguage\":\"nl-NL\"},{\"@type\":\"Organization\",\"@id\":\"https:\\\/\\\/transportjournal.com\\\/nl\\\/#organization\",\"name\":\"Logismedia Groep AG\",\"alternateName\":\"Logismedia Group AG\",\"url\":\"https:\\\/\\\/transportjournal.com\\\/nl\\\/\",\"logo\":{\"@type\":\"ImageObject\",\"inLanguage\":\"nl-NL\",\"@id\":\"https:\\\/\\\/transportjournal.com\\\/nl\\\/#\\\/schema\\\/logo\\\/image\\\/\",\"url\":\"https:\\\/\\\/transportjournal.com\\\/wp-content\\\/uploads\\\/sites\\\/2\\\/2025\\\/09\\\/Logo_ITJ.png\",\"contentUrl\":\"https:\\\/\\\/transportjournal.com\\\/wp-content\\\/uploads\\\/sites\\\/2\\\/2025\\\/09\\\/Logo_ITJ.png\",\"width\":799,\"height\":326,\"caption\":\"Logismedia Groep AG\"},\"image\":{\"@id\":\"https:\\\/\\\/transportjournal.com\\\/nl\\\/#\\\/schema\\\/logo\\\/image\\\/\"},\"sameAs\":[\"https:\\\/\\\/www.linkedin.com\\\/company\\\/56456496\\\/admin\\\/dashboard\\\/\",\"https:\\\/\\\/www.instagram.com\\\/logismediagroup\\\/\",\"https:\\\/\\\/www.youtube.com\\\/@LogiamediaGroupAG\"]},{\"@type\":\"Person\",\"@id\":\"https:\\\/\\\/transportjournal.com\\\/nl\\\/#\\\/schema\\\/person\\\/cf538b3157f15afd7589245a4b3dbd25\",\"name\":\"Andreas Haug\",\"url\":\"https:\\\/\\\/transportjournal.com\\\/nl\\\/author\\\/andreas\\\/\"}]}<\/script>\n<!-- \/ Yoast SEO plugin. -->","yoast_head_json":{"title":"NFI haalt Melissa Curry terug - ITJ | International Transport Journal","robots":{"index":"index","follow":"follow","max-snippet":"max-snippet:-1","max-image-preview":"max-image-preview:large","max-video-preview":"max-video-preview:-1"},"canonical":"https:\/\/transportjournal.com\/nl\/2026\/01\/28\/nfi-haalt-melissa-curry-terug\/","og_locale":"nl_NL","og_type":"article","og_title":"NFI haalt Melissa Curry terug - ITJ | International Transport Journal","og_description":"NFI heeft Melissa Curry teruggehaald als Vice President of Global Freight Forwarding om haar uitgebreide logistieke expertise in de afdeling in te brengen.","og_url":"https:\/\/transportjournal.com\/nl\/2026\/01\/28\/nfi-haalt-melissa-curry-terug\/","og_site_name":"ITJ | International Transport Journal","article_published_time":"2026-01-28T15:26:59+00:00","og_image":[{"width":836,"height":470,"url":"https:\/\/transportjournal.com\/wp-content\/uploads\/sites\/2\/2026\/01\/Melissa_Curry_Headshot-836x1024-1-aspect-ratio-1400-788.jpeg","type":"image\/jpeg"}],"author":"Andreas Haug","twitter_card":"summary_large_image","twitter_misc":{"Geschreven door":"Andreas Haug","Geschatte leestijd":"2 minuut"},"schema":{"@context":"https:\/\/schema.org","@graph":[{"@type":"Article","@id":"https:\/\/transportjournal.com\/nl\/2026\/01\/28\/nfi-haalt-melissa-curry-terug\/#article","isPartOf":{"@id":"https:\/\/transportjournal.com\/nl\/2026\/01\/28\/nfi-haalt-melissa-curry-terug\/"},"author":{"name":"Andreas Haug","@id":"https:\/\/transportjournal.com\/nl\/#\/schema\/person\/cf538b3157f15afd7589245a4b3dbd25"},"headline":"NFI haalt Melissa Curry terug","datePublished":"2026-01-28T15:26:59+00:00","mainEntityOfPage":{"@id":"https:\/\/transportjournal.com\/nl\/2026\/01\/28\/nfi-haalt-melissa-curry-terug\/"},"wordCount":321,"commentCount":0,"publisher":{"@id":"https:\/\/transportjournal.com\/nl\/#organization"},"image":{"@id":"https:\/\/transportjournal.com\/nl\/2026\/01\/28\/nfi-haalt-melissa-curry-terug\/#primaryimage"},"thumbnailUrl":"https:\/\/transportjournal.com\/wp-content\/uploads\/sites\/2\/2026\/01\/Melissa_Curry_Headshot-836x1024-1-aspect-ratio-1400-788.jpeg","keywords":["Camden New Jersey","cha\u00eene d'approvisionnement nord-am\u00e9ricaine","Deutsch NFI","d\u00e9veloppement des infrastructures","Digitalisierung in der Logistik","digitalization in logistics","E-Commerce-Fulfillment","entreposage","Fachkr\u00e4ftemangel","fulfillment e-commerce","fulfillment operations","Fulfillment-Operationen","gestion de la cha\u00eene d'approvisionnement","gestion de projet en logistique","Global Freight Forwarding","global transportation industry","globale Transportwirtschaft","industrie du transport mondial","industrie logistique","infrastructure development","Infrastrukturentwicklung","labor shortage","Lagerhaltung","leadership op\u00e9rationnel","Lieferkettenmanagement","logistics industry","logistics solutions","Logistikbranche","Logistikl\u00f6sungen","logistique durable","Melissa Curry","mise en \u0153uvre strat\u00e9gique","nachhaltige Logistik","nordamerikanische Lieferkette","North American supply chain","num\u00e9risation dans la logistique","operational leadership","op\u00e9rations de fulfillment","operative F\u00fchrungskraft","p\u00e9nurie de main-d'\u0153uvre","prestataires de transport","project management in logistics","Projektmanagement in der Logistik","solutions logistiques","strategic implementation Fran\u00e7ais NFI","strategische Umsetzung English NFI","Supply Chain Management","sustainable logistics","transport de fret mondial","transportation providers","Transportdienstleister","warehousing"],"articleSection":["Amerika","Expeditie &amp; Logistiek","Intermodaal \/ Weg","Mensen &amp; Bedrijven"],"inLanguage":"nl-NL","potentialAction":[{"@type":"CommentAction","name":"Comment","target":["https:\/\/transportjournal.com\/nl\/2026\/01\/28\/nfi-haalt-melissa-curry-terug\/#respond"]}]},{"@type":"WebPage","@id":"https:\/\/transportjournal.com\/nl\/2026\/01\/28\/nfi-haalt-melissa-curry-terug\/","url":"https:\/\/transportjournal.com\/nl\/2026\/01\/28\/nfi-haalt-melissa-curry-terug\/","name":"NFI haalt Melissa Curry terug - ITJ | International Transport Journal","isPartOf":{"@id":"https:\/\/transportjournal.com\/nl\/#website"},"primaryImageOfPage":{"@id":"https:\/\/transportjournal.com\/nl\/2026\/01\/28\/nfi-haalt-melissa-curry-terug\/#primaryimage"},"image":{"@id":"https:\/\/transportjournal.com\/nl\/2026\/01\/28\/nfi-haalt-melissa-curry-terug\/#primaryimage"},"thumbnailUrl":"https:\/\/transportjournal.com\/wp-content\/uploads\/sites\/2\/2026\/01\/Melissa_Curry_Headshot-836x1024-1-aspect-ratio-1400-788.jpeg","datePublished":"2026-01-28T15:26:59+00:00","breadcrumb":{"@id":"https:\/\/transportjournal.com\/nl\/2026\/01\/28\/nfi-haalt-melissa-curry-terug\/#breadcrumb"},"inLanguage":"nl-NL","potentialAction":[{"@type":"ReadAction","target":["https:\/\/transportjournal.com\/nl\/2026\/01\/28\/nfi-haalt-melissa-curry-terug\/"]}]},{"@type":"ImageObject","inLanguage":"nl-NL","@id":"https:\/\/transportjournal.com\/nl\/2026\/01\/28\/nfi-haalt-melissa-curry-terug\/#primaryimage","url":"https:\/\/transportjournal.com\/wp-content\/uploads\/sites\/2\/2026\/01\/Melissa_Curry_Headshot-836x1024-1-aspect-ratio-1400-788.jpeg","contentUrl":"https:\/\/transportjournal.com\/wp-content\/uploads\/sites\/2\/2026\/01\/Melissa_Curry_Headshot-836x1024-1-aspect-ratio-1400-788.jpeg","width":836,"height":470},{"@type":"BreadcrumbList","@id":"https:\/\/transportjournal.com\/nl\/2026\/01\/28\/nfi-haalt-melissa-curry-terug\/#breadcrumb","itemListElement":[{"@type":"ListItem","position":1,"name":"Startseite","item":"https:\/\/transportjournal.com\/nl\/"},{"@type":"ListItem","position":2,"name":"NFI haalt Melissa Curry terug"}]},{"@type":"WebSite","@id":"https:\/\/transportjournal.com\/nl\/#website","url":"https:\/\/transportjournal.com\/nl\/","name":"ITJ | International Transport Journal","description":"Stay informed with the latest global news from the transport, logistics, and supply chain industries. Transport Journal delivers expert insights, analysis, and updates across shipping, aviation, intermodal, and forwarding.","publisher":{"@id":"https:\/\/transportjournal.com\/nl\/#organization"},"potentialAction":[{"@type":"SearchAction","target":{"@type":"EntryPoint","urlTemplate":"https:\/\/transportjournal.com\/nl\/?s={search_term_string}"},"query-input":{"@type":"PropertyValueSpecification","valueRequired":true,"valueName":"search_term_string"}}],"inLanguage":"nl-NL"},{"@type":"Organization","@id":"https:\/\/transportjournal.com\/nl\/#organization","name":"Logismedia Groep AG","alternateName":"Logismedia Group AG","url":"https:\/\/transportjournal.com\/nl\/","logo":{"@type":"ImageObject","inLanguage":"nl-NL","@id":"https:\/\/transportjournal.com\/nl\/#\/schema\/logo\/image\/","url":"https:\/\/transportjournal.com\/wp-content\/uploads\/sites\/2\/2025\/09\/Logo_ITJ.png","contentUrl":"https:\/\/transportjournal.com\/wp-content\/uploads\/sites\/2\/2025\/09\/Logo_ITJ.png","width":799,"height":326,"caption":"Logismedia Groep AG"},"image":{"@id":"https:\/\/transportjournal.com\/nl\/#\/schema\/logo\/image\/"},"sameAs":["https:\/\/www.linkedin.com\/company\/56456496\/admin\/dashboard\/","https:\/\/www.instagram.com\/logismediagroup\/","https:\/\/www.youtube.com\/@LogiamediaGroupAG"]},{"@type":"Person","@id":"https:\/\/transportjournal.com\/nl\/#\/schema\/person\/cf538b3157f15afd7589245a4b3dbd25","name":"Andreas Haug","url":"https:\/\/transportjournal.com\/nl\/author\/andreas\/"}]}},"_links":{"self":[{"href":"https:\/\/transportjournal.com\/nl\/wp-json\/wp\/v2\/posts\/74960","targetHints":{"allow":["GET"]}}],"collection":[{"href":"https:\/\/transportjournal.com\/nl\/wp-json\/wp\/v2\/posts"}],"about":[{"href":"https:\/\/transportjournal.com\/nl\/wp-json\/wp\/v2\/types\/post"}],"author":[{"embeddable":true,"href":"https:\/\/transportjournal.com\/nl\/wp-json\/wp\/v2\/users\/12"}],"replies":[{"embeddable":true,"href":"https:\/\/transportjournal.com\/nl\/wp-json\/wp\/v2\/comments?post=74960"}],"version-history":[{"count":0,"href":"https:\/\/transportjournal.com\/nl\/wp-json\/wp\/v2\/posts\/74960\/revisions"}],"wp:featuredmedia":[{"embeddable":true,"href":"https:\/\/transportjournal.com\/nl\/wp-json\/wp\/v2\/media\/74954"}],"wp:attachment":[{"href":"https:\/\/transportjournal.com\/nl\/wp-json\/wp\/v2\/media?parent=74960"}],"wp:term":[{"taxonomy":"category","embeddable":true,"href":"https:\/\/transportjournal.com\/nl\/wp-json\/wp\/v2\/categories?post=74960"},{"taxonomy":"post_tag","embeddable":true,"href":"https:\/\/transportjournal.com\/nl\/wp-json\/wp\/v2\/tags?post=74960"}],"curies":[{"name":"wp","href":"https:\/\/api.w.org\/{rel}","templated":true}]}}