{"id":74878,"date":"2026-01-28T11:51:12","date_gmt":"2026-01-28T11:51:12","guid":{"rendered":"https:\/\/transportjournal.com\/2026\/01\/28\/ravi-tulsyan-nieuwe-cfo-van-odyssey\/"},"modified":"2026-01-28T11:51:12","modified_gmt":"2026-01-28T11:51:12","slug":"ravi-tulsyan-nieuwe-cfo-van-odyssey","status":"publish","type":"post","link":"https:\/\/transportjournal.com\/nl\/2026\/01\/28\/ravi-tulsyan-nieuwe-cfo-van-odyssey\/","title":{"rendered":"Ravi Tulsyan nieuwe CFO van Odyssey"},"content":{"rendered":"<p>Ravi Tulsyan is benoemd tot Chief Financial Officer (CFO) van Odyssey Logistics. Hij brengt meer dan twee decennia ervaring in financieel leiderschap mee, die hij heeft opgedaan in verschillende bedrijven binnen de logistiek en industrie. Voorheen was hij CFO bij XPO, Inc., waar hij de wereldwijde financi\u00eble en juridische afdelingen leidde.<\/p>\n<p>Tulsyan heeft uitgebreide kennis op het gebied van boekhouding, treasury, belastingen, financi\u00eble planning en analyse, evenals in inkoop. Tijdens zijn tijd bij XPO speelde hij een cruciale rol bij verschillende initiatieven voor waardecreatie, waaronder de succesvolle afsplitsingen van GXO Logistics en RXO, evenals de verkoop van de intermodale activiteiten van XPO. Eerder bekleedde hij leidinggevende financi\u00eble posities bij The ADT Corporation en Tyco International, waar hij grote transacties op de kapitaalmarkten en bedrijfsomvormingen begeleidde. Zijn carri\u00e8re begon hij bij PepsiCo en Xerox Corporation.<\/p>\n<h3>Verwachtingen van de nieuwe rol<\/h3>\n<p>Hans Stig Moller, CEO van Odyssey Logistics, sprak zich uit over de benoeming van Tulsyan: \u201eRavi brengt de financi\u00eble leiding die we in deze groeifase nodig hebben. Hij heeft met succes afsplitsingen, overnames en grote transformaties geleid, wat van onschatbare waarde zal zijn voor Odyssey terwijl we blijven groeien.\u201c<\/p>\n<p>Tulsyan zelf benadrukte de kansen die Odyssey biedt: \u201eOdyssey heeft een gedifferentieerd multimodaal platform opgebouwd dat duidelijke mogelijkheden voor waardecreatie biedt. Ik kijk ernaar uit om samen te werken met het leiderschapsteam om de financi\u00eble discipline te versterken, winstgevende groei te versnellen en een schaalbaar platform te ontwikkelen dat de langetermijnwaarde van het bedrijf maximaliseert.\u201c<\/p>\n<p>Tulsyan volgt Mike Pozzi op, die bijna 12 jaar bij Odyssey heeft gewerkt en in die tijd de financi\u00eble organisatie door transformaties heeft geleid en een solide basis voor de toekomst heeft gelegd. Moller waardeerde de bijdrage van Pozzi: \u201eMike heeft tijdens een periode van aanzienlijke groei positieve impulsen voor ons bedrijf gegeven, en we wensen hem veel succes in de toekomst.\u201c<\/p>\n<p>&nbsp;<\/p>\n<p><a href=\"https:\/\/www.odysseylogistics.com\/\" target=\"_blank\" rel=\"noopener noreferrer\">www.odysseylogistics.com<\/a><\/p>\n<p>&nbsp;<\/p>\n","protected":false},"excerpt":{"rendered":"<p>Ravi Tulsyan is benoemd tot CFO van Odyssey Logistics en brengt uitgebreide ervaring in financieel management en aanzienlijke successen in de sector mee.<\/p>\n","protected":false},"author":12,"featured_media":74872,"comment_status":"open","ping_status":"open","sticky":false,"template":"","format":"standard","meta":{"_acf_changed":false,"footnotes":""},"categories":[1602,1593,1591],"tags":[10726,10727,9458,9459,10728,10729,10730,10731,10732,10733,2653,1887,2166,7974,10734,10735,10736,10737,10738,10739,10740,2123,10741,10742,3328,10743,10744,10745,10746,10747,4000,10748,10749,10750,10751,10752,10753,10754,2139,10755,7992,10756,10757,10758,10759,2106,2154,10760,2684,10761,10762,10763,10764,10765,10766,10767],"class_list":["post-74878","post","type-post","status-publish","format-standard","has-post-thumbnail","hentry","category-amerika","category-expeditie-logistiek","category-mensen-bedrijven","tag-accounting-and-treasury","tag-capital-markets-transactions","tag-cfo-appointment","tag-cfo-ernennung","tag-comptabilite-et-tresorerie","tag-corporate-transformations","tag-creation-de-valeur-logistique","tag-croissance-de-lorganisation-financiere","tag-departements-financiers-mondiaux","tag-deutsch-odyssey-logistics","tag-digital-transformation-logistics","tag-digitale-transformation-logistik","tag-durabilite-dans-la-logistique","tag-fachkraeftemangel-logistikbranche","tag-financial-leadership-logistics","tag-financial-organization-growth","tag-financial-planning-and-analysis","tag-finanzfuehrung-logistik","tag-finanzorganisation-wachstum","tag-finanzplanung-und-analyse","tag-fusions-et-scissions","tag-gestion-de-la-chaine-dapprovisionnement","tag-global-finance-departments","tag-globale-finanzabteilungen","tag-infrastructure-logistique","tag-intermodal-business-models","tag-intermodale-geschaeftsmodelle","tag-kapitalmaerkte-transaktionen","tag-labor-shortage-logistics-industry","tag-leadership-financier-logistique","tag-logistics-infrastructure","tag-logistics-transformations","tag-logistische-infrastruktur","tag-logistische-transformationen","tag-mergers-and-spin-offs-francais-odyssey-logistics","tag-modeles-daffaires-intermodaux","tag-multimodal-platform","tag-multimodale-plattform","tag-nachhaltigkeit-in-der-logistik","tag-nomination-de-cfo","tag-penurie-de-main-doeuvre-secteur-logistique","tag-planification-et-analyse-financieres","tag-plateforme-multimodale","tag-ravi-tulsyan-cfo","tag-rechnungswesen-und-treasury","tag-supply-chain-management","tag-sustainability-in-logistics","tag-transactions-sur-les-marches-de-capitaux","tag-transformation-numerique-logistique","tag-transformations-dentreprise","tag-transformations-logistiques","tag-uebernahmen-und-abspaltungen-english-odyssey-logistics","tag-unternehmensumwandlungen","tag-value-creation-logistics","tag-wertschoepfung-logistik","tag-xpo-inc-cfo"],"acf":[],"yoast_head":"<!-- This site is optimized with the Yoast SEO plugin v27.3 - https:\/\/yoast.com\/product\/yoast-seo-wordpress\/ -->\n<title>Ravi Tulsyan nieuwe CFO van Odyssey - ITJ | International Transport Journal<\/title>\n<meta name=\"robots\" content=\"index, follow, max-snippet:-1, max-image-preview:large, max-video-preview:-1\" \/>\n<link rel=\"canonical\" href=\"https:\/\/transportjournal.com\/nl\/2026\/01\/28\/ravi-tulsyan-nieuwe-cfo-van-odyssey\/\" \/>\n<meta property=\"og:locale\" content=\"nl_NL\" \/>\n<meta property=\"og:type\" content=\"article\" \/>\n<meta property=\"og:title\" content=\"Ravi Tulsyan nieuwe CFO van Odyssey - ITJ | International Transport Journal\" \/>\n<meta property=\"og:description\" content=\"Ravi Tulsyan is benoemd tot CFO van Odyssey Logistics en brengt uitgebreide ervaring in financieel management en aanzienlijke successen in de sector mee.\" \/>\n<meta property=\"og:url\" content=\"https:\/\/transportjournal.com\/nl\/2026\/01\/28\/ravi-tulsyan-nieuwe-cfo-van-odyssey\/\" \/>\n<meta property=\"og:site_name\" content=\"ITJ | International Transport Journal\" \/>\n<meta property=\"article:published_time\" content=\"2026-01-28T11:51:12+00:00\" \/>\n<meta property=\"og:image\" content=\"https:\/\/transportjournal.com\/wp-content\/uploads\/sites\/2\/2026\/01\/Odyssey_Ravi_Tulsyan_040-vF-Cropped-2048x1742-1-aspect-ratio-1400-788.png\" \/>\n\t<meta property=\"og:image:width\" content=\"2048\" \/>\n\t<meta property=\"og:image:height\" content=\"1152\" \/>\n\t<meta property=\"og:image:type\" content=\"image\/png\" \/>\n<meta name=\"author\" content=\"Andreas Haug\" \/>\n<meta name=\"twitter:card\" content=\"summary_large_image\" \/>\n<meta name=\"twitter:label1\" content=\"Geschreven door\" \/>\n\t<meta name=\"twitter:data1\" content=\"Andreas Haug\" \/>\n\t<meta name=\"twitter:label2\" content=\"Geschatte leestijd\" \/>\n\t<meta name=\"twitter:data2\" content=\"2 minuut\" \/>\n<script type=\"application\/ld+json\" class=\"yoast-schema-graph\">{\"@context\":\"https:\\\/\\\/schema.org\",\"@graph\":[{\"@type\":\"Article\",\"@id\":\"https:\\\/\\\/transportjournal.com\\\/nl\\\/2026\\\/01\\\/28\\\/ravi-tulsyan-nieuwe-cfo-van-odyssey\\\/#article\",\"isPartOf\":{\"@id\":\"https:\\\/\\\/transportjournal.com\\\/nl\\\/2026\\\/01\\\/28\\\/ravi-tulsyan-nieuwe-cfo-van-odyssey\\\/\"},\"author\":{\"name\":\"Andreas Haug\",\"@id\":\"https:\\\/\\\/transportjournal.com\\\/nl\\\/#\\\/schema\\\/person\\\/cf538b3157f15afd7589245a4b3dbd25\"},\"headline\":\"Ravi Tulsyan nieuwe CFO van Odyssey\",\"datePublished\":\"2026-01-28T11:51:12+00:00\",\"mainEntityOfPage\":{\"@id\":\"https:\\\/\\\/transportjournal.com\\\/nl\\\/2026\\\/01\\\/28\\\/ravi-tulsyan-nieuwe-cfo-van-odyssey\\\/\"},\"wordCount\":322,\"commentCount\":0,\"publisher\":{\"@id\":\"https:\\\/\\\/transportjournal.com\\\/nl\\\/#organization\"},\"image\":{\"@id\":\"https:\\\/\\\/transportjournal.com\\\/nl\\\/2026\\\/01\\\/28\\\/ravi-tulsyan-nieuwe-cfo-van-odyssey\\\/#primaryimage\"},\"thumbnailUrl\":\"https:\\\/\\\/transportjournal.com\\\/wp-content\\\/uploads\\\/sites\\\/2\\\/2026\\\/01\\\/Odyssey_Ravi_Tulsyan_040-vF-Cropped-2048x1742-1-aspect-ratio-1400-788.png\",\"keywords\":[\"accounting and treasury\",\"capital markets transactions\",\"CFO appointment\",\"CFO Ernennung\",\"comptabilit\u00e9 et tr\u00e9sorerie\",\"corporate transformations\",\"cr\u00e9ation de valeur logistique\",\"croissance de l'organisation financi\u00e8re\",\"d\u00e9partements financiers mondiaux\",\"Deutsch Odyssey Logistics\",\"digital transformation logistics\",\"digitale Transformation Logistik\",\"durabilit\u00e9 dans la logistique\",\"Fachkr\u00e4ftemangel Logistikbranche\",\"financial leadership logistics\",\"financial organization growth\",\"financial planning and analysis\",\"Finanzf\u00fchrung Logistik\",\"Finanzorganisation Wachstum\",\"Finanzplanung und -analyse\",\"fusions et scissions\",\"gestion de la cha\u00eene d'approvisionnement\",\"global finance departments\",\"globale Finanzabteilungen\",\"infrastructure logistique\",\"intermodal business models\",\"intermodale Gesch\u00e4ftsmodelle\",\"Kapitalm\u00e4rkte Transaktionen\",\"labor shortage logistics industry\",\"leadership financier logistique\",\"logistics infrastructure\",\"logistics transformations\",\"logistische Infrastruktur\",\"logistische Transformationen\",\"mergers and spin-offs Fran\u00e7ais Odyssey Logistics\",\"mod\u00e8les d'affaires intermodaux\",\"multimodal platform\",\"multimodale Plattform\",\"Nachhaltigkeit in der Logistik\",\"nomination de CFO\",\"p\u00e9nurie de main-d'\u0153uvre secteur logistique\",\"planification et analyse financi\u00e8res\",\"plateforme multimodale\",\"Ravi Tulsyan CFO\",\"Rechnungswesen und Treasury\",\"Supply Chain Management\",\"sustainability in logistics\",\"transactions sur les march\u00e9s de capitaux\",\"transformation num\u00e9rique logistique\",\"transformations d'entreprise\",\"transformations logistiques\",\"\u00dcbernahmen und Abspaltungen English Odyssey Logistics\",\"Unternehmensumwandlungen\",\"value creation logistics\",\"Wertsch\u00f6pfung Logistik\",\"XPO Inc. CFO\"],\"articleSection\":[\"Amerika\",\"Expeditie &amp; Logistiek\",\"Mensen &amp; Bedrijven\"],\"inLanguage\":\"nl-NL\",\"potentialAction\":[{\"@type\":\"CommentAction\",\"name\":\"Comment\",\"target\":[\"https:\\\/\\\/transportjournal.com\\\/nl\\\/2026\\\/01\\\/28\\\/ravi-tulsyan-nieuwe-cfo-van-odyssey\\\/#respond\"]}]},{\"@type\":\"WebPage\",\"@id\":\"https:\\\/\\\/transportjournal.com\\\/nl\\\/2026\\\/01\\\/28\\\/ravi-tulsyan-nieuwe-cfo-van-odyssey\\\/\",\"url\":\"https:\\\/\\\/transportjournal.com\\\/nl\\\/2026\\\/01\\\/28\\\/ravi-tulsyan-nieuwe-cfo-van-odyssey\\\/\",\"name\":\"Ravi Tulsyan nieuwe CFO van Odyssey - ITJ | International Transport Journal\",\"isPartOf\":{\"@id\":\"https:\\\/\\\/transportjournal.com\\\/nl\\\/#website\"},\"primaryImageOfPage\":{\"@id\":\"https:\\\/\\\/transportjournal.com\\\/nl\\\/2026\\\/01\\\/28\\\/ravi-tulsyan-nieuwe-cfo-van-odyssey\\\/#primaryimage\"},\"image\":{\"@id\":\"https:\\\/\\\/transportjournal.com\\\/nl\\\/2026\\\/01\\\/28\\\/ravi-tulsyan-nieuwe-cfo-van-odyssey\\\/#primaryimage\"},\"thumbnailUrl\":\"https:\\\/\\\/transportjournal.com\\\/wp-content\\\/uploads\\\/sites\\\/2\\\/2026\\\/01\\\/Odyssey_Ravi_Tulsyan_040-vF-Cropped-2048x1742-1-aspect-ratio-1400-788.png\",\"datePublished\":\"2026-01-28T11:51:12+00:00\",\"breadcrumb\":{\"@id\":\"https:\\\/\\\/transportjournal.com\\\/nl\\\/2026\\\/01\\\/28\\\/ravi-tulsyan-nieuwe-cfo-van-odyssey\\\/#breadcrumb\"},\"inLanguage\":\"nl-NL\",\"potentialAction\":[{\"@type\":\"ReadAction\",\"target\":[\"https:\\\/\\\/transportjournal.com\\\/nl\\\/2026\\\/01\\\/28\\\/ravi-tulsyan-nieuwe-cfo-van-odyssey\\\/\"]}]},{\"@type\":\"ImageObject\",\"inLanguage\":\"nl-NL\",\"@id\":\"https:\\\/\\\/transportjournal.com\\\/nl\\\/2026\\\/01\\\/28\\\/ravi-tulsyan-nieuwe-cfo-van-odyssey\\\/#primaryimage\",\"url\":\"https:\\\/\\\/transportjournal.com\\\/wp-content\\\/uploads\\\/sites\\\/2\\\/2026\\\/01\\\/Odyssey_Ravi_Tulsyan_040-vF-Cropped-2048x1742-1-aspect-ratio-1400-788.png\",\"contentUrl\":\"https:\\\/\\\/transportjournal.com\\\/wp-content\\\/uploads\\\/sites\\\/2\\\/2026\\\/01\\\/Odyssey_Ravi_Tulsyan_040-vF-Cropped-2048x1742-1-aspect-ratio-1400-788.png\",\"width\":2048,\"height\":1152},{\"@type\":\"BreadcrumbList\",\"@id\":\"https:\\\/\\\/transportjournal.com\\\/nl\\\/2026\\\/01\\\/28\\\/ravi-tulsyan-nieuwe-cfo-van-odyssey\\\/#breadcrumb\",\"itemListElement\":[{\"@type\":\"ListItem\",\"position\":1,\"name\":\"Startseite\",\"item\":\"https:\\\/\\\/transportjournal.com\\\/nl\\\/\"},{\"@type\":\"ListItem\",\"position\":2,\"name\":\"Ravi Tulsyan nieuwe CFO van Odyssey\"}]},{\"@type\":\"WebSite\",\"@id\":\"https:\\\/\\\/transportjournal.com\\\/nl\\\/#website\",\"url\":\"https:\\\/\\\/transportjournal.com\\\/nl\\\/\",\"name\":\"ITJ | International Transport Journal\",\"description\":\"Stay informed with the latest global news from the transport, logistics, and supply chain industries. Transport Journal delivers expert insights, analysis, and updates across shipping, aviation, intermodal, and forwarding.\",\"publisher\":{\"@id\":\"https:\\\/\\\/transportjournal.com\\\/nl\\\/#organization\"},\"potentialAction\":[{\"@type\":\"SearchAction\",\"target\":{\"@type\":\"EntryPoint\",\"urlTemplate\":\"https:\\\/\\\/transportjournal.com\\\/nl\\\/?s={search_term_string}\"},\"query-input\":{\"@type\":\"PropertyValueSpecification\",\"valueRequired\":true,\"valueName\":\"search_term_string\"}}],\"inLanguage\":\"nl-NL\"},{\"@type\":\"Organization\",\"@id\":\"https:\\\/\\\/transportjournal.com\\\/nl\\\/#organization\",\"name\":\"Logismedia Groep AG\",\"alternateName\":\"Logismedia Group AG\",\"url\":\"https:\\\/\\\/transportjournal.com\\\/nl\\\/\",\"logo\":{\"@type\":\"ImageObject\",\"inLanguage\":\"nl-NL\",\"@id\":\"https:\\\/\\\/transportjournal.com\\\/nl\\\/#\\\/schema\\\/logo\\\/image\\\/\",\"url\":\"https:\\\/\\\/transportjournal.com\\\/wp-content\\\/uploads\\\/sites\\\/2\\\/2025\\\/09\\\/Logo_ITJ.png\",\"contentUrl\":\"https:\\\/\\\/transportjournal.com\\\/wp-content\\\/uploads\\\/sites\\\/2\\\/2025\\\/09\\\/Logo_ITJ.png\",\"width\":799,\"height\":326,\"caption\":\"Logismedia Groep AG\"},\"image\":{\"@id\":\"https:\\\/\\\/transportjournal.com\\\/nl\\\/#\\\/schema\\\/logo\\\/image\\\/\"},\"sameAs\":[\"https:\\\/\\\/www.linkedin.com\\\/company\\\/56456496\\\/admin\\\/dashboard\\\/\",\"https:\\\/\\\/www.instagram.com\\\/logismediagroup\\\/\",\"https:\\\/\\\/www.youtube.com\\\/@LogiamediaGroupAG\"]},{\"@type\":\"Person\",\"@id\":\"https:\\\/\\\/transportjournal.com\\\/nl\\\/#\\\/schema\\\/person\\\/cf538b3157f15afd7589245a4b3dbd25\",\"name\":\"Andreas Haug\",\"url\":\"https:\\\/\\\/transportjournal.com\\\/nl\\\/author\\\/andreas\\\/\"}]}<\/script>\n<!-- \/ Yoast SEO plugin. -->","yoast_head_json":{"title":"Ravi Tulsyan nieuwe CFO van Odyssey - ITJ | International Transport Journal","robots":{"index":"index","follow":"follow","max-snippet":"max-snippet:-1","max-image-preview":"max-image-preview:large","max-video-preview":"max-video-preview:-1"},"canonical":"https:\/\/transportjournal.com\/nl\/2026\/01\/28\/ravi-tulsyan-nieuwe-cfo-van-odyssey\/","og_locale":"nl_NL","og_type":"article","og_title":"Ravi Tulsyan nieuwe CFO van Odyssey - ITJ | International Transport Journal","og_description":"Ravi Tulsyan is benoemd tot CFO van Odyssey Logistics en brengt uitgebreide ervaring in financieel management en aanzienlijke successen in de sector mee.","og_url":"https:\/\/transportjournal.com\/nl\/2026\/01\/28\/ravi-tulsyan-nieuwe-cfo-van-odyssey\/","og_site_name":"ITJ | International Transport Journal","article_published_time":"2026-01-28T11:51:12+00:00","og_image":[{"width":2048,"height":1152,"url":"https:\/\/transportjournal.com\/wp-content\/uploads\/sites\/2\/2026\/01\/Odyssey_Ravi_Tulsyan_040-vF-Cropped-2048x1742-1-aspect-ratio-1400-788.png","type":"image\/png"}],"author":"Andreas Haug","twitter_card":"summary_large_image","twitter_misc":{"Geschreven door":"Andreas Haug","Geschatte leestijd":"2 minuut"},"schema":{"@context":"https:\/\/schema.org","@graph":[{"@type":"Article","@id":"https:\/\/transportjournal.com\/nl\/2026\/01\/28\/ravi-tulsyan-nieuwe-cfo-van-odyssey\/#article","isPartOf":{"@id":"https:\/\/transportjournal.com\/nl\/2026\/01\/28\/ravi-tulsyan-nieuwe-cfo-van-odyssey\/"},"author":{"name":"Andreas Haug","@id":"https:\/\/transportjournal.com\/nl\/#\/schema\/person\/cf538b3157f15afd7589245a4b3dbd25"},"headline":"Ravi Tulsyan nieuwe CFO van Odyssey","datePublished":"2026-01-28T11:51:12+00:00","mainEntityOfPage":{"@id":"https:\/\/transportjournal.com\/nl\/2026\/01\/28\/ravi-tulsyan-nieuwe-cfo-van-odyssey\/"},"wordCount":322,"commentCount":0,"publisher":{"@id":"https:\/\/transportjournal.com\/nl\/#organization"},"image":{"@id":"https:\/\/transportjournal.com\/nl\/2026\/01\/28\/ravi-tulsyan-nieuwe-cfo-van-odyssey\/#primaryimage"},"thumbnailUrl":"https:\/\/transportjournal.com\/wp-content\/uploads\/sites\/2\/2026\/01\/Odyssey_Ravi_Tulsyan_040-vF-Cropped-2048x1742-1-aspect-ratio-1400-788.png","keywords":["accounting and treasury","capital markets transactions","CFO appointment","CFO Ernennung","comptabilit\u00e9 et tr\u00e9sorerie","corporate transformations","cr\u00e9ation de valeur logistique","croissance de l'organisation financi\u00e8re","d\u00e9partements financiers mondiaux","Deutsch Odyssey Logistics","digital transformation logistics","digitale Transformation Logistik","durabilit\u00e9 dans la logistique","Fachkr\u00e4ftemangel Logistikbranche","financial leadership logistics","financial organization growth","financial planning and analysis","Finanzf\u00fchrung Logistik","Finanzorganisation Wachstum","Finanzplanung und -analyse","fusions et scissions","gestion de la cha\u00eene d'approvisionnement","global finance departments","globale Finanzabteilungen","infrastructure logistique","intermodal business models","intermodale Gesch\u00e4ftsmodelle","Kapitalm\u00e4rkte Transaktionen","labor shortage logistics industry","leadership financier logistique","logistics infrastructure","logistics transformations","logistische Infrastruktur","logistische Transformationen","mergers and spin-offs Fran\u00e7ais Odyssey Logistics","mod\u00e8les d'affaires intermodaux","multimodal platform","multimodale Plattform","Nachhaltigkeit in der Logistik","nomination de CFO","p\u00e9nurie de main-d'\u0153uvre secteur logistique","planification et analyse financi\u00e8res","plateforme multimodale","Ravi Tulsyan CFO","Rechnungswesen und Treasury","Supply Chain Management","sustainability in logistics","transactions sur les march\u00e9s de capitaux","transformation num\u00e9rique logistique","transformations d'entreprise","transformations logistiques","\u00dcbernahmen und Abspaltungen English Odyssey Logistics","Unternehmensumwandlungen","value creation logistics","Wertsch\u00f6pfung Logistik","XPO Inc. CFO"],"articleSection":["Amerika","Expeditie &amp; Logistiek","Mensen &amp; Bedrijven"],"inLanguage":"nl-NL","potentialAction":[{"@type":"CommentAction","name":"Comment","target":["https:\/\/transportjournal.com\/nl\/2026\/01\/28\/ravi-tulsyan-nieuwe-cfo-van-odyssey\/#respond"]}]},{"@type":"WebPage","@id":"https:\/\/transportjournal.com\/nl\/2026\/01\/28\/ravi-tulsyan-nieuwe-cfo-van-odyssey\/","url":"https:\/\/transportjournal.com\/nl\/2026\/01\/28\/ravi-tulsyan-nieuwe-cfo-van-odyssey\/","name":"Ravi Tulsyan nieuwe CFO van Odyssey - ITJ | International Transport Journal","isPartOf":{"@id":"https:\/\/transportjournal.com\/nl\/#website"},"primaryImageOfPage":{"@id":"https:\/\/transportjournal.com\/nl\/2026\/01\/28\/ravi-tulsyan-nieuwe-cfo-van-odyssey\/#primaryimage"},"image":{"@id":"https:\/\/transportjournal.com\/nl\/2026\/01\/28\/ravi-tulsyan-nieuwe-cfo-van-odyssey\/#primaryimage"},"thumbnailUrl":"https:\/\/transportjournal.com\/wp-content\/uploads\/sites\/2\/2026\/01\/Odyssey_Ravi_Tulsyan_040-vF-Cropped-2048x1742-1-aspect-ratio-1400-788.png","datePublished":"2026-01-28T11:51:12+00:00","breadcrumb":{"@id":"https:\/\/transportjournal.com\/nl\/2026\/01\/28\/ravi-tulsyan-nieuwe-cfo-van-odyssey\/#breadcrumb"},"inLanguage":"nl-NL","potentialAction":[{"@type":"ReadAction","target":["https:\/\/transportjournal.com\/nl\/2026\/01\/28\/ravi-tulsyan-nieuwe-cfo-van-odyssey\/"]}]},{"@type":"ImageObject","inLanguage":"nl-NL","@id":"https:\/\/transportjournal.com\/nl\/2026\/01\/28\/ravi-tulsyan-nieuwe-cfo-van-odyssey\/#primaryimage","url":"https:\/\/transportjournal.com\/wp-content\/uploads\/sites\/2\/2026\/01\/Odyssey_Ravi_Tulsyan_040-vF-Cropped-2048x1742-1-aspect-ratio-1400-788.png","contentUrl":"https:\/\/transportjournal.com\/wp-content\/uploads\/sites\/2\/2026\/01\/Odyssey_Ravi_Tulsyan_040-vF-Cropped-2048x1742-1-aspect-ratio-1400-788.png","width":2048,"height":1152},{"@type":"BreadcrumbList","@id":"https:\/\/transportjournal.com\/nl\/2026\/01\/28\/ravi-tulsyan-nieuwe-cfo-van-odyssey\/#breadcrumb","itemListElement":[{"@type":"ListItem","position":1,"name":"Startseite","item":"https:\/\/transportjournal.com\/nl\/"},{"@type":"ListItem","position":2,"name":"Ravi Tulsyan nieuwe CFO van Odyssey"}]},{"@type":"WebSite","@id":"https:\/\/transportjournal.com\/nl\/#website","url":"https:\/\/transportjournal.com\/nl\/","name":"ITJ | International Transport Journal","description":"Stay informed with the latest global news from the transport, logistics, and supply chain industries. Transport Journal delivers expert insights, analysis, and updates across shipping, aviation, intermodal, and forwarding.","publisher":{"@id":"https:\/\/transportjournal.com\/nl\/#organization"},"potentialAction":[{"@type":"SearchAction","target":{"@type":"EntryPoint","urlTemplate":"https:\/\/transportjournal.com\/nl\/?s={search_term_string}"},"query-input":{"@type":"PropertyValueSpecification","valueRequired":true,"valueName":"search_term_string"}}],"inLanguage":"nl-NL"},{"@type":"Organization","@id":"https:\/\/transportjournal.com\/nl\/#organization","name":"Logismedia Groep AG","alternateName":"Logismedia Group AG","url":"https:\/\/transportjournal.com\/nl\/","logo":{"@type":"ImageObject","inLanguage":"nl-NL","@id":"https:\/\/transportjournal.com\/nl\/#\/schema\/logo\/image\/","url":"https:\/\/transportjournal.com\/wp-content\/uploads\/sites\/2\/2025\/09\/Logo_ITJ.png","contentUrl":"https:\/\/transportjournal.com\/wp-content\/uploads\/sites\/2\/2025\/09\/Logo_ITJ.png","width":799,"height":326,"caption":"Logismedia Groep AG"},"image":{"@id":"https:\/\/transportjournal.com\/nl\/#\/schema\/logo\/image\/"},"sameAs":["https:\/\/www.linkedin.com\/company\/56456496\/admin\/dashboard\/","https:\/\/www.instagram.com\/logismediagroup\/","https:\/\/www.youtube.com\/@LogiamediaGroupAG"]},{"@type":"Person","@id":"https:\/\/transportjournal.com\/nl\/#\/schema\/person\/cf538b3157f15afd7589245a4b3dbd25","name":"Andreas Haug","url":"https:\/\/transportjournal.com\/nl\/author\/andreas\/"}]}},"_links":{"self":[{"href":"https:\/\/transportjournal.com\/nl\/wp-json\/wp\/v2\/posts\/74878","targetHints":{"allow":["GET"]}}],"collection":[{"href":"https:\/\/transportjournal.com\/nl\/wp-json\/wp\/v2\/posts"}],"about":[{"href":"https:\/\/transportjournal.com\/nl\/wp-json\/wp\/v2\/types\/post"}],"author":[{"embeddable":true,"href":"https:\/\/transportjournal.com\/nl\/wp-json\/wp\/v2\/users\/12"}],"replies":[{"embeddable":true,"href":"https:\/\/transportjournal.com\/nl\/wp-json\/wp\/v2\/comments?post=74878"}],"version-history":[{"count":0,"href":"https:\/\/transportjournal.com\/nl\/wp-json\/wp\/v2\/posts\/74878\/revisions"}],"wp:featuredmedia":[{"embeddable":true,"href":"https:\/\/transportjournal.com\/nl\/wp-json\/wp\/v2\/media\/74872"}],"wp:attachment":[{"href":"https:\/\/transportjournal.com\/nl\/wp-json\/wp\/v2\/media?parent=74878"}],"wp:term":[{"taxonomy":"category","embeddable":true,"href":"https:\/\/transportjournal.com\/nl\/wp-json\/wp\/v2\/categories?post=74878"},{"taxonomy":"post_tag","embeddable":true,"href":"https:\/\/transportjournal.com\/nl\/wp-json\/wp\/v2\/tags?post=74878"}],"curies":[{"name":"wp","href":"https:\/\/api.w.org\/{rel}","templated":true}]}}