{"id":74439,"date":"2026-01-26T15:51:26","date_gmt":"2026-01-26T15:51:26","guid":{"rendered":"https:\/\/transportjournal.com\/2026\/01\/26\/gol-oprichter-constantino-junior-overleden\/"},"modified":"2026-01-26T15:51:26","modified_gmt":"2026-01-26T15:51:26","slug":"gol-oprichter-constantino-junior-overleden","status":"publish","type":"post","link":"https:\/\/transportjournal.com\/nl\/2026\/01\/26\/gol-oprichter-constantino-junior-overleden\/","title":{"rendered":"GOL-oprichter Constantino Junior overleden"},"content":{"rendered":"<p>De GOL Linhas A\u00e9reas Inteligentes S.A. heeft aangekondigd dat haar oprichter en voorzitter van de raad van bestuur, Constantino de Oliveira Junior, op 24 januari 2026 op 57-jarige leeftijd is overleden. In een verklaring aan de aandeelhouders en het publiek uit het bedrijf zijn diepe spijt over het verlies.<\/p>\n<h3>Continu\u00efteit van het bedrijfsbestuur<\/h3>\n<p>Ondanks het verlies blijft de operationele en strategische koers van GOL ongewijzigd. De verantwoordelijkheid voor het bedrijfsbestuur ligt nog steeds bij de directeuren en de raad van bestuur. Antonio Kandir, de huidige vicevoorzitter van de raad van bestuur, zal tijdelijk de rol van voorzitter op zich nemen. Kandir brengt meer dan 20 jaar ervaring in verschillende leidinggevende posities binnen het bedrijf mee.<\/p>\n<p>In de verklaring wordt benadrukt dat de dagelijkse activiteiten van het bedrijf zonder onderbreking worden voortgezet.<\/p>\n<h3>Een nalatenschap in de luchtvaart<\/h3>\n<p>Constantino Junior en zijn familie richtten 25 jaar geleden GOL op, dat zich heeft gevestigd als een van de toonaangevende luchtvaartmaatschappijen van Brazili\u00eb. Onder zijn leiding ontwikkelde de luchtvaartmaatschappij zich tot een symbool van innovatie en betrokkenheid in de Braziliaanse luchtvaartsector. Junior wordt beschreven als een visionaire leider wiens integriteit en betrokkenheid het bedrijf door verschillende transformatiefases hebben gevormd.<\/p>\n<p>Tijdens zijn ambtstermijn zette hij zich in voor een bedrijfscultuur die uitmuntendheid, verantwoordelijkheid en langdurige waardecreatie voor aandeelhouders, medewerkers, klanten en de gemeenschap bevorderde. Zijn strategische vooruitziendheid en besluitvaardigheid worden net zo gewaardeerd als zijn menselijke benadering en zijn inzet voor de ontwikkeling van zijn medewerkers.<\/p>\n<p>De GOL Linhas A\u00e9reas is een van de belangrijkste luchtvaartmaatschappijen van het land en maakt deel uit van Grupo Abra. Sinds de oprichting in 2001 heeft de luchtvaartmaatschappij zich onderscheiden door lage operationele kosten en een uitgebreid netwerk van codeshare-overeenkomsten. Met een vloot van 143 Boeing 737 en een team van 14.700 hooggekwalificeerde professionals hecht GOL veel waarde aan veiligheid en klantervaring.<\/p>\n<p>&nbsp;<\/p>\n<p><a href=\"https:\/\/www.gollog.com.br\/\" target=\"_blank\" rel=\"noopener noreferrer\">www.gollog.com.br<\/a><\/p>\n<p>&nbsp;<\/p>\n","protected":false},"excerpt":{"rendered":"<p>GOL Linhas A\u00e9reas Inteligentes S.A. rouwt om haar oprichter Constantino de Oliveira Junior, die op 24 januari 2026 op 57-jarige leeftijd is overleden.<\/p>\n","protected":false},"author":12,"featured_media":74433,"comment_status":"open","ping_status":"open","sticky":false,"template":"","format":"standard","meta":{"_acf_changed":false,"footnotes":""},"categories":[1602,1594,1591],"tags":[9537,9538,9539,9540,9541,9542,4370,9543,9544,9545,9546,9547,9548,9549,9550,5353,9551,9552,9553,9554,9555,9556,9557,9558,9559,8938,9560,9561,9562,9563,9564,9565,9566,9567,9568,4382,9569,9570,9571,9572,4390,9573,9574,9575,5379,9576,9577,9578,9579,9580,9581,9582,9583],"class_list":["post-74439","post","type-post","status-publish","format-standard","has-post-thumbnail","hentry","category-amerika","category-luchtvracht","category-mensen-bedrijven","tag-accords-de-partage-de-code","tag-air-transport-market-brazil","tag-airline-operating-costs","tag-airlines-south-america","tag-antonio-kandir","tag-aviation-industry-brazil","tag-aviation-innovation","tag-betriebskosten-fluggesellschaften","tag-brasilianische-fluggesellschaft","tag-brazilian-airline","tag-codeshare-agreements","tag-codeshare-vereinbarungen","tag-compagnie-aerienne-bresilienne","tag-compagnies-aeriennes-amerique-du-sud","tag-constantino-junior","tag-corporate-responsibility","tag-couts-dexploitation-des-compagnies-aeriennes","tag-creation-de-valeur-a-long-terme","tag-customer-experience-airlines","tag-deutsch-gol","tag-direction-gol","tag-excellence-en-aviation","tag-excellence-in-aviation","tag-experience-client-compagnies-aeriennes","tag-exzellenz-in-der-luftfahrt","tag-fachkraeftemangel-luftfahrt","tag-fluggesellschaften-suedamerika","tag-gol-corporate-strategy","tag-gol-geschichte","tag-gol-history","tag-gol-linhas-aereas","tag-gol-management","tag-grupo-abra","tag-histoire-de-gol","tag-industrie-aeronautique-bresil","tag-innovation-aeronautique","tag-kundenerlebnis-fluggesellschaften","tag-langfristige-wertschoepfung-english-gol","tag-long-term-value-creation-francais-gol","tag-luftfahrtbranche-brasilien","tag-luftfahrtinnovation","tag-luftverkehrsmarkt-brasilien","tag-marche-du-transport-aerien-bresil","tag-penurie-de-main-doeuvre-aeronautique","tag-responsabilite-dentreprise","tag-safety-in-aviation","tag-securite-en-aviation","tag-sicherheit-in-der-luftfahrt","tag-strategie-dentreprise-gol","tag-unternehmensfuehrung-gol","tag-unternehmensstrategie-gol","tag-verantwortung-in-unternehmen","tag-workforce-shortage-aviation"],"acf":[],"yoast_head":"<!-- This site is optimized with the Yoast SEO plugin v27.3 - https:\/\/yoast.com\/product\/yoast-seo-wordpress\/ -->\n<title>GOL-oprichter Constantino Junior overleden - ITJ | International Transport Journal<\/title>\n<meta name=\"robots\" content=\"index, follow, max-snippet:-1, max-image-preview:large, max-video-preview:-1\" \/>\n<link rel=\"canonical\" href=\"https:\/\/transportjournal.com\/nl\/2026\/01\/26\/gol-oprichter-constantino-junior-overleden\/\" \/>\n<meta property=\"og:locale\" content=\"nl_NL\" \/>\n<meta property=\"og:type\" content=\"article\" \/>\n<meta property=\"og:title\" content=\"GOL-oprichter Constantino Junior overleden - ITJ | International Transport Journal\" \/>\n<meta property=\"og:description\" content=\"GOL Linhas A\u00e9reas Inteligentes S.A. rouwt om haar oprichter Constantino de Oliveira Junior, die op 24 januari 2026 op 57-jarige leeftijd is overleden.\" \/>\n<meta property=\"og:url\" content=\"https:\/\/transportjournal.com\/nl\/2026\/01\/26\/gol-oprichter-constantino-junior-overleden\/\" \/>\n<meta property=\"og:site_name\" content=\"ITJ | International Transport Journal\" \/>\n<meta property=\"article:published_time\" content=\"2026-01-26T15:51:26+00:00\" \/>\n<meta property=\"og:image\" content=\"https:\/\/transportjournal.com\/wp-content\/uploads\/sites\/2\/2026\/01\/GOL-1769257672035-aspect-ratio-1400-788.jpg\" \/>\n\t<meta property=\"og:image:width\" content=\"1280\" \/>\n\t<meta property=\"og:image:height\" content=\"720\" \/>\n\t<meta property=\"og:image:type\" content=\"image\/jpeg\" \/>\n<meta name=\"author\" content=\"Andreas Haug\" \/>\n<meta name=\"twitter:card\" content=\"summary_large_image\" \/>\n<meta name=\"twitter:label1\" content=\"Geschreven door\" \/>\n\t<meta name=\"twitter:data1\" content=\"Andreas Haug\" \/>\n\t<meta name=\"twitter:label2\" content=\"Geschatte leestijd\" \/>\n\t<meta name=\"twitter:data2\" content=\"2 minuut\" \/>\n<script type=\"application\/ld+json\" class=\"yoast-schema-graph\">{\"@context\":\"https:\\\/\\\/schema.org\",\"@graph\":[{\"@type\":\"Article\",\"@id\":\"https:\\\/\\\/transportjournal.com\\\/nl\\\/2026\\\/01\\\/26\\\/gol-oprichter-constantino-junior-overleden\\\/#article\",\"isPartOf\":{\"@id\":\"https:\\\/\\\/transportjournal.com\\\/nl\\\/2026\\\/01\\\/26\\\/gol-oprichter-constantino-junior-overleden\\\/\"},\"author\":{\"name\":\"Andreas Haug\",\"@id\":\"https:\\\/\\\/transportjournal.com\\\/nl\\\/#\\\/schema\\\/person\\\/cf538b3157f15afd7589245a4b3dbd25\"},\"headline\":\"GOL-oprichter Constantino Junior overleden\",\"datePublished\":\"2026-01-26T15:51:26+00:00\",\"mainEntityOfPage\":{\"@id\":\"https:\\\/\\\/transportjournal.com\\\/nl\\\/2026\\\/01\\\/26\\\/gol-oprichter-constantino-junior-overleden\\\/\"},\"wordCount\":309,\"commentCount\":0,\"publisher\":{\"@id\":\"https:\\\/\\\/transportjournal.com\\\/nl\\\/#organization\"},\"image\":{\"@id\":\"https:\\\/\\\/transportjournal.com\\\/nl\\\/2026\\\/01\\\/26\\\/gol-oprichter-constantino-junior-overleden\\\/#primaryimage\"},\"thumbnailUrl\":\"https:\\\/\\\/transportjournal.com\\\/wp-content\\\/uploads\\\/sites\\\/2\\\/2026\\\/01\\\/GOL-1769257672035-aspect-ratio-1400-788.jpg\",\"keywords\":[\"accords de partage de code\",\"air transport market Brazil\",\"airline operating costs\",\"airlines South America\",\"Antonio Kandir\",\"aviation industry Brazil\",\"aviation innovation\",\"Betriebskosten Fluggesellschaften\",\"brasilianische Fluggesellschaft\",\"Brazilian airline\",\"codeshare agreements\",\"Codeshare-Vereinbarungen\",\"compagnie a\u00e9rienne br\u00e9silienne\",\"compagnies a\u00e9riennes Am\u00e9rique du Sud\",\"Constantino Junior\",\"corporate responsibility\",\"co\u00fbts d'exploitation des compagnies a\u00e9riennes\",\"cr\u00e9ation de valeur \u00e0 long terme\",\"customer experience airlines\",\"Deutsch GOL\",\"direction GOL\",\"excellence en aviation\",\"excellence in aviation\",\"exp\u00e9rience client compagnies a\u00e9riennes\",\"Exzellenz in der Luftfahrt\",\"Fachkr\u00e4ftemangel Luftfahrt\",\"Fluggesellschaften S\u00fcdamerika\",\"GOL corporate strategy\",\"GOL Geschichte\",\"GOL history\",\"GOL Linhas A\u00e9reas\",\"GOL management\",\"Grupo Abra\",\"histoire de GOL\",\"industrie a\u00e9ronautique Br\u00e9sil\",\"innovation a\u00e9ronautique\",\"Kundenerlebnis Fluggesellschaften\",\"langfristige Wertsch\u00f6pfung English GOL\",\"long-term value creation Fran\u00e7ais GOL\",\"Luftfahrtbranche Brasilien\",\"Luftfahrtinnovation\",\"Luftverkehrsmarkt Brasilien\",\"march\u00e9 du transport a\u00e9rien Br\u00e9sil\",\"p\u00e9nurie de main-d'\u0153uvre a\u00e9ronautique\",\"responsabilit\u00e9 d'entreprise\",\"safety in aviation\",\"s\u00e9curit\u00e9 en aviation\",\"Sicherheit in der Luftfahrt\",\"strat\u00e9gie d'entreprise GOL\",\"Unternehmensf\u00fchrung GOL\",\"Unternehmensstrategie GOL\",\"Verantwortung in Unternehmen\",\"workforce shortage aviation\"],\"articleSection\":[\"Amerika\",\"Luchtvracht\",\"Mensen &amp; Bedrijven\"],\"inLanguage\":\"nl-NL\",\"potentialAction\":[{\"@type\":\"CommentAction\",\"name\":\"Comment\",\"target\":[\"https:\\\/\\\/transportjournal.com\\\/nl\\\/2026\\\/01\\\/26\\\/gol-oprichter-constantino-junior-overleden\\\/#respond\"]}]},{\"@type\":\"WebPage\",\"@id\":\"https:\\\/\\\/transportjournal.com\\\/nl\\\/2026\\\/01\\\/26\\\/gol-oprichter-constantino-junior-overleden\\\/\",\"url\":\"https:\\\/\\\/transportjournal.com\\\/nl\\\/2026\\\/01\\\/26\\\/gol-oprichter-constantino-junior-overleden\\\/\",\"name\":\"GOL-oprichter Constantino Junior overleden - ITJ | International Transport Journal\",\"isPartOf\":{\"@id\":\"https:\\\/\\\/transportjournal.com\\\/nl\\\/#website\"},\"primaryImageOfPage\":{\"@id\":\"https:\\\/\\\/transportjournal.com\\\/nl\\\/2026\\\/01\\\/26\\\/gol-oprichter-constantino-junior-overleden\\\/#primaryimage\"},\"image\":{\"@id\":\"https:\\\/\\\/transportjournal.com\\\/nl\\\/2026\\\/01\\\/26\\\/gol-oprichter-constantino-junior-overleden\\\/#primaryimage\"},\"thumbnailUrl\":\"https:\\\/\\\/transportjournal.com\\\/wp-content\\\/uploads\\\/sites\\\/2\\\/2026\\\/01\\\/GOL-1769257672035-aspect-ratio-1400-788.jpg\",\"datePublished\":\"2026-01-26T15:51:26+00:00\",\"breadcrumb\":{\"@id\":\"https:\\\/\\\/transportjournal.com\\\/nl\\\/2026\\\/01\\\/26\\\/gol-oprichter-constantino-junior-overleden\\\/#breadcrumb\"},\"inLanguage\":\"nl-NL\",\"potentialAction\":[{\"@type\":\"ReadAction\",\"target\":[\"https:\\\/\\\/transportjournal.com\\\/nl\\\/2026\\\/01\\\/26\\\/gol-oprichter-constantino-junior-overleden\\\/\"]}]},{\"@type\":\"ImageObject\",\"inLanguage\":\"nl-NL\",\"@id\":\"https:\\\/\\\/transportjournal.com\\\/nl\\\/2026\\\/01\\\/26\\\/gol-oprichter-constantino-junior-overleden\\\/#primaryimage\",\"url\":\"https:\\\/\\\/transportjournal.com\\\/wp-content\\\/uploads\\\/sites\\\/2\\\/2026\\\/01\\\/GOL-1769257672035-aspect-ratio-1400-788.jpg\",\"contentUrl\":\"https:\\\/\\\/transportjournal.com\\\/wp-content\\\/uploads\\\/sites\\\/2\\\/2026\\\/01\\\/GOL-1769257672035-aspect-ratio-1400-788.jpg\",\"width\":1280,\"height\":720},{\"@type\":\"BreadcrumbList\",\"@id\":\"https:\\\/\\\/transportjournal.com\\\/nl\\\/2026\\\/01\\\/26\\\/gol-oprichter-constantino-junior-overleden\\\/#breadcrumb\",\"itemListElement\":[{\"@type\":\"ListItem\",\"position\":1,\"name\":\"Startseite\",\"item\":\"https:\\\/\\\/transportjournal.com\\\/nl\\\/\"},{\"@type\":\"ListItem\",\"position\":2,\"name\":\"GOL-oprichter Constantino Junior overleden\"}]},{\"@type\":\"WebSite\",\"@id\":\"https:\\\/\\\/transportjournal.com\\\/nl\\\/#website\",\"url\":\"https:\\\/\\\/transportjournal.com\\\/nl\\\/\",\"name\":\"ITJ | International Transport Journal\",\"description\":\"Stay informed with the latest global news from the transport, logistics, and supply chain industries. Transport Journal delivers expert insights, analysis, and updates across shipping, aviation, intermodal, and forwarding.\",\"publisher\":{\"@id\":\"https:\\\/\\\/transportjournal.com\\\/nl\\\/#organization\"},\"potentialAction\":[{\"@type\":\"SearchAction\",\"target\":{\"@type\":\"EntryPoint\",\"urlTemplate\":\"https:\\\/\\\/transportjournal.com\\\/nl\\\/?s={search_term_string}\"},\"query-input\":{\"@type\":\"PropertyValueSpecification\",\"valueRequired\":true,\"valueName\":\"search_term_string\"}}],\"inLanguage\":\"nl-NL\"},{\"@type\":\"Organization\",\"@id\":\"https:\\\/\\\/transportjournal.com\\\/nl\\\/#organization\",\"name\":\"Logismedia Groep AG\",\"alternateName\":\"Logismedia Group AG\",\"url\":\"https:\\\/\\\/transportjournal.com\\\/nl\\\/\",\"logo\":{\"@type\":\"ImageObject\",\"inLanguage\":\"nl-NL\",\"@id\":\"https:\\\/\\\/transportjournal.com\\\/nl\\\/#\\\/schema\\\/logo\\\/image\\\/\",\"url\":\"https:\\\/\\\/transportjournal.com\\\/wp-content\\\/uploads\\\/sites\\\/2\\\/2025\\\/09\\\/Logo_ITJ.png\",\"contentUrl\":\"https:\\\/\\\/transportjournal.com\\\/wp-content\\\/uploads\\\/sites\\\/2\\\/2025\\\/09\\\/Logo_ITJ.png\",\"width\":799,\"height\":326,\"caption\":\"Logismedia Groep AG\"},\"image\":{\"@id\":\"https:\\\/\\\/transportjournal.com\\\/nl\\\/#\\\/schema\\\/logo\\\/image\\\/\"},\"sameAs\":[\"https:\\\/\\\/www.linkedin.com\\\/company\\\/56456496\\\/admin\\\/dashboard\\\/\",\"https:\\\/\\\/www.instagram.com\\\/logismediagroup\\\/\",\"https:\\\/\\\/www.youtube.com\\\/@LogiamediaGroupAG\"]},{\"@type\":\"Person\",\"@id\":\"https:\\\/\\\/transportjournal.com\\\/nl\\\/#\\\/schema\\\/person\\\/cf538b3157f15afd7589245a4b3dbd25\",\"name\":\"Andreas Haug\",\"url\":\"https:\\\/\\\/transportjournal.com\\\/nl\\\/author\\\/andreas\\\/\"}]}<\/script>\n<!-- \/ Yoast SEO plugin. -->","yoast_head_json":{"title":"GOL-oprichter Constantino Junior overleden - ITJ | International Transport Journal","robots":{"index":"index","follow":"follow","max-snippet":"max-snippet:-1","max-image-preview":"max-image-preview:large","max-video-preview":"max-video-preview:-1"},"canonical":"https:\/\/transportjournal.com\/nl\/2026\/01\/26\/gol-oprichter-constantino-junior-overleden\/","og_locale":"nl_NL","og_type":"article","og_title":"GOL-oprichter Constantino Junior overleden - ITJ | International Transport Journal","og_description":"GOL Linhas A\u00e9reas Inteligentes S.A. rouwt om haar oprichter Constantino de Oliveira Junior, die op 24 januari 2026 op 57-jarige leeftijd is overleden.","og_url":"https:\/\/transportjournal.com\/nl\/2026\/01\/26\/gol-oprichter-constantino-junior-overleden\/","og_site_name":"ITJ | International Transport Journal","article_published_time":"2026-01-26T15:51:26+00:00","og_image":[{"width":1280,"height":720,"url":"https:\/\/transportjournal.com\/wp-content\/uploads\/sites\/2\/2026\/01\/GOL-1769257672035-aspect-ratio-1400-788.jpg","type":"image\/jpeg"}],"author":"Andreas Haug","twitter_card":"summary_large_image","twitter_misc":{"Geschreven door":"Andreas Haug","Geschatte leestijd":"2 minuut"},"schema":{"@context":"https:\/\/schema.org","@graph":[{"@type":"Article","@id":"https:\/\/transportjournal.com\/nl\/2026\/01\/26\/gol-oprichter-constantino-junior-overleden\/#article","isPartOf":{"@id":"https:\/\/transportjournal.com\/nl\/2026\/01\/26\/gol-oprichter-constantino-junior-overleden\/"},"author":{"name":"Andreas Haug","@id":"https:\/\/transportjournal.com\/nl\/#\/schema\/person\/cf538b3157f15afd7589245a4b3dbd25"},"headline":"GOL-oprichter Constantino Junior overleden","datePublished":"2026-01-26T15:51:26+00:00","mainEntityOfPage":{"@id":"https:\/\/transportjournal.com\/nl\/2026\/01\/26\/gol-oprichter-constantino-junior-overleden\/"},"wordCount":309,"commentCount":0,"publisher":{"@id":"https:\/\/transportjournal.com\/nl\/#organization"},"image":{"@id":"https:\/\/transportjournal.com\/nl\/2026\/01\/26\/gol-oprichter-constantino-junior-overleden\/#primaryimage"},"thumbnailUrl":"https:\/\/transportjournal.com\/wp-content\/uploads\/sites\/2\/2026\/01\/GOL-1769257672035-aspect-ratio-1400-788.jpg","keywords":["accords de partage de code","air transport market Brazil","airline operating costs","airlines South America","Antonio Kandir","aviation industry Brazil","aviation innovation","Betriebskosten Fluggesellschaften","brasilianische Fluggesellschaft","Brazilian airline","codeshare agreements","Codeshare-Vereinbarungen","compagnie a\u00e9rienne br\u00e9silienne","compagnies a\u00e9riennes Am\u00e9rique du Sud","Constantino Junior","corporate responsibility","co\u00fbts d'exploitation des compagnies a\u00e9riennes","cr\u00e9ation de valeur \u00e0 long terme","customer experience airlines","Deutsch GOL","direction GOL","excellence en aviation","excellence in aviation","exp\u00e9rience client compagnies a\u00e9riennes","Exzellenz in der Luftfahrt","Fachkr\u00e4ftemangel Luftfahrt","Fluggesellschaften S\u00fcdamerika","GOL corporate strategy","GOL Geschichte","GOL history","GOL Linhas A\u00e9reas","GOL management","Grupo Abra","histoire de GOL","industrie a\u00e9ronautique Br\u00e9sil","innovation a\u00e9ronautique","Kundenerlebnis Fluggesellschaften","langfristige Wertsch\u00f6pfung English GOL","long-term value creation Fran\u00e7ais GOL","Luftfahrtbranche Brasilien","Luftfahrtinnovation","Luftverkehrsmarkt Brasilien","march\u00e9 du transport a\u00e9rien Br\u00e9sil","p\u00e9nurie de main-d'\u0153uvre a\u00e9ronautique","responsabilit\u00e9 d'entreprise","safety in aviation","s\u00e9curit\u00e9 en aviation","Sicherheit in der Luftfahrt","strat\u00e9gie d'entreprise GOL","Unternehmensf\u00fchrung GOL","Unternehmensstrategie GOL","Verantwortung in Unternehmen","workforce shortage aviation"],"articleSection":["Amerika","Luchtvracht","Mensen &amp; Bedrijven"],"inLanguage":"nl-NL","potentialAction":[{"@type":"CommentAction","name":"Comment","target":["https:\/\/transportjournal.com\/nl\/2026\/01\/26\/gol-oprichter-constantino-junior-overleden\/#respond"]}]},{"@type":"WebPage","@id":"https:\/\/transportjournal.com\/nl\/2026\/01\/26\/gol-oprichter-constantino-junior-overleden\/","url":"https:\/\/transportjournal.com\/nl\/2026\/01\/26\/gol-oprichter-constantino-junior-overleden\/","name":"GOL-oprichter Constantino Junior overleden - ITJ | International Transport Journal","isPartOf":{"@id":"https:\/\/transportjournal.com\/nl\/#website"},"primaryImageOfPage":{"@id":"https:\/\/transportjournal.com\/nl\/2026\/01\/26\/gol-oprichter-constantino-junior-overleden\/#primaryimage"},"image":{"@id":"https:\/\/transportjournal.com\/nl\/2026\/01\/26\/gol-oprichter-constantino-junior-overleden\/#primaryimage"},"thumbnailUrl":"https:\/\/transportjournal.com\/wp-content\/uploads\/sites\/2\/2026\/01\/GOL-1769257672035-aspect-ratio-1400-788.jpg","datePublished":"2026-01-26T15:51:26+00:00","breadcrumb":{"@id":"https:\/\/transportjournal.com\/nl\/2026\/01\/26\/gol-oprichter-constantino-junior-overleden\/#breadcrumb"},"inLanguage":"nl-NL","potentialAction":[{"@type":"ReadAction","target":["https:\/\/transportjournal.com\/nl\/2026\/01\/26\/gol-oprichter-constantino-junior-overleden\/"]}]},{"@type":"ImageObject","inLanguage":"nl-NL","@id":"https:\/\/transportjournal.com\/nl\/2026\/01\/26\/gol-oprichter-constantino-junior-overleden\/#primaryimage","url":"https:\/\/transportjournal.com\/wp-content\/uploads\/sites\/2\/2026\/01\/GOL-1769257672035-aspect-ratio-1400-788.jpg","contentUrl":"https:\/\/transportjournal.com\/wp-content\/uploads\/sites\/2\/2026\/01\/GOL-1769257672035-aspect-ratio-1400-788.jpg","width":1280,"height":720},{"@type":"BreadcrumbList","@id":"https:\/\/transportjournal.com\/nl\/2026\/01\/26\/gol-oprichter-constantino-junior-overleden\/#breadcrumb","itemListElement":[{"@type":"ListItem","position":1,"name":"Startseite","item":"https:\/\/transportjournal.com\/nl\/"},{"@type":"ListItem","position":2,"name":"GOL-oprichter Constantino Junior overleden"}]},{"@type":"WebSite","@id":"https:\/\/transportjournal.com\/nl\/#website","url":"https:\/\/transportjournal.com\/nl\/","name":"ITJ | International Transport Journal","description":"Stay informed with the latest global news from the transport, logistics, and supply chain industries. Transport Journal delivers expert insights, analysis, and updates across shipping, aviation, intermodal, and forwarding.","publisher":{"@id":"https:\/\/transportjournal.com\/nl\/#organization"},"potentialAction":[{"@type":"SearchAction","target":{"@type":"EntryPoint","urlTemplate":"https:\/\/transportjournal.com\/nl\/?s={search_term_string}"},"query-input":{"@type":"PropertyValueSpecification","valueRequired":true,"valueName":"search_term_string"}}],"inLanguage":"nl-NL"},{"@type":"Organization","@id":"https:\/\/transportjournal.com\/nl\/#organization","name":"Logismedia Groep AG","alternateName":"Logismedia Group AG","url":"https:\/\/transportjournal.com\/nl\/","logo":{"@type":"ImageObject","inLanguage":"nl-NL","@id":"https:\/\/transportjournal.com\/nl\/#\/schema\/logo\/image\/","url":"https:\/\/transportjournal.com\/wp-content\/uploads\/sites\/2\/2025\/09\/Logo_ITJ.png","contentUrl":"https:\/\/transportjournal.com\/wp-content\/uploads\/sites\/2\/2025\/09\/Logo_ITJ.png","width":799,"height":326,"caption":"Logismedia Groep AG"},"image":{"@id":"https:\/\/transportjournal.com\/nl\/#\/schema\/logo\/image\/"},"sameAs":["https:\/\/www.linkedin.com\/company\/56456496\/admin\/dashboard\/","https:\/\/www.instagram.com\/logismediagroup\/","https:\/\/www.youtube.com\/@LogiamediaGroupAG"]},{"@type":"Person","@id":"https:\/\/transportjournal.com\/nl\/#\/schema\/person\/cf538b3157f15afd7589245a4b3dbd25","name":"Andreas Haug","url":"https:\/\/transportjournal.com\/nl\/author\/andreas\/"}]}},"_links":{"self":[{"href":"https:\/\/transportjournal.com\/nl\/wp-json\/wp\/v2\/posts\/74439","targetHints":{"allow":["GET"]}}],"collection":[{"href":"https:\/\/transportjournal.com\/nl\/wp-json\/wp\/v2\/posts"}],"about":[{"href":"https:\/\/transportjournal.com\/nl\/wp-json\/wp\/v2\/types\/post"}],"author":[{"embeddable":true,"href":"https:\/\/transportjournal.com\/nl\/wp-json\/wp\/v2\/users\/12"}],"replies":[{"embeddable":true,"href":"https:\/\/transportjournal.com\/nl\/wp-json\/wp\/v2\/comments?post=74439"}],"version-history":[{"count":0,"href":"https:\/\/transportjournal.com\/nl\/wp-json\/wp\/v2\/posts\/74439\/revisions"}],"wp:featuredmedia":[{"embeddable":true,"href":"https:\/\/transportjournal.com\/nl\/wp-json\/wp\/v2\/media\/74433"}],"wp:attachment":[{"href":"https:\/\/transportjournal.com\/nl\/wp-json\/wp\/v2\/media?parent=74439"}],"wp:term":[{"taxonomy":"category","embeddable":true,"href":"https:\/\/transportjournal.com\/nl\/wp-json\/wp\/v2\/categories?post=74439"},{"taxonomy":"post_tag","embeddable":true,"href":"https:\/\/transportjournal.com\/nl\/wp-json\/wp\/v2\/tags?post=74439"}],"curies":[{"name":"wp","href":"https:\/\/api.w.org\/{rel}","templated":true}]}}