{"id":74414,"date":"2026-01-26T13:29:15","date_gmt":"2026-01-26T13:29:15","guid":{"rendered":"https:\/\/transportjournal.com\/2026\/01\/26\/leschaco-benoemt-emile-goossens-tot-cfo\/"},"modified":"2026-01-26T13:29:15","modified_gmt":"2026-01-26T13:29:15","slug":"leschaco-benoemt-emile-goossens-tot-cfo","status":"publish","type":"post","link":"https:\/\/transportjournal.com\/nl\/2026\/01\/26\/leschaco-benoemt-emile-goossens-tot-cfo\/","title":{"rendered":"Leschaco benoemt Emile Goossens tot CFO"},"content":{"rendered":"<p>Leschaco heeft Emile Goossens per 1 april 2026 benoemd tot Chief Financial Officer (CFO). Hij volgt Lutz Weber op, die zijn interim-positie eind 2025 be\u00ebindigt na succesvolle ondersteuning van het bedrijf in een belangrijke transformatieperiode.<\/p>\n<p>Emile Goossens brengt meer dan 30 jaar internationale ervaring in de logistieke sector mee. Laatstelijk was hij CFO voor Belgi\u00eb, Nederland en Luxemburg bij DB Schenker, waar hij een financi\u00eble organisatie leidde met 30 medewerkers op 30 locaties en meer dan 3.400 medewerkers ondersteunde. Zijn loopbaan combineert uitgebreide financi\u00eble expertise met brede managementervaring, inclusief een negen maanden durende functie als interim-CEO van DB Schenker Benelux.<\/p>\n<p>Gedurende zijn carri\u00e8re heeft Goossens talrijke complexe transformatieprojecten succesvol uitgevoerd, financi\u00eble functies ge\u00efntegreerd in shared-service structuren en moderne rapportage- en IT-systemen ge\u00efmplementeerd. Hij heeft aantoonbaar de financi\u00eble prestaties van veeleisende bedrijfseenheden duurzaam verbeterd door gedisciplineerd financieel management, transparante governance en nauwe samenwerking met operationele teams. Zijn leiderschapsstijl kenmerkt zich door integriteit, helderheid en een sterke focus op medewerkers, wat nauw aansluit bij de waarden en langetermijndoelen van Leschaco.<\/p>\n<p>De benoeming vindt plaats op een moment dat Leschaco de uitvoering van zijn strategie 2030, die in 2021 is ge\u00efntroduceerd, continu voortzet en steeds zichtbare vooruitgang boekt bij de transformatie van zijn bedrijfsmodel, organisatiestructuur en bedrijfscultuur. Het selectieproces voor de CFO-positie was gericht op stabiliteit en langdurige continu\u00efteit.<\/p>\n<p>&nbsp;<\/p>\n<p><a href=\"https:\/\/www.leschaco.com\/\" target=\"_blank\" rel=\"noopener noreferrer\">www.leschaco.com<\/a><\/p>\n<p>&nbsp;<\/p>\n","protected":false},"excerpt":{"rendered":"<p>Leschaco heeft Emile Goossens benoemd tot CFO om de strategie 2030 te bevorderen en de transformatie van het bedrijf verder te ondersteunen<\/p>\n","protected":false},"author":12,"featured_media":74408,"comment_status":"open","ping_status":"open","sticky":false,"template":"","format":"standard","meta":{"_acf_changed":false,"footnotes":""},"categories":[9092,1599,1593,1591],"tags":[9458,9459,2548,2651,9460,2211,2212,9461,9462,9463,9464,9465,9466,9467,5593,9468,5596,9469,9470,5599,9471,2562,9472,9473,9474,9475,9476,9477,2918,9478,2135,9479,9480,9481,9482,9483,2145,9484,9485,9486,2153,9487,9488,9489,9490,9491,9492,9493,2242,9494,9495,2157],"class_list":["post-74414","post","type-post","status-publish","format-standard","has-post-thumbnail","hentry","category-deutschland","category-europa","category-expeditie-logistiek","category-mensen-bedrijven","tag-cfo-appointment","tag-cfo-ernennung","tag-corporate-governance","tag-db-schenker","tag-deutsch-leschaco","tag-digital-transformation","tag-digitale-transformation","tag-emile-goossens","tag-employee-leadership","tag-experience-internationale","tag-expertise-financiere","tag-fachkraeftemangel-logistik-english-leschaco","tag-finance-organization","tag-financial-expertise","tag-financial-management","tag-finanzexpertise","tag-finanzmanagement","tag-finanzorganisation","tag-gestion-dentreprise-durable","tag-gestion-financiere","tag-gouvernance","tag-gouvernance-dentreprise","tag-governance","tag-international-experience","tag-internationale-erfahrung","tag-labor-shortage-logistics-francais-leschaco","tag-leader-du-marche-logistique","tag-leadership-des-employes","tag-logistics-industry","tag-logistics-market-leader","tag-logistikbranche","tag-marktfuehrer-logistik","tag-mitarbeiterfuehrung","tag-nachhaltige-unternehmensfuehrung","tag-nomination-cfo","tag-organisation-financiere","tag-penurie-de-main-doeuvre-logistique","tag-projets-de-transformation","tag-reporting-systems","tag-reporting-systeme","tag-secteur-logistique","tag-shared-service-structures","tag-shared-service-strukturen","tag-strategie-2030","tag-strategy-2030","tag-structures-de-services-partages","tag-sustainable-corporate-management","tag-systemes-de-reporting","tag-transformation-numerique","tag-transformation-projects","tag-transformationsprojekte","tag-unternehmensfuehrung"],"acf":[],"yoast_head":"<!-- This site is optimized with the Yoast SEO plugin v27.3 - https:\/\/yoast.com\/product\/yoast-seo-wordpress\/ -->\n<title>Leschaco benoemt Emile Goossens tot CFO - ITJ | International Transport Journal<\/title>\n<meta name=\"robots\" content=\"index, follow, max-snippet:-1, max-image-preview:large, max-video-preview:-1\" \/>\n<link rel=\"canonical\" href=\"https:\/\/transportjournal.com\/nl\/2026\/01\/26\/leschaco-benoemt-emile-goossens-tot-cfo\/\" \/>\n<meta property=\"og:locale\" content=\"nl_NL\" \/>\n<meta property=\"og:type\" content=\"article\" \/>\n<meta property=\"og:title\" content=\"Leschaco benoemt Emile Goossens tot CFO - ITJ | International Transport Journal\" \/>\n<meta property=\"og:description\" content=\"Leschaco heeft Emile Goossens benoemd tot CFO om de strategie 2030 te bevorderen en de transformatie van het bedrijf verder te ondersteunen\" \/>\n<meta property=\"og:url\" content=\"https:\/\/transportjournal.com\/nl\/2026\/01\/26\/leschaco-benoemt-emile-goossens-tot-cfo\/\" \/>\n<meta property=\"og:site_name\" content=\"ITJ | International Transport Journal\" \/>\n<meta property=\"article:published_time\" content=\"2026-01-26T13:29:15+00:00\" \/>\n<meta property=\"og:image\" content=\"https:\/\/transportjournal.com\/wp-content\/uploads\/sites\/2\/2026\/01\/Emile-Goossens-high-aspect-ratio-1400-788.png\" \/>\n\t<meta property=\"og:image:width\" content=\"1920\" \/>\n\t<meta property=\"og:image:height\" content=\"1081\" \/>\n\t<meta property=\"og:image:type\" content=\"image\/png\" \/>\n<meta name=\"author\" content=\"Andreas Haug\" \/>\n<meta name=\"twitter:card\" content=\"summary_large_image\" \/>\n<meta name=\"twitter:label1\" content=\"Geschreven door\" \/>\n\t<meta name=\"twitter:data1\" content=\"Andreas Haug\" \/>\n\t<meta name=\"twitter:label2\" content=\"Geschatte leestijd\" \/>\n\t<meta name=\"twitter:data2\" content=\"1 minuut\" \/>\n<script type=\"application\/ld+json\" class=\"yoast-schema-graph\">{\"@context\":\"https:\\\/\\\/schema.org\",\"@graph\":[{\"@type\":\"Article\",\"@id\":\"https:\\\/\\\/transportjournal.com\\\/nl\\\/2026\\\/01\\\/26\\\/leschaco-benoemt-emile-goossens-tot-cfo\\\/#article\",\"isPartOf\":{\"@id\":\"https:\\\/\\\/transportjournal.com\\\/nl\\\/2026\\\/01\\\/26\\\/leschaco-benoemt-emile-goossens-tot-cfo\\\/\"},\"author\":{\"name\":\"Andreas Haug\",\"@id\":\"https:\\\/\\\/transportjournal.com\\\/nl\\\/#\\\/schema\\\/person\\\/cf538b3157f15afd7589245a4b3dbd25\"},\"headline\":\"Leschaco benoemt Emile Goossens tot CFO\",\"datePublished\":\"2026-01-26T13:29:15+00:00\",\"mainEntityOfPage\":{\"@id\":\"https:\\\/\\\/transportjournal.com\\\/nl\\\/2026\\\/01\\\/26\\\/leschaco-benoemt-emile-goossens-tot-cfo\\\/\"},\"wordCount\":228,\"commentCount\":0,\"publisher\":{\"@id\":\"https:\\\/\\\/transportjournal.com\\\/nl\\\/#organization\"},\"image\":{\"@id\":\"https:\\\/\\\/transportjournal.com\\\/nl\\\/2026\\\/01\\\/26\\\/leschaco-benoemt-emile-goossens-tot-cfo\\\/#primaryimage\"},\"thumbnailUrl\":\"https:\\\/\\\/transportjournal.com\\\/wp-content\\\/uploads\\\/sites\\\/2\\\/2026\\\/01\\\/Emile-Goossens-high-aspect-ratio-1400-788.png\",\"keywords\":[\"CFO appointment\",\"CFO Ernennung\",\"corporate governance\",\"DB Schenker\",\"Deutsch Leschaco\",\"digital transformation\",\"digitale Transformation\",\"Emile Goossens\",\"employee leadership\",\"exp\u00e9rience internationale\",\"expertise financi\u00e8re\",\"Fachkr\u00e4ftemangel Logistik English Leschaco\",\"finance organization\",\"financial expertise\",\"financial management\",\"Finanzexpertise\",\"Finanzmanagement\",\"Finanzorganisation\",\"gestion d'entreprise durable\",\"gestion financi\u00e8re\",\"gouvernance\",\"gouvernance d'entreprise\",\"Governance\",\"international experience\",\"internationale Erfahrung\",\"labor shortage logistics Fran\u00e7ais Leschaco\",\"leader du march\u00e9 logistique\",\"leadership des employ\u00e9s\",\"logistics industry\",\"logistics market leader\",\"Logistikbranche\",\"Marktf\u00fchrer Logistik\",\"Mitarbeiterf\u00fchrung\",\"nachhaltige Unternehmensf\u00fchrung\",\"nomination CFO\",\"organisation financi\u00e8re\",\"p\u00e9nurie de main-d'\u0153uvre logistique\",\"projets de transformation\",\"reporting systems\",\"Reporting-Systeme\",\"secteur logistique\",\"shared service structures\",\"Shared-Service-Strukturen\",\"Strategie 2030\",\"strategy 2030\",\"structures de services partag\u00e9s\",\"sustainable corporate management\",\"syst\u00e8mes de reporting\",\"transformation num\u00e9rique\",\"transformation projects\",\"Transformationsprojekte\",\"Unternehmensf\u00fchrung\"],\"articleSection\":[\"Deutschland\",\"Europa\",\"Expeditie &amp; Logistiek\",\"Mensen &amp; Bedrijven\"],\"inLanguage\":\"nl-NL\",\"potentialAction\":[{\"@type\":\"CommentAction\",\"name\":\"Comment\",\"target\":[\"https:\\\/\\\/transportjournal.com\\\/nl\\\/2026\\\/01\\\/26\\\/leschaco-benoemt-emile-goossens-tot-cfo\\\/#respond\"]}]},{\"@type\":\"WebPage\",\"@id\":\"https:\\\/\\\/transportjournal.com\\\/nl\\\/2026\\\/01\\\/26\\\/leschaco-benoemt-emile-goossens-tot-cfo\\\/\",\"url\":\"https:\\\/\\\/transportjournal.com\\\/nl\\\/2026\\\/01\\\/26\\\/leschaco-benoemt-emile-goossens-tot-cfo\\\/\",\"name\":\"Leschaco benoemt Emile Goossens tot CFO - ITJ | International Transport Journal\",\"isPartOf\":{\"@id\":\"https:\\\/\\\/transportjournal.com\\\/nl\\\/#website\"},\"primaryImageOfPage\":{\"@id\":\"https:\\\/\\\/transportjournal.com\\\/nl\\\/2026\\\/01\\\/26\\\/leschaco-benoemt-emile-goossens-tot-cfo\\\/#primaryimage\"},\"image\":{\"@id\":\"https:\\\/\\\/transportjournal.com\\\/nl\\\/2026\\\/01\\\/26\\\/leschaco-benoemt-emile-goossens-tot-cfo\\\/#primaryimage\"},\"thumbnailUrl\":\"https:\\\/\\\/transportjournal.com\\\/wp-content\\\/uploads\\\/sites\\\/2\\\/2026\\\/01\\\/Emile-Goossens-high-aspect-ratio-1400-788.png\",\"datePublished\":\"2026-01-26T13:29:15+00:00\",\"breadcrumb\":{\"@id\":\"https:\\\/\\\/transportjournal.com\\\/nl\\\/2026\\\/01\\\/26\\\/leschaco-benoemt-emile-goossens-tot-cfo\\\/#breadcrumb\"},\"inLanguage\":\"nl-NL\",\"potentialAction\":[{\"@type\":\"ReadAction\",\"target\":[\"https:\\\/\\\/transportjournal.com\\\/nl\\\/2026\\\/01\\\/26\\\/leschaco-benoemt-emile-goossens-tot-cfo\\\/\"]}]},{\"@type\":\"ImageObject\",\"inLanguage\":\"nl-NL\",\"@id\":\"https:\\\/\\\/transportjournal.com\\\/nl\\\/2026\\\/01\\\/26\\\/leschaco-benoemt-emile-goossens-tot-cfo\\\/#primaryimage\",\"url\":\"https:\\\/\\\/transportjournal.com\\\/wp-content\\\/uploads\\\/sites\\\/2\\\/2026\\\/01\\\/Emile-Goossens-high-aspect-ratio-1400-788.png\",\"contentUrl\":\"https:\\\/\\\/transportjournal.com\\\/wp-content\\\/uploads\\\/sites\\\/2\\\/2026\\\/01\\\/Emile-Goossens-high-aspect-ratio-1400-788.png\",\"width\":1920,\"height\":1081},{\"@type\":\"BreadcrumbList\",\"@id\":\"https:\\\/\\\/transportjournal.com\\\/nl\\\/2026\\\/01\\\/26\\\/leschaco-benoemt-emile-goossens-tot-cfo\\\/#breadcrumb\",\"itemListElement\":[{\"@type\":\"ListItem\",\"position\":1,\"name\":\"Startseite\",\"item\":\"https:\\\/\\\/transportjournal.com\\\/nl\\\/\"},{\"@type\":\"ListItem\",\"position\":2,\"name\":\"Leschaco benoemt Emile Goossens tot CFO\"}]},{\"@type\":\"WebSite\",\"@id\":\"https:\\\/\\\/transportjournal.com\\\/nl\\\/#website\",\"url\":\"https:\\\/\\\/transportjournal.com\\\/nl\\\/\",\"name\":\"ITJ | International Transport Journal\",\"description\":\"Stay informed with the latest global news from the transport, logistics, and supply chain industries. Transport Journal delivers expert insights, analysis, and updates across shipping, aviation, intermodal, and forwarding.\",\"publisher\":{\"@id\":\"https:\\\/\\\/transportjournal.com\\\/nl\\\/#organization\"},\"potentialAction\":[{\"@type\":\"SearchAction\",\"target\":{\"@type\":\"EntryPoint\",\"urlTemplate\":\"https:\\\/\\\/transportjournal.com\\\/nl\\\/?s={search_term_string}\"},\"query-input\":{\"@type\":\"PropertyValueSpecification\",\"valueRequired\":true,\"valueName\":\"search_term_string\"}}],\"inLanguage\":\"nl-NL\"},{\"@type\":\"Organization\",\"@id\":\"https:\\\/\\\/transportjournal.com\\\/nl\\\/#organization\",\"name\":\"Logismedia Groep AG\",\"alternateName\":\"Logismedia Group AG\",\"url\":\"https:\\\/\\\/transportjournal.com\\\/nl\\\/\",\"logo\":{\"@type\":\"ImageObject\",\"inLanguage\":\"nl-NL\",\"@id\":\"https:\\\/\\\/transportjournal.com\\\/nl\\\/#\\\/schema\\\/logo\\\/image\\\/\",\"url\":\"https:\\\/\\\/transportjournal.com\\\/wp-content\\\/uploads\\\/sites\\\/2\\\/2025\\\/09\\\/Logo_ITJ.png\",\"contentUrl\":\"https:\\\/\\\/transportjournal.com\\\/wp-content\\\/uploads\\\/sites\\\/2\\\/2025\\\/09\\\/Logo_ITJ.png\",\"width\":799,\"height\":326,\"caption\":\"Logismedia Groep AG\"},\"image\":{\"@id\":\"https:\\\/\\\/transportjournal.com\\\/nl\\\/#\\\/schema\\\/logo\\\/image\\\/\"},\"sameAs\":[\"https:\\\/\\\/www.linkedin.com\\\/company\\\/56456496\\\/admin\\\/dashboard\\\/\",\"https:\\\/\\\/www.instagram.com\\\/logismediagroup\\\/\",\"https:\\\/\\\/www.youtube.com\\\/@LogiamediaGroupAG\"]},{\"@type\":\"Person\",\"@id\":\"https:\\\/\\\/transportjournal.com\\\/nl\\\/#\\\/schema\\\/person\\\/cf538b3157f15afd7589245a4b3dbd25\",\"name\":\"Andreas Haug\",\"url\":\"https:\\\/\\\/transportjournal.com\\\/nl\\\/author\\\/andreas\\\/\"}]}<\/script>\n<!-- \/ Yoast SEO plugin. -->","yoast_head_json":{"title":"Leschaco benoemt Emile Goossens tot CFO - ITJ | International Transport Journal","robots":{"index":"index","follow":"follow","max-snippet":"max-snippet:-1","max-image-preview":"max-image-preview:large","max-video-preview":"max-video-preview:-1"},"canonical":"https:\/\/transportjournal.com\/nl\/2026\/01\/26\/leschaco-benoemt-emile-goossens-tot-cfo\/","og_locale":"nl_NL","og_type":"article","og_title":"Leschaco benoemt Emile Goossens tot CFO - ITJ | International Transport Journal","og_description":"Leschaco heeft Emile Goossens benoemd tot CFO om de strategie 2030 te bevorderen en de transformatie van het bedrijf verder te ondersteunen","og_url":"https:\/\/transportjournal.com\/nl\/2026\/01\/26\/leschaco-benoemt-emile-goossens-tot-cfo\/","og_site_name":"ITJ | International Transport Journal","article_published_time":"2026-01-26T13:29:15+00:00","og_image":[{"width":1920,"height":1081,"url":"https:\/\/transportjournal.com\/wp-content\/uploads\/sites\/2\/2026\/01\/Emile-Goossens-high-aspect-ratio-1400-788.png","type":"image\/png"}],"author":"Andreas Haug","twitter_card":"summary_large_image","twitter_misc":{"Geschreven door":"Andreas Haug","Geschatte leestijd":"1 minuut"},"schema":{"@context":"https:\/\/schema.org","@graph":[{"@type":"Article","@id":"https:\/\/transportjournal.com\/nl\/2026\/01\/26\/leschaco-benoemt-emile-goossens-tot-cfo\/#article","isPartOf":{"@id":"https:\/\/transportjournal.com\/nl\/2026\/01\/26\/leschaco-benoemt-emile-goossens-tot-cfo\/"},"author":{"name":"Andreas Haug","@id":"https:\/\/transportjournal.com\/nl\/#\/schema\/person\/cf538b3157f15afd7589245a4b3dbd25"},"headline":"Leschaco benoemt Emile Goossens tot CFO","datePublished":"2026-01-26T13:29:15+00:00","mainEntityOfPage":{"@id":"https:\/\/transportjournal.com\/nl\/2026\/01\/26\/leschaco-benoemt-emile-goossens-tot-cfo\/"},"wordCount":228,"commentCount":0,"publisher":{"@id":"https:\/\/transportjournal.com\/nl\/#organization"},"image":{"@id":"https:\/\/transportjournal.com\/nl\/2026\/01\/26\/leschaco-benoemt-emile-goossens-tot-cfo\/#primaryimage"},"thumbnailUrl":"https:\/\/transportjournal.com\/wp-content\/uploads\/sites\/2\/2026\/01\/Emile-Goossens-high-aspect-ratio-1400-788.png","keywords":["CFO appointment","CFO Ernennung","corporate governance","DB Schenker","Deutsch Leschaco","digital transformation","digitale Transformation","Emile Goossens","employee leadership","exp\u00e9rience internationale","expertise financi\u00e8re","Fachkr\u00e4ftemangel Logistik English Leschaco","finance organization","financial expertise","financial management","Finanzexpertise","Finanzmanagement","Finanzorganisation","gestion d'entreprise durable","gestion financi\u00e8re","gouvernance","gouvernance d'entreprise","Governance","international experience","internationale Erfahrung","labor shortage logistics Fran\u00e7ais Leschaco","leader du march\u00e9 logistique","leadership des employ\u00e9s","logistics industry","logistics market leader","Logistikbranche","Marktf\u00fchrer Logistik","Mitarbeiterf\u00fchrung","nachhaltige Unternehmensf\u00fchrung","nomination CFO","organisation financi\u00e8re","p\u00e9nurie de main-d'\u0153uvre logistique","projets de transformation","reporting systems","Reporting-Systeme","secteur logistique","shared service structures","Shared-Service-Strukturen","Strategie 2030","strategy 2030","structures de services partag\u00e9s","sustainable corporate management","syst\u00e8mes de reporting","transformation num\u00e9rique","transformation projects","Transformationsprojekte","Unternehmensf\u00fchrung"],"articleSection":["Deutschland","Europa","Expeditie &amp; Logistiek","Mensen &amp; Bedrijven"],"inLanguage":"nl-NL","potentialAction":[{"@type":"CommentAction","name":"Comment","target":["https:\/\/transportjournal.com\/nl\/2026\/01\/26\/leschaco-benoemt-emile-goossens-tot-cfo\/#respond"]}]},{"@type":"WebPage","@id":"https:\/\/transportjournal.com\/nl\/2026\/01\/26\/leschaco-benoemt-emile-goossens-tot-cfo\/","url":"https:\/\/transportjournal.com\/nl\/2026\/01\/26\/leschaco-benoemt-emile-goossens-tot-cfo\/","name":"Leschaco benoemt Emile Goossens tot CFO - ITJ | International Transport Journal","isPartOf":{"@id":"https:\/\/transportjournal.com\/nl\/#website"},"primaryImageOfPage":{"@id":"https:\/\/transportjournal.com\/nl\/2026\/01\/26\/leschaco-benoemt-emile-goossens-tot-cfo\/#primaryimage"},"image":{"@id":"https:\/\/transportjournal.com\/nl\/2026\/01\/26\/leschaco-benoemt-emile-goossens-tot-cfo\/#primaryimage"},"thumbnailUrl":"https:\/\/transportjournal.com\/wp-content\/uploads\/sites\/2\/2026\/01\/Emile-Goossens-high-aspect-ratio-1400-788.png","datePublished":"2026-01-26T13:29:15+00:00","breadcrumb":{"@id":"https:\/\/transportjournal.com\/nl\/2026\/01\/26\/leschaco-benoemt-emile-goossens-tot-cfo\/#breadcrumb"},"inLanguage":"nl-NL","potentialAction":[{"@type":"ReadAction","target":["https:\/\/transportjournal.com\/nl\/2026\/01\/26\/leschaco-benoemt-emile-goossens-tot-cfo\/"]}]},{"@type":"ImageObject","inLanguage":"nl-NL","@id":"https:\/\/transportjournal.com\/nl\/2026\/01\/26\/leschaco-benoemt-emile-goossens-tot-cfo\/#primaryimage","url":"https:\/\/transportjournal.com\/wp-content\/uploads\/sites\/2\/2026\/01\/Emile-Goossens-high-aspect-ratio-1400-788.png","contentUrl":"https:\/\/transportjournal.com\/wp-content\/uploads\/sites\/2\/2026\/01\/Emile-Goossens-high-aspect-ratio-1400-788.png","width":1920,"height":1081},{"@type":"BreadcrumbList","@id":"https:\/\/transportjournal.com\/nl\/2026\/01\/26\/leschaco-benoemt-emile-goossens-tot-cfo\/#breadcrumb","itemListElement":[{"@type":"ListItem","position":1,"name":"Startseite","item":"https:\/\/transportjournal.com\/nl\/"},{"@type":"ListItem","position":2,"name":"Leschaco benoemt Emile Goossens tot CFO"}]},{"@type":"WebSite","@id":"https:\/\/transportjournal.com\/nl\/#website","url":"https:\/\/transportjournal.com\/nl\/","name":"ITJ | International Transport Journal","description":"Stay informed with the latest global news from the transport, logistics, and supply chain industries. Transport Journal delivers expert insights, analysis, and updates across shipping, aviation, intermodal, and forwarding.","publisher":{"@id":"https:\/\/transportjournal.com\/nl\/#organization"},"potentialAction":[{"@type":"SearchAction","target":{"@type":"EntryPoint","urlTemplate":"https:\/\/transportjournal.com\/nl\/?s={search_term_string}"},"query-input":{"@type":"PropertyValueSpecification","valueRequired":true,"valueName":"search_term_string"}}],"inLanguage":"nl-NL"},{"@type":"Organization","@id":"https:\/\/transportjournal.com\/nl\/#organization","name":"Logismedia Groep AG","alternateName":"Logismedia Group AG","url":"https:\/\/transportjournal.com\/nl\/","logo":{"@type":"ImageObject","inLanguage":"nl-NL","@id":"https:\/\/transportjournal.com\/nl\/#\/schema\/logo\/image\/","url":"https:\/\/transportjournal.com\/wp-content\/uploads\/sites\/2\/2025\/09\/Logo_ITJ.png","contentUrl":"https:\/\/transportjournal.com\/wp-content\/uploads\/sites\/2\/2025\/09\/Logo_ITJ.png","width":799,"height":326,"caption":"Logismedia Groep AG"},"image":{"@id":"https:\/\/transportjournal.com\/nl\/#\/schema\/logo\/image\/"},"sameAs":["https:\/\/www.linkedin.com\/company\/56456496\/admin\/dashboard\/","https:\/\/www.instagram.com\/logismediagroup\/","https:\/\/www.youtube.com\/@LogiamediaGroupAG"]},{"@type":"Person","@id":"https:\/\/transportjournal.com\/nl\/#\/schema\/person\/cf538b3157f15afd7589245a4b3dbd25","name":"Andreas Haug","url":"https:\/\/transportjournal.com\/nl\/author\/andreas\/"}]}},"_links":{"self":[{"href":"https:\/\/transportjournal.com\/nl\/wp-json\/wp\/v2\/posts\/74414","targetHints":{"allow":["GET"]}}],"collection":[{"href":"https:\/\/transportjournal.com\/nl\/wp-json\/wp\/v2\/posts"}],"about":[{"href":"https:\/\/transportjournal.com\/nl\/wp-json\/wp\/v2\/types\/post"}],"author":[{"embeddable":true,"href":"https:\/\/transportjournal.com\/nl\/wp-json\/wp\/v2\/users\/12"}],"replies":[{"embeddable":true,"href":"https:\/\/transportjournal.com\/nl\/wp-json\/wp\/v2\/comments?post=74414"}],"version-history":[{"count":0,"href":"https:\/\/transportjournal.com\/nl\/wp-json\/wp\/v2\/posts\/74414\/revisions"}],"wp:featuredmedia":[{"embeddable":true,"href":"https:\/\/transportjournal.com\/nl\/wp-json\/wp\/v2\/media\/74408"}],"wp:attachment":[{"href":"https:\/\/transportjournal.com\/nl\/wp-json\/wp\/v2\/media?parent=74414"}],"wp:term":[{"taxonomy":"category","embeddable":true,"href":"https:\/\/transportjournal.com\/nl\/wp-json\/wp\/v2\/categories?post=74414"},{"taxonomy":"post_tag","embeddable":true,"href":"https:\/\/transportjournal.com\/nl\/wp-json\/wp\/v2\/tags?post=74414"}],"curies":[{"name":"wp","href":"https:\/\/api.w.org\/{rel}","templated":true}]}}