{"id":74391,"date":"2026-01-26T10:02:57","date_gmt":"2026-01-26T10:02:57","guid":{"rendered":"https:\/\/transportjournal.com\/2026\/01\/26\/nieuwe-luchtvrachtservice-naar-europa\/"},"modified":"2026-01-26T14:09:27","modified_gmt":"2026-01-26T13:09:27","slug":"nieuwe-luchtvrachtservice-naar-europa","status":"publish","type":"post","link":"https:\/\/transportjournal.com\/nl\/2026\/01\/26\/nieuwe-luchtvrachtservice-naar-europa\/","title":{"rendered":"Nieuwe luchtvrachtservice naar Europa"},"content":{"rendered":"<p>DP World en de Punta Cana Vrijhandelszone hebben een nieuwe internationale luchtvrachtservice naar Europa gelanceerd, die de rol van de Dominicaanse Republiek als logistiek en transitcentrum voor de Amerika&#8217;s moet versterken. De service wordt afgehandeld via het luchtvrachtcentrum Punta Cana in het oosten van het land.<\/p>\n<h3>Nieuwe luchtvrachtservice versterkt handelsverbindingen<\/h3>\n<p>De nieuwe service, die op dinsdag en zaterdag opereert, is ontworpen om transitvracht uit Zuid-Amerika, Midden-Amerika en het Caribisch gebied via het luchtvrachtcentrum Punta Cana naar Europa te vervoeren. In de beginfase wordt verwacht dat het centrum maandelijks tot 120 ton luchtvracht afhandelt, wat de snelheid en betrouwbaarheid voor regionale exporteurs moet verbeteren.<\/p>\n<p>De uitgebreide service ondersteunt het transport van waardevolle en tijdkritische goederen, waaronder bederfelijke waren zoals bloemen en fruit, farmaceutica, pakketten en droge vracht. Zendingen uit Colombia, Ecuador en Peru worden in Punta Cana geconsolideerd en verbonden met frequente lijnvluchten naar belangrijke Europese markten zoals Madrid, Frankfurt en Londen. De partners onderzoeken ook de mogelijkheid om de service naar Canada uit te breiden, aangezien de vraag blijft toenemen.<\/p>\n<h3>Infrastructuur voor tijdkritische vracht<\/h3>\n<p>Het luchtvrachtcentrum Punta Cana is speciaal ontworpen voor de afhandeling van temperatuurgevoelige vracht en biedt ongeveer 4.000 vierkante meter koelruimte die bestemd is voor bederfelijke goederen. Bovendien zijn de processen voor transitvracht geoptimaliseerd om de transfer tijden te verkorten. Directe toegang tot de laadperrons voor vrachtvliegtuigen en verkeersvliegtuigen, evenals verbeterde beveiligingsdiensten en speciale handlingsapparatuur voor verschillende vrachtsoorten, maken ook deel uit van de infrastructuur.<\/p>\n<p>De nieuwe service bouwt voort op de aankomst van het eerste vrachtvliegtuig in 2024, dat de infrastructuur en het bedrijfsmodel van de terminal valideerde en de basis legde voor duurzame groei van het internationale luchtvrachtverkeer. In 2025 zal de luchtvrachtterminal naar verwachting meer dan 33.000 ton aan importen, exporten en transitvracht hebben afgehandeld, wat een stijging van 15% ten opzichte van 2024 betekent.<\/p>\n<p>Manuel Mart\u00ednez, CEO van DP World in de Dominicaanse Republiek, verklaarde: &#8222;Deze uitbreiding versterkt onze gezamenlijke visie met de Punta Cana Vrijhandelszone om Punta Cana te positioneren als een belangrijk regionaal knooppunt binnen wereldwijde handelsnetwerken. Door de capaciteit en voorspelbaarheid van de service te verhogen, bieden we exporteurs en logistieke dienstverleners snellere en betrouwbaardere toegang tot internationale markten en versterken we de concurrentiekracht van de regio.&#8220;<\/p>\n<p>&nbsp;<\/p>\n<p><a href=\"https:\/\/www.dpworld.com\/\" target=\"_blank\" rel=\"noopener noreferrer\">www.dpworld.com<\/a><\/p>\n<p>&nbsp;<\/p>\n","protected":false},"excerpt":{"rendered":"<p>DP World en de Punta Cana Vrijhandelszone hebben een nieuwe luchtvrachtservice naar Europa gelanceerd om de logistiek van de Dominicaanse Republiek te versterken<\/p>\n","protected":false},"author":12,"featured_media":74385,"comment_status":"open","ping_status":"open","sticky":false,"template":"","format":"standard","meta":{"_acf_changed":false,"footnotes":""},"categories":[1602,1599,1594],"tags":[9388,5507,9389,3402,9390,9391,9392,2265,6754,9393,9394,2032,9395,9396,9397,2952,9398,9399,9400,9401,2960,2961,9402,9403,2133,9404,1831,9405,9406,9407,9408,9409,9410,9411,9412,9084,9085,2148,9413,9414,9415,9416,9417,9418,9419,9420,9421,9422,9423,9424,9425,9426,7052,9427],"class_list":["post-74391","post","type-post","status-publish","format-standard","has-post-thumbnail","hentry","category-amerika","category-europa","category-luchtvracht","tag-air-freight-service-2024","tag-avions-cargo","tag-cargaison-sensible-a-la-temperature","tag-cargo-aircraft","tag-centre-de-fret-aerien-de-punta-cana","tag-cold-storage-for-cargo","tag-connexions-commerciales-europe","tag-deutsch-luftfracht","tag-dp-world","tag-export-markets-europe","tag-exportmaerkte-europa","tag-frachtflugzeuge","tag-frachtservice-kanada","tag-freight-service-canada","tag-fret-aerien-amerique-du-sud","tag-fret-aerien-international","tag-handelsverbindungen-europa","tag-infrastructure-for-air-freight","tag-infrastructure-pour-fret-aerien","tag-infrastruktur-fuer-luftfracht","tag-international-air-freight","tag-internationale-luftfracht","tag-kuehlraum-fuer-fracht","tag-logistics-dominican-republic","tag-logistics-service-providers","tag-logistik-dominikanische-republik","tag-logistikdienstleister","tag-logistique-republique-dominicaine","tag-luftfrachtservice-2024","tag-luftfrachtzentrum-punta-cana","tag-marchandises-sensibles-au-temps","tag-marches-dexportation-europe","tag-nachhaltiger-luftfrachtverkehr","tag-optimisation-du-fret-en-transit","tag-optimizing-transit-cargo","tag-pharmaceuticals-transport","tag-pharmazeutika-transport","tag-prestataires-de-services-logistiques","tag-punta-cana","tag-punta-cana-air-freight-center","tag-service-de-fret-aerien-2024","tag-service-de-fret-canada","tag-south-america-air-freight","tag-stockage-frigorifique-pour-fret","tag-suedamerika-luftfracht","tag-sustainable-air-freight-traffic","tag-temperature-sensitive-cargo","tag-temperaturempfindliche-fracht","tag-time-sensitive-goods-francais-fret-aerien","tag-trade-connections-europe","tag-trafic-de-fret-aerien-durable","tag-transitfracht-optimieren","tag-transport-de-produits-pharmaceutiques","tag-zeitkritische-gueter-english-air-freight"],"acf":[],"yoast_head":"<!-- This site is optimized with the Yoast SEO plugin v27.3 - https:\/\/yoast.com\/product\/yoast-seo-wordpress\/ -->\n<title>Nieuwe luchtvrachtservice naar Europa - ITJ | International Transport Journal<\/title>\n<meta name=\"robots\" content=\"index, follow, max-snippet:-1, max-image-preview:large, max-video-preview:-1\" \/>\n<link rel=\"canonical\" href=\"https:\/\/transportjournal.com\/nl\/2026\/01\/26\/nieuwe-luchtvrachtservice-naar-europa\/\" \/>\n<meta property=\"og:locale\" content=\"nl_NL\" \/>\n<meta property=\"og:type\" content=\"article\" \/>\n<meta property=\"og:title\" content=\"Nieuwe luchtvrachtservice naar Europa - ITJ | International Transport Journal\" \/>\n<meta property=\"og:description\" content=\"DP World en de Punta Cana Vrijhandelszone hebben een nieuwe luchtvrachtservice naar Europa gelanceerd om de logistiek van de Dominicaanse Republiek te versterken\" \/>\n<meta property=\"og:url\" content=\"https:\/\/transportjournal.com\/nl\/2026\/01\/26\/nieuwe-luchtvrachtservice-naar-europa\/\" \/>\n<meta property=\"og:site_name\" content=\"ITJ | International Transport Journal\" \/>\n<meta property=\"article:published_time\" content=\"2026-01-26T10:02:57+00:00\" \/>\n<meta property=\"article:modified_time\" content=\"2026-01-26T13:09:27+00:00\" \/>\n<meta property=\"og:image\" content=\"https:\/\/transportjournal.com\/wp-content\/uploads\/sites\/2\/2026\/01\/DP-Woerld-movimiento-de-carga-tras-la-llegada-del-carguero-a-las-insta-scaled-aspect-ratio-1400-788-scaled-1.jpg\" \/>\n\t<meta property=\"og:image:width\" content=\"2560\" \/>\n\t<meta property=\"og:image:height\" content=\"1441\" \/>\n\t<meta property=\"og:image:type\" content=\"image\/jpeg\" \/>\n<meta name=\"author\" content=\"Andreas Haug\" \/>\n<meta name=\"twitter:card\" content=\"summary_large_image\" \/>\n<meta name=\"twitter:label1\" content=\"Geschreven door\" \/>\n\t<meta name=\"twitter:data1\" content=\"Andreas Haug\" \/>\n\t<meta name=\"twitter:label2\" content=\"Geschatte leestijd\" \/>\n\t<meta name=\"twitter:data2\" content=\"2 minuut\" \/>\n<script type=\"application\/ld+json\" class=\"yoast-schema-graph\">{\"@context\":\"https:\\\/\\\/schema.org\",\"@graph\":[{\"@type\":\"Article\",\"@id\":\"https:\\\/\\\/transportjournal.com\\\/nl\\\/2026\\\/01\\\/26\\\/nieuwe-luchtvrachtservice-naar-europa\\\/#article\",\"isPartOf\":{\"@id\":\"https:\\\/\\\/transportjournal.com\\\/nl\\\/2026\\\/01\\\/26\\\/nieuwe-luchtvrachtservice-naar-europa\\\/\"},\"author\":{\"name\":\"Andreas Haug\",\"@id\":\"https:\\\/\\\/transportjournal.com\\\/nl\\\/#\\\/schema\\\/person\\\/cf538b3157f15afd7589245a4b3dbd25\"},\"headline\":\"Nieuwe luchtvrachtservice naar Europa\",\"datePublished\":\"2026-01-26T10:02:57+00:00\",\"dateModified\":\"2026-01-26T13:09:27+00:00\",\"mainEntityOfPage\":{\"@id\":\"https:\\\/\\\/transportjournal.com\\\/nl\\\/2026\\\/01\\\/26\\\/nieuwe-luchtvrachtservice-naar-europa\\\/\"},\"wordCount\":371,\"commentCount\":0,\"publisher\":{\"@id\":\"https:\\\/\\\/transportjournal.com\\\/nl\\\/#organization\"},\"image\":{\"@id\":\"https:\\\/\\\/transportjournal.com\\\/nl\\\/2026\\\/01\\\/26\\\/nieuwe-luchtvrachtservice-naar-europa\\\/#primaryimage\"},\"thumbnailUrl\":\"https:\\\/\\\/transportjournal.com\\\/wp-content\\\/uploads\\\/sites\\\/2\\\/2026\\\/01\\\/DP-Woerld-movimiento-de-carga-tras-la-llegada-del-carguero-a-las-insta-scaled-aspect-ratio-1400-788-scaled-1.jpg\",\"keywords\":[\"air freight service 2024\",\"avions cargo\",\"cargaison sensible \u00e0 la temp\u00e9rature\",\"cargo aircraft\",\"centre de fret a\u00e9rien de Punta Cana\",\"cold storage for cargo\",\"connexions commerciales Europe\",\"Deutsch Luftfracht\",\"DP World\",\"export markets Europe\",\"Exportm\u00e4rkte Europa\",\"Frachtflugzeuge\",\"Frachtservice Kanada\",\"freight service Canada\",\"fret a\u00e9rien Am\u00e9rique du Sud\",\"fret a\u00e9rien international\",\"Handelsverbindungen Europa\",\"infrastructure for air freight\",\"infrastructure pour fret a\u00e9rien\",\"Infrastruktur f\u00fcr Luftfracht\",\"international air freight\",\"internationale Luftfracht\",\"K\u00fchlraum f\u00fcr Fracht\",\"logistics Dominican Republic\",\"logistics service providers\",\"Logistik Dominikanische Republik\",\"Logistikdienstleister\",\"logistique R\u00e9publique dominicaine\",\"Luftfrachtservice 2024\",\"Luftfrachtzentrum Punta Cana\",\"marchandises sensibles au temps\",\"march\u00e9s d'exportation Europe\",\"nachhaltiger Luftfrachtverkehr\",\"optimisation du fret en transit\",\"optimizing transit cargo\",\"pharmaceuticals transport\",\"Pharmazeutika Transport\",\"prestataires de services logistiques\",\"Punta Cana\",\"Punta Cana air freight center\",\"service de fret a\u00e9rien 2024\",\"service de fret Canada\",\"South America air freight\",\"stockage frigorifique pour fret\",\"S\u00fcdamerika Luftfracht\",\"sustainable air freight traffic\",\"temperature-sensitive cargo\",\"temperaturempfindliche Fracht\",\"time-sensitive goods Fran\u00e7ais Fret a\u00e9rien\",\"trade connections Europe\",\"trafic de fret a\u00e9rien durable\",\"Transitfracht optimieren\",\"transport de produits pharmaceutiques\",\"zeitkritische G\u00fcter English Air freight\"],\"articleSection\":[\"Amerika\",\"Europa\",\"Luchtvracht\"],\"inLanguage\":\"nl-NL\",\"potentialAction\":[{\"@type\":\"CommentAction\",\"name\":\"Comment\",\"target\":[\"https:\\\/\\\/transportjournal.com\\\/nl\\\/2026\\\/01\\\/26\\\/nieuwe-luchtvrachtservice-naar-europa\\\/#respond\"]}]},{\"@type\":\"WebPage\",\"@id\":\"https:\\\/\\\/transportjournal.com\\\/nl\\\/2026\\\/01\\\/26\\\/nieuwe-luchtvrachtservice-naar-europa\\\/\",\"url\":\"https:\\\/\\\/transportjournal.com\\\/nl\\\/2026\\\/01\\\/26\\\/nieuwe-luchtvrachtservice-naar-europa\\\/\",\"name\":\"Nieuwe luchtvrachtservice naar Europa - ITJ | International Transport Journal\",\"isPartOf\":{\"@id\":\"https:\\\/\\\/transportjournal.com\\\/nl\\\/#website\"},\"primaryImageOfPage\":{\"@id\":\"https:\\\/\\\/transportjournal.com\\\/nl\\\/2026\\\/01\\\/26\\\/nieuwe-luchtvrachtservice-naar-europa\\\/#primaryimage\"},\"image\":{\"@id\":\"https:\\\/\\\/transportjournal.com\\\/nl\\\/2026\\\/01\\\/26\\\/nieuwe-luchtvrachtservice-naar-europa\\\/#primaryimage\"},\"thumbnailUrl\":\"https:\\\/\\\/transportjournal.com\\\/wp-content\\\/uploads\\\/sites\\\/2\\\/2026\\\/01\\\/DP-Woerld-movimiento-de-carga-tras-la-llegada-del-carguero-a-las-insta-scaled-aspect-ratio-1400-788-scaled-1.jpg\",\"datePublished\":\"2026-01-26T10:02:57+00:00\",\"dateModified\":\"2026-01-26T13:09:27+00:00\",\"breadcrumb\":{\"@id\":\"https:\\\/\\\/transportjournal.com\\\/nl\\\/2026\\\/01\\\/26\\\/nieuwe-luchtvrachtservice-naar-europa\\\/#breadcrumb\"},\"inLanguage\":\"nl-NL\",\"potentialAction\":[{\"@type\":\"ReadAction\",\"target\":[\"https:\\\/\\\/transportjournal.com\\\/nl\\\/2026\\\/01\\\/26\\\/nieuwe-luchtvrachtservice-naar-europa\\\/\"]}]},{\"@type\":\"ImageObject\",\"inLanguage\":\"nl-NL\",\"@id\":\"https:\\\/\\\/transportjournal.com\\\/nl\\\/2026\\\/01\\\/26\\\/nieuwe-luchtvrachtservice-naar-europa\\\/#primaryimage\",\"url\":\"https:\\\/\\\/transportjournal.com\\\/wp-content\\\/uploads\\\/sites\\\/2\\\/2026\\\/01\\\/DP-Woerld-movimiento-de-carga-tras-la-llegada-del-carguero-a-las-insta-scaled-aspect-ratio-1400-788-scaled-1.jpg\",\"contentUrl\":\"https:\\\/\\\/transportjournal.com\\\/wp-content\\\/uploads\\\/sites\\\/2\\\/2026\\\/01\\\/DP-Woerld-movimiento-de-carga-tras-la-llegada-del-carguero-a-las-insta-scaled-aspect-ratio-1400-788-scaled-1.jpg\",\"width\":2560,\"height\":1441},{\"@type\":\"BreadcrumbList\",\"@id\":\"https:\\\/\\\/transportjournal.com\\\/nl\\\/2026\\\/01\\\/26\\\/nieuwe-luchtvrachtservice-naar-europa\\\/#breadcrumb\",\"itemListElement\":[{\"@type\":\"ListItem\",\"position\":1,\"name\":\"Startseite\",\"item\":\"https:\\\/\\\/transportjournal.com\\\/nl\\\/\"},{\"@type\":\"ListItem\",\"position\":2,\"name\":\"Nieuwe luchtvrachtservice naar Europa\"}]},{\"@type\":\"WebSite\",\"@id\":\"https:\\\/\\\/transportjournal.com\\\/nl\\\/#website\",\"url\":\"https:\\\/\\\/transportjournal.com\\\/nl\\\/\",\"name\":\"ITJ | International Transport Journal\",\"description\":\"Stay informed with the latest global news from the transport, logistics, and supply chain industries. Transport Journal delivers expert insights, analysis, and updates across shipping, aviation, intermodal, and forwarding.\",\"publisher\":{\"@id\":\"https:\\\/\\\/transportjournal.com\\\/nl\\\/#organization\"},\"potentialAction\":[{\"@type\":\"SearchAction\",\"target\":{\"@type\":\"EntryPoint\",\"urlTemplate\":\"https:\\\/\\\/transportjournal.com\\\/nl\\\/?s={search_term_string}\"},\"query-input\":{\"@type\":\"PropertyValueSpecification\",\"valueRequired\":true,\"valueName\":\"search_term_string\"}}],\"inLanguage\":\"nl-NL\"},{\"@type\":\"Organization\",\"@id\":\"https:\\\/\\\/transportjournal.com\\\/nl\\\/#organization\",\"name\":\"Logismedia Groep AG\",\"alternateName\":\"Logismedia Group AG\",\"url\":\"https:\\\/\\\/transportjournal.com\\\/nl\\\/\",\"logo\":{\"@type\":\"ImageObject\",\"inLanguage\":\"nl-NL\",\"@id\":\"https:\\\/\\\/transportjournal.com\\\/nl\\\/#\\\/schema\\\/logo\\\/image\\\/\",\"url\":\"https:\\\/\\\/transportjournal.com\\\/wp-content\\\/uploads\\\/sites\\\/2\\\/2025\\\/09\\\/Logo_ITJ.png\",\"contentUrl\":\"https:\\\/\\\/transportjournal.com\\\/wp-content\\\/uploads\\\/sites\\\/2\\\/2025\\\/09\\\/Logo_ITJ.png\",\"width\":799,\"height\":326,\"caption\":\"Logismedia Groep AG\"},\"image\":{\"@id\":\"https:\\\/\\\/transportjournal.com\\\/nl\\\/#\\\/schema\\\/logo\\\/image\\\/\"},\"sameAs\":[\"https:\\\/\\\/www.linkedin.com\\\/company\\\/56456496\\\/admin\\\/dashboard\\\/\",\"https:\\\/\\\/www.instagram.com\\\/logismediagroup\\\/\",\"https:\\\/\\\/www.youtube.com\\\/@LogiamediaGroupAG\"]},{\"@type\":\"Person\",\"@id\":\"https:\\\/\\\/transportjournal.com\\\/nl\\\/#\\\/schema\\\/person\\\/cf538b3157f15afd7589245a4b3dbd25\",\"name\":\"Andreas Haug\",\"url\":\"https:\\\/\\\/transportjournal.com\\\/nl\\\/author\\\/andreas\\\/\"}]}<\/script>\n<!-- \/ Yoast SEO plugin. -->","yoast_head_json":{"title":"Nieuwe luchtvrachtservice naar Europa - ITJ | International Transport Journal","robots":{"index":"index","follow":"follow","max-snippet":"max-snippet:-1","max-image-preview":"max-image-preview:large","max-video-preview":"max-video-preview:-1"},"canonical":"https:\/\/transportjournal.com\/nl\/2026\/01\/26\/nieuwe-luchtvrachtservice-naar-europa\/","og_locale":"nl_NL","og_type":"article","og_title":"Nieuwe luchtvrachtservice naar Europa - ITJ | International Transport Journal","og_description":"DP World en de Punta Cana Vrijhandelszone hebben een nieuwe luchtvrachtservice naar Europa gelanceerd om de logistiek van de Dominicaanse Republiek te versterken","og_url":"https:\/\/transportjournal.com\/nl\/2026\/01\/26\/nieuwe-luchtvrachtservice-naar-europa\/","og_site_name":"ITJ | International Transport Journal","article_published_time":"2026-01-26T10:02:57+00:00","article_modified_time":"2026-01-26T13:09:27+00:00","og_image":[{"width":2560,"height":1441,"url":"https:\/\/transportjournal.com\/wp-content\/uploads\/sites\/2\/2026\/01\/DP-Woerld-movimiento-de-carga-tras-la-llegada-del-carguero-a-las-insta-scaled-aspect-ratio-1400-788-scaled-1.jpg","type":"image\/jpeg"}],"author":"Andreas Haug","twitter_card":"summary_large_image","twitter_misc":{"Geschreven door":"Andreas Haug","Geschatte leestijd":"2 minuut"},"schema":{"@context":"https:\/\/schema.org","@graph":[{"@type":"Article","@id":"https:\/\/transportjournal.com\/nl\/2026\/01\/26\/nieuwe-luchtvrachtservice-naar-europa\/#article","isPartOf":{"@id":"https:\/\/transportjournal.com\/nl\/2026\/01\/26\/nieuwe-luchtvrachtservice-naar-europa\/"},"author":{"name":"Andreas Haug","@id":"https:\/\/transportjournal.com\/nl\/#\/schema\/person\/cf538b3157f15afd7589245a4b3dbd25"},"headline":"Nieuwe luchtvrachtservice naar Europa","datePublished":"2026-01-26T10:02:57+00:00","dateModified":"2026-01-26T13:09:27+00:00","mainEntityOfPage":{"@id":"https:\/\/transportjournal.com\/nl\/2026\/01\/26\/nieuwe-luchtvrachtservice-naar-europa\/"},"wordCount":371,"commentCount":0,"publisher":{"@id":"https:\/\/transportjournal.com\/nl\/#organization"},"image":{"@id":"https:\/\/transportjournal.com\/nl\/2026\/01\/26\/nieuwe-luchtvrachtservice-naar-europa\/#primaryimage"},"thumbnailUrl":"https:\/\/transportjournal.com\/wp-content\/uploads\/sites\/2\/2026\/01\/DP-Woerld-movimiento-de-carga-tras-la-llegada-del-carguero-a-las-insta-scaled-aspect-ratio-1400-788-scaled-1.jpg","keywords":["air freight service 2024","avions cargo","cargaison sensible \u00e0 la temp\u00e9rature","cargo aircraft","centre de fret a\u00e9rien de Punta Cana","cold storage for cargo","connexions commerciales Europe","Deutsch Luftfracht","DP World","export markets Europe","Exportm\u00e4rkte Europa","Frachtflugzeuge","Frachtservice Kanada","freight service Canada","fret a\u00e9rien Am\u00e9rique du Sud","fret a\u00e9rien international","Handelsverbindungen Europa","infrastructure for air freight","infrastructure pour fret a\u00e9rien","Infrastruktur f\u00fcr Luftfracht","international air freight","internationale Luftfracht","K\u00fchlraum f\u00fcr Fracht","logistics Dominican Republic","logistics service providers","Logistik Dominikanische Republik","Logistikdienstleister","logistique R\u00e9publique dominicaine","Luftfrachtservice 2024","Luftfrachtzentrum Punta Cana","marchandises sensibles au temps","march\u00e9s d'exportation Europe","nachhaltiger Luftfrachtverkehr","optimisation du fret en transit","optimizing transit cargo","pharmaceuticals transport","Pharmazeutika Transport","prestataires de services logistiques","Punta Cana","Punta Cana air freight center","service de fret a\u00e9rien 2024","service de fret Canada","South America air freight","stockage frigorifique pour fret","S\u00fcdamerika Luftfracht","sustainable air freight traffic","temperature-sensitive cargo","temperaturempfindliche Fracht","time-sensitive goods Fran\u00e7ais Fret a\u00e9rien","trade connections Europe","trafic de fret a\u00e9rien durable","Transitfracht optimieren","transport de produits pharmaceutiques","zeitkritische G\u00fcter English Air freight"],"articleSection":["Amerika","Europa","Luchtvracht"],"inLanguage":"nl-NL","potentialAction":[{"@type":"CommentAction","name":"Comment","target":["https:\/\/transportjournal.com\/nl\/2026\/01\/26\/nieuwe-luchtvrachtservice-naar-europa\/#respond"]}]},{"@type":"WebPage","@id":"https:\/\/transportjournal.com\/nl\/2026\/01\/26\/nieuwe-luchtvrachtservice-naar-europa\/","url":"https:\/\/transportjournal.com\/nl\/2026\/01\/26\/nieuwe-luchtvrachtservice-naar-europa\/","name":"Nieuwe luchtvrachtservice naar Europa - ITJ | International Transport Journal","isPartOf":{"@id":"https:\/\/transportjournal.com\/nl\/#website"},"primaryImageOfPage":{"@id":"https:\/\/transportjournal.com\/nl\/2026\/01\/26\/nieuwe-luchtvrachtservice-naar-europa\/#primaryimage"},"image":{"@id":"https:\/\/transportjournal.com\/nl\/2026\/01\/26\/nieuwe-luchtvrachtservice-naar-europa\/#primaryimage"},"thumbnailUrl":"https:\/\/transportjournal.com\/wp-content\/uploads\/sites\/2\/2026\/01\/DP-Woerld-movimiento-de-carga-tras-la-llegada-del-carguero-a-las-insta-scaled-aspect-ratio-1400-788-scaled-1.jpg","datePublished":"2026-01-26T10:02:57+00:00","dateModified":"2026-01-26T13:09:27+00:00","breadcrumb":{"@id":"https:\/\/transportjournal.com\/nl\/2026\/01\/26\/nieuwe-luchtvrachtservice-naar-europa\/#breadcrumb"},"inLanguage":"nl-NL","potentialAction":[{"@type":"ReadAction","target":["https:\/\/transportjournal.com\/nl\/2026\/01\/26\/nieuwe-luchtvrachtservice-naar-europa\/"]}]},{"@type":"ImageObject","inLanguage":"nl-NL","@id":"https:\/\/transportjournal.com\/nl\/2026\/01\/26\/nieuwe-luchtvrachtservice-naar-europa\/#primaryimage","url":"https:\/\/transportjournal.com\/wp-content\/uploads\/sites\/2\/2026\/01\/DP-Woerld-movimiento-de-carga-tras-la-llegada-del-carguero-a-las-insta-scaled-aspect-ratio-1400-788-scaled-1.jpg","contentUrl":"https:\/\/transportjournal.com\/wp-content\/uploads\/sites\/2\/2026\/01\/DP-Woerld-movimiento-de-carga-tras-la-llegada-del-carguero-a-las-insta-scaled-aspect-ratio-1400-788-scaled-1.jpg","width":2560,"height":1441},{"@type":"BreadcrumbList","@id":"https:\/\/transportjournal.com\/nl\/2026\/01\/26\/nieuwe-luchtvrachtservice-naar-europa\/#breadcrumb","itemListElement":[{"@type":"ListItem","position":1,"name":"Startseite","item":"https:\/\/transportjournal.com\/nl\/"},{"@type":"ListItem","position":2,"name":"Nieuwe luchtvrachtservice naar Europa"}]},{"@type":"WebSite","@id":"https:\/\/transportjournal.com\/nl\/#website","url":"https:\/\/transportjournal.com\/nl\/","name":"ITJ | International Transport Journal","description":"Stay informed with the latest global news from the transport, logistics, and supply chain industries. Transport Journal delivers expert insights, analysis, and updates across shipping, aviation, intermodal, and forwarding.","publisher":{"@id":"https:\/\/transportjournal.com\/nl\/#organization"},"potentialAction":[{"@type":"SearchAction","target":{"@type":"EntryPoint","urlTemplate":"https:\/\/transportjournal.com\/nl\/?s={search_term_string}"},"query-input":{"@type":"PropertyValueSpecification","valueRequired":true,"valueName":"search_term_string"}}],"inLanguage":"nl-NL"},{"@type":"Organization","@id":"https:\/\/transportjournal.com\/nl\/#organization","name":"Logismedia Groep AG","alternateName":"Logismedia Group AG","url":"https:\/\/transportjournal.com\/nl\/","logo":{"@type":"ImageObject","inLanguage":"nl-NL","@id":"https:\/\/transportjournal.com\/nl\/#\/schema\/logo\/image\/","url":"https:\/\/transportjournal.com\/wp-content\/uploads\/sites\/2\/2025\/09\/Logo_ITJ.png","contentUrl":"https:\/\/transportjournal.com\/wp-content\/uploads\/sites\/2\/2025\/09\/Logo_ITJ.png","width":799,"height":326,"caption":"Logismedia Groep AG"},"image":{"@id":"https:\/\/transportjournal.com\/nl\/#\/schema\/logo\/image\/"},"sameAs":["https:\/\/www.linkedin.com\/company\/56456496\/admin\/dashboard\/","https:\/\/www.instagram.com\/logismediagroup\/","https:\/\/www.youtube.com\/@LogiamediaGroupAG"]},{"@type":"Person","@id":"https:\/\/transportjournal.com\/nl\/#\/schema\/person\/cf538b3157f15afd7589245a4b3dbd25","name":"Andreas Haug","url":"https:\/\/transportjournal.com\/nl\/author\/andreas\/"}]}},"_links":{"self":[{"href":"https:\/\/transportjournal.com\/nl\/wp-json\/wp\/v2\/posts\/74391","targetHints":{"allow":["GET"]}}],"collection":[{"href":"https:\/\/transportjournal.com\/nl\/wp-json\/wp\/v2\/posts"}],"about":[{"href":"https:\/\/transportjournal.com\/nl\/wp-json\/wp\/v2\/types\/post"}],"author":[{"embeddable":true,"href":"https:\/\/transportjournal.com\/nl\/wp-json\/wp\/v2\/users\/12"}],"replies":[{"embeddable":true,"href":"https:\/\/transportjournal.com\/nl\/wp-json\/wp\/v2\/comments?post=74391"}],"version-history":[{"count":1,"href":"https:\/\/transportjournal.com\/nl\/wp-json\/wp\/v2\/posts\/74391\/revisions"}],"predecessor-version":[{"id":74398,"href":"https:\/\/transportjournal.com\/nl\/wp-json\/wp\/v2\/posts\/74391\/revisions\/74398"}],"wp:featuredmedia":[{"embeddable":true,"href":"https:\/\/transportjournal.com\/nl\/wp-json\/wp\/v2\/media\/74385"}],"wp:attachment":[{"href":"https:\/\/transportjournal.com\/nl\/wp-json\/wp\/v2\/media?parent=74391"}],"wp:term":[{"taxonomy":"category","embeddable":true,"href":"https:\/\/transportjournal.com\/nl\/wp-json\/wp\/v2\/categories?post=74391"},{"taxonomy":"post_tag","embeddable":true,"href":"https:\/\/transportjournal.com\/nl\/wp-json\/wp\/v2\/tags?post=74391"}],"curies":[{"name":"wp","href":"https:\/\/api.w.org\/{rel}","templated":true}]}}