{"id":74330,"date":"2026-01-26T09:52:22","date_gmt":"2026-01-26T09:52:22","guid":{"rendered":"https:\/\/transportjournal.com\/2026\/01\/26\/groupe-stef-benoemt-nieuwe-directeuren\/"},"modified":"2026-01-26T09:52:22","modified_gmt":"2026-01-26T09:52:22","slug":"groupe-stef-benoemt-nieuwe-directeuren","status":"publish","type":"post","link":"https:\/\/transportjournal.com\/nl\/2026\/01\/26\/groupe-stef-benoemt-nieuwe-directeuren\/","title":{"rendered":"Groupe STEF benoemt nieuwe directeuren"},"content":{"rendered":"<p>Groupe STEF heeft zijn bedrijfsleiding opnieuw gestructureerd en twee nieuwe operationele directeuren aangesteld. Deze beslissing volgt op de groei van het bedrijf en de uitbreiding van zijn activiteiten en geografische aanwezigheid. Het doel is om de organisatie en governance aan te passen zodat de strategische prioriteiten en de internationale ontwikkeling van het bedrijf effectief worden ondersteund.<\/p>\n<p>Volgens een mededeling van het bedrijf wordt Damien Chapotot aangesteld als operationeel directeur voor Frankrijk, terwijl Fran\u00e7ois Pinto (foto) de rol van operationeel directeur voor internationale aangelegenheden op zich neemt. Beiden zullen rechtstreeks onder het voorzitterschap van Stanislas Lemor vallen. Hun aanstelling gaat in na de algemene vergadering op 23 april 2026.<\/p>\n<p>Deze veranderingen zijn ook gerelateerd aan het aanstaande pensioen van Marc Vettard, die meer dan 40 jaar bij het bedrijf heeft gewerkt, waarvan zeven jaar in de directie. Vettard heeft aanzienlijk bijgedragen aan de positionering van Groupe STEF als een belangrijke speler in de Europese transport- en logistieksector. Onder zijn leiding heeft het bedrijf een ingrijpende transformatie ondergaan en zijn internationale activiteiten uitgebreid. Hij verlaat het bedrijf terwijl het al een omzetdoel van 5 miljard EUR heeft bereikt, en dit een jaar eerder dan gepland.<\/p>\n<h3>Nieuwe bestuursstructuur ter ondersteuning van de groei<\/h3>\n<p>De nieuwe governance-structuur van Groupe STEF is opgebouwd rond de voorzitter en de twee operationele directeuren. Deze structuur is bedoeld om tegemoet te komen aan de verschillende economische, geografische en operationele uitdagingen van de verschillende markten van het bedrijf en om de omzetontwikkeling te ondersteunen.<\/p>\n<p>Damien Chapotot brengt bijna 30 jaar ervaring in de transport- en logistieksector mee. Hij heeft in zijn carri\u00e8re verschillende leidinggevende posities bekleed en was laatstelijk adjunct-directeur bij STEF Transport. In zijn nieuwe rol zal hij verantwoordelijk zijn voor de grootste markt van het bedrijf en zich richten op de ontwikkeling van nieuwe groeistrategie\u00ebn en de modernisering van de bedrijfsvoering.<\/p>\n<p>Fran\u00e7ois Pinto heeft bijna 20 jaar ervaring opgedaan in verschillende landen en zal de internationale strategie van het bedrijf leiden. Hij begon zijn carri\u00e8re bij STEF in 1999 en heeft sindsdien verschillende posities in Frankrijk en het buitenland bekleed. In zijn nieuwe functie zal hij zich richten op groei, de integratie van nieuwe overnames en de uitvoering van de bedrijfsstrategie.<\/p>\n<p>Stanislas Lemor, voorzitter van Groupe STEF, sprak zijn dankbaarheid uit voor de verdiensten van Marc Vettard en benadrukte het belang van zijn strategische visie voor het bedrijf. Hij verwelkomde de nieuwe directeuren en benadrukte dat hun expertise en samenwerking cruciaal zullen zijn voor de toekomstige ontwikkeling van het bedrijf. Lemor benadrukte ook het belang om de behoeften van klanten en medewerkers centraal te stellen in de bedrijfsstrategie.<\/p>\n<p>&nbsp;<\/p>\n<p><a href=\"https:\/\/www.stef.com\/\" target=\"_blank\" rel=\"noopener noreferrer\">www.stef.com<\/a><\/p>\n<p>&nbsp;<\/p>\n","protected":false},"excerpt":{"rendered":"<p>Groupe STEF heeft zijn bedrijfsvoering opnieuw gestructureerd en Damien Chapotot en Fran\u00e7ois Pinto benoemd tot operationele directeuren om de groei en internationale ontwikkeling te bevorderen<\/p>\n","protected":false},"author":12,"featured_media":74324,"comment_status":"open","ping_status":"open","sticky":false,"template":"","format":"standard","meta":{"_acf_changed":false,"footnotes":""},"categories":[1599,1593,1591],"tags":[9203,9204,9205,2548,9206,3739,9207,2115,2116,9208,2040,9209,6097,1889,9210,2562,9211,9212,4291,3745,2075,9213,9214,9215,9216,9217,3750,2622,9218,9219,9220,9221,1800,9222,9223,9224,3157,9225,9226,3756,3757,9227,3602,2193,9228,1916,9229,2237,4305,9230,9231,2641,9232,3125,9233,9234,2157,9235],"class_list":["post-74330","post","type-post","status-publish","format-standard","has-post-thumbnail","hentry","category-europa","category-expeditie-logistiek","category-mensen-bedrijven","tag-acquisitions-dans-le-transport","tag-acquisitions-in-transport","tag-akquisitionen-im-transport","tag-corporate-governance","tag-deutsch-groupe-stef","tag-developpement-des-infrastructures","tag-developpement-des-revenus","tag-digitalisierung-in-der-logistik","tag-digitalization-in-logistics","tag-directeurs-operationnels","tag-europaeischer-markt","tag-european-market","tag-expansion-internationale","tag-fachkraeftemangel","tag-frankreich-logistik","tag-gouvernance-dentreprise","tag-governance-structure","tag-governance-struktur","tag-growth-strategy","tag-infrastructure-development","tag-infrastrukturentwicklung","tag-international-expansion-francais-groupe-stef","tag-international-strategy","tag-internationale-expansion-english-groupe-stef","tag-internationale-strategie","tag-logistics-in-france","tag-logistique-de-colis","tag-logistique-durable","tag-logistique-en-france","tag-marche-europeen","tag-market-share","tag-marktanteil","tag-nachhaltige-logistik","tag-neue-geschaeftsfuehrer","tag-new-managing-directors","tag-nouveaux-directeurs-generaux","tag-numerisation-dans-la-logistique","tag-operational-directors","tag-operative-geschaeftsfuehrer","tag-paketlogistik","tag-parcel-logistics","tag-part-de-marche","tag-penurie-de-competences","tag-rail-freight-transport","tag-revenue-development","tag-schienengueterverkehr","tag-secteur-du-transport-et-de-la-logistique","tag-skills-shortage","tag-strategie-de-croissance","tag-strategie-internationale","tag-structure-de-gouvernance","tag-sustainable-logistics","tag-transport-and-logistics-sector","tag-transport-ferroviaire-de-marchandises","tag-transport-und-logistiksektor","tag-umsatzentwicklung","tag-unternehmensfuehrung","tag-wachstumskurs"],"acf":[],"yoast_head":"<!-- This site is optimized with the Yoast SEO plugin v27.3 - https:\/\/yoast.com\/product\/yoast-seo-wordpress\/ -->\n<title>Groupe STEF benoemt nieuwe directeuren - ITJ | International Transport Journal<\/title>\n<meta name=\"robots\" content=\"index, follow, max-snippet:-1, max-image-preview:large, max-video-preview:-1\" \/>\n<link rel=\"canonical\" href=\"https:\/\/transportjournal.com\/nl\/2026\/01\/26\/groupe-stef-benoemt-nieuwe-directeuren\/\" \/>\n<meta property=\"og:locale\" content=\"nl_NL\" \/>\n<meta property=\"og:type\" content=\"article\" \/>\n<meta property=\"og:title\" content=\"Groupe STEF benoemt nieuwe directeuren - ITJ | International Transport Journal\" \/>\n<meta property=\"og:description\" content=\"Groupe STEF heeft zijn bedrijfsvoering opnieuw gestructureerd en Damien Chapotot en Fran\u00e7ois Pinto benoemd tot operationele directeuren om de groei en internationale ontwikkeling te bevorderen\" \/>\n<meta property=\"og:url\" content=\"https:\/\/transportjournal.com\/nl\/2026\/01\/26\/groupe-stef-benoemt-nieuwe-directeuren\/\" \/>\n<meta property=\"og:site_name\" content=\"ITJ | International Transport Journal\" \/>\n<meta property=\"article:published_time\" content=\"2026-01-26T09:52:22+00:00\" \/>\n<meta property=\"og:image\" content=\"https:\/\/transportjournal.com\/wp-content\/uploads\/sites\/2\/2026\/01\/FRANCOIS-PINTO-\u00a9-OBOClandoeil.fr_.jpg-aspect-ratio-1400-788.webp\" \/>\n\t<meta property=\"og:image:width\" content=\"1755\" \/>\n\t<meta property=\"og:image:height\" content=\"988\" \/>\n\t<meta property=\"og:image:type\" content=\"image\/webp\" \/>\n<meta name=\"author\" content=\"Andreas Haug\" \/>\n<meta name=\"twitter:card\" content=\"summary_large_image\" \/>\n<meta name=\"twitter:label1\" content=\"Geschreven door\" \/>\n\t<meta name=\"twitter:data1\" content=\"Andreas Haug\" \/>\n\t<meta name=\"twitter:label2\" content=\"Geschatte leestijd\" \/>\n\t<meta name=\"twitter:data2\" content=\"2 minuut\" \/>\n<script type=\"application\/ld+json\" class=\"yoast-schema-graph\">{\"@context\":\"https:\\\/\\\/schema.org\",\"@graph\":[{\"@type\":\"Article\",\"@id\":\"https:\\\/\\\/transportjournal.com\\\/nl\\\/2026\\\/01\\\/26\\\/groupe-stef-benoemt-nieuwe-directeuren\\\/#article\",\"isPartOf\":{\"@id\":\"https:\\\/\\\/transportjournal.com\\\/nl\\\/2026\\\/01\\\/26\\\/groupe-stef-benoemt-nieuwe-directeuren\\\/\"},\"author\":{\"name\":\"Andreas Haug\",\"@id\":\"https:\\\/\\\/transportjournal.com\\\/nl\\\/#\\\/schema\\\/person\\\/cf538b3157f15afd7589245a4b3dbd25\"},\"headline\":\"Groupe STEF benoemt nieuwe directeuren\",\"datePublished\":\"2026-01-26T09:52:22+00:00\",\"mainEntityOfPage\":{\"@id\":\"https:\\\/\\\/transportjournal.com\\\/nl\\\/2026\\\/01\\\/26\\\/groupe-stef-benoemt-nieuwe-directeuren\\\/\"},\"wordCount\":439,\"commentCount\":0,\"publisher\":{\"@id\":\"https:\\\/\\\/transportjournal.com\\\/nl\\\/#organization\"},\"image\":{\"@id\":\"https:\\\/\\\/transportjournal.com\\\/nl\\\/2026\\\/01\\\/26\\\/groupe-stef-benoemt-nieuwe-directeuren\\\/#primaryimage\"},\"thumbnailUrl\":\"https:\\\/\\\/transportjournal.com\\\/wp-content\\\/uploads\\\/sites\\\/2\\\/2026\\\/01\\\/FRANCOIS-PINTO-\u00a9-OBOClandoeil.fr_.jpg-aspect-ratio-1400-788.webp\",\"keywords\":[\"acquisitions dans le transport\",\"acquisitions in transport\",\"Akquisitionen im Transport\",\"corporate governance\",\"Deutsch Groupe STEF\",\"d\u00e9veloppement des infrastructures\",\"d\u00e9veloppement des revenus\",\"Digitalisierung in der Logistik\",\"digitalization in logistics\",\"directeurs op\u00e9rationnels\",\"europ\u00e4ischer Markt\",\"European market\",\"expansion internationale\",\"Fachkr\u00e4ftemangel\",\"Frankreich Logistik\",\"gouvernance d'entreprise\",\"governance structure\",\"Governance-Struktur\",\"growth strategy\",\"infrastructure development\",\"Infrastrukturentwicklung\",\"international expansion Fran\u00e7ais Groupe STEF\",\"international strategy\",\"internationale Expansion English Groupe STEF\",\"internationale Strategie\",\"logistics in France\",\"logistique de colis\",\"logistique durable\",\"logistique en France\",\"march\u00e9 europ\u00e9en\",\"market share\",\"Marktanteil\",\"nachhaltige Logistik\",\"neue Gesch\u00e4ftsf\u00fchrer\",\"new managing directors\",\"nouveaux directeurs g\u00e9n\u00e9raux\",\"num\u00e9risation dans la logistique\",\"operational directors\",\"operative Gesch\u00e4ftsf\u00fchrer\",\"Paketlogistik\",\"parcel logistics\",\"part de march\u00e9\",\"p\u00e9nurie de comp\u00e9tences\",\"rail freight transport\",\"revenue development\",\"Schieneng\u00fcterverkehr\",\"secteur du transport et de la logistique\",\"skills shortage\",\"strat\u00e9gie de croissance\",\"strat\u00e9gie internationale\",\"structure de gouvernance\",\"sustainable logistics\",\"transport and logistics sector\",\"transport ferroviaire de marchandises\",\"Transport- und Logistiksektor\",\"Umsatzentwicklung\",\"Unternehmensf\u00fchrung\",\"Wachstumskurs\"],\"articleSection\":[\"Europa\",\"Expeditie &amp; Logistiek\",\"Mensen &amp; Bedrijven\"],\"inLanguage\":\"nl-NL\",\"potentialAction\":[{\"@type\":\"CommentAction\",\"name\":\"Comment\",\"target\":[\"https:\\\/\\\/transportjournal.com\\\/nl\\\/2026\\\/01\\\/26\\\/groupe-stef-benoemt-nieuwe-directeuren\\\/#respond\"]}]},{\"@type\":\"WebPage\",\"@id\":\"https:\\\/\\\/transportjournal.com\\\/nl\\\/2026\\\/01\\\/26\\\/groupe-stef-benoemt-nieuwe-directeuren\\\/\",\"url\":\"https:\\\/\\\/transportjournal.com\\\/nl\\\/2026\\\/01\\\/26\\\/groupe-stef-benoemt-nieuwe-directeuren\\\/\",\"name\":\"Groupe STEF benoemt nieuwe directeuren - ITJ | International Transport Journal\",\"isPartOf\":{\"@id\":\"https:\\\/\\\/transportjournal.com\\\/nl\\\/#website\"},\"primaryImageOfPage\":{\"@id\":\"https:\\\/\\\/transportjournal.com\\\/nl\\\/2026\\\/01\\\/26\\\/groupe-stef-benoemt-nieuwe-directeuren\\\/#primaryimage\"},\"image\":{\"@id\":\"https:\\\/\\\/transportjournal.com\\\/nl\\\/2026\\\/01\\\/26\\\/groupe-stef-benoemt-nieuwe-directeuren\\\/#primaryimage\"},\"thumbnailUrl\":\"https:\\\/\\\/transportjournal.com\\\/wp-content\\\/uploads\\\/sites\\\/2\\\/2026\\\/01\\\/FRANCOIS-PINTO-\u00a9-OBOClandoeil.fr_.jpg-aspect-ratio-1400-788.webp\",\"datePublished\":\"2026-01-26T09:52:22+00:00\",\"breadcrumb\":{\"@id\":\"https:\\\/\\\/transportjournal.com\\\/nl\\\/2026\\\/01\\\/26\\\/groupe-stef-benoemt-nieuwe-directeuren\\\/#breadcrumb\"},\"inLanguage\":\"nl-NL\",\"potentialAction\":[{\"@type\":\"ReadAction\",\"target\":[\"https:\\\/\\\/transportjournal.com\\\/nl\\\/2026\\\/01\\\/26\\\/groupe-stef-benoemt-nieuwe-directeuren\\\/\"]}]},{\"@type\":\"ImageObject\",\"inLanguage\":\"nl-NL\",\"@id\":\"https:\\\/\\\/transportjournal.com\\\/nl\\\/2026\\\/01\\\/26\\\/groupe-stef-benoemt-nieuwe-directeuren\\\/#primaryimage\",\"url\":\"https:\\\/\\\/transportjournal.com\\\/wp-content\\\/uploads\\\/sites\\\/2\\\/2026\\\/01\\\/FRANCOIS-PINTO-\u00a9-OBOClandoeil.fr_.jpg-aspect-ratio-1400-788.webp\",\"contentUrl\":\"https:\\\/\\\/transportjournal.com\\\/wp-content\\\/uploads\\\/sites\\\/2\\\/2026\\\/01\\\/FRANCOIS-PINTO-\u00a9-OBOClandoeil.fr_.jpg-aspect-ratio-1400-788.webp\",\"width\":1755,\"height\":988},{\"@type\":\"BreadcrumbList\",\"@id\":\"https:\\\/\\\/transportjournal.com\\\/nl\\\/2026\\\/01\\\/26\\\/groupe-stef-benoemt-nieuwe-directeuren\\\/#breadcrumb\",\"itemListElement\":[{\"@type\":\"ListItem\",\"position\":1,\"name\":\"Startseite\",\"item\":\"https:\\\/\\\/transportjournal.com\\\/nl\\\/\"},{\"@type\":\"ListItem\",\"position\":2,\"name\":\"Groupe STEF benoemt nieuwe directeuren\"}]},{\"@type\":\"WebSite\",\"@id\":\"https:\\\/\\\/transportjournal.com\\\/nl\\\/#website\",\"url\":\"https:\\\/\\\/transportjournal.com\\\/nl\\\/\",\"name\":\"ITJ | International Transport Journal\",\"description\":\"Stay informed with the latest global news from the transport, logistics, and supply chain industries. Transport Journal delivers expert insights, analysis, and updates across shipping, aviation, intermodal, and forwarding.\",\"publisher\":{\"@id\":\"https:\\\/\\\/transportjournal.com\\\/nl\\\/#organization\"},\"potentialAction\":[{\"@type\":\"SearchAction\",\"target\":{\"@type\":\"EntryPoint\",\"urlTemplate\":\"https:\\\/\\\/transportjournal.com\\\/nl\\\/?s={search_term_string}\"},\"query-input\":{\"@type\":\"PropertyValueSpecification\",\"valueRequired\":true,\"valueName\":\"search_term_string\"}}],\"inLanguage\":\"nl-NL\"},{\"@type\":\"Organization\",\"@id\":\"https:\\\/\\\/transportjournal.com\\\/nl\\\/#organization\",\"name\":\"Logismedia Groep AG\",\"alternateName\":\"Logismedia Group AG\",\"url\":\"https:\\\/\\\/transportjournal.com\\\/nl\\\/\",\"logo\":{\"@type\":\"ImageObject\",\"inLanguage\":\"nl-NL\",\"@id\":\"https:\\\/\\\/transportjournal.com\\\/nl\\\/#\\\/schema\\\/logo\\\/image\\\/\",\"url\":\"https:\\\/\\\/transportjournal.com\\\/wp-content\\\/uploads\\\/sites\\\/2\\\/2025\\\/09\\\/Logo_ITJ.png\",\"contentUrl\":\"https:\\\/\\\/transportjournal.com\\\/wp-content\\\/uploads\\\/sites\\\/2\\\/2025\\\/09\\\/Logo_ITJ.png\",\"width\":799,\"height\":326,\"caption\":\"Logismedia Groep AG\"},\"image\":{\"@id\":\"https:\\\/\\\/transportjournal.com\\\/nl\\\/#\\\/schema\\\/logo\\\/image\\\/\"},\"sameAs\":[\"https:\\\/\\\/www.linkedin.com\\\/company\\\/56456496\\\/admin\\\/dashboard\\\/\",\"https:\\\/\\\/www.instagram.com\\\/logismediagroup\\\/\",\"https:\\\/\\\/www.youtube.com\\\/@LogiamediaGroupAG\"]},{\"@type\":\"Person\",\"@id\":\"https:\\\/\\\/transportjournal.com\\\/nl\\\/#\\\/schema\\\/person\\\/cf538b3157f15afd7589245a4b3dbd25\",\"name\":\"Andreas Haug\",\"url\":\"https:\\\/\\\/transportjournal.com\\\/nl\\\/author\\\/andreas\\\/\"}]}<\/script>\n<!-- \/ Yoast SEO plugin. -->","yoast_head_json":{"title":"Groupe STEF benoemt nieuwe directeuren - ITJ | International Transport Journal","robots":{"index":"index","follow":"follow","max-snippet":"max-snippet:-1","max-image-preview":"max-image-preview:large","max-video-preview":"max-video-preview:-1"},"canonical":"https:\/\/transportjournal.com\/nl\/2026\/01\/26\/groupe-stef-benoemt-nieuwe-directeuren\/","og_locale":"nl_NL","og_type":"article","og_title":"Groupe STEF benoemt nieuwe directeuren - ITJ | International Transport Journal","og_description":"Groupe STEF heeft zijn bedrijfsvoering opnieuw gestructureerd en Damien Chapotot en Fran\u00e7ois Pinto benoemd tot operationele directeuren om de groei en internationale ontwikkeling te bevorderen","og_url":"https:\/\/transportjournal.com\/nl\/2026\/01\/26\/groupe-stef-benoemt-nieuwe-directeuren\/","og_site_name":"ITJ | International Transport Journal","article_published_time":"2026-01-26T09:52:22+00:00","og_image":[{"width":1755,"height":988,"url":"https:\/\/transportjournal.com\/wp-content\/uploads\/sites\/2\/2026\/01\/FRANCOIS-PINTO-\u00a9-OBOClandoeil.fr_.jpg-aspect-ratio-1400-788.webp","type":"image\/webp"}],"author":"Andreas Haug","twitter_card":"summary_large_image","twitter_misc":{"Geschreven door":"Andreas Haug","Geschatte leestijd":"2 minuut"},"schema":{"@context":"https:\/\/schema.org","@graph":[{"@type":"Article","@id":"https:\/\/transportjournal.com\/nl\/2026\/01\/26\/groupe-stef-benoemt-nieuwe-directeuren\/#article","isPartOf":{"@id":"https:\/\/transportjournal.com\/nl\/2026\/01\/26\/groupe-stef-benoemt-nieuwe-directeuren\/"},"author":{"name":"Andreas Haug","@id":"https:\/\/transportjournal.com\/nl\/#\/schema\/person\/cf538b3157f15afd7589245a4b3dbd25"},"headline":"Groupe STEF benoemt nieuwe directeuren","datePublished":"2026-01-26T09:52:22+00:00","mainEntityOfPage":{"@id":"https:\/\/transportjournal.com\/nl\/2026\/01\/26\/groupe-stef-benoemt-nieuwe-directeuren\/"},"wordCount":439,"commentCount":0,"publisher":{"@id":"https:\/\/transportjournal.com\/nl\/#organization"},"image":{"@id":"https:\/\/transportjournal.com\/nl\/2026\/01\/26\/groupe-stef-benoemt-nieuwe-directeuren\/#primaryimage"},"thumbnailUrl":"https:\/\/transportjournal.com\/wp-content\/uploads\/sites\/2\/2026\/01\/FRANCOIS-PINTO-\u00a9-OBOClandoeil.fr_.jpg-aspect-ratio-1400-788.webp","keywords":["acquisitions dans le transport","acquisitions in transport","Akquisitionen im Transport","corporate governance","Deutsch Groupe STEF","d\u00e9veloppement des infrastructures","d\u00e9veloppement des revenus","Digitalisierung in der Logistik","digitalization in logistics","directeurs op\u00e9rationnels","europ\u00e4ischer Markt","European market","expansion internationale","Fachkr\u00e4ftemangel","Frankreich Logistik","gouvernance d'entreprise","governance structure","Governance-Struktur","growth strategy","infrastructure development","Infrastrukturentwicklung","international expansion Fran\u00e7ais Groupe STEF","international strategy","internationale Expansion English Groupe STEF","internationale Strategie","logistics in France","logistique de colis","logistique durable","logistique en France","march\u00e9 europ\u00e9en","market share","Marktanteil","nachhaltige Logistik","neue Gesch\u00e4ftsf\u00fchrer","new managing directors","nouveaux directeurs g\u00e9n\u00e9raux","num\u00e9risation dans la logistique","operational directors","operative Gesch\u00e4ftsf\u00fchrer","Paketlogistik","parcel logistics","part de march\u00e9","p\u00e9nurie de comp\u00e9tences","rail freight transport","revenue development","Schieneng\u00fcterverkehr","secteur du transport et de la logistique","skills shortage","strat\u00e9gie de croissance","strat\u00e9gie internationale","structure de gouvernance","sustainable logistics","transport and logistics sector","transport ferroviaire de marchandises","Transport- und Logistiksektor","Umsatzentwicklung","Unternehmensf\u00fchrung","Wachstumskurs"],"articleSection":["Europa","Expeditie &amp; Logistiek","Mensen &amp; Bedrijven"],"inLanguage":"nl-NL","potentialAction":[{"@type":"CommentAction","name":"Comment","target":["https:\/\/transportjournal.com\/nl\/2026\/01\/26\/groupe-stef-benoemt-nieuwe-directeuren\/#respond"]}]},{"@type":"WebPage","@id":"https:\/\/transportjournal.com\/nl\/2026\/01\/26\/groupe-stef-benoemt-nieuwe-directeuren\/","url":"https:\/\/transportjournal.com\/nl\/2026\/01\/26\/groupe-stef-benoemt-nieuwe-directeuren\/","name":"Groupe STEF benoemt nieuwe directeuren - ITJ | International Transport Journal","isPartOf":{"@id":"https:\/\/transportjournal.com\/nl\/#website"},"primaryImageOfPage":{"@id":"https:\/\/transportjournal.com\/nl\/2026\/01\/26\/groupe-stef-benoemt-nieuwe-directeuren\/#primaryimage"},"image":{"@id":"https:\/\/transportjournal.com\/nl\/2026\/01\/26\/groupe-stef-benoemt-nieuwe-directeuren\/#primaryimage"},"thumbnailUrl":"https:\/\/transportjournal.com\/wp-content\/uploads\/sites\/2\/2026\/01\/FRANCOIS-PINTO-\u00a9-OBOClandoeil.fr_.jpg-aspect-ratio-1400-788.webp","datePublished":"2026-01-26T09:52:22+00:00","breadcrumb":{"@id":"https:\/\/transportjournal.com\/nl\/2026\/01\/26\/groupe-stef-benoemt-nieuwe-directeuren\/#breadcrumb"},"inLanguage":"nl-NL","potentialAction":[{"@type":"ReadAction","target":["https:\/\/transportjournal.com\/nl\/2026\/01\/26\/groupe-stef-benoemt-nieuwe-directeuren\/"]}]},{"@type":"ImageObject","inLanguage":"nl-NL","@id":"https:\/\/transportjournal.com\/nl\/2026\/01\/26\/groupe-stef-benoemt-nieuwe-directeuren\/#primaryimage","url":"https:\/\/transportjournal.com\/wp-content\/uploads\/sites\/2\/2026\/01\/FRANCOIS-PINTO-\u00a9-OBOClandoeil.fr_.jpg-aspect-ratio-1400-788.webp","contentUrl":"https:\/\/transportjournal.com\/wp-content\/uploads\/sites\/2\/2026\/01\/FRANCOIS-PINTO-\u00a9-OBOClandoeil.fr_.jpg-aspect-ratio-1400-788.webp","width":1755,"height":988},{"@type":"BreadcrumbList","@id":"https:\/\/transportjournal.com\/nl\/2026\/01\/26\/groupe-stef-benoemt-nieuwe-directeuren\/#breadcrumb","itemListElement":[{"@type":"ListItem","position":1,"name":"Startseite","item":"https:\/\/transportjournal.com\/nl\/"},{"@type":"ListItem","position":2,"name":"Groupe STEF benoemt nieuwe directeuren"}]},{"@type":"WebSite","@id":"https:\/\/transportjournal.com\/nl\/#website","url":"https:\/\/transportjournal.com\/nl\/","name":"ITJ | International Transport Journal","description":"Stay informed with the latest global news from the transport, logistics, and supply chain industries. Transport Journal delivers expert insights, analysis, and updates across shipping, aviation, intermodal, and forwarding.","publisher":{"@id":"https:\/\/transportjournal.com\/nl\/#organization"},"potentialAction":[{"@type":"SearchAction","target":{"@type":"EntryPoint","urlTemplate":"https:\/\/transportjournal.com\/nl\/?s={search_term_string}"},"query-input":{"@type":"PropertyValueSpecification","valueRequired":true,"valueName":"search_term_string"}}],"inLanguage":"nl-NL"},{"@type":"Organization","@id":"https:\/\/transportjournal.com\/nl\/#organization","name":"Logismedia Groep AG","alternateName":"Logismedia Group AG","url":"https:\/\/transportjournal.com\/nl\/","logo":{"@type":"ImageObject","inLanguage":"nl-NL","@id":"https:\/\/transportjournal.com\/nl\/#\/schema\/logo\/image\/","url":"https:\/\/transportjournal.com\/wp-content\/uploads\/sites\/2\/2025\/09\/Logo_ITJ.png","contentUrl":"https:\/\/transportjournal.com\/wp-content\/uploads\/sites\/2\/2025\/09\/Logo_ITJ.png","width":799,"height":326,"caption":"Logismedia Groep AG"},"image":{"@id":"https:\/\/transportjournal.com\/nl\/#\/schema\/logo\/image\/"},"sameAs":["https:\/\/www.linkedin.com\/company\/56456496\/admin\/dashboard\/","https:\/\/www.instagram.com\/logismediagroup\/","https:\/\/www.youtube.com\/@LogiamediaGroupAG"]},{"@type":"Person","@id":"https:\/\/transportjournal.com\/nl\/#\/schema\/person\/cf538b3157f15afd7589245a4b3dbd25","name":"Andreas Haug","url":"https:\/\/transportjournal.com\/nl\/author\/andreas\/"}]}},"_links":{"self":[{"href":"https:\/\/transportjournal.com\/nl\/wp-json\/wp\/v2\/posts\/74330","targetHints":{"allow":["GET"]}}],"collection":[{"href":"https:\/\/transportjournal.com\/nl\/wp-json\/wp\/v2\/posts"}],"about":[{"href":"https:\/\/transportjournal.com\/nl\/wp-json\/wp\/v2\/types\/post"}],"author":[{"embeddable":true,"href":"https:\/\/transportjournal.com\/nl\/wp-json\/wp\/v2\/users\/12"}],"replies":[{"embeddable":true,"href":"https:\/\/transportjournal.com\/nl\/wp-json\/wp\/v2\/comments?post=74330"}],"version-history":[{"count":0,"href":"https:\/\/transportjournal.com\/nl\/wp-json\/wp\/v2\/posts\/74330\/revisions"}],"wp:featuredmedia":[{"embeddable":true,"href":"https:\/\/transportjournal.com\/nl\/wp-json\/wp\/v2\/media\/74324"}],"wp:attachment":[{"href":"https:\/\/transportjournal.com\/nl\/wp-json\/wp\/v2\/media?parent=74330"}],"wp:term":[{"taxonomy":"category","embeddable":true,"href":"https:\/\/transportjournal.com\/nl\/wp-json\/wp\/v2\/categories?post=74330"},{"taxonomy":"post_tag","embeddable":true,"href":"https:\/\/transportjournal.com\/nl\/wp-json\/wp\/v2\/tags?post=74330"}],"curies":[{"name":"wp","href":"https:\/\/api.w.org\/{rel}","templated":true}]}}