{"id":74245,"date":"2026-01-23T11:29:28","date_gmt":"2026-01-23T11:29:28","guid":{"rendered":"https:\/\/transportjournal.com\/2026\/01\/23\/groei-van-de-logistieke-sector-tot-2031\/"},"modified":"2026-01-23T11:29:28","modified_gmt":"2026-01-23T11:29:28","slug":"groei-van-de-logistieke-sector-tot-2031","status":"publish","type":"post","link":"https:\/\/transportjournal.com\/nl\/2026\/01\/23\/groei-van-de-logistieke-sector-tot-2031\/","title":{"rendered":"Groei van de logistieke sector tot 2031"},"content":{"rendered":"<p>De Duitse logistiek- en vrachtsector toont zich de komende jaren op een groeipad. Volgens het huidige marktrapport van Research and Markets zal de omzet in de vracht- en logistieksector in Duitsland stijgen van 221,37 miljard USD in 2025 naar 227,99 miljard USD in 2026. Tot 2031 wordt een totaalvolume van 264,17 miljard USD voorspeld, wat overeenkomt met een gemiddelde jaarlijkse groeivoet (CAGR) van 2,99 % voor de periode 2026 tot 2031.<\/p>\n<h3>Groei door e-commerce en nieuwe regelgeving<\/h3>\n<p>In het bijzonder de uitvoering van online bestellingen en de exportgerichtheid spelen een cruciale rol. Bovendien wordt de sector be\u00efnvloed door de richtlijnen van de Europese Groene Deal, die hogere kosten voor het wegvervoer met zich meebrengt. Om de uitdagingen van de CO2-prijsstelling, die op 55 EUR (ongeveer 60,7 USD) per ton ligt, het hoofd te bieden, zetten veel bedrijven volgens het rapport in op intermodale oplossingen.<\/p>\n<p>&nbsp;<\/p>\n","protected":false},"excerpt":{"rendered":"<p>Duitse logistiek- en vrachtsector zal naar verwachting tot 2031 een omzetgroei van 264,17 miljard USD ervaren, ondersteund door e-commerce en technologische innovaties<\/p>\n","protected":false},"author":10,"featured_media":74239,"comment_status":"open","ping_status":"open","sticky":false,"template":"","format":"standard","meta":{"_acf_changed":false,"footnotes":""},"categories":[1599,1593],"tags":[9034,9035,9036,9037,2115,2116,5090,5091,9038,9039,9040,9041,9042,2122,9043,9044,9045,2123,9046,9047,3328,3994,5252,5253,9048,4000,9049,9050,2525,9051,2526,3750,5108,9052,9053,9054,3157,9055,9056,3756,3757,2145,9057,2869,9058,9059,2193,9060,9061,9062,1916,2339,5266,2106,9063,8591,3125,8592,9064,9065],"class_list":["post-74245","post","type-post","status-publish","format-standard","has-post-thumbnail","hentry","category-europa","category-expeditie-logistiek","tag-co2-pricing-logistics","tag-co2-bepreisung-logistik","tag-croissance-logistique-2031","tag-deutsch-logistikbranche","tag-digitalisierung-in-der-logistik","tag-digitalization-in-logistics","tag-e-commerce-logistics","tag-e-commerce-logistik","tag-economie-du-transport-allemagne","tag-europaeischer-gruener-deal","tag-european-green-deal","tag-export-oriented-logistics-francais-secteur-logistique","tag-exportorientierung-logistik-english-logistics-industry","tag-fachkraeftemangel-logistik","tag-frachtmarkt-deutschland","tag-freight-market-germany","tag-freight-market-report","tag-gestion-de-la-chaine-dapprovisionnement","tag-growth-logistics-2031","tag-hafenbetrieb-deutschland","tag-infrastructure-logistique","tag-infrastruktur-logistik","tag-intermodal-solutions","tag-intermodale-loesungen","tag-logistics-industry-forecast","tag-logistics-infrastructure","tag-logistics-market-report","tag-logistics-revenue-2026","tag-logistics-service-providers-germany","tag-logistik-martktreport","tag-logistikdienstleister-deutschland","tag-logistique-de-colis","tag-logistique-e-commerce","tag-logistique-orientee-export","tag-marche-du-fret-allemagne","tag-marktbericht-fracht","tag-numerisation-dans-la-logistique","tag-operations-portuaires-allemagne","tag-pacte-vert-europeen","tag-paketlogistik","tag-parcel-logistics","tag-penurie-de-main-doeuvre-logistique","tag-port-operations-germany","tag-prestataires-de-services-logistiques-allemagne","tag-previsions-secteur-logistique","tag-prognose-logistikbranche","tag-rail-freight-transport","tag-rapport-de-marche-du-fret","tag-rapport-de-marche-logistique","tag-revenus-logistique-2026","tag-schienengueterverkehr","tag-skills-shortage-logistics","tag-solutions-intermodales","tag-supply-chain-management","tag-tarification-du-co2-logistique","tag-transport-economy-germany","tag-transport-ferroviaire-de-marchandises","tag-transportwirtschaft-deutschland","tag-umsatz-logistik-2026","tag-wachstum-logistik-2031"],"acf":[],"yoast_head":"<!-- This site is optimized with the Yoast SEO plugin v27.3 - https:\/\/yoast.com\/product\/yoast-seo-wordpress\/ -->\n<title>Groei van de logistieke sector tot 2031 - ITJ | International Transport Journal<\/title>\n<meta name=\"robots\" content=\"index, follow, max-snippet:-1, max-image-preview:large, max-video-preview:-1\" \/>\n<link rel=\"canonical\" href=\"https:\/\/transportjournal.com\/nl\/2026\/01\/23\/groei-van-de-logistieke-sector-tot-2031\/\" \/>\n<meta property=\"og:locale\" content=\"nl_NL\" \/>\n<meta property=\"og:type\" content=\"article\" \/>\n<meta property=\"og:title\" content=\"Groei van de logistieke sector tot 2031 - ITJ | International Transport Journal\" \/>\n<meta property=\"og:description\" content=\"Duitse logistiek- en vrachtsector zal naar verwachting tot 2031 een omzetgroei van 264,17 miljard USD ervaren, ondersteund door e-commerce en technologische innovaties\" \/>\n<meta property=\"og:url\" content=\"https:\/\/transportjournal.com\/nl\/2026\/01\/23\/groei-van-de-logistieke-sector-tot-2031\/\" \/>\n<meta property=\"og:site_name\" content=\"ITJ | International Transport Journal\" \/>\n<meta property=\"article:published_time\" content=\"2026-01-23T11:29:28+00:00\" \/>\n<meta property=\"og:image\" content=\"https:\/\/transportjournal.com\/wp-content\/uploads\/sites\/2\/2026\/01\/AdobeStock_354007764-1-scaled-aspect-ratio-1400-788-scaled-1.jpeg\" \/>\n\t<meta property=\"og:image:width\" content=\"2560\" \/>\n\t<meta property=\"og:image:height\" content=\"1441\" \/>\n\t<meta property=\"og:image:type\" content=\"image\/jpeg\" \/>\n<meta name=\"author\" content=\"Jeremy Soland\" \/>\n<meta name=\"twitter:card\" content=\"summary_large_image\" \/>\n<meta name=\"twitter:label1\" content=\"Geschreven door\" \/>\n\t<meta name=\"twitter:data1\" content=\"Jeremy Soland\" \/>\n\t<meta name=\"twitter:label2\" content=\"Geschatte leestijd\" \/>\n\t<meta name=\"twitter:data2\" content=\"1 minuut\" \/>\n<script type=\"application\/ld+json\" class=\"yoast-schema-graph\">{\"@context\":\"https:\\\/\\\/schema.org\",\"@graph\":[{\"@type\":\"Article\",\"@id\":\"https:\\\/\\\/transportjournal.com\\\/nl\\\/2026\\\/01\\\/23\\\/groei-van-de-logistieke-sector-tot-2031\\\/#article\",\"isPartOf\":{\"@id\":\"https:\\\/\\\/transportjournal.com\\\/nl\\\/2026\\\/01\\\/23\\\/groei-van-de-logistieke-sector-tot-2031\\\/\"},\"author\":{\"name\":\"Jeremy Soland\",\"@id\":\"https:\\\/\\\/transportjournal.com\\\/nl\\\/#\\\/schema\\\/person\\\/41d36b5474b623392fa613e97e2363fa\"},\"headline\":\"Groei van de logistieke sector tot 2031\",\"datePublished\":\"2026-01-23T11:29:28+00:00\",\"mainEntityOfPage\":{\"@id\":\"https:\\\/\\\/transportjournal.com\\\/nl\\\/2026\\\/01\\\/23\\\/groei-van-de-logistieke-sector-tot-2031\\\/\"},\"wordCount\":141,\"commentCount\":0,\"publisher\":{\"@id\":\"https:\\\/\\\/transportjournal.com\\\/nl\\\/#organization\"},\"image\":{\"@id\":\"https:\\\/\\\/transportjournal.com\\\/nl\\\/2026\\\/01\\\/23\\\/groei-van-de-logistieke-sector-tot-2031\\\/#primaryimage\"},\"thumbnailUrl\":\"https:\\\/\\\/transportjournal.com\\\/wp-content\\\/uploads\\\/sites\\\/2\\\/2026\\\/01\\\/AdobeStock_354007764-1-scaled-aspect-ratio-1400-788-scaled-1.jpeg\",\"keywords\":[\"CO2 pricing logistics\",\"CO2-Bepreisung Logistik\",\"croissance logistique 2031\",\"Deutsch Logistikbranche\",\"Digitalisierung in der Logistik\",\"digitalization in logistics\",\"e-commerce logistics\",\"E-Commerce Logistik\",\"\u00e9conomie du transport Allemagne\",\"europ\u00e4ischer Gr\u00fcner Deal\",\"European Green Deal\",\"export-oriented logistics Fran\u00e7ais secteur logistique\",\"Exportorientierung Logistik English logistics industry\",\"Fachkr\u00e4ftemangel Logistik\",\"Frachtmarkt Deutschland\",\"freight market Germany\",\"freight market report\",\"gestion de la cha\u00eene d'approvisionnement\",\"growth logistics 2031\",\"Hafenbetrieb Deutschland\",\"infrastructure logistique\",\"Infrastruktur Logistik\",\"intermodal solutions\",\"intermodale L\u00f6sungen\",\"logistics industry forecast\",\"logistics infrastructure\",\"logistics market report\",\"logistics revenue 2026\",\"logistics service providers Germany\",\"Logistik Martktreport\",\"Logistikdienstleister Deutschland\",\"logistique de colis\",\"logistique e-commerce\",\"logistique orient\u00e9e export\",\"march\u00e9 du fret Allemagne\",\"Marktbericht Fracht\",\"num\u00e9risation dans la logistique\",\"op\u00e9rations portuaires Allemagne\",\"Pacte vert europ\u00e9en\",\"Paketlogistik\",\"parcel logistics\",\"p\u00e9nurie de main-d'\u0153uvre logistique\",\"port operations Germany\",\"prestataires de services logistiques Allemagne\",\"pr\u00e9visions secteur logistique\",\"Prognose Logistikbranche\",\"rail freight transport\",\"rapport de march\u00e9 du fret\",\"rapport de march\u00e9 logistique\",\"revenus logistique 2026\",\"Schieneng\u00fcterverkehr\",\"skills shortage logistics\",\"solutions intermodales\",\"Supply Chain Management\",\"tarification du CO2 logistique\",\"transport economy Germany\",\"transport ferroviaire de marchandises\",\"Transportwirtschaft Deutschland\",\"Umsatz Logistik 2026\",\"Wachstum Logistik 2031\"],\"articleSection\":[\"Europa\",\"Expeditie &amp; Logistiek\"],\"inLanguage\":\"nl-NL\",\"potentialAction\":[{\"@type\":\"CommentAction\",\"name\":\"Comment\",\"target\":[\"https:\\\/\\\/transportjournal.com\\\/nl\\\/2026\\\/01\\\/23\\\/groei-van-de-logistieke-sector-tot-2031\\\/#respond\"]}]},{\"@type\":\"WebPage\",\"@id\":\"https:\\\/\\\/transportjournal.com\\\/nl\\\/2026\\\/01\\\/23\\\/groei-van-de-logistieke-sector-tot-2031\\\/\",\"url\":\"https:\\\/\\\/transportjournal.com\\\/nl\\\/2026\\\/01\\\/23\\\/groei-van-de-logistieke-sector-tot-2031\\\/\",\"name\":\"Groei van de logistieke sector tot 2031 - ITJ | International Transport Journal\",\"isPartOf\":{\"@id\":\"https:\\\/\\\/transportjournal.com\\\/nl\\\/#website\"},\"primaryImageOfPage\":{\"@id\":\"https:\\\/\\\/transportjournal.com\\\/nl\\\/2026\\\/01\\\/23\\\/groei-van-de-logistieke-sector-tot-2031\\\/#primaryimage\"},\"image\":{\"@id\":\"https:\\\/\\\/transportjournal.com\\\/nl\\\/2026\\\/01\\\/23\\\/groei-van-de-logistieke-sector-tot-2031\\\/#primaryimage\"},\"thumbnailUrl\":\"https:\\\/\\\/transportjournal.com\\\/wp-content\\\/uploads\\\/sites\\\/2\\\/2026\\\/01\\\/AdobeStock_354007764-1-scaled-aspect-ratio-1400-788-scaled-1.jpeg\",\"datePublished\":\"2026-01-23T11:29:28+00:00\",\"breadcrumb\":{\"@id\":\"https:\\\/\\\/transportjournal.com\\\/nl\\\/2026\\\/01\\\/23\\\/groei-van-de-logistieke-sector-tot-2031\\\/#breadcrumb\"},\"inLanguage\":\"nl-NL\",\"potentialAction\":[{\"@type\":\"ReadAction\",\"target\":[\"https:\\\/\\\/transportjournal.com\\\/nl\\\/2026\\\/01\\\/23\\\/groei-van-de-logistieke-sector-tot-2031\\\/\"]}]},{\"@type\":\"ImageObject\",\"inLanguage\":\"nl-NL\",\"@id\":\"https:\\\/\\\/transportjournal.com\\\/nl\\\/2026\\\/01\\\/23\\\/groei-van-de-logistieke-sector-tot-2031\\\/#primaryimage\",\"url\":\"https:\\\/\\\/transportjournal.com\\\/wp-content\\\/uploads\\\/sites\\\/2\\\/2026\\\/01\\\/AdobeStock_354007764-1-scaled-aspect-ratio-1400-788-scaled-1.jpeg\",\"contentUrl\":\"https:\\\/\\\/transportjournal.com\\\/wp-content\\\/uploads\\\/sites\\\/2\\\/2026\\\/01\\\/AdobeStock_354007764-1-scaled-aspect-ratio-1400-788-scaled-1.jpeg\",\"width\":2560,\"height\":1441},{\"@type\":\"BreadcrumbList\",\"@id\":\"https:\\\/\\\/transportjournal.com\\\/nl\\\/2026\\\/01\\\/23\\\/groei-van-de-logistieke-sector-tot-2031\\\/#breadcrumb\",\"itemListElement\":[{\"@type\":\"ListItem\",\"position\":1,\"name\":\"Startseite\",\"item\":\"https:\\\/\\\/transportjournal.com\\\/nl\\\/\"},{\"@type\":\"ListItem\",\"position\":2,\"name\":\"Groei van de logistieke sector tot 2031\"}]},{\"@type\":\"WebSite\",\"@id\":\"https:\\\/\\\/transportjournal.com\\\/nl\\\/#website\",\"url\":\"https:\\\/\\\/transportjournal.com\\\/nl\\\/\",\"name\":\"ITJ | International Transport Journal\",\"description\":\"Stay informed with the latest global news from the transport, logistics, and supply chain industries. Transport Journal delivers expert insights, analysis, and updates across shipping, aviation, intermodal, and forwarding.\",\"publisher\":{\"@id\":\"https:\\\/\\\/transportjournal.com\\\/nl\\\/#organization\"},\"potentialAction\":[{\"@type\":\"SearchAction\",\"target\":{\"@type\":\"EntryPoint\",\"urlTemplate\":\"https:\\\/\\\/transportjournal.com\\\/nl\\\/?s={search_term_string}\"},\"query-input\":{\"@type\":\"PropertyValueSpecification\",\"valueRequired\":true,\"valueName\":\"search_term_string\"}}],\"inLanguage\":\"nl-NL\"},{\"@type\":\"Organization\",\"@id\":\"https:\\\/\\\/transportjournal.com\\\/nl\\\/#organization\",\"name\":\"Logismedia Groep AG\",\"alternateName\":\"Logismedia Group AG\",\"url\":\"https:\\\/\\\/transportjournal.com\\\/nl\\\/\",\"logo\":{\"@type\":\"ImageObject\",\"inLanguage\":\"nl-NL\",\"@id\":\"https:\\\/\\\/transportjournal.com\\\/nl\\\/#\\\/schema\\\/logo\\\/image\\\/\",\"url\":\"https:\\\/\\\/transportjournal.com\\\/wp-content\\\/uploads\\\/sites\\\/2\\\/2025\\\/09\\\/Logo_ITJ.png\",\"contentUrl\":\"https:\\\/\\\/transportjournal.com\\\/wp-content\\\/uploads\\\/sites\\\/2\\\/2025\\\/09\\\/Logo_ITJ.png\",\"width\":799,\"height\":326,\"caption\":\"Logismedia Groep AG\"},\"image\":{\"@id\":\"https:\\\/\\\/transportjournal.com\\\/nl\\\/#\\\/schema\\\/logo\\\/image\\\/\"},\"sameAs\":[\"https:\\\/\\\/www.linkedin.com\\\/company\\\/56456496\\\/admin\\\/dashboard\\\/\",\"https:\\\/\\\/www.instagram.com\\\/logismediagroup\\\/\",\"https:\\\/\\\/www.youtube.com\\\/@LogiamediaGroupAG\"]},{\"@type\":\"Person\",\"@id\":\"https:\\\/\\\/transportjournal.com\\\/nl\\\/#\\\/schema\\\/person\\\/41d36b5474b623392fa613e97e2363fa\",\"name\":\"Jeremy Soland\",\"url\":\"https:\\\/\\\/transportjournal.com\\\/nl\\\/author\\\/jeremy\\\/\"}]}<\/script>\n<!-- \/ Yoast SEO plugin. -->","yoast_head_json":{"title":"Groei van de logistieke sector tot 2031 - ITJ | International Transport Journal","robots":{"index":"index","follow":"follow","max-snippet":"max-snippet:-1","max-image-preview":"max-image-preview:large","max-video-preview":"max-video-preview:-1"},"canonical":"https:\/\/transportjournal.com\/nl\/2026\/01\/23\/groei-van-de-logistieke-sector-tot-2031\/","og_locale":"nl_NL","og_type":"article","og_title":"Groei van de logistieke sector tot 2031 - ITJ | International Transport Journal","og_description":"Duitse logistiek- en vrachtsector zal naar verwachting tot 2031 een omzetgroei van 264,17 miljard USD ervaren, ondersteund door e-commerce en technologische innovaties","og_url":"https:\/\/transportjournal.com\/nl\/2026\/01\/23\/groei-van-de-logistieke-sector-tot-2031\/","og_site_name":"ITJ | International Transport Journal","article_published_time":"2026-01-23T11:29:28+00:00","og_image":[{"width":2560,"height":1441,"url":"https:\/\/transportjournal.com\/wp-content\/uploads\/sites\/2\/2026\/01\/AdobeStock_354007764-1-scaled-aspect-ratio-1400-788-scaled-1.jpeg","type":"image\/jpeg"}],"author":"Jeremy Soland","twitter_card":"summary_large_image","twitter_misc":{"Geschreven door":"Jeremy Soland","Geschatte leestijd":"1 minuut"},"schema":{"@context":"https:\/\/schema.org","@graph":[{"@type":"Article","@id":"https:\/\/transportjournal.com\/nl\/2026\/01\/23\/groei-van-de-logistieke-sector-tot-2031\/#article","isPartOf":{"@id":"https:\/\/transportjournal.com\/nl\/2026\/01\/23\/groei-van-de-logistieke-sector-tot-2031\/"},"author":{"name":"Jeremy Soland","@id":"https:\/\/transportjournal.com\/nl\/#\/schema\/person\/41d36b5474b623392fa613e97e2363fa"},"headline":"Groei van de logistieke sector tot 2031","datePublished":"2026-01-23T11:29:28+00:00","mainEntityOfPage":{"@id":"https:\/\/transportjournal.com\/nl\/2026\/01\/23\/groei-van-de-logistieke-sector-tot-2031\/"},"wordCount":141,"commentCount":0,"publisher":{"@id":"https:\/\/transportjournal.com\/nl\/#organization"},"image":{"@id":"https:\/\/transportjournal.com\/nl\/2026\/01\/23\/groei-van-de-logistieke-sector-tot-2031\/#primaryimage"},"thumbnailUrl":"https:\/\/transportjournal.com\/wp-content\/uploads\/sites\/2\/2026\/01\/AdobeStock_354007764-1-scaled-aspect-ratio-1400-788-scaled-1.jpeg","keywords":["CO2 pricing logistics","CO2-Bepreisung Logistik","croissance logistique 2031","Deutsch Logistikbranche","Digitalisierung in der Logistik","digitalization in logistics","e-commerce logistics","E-Commerce Logistik","\u00e9conomie du transport Allemagne","europ\u00e4ischer Gr\u00fcner Deal","European Green Deal","export-oriented logistics Fran\u00e7ais secteur logistique","Exportorientierung Logistik English logistics industry","Fachkr\u00e4ftemangel Logistik","Frachtmarkt Deutschland","freight market Germany","freight market report","gestion de la cha\u00eene d'approvisionnement","growth logistics 2031","Hafenbetrieb Deutschland","infrastructure logistique","Infrastruktur Logistik","intermodal solutions","intermodale L\u00f6sungen","logistics industry forecast","logistics infrastructure","logistics market report","logistics revenue 2026","logistics service providers Germany","Logistik Martktreport","Logistikdienstleister Deutschland","logistique de colis","logistique e-commerce","logistique orient\u00e9e export","march\u00e9 du fret Allemagne","Marktbericht Fracht","num\u00e9risation dans la logistique","op\u00e9rations portuaires Allemagne","Pacte vert europ\u00e9en","Paketlogistik","parcel logistics","p\u00e9nurie de main-d'\u0153uvre logistique","port operations Germany","prestataires de services logistiques Allemagne","pr\u00e9visions secteur logistique","Prognose Logistikbranche","rail freight transport","rapport de march\u00e9 du fret","rapport de march\u00e9 logistique","revenus logistique 2026","Schieneng\u00fcterverkehr","skills shortage logistics","solutions intermodales","Supply Chain Management","tarification du CO2 logistique","transport economy Germany","transport ferroviaire de marchandises","Transportwirtschaft Deutschland","Umsatz Logistik 2026","Wachstum Logistik 2031"],"articleSection":["Europa","Expeditie &amp; Logistiek"],"inLanguage":"nl-NL","potentialAction":[{"@type":"CommentAction","name":"Comment","target":["https:\/\/transportjournal.com\/nl\/2026\/01\/23\/groei-van-de-logistieke-sector-tot-2031\/#respond"]}]},{"@type":"WebPage","@id":"https:\/\/transportjournal.com\/nl\/2026\/01\/23\/groei-van-de-logistieke-sector-tot-2031\/","url":"https:\/\/transportjournal.com\/nl\/2026\/01\/23\/groei-van-de-logistieke-sector-tot-2031\/","name":"Groei van de logistieke sector tot 2031 - ITJ | International Transport Journal","isPartOf":{"@id":"https:\/\/transportjournal.com\/nl\/#website"},"primaryImageOfPage":{"@id":"https:\/\/transportjournal.com\/nl\/2026\/01\/23\/groei-van-de-logistieke-sector-tot-2031\/#primaryimage"},"image":{"@id":"https:\/\/transportjournal.com\/nl\/2026\/01\/23\/groei-van-de-logistieke-sector-tot-2031\/#primaryimage"},"thumbnailUrl":"https:\/\/transportjournal.com\/wp-content\/uploads\/sites\/2\/2026\/01\/AdobeStock_354007764-1-scaled-aspect-ratio-1400-788-scaled-1.jpeg","datePublished":"2026-01-23T11:29:28+00:00","breadcrumb":{"@id":"https:\/\/transportjournal.com\/nl\/2026\/01\/23\/groei-van-de-logistieke-sector-tot-2031\/#breadcrumb"},"inLanguage":"nl-NL","potentialAction":[{"@type":"ReadAction","target":["https:\/\/transportjournal.com\/nl\/2026\/01\/23\/groei-van-de-logistieke-sector-tot-2031\/"]}]},{"@type":"ImageObject","inLanguage":"nl-NL","@id":"https:\/\/transportjournal.com\/nl\/2026\/01\/23\/groei-van-de-logistieke-sector-tot-2031\/#primaryimage","url":"https:\/\/transportjournal.com\/wp-content\/uploads\/sites\/2\/2026\/01\/AdobeStock_354007764-1-scaled-aspect-ratio-1400-788-scaled-1.jpeg","contentUrl":"https:\/\/transportjournal.com\/wp-content\/uploads\/sites\/2\/2026\/01\/AdobeStock_354007764-1-scaled-aspect-ratio-1400-788-scaled-1.jpeg","width":2560,"height":1441},{"@type":"BreadcrumbList","@id":"https:\/\/transportjournal.com\/nl\/2026\/01\/23\/groei-van-de-logistieke-sector-tot-2031\/#breadcrumb","itemListElement":[{"@type":"ListItem","position":1,"name":"Startseite","item":"https:\/\/transportjournal.com\/nl\/"},{"@type":"ListItem","position":2,"name":"Groei van de logistieke sector tot 2031"}]},{"@type":"WebSite","@id":"https:\/\/transportjournal.com\/nl\/#website","url":"https:\/\/transportjournal.com\/nl\/","name":"ITJ | International Transport Journal","description":"Stay informed with the latest global news from the transport, logistics, and supply chain industries. Transport Journal delivers expert insights, analysis, and updates across shipping, aviation, intermodal, and forwarding.","publisher":{"@id":"https:\/\/transportjournal.com\/nl\/#organization"},"potentialAction":[{"@type":"SearchAction","target":{"@type":"EntryPoint","urlTemplate":"https:\/\/transportjournal.com\/nl\/?s={search_term_string}"},"query-input":{"@type":"PropertyValueSpecification","valueRequired":true,"valueName":"search_term_string"}}],"inLanguage":"nl-NL"},{"@type":"Organization","@id":"https:\/\/transportjournal.com\/nl\/#organization","name":"Logismedia Groep AG","alternateName":"Logismedia Group AG","url":"https:\/\/transportjournal.com\/nl\/","logo":{"@type":"ImageObject","inLanguage":"nl-NL","@id":"https:\/\/transportjournal.com\/nl\/#\/schema\/logo\/image\/","url":"https:\/\/transportjournal.com\/wp-content\/uploads\/sites\/2\/2025\/09\/Logo_ITJ.png","contentUrl":"https:\/\/transportjournal.com\/wp-content\/uploads\/sites\/2\/2025\/09\/Logo_ITJ.png","width":799,"height":326,"caption":"Logismedia Groep AG"},"image":{"@id":"https:\/\/transportjournal.com\/nl\/#\/schema\/logo\/image\/"},"sameAs":["https:\/\/www.linkedin.com\/company\/56456496\/admin\/dashboard\/","https:\/\/www.instagram.com\/logismediagroup\/","https:\/\/www.youtube.com\/@LogiamediaGroupAG"]},{"@type":"Person","@id":"https:\/\/transportjournal.com\/nl\/#\/schema\/person\/41d36b5474b623392fa613e97e2363fa","name":"Jeremy Soland","url":"https:\/\/transportjournal.com\/nl\/author\/jeremy\/"}]}},"_links":{"self":[{"href":"https:\/\/transportjournal.com\/nl\/wp-json\/wp\/v2\/posts\/74245","targetHints":{"allow":["GET"]}}],"collection":[{"href":"https:\/\/transportjournal.com\/nl\/wp-json\/wp\/v2\/posts"}],"about":[{"href":"https:\/\/transportjournal.com\/nl\/wp-json\/wp\/v2\/types\/post"}],"author":[{"embeddable":true,"href":"https:\/\/transportjournal.com\/nl\/wp-json\/wp\/v2\/users\/10"}],"replies":[{"embeddable":true,"href":"https:\/\/transportjournal.com\/nl\/wp-json\/wp\/v2\/comments?post=74245"}],"version-history":[{"count":0,"href":"https:\/\/transportjournal.com\/nl\/wp-json\/wp\/v2\/posts\/74245\/revisions"}],"wp:featuredmedia":[{"embeddable":true,"href":"https:\/\/transportjournal.com\/nl\/wp-json\/wp\/v2\/media\/74239"}],"wp:attachment":[{"href":"https:\/\/transportjournal.com\/nl\/wp-json\/wp\/v2\/media?parent=74245"}],"wp:term":[{"taxonomy":"category","embeddable":true,"href":"https:\/\/transportjournal.com\/nl\/wp-json\/wp\/v2\/categories?post=74245"},{"taxonomy":"post_tag","embeddable":true,"href":"https:\/\/transportjournal.com\/nl\/wp-json\/wp\/v2\/tags?post=74245"}],"curies":[{"name":"wp","href":"https:\/\/api.w.org\/{rel}","templated":true}]}}