{"id":74159,"date":"2026-01-23T10:00:06","date_gmt":"2026-01-23T10:00:06","guid":{"rendered":"https:\/\/transportjournal.com\/2026\/01\/23\/manuel-marielle-nieuwe-directeur-renault-trucks\/"},"modified":"2026-01-23T10:00:06","modified_gmt":"2026-01-23T10:00:06","slug":"manuel-marielle-nieuwe-directeur-renault-trucks","status":"publish","type":"post","link":"https:\/\/transportjournal.com\/nl\/2026\/01\/23\/manuel-marielle-nieuwe-directeur-renault-trucks\/","title":{"rendered":"Manuel Marielle nieuwe directeur Renault Trucks"},"content":{"rendered":"<p>Renault Trucks heeft de benoeming van Manuel Marielle tot nieuwe directeur van Renault Trucks Frankrijk aangekondigd. Hij zal zijn functie op 1 mei aanvaarden en volgt Christophe Martin op, die sinds 2018 in deze rol werkzaam was en op dat moment nieuwe taken in het uitvoerend comit\u00e9 van Renault Trucks zal overnemen.<\/p>\n<h3>Nieuwe strategische cyclus<\/h3>\n<p>Met de overname van de leiding van de belangrijkste markt van het bedrijf wordt Manuel Marielle in een sleutelpositie benoemd om een nieuwe strategische cyclus in te luiden. Deze cyclus is gericht op het reageren op de veranderingen in het wegverkeer en het versnellen van de groei van het bedrijf op het gebied van vrachtwagens en mobiliteitsoplossingen.<\/p>\n<p>Manuel Marielle heeft een masterdiploma in bedrijfskunde en een gespecialiseerde master in inkoopmanagement. Zijn carri\u00e8re begon hij in 1999 bij Renault Trucks in de financi\u00eble afdeling en ontwikkelde hij zich verder binnen de Volvo-groep. Daar bekleedde hij verschillende managementposities, onder andere in de uitvoerende commissies van Mack Trucks, Volvo Trucks North America en Renault Trucks. In deze rollen leidde hij inkoopafdelingen en strategische leveranciersrelaties op meerdere continenten en was hij verantwoordelijk voor de inkoopactiviteiten van de Volvo-groep in Noord-Amerika.<\/p>\n<p>Momenteel is Marielle directeur van de Europese divisie voor middelzware bedrijfsvoertuigen (EMD BU), die hij heeft opgericht om de leidende positie van Volvo in dit segment te versterken. In deze functie stuurt hij belangrijke partnerschappen en strategische projecten aan, evenals meerdere productielocaties.<\/p>\n<p>Marielle sprak over zijn nieuwe rol: \u201eIk voel me diep vereerd en kijk ernaar uit om de leiding van Renault Trucks Frankrijk over te nemen. Ik sluit me aan bij een solide en krachtige organisatie, gedragen door getalenteerde teams die me zullen helpen om onze koers te versnellen, in nauwe samenwerking met onze dealers. Mijn focus zal liggen op het waarborgen van de ervaring en het succes van onze klanten in een context van ingrijpende veranderingen in onze sector en het verstevigen van onze leidende positie.\u201c<\/p>\n<p>Antoine Duclaux, voorzitter van Renault Trucks, benadrukte het belang van Marielle voor het bedrijf: \u201eIk draag vandaag de verantwoordelijkheid voor onze historische markt over aan Manuel Marielle. Manuel is een moedige leider met meer dan 25 jaar ervaring in waardecreatie, een sterke bedrijfscultuur en uitgebreide internationale ervaring. Zijn loopbaan is een essentieel voordeel om het volledige potentieel van het merk op de Franse markt, waar we 30% marktaandeel hebben, verder te ontsluiten.\u201c<\/p>\n<p>&nbsp;<\/p>\n<p><a href=\"https:\/\/www.renault-trucks.com\/\" target=\"_blank\" rel=\"noopener noreferrer\">www.renault-trucks.com<\/a><\/p>\n<p>&nbsp;<\/p>\n","protected":false},"excerpt":{"rendered":"<p>Renault Trucks heeft Manuel Marielle benoemd tot de nieuwe algemeen directeur van Renault Trucks Frankrijk om een strategische cyclus ter versterking van het bedrijf in te luiden.<\/p>\n","protected":false},"author":12,"featured_media":74153,"comment_status":"open","ping_status":"open","sticky":false,"template":"","format":"standard","meta":{"_acf_changed":false,"footnotes":""},"categories":[1599,1592,1591],"tags":[8758,8759,8760,8761,8762,8763,8764,8765,8766,8767,8768,8769,8770,8771,8772,8773,8774,8775,8776,8777,8778,8779,8780,8781,8782,8783,8784,8785,8786,8787,8788,8789,8790,8791,8792,8793,8794,8795,8796,8797,8798,8799,8800,8801,8802,8803,8804,8805,8806,8807,8808,8809,8810],"class_list":["post-74159","post","type-post","status-publish","format-standard","has-post-thumbnail","hentry","category-europa","category-intermodaal-weg","category-mensen-bedrijven","tag-ceo-renault-trucks","tag-changements-dans-le-trafic-routier","tag-comite-executif-renault","tag-commercial-vehicles-europe","tag-corporate-leadership-renault","tag-cycle-strategique-renault","tag-deutsch-renault-trucks","tag-developpement-des-talents-renault","tag-directeur-general-renault-trucks","tag-einkaufsmanagement-renault","tag-executive-committee-renault","tag-exekutivkomitee-renault","tag-experience-internationale-renault","tag-geschaeftsfuehrer-renault-trucks","tag-gestion-des-achats-renault","tag-groupe-volvo","tag-industrie-logistique-france","tag-international-experience-renault","tag-internationale-erfahrung-renault","tag-leadership-dentreprise-renault","tag-lkw-mobilitaetsloesungen","tag-logistics-industry-france","tag-logistikbranche-frankreich","tag-manuel-marielle","tag-market-share-renault-trucks","tag-market-strategy-renault","tag-marktanteil-renault-trucks","tag-marktstrategie-renault","tag-mobilitaetstrends-nutzfahrzeuge-english-renault-trucks","tag-mobility-trends-commercial-vehicles-francais-renault-trucks","tag-nutzfahrzeuge-europa","tag-part-de-marche-renault-trucks","tag-partenariats-vehicules-utilitaires","tag-partnerschaften-nutzfahrzeuge","tag-partnerships-commercial-vehicles","tag-procurement-management-renault","tag-production-sites-renault","tag-produktionsstandorte-renault","tag-road-traffic-changes","tag-sites-de-production-renault","tag-solutions-de-mobilite-poids-lourds","tag-strassenverkehr-veraenderungen","tag-strategic-cycle-renault","tag-strategie-de-marche-renault","tag-strategischer-zyklus-renault","tag-talent-development-renault","tag-talentfoerderung-renault","tag-tendances-de-mobilite-vehicules-utilitaires","tag-truck-mobility-solutions","tag-unternehmensfuehrung-renault","tag-vehicules-utilitaires-europe","tag-volvo-group","tag-volvo-konzern"],"acf":[],"yoast_head":"<!-- This site is optimized with the Yoast SEO plugin v27.3 - https:\/\/yoast.com\/product\/yoast-seo-wordpress\/ -->\n<title>Manuel Marielle nieuwe directeur Renault Trucks - ITJ | International Transport Journal<\/title>\n<meta name=\"robots\" content=\"index, follow, max-snippet:-1, max-image-preview:large, max-video-preview:-1\" \/>\n<link rel=\"canonical\" href=\"https:\/\/transportjournal.com\/nl\/2026\/01\/23\/manuel-marielle-nieuwe-directeur-renault-trucks\/\" \/>\n<meta property=\"og:locale\" content=\"nl_NL\" \/>\n<meta property=\"og:type\" content=\"article\" \/>\n<meta property=\"og:title\" content=\"Manuel Marielle nieuwe directeur Renault Trucks - ITJ | International Transport Journal\" \/>\n<meta property=\"og:description\" content=\"Renault Trucks heeft Manuel Marielle benoemd tot de nieuwe algemeen directeur van Renault Trucks Frankrijk om een strategische cyclus ter versterking van het bedrijf in te luiden.\" \/>\n<meta property=\"og:url\" content=\"https:\/\/transportjournal.com\/nl\/2026\/01\/23\/manuel-marielle-nieuwe-directeur-renault-trucks\/\" \/>\n<meta property=\"og:site_name\" content=\"ITJ | International Transport Journal\" \/>\n<meta property=\"article:published_time\" content=\"2026-01-23T10:00:06+00:00\" \/>\n<meta property=\"og:image\" content=\"https:\/\/transportjournal.com\/wp-content\/uploads\/sites\/2\/2026\/01\/Manuel-Marielle_Directeur-General-Renault-Trucks-France_2026-scaled-aspect-ratio-1400-788-scaled-1.jpg\" \/>\n\t<meta property=\"og:image:width\" content=\"2560\" \/>\n\t<meta property=\"og:image:height\" content=\"1441\" \/>\n\t<meta property=\"og:image:type\" content=\"image\/jpeg\" \/>\n<meta name=\"author\" content=\"Andreas Haug\" \/>\n<meta name=\"twitter:card\" content=\"summary_large_image\" \/>\n<meta name=\"twitter:label1\" content=\"Geschreven door\" \/>\n\t<meta name=\"twitter:data1\" content=\"Andreas Haug\" \/>\n\t<meta name=\"twitter:label2\" content=\"Geschatte leestijd\" \/>\n\t<meta name=\"twitter:data2\" content=\"2 minuut\" \/>\n<script type=\"application\/ld+json\" class=\"yoast-schema-graph\">{\"@context\":\"https:\\\/\\\/schema.org\",\"@graph\":[{\"@type\":\"Article\",\"@id\":\"https:\\\/\\\/transportjournal.com\\\/nl\\\/2026\\\/01\\\/23\\\/manuel-marielle-nieuwe-directeur-renault-trucks\\\/#article\",\"isPartOf\":{\"@id\":\"https:\\\/\\\/transportjournal.com\\\/nl\\\/2026\\\/01\\\/23\\\/manuel-marielle-nieuwe-directeur-renault-trucks\\\/\"},\"author\":{\"name\":\"Andreas Haug\",\"@id\":\"https:\\\/\\\/transportjournal.com\\\/nl\\\/#\\\/schema\\\/person\\\/cf538b3157f15afd7589245a4b3dbd25\"},\"headline\":\"Manuel Marielle nieuwe directeur Renault Trucks\",\"datePublished\":\"2026-01-23T10:00:06+00:00\",\"mainEntityOfPage\":{\"@id\":\"https:\\\/\\\/transportjournal.com\\\/nl\\\/2026\\\/01\\\/23\\\/manuel-marielle-nieuwe-directeur-renault-trucks\\\/\"},\"wordCount\":399,\"commentCount\":0,\"publisher\":{\"@id\":\"https:\\\/\\\/transportjournal.com\\\/nl\\\/#organization\"},\"image\":{\"@id\":\"https:\\\/\\\/transportjournal.com\\\/nl\\\/2026\\\/01\\\/23\\\/manuel-marielle-nieuwe-directeur-renault-trucks\\\/#primaryimage\"},\"thumbnailUrl\":\"https:\\\/\\\/transportjournal.com\\\/wp-content\\\/uploads\\\/sites\\\/2\\\/2026\\\/01\\\/Manuel-Marielle_Directeur-General-Renault-Trucks-France_2026-scaled-aspect-ratio-1400-788-scaled-1.jpg\",\"keywords\":[\"CEO Renault Trucks\",\"changements dans le trafic routier\",\"comit\u00e9 ex\u00e9cutif Renault\",\"commercial vehicles Europe\",\"corporate leadership Renault\",\"cycle strat\u00e9gique Renault\",\"Deutsch Renault Trucks\",\"d\u00e9veloppement des talents Renault\",\"directeur g\u00e9n\u00e9ral Renault Trucks\",\"Einkaufsmanagement Renault\",\"executive committee Renault\",\"Exekutivkomitee Renault\",\"exp\u00e9rience internationale Renault\",\"Gesch\u00e4ftsf\u00fchrer Renault Trucks\",\"gestion des achats Renault\",\"groupe Volvo\",\"industrie logistique France\",\"international experience Renault\",\"internationale Erfahrung Renault\",\"leadership d'entreprise Renault\",\"Lkw Mobilit\u00e4tsl\u00f6sungen\",\"logistics industry France\",\"Logistikbranche Frankreich\",\"Manuel Marielle\",\"market share Renault Trucks\",\"market strategy Renault\",\"Marktanteil Renault Trucks\",\"Marktstrategie Renault\",\"Mobilit\u00e4tstrends Nutzfahrzeuge English Renault Trucks\",\"mobility trends commercial vehicles Fran\u00e7ais Renault Trucks\",\"Nutzfahrzeuge Europa\",\"part de march\u00e9 Renault Trucks\",\"partenariats v\u00e9hicules utilitaires\",\"Partnerschaften Nutzfahrzeuge\",\"partnerships commercial vehicles\",\"procurement management Renault\",\"production sites Renault\",\"Produktionsstandorte Renault\",\"road traffic changes\",\"sites de production Renault\",\"solutions de mobilit\u00e9 poids lourds\",\"Stra\u00dfenverkehr Ver\u00e4nderungen\",\"strategic cycle Renault\",\"strat\u00e9gie de march\u00e9 Renault\",\"strategischer Zyklus Renault\",\"talent development Renault\",\"Talentf\u00f6rderung Renault\",\"tendances de mobilit\u00e9 v\u00e9hicules utilitaires\",\"truck mobility solutions\",\"Unternehmensf\u00fchrung Renault\",\"v\u00e9hicules utilitaires Europe\",\"Volvo Group\",\"Volvo Konzern\"],\"articleSection\":[\"Europa\",\"Intermodaal \\\/ Weg\",\"Mensen &amp; Bedrijven\"],\"inLanguage\":\"nl-NL\",\"potentialAction\":[{\"@type\":\"CommentAction\",\"name\":\"Comment\",\"target\":[\"https:\\\/\\\/transportjournal.com\\\/nl\\\/2026\\\/01\\\/23\\\/manuel-marielle-nieuwe-directeur-renault-trucks\\\/#respond\"]}]},{\"@type\":\"WebPage\",\"@id\":\"https:\\\/\\\/transportjournal.com\\\/nl\\\/2026\\\/01\\\/23\\\/manuel-marielle-nieuwe-directeur-renault-trucks\\\/\",\"url\":\"https:\\\/\\\/transportjournal.com\\\/nl\\\/2026\\\/01\\\/23\\\/manuel-marielle-nieuwe-directeur-renault-trucks\\\/\",\"name\":\"Manuel Marielle nieuwe directeur Renault Trucks - ITJ | International Transport Journal\",\"isPartOf\":{\"@id\":\"https:\\\/\\\/transportjournal.com\\\/nl\\\/#website\"},\"primaryImageOfPage\":{\"@id\":\"https:\\\/\\\/transportjournal.com\\\/nl\\\/2026\\\/01\\\/23\\\/manuel-marielle-nieuwe-directeur-renault-trucks\\\/#primaryimage\"},\"image\":{\"@id\":\"https:\\\/\\\/transportjournal.com\\\/nl\\\/2026\\\/01\\\/23\\\/manuel-marielle-nieuwe-directeur-renault-trucks\\\/#primaryimage\"},\"thumbnailUrl\":\"https:\\\/\\\/transportjournal.com\\\/wp-content\\\/uploads\\\/sites\\\/2\\\/2026\\\/01\\\/Manuel-Marielle_Directeur-General-Renault-Trucks-France_2026-scaled-aspect-ratio-1400-788-scaled-1.jpg\",\"datePublished\":\"2026-01-23T10:00:06+00:00\",\"breadcrumb\":{\"@id\":\"https:\\\/\\\/transportjournal.com\\\/nl\\\/2026\\\/01\\\/23\\\/manuel-marielle-nieuwe-directeur-renault-trucks\\\/#breadcrumb\"},\"inLanguage\":\"nl-NL\",\"potentialAction\":[{\"@type\":\"ReadAction\",\"target\":[\"https:\\\/\\\/transportjournal.com\\\/nl\\\/2026\\\/01\\\/23\\\/manuel-marielle-nieuwe-directeur-renault-trucks\\\/\"]}]},{\"@type\":\"ImageObject\",\"inLanguage\":\"nl-NL\",\"@id\":\"https:\\\/\\\/transportjournal.com\\\/nl\\\/2026\\\/01\\\/23\\\/manuel-marielle-nieuwe-directeur-renault-trucks\\\/#primaryimage\",\"url\":\"https:\\\/\\\/transportjournal.com\\\/wp-content\\\/uploads\\\/sites\\\/2\\\/2026\\\/01\\\/Manuel-Marielle_Directeur-General-Renault-Trucks-France_2026-scaled-aspect-ratio-1400-788-scaled-1.jpg\",\"contentUrl\":\"https:\\\/\\\/transportjournal.com\\\/wp-content\\\/uploads\\\/sites\\\/2\\\/2026\\\/01\\\/Manuel-Marielle_Directeur-General-Renault-Trucks-France_2026-scaled-aspect-ratio-1400-788-scaled-1.jpg\",\"width\":2560,\"height\":1441},{\"@type\":\"BreadcrumbList\",\"@id\":\"https:\\\/\\\/transportjournal.com\\\/nl\\\/2026\\\/01\\\/23\\\/manuel-marielle-nieuwe-directeur-renault-trucks\\\/#breadcrumb\",\"itemListElement\":[{\"@type\":\"ListItem\",\"position\":1,\"name\":\"Startseite\",\"item\":\"https:\\\/\\\/transportjournal.com\\\/nl\\\/\"},{\"@type\":\"ListItem\",\"position\":2,\"name\":\"Manuel Marielle nieuwe directeur Renault Trucks\"}]},{\"@type\":\"WebSite\",\"@id\":\"https:\\\/\\\/transportjournal.com\\\/nl\\\/#website\",\"url\":\"https:\\\/\\\/transportjournal.com\\\/nl\\\/\",\"name\":\"ITJ | International Transport Journal\",\"description\":\"Stay informed with the latest global news from the transport, logistics, and supply chain industries. Transport Journal delivers expert insights, analysis, and updates across shipping, aviation, intermodal, and forwarding.\",\"publisher\":{\"@id\":\"https:\\\/\\\/transportjournal.com\\\/nl\\\/#organization\"},\"potentialAction\":[{\"@type\":\"SearchAction\",\"target\":{\"@type\":\"EntryPoint\",\"urlTemplate\":\"https:\\\/\\\/transportjournal.com\\\/nl\\\/?s={search_term_string}\"},\"query-input\":{\"@type\":\"PropertyValueSpecification\",\"valueRequired\":true,\"valueName\":\"search_term_string\"}}],\"inLanguage\":\"nl-NL\"},{\"@type\":\"Organization\",\"@id\":\"https:\\\/\\\/transportjournal.com\\\/nl\\\/#organization\",\"name\":\"Logismedia Groep AG\",\"alternateName\":\"Logismedia Group AG\",\"url\":\"https:\\\/\\\/transportjournal.com\\\/nl\\\/\",\"logo\":{\"@type\":\"ImageObject\",\"inLanguage\":\"nl-NL\",\"@id\":\"https:\\\/\\\/transportjournal.com\\\/nl\\\/#\\\/schema\\\/logo\\\/image\\\/\",\"url\":\"https:\\\/\\\/transportjournal.com\\\/wp-content\\\/uploads\\\/sites\\\/2\\\/2025\\\/09\\\/Logo_ITJ.png\",\"contentUrl\":\"https:\\\/\\\/transportjournal.com\\\/wp-content\\\/uploads\\\/sites\\\/2\\\/2025\\\/09\\\/Logo_ITJ.png\",\"width\":799,\"height\":326,\"caption\":\"Logismedia Groep AG\"},\"image\":{\"@id\":\"https:\\\/\\\/transportjournal.com\\\/nl\\\/#\\\/schema\\\/logo\\\/image\\\/\"},\"sameAs\":[\"https:\\\/\\\/www.linkedin.com\\\/company\\\/56456496\\\/admin\\\/dashboard\\\/\",\"https:\\\/\\\/www.instagram.com\\\/logismediagroup\\\/\",\"https:\\\/\\\/www.youtube.com\\\/@LogiamediaGroupAG\"]},{\"@type\":\"Person\",\"@id\":\"https:\\\/\\\/transportjournal.com\\\/nl\\\/#\\\/schema\\\/person\\\/cf538b3157f15afd7589245a4b3dbd25\",\"name\":\"Andreas Haug\",\"url\":\"https:\\\/\\\/transportjournal.com\\\/nl\\\/author\\\/andreas\\\/\"}]}<\/script>\n<!-- \/ Yoast SEO plugin. -->","yoast_head_json":{"title":"Manuel Marielle nieuwe directeur Renault Trucks - ITJ | International Transport Journal","robots":{"index":"index","follow":"follow","max-snippet":"max-snippet:-1","max-image-preview":"max-image-preview:large","max-video-preview":"max-video-preview:-1"},"canonical":"https:\/\/transportjournal.com\/nl\/2026\/01\/23\/manuel-marielle-nieuwe-directeur-renault-trucks\/","og_locale":"nl_NL","og_type":"article","og_title":"Manuel Marielle nieuwe directeur Renault Trucks - ITJ | International Transport Journal","og_description":"Renault Trucks heeft Manuel Marielle benoemd tot de nieuwe algemeen directeur van Renault Trucks Frankrijk om een strategische cyclus ter versterking van het bedrijf in te luiden.","og_url":"https:\/\/transportjournal.com\/nl\/2026\/01\/23\/manuel-marielle-nieuwe-directeur-renault-trucks\/","og_site_name":"ITJ | International Transport Journal","article_published_time":"2026-01-23T10:00:06+00:00","og_image":[{"width":2560,"height":1441,"url":"https:\/\/transportjournal.com\/wp-content\/uploads\/sites\/2\/2026\/01\/Manuel-Marielle_Directeur-General-Renault-Trucks-France_2026-scaled-aspect-ratio-1400-788-scaled-1.jpg","type":"image\/jpeg"}],"author":"Andreas Haug","twitter_card":"summary_large_image","twitter_misc":{"Geschreven door":"Andreas Haug","Geschatte leestijd":"2 minuut"},"schema":{"@context":"https:\/\/schema.org","@graph":[{"@type":"Article","@id":"https:\/\/transportjournal.com\/nl\/2026\/01\/23\/manuel-marielle-nieuwe-directeur-renault-trucks\/#article","isPartOf":{"@id":"https:\/\/transportjournal.com\/nl\/2026\/01\/23\/manuel-marielle-nieuwe-directeur-renault-trucks\/"},"author":{"name":"Andreas Haug","@id":"https:\/\/transportjournal.com\/nl\/#\/schema\/person\/cf538b3157f15afd7589245a4b3dbd25"},"headline":"Manuel Marielle nieuwe directeur Renault Trucks","datePublished":"2026-01-23T10:00:06+00:00","mainEntityOfPage":{"@id":"https:\/\/transportjournal.com\/nl\/2026\/01\/23\/manuel-marielle-nieuwe-directeur-renault-trucks\/"},"wordCount":399,"commentCount":0,"publisher":{"@id":"https:\/\/transportjournal.com\/nl\/#organization"},"image":{"@id":"https:\/\/transportjournal.com\/nl\/2026\/01\/23\/manuel-marielle-nieuwe-directeur-renault-trucks\/#primaryimage"},"thumbnailUrl":"https:\/\/transportjournal.com\/wp-content\/uploads\/sites\/2\/2026\/01\/Manuel-Marielle_Directeur-General-Renault-Trucks-France_2026-scaled-aspect-ratio-1400-788-scaled-1.jpg","keywords":["CEO Renault Trucks","changements dans le trafic routier","comit\u00e9 ex\u00e9cutif Renault","commercial vehicles Europe","corporate leadership Renault","cycle strat\u00e9gique Renault","Deutsch Renault Trucks","d\u00e9veloppement des talents Renault","directeur g\u00e9n\u00e9ral Renault Trucks","Einkaufsmanagement Renault","executive committee Renault","Exekutivkomitee Renault","exp\u00e9rience internationale Renault","Gesch\u00e4ftsf\u00fchrer Renault Trucks","gestion des achats Renault","groupe Volvo","industrie logistique France","international experience Renault","internationale Erfahrung Renault","leadership d'entreprise Renault","Lkw Mobilit\u00e4tsl\u00f6sungen","logistics industry France","Logistikbranche Frankreich","Manuel Marielle","market share Renault Trucks","market strategy Renault","Marktanteil Renault Trucks","Marktstrategie Renault","Mobilit\u00e4tstrends Nutzfahrzeuge English Renault Trucks","mobility trends commercial vehicles Fran\u00e7ais Renault Trucks","Nutzfahrzeuge Europa","part de march\u00e9 Renault Trucks","partenariats v\u00e9hicules utilitaires","Partnerschaften Nutzfahrzeuge","partnerships commercial vehicles","procurement management Renault","production sites Renault","Produktionsstandorte Renault","road traffic changes","sites de production Renault","solutions de mobilit\u00e9 poids lourds","Stra\u00dfenverkehr Ver\u00e4nderungen","strategic cycle Renault","strat\u00e9gie de march\u00e9 Renault","strategischer Zyklus Renault","talent development Renault","Talentf\u00f6rderung Renault","tendances de mobilit\u00e9 v\u00e9hicules utilitaires","truck mobility solutions","Unternehmensf\u00fchrung Renault","v\u00e9hicules utilitaires Europe","Volvo Group","Volvo Konzern"],"articleSection":["Europa","Intermodaal \/ Weg","Mensen &amp; Bedrijven"],"inLanguage":"nl-NL","potentialAction":[{"@type":"CommentAction","name":"Comment","target":["https:\/\/transportjournal.com\/nl\/2026\/01\/23\/manuel-marielle-nieuwe-directeur-renault-trucks\/#respond"]}]},{"@type":"WebPage","@id":"https:\/\/transportjournal.com\/nl\/2026\/01\/23\/manuel-marielle-nieuwe-directeur-renault-trucks\/","url":"https:\/\/transportjournal.com\/nl\/2026\/01\/23\/manuel-marielle-nieuwe-directeur-renault-trucks\/","name":"Manuel Marielle nieuwe directeur Renault Trucks - ITJ | International Transport Journal","isPartOf":{"@id":"https:\/\/transportjournal.com\/nl\/#website"},"primaryImageOfPage":{"@id":"https:\/\/transportjournal.com\/nl\/2026\/01\/23\/manuel-marielle-nieuwe-directeur-renault-trucks\/#primaryimage"},"image":{"@id":"https:\/\/transportjournal.com\/nl\/2026\/01\/23\/manuel-marielle-nieuwe-directeur-renault-trucks\/#primaryimage"},"thumbnailUrl":"https:\/\/transportjournal.com\/wp-content\/uploads\/sites\/2\/2026\/01\/Manuel-Marielle_Directeur-General-Renault-Trucks-France_2026-scaled-aspect-ratio-1400-788-scaled-1.jpg","datePublished":"2026-01-23T10:00:06+00:00","breadcrumb":{"@id":"https:\/\/transportjournal.com\/nl\/2026\/01\/23\/manuel-marielle-nieuwe-directeur-renault-trucks\/#breadcrumb"},"inLanguage":"nl-NL","potentialAction":[{"@type":"ReadAction","target":["https:\/\/transportjournal.com\/nl\/2026\/01\/23\/manuel-marielle-nieuwe-directeur-renault-trucks\/"]}]},{"@type":"ImageObject","inLanguage":"nl-NL","@id":"https:\/\/transportjournal.com\/nl\/2026\/01\/23\/manuel-marielle-nieuwe-directeur-renault-trucks\/#primaryimage","url":"https:\/\/transportjournal.com\/wp-content\/uploads\/sites\/2\/2026\/01\/Manuel-Marielle_Directeur-General-Renault-Trucks-France_2026-scaled-aspect-ratio-1400-788-scaled-1.jpg","contentUrl":"https:\/\/transportjournal.com\/wp-content\/uploads\/sites\/2\/2026\/01\/Manuel-Marielle_Directeur-General-Renault-Trucks-France_2026-scaled-aspect-ratio-1400-788-scaled-1.jpg","width":2560,"height":1441},{"@type":"BreadcrumbList","@id":"https:\/\/transportjournal.com\/nl\/2026\/01\/23\/manuel-marielle-nieuwe-directeur-renault-trucks\/#breadcrumb","itemListElement":[{"@type":"ListItem","position":1,"name":"Startseite","item":"https:\/\/transportjournal.com\/nl\/"},{"@type":"ListItem","position":2,"name":"Manuel Marielle nieuwe directeur Renault Trucks"}]},{"@type":"WebSite","@id":"https:\/\/transportjournal.com\/nl\/#website","url":"https:\/\/transportjournal.com\/nl\/","name":"ITJ | International Transport Journal","description":"Stay informed with the latest global news from the transport, logistics, and supply chain industries. Transport Journal delivers expert insights, analysis, and updates across shipping, aviation, intermodal, and forwarding.","publisher":{"@id":"https:\/\/transportjournal.com\/nl\/#organization"},"potentialAction":[{"@type":"SearchAction","target":{"@type":"EntryPoint","urlTemplate":"https:\/\/transportjournal.com\/nl\/?s={search_term_string}"},"query-input":{"@type":"PropertyValueSpecification","valueRequired":true,"valueName":"search_term_string"}}],"inLanguage":"nl-NL"},{"@type":"Organization","@id":"https:\/\/transportjournal.com\/nl\/#organization","name":"Logismedia Groep AG","alternateName":"Logismedia Group AG","url":"https:\/\/transportjournal.com\/nl\/","logo":{"@type":"ImageObject","inLanguage":"nl-NL","@id":"https:\/\/transportjournal.com\/nl\/#\/schema\/logo\/image\/","url":"https:\/\/transportjournal.com\/wp-content\/uploads\/sites\/2\/2025\/09\/Logo_ITJ.png","contentUrl":"https:\/\/transportjournal.com\/wp-content\/uploads\/sites\/2\/2025\/09\/Logo_ITJ.png","width":799,"height":326,"caption":"Logismedia Groep AG"},"image":{"@id":"https:\/\/transportjournal.com\/nl\/#\/schema\/logo\/image\/"},"sameAs":["https:\/\/www.linkedin.com\/company\/56456496\/admin\/dashboard\/","https:\/\/www.instagram.com\/logismediagroup\/","https:\/\/www.youtube.com\/@LogiamediaGroupAG"]},{"@type":"Person","@id":"https:\/\/transportjournal.com\/nl\/#\/schema\/person\/cf538b3157f15afd7589245a4b3dbd25","name":"Andreas Haug","url":"https:\/\/transportjournal.com\/nl\/author\/andreas\/"}]}},"_links":{"self":[{"href":"https:\/\/transportjournal.com\/nl\/wp-json\/wp\/v2\/posts\/74159","targetHints":{"allow":["GET"]}}],"collection":[{"href":"https:\/\/transportjournal.com\/nl\/wp-json\/wp\/v2\/posts"}],"about":[{"href":"https:\/\/transportjournal.com\/nl\/wp-json\/wp\/v2\/types\/post"}],"author":[{"embeddable":true,"href":"https:\/\/transportjournal.com\/nl\/wp-json\/wp\/v2\/users\/12"}],"replies":[{"embeddable":true,"href":"https:\/\/transportjournal.com\/nl\/wp-json\/wp\/v2\/comments?post=74159"}],"version-history":[{"count":0,"href":"https:\/\/transportjournal.com\/nl\/wp-json\/wp\/v2\/posts\/74159\/revisions"}],"wp:featuredmedia":[{"embeddable":true,"href":"https:\/\/transportjournal.com\/nl\/wp-json\/wp\/v2\/media\/74153"}],"wp:attachment":[{"href":"https:\/\/transportjournal.com\/nl\/wp-json\/wp\/v2\/media?parent=74159"}],"wp:term":[{"taxonomy":"category","embeddable":true,"href":"https:\/\/transportjournal.com\/nl\/wp-json\/wp\/v2\/categories?post=74159"},{"taxonomy":"post_tag","embeddable":true,"href":"https:\/\/transportjournal.com\/nl\/wp-json\/wp\/v2\/tags?post=74159"}],"curies":[{"name":"wp","href":"https:\/\/api.w.org\/{rel}","templated":true}]}}