{"id":73827,"date":"2026-01-21T11:56:04","date_gmt":"2026-01-21T11:56:04","guid":{"rendered":"https:\/\/transportjournal.com\/2026\/01\/21\/grigorova-gaat-met-pensioen-bij-gw\/"},"modified":"2026-01-21T11:56:04","modified_gmt":"2026-01-21T11:56:04","slug":"grigorova-gaat-met-pensioen-bij-gw","status":"publish","type":"post","link":"https:\/\/transportjournal.com\/nl\/2026\/01\/21\/grigorova-gaat-met-pensioen-bij-gw\/","title":{"rendered":"Grigorova gaat met pensioen bij GW"},"content":{"rendered":"<p>Marieta Grigorova, die sinds de marktintroductie van het bedrijf in Bulgarije in 1993 de leiding heeft over Gebr\u00fcder Weiss in Bulgarije, gaat met pensioen. Haar opvolger, Lyudmil Elshishki, heeft op 1 januari 2026 de verantwoordelijkheid voor de Bulgaarse organisatie overgenomen. Grigorova heeft in haar lange carri\u00e8re aanzienlijk bijgedragen aan de ontwikkeling van het bedrijf.<\/p>\n<p>In de 32 jaar onder haar leiding is de locatie Sofia uitgegroeid van een kleine overslagplaats tot een centraal logistiek knooppunt voor internationale transporten. Daarnaast zijn er twee andere logistieke centra geopend in Plovdiv en Varna, en het serviceaanbod is continu uitgebreid, inclusief de introductie van Home Delivery voor particuliere klanten. Tegenwoordig heeft Gebr\u00fcder Weiss in Bulgarije ongeveer 160 medewerkers en bedient het klanten uit verschillende sectoren, waaronder automotive, IT en consumptiegoederen.<\/p>\n<h3>Nieuwe directeur met internationale ervaring<\/h3>\n<p>Lyudmil Elshishki brengt meer dan 15 jaar ervaring in de logistieke sector mee. Voor zijn nieuwe functie was hij werkzaam in het management van een wereldwijd logistiek bedrijf, waar hij strategische projecten in 14 landen leidde en het retailnetwerk uitbreidde. Bij Gebr\u00fcder Weiss is Elshishki van plan de nationale organisatie stabiel voort te zetten en nieuwe impulsen te geven, met name op het gebied van internationale transportdiensten en logistieke oplossingen voor de auto- en zware industrie.<\/p>\n<p>Bulgarije wint als knooppunt voor transporten naar de Zwarte Zee-regio en Centraal-Azi\u00eb steeds meer aan betekenis. Elshishki ziet in deze ontwikkeling kansen voor het bedrijf om zijn marktpositie verder te versterken. Thomas Moser, directeur en regionaal hoofd Zwarte Zee\/CIS bij Gebr\u00fcder Weiss, prees de verdiensten van Grigorova en benadrukte dat zij het bedrijf met visie en toewijding door drie decennia van dynamische expansie heeft geleid.<\/p>\n<p>&nbsp;<\/p>\n<p><a href=\"https:\/\/www.gw-world.com\/\" target=\"_blank\" rel=\"noopener noreferrer\">www.gw-world.com<\/a><\/p>\n<p>&nbsp;<\/p>\n","protected":false},"excerpt":{"rendered":"<p>Marieta Grigorova gaat na 32 jaar met pensioen, terwijl Lyudmil Elshishki per 1 januari 2026 de leiding van Gebr\u00fcder Weiss in Bulgarije overneemt<\/p>\n","protected":false},"author":12,"featured_media":73821,"comment_status":"open","ping_status":"open","sticky":false,"template":"","format":"standard","meta":{"_acf_changed":false,"footnotes":""},"categories":[1599,1593,1591],"tags":[7669,7670,7671,7672,3353,3354,2122,2462,7673,7674,7675,7676,7677,7678,7679,7680,7681,7682,7683,2821,7684,7685,7686,1831,7687,7688,7689,7690,3379,2479,2829,7691,7692,7693,7694,7695,7696,2339,7697,7698,7699,5080,7700,1975],"class_list":["post-73827","post","type-post","status-publish","format-standard","has-post-thumbnail","hentry","category-europa","category-expeditie-logistiek","category-mensen-bedrijven","tag-black-sea-region-transport","tag-centres-logistiques-plovdiv","tag-chaine-dapprovisionnement-bulgarie","tag-deutsch-grigorova","tag-digitalisierung-logistik","tag-digitalization-logistics","tag-fachkraeftemangel-logistik","tag-gebrueder-weiss","tag-home-delivery","tag-hub-logistique-sofia","tag-infrastructure-bulgaria-francais-grigorova","tag-infrastructure-bulgarie","tag-infrastruktur-bulgarien-english-grigorova","tag-international-transport","tag-internationale-transporte","tag-livraison-a-domicile","tag-logistics-bulgaria","tag-logistics-centers-plovdiv","tag-logistics-hub-sofia","tag-logistics-providers","tag-logistics-solutions-automotive-industry","tag-logistik-bulgarien","tag-logistik-hub-sofia","tag-logistikdienstleister","tag-logistikloesungen-automobilindustrie","tag-logistikzentren-plovdiv","tag-logistique-bulgarie","tag-lyudmil-elshishki","tag-numerisation-logistique","tag-penurie-de-competences-logistique","tag-prestataires-logistiques","tag-region-de-la-mer-noire-transport","tag-retirement-grigorova","tag-retraite-grigorova","tag-ruhestand-grigorova","tag-schwarzmeerregion-transport","tag-services-de-transport","tag-skills-shortage-logistics","tag-solutions-logistiques-industrie-automobile","tag-supply-chain-bulgaria","tag-supply-chain-bulgarien","tag-transport-international","tag-transport-services","tag-transportdienstleistungen"],"acf":[],"yoast_head":"<!-- This site is optimized with the Yoast SEO plugin v27.3 - https:\/\/yoast.com\/product\/yoast-seo-wordpress\/ -->\n<title>Grigorova gaat met pensioen bij GW - ITJ | International Transport Journal<\/title>\n<meta name=\"robots\" content=\"index, follow, max-snippet:-1, max-image-preview:large, max-video-preview:-1\" \/>\n<link rel=\"canonical\" href=\"https:\/\/transportjournal.com\/nl\/2026\/01\/21\/grigorova-gaat-met-pensioen-bij-gw\/\" \/>\n<meta property=\"og:locale\" content=\"nl_NL\" \/>\n<meta property=\"og:type\" content=\"article\" \/>\n<meta property=\"og:title\" content=\"Grigorova gaat met pensioen bij GW - ITJ | International Transport Journal\" \/>\n<meta property=\"og:description\" content=\"Marieta Grigorova gaat na 32 jaar met pensioen, terwijl Lyudmil Elshishki per 1 januari 2026 de leiding van Gebr\u00fcder Weiss in Bulgarije overneemt\" \/>\n<meta property=\"og:url\" content=\"https:\/\/transportjournal.com\/nl\/2026\/01\/21\/grigorova-gaat-met-pensioen-bij-gw\/\" \/>\n<meta property=\"og:site_name\" content=\"ITJ | International Transport Journal\" \/>\n<meta property=\"article:published_time\" content=\"2026-01-21T11:56:04+00:00\" \/>\n<meta property=\"og:image\" content=\"https:\/\/transportjournal.com\/wp-content\/uploads\/sites\/2\/2026\/01\/1_lyudmilelshishki_marietagrigorova-scaled-aspect-ratio-1400-788-scaled-1.jpg\" \/>\n\t<meta property=\"og:image:width\" content=\"2560\" \/>\n\t<meta property=\"og:image:height\" content=\"1441\" \/>\n\t<meta property=\"og:image:type\" content=\"image\/jpeg\" \/>\n<meta name=\"author\" content=\"Andreas Haug\" \/>\n<meta name=\"twitter:card\" content=\"summary_large_image\" \/>\n<meta name=\"twitter:label1\" content=\"Geschreven door\" \/>\n\t<meta name=\"twitter:data1\" content=\"Andreas Haug\" \/>\n\t<meta name=\"twitter:label2\" content=\"Geschatte leestijd\" \/>\n\t<meta name=\"twitter:data2\" content=\"1 minuut\" \/>\n<script type=\"application\/ld+json\" class=\"yoast-schema-graph\">{\"@context\":\"https:\\\/\\\/schema.org\",\"@graph\":[{\"@type\":\"Article\",\"@id\":\"https:\\\/\\\/transportjournal.com\\\/nl\\\/2026\\\/01\\\/21\\\/grigorova-gaat-met-pensioen-bij-gw\\\/#article\",\"isPartOf\":{\"@id\":\"https:\\\/\\\/transportjournal.com\\\/nl\\\/2026\\\/01\\\/21\\\/grigorova-gaat-met-pensioen-bij-gw\\\/\"},\"author\":{\"name\":\"Andreas Haug\",\"@id\":\"https:\\\/\\\/transportjournal.com\\\/nl\\\/#\\\/schema\\\/person\\\/cf538b3157f15afd7589245a4b3dbd25\"},\"headline\":\"Grigorova gaat met pensioen bij GW\",\"datePublished\":\"2026-01-21T11:56:04+00:00\",\"mainEntityOfPage\":{\"@id\":\"https:\\\/\\\/transportjournal.com\\\/nl\\\/2026\\\/01\\\/21\\\/grigorova-gaat-met-pensioen-bij-gw\\\/\"},\"wordCount\":282,\"commentCount\":0,\"publisher\":{\"@id\":\"https:\\\/\\\/transportjournal.com\\\/nl\\\/#organization\"},\"image\":{\"@id\":\"https:\\\/\\\/transportjournal.com\\\/nl\\\/2026\\\/01\\\/21\\\/grigorova-gaat-met-pensioen-bij-gw\\\/#primaryimage\"},\"thumbnailUrl\":\"https:\\\/\\\/transportjournal.com\\\/wp-content\\\/uploads\\\/sites\\\/2\\\/2026\\\/01\\\/1_lyudmilelshishki_marietagrigorova-scaled-aspect-ratio-1400-788-scaled-1.jpg\",\"keywords\":[\"Black Sea region transport\",\"centres logistiques Plovdiv\",\"cha\u00eene d'approvisionnement Bulgarie\",\"Deutsch Grigorova\",\"Digitalisierung Logistik\",\"digitalization logistics\",\"Fachkr\u00e4ftemangel Logistik\",\"Gebr\u00fcder Weiss\",\"Home Delivery\",\"hub logistique Sofia\",\"infrastructure Bulgaria Fran\u00e7ais Grigorova\",\"infrastructure Bulgarie\",\"Infrastruktur Bulgarien English Grigorova\",\"international transport\",\"internationale Transporte\",\"livraison \u00e0 domicile\",\"logistics Bulgaria\",\"logistics centers Plovdiv\",\"logistics hub Sofia\",\"logistics providers\",\"logistics solutions automotive industry\",\"Logistik Bulgarien\",\"Logistik-Hub Sofia\",\"Logistikdienstleister\",\"Logistikl\u00f6sungen Automobilindustrie\",\"Logistikzentren Plovdiv\",\"logistique Bulgarie\",\"Lyudmil Elshishki\",\"num\u00e9risation logistique\",\"p\u00e9nurie de comp\u00e9tences logistique\",\"prestataires logistiques\",\"r\u00e9gion de la mer Noire transport\",\"retirement Grigorova\",\"retraite Grigorova\",\"Ruhestand Grigorova\",\"Schwarzmeerregion Transport\",\"services de transport\",\"skills shortage logistics\",\"solutions logistiques industrie automobile\",\"supply chain Bulgaria\",\"Supply Chain Bulgarien\",\"transport international\",\"transport services\",\"Transportdienstleistungen\"],\"articleSection\":[\"Europa\",\"Expeditie &amp; Logistiek\",\"Mensen &amp; Bedrijven\"],\"inLanguage\":\"nl-NL\",\"potentialAction\":[{\"@type\":\"CommentAction\",\"name\":\"Comment\",\"target\":[\"https:\\\/\\\/transportjournal.com\\\/nl\\\/2026\\\/01\\\/21\\\/grigorova-gaat-met-pensioen-bij-gw\\\/#respond\"]}]},{\"@type\":\"WebPage\",\"@id\":\"https:\\\/\\\/transportjournal.com\\\/nl\\\/2026\\\/01\\\/21\\\/grigorova-gaat-met-pensioen-bij-gw\\\/\",\"url\":\"https:\\\/\\\/transportjournal.com\\\/nl\\\/2026\\\/01\\\/21\\\/grigorova-gaat-met-pensioen-bij-gw\\\/\",\"name\":\"Grigorova gaat met pensioen bij GW - ITJ | International Transport Journal\",\"isPartOf\":{\"@id\":\"https:\\\/\\\/transportjournal.com\\\/nl\\\/#website\"},\"primaryImageOfPage\":{\"@id\":\"https:\\\/\\\/transportjournal.com\\\/nl\\\/2026\\\/01\\\/21\\\/grigorova-gaat-met-pensioen-bij-gw\\\/#primaryimage\"},\"image\":{\"@id\":\"https:\\\/\\\/transportjournal.com\\\/nl\\\/2026\\\/01\\\/21\\\/grigorova-gaat-met-pensioen-bij-gw\\\/#primaryimage\"},\"thumbnailUrl\":\"https:\\\/\\\/transportjournal.com\\\/wp-content\\\/uploads\\\/sites\\\/2\\\/2026\\\/01\\\/1_lyudmilelshishki_marietagrigorova-scaled-aspect-ratio-1400-788-scaled-1.jpg\",\"datePublished\":\"2026-01-21T11:56:04+00:00\",\"breadcrumb\":{\"@id\":\"https:\\\/\\\/transportjournal.com\\\/nl\\\/2026\\\/01\\\/21\\\/grigorova-gaat-met-pensioen-bij-gw\\\/#breadcrumb\"},\"inLanguage\":\"nl-NL\",\"potentialAction\":[{\"@type\":\"ReadAction\",\"target\":[\"https:\\\/\\\/transportjournal.com\\\/nl\\\/2026\\\/01\\\/21\\\/grigorova-gaat-met-pensioen-bij-gw\\\/\"]}]},{\"@type\":\"ImageObject\",\"inLanguage\":\"nl-NL\",\"@id\":\"https:\\\/\\\/transportjournal.com\\\/nl\\\/2026\\\/01\\\/21\\\/grigorova-gaat-met-pensioen-bij-gw\\\/#primaryimage\",\"url\":\"https:\\\/\\\/transportjournal.com\\\/wp-content\\\/uploads\\\/sites\\\/2\\\/2026\\\/01\\\/1_lyudmilelshishki_marietagrigorova-scaled-aspect-ratio-1400-788-scaled-1.jpg\",\"contentUrl\":\"https:\\\/\\\/transportjournal.com\\\/wp-content\\\/uploads\\\/sites\\\/2\\\/2026\\\/01\\\/1_lyudmilelshishki_marietagrigorova-scaled-aspect-ratio-1400-788-scaled-1.jpg\",\"width\":2560,\"height\":1441},{\"@type\":\"BreadcrumbList\",\"@id\":\"https:\\\/\\\/transportjournal.com\\\/nl\\\/2026\\\/01\\\/21\\\/grigorova-gaat-met-pensioen-bij-gw\\\/#breadcrumb\",\"itemListElement\":[{\"@type\":\"ListItem\",\"position\":1,\"name\":\"Startseite\",\"item\":\"https:\\\/\\\/transportjournal.com\\\/nl\\\/\"},{\"@type\":\"ListItem\",\"position\":2,\"name\":\"Grigorova gaat met pensioen bij GW\"}]},{\"@type\":\"WebSite\",\"@id\":\"https:\\\/\\\/transportjournal.com\\\/nl\\\/#website\",\"url\":\"https:\\\/\\\/transportjournal.com\\\/nl\\\/\",\"name\":\"ITJ | International Transport Journal\",\"description\":\"Stay informed with the latest global news from the transport, logistics, and supply chain industries. Transport Journal delivers expert insights, analysis, and updates across shipping, aviation, intermodal, and forwarding.\",\"publisher\":{\"@id\":\"https:\\\/\\\/transportjournal.com\\\/nl\\\/#organization\"},\"potentialAction\":[{\"@type\":\"SearchAction\",\"target\":{\"@type\":\"EntryPoint\",\"urlTemplate\":\"https:\\\/\\\/transportjournal.com\\\/nl\\\/?s={search_term_string}\"},\"query-input\":{\"@type\":\"PropertyValueSpecification\",\"valueRequired\":true,\"valueName\":\"search_term_string\"}}],\"inLanguage\":\"nl-NL\"},{\"@type\":\"Organization\",\"@id\":\"https:\\\/\\\/transportjournal.com\\\/nl\\\/#organization\",\"name\":\"Logismedia Groep AG\",\"alternateName\":\"Logismedia Group AG\",\"url\":\"https:\\\/\\\/transportjournal.com\\\/nl\\\/\",\"logo\":{\"@type\":\"ImageObject\",\"inLanguage\":\"nl-NL\",\"@id\":\"https:\\\/\\\/transportjournal.com\\\/nl\\\/#\\\/schema\\\/logo\\\/image\\\/\",\"url\":\"https:\\\/\\\/transportjournal.com\\\/wp-content\\\/uploads\\\/sites\\\/2\\\/2025\\\/09\\\/Logo_ITJ.png\",\"contentUrl\":\"https:\\\/\\\/transportjournal.com\\\/wp-content\\\/uploads\\\/sites\\\/2\\\/2025\\\/09\\\/Logo_ITJ.png\",\"width\":799,\"height\":326,\"caption\":\"Logismedia Groep AG\"},\"image\":{\"@id\":\"https:\\\/\\\/transportjournal.com\\\/nl\\\/#\\\/schema\\\/logo\\\/image\\\/\"},\"sameAs\":[\"https:\\\/\\\/www.linkedin.com\\\/company\\\/56456496\\\/admin\\\/dashboard\\\/\",\"https:\\\/\\\/www.instagram.com\\\/logismediagroup\\\/\",\"https:\\\/\\\/www.youtube.com\\\/@LogiamediaGroupAG\"]},{\"@type\":\"Person\",\"@id\":\"https:\\\/\\\/transportjournal.com\\\/nl\\\/#\\\/schema\\\/person\\\/cf538b3157f15afd7589245a4b3dbd25\",\"name\":\"Andreas Haug\",\"url\":\"https:\\\/\\\/transportjournal.com\\\/nl\\\/author\\\/andreas\\\/\"}]}<\/script>\n<!-- \/ Yoast SEO plugin. -->","yoast_head_json":{"title":"Grigorova gaat met pensioen bij GW - ITJ | International Transport Journal","robots":{"index":"index","follow":"follow","max-snippet":"max-snippet:-1","max-image-preview":"max-image-preview:large","max-video-preview":"max-video-preview:-1"},"canonical":"https:\/\/transportjournal.com\/nl\/2026\/01\/21\/grigorova-gaat-met-pensioen-bij-gw\/","og_locale":"nl_NL","og_type":"article","og_title":"Grigorova gaat met pensioen bij GW - ITJ | International Transport Journal","og_description":"Marieta Grigorova gaat na 32 jaar met pensioen, terwijl Lyudmil Elshishki per 1 januari 2026 de leiding van Gebr\u00fcder Weiss in Bulgarije overneemt","og_url":"https:\/\/transportjournal.com\/nl\/2026\/01\/21\/grigorova-gaat-met-pensioen-bij-gw\/","og_site_name":"ITJ | International Transport Journal","article_published_time":"2026-01-21T11:56:04+00:00","og_image":[{"width":2560,"height":1441,"url":"https:\/\/transportjournal.com\/wp-content\/uploads\/sites\/2\/2026\/01\/1_lyudmilelshishki_marietagrigorova-scaled-aspect-ratio-1400-788-scaled-1.jpg","type":"image\/jpeg"}],"author":"Andreas Haug","twitter_card":"summary_large_image","twitter_misc":{"Geschreven door":"Andreas Haug","Geschatte leestijd":"1 minuut"},"schema":{"@context":"https:\/\/schema.org","@graph":[{"@type":"Article","@id":"https:\/\/transportjournal.com\/nl\/2026\/01\/21\/grigorova-gaat-met-pensioen-bij-gw\/#article","isPartOf":{"@id":"https:\/\/transportjournal.com\/nl\/2026\/01\/21\/grigorova-gaat-met-pensioen-bij-gw\/"},"author":{"name":"Andreas Haug","@id":"https:\/\/transportjournal.com\/nl\/#\/schema\/person\/cf538b3157f15afd7589245a4b3dbd25"},"headline":"Grigorova gaat met pensioen bij GW","datePublished":"2026-01-21T11:56:04+00:00","mainEntityOfPage":{"@id":"https:\/\/transportjournal.com\/nl\/2026\/01\/21\/grigorova-gaat-met-pensioen-bij-gw\/"},"wordCount":282,"commentCount":0,"publisher":{"@id":"https:\/\/transportjournal.com\/nl\/#organization"},"image":{"@id":"https:\/\/transportjournal.com\/nl\/2026\/01\/21\/grigorova-gaat-met-pensioen-bij-gw\/#primaryimage"},"thumbnailUrl":"https:\/\/transportjournal.com\/wp-content\/uploads\/sites\/2\/2026\/01\/1_lyudmilelshishki_marietagrigorova-scaled-aspect-ratio-1400-788-scaled-1.jpg","keywords":["Black Sea region transport","centres logistiques Plovdiv","cha\u00eene d'approvisionnement Bulgarie","Deutsch Grigorova","Digitalisierung Logistik","digitalization logistics","Fachkr\u00e4ftemangel Logistik","Gebr\u00fcder Weiss","Home Delivery","hub logistique Sofia","infrastructure Bulgaria Fran\u00e7ais Grigorova","infrastructure Bulgarie","Infrastruktur Bulgarien English Grigorova","international transport","internationale Transporte","livraison \u00e0 domicile","logistics Bulgaria","logistics centers Plovdiv","logistics hub Sofia","logistics providers","logistics solutions automotive industry","Logistik Bulgarien","Logistik-Hub Sofia","Logistikdienstleister","Logistikl\u00f6sungen Automobilindustrie","Logistikzentren Plovdiv","logistique Bulgarie","Lyudmil Elshishki","num\u00e9risation logistique","p\u00e9nurie de comp\u00e9tences logistique","prestataires logistiques","r\u00e9gion de la mer Noire transport","retirement Grigorova","retraite Grigorova","Ruhestand Grigorova","Schwarzmeerregion Transport","services de transport","skills shortage logistics","solutions logistiques industrie automobile","supply chain Bulgaria","Supply Chain Bulgarien","transport international","transport services","Transportdienstleistungen"],"articleSection":["Europa","Expeditie &amp; Logistiek","Mensen &amp; Bedrijven"],"inLanguage":"nl-NL","potentialAction":[{"@type":"CommentAction","name":"Comment","target":["https:\/\/transportjournal.com\/nl\/2026\/01\/21\/grigorova-gaat-met-pensioen-bij-gw\/#respond"]}]},{"@type":"WebPage","@id":"https:\/\/transportjournal.com\/nl\/2026\/01\/21\/grigorova-gaat-met-pensioen-bij-gw\/","url":"https:\/\/transportjournal.com\/nl\/2026\/01\/21\/grigorova-gaat-met-pensioen-bij-gw\/","name":"Grigorova gaat met pensioen bij GW - ITJ | International Transport Journal","isPartOf":{"@id":"https:\/\/transportjournal.com\/nl\/#website"},"primaryImageOfPage":{"@id":"https:\/\/transportjournal.com\/nl\/2026\/01\/21\/grigorova-gaat-met-pensioen-bij-gw\/#primaryimage"},"image":{"@id":"https:\/\/transportjournal.com\/nl\/2026\/01\/21\/grigorova-gaat-met-pensioen-bij-gw\/#primaryimage"},"thumbnailUrl":"https:\/\/transportjournal.com\/wp-content\/uploads\/sites\/2\/2026\/01\/1_lyudmilelshishki_marietagrigorova-scaled-aspect-ratio-1400-788-scaled-1.jpg","datePublished":"2026-01-21T11:56:04+00:00","breadcrumb":{"@id":"https:\/\/transportjournal.com\/nl\/2026\/01\/21\/grigorova-gaat-met-pensioen-bij-gw\/#breadcrumb"},"inLanguage":"nl-NL","potentialAction":[{"@type":"ReadAction","target":["https:\/\/transportjournal.com\/nl\/2026\/01\/21\/grigorova-gaat-met-pensioen-bij-gw\/"]}]},{"@type":"ImageObject","inLanguage":"nl-NL","@id":"https:\/\/transportjournal.com\/nl\/2026\/01\/21\/grigorova-gaat-met-pensioen-bij-gw\/#primaryimage","url":"https:\/\/transportjournal.com\/wp-content\/uploads\/sites\/2\/2026\/01\/1_lyudmilelshishki_marietagrigorova-scaled-aspect-ratio-1400-788-scaled-1.jpg","contentUrl":"https:\/\/transportjournal.com\/wp-content\/uploads\/sites\/2\/2026\/01\/1_lyudmilelshishki_marietagrigorova-scaled-aspect-ratio-1400-788-scaled-1.jpg","width":2560,"height":1441},{"@type":"BreadcrumbList","@id":"https:\/\/transportjournal.com\/nl\/2026\/01\/21\/grigorova-gaat-met-pensioen-bij-gw\/#breadcrumb","itemListElement":[{"@type":"ListItem","position":1,"name":"Startseite","item":"https:\/\/transportjournal.com\/nl\/"},{"@type":"ListItem","position":2,"name":"Grigorova gaat met pensioen bij GW"}]},{"@type":"WebSite","@id":"https:\/\/transportjournal.com\/nl\/#website","url":"https:\/\/transportjournal.com\/nl\/","name":"ITJ | International Transport Journal","description":"Stay informed with the latest global news from the transport, logistics, and supply chain industries. Transport Journal delivers expert insights, analysis, and updates across shipping, aviation, intermodal, and forwarding.","publisher":{"@id":"https:\/\/transportjournal.com\/nl\/#organization"},"potentialAction":[{"@type":"SearchAction","target":{"@type":"EntryPoint","urlTemplate":"https:\/\/transportjournal.com\/nl\/?s={search_term_string}"},"query-input":{"@type":"PropertyValueSpecification","valueRequired":true,"valueName":"search_term_string"}}],"inLanguage":"nl-NL"},{"@type":"Organization","@id":"https:\/\/transportjournal.com\/nl\/#organization","name":"Logismedia Groep AG","alternateName":"Logismedia Group AG","url":"https:\/\/transportjournal.com\/nl\/","logo":{"@type":"ImageObject","inLanguage":"nl-NL","@id":"https:\/\/transportjournal.com\/nl\/#\/schema\/logo\/image\/","url":"https:\/\/transportjournal.com\/wp-content\/uploads\/sites\/2\/2025\/09\/Logo_ITJ.png","contentUrl":"https:\/\/transportjournal.com\/wp-content\/uploads\/sites\/2\/2025\/09\/Logo_ITJ.png","width":799,"height":326,"caption":"Logismedia Groep AG"},"image":{"@id":"https:\/\/transportjournal.com\/nl\/#\/schema\/logo\/image\/"},"sameAs":["https:\/\/www.linkedin.com\/company\/56456496\/admin\/dashboard\/","https:\/\/www.instagram.com\/logismediagroup\/","https:\/\/www.youtube.com\/@LogiamediaGroupAG"]},{"@type":"Person","@id":"https:\/\/transportjournal.com\/nl\/#\/schema\/person\/cf538b3157f15afd7589245a4b3dbd25","name":"Andreas Haug","url":"https:\/\/transportjournal.com\/nl\/author\/andreas\/"}]}},"_links":{"self":[{"href":"https:\/\/transportjournal.com\/nl\/wp-json\/wp\/v2\/posts\/73827","targetHints":{"allow":["GET"]}}],"collection":[{"href":"https:\/\/transportjournal.com\/nl\/wp-json\/wp\/v2\/posts"}],"about":[{"href":"https:\/\/transportjournal.com\/nl\/wp-json\/wp\/v2\/types\/post"}],"author":[{"embeddable":true,"href":"https:\/\/transportjournal.com\/nl\/wp-json\/wp\/v2\/users\/12"}],"replies":[{"embeddable":true,"href":"https:\/\/transportjournal.com\/nl\/wp-json\/wp\/v2\/comments?post=73827"}],"version-history":[{"count":0,"href":"https:\/\/transportjournal.com\/nl\/wp-json\/wp\/v2\/posts\/73827\/revisions"}],"wp:featuredmedia":[{"embeddable":true,"href":"https:\/\/transportjournal.com\/nl\/wp-json\/wp\/v2\/media\/73821"}],"wp:attachment":[{"href":"https:\/\/transportjournal.com\/nl\/wp-json\/wp\/v2\/media?parent=73827"}],"wp:term":[{"taxonomy":"category","embeddable":true,"href":"https:\/\/transportjournal.com\/nl\/wp-json\/wp\/v2\/categories?post=73827"},{"taxonomy":"post_tag","embeddable":true,"href":"https:\/\/transportjournal.com\/nl\/wp-json\/wp\/v2\/tags?post=73827"}],"curies":[{"name":"wp","href":"https:\/\/api.w.org\/{rel}","templated":true}]}}