{"id":73621,"date":"2026-01-20T14:27:48","date_gmt":"2026-01-20T14:27:48","guid":{"rendered":"https:\/\/transportjournal.com\/2026\/01\/20\/niccoli-nieuwe-anfia-groepvoorzitter\/"},"modified":"2026-01-20T20:41:28","modified_gmt":"2026-01-20T19:41:28","slug":"niccoli-nieuwe-anfia-groepvoorzitter","status":"publish","type":"post","link":"https:\/\/transportjournal.com\/nl\/2026\/01\/20\/niccoli-nieuwe-anfia-groepvoorzitter\/","title":{"rendered":"Niccoli nieuwe ANFIA-groepvoorzitter"},"content":{"rendered":"<p>Ranieri Niccoli is benoemd tot de nieuwe voorzitter van de branchevereniging van autofabrikanten binnen de Italiaanse branchevereniging ANFIA. Niccoli, die als Chief Manufacturing Officer bij Automobili Lamborghini werkzaam is, volgt Umberto Tossini op. Tossini wordt erkend voor zijn inzet en het geleverde werk ter vertegenwoordiging van de Italiaanse autoproductie in een uitdagende tijd.<\/p>\n<p>In zijn eerste verklaring gaf Niccoli aan dat het een eer voor hem is om deze positie te aanvaarden. Hij benadrukte de huidige uitdagingen waarmee de autobranche wordt geconfronteerd en onderstreepte de noodzaak voor fabrikanten om zich actief bezig te houden met innovaties en industri\u00eble beslissingen. Deze maatregelen zijn cruciaal om de technologische ontwikkeling in de sector te ondersteunen.<\/p>\n<p>Niccoli wees erop dat de auto-industrie een strategische rol speelt voor Itali\u00eb en Europa. Hij benadrukte dat het belangrijk is om voort te bouwen op de solide industri\u00eble cultuur van het land, die diep geworteld is. Deze cultuur moet worden bevorderd en gewaardeerd om bedrijven de mogelijkheid te geven om toekomstige uitdagingen succesvol aan te gaan.<\/p>\n<p>De benoeming van Niccoli vindt plaats in een context waarin de auto-industrie voor tal van uitdagingen staat, waaronder technologische veranderingen en de noodzaak om zich aan te passen aan nieuwe marktomstandigheden. De ANFIA, de vereniging van autofabrikanten in Itali\u00eb, speelt een centrale rol bij het ondersteunen van de sector in deze tijden.<\/p>\n<p>&nbsp;<\/p>\n<p><a href=\"https:\/\/www.anfia.it\/\" target=\"_blank\" rel=\"noopener noreferrer\">www.anfia.it<\/a><\/p>\n<p>&nbsp;<\/p>\n","protected":false},"excerpt":{"rendered":"<p>Ranieri Niccoli is benoemd tot voorzitter van ANFIA en benadrukt het belang van innovaties voor de auto-industrie in Itali\u00eb en Europa<\/p>\n","protected":false},"author":12,"featured_media":73615,"comment_status":"open","ping_status":"open","sticky":false,"template":"","format":"standard","meta":{"_acf_changed":false,"footnotes":""},"categories":[1597,1599,1593,1591],"tags":[7328,7329,7330,7331,7332,7333,7334,7335,7336,7337,7338,7339,7340,7341,7342,7343,7344,7345,7346,7347,7348,7349,7350,7351,7352,7353,7354,7355,7356,7357,7358,7359,7360,7361,7362,7363,7364,7365,7366,7367,7368,7369,7370],"class_list":["post-73621","post","type-post","status-publish","format-standard","has-post-thumbnail","hentry","category-regios","category-europa","category-expeditie-logistiek","category-mensen-bedrijven","tag-anfia","tag-associations-de-fabricants-automobiles","tag-automobili-lamborghini","tag-automotive-manufacturers-associations-francais-industrie-automobile","tag-avenir-de-lindustrie-automobile","tag-challenges-in-the-automotive-sector","tag-changements-technologiques","tag-conditions-du-marche-du-secteur-automobile","tag-culture-industrielle-en-italie","tag-defis-du-secteur-automobile","tag-deutsch-automobilindustrie","tag-digitalisierung-in-der-automobilindustrie","tag-digitalization-in-the-automotive-industry","tag-europaeische-automobilproduktion","tag-european-automotive-production","tag-fabricants-automobiles-italiens","tag-fachkraeftemangel-automobilbranche","tag-future-of-the-automotive-industry","tag-herausforderungen-der-automobilbranche","tag-industrial-culture-in-italy","tag-industrial-innovations","tag-industrielle-innovationen","tag-industrielle-kultur-italien","tag-innovations-industrielles","tag-italian-car-manufacturers","tag-italienische-automobilhersteller","tag-market-conditions-automotive-sector","tag-marktbedingungen-automobilsektor","tag-nachhaltige-automobilproduktion","tag-numerisation-dans-lindustrie-automobile","tag-penurie-de-competences-dans-lindustrie-automobile","tag-production-automobile-durable","tag-production-automobile-europeenne","tag-ranieri-niccoli","tag-role-strategique-de-lindustrie-automobile","tag-skills-shortage-automotive-industry","tag-strategic-role-of-the-automotive-industry","tag-strategische-rolle-der-automobilindustrie","tag-sustainable-automotive-production","tag-technological-changes","tag-technologische-veraenderungen","tag-verbaende-der-automobilhersteller-english-automotive-industry","tag-zukunft-der-automobilindustrie"],"acf":[],"yoast_head":"<!-- This site is optimized with the Yoast SEO plugin v27.3 - https:\/\/yoast.com\/product\/yoast-seo-wordpress\/ -->\n<title>Niccoli nieuwe ANFIA-groepvoorzitter - ITJ | International Transport Journal<\/title>\n<meta name=\"robots\" content=\"index, follow, max-snippet:-1, max-image-preview:large, max-video-preview:-1\" \/>\n<link rel=\"canonical\" href=\"https:\/\/transportjournal.com\/nl\/2026\/01\/20\/niccoli-nieuwe-anfia-groepvoorzitter\/\" \/>\n<meta property=\"og:locale\" content=\"nl_NL\" \/>\n<meta property=\"og:type\" content=\"article\" \/>\n<meta property=\"og:title\" content=\"Niccoli nieuwe ANFIA-groepvoorzitter - ITJ | International Transport Journal\" \/>\n<meta property=\"og:description\" content=\"Ranieri Niccoli is benoemd tot voorzitter van ANFIA en benadrukt het belang van innovaties voor de auto-industrie in Itali\u00eb en Europa\" \/>\n<meta property=\"og:url\" content=\"https:\/\/transportjournal.com\/nl\/2026\/01\/20\/niccoli-nieuwe-anfia-groepvoorzitter\/\" \/>\n<meta property=\"og:site_name\" content=\"ITJ | International Transport Journal\" \/>\n<meta property=\"article:published_time\" content=\"2026-01-20T14:27:48+00:00\" \/>\n<meta property=\"article:modified_time\" content=\"2026-01-20T19:41:28+00:00\" \/>\n<meta property=\"og:image\" content=\"https:\/\/transportjournal.com\/wp-content\/uploads\/sites\/2\/2026\/01\/Anfia-Foto_Ranieri_Niccoli_sito-aspect-ratio-1400-788.png\" \/>\n\t<meta property=\"og:image:width\" content=\"746\" \/>\n\t<meta property=\"og:image:height\" content=\"420\" \/>\n\t<meta property=\"og:image:type\" content=\"image\/png\" \/>\n<meta name=\"author\" content=\"Andreas Haug\" \/>\n<meta name=\"twitter:card\" content=\"summary_large_image\" \/>\n<meta name=\"twitter:label1\" content=\"Geschreven door\" \/>\n\t<meta name=\"twitter:data1\" content=\"Andreas Haug\" \/>\n\t<meta name=\"twitter:label2\" content=\"Geschatte leestijd\" \/>\n\t<meta name=\"twitter:data2\" content=\"1 minuut\" \/>\n<script type=\"application\/ld+json\" class=\"yoast-schema-graph\">{\"@context\":\"https:\\\/\\\/schema.org\",\"@graph\":[{\"@type\":\"Article\",\"@id\":\"https:\\\/\\\/transportjournal.com\\\/nl\\\/2026\\\/01\\\/20\\\/niccoli-nieuwe-anfia-groepvoorzitter\\\/#article\",\"isPartOf\":{\"@id\":\"https:\\\/\\\/transportjournal.com\\\/nl\\\/2026\\\/01\\\/20\\\/niccoli-nieuwe-anfia-groepvoorzitter\\\/\"},\"author\":{\"name\":\"Andreas Haug\",\"@id\":\"https:\\\/\\\/transportjournal.com\\\/nl\\\/#\\\/schema\\\/person\\\/cf538b3157f15afd7589245a4b3dbd25\"},\"headline\":\"Niccoli nieuwe ANFIA-groepvoorzitter\",\"datePublished\":\"2026-01-20T14:27:48+00:00\",\"dateModified\":\"2026-01-20T19:41:28+00:00\",\"mainEntityOfPage\":{\"@id\":\"https:\\\/\\\/transportjournal.com\\\/nl\\\/2026\\\/01\\\/20\\\/niccoli-nieuwe-anfia-groepvoorzitter\\\/\"},\"wordCount\":230,\"commentCount\":0,\"publisher\":{\"@id\":\"https:\\\/\\\/transportjournal.com\\\/nl\\\/#organization\"},\"image\":{\"@id\":\"https:\\\/\\\/transportjournal.com\\\/nl\\\/2026\\\/01\\\/20\\\/niccoli-nieuwe-anfia-groepvoorzitter\\\/#primaryimage\"},\"thumbnailUrl\":\"https:\\\/\\\/transportjournal.com\\\/wp-content\\\/uploads\\\/sites\\\/2\\\/2026\\\/01\\\/Anfia-Foto_Ranieri_Niccoli_sito-aspect-ratio-1400-788.png\",\"keywords\":[\"ANFIA\",\"associations de fabricants automobiles\",\"Automobili Lamborghini\",\"automotive manufacturers associations Fran\u00e7ais industrie automobile\",\"avenir de l'industrie automobile\",\"challenges in the automotive sector\",\"changements technologiques\",\"conditions du march\u00e9 du secteur automobile\",\"culture industrielle en Italie\",\"d\u00e9fis du secteur automobile\",\"Deutsch Automobilindustrie\",\"Digitalisierung in der Automobilindustrie\",\"digitalization in the automotive industry\",\"europ\u00e4ische Automobilproduktion\",\"European automotive production\",\"fabricants automobiles italiens\",\"Fachkr\u00e4ftemangel Automobilbranche\",\"future of the automotive industry\",\"Herausforderungen der Automobilbranche\",\"industrial culture in Italy\",\"industrial innovations\",\"industrielle Innovationen\",\"industrielle Kultur Italien\",\"innovations industrielles\",\"Italian car manufacturers\",\"italienische Automobilhersteller\",\"market conditions automotive sector\",\"Marktbedingungen Automobilsektor\",\"nachhaltige Automobilproduktion\",\"num\u00e9risation dans l'industrie automobile\",\"p\u00e9nurie de comp\u00e9tences dans l'industrie automobile\",\"production automobile durable\",\"production automobile europ\u00e9enne\",\"Ranieri Niccoli\",\"r\u00f4le strat\u00e9gique de l'industrie automobile\",\"skills shortage automotive industry\",\"strategic role of the automotive industry\",\"strategische Rolle der Automobilindustrie\",\"sustainable automotive production\",\"technological changes\",\"technologische Ver\u00e4nderungen\",\"Verb\u00e4nde der Automobilhersteller English automotive industry\",\"Zukunft der Automobilindustrie\"],\"articleSection\":[\"Contreien\",\"Europa\",\"Expeditie &amp; Logistiek\",\"Mensen &amp; Bedrijven\"],\"inLanguage\":\"nl-NL\",\"potentialAction\":[{\"@type\":\"CommentAction\",\"name\":\"Comment\",\"target\":[\"https:\\\/\\\/transportjournal.com\\\/nl\\\/2026\\\/01\\\/20\\\/niccoli-nieuwe-anfia-groepvoorzitter\\\/#respond\"]}]},{\"@type\":\"WebPage\",\"@id\":\"https:\\\/\\\/transportjournal.com\\\/nl\\\/2026\\\/01\\\/20\\\/niccoli-nieuwe-anfia-groepvoorzitter\\\/\",\"url\":\"https:\\\/\\\/transportjournal.com\\\/nl\\\/2026\\\/01\\\/20\\\/niccoli-nieuwe-anfia-groepvoorzitter\\\/\",\"name\":\"Niccoli nieuwe ANFIA-groepvoorzitter - ITJ | International Transport Journal\",\"isPartOf\":{\"@id\":\"https:\\\/\\\/transportjournal.com\\\/nl\\\/#website\"},\"primaryImageOfPage\":{\"@id\":\"https:\\\/\\\/transportjournal.com\\\/nl\\\/2026\\\/01\\\/20\\\/niccoli-nieuwe-anfia-groepvoorzitter\\\/#primaryimage\"},\"image\":{\"@id\":\"https:\\\/\\\/transportjournal.com\\\/nl\\\/2026\\\/01\\\/20\\\/niccoli-nieuwe-anfia-groepvoorzitter\\\/#primaryimage\"},\"thumbnailUrl\":\"https:\\\/\\\/transportjournal.com\\\/wp-content\\\/uploads\\\/sites\\\/2\\\/2026\\\/01\\\/Anfia-Foto_Ranieri_Niccoli_sito-aspect-ratio-1400-788.png\",\"datePublished\":\"2026-01-20T14:27:48+00:00\",\"dateModified\":\"2026-01-20T19:41:28+00:00\",\"breadcrumb\":{\"@id\":\"https:\\\/\\\/transportjournal.com\\\/nl\\\/2026\\\/01\\\/20\\\/niccoli-nieuwe-anfia-groepvoorzitter\\\/#breadcrumb\"},\"inLanguage\":\"nl-NL\",\"potentialAction\":[{\"@type\":\"ReadAction\",\"target\":[\"https:\\\/\\\/transportjournal.com\\\/nl\\\/2026\\\/01\\\/20\\\/niccoli-nieuwe-anfia-groepvoorzitter\\\/\"]}]},{\"@type\":\"ImageObject\",\"inLanguage\":\"nl-NL\",\"@id\":\"https:\\\/\\\/transportjournal.com\\\/nl\\\/2026\\\/01\\\/20\\\/niccoli-nieuwe-anfia-groepvoorzitter\\\/#primaryimage\",\"url\":\"https:\\\/\\\/transportjournal.com\\\/wp-content\\\/uploads\\\/sites\\\/2\\\/2026\\\/01\\\/Anfia-Foto_Ranieri_Niccoli_sito-aspect-ratio-1400-788.png\",\"contentUrl\":\"https:\\\/\\\/transportjournal.com\\\/wp-content\\\/uploads\\\/sites\\\/2\\\/2026\\\/01\\\/Anfia-Foto_Ranieri_Niccoli_sito-aspect-ratio-1400-788.png\",\"width\":746,\"height\":420},{\"@type\":\"BreadcrumbList\",\"@id\":\"https:\\\/\\\/transportjournal.com\\\/nl\\\/2026\\\/01\\\/20\\\/niccoli-nieuwe-anfia-groepvoorzitter\\\/#breadcrumb\",\"itemListElement\":[{\"@type\":\"ListItem\",\"position\":1,\"name\":\"Startseite\",\"item\":\"https:\\\/\\\/transportjournal.com\\\/nl\\\/\"},{\"@type\":\"ListItem\",\"position\":2,\"name\":\"Niccoli nieuwe ANFIA-groepvoorzitter\"}]},{\"@type\":\"WebSite\",\"@id\":\"https:\\\/\\\/transportjournal.com\\\/nl\\\/#website\",\"url\":\"https:\\\/\\\/transportjournal.com\\\/nl\\\/\",\"name\":\"ITJ | International Transport Journal\",\"description\":\"Stay informed with the latest global news from the transport, logistics, and supply chain industries. Transport Journal delivers expert insights, analysis, and updates across shipping, aviation, intermodal, and forwarding.\",\"publisher\":{\"@id\":\"https:\\\/\\\/transportjournal.com\\\/nl\\\/#organization\"},\"potentialAction\":[{\"@type\":\"SearchAction\",\"target\":{\"@type\":\"EntryPoint\",\"urlTemplate\":\"https:\\\/\\\/transportjournal.com\\\/nl\\\/?s={search_term_string}\"},\"query-input\":{\"@type\":\"PropertyValueSpecification\",\"valueRequired\":true,\"valueName\":\"search_term_string\"}}],\"inLanguage\":\"nl-NL\"},{\"@type\":\"Organization\",\"@id\":\"https:\\\/\\\/transportjournal.com\\\/nl\\\/#organization\",\"name\":\"Logismedia Groep AG\",\"alternateName\":\"Logismedia Group AG\",\"url\":\"https:\\\/\\\/transportjournal.com\\\/nl\\\/\",\"logo\":{\"@type\":\"ImageObject\",\"inLanguage\":\"nl-NL\",\"@id\":\"https:\\\/\\\/transportjournal.com\\\/nl\\\/#\\\/schema\\\/logo\\\/image\\\/\",\"url\":\"https:\\\/\\\/transportjournal.com\\\/wp-content\\\/uploads\\\/sites\\\/2\\\/2025\\\/09\\\/Logo_ITJ.png\",\"contentUrl\":\"https:\\\/\\\/transportjournal.com\\\/wp-content\\\/uploads\\\/sites\\\/2\\\/2025\\\/09\\\/Logo_ITJ.png\",\"width\":799,\"height\":326,\"caption\":\"Logismedia Groep AG\"},\"image\":{\"@id\":\"https:\\\/\\\/transportjournal.com\\\/nl\\\/#\\\/schema\\\/logo\\\/image\\\/\"},\"sameAs\":[\"https:\\\/\\\/www.linkedin.com\\\/company\\\/56456496\\\/admin\\\/dashboard\\\/\",\"https:\\\/\\\/www.instagram.com\\\/logismediagroup\\\/\",\"https:\\\/\\\/www.youtube.com\\\/@LogiamediaGroupAG\"]},{\"@type\":\"Person\",\"@id\":\"https:\\\/\\\/transportjournal.com\\\/nl\\\/#\\\/schema\\\/person\\\/cf538b3157f15afd7589245a4b3dbd25\",\"name\":\"Andreas Haug\",\"url\":\"https:\\\/\\\/transportjournal.com\\\/nl\\\/author\\\/andreas\\\/\"}]}<\/script>\n<!-- \/ Yoast SEO plugin. -->","yoast_head_json":{"title":"Niccoli nieuwe ANFIA-groepvoorzitter - ITJ | International Transport Journal","robots":{"index":"index","follow":"follow","max-snippet":"max-snippet:-1","max-image-preview":"max-image-preview:large","max-video-preview":"max-video-preview:-1"},"canonical":"https:\/\/transportjournal.com\/nl\/2026\/01\/20\/niccoli-nieuwe-anfia-groepvoorzitter\/","og_locale":"nl_NL","og_type":"article","og_title":"Niccoli nieuwe ANFIA-groepvoorzitter - ITJ | International Transport Journal","og_description":"Ranieri Niccoli is benoemd tot voorzitter van ANFIA en benadrukt het belang van innovaties voor de auto-industrie in Itali\u00eb en Europa","og_url":"https:\/\/transportjournal.com\/nl\/2026\/01\/20\/niccoli-nieuwe-anfia-groepvoorzitter\/","og_site_name":"ITJ | International Transport Journal","article_published_time":"2026-01-20T14:27:48+00:00","article_modified_time":"2026-01-20T19:41:28+00:00","og_image":[{"width":746,"height":420,"url":"https:\/\/transportjournal.com\/wp-content\/uploads\/sites\/2\/2026\/01\/Anfia-Foto_Ranieri_Niccoli_sito-aspect-ratio-1400-788.png","type":"image\/png"}],"author":"Andreas Haug","twitter_card":"summary_large_image","twitter_misc":{"Geschreven door":"Andreas Haug","Geschatte leestijd":"1 minuut"},"schema":{"@context":"https:\/\/schema.org","@graph":[{"@type":"Article","@id":"https:\/\/transportjournal.com\/nl\/2026\/01\/20\/niccoli-nieuwe-anfia-groepvoorzitter\/#article","isPartOf":{"@id":"https:\/\/transportjournal.com\/nl\/2026\/01\/20\/niccoli-nieuwe-anfia-groepvoorzitter\/"},"author":{"name":"Andreas Haug","@id":"https:\/\/transportjournal.com\/nl\/#\/schema\/person\/cf538b3157f15afd7589245a4b3dbd25"},"headline":"Niccoli nieuwe ANFIA-groepvoorzitter","datePublished":"2026-01-20T14:27:48+00:00","dateModified":"2026-01-20T19:41:28+00:00","mainEntityOfPage":{"@id":"https:\/\/transportjournal.com\/nl\/2026\/01\/20\/niccoli-nieuwe-anfia-groepvoorzitter\/"},"wordCount":230,"commentCount":0,"publisher":{"@id":"https:\/\/transportjournal.com\/nl\/#organization"},"image":{"@id":"https:\/\/transportjournal.com\/nl\/2026\/01\/20\/niccoli-nieuwe-anfia-groepvoorzitter\/#primaryimage"},"thumbnailUrl":"https:\/\/transportjournal.com\/wp-content\/uploads\/sites\/2\/2026\/01\/Anfia-Foto_Ranieri_Niccoli_sito-aspect-ratio-1400-788.png","keywords":["ANFIA","associations de fabricants automobiles","Automobili Lamborghini","automotive manufacturers associations Fran\u00e7ais industrie automobile","avenir de l'industrie automobile","challenges in the automotive sector","changements technologiques","conditions du march\u00e9 du secteur automobile","culture industrielle en Italie","d\u00e9fis du secteur automobile","Deutsch Automobilindustrie","Digitalisierung in der Automobilindustrie","digitalization in the automotive industry","europ\u00e4ische Automobilproduktion","European automotive production","fabricants automobiles italiens","Fachkr\u00e4ftemangel Automobilbranche","future of the automotive industry","Herausforderungen der Automobilbranche","industrial culture in Italy","industrial innovations","industrielle Innovationen","industrielle Kultur Italien","innovations industrielles","Italian car manufacturers","italienische Automobilhersteller","market conditions automotive sector","Marktbedingungen Automobilsektor","nachhaltige Automobilproduktion","num\u00e9risation dans l'industrie automobile","p\u00e9nurie de comp\u00e9tences dans l'industrie automobile","production automobile durable","production automobile europ\u00e9enne","Ranieri Niccoli","r\u00f4le strat\u00e9gique de l'industrie automobile","skills shortage automotive industry","strategic role of the automotive industry","strategische Rolle der Automobilindustrie","sustainable automotive production","technological changes","technologische Ver\u00e4nderungen","Verb\u00e4nde der Automobilhersteller English automotive industry","Zukunft der Automobilindustrie"],"articleSection":["Contreien","Europa","Expeditie &amp; Logistiek","Mensen &amp; Bedrijven"],"inLanguage":"nl-NL","potentialAction":[{"@type":"CommentAction","name":"Comment","target":["https:\/\/transportjournal.com\/nl\/2026\/01\/20\/niccoli-nieuwe-anfia-groepvoorzitter\/#respond"]}]},{"@type":"WebPage","@id":"https:\/\/transportjournal.com\/nl\/2026\/01\/20\/niccoli-nieuwe-anfia-groepvoorzitter\/","url":"https:\/\/transportjournal.com\/nl\/2026\/01\/20\/niccoli-nieuwe-anfia-groepvoorzitter\/","name":"Niccoli nieuwe ANFIA-groepvoorzitter - ITJ | International Transport Journal","isPartOf":{"@id":"https:\/\/transportjournal.com\/nl\/#website"},"primaryImageOfPage":{"@id":"https:\/\/transportjournal.com\/nl\/2026\/01\/20\/niccoli-nieuwe-anfia-groepvoorzitter\/#primaryimage"},"image":{"@id":"https:\/\/transportjournal.com\/nl\/2026\/01\/20\/niccoli-nieuwe-anfia-groepvoorzitter\/#primaryimage"},"thumbnailUrl":"https:\/\/transportjournal.com\/wp-content\/uploads\/sites\/2\/2026\/01\/Anfia-Foto_Ranieri_Niccoli_sito-aspect-ratio-1400-788.png","datePublished":"2026-01-20T14:27:48+00:00","dateModified":"2026-01-20T19:41:28+00:00","breadcrumb":{"@id":"https:\/\/transportjournal.com\/nl\/2026\/01\/20\/niccoli-nieuwe-anfia-groepvoorzitter\/#breadcrumb"},"inLanguage":"nl-NL","potentialAction":[{"@type":"ReadAction","target":["https:\/\/transportjournal.com\/nl\/2026\/01\/20\/niccoli-nieuwe-anfia-groepvoorzitter\/"]}]},{"@type":"ImageObject","inLanguage":"nl-NL","@id":"https:\/\/transportjournal.com\/nl\/2026\/01\/20\/niccoli-nieuwe-anfia-groepvoorzitter\/#primaryimage","url":"https:\/\/transportjournal.com\/wp-content\/uploads\/sites\/2\/2026\/01\/Anfia-Foto_Ranieri_Niccoli_sito-aspect-ratio-1400-788.png","contentUrl":"https:\/\/transportjournal.com\/wp-content\/uploads\/sites\/2\/2026\/01\/Anfia-Foto_Ranieri_Niccoli_sito-aspect-ratio-1400-788.png","width":746,"height":420},{"@type":"BreadcrumbList","@id":"https:\/\/transportjournal.com\/nl\/2026\/01\/20\/niccoli-nieuwe-anfia-groepvoorzitter\/#breadcrumb","itemListElement":[{"@type":"ListItem","position":1,"name":"Startseite","item":"https:\/\/transportjournal.com\/nl\/"},{"@type":"ListItem","position":2,"name":"Niccoli nieuwe ANFIA-groepvoorzitter"}]},{"@type":"WebSite","@id":"https:\/\/transportjournal.com\/nl\/#website","url":"https:\/\/transportjournal.com\/nl\/","name":"ITJ | International Transport Journal","description":"Stay informed with the latest global news from the transport, logistics, and supply chain industries. Transport Journal delivers expert insights, analysis, and updates across shipping, aviation, intermodal, and forwarding.","publisher":{"@id":"https:\/\/transportjournal.com\/nl\/#organization"},"potentialAction":[{"@type":"SearchAction","target":{"@type":"EntryPoint","urlTemplate":"https:\/\/transportjournal.com\/nl\/?s={search_term_string}"},"query-input":{"@type":"PropertyValueSpecification","valueRequired":true,"valueName":"search_term_string"}}],"inLanguage":"nl-NL"},{"@type":"Organization","@id":"https:\/\/transportjournal.com\/nl\/#organization","name":"Logismedia Groep AG","alternateName":"Logismedia Group AG","url":"https:\/\/transportjournal.com\/nl\/","logo":{"@type":"ImageObject","inLanguage":"nl-NL","@id":"https:\/\/transportjournal.com\/nl\/#\/schema\/logo\/image\/","url":"https:\/\/transportjournal.com\/wp-content\/uploads\/sites\/2\/2025\/09\/Logo_ITJ.png","contentUrl":"https:\/\/transportjournal.com\/wp-content\/uploads\/sites\/2\/2025\/09\/Logo_ITJ.png","width":799,"height":326,"caption":"Logismedia Groep AG"},"image":{"@id":"https:\/\/transportjournal.com\/nl\/#\/schema\/logo\/image\/"},"sameAs":["https:\/\/www.linkedin.com\/company\/56456496\/admin\/dashboard\/","https:\/\/www.instagram.com\/logismediagroup\/","https:\/\/www.youtube.com\/@LogiamediaGroupAG"]},{"@type":"Person","@id":"https:\/\/transportjournal.com\/nl\/#\/schema\/person\/cf538b3157f15afd7589245a4b3dbd25","name":"Andreas Haug","url":"https:\/\/transportjournal.com\/nl\/author\/andreas\/"}]}},"_links":{"self":[{"href":"https:\/\/transportjournal.com\/nl\/wp-json\/wp\/v2\/posts\/73621","targetHints":{"allow":["GET"]}}],"collection":[{"href":"https:\/\/transportjournal.com\/nl\/wp-json\/wp\/v2\/posts"}],"about":[{"href":"https:\/\/transportjournal.com\/nl\/wp-json\/wp\/v2\/types\/post"}],"author":[{"embeddable":true,"href":"https:\/\/transportjournal.com\/nl\/wp-json\/wp\/v2\/users\/12"}],"replies":[{"embeddable":true,"href":"https:\/\/transportjournal.com\/nl\/wp-json\/wp\/v2\/comments?post=73621"}],"version-history":[{"count":1,"href":"https:\/\/transportjournal.com\/nl\/wp-json\/wp\/v2\/posts\/73621\/revisions"}],"predecessor-version":[{"id":73736,"href":"https:\/\/transportjournal.com\/nl\/wp-json\/wp\/v2\/posts\/73621\/revisions\/73736"}],"wp:featuredmedia":[{"embeddable":true,"href":"https:\/\/transportjournal.com\/nl\/wp-json\/wp\/v2\/media\/73615"}],"wp:attachment":[{"href":"https:\/\/transportjournal.com\/nl\/wp-json\/wp\/v2\/media?parent=73621"}],"wp:term":[{"taxonomy":"category","embeddable":true,"href":"https:\/\/transportjournal.com\/nl\/wp-json\/wp\/v2\/categories?post=73621"},{"taxonomy":"post_tag","embeddable":true,"href":"https:\/\/transportjournal.com\/nl\/wp-json\/wp\/v2\/tags?post=73621"}],"curies":[{"name":"wp","href":"https:\/\/api.w.org\/{rel}","templated":true}]}}