{"id":73604,"date":"2026-01-20T13:44:45","date_gmt":"2026-01-20T13:44:45","guid":{"rendered":"https:\/\/transportjournal.com\/2026\/01\/20\/michael-hansen-wordt-nieuwe-ceo-van-dfds\/"},"modified":"2026-01-20T13:44:45","modified_gmt":"2026-01-20T13:44:45","slug":"michael-hansen-wordt-nieuwe-ceo-van-dfds","status":"publish","type":"post","link":"https:\/\/transportjournal.com\/nl\/2026\/01\/20\/michael-hansen-wordt-nieuwe-ceo-van-dfds\/","title":{"rendered":"Michael Hansen wordt nieuwe CEO van DFDS"},"content":{"rendered":"<p>DFDS heeft Michael Hansen benoemd tot de nieuwe president en CEO, die zijn functie op 1 juli 2026 zal aanvaarden. Hansen, die momenteel als president en CEO van Hempel werkzaam is, volgt Torben Carlsen op, die op dezelfde dag zal aftreden. De benoeming is onderdeel van een opvolgingsproces dat op 6 november 2025 werd aangekondigd om frisse perspectieven te verkrijgen voor de voortdurende transformatie van DFDS.<\/p>\n<h3>Nieuwe leiderschapsaanpak voor DFDS<\/h3>\n<p>Claus V. Hemmingsen, voorzitter van de raad van toezicht, sprak positief over de benoeming van Hansen: \u201eIk ben zeer verheugd om Michael Hansen bij DFDS te verwelkomen. Michael brengt nieuwe perspectieven en ervaringen mee om de voortdurende transformatie van het bedrijf te leiden. De korte termijn taak is om de financi\u00eble prestaties te verbeteren. Op lange termijn is het de bedoeling om de waarde van het netwerk te ontsluiten door de processen te optimaliseren en organische groei te realiseren, gebaseerd op de blijvende sterke punten van DFDS, met name onze gewaardeerde klantaanbiedingen en serviceniveaus, evenals onze capabele medewerkers.\u201c<\/p>\n<p>Michael Hansen heeft uitgebreide leiderschapservaring in de scheepvaart, transport en industrie. In zijn rol bij Hempel heeft hij een strategische transformatie geleid die de financi\u00eble prestaties heeft verbeterd en de schaalbaarheid van de bedrijfsvoering heeft versterkt. Eerder was hij bijna twee decennia werkzaam bij A.P. Moller &#8211; Maersk, waar hij verschillende leidinggevende managementposities in Europa, Latijns-Amerika en Oceani\u00eb bekleedde, waaronder de functie van CEO van Seago Line en de wereldwijde leiding van de verkoop voor Maersk Line.<\/p>\n<p>In een eerste verklaring zei Hansen: \u201eIk kijk er zeer naar uit om bij DFDS te komen en de voortdurende transformatie naar winstgevende groei te leiden. Ik ben gepassioneerd over het motiveren en empoweren van mensen om commerci\u00eble en financi\u00eble prestaties te leveren, en evenzeer gepassioneerd over het bevorderen van duurzaamheid. DFDS heeft een indrukwekkend erfgoed, maar staat in sommige gebieden voor uitdagingen. Door samen te werken en ons sterke netwerk te benutten, kunnen we het volledige potentieel ontsluiten.\u201c<\/p>\n<p>Michael Hansens loopbaan omvat onder andere de volgende posities: Sinds 2017 is hij als Group President en CEO bij Hempel werkzaam. Eerder was hij van 2016 tot 2017 als Vice President en wereldwijde verkoopleider bij Maersk Line actief. Daarvoor was hij CEO van Seago Line en bekleedde hij verschillende managementposities bij Maersk Line, waaronder in Mexico, Spanje en Nieuw-Zeeland.<\/p>\n<p>DFDS exploiteert een transportnetwerk in en rond Europa met een jaarlijkse omzet van 30 miljard DKK en heeft 16.500 fulltime medewerkers in dienst. Het bedrijf transporteert goederen in aanhangers per ferry, weg en spoor en biedt aanvullende transport- en logistieke oplossingen aan. Daarnaast vervoert DFDS auto- en voetpassagiers op korte afstand en overnachtingsferries. DFDS werd opgericht in 1866 en heeft zijn hoofdkantoor in Kopenhagen.<\/p>\n<p>&nbsp;<\/p>\n<p><a href=\"https:\/\/www.dfds.com\/\" target=\"_blank\" rel=\"noopener noreferrer\">www.dfds.com<\/a><\/p>\n<p>&nbsp;<\/p>\n","protected":false},"excerpt":{"rendered":"<p>Michael Hansen wordt op 1 juli 2026 de nieuwe president en CEO van DFDS en volgt Torben Carlsen op, die op die dag aftrad.<\/p>\n","protected":false},"author":12,"featured_media":73598,"comment_status":"open","ping_status":"open","sticky":false,"template":"","format":"standard","meta":{"_acf_changed":false,"footnotes":""},"categories":[1597,1599,1591,1595],"tags":[4017,7265,7266,7267,7268,7269,7270,7271,7272,2166,7273,7274,7275,2909,7276,7277,7278,2223,7279,2133,1831,3750,7280,7281,2139,2925,7282,7283,3756,3757,7284,2929,2148,2193,7285,1916,1766,7286,2728,2154,7287,7288,7289,3125,7290,7291,1837],"class_list":["post-73604","post","type-post","status-publish","format-standard","has-post-thumbnail","hentry","category-regios","category-europa","category-mensen-bedrijven","category-scheepvaart-en-havens","tag-a-p-moller-maersk","tag-amelioration-de-la-performance-financiere","tag-approche-de-leadership-dfds","tag-ceo-dfds","tag-challenges-in-shipping","tag-croissance-organique","tag-defis-dans-le-secteur-maritime","tag-deutsch-dfds","tag-developpement-des-employes","tag-durabilite-dans-la-logistique","tag-employee-development-francais-dfds","tag-finanzielle-leistung-steigern","tag-fuehrungsansatz-dfds","tag-hafenbetrieb","tag-hempel","tag-herausforderungen-in-der-schifffahrt","tag-improving-financial-performance","tag-industrie-maritime","tag-leadership-approach-dfds","tag-logistics-service-providers","tag-logistikdienstleister","tag-logistique-de-colis","tag-michael-hansen","tag-mitarbeiterentwicklung-english-dfds","tag-nachhaltigkeit-in-der-logistik","tag-operations-portuaires","tag-organic-growth","tag-organisches-wachstum","tag-paketlogistik","tag-parcel-logistics","tag-pdg-dfds","tag-port-operations","tag-prestataires-de-services-logistiques","tag-rail-freight-transport","tag-reseau-de-transport-europe","tag-schienengueterverkehr","tag-schifffahrt","tag-seago-line","tag-shipping-industry","tag-sustainability-in-logistics","tag-transformation-de-dfds","tag-transformation-of-dfds","tag-transformation-von-dfds","tag-transport-ferroviaire-de-marchandises","tag-transport-network-europe","tag-transportnetzwerk-europa","tag-transportwirtschaft"],"acf":[],"yoast_head":"<!-- This site is optimized with the Yoast SEO plugin v27.3 - https:\/\/yoast.com\/product\/yoast-seo-wordpress\/ -->\n<title>Michael Hansen wordt nieuwe CEO van DFDS - ITJ | International Transport Journal<\/title>\n<meta name=\"robots\" content=\"index, follow, max-snippet:-1, max-image-preview:large, max-video-preview:-1\" \/>\n<link rel=\"canonical\" href=\"https:\/\/transportjournal.com\/nl\/2026\/01\/20\/michael-hansen-wordt-nieuwe-ceo-van-dfds\/\" \/>\n<meta property=\"og:locale\" content=\"nl_NL\" \/>\n<meta property=\"og:type\" content=\"article\" \/>\n<meta property=\"og:title\" content=\"Michael Hansen wordt nieuwe CEO van DFDS - ITJ | International Transport Journal\" \/>\n<meta property=\"og:description\" content=\"Michael Hansen wordt op 1 juli 2026 de nieuwe president en CEO van DFDS en volgt Torben Carlsen op, die op die dag aftrad.\" \/>\n<meta property=\"og:url\" content=\"https:\/\/transportjournal.com\/nl\/2026\/01\/20\/michael-hansen-wordt-nieuwe-ceo-van-dfds\/\" \/>\n<meta property=\"og:site_name\" content=\"ITJ | International Transport Journal\" \/>\n<meta property=\"article:published_time\" content=\"2026-01-20T13:44:45+00:00\" \/>\n<meta property=\"og:image\" content=\"https:\/\/transportjournal.com\/wp-content\/uploads\/sites\/2\/2026\/01\/michael-hansen-aspect-ratio-1400-788.webp\" \/>\n\t<meta property=\"og:image:width\" content=\"514\" \/>\n\t<meta property=\"og:image:height\" content=\"289\" \/>\n\t<meta property=\"og:image:type\" content=\"image\/webp\" \/>\n<meta name=\"author\" content=\"Andreas Haug\" \/>\n<meta name=\"twitter:card\" content=\"summary_large_image\" \/>\n<meta name=\"twitter:label1\" content=\"Geschreven door\" \/>\n\t<meta name=\"twitter:data1\" content=\"Andreas Haug\" \/>\n\t<meta name=\"twitter:label2\" content=\"Geschatte leestijd\" \/>\n\t<meta name=\"twitter:data2\" content=\"2 minuut\" \/>\n<script type=\"application\/ld+json\" class=\"yoast-schema-graph\">{\"@context\":\"https:\\\/\\\/schema.org\",\"@graph\":[{\"@type\":\"Article\",\"@id\":\"https:\\\/\\\/transportjournal.com\\\/nl\\\/2026\\\/01\\\/20\\\/michael-hansen-wordt-nieuwe-ceo-van-dfds\\\/#article\",\"isPartOf\":{\"@id\":\"https:\\\/\\\/transportjournal.com\\\/nl\\\/2026\\\/01\\\/20\\\/michael-hansen-wordt-nieuwe-ceo-van-dfds\\\/\"},\"author\":{\"name\":\"Andreas Haug\",\"@id\":\"https:\\\/\\\/transportjournal.com\\\/nl\\\/#\\\/schema\\\/person\\\/cf538b3157f15afd7589245a4b3dbd25\"},\"headline\":\"Michael Hansen wordt nieuwe CEO van DFDS\",\"datePublished\":\"2026-01-20T13:44:45+00:00\",\"mainEntityOfPage\":{\"@id\":\"https:\\\/\\\/transportjournal.com\\\/nl\\\/2026\\\/01\\\/20\\\/michael-hansen-wordt-nieuwe-ceo-van-dfds\\\/\"},\"wordCount\":453,\"commentCount\":0,\"publisher\":{\"@id\":\"https:\\\/\\\/transportjournal.com\\\/nl\\\/#organization\"},\"image\":{\"@id\":\"https:\\\/\\\/transportjournal.com\\\/nl\\\/2026\\\/01\\\/20\\\/michael-hansen-wordt-nieuwe-ceo-van-dfds\\\/#primaryimage\"},\"thumbnailUrl\":\"https:\\\/\\\/transportjournal.com\\\/wp-content\\\/uploads\\\/sites\\\/2\\\/2026\\\/01\\\/michael-hansen-aspect-ratio-1400-788.webp\",\"keywords\":[\"A.P. Moller - Maersk\",\"am\u00e9lioration de la performance financi\u00e8re\",\"approche de leadership DFDS\",\"CEO DFDS\",\"challenges in shipping\",\"croissance organique\",\"d\u00e9fis dans le secteur maritime\",\"Deutsch DFDS\",\"d\u00e9veloppement des employ\u00e9s\",\"durabilit\u00e9 dans la logistique\",\"employee development Fran\u00e7ais DFDS\",\"Finanzielle Leistung steigern\",\"F\u00fchrungsansatz DFDS\",\"Hafenbetrieb\",\"Hempel\",\"Herausforderungen in der Schifffahrt\",\"improving financial performance\",\"industrie maritime\",\"leadership approach DFDS\",\"logistics service providers\",\"Logistikdienstleister\",\"logistique de colis\",\"Michael Hansen\",\"Mitarbeiterentwicklung English DFDS\",\"Nachhaltigkeit in der Logistik\",\"op\u00e9rations portuaires\",\"organic growth\",\"Organisches Wachstum\",\"Paketlogistik\",\"parcel logistics\",\"PDG DFDS\",\"port operations\",\"prestataires de services logistiques\",\"rail freight transport\",\"r\u00e9seau de transport Europe\",\"Schieneng\u00fcterverkehr\",\"Schifffahrt\",\"Seago Line\",\"shipping industry\",\"sustainability in logistics\",\"transformation de DFDS\",\"transformation of DFDS\",\"Transformation von DFDS\",\"transport ferroviaire de marchandises\",\"transport network Europe\",\"Transportnetzwerk Europa\",\"Transportwirtschaft\"],\"articleSection\":[\"Contreien\",\"Europa\",\"Mensen &amp; Bedrijven\",\"Scheepvaart en havens\"],\"inLanguage\":\"nl-NL\",\"potentialAction\":[{\"@type\":\"CommentAction\",\"name\":\"Comment\",\"target\":[\"https:\\\/\\\/transportjournal.com\\\/nl\\\/2026\\\/01\\\/20\\\/michael-hansen-wordt-nieuwe-ceo-van-dfds\\\/#respond\"]}]},{\"@type\":\"WebPage\",\"@id\":\"https:\\\/\\\/transportjournal.com\\\/nl\\\/2026\\\/01\\\/20\\\/michael-hansen-wordt-nieuwe-ceo-van-dfds\\\/\",\"url\":\"https:\\\/\\\/transportjournal.com\\\/nl\\\/2026\\\/01\\\/20\\\/michael-hansen-wordt-nieuwe-ceo-van-dfds\\\/\",\"name\":\"Michael Hansen wordt nieuwe CEO van DFDS - ITJ | International Transport Journal\",\"isPartOf\":{\"@id\":\"https:\\\/\\\/transportjournal.com\\\/nl\\\/#website\"},\"primaryImageOfPage\":{\"@id\":\"https:\\\/\\\/transportjournal.com\\\/nl\\\/2026\\\/01\\\/20\\\/michael-hansen-wordt-nieuwe-ceo-van-dfds\\\/#primaryimage\"},\"image\":{\"@id\":\"https:\\\/\\\/transportjournal.com\\\/nl\\\/2026\\\/01\\\/20\\\/michael-hansen-wordt-nieuwe-ceo-van-dfds\\\/#primaryimage\"},\"thumbnailUrl\":\"https:\\\/\\\/transportjournal.com\\\/wp-content\\\/uploads\\\/sites\\\/2\\\/2026\\\/01\\\/michael-hansen-aspect-ratio-1400-788.webp\",\"datePublished\":\"2026-01-20T13:44:45+00:00\",\"breadcrumb\":{\"@id\":\"https:\\\/\\\/transportjournal.com\\\/nl\\\/2026\\\/01\\\/20\\\/michael-hansen-wordt-nieuwe-ceo-van-dfds\\\/#breadcrumb\"},\"inLanguage\":\"nl-NL\",\"potentialAction\":[{\"@type\":\"ReadAction\",\"target\":[\"https:\\\/\\\/transportjournal.com\\\/nl\\\/2026\\\/01\\\/20\\\/michael-hansen-wordt-nieuwe-ceo-van-dfds\\\/\"]}]},{\"@type\":\"ImageObject\",\"inLanguage\":\"nl-NL\",\"@id\":\"https:\\\/\\\/transportjournal.com\\\/nl\\\/2026\\\/01\\\/20\\\/michael-hansen-wordt-nieuwe-ceo-van-dfds\\\/#primaryimage\",\"url\":\"https:\\\/\\\/transportjournal.com\\\/wp-content\\\/uploads\\\/sites\\\/2\\\/2026\\\/01\\\/michael-hansen-aspect-ratio-1400-788.webp\",\"contentUrl\":\"https:\\\/\\\/transportjournal.com\\\/wp-content\\\/uploads\\\/sites\\\/2\\\/2026\\\/01\\\/michael-hansen-aspect-ratio-1400-788.webp\",\"width\":514,\"height\":289},{\"@type\":\"BreadcrumbList\",\"@id\":\"https:\\\/\\\/transportjournal.com\\\/nl\\\/2026\\\/01\\\/20\\\/michael-hansen-wordt-nieuwe-ceo-van-dfds\\\/#breadcrumb\",\"itemListElement\":[{\"@type\":\"ListItem\",\"position\":1,\"name\":\"Startseite\",\"item\":\"https:\\\/\\\/transportjournal.com\\\/nl\\\/\"},{\"@type\":\"ListItem\",\"position\":2,\"name\":\"Michael Hansen wordt nieuwe CEO van DFDS\"}]},{\"@type\":\"WebSite\",\"@id\":\"https:\\\/\\\/transportjournal.com\\\/nl\\\/#website\",\"url\":\"https:\\\/\\\/transportjournal.com\\\/nl\\\/\",\"name\":\"ITJ | International Transport Journal\",\"description\":\"Stay informed with the latest global news from the transport, logistics, and supply chain industries. Transport Journal delivers expert insights, analysis, and updates across shipping, aviation, intermodal, and forwarding.\",\"publisher\":{\"@id\":\"https:\\\/\\\/transportjournal.com\\\/nl\\\/#organization\"},\"potentialAction\":[{\"@type\":\"SearchAction\",\"target\":{\"@type\":\"EntryPoint\",\"urlTemplate\":\"https:\\\/\\\/transportjournal.com\\\/nl\\\/?s={search_term_string}\"},\"query-input\":{\"@type\":\"PropertyValueSpecification\",\"valueRequired\":true,\"valueName\":\"search_term_string\"}}],\"inLanguage\":\"nl-NL\"},{\"@type\":\"Organization\",\"@id\":\"https:\\\/\\\/transportjournal.com\\\/nl\\\/#organization\",\"name\":\"Logismedia Groep AG\",\"alternateName\":\"Logismedia Group AG\",\"url\":\"https:\\\/\\\/transportjournal.com\\\/nl\\\/\",\"logo\":{\"@type\":\"ImageObject\",\"inLanguage\":\"nl-NL\",\"@id\":\"https:\\\/\\\/transportjournal.com\\\/nl\\\/#\\\/schema\\\/logo\\\/image\\\/\",\"url\":\"https:\\\/\\\/transportjournal.com\\\/wp-content\\\/uploads\\\/sites\\\/2\\\/2025\\\/09\\\/Logo_ITJ.png\",\"contentUrl\":\"https:\\\/\\\/transportjournal.com\\\/wp-content\\\/uploads\\\/sites\\\/2\\\/2025\\\/09\\\/Logo_ITJ.png\",\"width\":799,\"height\":326,\"caption\":\"Logismedia Groep AG\"},\"image\":{\"@id\":\"https:\\\/\\\/transportjournal.com\\\/nl\\\/#\\\/schema\\\/logo\\\/image\\\/\"},\"sameAs\":[\"https:\\\/\\\/www.linkedin.com\\\/company\\\/56456496\\\/admin\\\/dashboard\\\/\",\"https:\\\/\\\/www.instagram.com\\\/logismediagroup\\\/\",\"https:\\\/\\\/www.youtube.com\\\/@LogiamediaGroupAG\"]},{\"@type\":\"Person\",\"@id\":\"https:\\\/\\\/transportjournal.com\\\/nl\\\/#\\\/schema\\\/person\\\/cf538b3157f15afd7589245a4b3dbd25\",\"name\":\"Andreas Haug\",\"url\":\"https:\\\/\\\/transportjournal.com\\\/nl\\\/author\\\/andreas\\\/\"}]}<\/script>\n<!-- \/ Yoast SEO plugin. -->","yoast_head_json":{"title":"Michael Hansen wordt nieuwe CEO van DFDS - ITJ | International Transport Journal","robots":{"index":"index","follow":"follow","max-snippet":"max-snippet:-1","max-image-preview":"max-image-preview:large","max-video-preview":"max-video-preview:-1"},"canonical":"https:\/\/transportjournal.com\/nl\/2026\/01\/20\/michael-hansen-wordt-nieuwe-ceo-van-dfds\/","og_locale":"nl_NL","og_type":"article","og_title":"Michael Hansen wordt nieuwe CEO van DFDS - ITJ | International Transport Journal","og_description":"Michael Hansen wordt op 1 juli 2026 de nieuwe president en CEO van DFDS en volgt Torben Carlsen op, die op die dag aftrad.","og_url":"https:\/\/transportjournal.com\/nl\/2026\/01\/20\/michael-hansen-wordt-nieuwe-ceo-van-dfds\/","og_site_name":"ITJ | International Transport Journal","article_published_time":"2026-01-20T13:44:45+00:00","og_image":[{"width":514,"height":289,"url":"https:\/\/transportjournal.com\/wp-content\/uploads\/sites\/2\/2026\/01\/michael-hansen-aspect-ratio-1400-788.webp","type":"image\/webp"}],"author":"Andreas Haug","twitter_card":"summary_large_image","twitter_misc":{"Geschreven door":"Andreas Haug","Geschatte leestijd":"2 minuut"},"schema":{"@context":"https:\/\/schema.org","@graph":[{"@type":"Article","@id":"https:\/\/transportjournal.com\/nl\/2026\/01\/20\/michael-hansen-wordt-nieuwe-ceo-van-dfds\/#article","isPartOf":{"@id":"https:\/\/transportjournal.com\/nl\/2026\/01\/20\/michael-hansen-wordt-nieuwe-ceo-van-dfds\/"},"author":{"name":"Andreas Haug","@id":"https:\/\/transportjournal.com\/nl\/#\/schema\/person\/cf538b3157f15afd7589245a4b3dbd25"},"headline":"Michael Hansen wordt nieuwe CEO van DFDS","datePublished":"2026-01-20T13:44:45+00:00","mainEntityOfPage":{"@id":"https:\/\/transportjournal.com\/nl\/2026\/01\/20\/michael-hansen-wordt-nieuwe-ceo-van-dfds\/"},"wordCount":453,"commentCount":0,"publisher":{"@id":"https:\/\/transportjournal.com\/nl\/#organization"},"image":{"@id":"https:\/\/transportjournal.com\/nl\/2026\/01\/20\/michael-hansen-wordt-nieuwe-ceo-van-dfds\/#primaryimage"},"thumbnailUrl":"https:\/\/transportjournal.com\/wp-content\/uploads\/sites\/2\/2026\/01\/michael-hansen-aspect-ratio-1400-788.webp","keywords":["A.P. Moller - Maersk","am\u00e9lioration de la performance financi\u00e8re","approche de leadership DFDS","CEO DFDS","challenges in shipping","croissance organique","d\u00e9fis dans le secteur maritime","Deutsch DFDS","d\u00e9veloppement des employ\u00e9s","durabilit\u00e9 dans la logistique","employee development Fran\u00e7ais DFDS","Finanzielle Leistung steigern","F\u00fchrungsansatz DFDS","Hafenbetrieb","Hempel","Herausforderungen in der Schifffahrt","improving financial performance","industrie maritime","leadership approach DFDS","logistics service providers","Logistikdienstleister","logistique de colis","Michael Hansen","Mitarbeiterentwicklung English DFDS","Nachhaltigkeit in der Logistik","op\u00e9rations portuaires","organic growth","Organisches Wachstum","Paketlogistik","parcel logistics","PDG DFDS","port operations","prestataires de services logistiques","rail freight transport","r\u00e9seau de transport Europe","Schieneng\u00fcterverkehr","Schifffahrt","Seago Line","shipping industry","sustainability in logistics","transformation de DFDS","transformation of DFDS","Transformation von DFDS","transport ferroviaire de marchandises","transport network Europe","Transportnetzwerk Europa","Transportwirtschaft"],"articleSection":["Contreien","Europa","Mensen &amp; Bedrijven","Scheepvaart en havens"],"inLanguage":"nl-NL","potentialAction":[{"@type":"CommentAction","name":"Comment","target":["https:\/\/transportjournal.com\/nl\/2026\/01\/20\/michael-hansen-wordt-nieuwe-ceo-van-dfds\/#respond"]}]},{"@type":"WebPage","@id":"https:\/\/transportjournal.com\/nl\/2026\/01\/20\/michael-hansen-wordt-nieuwe-ceo-van-dfds\/","url":"https:\/\/transportjournal.com\/nl\/2026\/01\/20\/michael-hansen-wordt-nieuwe-ceo-van-dfds\/","name":"Michael Hansen wordt nieuwe CEO van DFDS - ITJ | International Transport Journal","isPartOf":{"@id":"https:\/\/transportjournal.com\/nl\/#website"},"primaryImageOfPage":{"@id":"https:\/\/transportjournal.com\/nl\/2026\/01\/20\/michael-hansen-wordt-nieuwe-ceo-van-dfds\/#primaryimage"},"image":{"@id":"https:\/\/transportjournal.com\/nl\/2026\/01\/20\/michael-hansen-wordt-nieuwe-ceo-van-dfds\/#primaryimage"},"thumbnailUrl":"https:\/\/transportjournal.com\/wp-content\/uploads\/sites\/2\/2026\/01\/michael-hansen-aspect-ratio-1400-788.webp","datePublished":"2026-01-20T13:44:45+00:00","breadcrumb":{"@id":"https:\/\/transportjournal.com\/nl\/2026\/01\/20\/michael-hansen-wordt-nieuwe-ceo-van-dfds\/#breadcrumb"},"inLanguage":"nl-NL","potentialAction":[{"@type":"ReadAction","target":["https:\/\/transportjournal.com\/nl\/2026\/01\/20\/michael-hansen-wordt-nieuwe-ceo-van-dfds\/"]}]},{"@type":"ImageObject","inLanguage":"nl-NL","@id":"https:\/\/transportjournal.com\/nl\/2026\/01\/20\/michael-hansen-wordt-nieuwe-ceo-van-dfds\/#primaryimage","url":"https:\/\/transportjournal.com\/wp-content\/uploads\/sites\/2\/2026\/01\/michael-hansen-aspect-ratio-1400-788.webp","contentUrl":"https:\/\/transportjournal.com\/wp-content\/uploads\/sites\/2\/2026\/01\/michael-hansen-aspect-ratio-1400-788.webp","width":514,"height":289},{"@type":"BreadcrumbList","@id":"https:\/\/transportjournal.com\/nl\/2026\/01\/20\/michael-hansen-wordt-nieuwe-ceo-van-dfds\/#breadcrumb","itemListElement":[{"@type":"ListItem","position":1,"name":"Startseite","item":"https:\/\/transportjournal.com\/nl\/"},{"@type":"ListItem","position":2,"name":"Michael Hansen wordt nieuwe CEO van DFDS"}]},{"@type":"WebSite","@id":"https:\/\/transportjournal.com\/nl\/#website","url":"https:\/\/transportjournal.com\/nl\/","name":"ITJ | International Transport Journal","description":"Stay informed with the latest global news from the transport, logistics, and supply chain industries. Transport Journal delivers expert insights, analysis, and updates across shipping, aviation, intermodal, and forwarding.","publisher":{"@id":"https:\/\/transportjournal.com\/nl\/#organization"},"potentialAction":[{"@type":"SearchAction","target":{"@type":"EntryPoint","urlTemplate":"https:\/\/transportjournal.com\/nl\/?s={search_term_string}"},"query-input":{"@type":"PropertyValueSpecification","valueRequired":true,"valueName":"search_term_string"}}],"inLanguage":"nl-NL"},{"@type":"Organization","@id":"https:\/\/transportjournal.com\/nl\/#organization","name":"Logismedia Groep AG","alternateName":"Logismedia Group AG","url":"https:\/\/transportjournal.com\/nl\/","logo":{"@type":"ImageObject","inLanguage":"nl-NL","@id":"https:\/\/transportjournal.com\/nl\/#\/schema\/logo\/image\/","url":"https:\/\/transportjournal.com\/wp-content\/uploads\/sites\/2\/2025\/09\/Logo_ITJ.png","contentUrl":"https:\/\/transportjournal.com\/wp-content\/uploads\/sites\/2\/2025\/09\/Logo_ITJ.png","width":799,"height":326,"caption":"Logismedia Groep AG"},"image":{"@id":"https:\/\/transportjournal.com\/nl\/#\/schema\/logo\/image\/"},"sameAs":["https:\/\/www.linkedin.com\/company\/56456496\/admin\/dashboard\/","https:\/\/www.instagram.com\/logismediagroup\/","https:\/\/www.youtube.com\/@LogiamediaGroupAG"]},{"@type":"Person","@id":"https:\/\/transportjournal.com\/nl\/#\/schema\/person\/cf538b3157f15afd7589245a4b3dbd25","name":"Andreas Haug","url":"https:\/\/transportjournal.com\/nl\/author\/andreas\/"}]}},"_links":{"self":[{"href":"https:\/\/transportjournal.com\/nl\/wp-json\/wp\/v2\/posts\/73604","targetHints":{"allow":["GET"]}}],"collection":[{"href":"https:\/\/transportjournal.com\/nl\/wp-json\/wp\/v2\/posts"}],"about":[{"href":"https:\/\/transportjournal.com\/nl\/wp-json\/wp\/v2\/types\/post"}],"author":[{"embeddable":true,"href":"https:\/\/transportjournal.com\/nl\/wp-json\/wp\/v2\/users\/12"}],"replies":[{"embeddable":true,"href":"https:\/\/transportjournal.com\/nl\/wp-json\/wp\/v2\/comments?post=73604"}],"version-history":[{"count":0,"href":"https:\/\/transportjournal.com\/nl\/wp-json\/wp\/v2\/posts\/73604\/revisions"}],"wp:featuredmedia":[{"embeddable":true,"href":"https:\/\/transportjournal.com\/nl\/wp-json\/wp\/v2\/media\/73598"}],"wp:attachment":[{"href":"https:\/\/transportjournal.com\/nl\/wp-json\/wp\/v2\/media?parent=73604"}],"wp:term":[{"taxonomy":"category","embeddable":true,"href":"https:\/\/transportjournal.com\/nl\/wp-json\/wp\/v2\/categories?post=73604"},{"taxonomy":"post_tag","embeddable":true,"href":"https:\/\/transportjournal.com\/nl\/wp-json\/wp\/v2\/tags?post=73604"}],"curies":[{"name":"wp","href":"https:\/\/api.w.org\/{rel}","templated":true}]}}