{"id":73588,"date":"2026-01-20T11:56:09","date_gmt":"2026-01-20T11:56:09","guid":{"rendered":"https:\/\/transportjournal.com\/2026\/01\/20\/douane-verbeidt-vervalste-merkkleding\/"},"modified":"2026-01-20T20:31:44","modified_gmt":"2026-01-20T19:31:44","slug":"douane-verbeidt-vervalste-merkkleding","status":"publish","type":"post","link":"https:\/\/transportjournal.com\/nl\/2026\/01\/20\/douane-verbeidt-vervalste-merkkleding\/","title":{"rendered":"Douane verbeidt vervalste merkkleding"},"content":{"rendered":"<p>Bij een controle van het Hauptzollamt Singen eind 2025 zijn er vervalste merkkledingstukken in beslag genomen. In drie postpakketten uit Roemeni\u00eb ontdekten douanebeambten bijna 90 kledingstukken, die voorzien waren van logo&#8217;s en etiketten van 13 luxe merken, aldus het douanekantoor. Het ging om winterjassen, jeans, hoodies en truien die als plagiaat bleken te zijn.<\/p>\n<h3>Waarde geschat op 70.000 euro<\/h3>\n<p>De geschatte waarde van de originele goederen bedraagt ongeveer 70.000 euro. De ontvanger was een 50-jarige Duitse staatsburger die in het kanton Thurgau in Zwitserland woont. De vervalste goederen zijn in het kader van de industri\u00eble eigendomsbescherming in beslag genomen, voor zover de betrokken merkhouders aanvragen hebben ingediend. In dit specifieke geval gebeurde dit bij alle betrokken bedrijven.<\/p>\n<p><a href=\"https:\/\/www.zoll.de\/\" target=\"_blank\" rel=\"noopener noreferrer\">www.zoll.de<\/a><\/p>\n","protected":false},"excerpt":{"rendered":"<p>De douaneautoriteiten in Konstanz hebben vervalste merkkleding ter waarde van 70.000 euro in beslag genomen en civielrechtelijke stappen tegen de ontvanger ondernomen<\/p>\n","protected":false},"author":10,"featured_media":73582,"comment_status":"open","ping_status":"open","sticky":false,"template":"","format":"standard","meta":{"_acf_changed":false,"footnotes":""},"categories":[1599,1593],"tags":[7160,7161,7162,7163,7164,7165,7166,7167,7168,7169,7170,7171,7172,7173,7174,7175,7176,7177,7178,7179,7180,7181,7182,7183,7184,7185,7186,7187,7188,7189,7190,7191,7192,7193,7194,6736,6737,6738,7195,7196,7197,7198,7199,7200,7201,7202,7203,7204,7205,7206,7207,7208,7209,7210,7211,7212],"class_list":["post-73588","post","type-post","status-publish","format-standard","has-post-thumbnail","hentry","category-europa","category-expeditie-logistiek","tag-agents-des-douanes","tag-articles-vestimentaires","tag-bekleidungsartikel","tag-bekleidungsindustrie","tag-brand-owners","tag-bureau-des-douanes-principal-de-singen","tag-clothing-articles","tag-clothing-industry","tag-contrefacons","tag-controle-douanier","tag-counterfeit-brand-clothing","tag-counterfeits","tag-customs-control","tag-customs-officers","tag-customs-seizure","tag-deutsch-zoll","tag-droit-des-marques","tag-gefaelschte-markenbekleidung","tag-gewerblicher-rechtsschutz","tag-hauptzollamt-singen","tag-hoodies","tag-industrial-property-protection","tag-industrie-de-lhabillement","tag-jeans","tag-luxury-brands","tag-luxusmarken","tag-main-customs-office-singen","tag-markeninhaber","tag-markenrecht-english-customs","tag-marques-de-luxe","tag-plagiate","tag-proprietaires-de-marques","tag-protection-de-la-propriete-industrielle","tag-pullover","tag-pulls","tag-romania","tag-roumanie","tag-rumaenien","tag-saisie-douaniere","tag-schweiz","tag-suisse","tag-sweaters","tag-sweats-a-capuche","tag-switzerland","tag-thurgau","tag-trademark-law-francais-douanes","tag-valeur-des-biens-originaux","tag-value-of-original-goods","tag-vestes-dhiver","tag-vetements-de-marque-contrefaits","tag-wert-der-originalwaren","tag-winter-jackets","tag-winterjacken","tag-zollbeamte","tag-zollbeschlagnahmung","tag-zollkontrolle"],"acf":[],"yoast_head":"<!-- This site is optimized with the Yoast SEO plugin v27.3 - https:\/\/yoast.com\/product\/yoast-seo-wordpress\/ -->\n<title>Douane verbeidt vervalste merkkleding - ITJ | International Transport Journal<\/title>\n<meta name=\"robots\" content=\"index, follow, max-snippet:-1, max-image-preview:large, max-video-preview:-1\" \/>\n<link rel=\"canonical\" href=\"https:\/\/transportjournal.com\/nl\/2026\/01\/20\/douane-verbeidt-vervalste-merkkleding\/\" \/>\n<meta property=\"og:locale\" content=\"nl_NL\" \/>\n<meta property=\"og:type\" content=\"article\" \/>\n<meta property=\"og:title\" content=\"Douane verbeidt vervalste merkkleding - ITJ | International Transport Journal\" \/>\n<meta property=\"og:description\" content=\"De douaneautoriteiten in Konstanz hebben vervalste merkkleding ter waarde van 70.000 euro in beslag genomen en civielrechtelijke stappen tegen de ontvanger ondernomen\" \/>\n<meta property=\"og:url\" content=\"https:\/\/transportjournal.com\/nl\/2026\/01\/20\/douane-verbeidt-vervalste-merkkleding\/\" \/>\n<meta property=\"og:site_name\" content=\"ITJ | International Transport Journal\" \/>\n<meta property=\"article:published_time\" content=\"2026-01-20T11:56:09+00:00\" \/>\n<meta property=\"article:modified_time\" content=\"2026-01-20T19:31:44+00:00\" \/>\n<meta property=\"og:image\" content=\"https:\/\/transportjournal.com\/wp-content\/uploads\/sites\/2\/2026\/01\/ZOLL-aspect-ratio-1400-788.jpg\" \/>\n\t<meta property=\"og:image:width\" content=\"1052\" \/>\n\t<meta property=\"og:image:height\" content=\"592\" \/>\n\t<meta property=\"og:image:type\" content=\"image\/jpeg\" \/>\n<meta name=\"author\" content=\"Jeremy Soland\" \/>\n<meta name=\"twitter:card\" content=\"summary_large_image\" \/>\n<meta name=\"twitter:label1\" content=\"Geschreven door\" \/>\n\t<meta name=\"twitter:data1\" content=\"Jeremy Soland\" \/>\n\t<meta name=\"twitter:label2\" content=\"Geschatte leestijd\" \/>\n\t<meta name=\"twitter:data2\" content=\"1 minuut\" \/>\n<script type=\"application\/ld+json\" class=\"yoast-schema-graph\">{\"@context\":\"https:\\\/\\\/schema.org\",\"@graph\":[{\"@type\":\"Article\",\"@id\":\"https:\\\/\\\/transportjournal.com\\\/nl\\\/2026\\\/01\\\/20\\\/douane-verbeidt-vervalste-merkkleding\\\/#article\",\"isPartOf\":{\"@id\":\"https:\\\/\\\/transportjournal.com\\\/nl\\\/2026\\\/01\\\/20\\\/douane-verbeidt-vervalste-merkkleding\\\/\"},\"author\":{\"name\":\"Jeremy Soland\",\"@id\":\"https:\\\/\\\/transportjournal.com\\\/nl\\\/#\\\/schema\\\/person\\\/41d36b5474b623392fa613e97e2363fa\"},\"headline\":\"Douane verbeidt vervalste merkkleding\",\"datePublished\":\"2026-01-20T11:56:09+00:00\",\"dateModified\":\"2026-01-20T19:31:44+00:00\",\"mainEntityOfPage\":{\"@id\":\"https:\\\/\\\/transportjournal.com\\\/nl\\\/2026\\\/01\\\/20\\\/douane-verbeidt-vervalste-merkkleding\\\/\"},\"wordCount\":121,\"commentCount\":0,\"publisher\":{\"@id\":\"https:\\\/\\\/transportjournal.com\\\/nl\\\/#organization\"},\"image\":{\"@id\":\"https:\\\/\\\/transportjournal.com\\\/nl\\\/2026\\\/01\\\/20\\\/douane-verbeidt-vervalste-merkkleding\\\/#primaryimage\"},\"thumbnailUrl\":\"https:\\\/\\\/transportjournal.com\\\/wp-content\\\/uploads\\\/sites\\\/2\\\/2026\\\/01\\\/ZOLL-aspect-ratio-1400-788.jpg\",\"keywords\":[\"agents des douanes\",\"articles vestimentaires\",\"Bekleidungsartikel\",\"Bekleidungsindustrie\",\"brand owners\",\"bureau des douanes principal de Singen\",\"clothing articles\",\"clothing industry\",\"contrefa\u00e7ons\",\"contr\u00f4le douanier\",\"counterfeit brand clothing\",\"counterfeits\",\"customs control\",\"customs officers\",\"customs seizure\",\"Deutsch Zoll\",\"droit des marques\",\"gef\u00e4lschte Markenbekleidung\",\"gewerblicher Rechtsschutz\",\"Hauptzollamt Singen\",\"Hoodies\",\"industrial property protection\",\"industrie de l'habillement\",\"Jeans\",\"luxury brands\",\"Luxusmarken\",\"main customs office Singen\",\"Markeninhaber\",\"Markenrecht English Customs\",\"marques de luxe\",\"Plagiate\",\"propri\u00e9taires de marques\",\"protection de la propri\u00e9t\u00e9 industrielle\",\"Pullover\",\"pulls\",\"Romania\",\"Roumanie\",\"Rum\u00e4nien\",\"saisie douani\u00e8re\",\"Schweiz\",\"Suisse\",\"sweaters\",\"sweats \u00e0 capuche\",\"Switzerland\",\"Thurgau\",\"trademark law Fran\u00e7ais Douanes\",\"valeur des biens originaux\",\"value of original goods\",\"vestes d'hiver\",\"v\u00eatements de marque contrefaits\",\"Wert der Originalwaren\",\"winter jackets\",\"Winterjacken\",\"Zollbeamte\",\"Zollbeschlagnahmung\",\"Zollkontrolle\"],\"articleSection\":[\"Europa\",\"Expeditie &amp; Logistiek\"],\"inLanguage\":\"nl-NL\",\"potentialAction\":[{\"@type\":\"CommentAction\",\"name\":\"Comment\",\"target\":[\"https:\\\/\\\/transportjournal.com\\\/nl\\\/2026\\\/01\\\/20\\\/douane-verbeidt-vervalste-merkkleding\\\/#respond\"]}]},{\"@type\":\"WebPage\",\"@id\":\"https:\\\/\\\/transportjournal.com\\\/nl\\\/2026\\\/01\\\/20\\\/douane-verbeidt-vervalste-merkkleding\\\/\",\"url\":\"https:\\\/\\\/transportjournal.com\\\/nl\\\/2026\\\/01\\\/20\\\/douane-verbeidt-vervalste-merkkleding\\\/\",\"name\":\"Douane verbeidt vervalste merkkleding - ITJ | International Transport Journal\",\"isPartOf\":{\"@id\":\"https:\\\/\\\/transportjournal.com\\\/nl\\\/#website\"},\"primaryImageOfPage\":{\"@id\":\"https:\\\/\\\/transportjournal.com\\\/nl\\\/2026\\\/01\\\/20\\\/douane-verbeidt-vervalste-merkkleding\\\/#primaryimage\"},\"image\":{\"@id\":\"https:\\\/\\\/transportjournal.com\\\/nl\\\/2026\\\/01\\\/20\\\/douane-verbeidt-vervalste-merkkleding\\\/#primaryimage\"},\"thumbnailUrl\":\"https:\\\/\\\/transportjournal.com\\\/wp-content\\\/uploads\\\/sites\\\/2\\\/2026\\\/01\\\/ZOLL-aspect-ratio-1400-788.jpg\",\"datePublished\":\"2026-01-20T11:56:09+00:00\",\"dateModified\":\"2026-01-20T19:31:44+00:00\",\"breadcrumb\":{\"@id\":\"https:\\\/\\\/transportjournal.com\\\/nl\\\/2026\\\/01\\\/20\\\/douane-verbeidt-vervalste-merkkleding\\\/#breadcrumb\"},\"inLanguage\":\"nl-NL\",\"potentialAction\":[{\"@type\":\"ReadAction\",\"target\":[\"https:\\\/\\\/transportjournal.com\\\/nl\\\/2026\\\/01\\\/20\\\/douane-verbeidt-vervalste-merkkleding\\\/\"]}]},{\"@type\":\"ImageObject\",\"inLanguage\":\"nl-NL\",\"@id\":\"https:\\\/\\\/transportjournal.com\\\/nl\\\/2026\\\/01\\\/20\\\/douane-verbeidt-vervalste-merkkleding\\\/#primaryimage\",\"url\":\"https:\\\/\\\/transportjournal.com\\\/wp-content\\\/uploads\\\/sites\\\/2\\\/2026\\\/01\\\/ZOLL-aspect-ratio-1400-788.jpg\",\"contentUrl\":\"https:\\\/\\\/transportjournal.com\\\/wp-content\\\/uploads\\\/sites\\\/2\\\/2026\\\/01\\\/ZOLL-aspect-ratio-1400-788.jpg\",\"width\":1052,\"height\":592},{\"@type\":\"BreadcrumbList\",\"@id\":\"https:\\\/\\\/transportjournal.com\\\/nl\\\/2026\\\/01\\\/20\\\/douane-verbeidt-vervalste-merkkleding\\\/#breadcrumb\",\"itemListElement\":[{\"@type\":\"ListItem\",\"position\":1,\"name\":\"Startseite\",\"item\":\"https:\\\/\\\/transportjournal.com\\\/nl\\\/\"},{\"@type\":\"ListItem\",\"position\":2,\"name\":\"Douane verbeidt vervalste merkkleding\"}]},{\"@type\":\"WebSite\",\"@id\":\"https:\\\/\\\/transportjournal.com\\\/nl\\\/#website\",\"url\":\"https:\\\/\\\/transportjournal.com\\\/nl\\\/\",\"name\":\"ITJ | International Transport Journal\",\"description\":\"Stay informed with the latest global news from the transport, logistics, and supply chain industries. Transport Journal delivers expert insights, analysis, and updates across shipping, aviation, intermodal, and forwarding.\",\"publisher\":{\"@id\":\"https:\\\/\\\/transportjournal.com\\\/nl\\\/#organization\"},\"potentialAction\":[{\"@type\":\"SearchAction\",\"target\":{\"@type\":\"EntryPoint\",\"urlTemplate\":\"https:\\\/\\\/transportjournal.com\\\/nl\\\/?s={search_term_string}\"},\"query-input\":{\"@type\":\"PropertyValueSpecification\",\"valueRequired\":true,\"valueName\":\"search_term_string\"}}],\"inLanguage\":\"nl-NL\"},{\"@type\":\"Organization\",\"@id\":\"https:\\\/\\\/transportjournal.com\\\/nl\\\/#organization\",\"name\":\"Logismedia Groep AG\",\"alternateName\":\"Logismedia Group AG\",\"url\":\"https:\\\/\\\/transportjournal.com\\\/nl\\\/\",\"logo\":{\"@type\":\"ImageObject\",\"inLanguage\":\"nl-NL\",\"@id\":\"https:\\\/\\\/transportjournal.com\\\/nl\\\/#\\\/schema\\\/logo\\\/image\\\/\",\"url\":\"https:\\\/\\\/transportjournal.com\\\/wp-content\\\/uploads\\\/sites\\\/2\\\/2025\\\/09\\\/Logo_ITJ.png\",\"contentUrl\":\"https:\\\/\\\/transportjournal.com\\\/wp-content\\\/uploads\\\/sites\\\/2\\\/2025\\\/09\\\/Logo_ITJ.png\",\"width\":799,\"height\":326,\"caption\":\"Logismedia Groep AG\"},\"image\":{\"@id\":\"https:\\\/\\\/transportjournal.com\\\/nl\\\/#\\\/schema\\\/logo\\\/image\\\/\"},\"sameAs\":[\"https:\\\/\\\/www.linkedin.com\\\/company\\\/56456496\\\/admin\\\/dashboard\\\/\",\"https:\\\/\\\/www.instagram.com\\\/logismediagroup\\\/\",\"https:\\\/\\\/www.youtube.com\\\/@LogiamediaGroupAG\"]},{\"@type\":\"Person\",\"@id\":\"https:\\\/\\\/transportjournal.com\\\/nl\\\/#\\\/schema\\\/person\\\/41d36b5474b623392fa613e97e2363fa\",\"name\":\"Jeremy Soland\",\"url\":\"https:\\\/\\\/transportjournal.com\\\/nl\\\/author\\\/jeremy\\\/\"}]}<\/script>\n<!-- \/ Yoast SEO plugin. -->","yoast_head_json":{"title":"Douane verbeidt vervalste merkkleding - ITJ | International Transport Journal","robots":{"index":"index","follow":"follow","max-snippet":"max-snippet:-1","max-image-preview":"max-image-preview:large","max-video-preview":"max-video-preview:-1"},"canonical":"https:\/\/transportjournal.com\/nl\/2026\/01\/20\/douane-verbeidt-vervalste-merkkleding\/","og_locale":"nl_NL","og_type":"article","og_title":"Douane verbeidt vervalste merkkleding - ITJ | International Transport Journal","og_description":"De douaneautoriteiten in Konstanz hebben vervalste merkkleding ter waarde van 70.000 euro in beslag genomen en civielrechtelijke stappen tegen de ontvanger ondernomen","og_url":"https:\/\/transportjournal.com\/nl\/2026\/01\/20\/douane-verbeidt-vervalste-merkkleding\/","og_site_name":"ITJ | International Transport Journal","article_published_time":"2026-01-20T11:56:09+00:00","article_modified_time":"2026-01-20T19:31:44+00:00","og_image":[{"width":1052,"height":592,"url":"https:\/\/transportjournal.com\/wp-content\/uploads\/sites\/2\/2026\/01\/ZOLL-aspect-ratio-1400-788.jpg","type":"image\/jpeg"}],"author":"Jeremy Soland","twitter_card":"summary_large_image","twitter_misc":{"Geschreven door":"Jeremy Soland","Geschatte leestijd":"1 minuut"},"schema":{"@context":"https:\/\/schema.org","@graph":[{"@type":"Article","@id":"https:\/\/transportjournal.com\/nl\/2026\/01\/20\/douane-verbeidt-vervalste-merkkleding\/#article","isPartOf":{"@id":"https:\/\/transportjournal.com\/nl\/2026\/01\/20\/douane-verbeidt-vervalste-merkkleding\/"},"author":{"name":"Jeremy Soland","@id":"https:\/\/transportjournal.com\/nl\/#\/schema\/person\/41d36b5474b623392fa613e97e2363fa"},"headline":"Douane verbeidt vervalste merkkleding","datePublished":"2026-01-20T11:56:09+00:00","dateModified":"2026-01-20T19:31:44+00:00","mainEntityOfPage":{"@id":"https:\/\/transportjournal.com\/nl\/2026\/01\/20\/douane-verbeidt-vervalste-merkkleding\/"},"wordCount":121,"commentCount":0,"publisher":{"@id":"https:\/\/transportjournal.com\/nl\/#organization"},"image":{"@id":"https:\/\/transportjournal.com\/nl\/2026\/01\/20\/douane-verbeidt-vervalste-merkkleding\/#primaryimage"},"thumbnailUrl":"https:\/\/transportjournal.com\/wp-content\/uploads\/sites\/2\/2026\/01\/ZOLL-aspect-ratio-1400-788.jpg","keywords":["agents des douanes","articles vestimentaires","Bekleidungsartikel","Bekleidungsindustrie","brand owners","bureau des douanes principal de Singen","clothing articles","clothing industry","contrefa\u00e7ons","contr\u00f4le douanier","counterfeit brand clothing","counterfeits","customs control","customs officers","customs seizure","Deutsch Zoll","droit des marques","gef\u00e4lschte Markenbekleidung","gewerblicher Rechtsschutz","Hauptzollamt Singen","Hoodies","industrial property protection","industrie de l'habillement","Jeans","luxury brands","Luxusmarken","main customs office Singen","Markeninhaber","Markenrecht English Customs","marques de luxe","Plagiate","propri\u00e9taires de marques","protection de la propri\u00e9t\u00e9 industrielle","Pullover","pulls","Romania","Roumanie","Rum\u00e4nien","saisie douani\u00e8re","Schweiz","Suisse","sweaters","sweats \u00e0 capuche","Switzerland","Thurgau","trademark law Fran\u00e7ais Douanes","valeur des biens originaux","value of original goods","vestes d'hiver","v\u00eatements de marque contrefaits","Wert der Originalwaren","winter jackets","Winterjacken","Zollbeamte","Zollbeschlagnahmung","Zollkontrolle"],"articleSection":["Europa","Expeditie &amp; Logistiek"],"inLanguage":"nl-NL","potentialAction":[{"@type":"CommentAction","name":"Comment","target":["https:\/\/transportjournal.com\/nl\/2026\/01\/20\/douane-verbeidt-vervalste-merkkleding\/#respond"]}]},{"@type":"WebPage","@id":"https:\/\/transportjournal.com\/nl\/2026\/01\/20\/douane-verbeidt-vervalste-merkkleding\/","url":"https:\/\/transportjournal.com\/nl\/2026\/01\/20\/douane-verbeidt-vervalste-merkkleding\/","name":"Douane verbeidt vervalste merkkleding - ITJ | International Transport Journal","isPartOf":{"@id":"https:\/\/transportjournal.com\/nl\/#website"},"primaryImageOfPage":{"@id":"https:\/\/transportjournal.com\/nl\/2026\/01\/20\/douane-verbeidt-vervalste-merkkleding\/#primaryimage"},"image":{"@id":"https:\/\/transportjournal.com\/nl\/2026\/01\/20\/douane-verbeidt-vervalste-merkkleding\/#primaryimage"},"thumbnailUrl":"https:\/\/transportjournal.com\/wp-content\/uploads\/sites\/2\/2026\/01\/ZOLL-aspect-ratio-1400-788.jpg","datePublished":"2026-01-20T11:56:09+00:00","dateModified":"2026-01-20T19:31:44+00:00","breadcrumb":{"@id":"https:\/\/transportjournal.com\/nl\/2026\/01\/20\/douane-verbeidt-vervalste-merkkleding\/#breadcrumb"},"inLanguage":"nl-NL","potentialAction":[{"@type":"ReadAction","target":["https:\/\/transportjournal.com\/nl\/2026\/01\/20\/douane-verbeidt-vervalste-merkkleding\/"]}]},{"@type":"ImageObject","inLanguage":"nl-NL","@id":"https:\/\/transportjournal.com\/nl\/2026\/01\/20\/douane-verbeidt-vervalste-merkkleding\/#primaryimage","url":"https:\/\/transportjournal.com\/wp-content\/uploads\/sites\/2\/2026\/01\/ZOLL-aspect-ratio-1400-788.jpg","contentUrl":"https:\/\/transportjournal.com\/wp-content\/uploads\/sites\/2\/2026\/01\/ZOLL-aspect-ratio-1400-788.jpg","width":1052,"height":592},{"@type":"BreadcrumbList","@id":"https:\/\/transportjournal.com\/nl\/2026\/01\/20\/douane-verbeidt-vervalste-merkkleding\/#breadcrumb","itemListElement":[{"@type":"ListItem","position":1,"name":"Startseite","item":"https:\/\/transportjournal.com\/nl\/"},{"@type":"ListItem","position":2,"name":"Douane verbeidt vervalste merkkleding"}]},{"@type":"WebSite","@id":"https:\/\/transportjournal.com\/nl\/#website","url":"https:\/\/transportjournal.com\/nl\/","name":"ITJ | International Transport Journal","description":"Stay informed with the latest global news from the transport, logistics, and supply chain industries. Transport Journal delivers expert insights, analysis, and updates across shipping, aviation, intermodal, and forwarding.","publisher":{"@id":"https:\/\/transportjournal.com\/nl\/#organization"},"potentialAction":[{"@type":"SearchAction","target":{"@type":"EntryPoint","urlTemplate":"https:\/\/transportjournal.com\/nl\/?s={search_term_string}"},"query-input":{"@type":"PropertyValueSpecification","valueRequired":true,"valueName":"search_term_string"}}],"inLanguage":"nl-NL"},{"@type":"Organization","@id":"https:\/\/transportjournal.com\/nl\/#organization","name":"Logismedia Groep AG","alternateName":"Logismedia Group AG","url":"https:\/\/transportjournal.com\/nl\/","logo":{"@type":"ImageObject","inLanguage":"nl-NL","@id":"https:\/\/transportjournal.com\/nl\/#\/schema\/logo\/image\/","url":"https:\/\/transportjournal.com\/wp-content\/uploads\/sites\/2\/2025\/09\/Logo_ITJ.png","contentUrl":"https:\/\/transportjournal.com\/wp-content\/uploads\/sites\/2\/2025\/09\/Logo_ITJ.png","width":799,"height":326,"caption":"Logismedia Groep AG"},"image":{"@id":"https:\/\/transportjournal.com\/nl\/#\/schema\/logo\/image\/"},"sameAs":["https:\/\/www.linkedin.com\/company\/56456496\/admin\/dashboard\/","https:\/\/www.instagram.com\/logismediagroup\/","https:\/\/www.youtube.com\/@LogiamediaGroupAG"]},{"@type":"Person","@id":"https:\/\/transportjournal.com\/nl\/#\/schema\/person\/41d36b5474b623392fa613e97e2363fa","name":"Jeremy Soland","url":"https:\/\/transportjournal.com\/nl\/author\/jeremy\/"}]}},"_links":{"self":[{"href":"https:\/\/transportjournal.com\/nl\/wp-json\/wp\/v2\/posts\/73588","targetHints":{"allow":["GET"]}}],"collection":[{"href":"https:\/\/transportjournal.com\/nl\/wp-json\/wp\/v2\/posts"}],"about":[{"href":"https:\/\/transportjournal.com\/nl\/wp-json\/wp\/v2\/types\/post"}],"author":[{"embeddable":true,"href":"https:\/\/transportjournal.com\/nl\/wp-json\/wp\/v2\/users\/10"}],"replies":[{"embeddable":true,"href":"https:\/\/transportjournal.com\/nl\/wp-json\/wp\/v2\/comments?post=73588"}],"version-history":[{"count":1,"href":"https:\/\/transportjournal.com\/nl\/wp-json\/wp\/v2\/posts\/73588\/revisions"}],"predecessor-version":[{"id":73708,"href":"https:\/\/transportjournal.com\/nl\/wp-json\/wp\/v2\/posts\/73588\/revisions\/73708"}],"wp:featuredmedia":[{"embeddable":true,"href":"https:\/\/transportjournal.com\/nl\/wp-json\/wp\/v2\/media\/73582"}],"wp:attachment":[{"href":"https:\/\/transportjournal.com\/nl\/wp-json\/wp\/v2\/media?parent=73588"}],"wp:term":[{"taxonomy":"category","embeddable":true,"href":"https:\/\/transportjournal.com\/nl\/wp-json\/wp\/v2\/categories?post=73588"},{"taxonomy":"post_tag","embeddable":true,"href":"https:\/\/transportjournal.com\/nl\/wp-json\/wp\/v2\/tags?post=73588"}],"curies":[{"name":"wp","href":"https:\/\/api.w.org\/{rel}","templated":true}]}}