{"id":73556,"date":"2026-01-20T11:28:30","date_gmt":"2026-01-20T11:28:30","guid":{"rendered":"https:\/\/transportjournal.com\/2026\/01\/20\/luchthaven-luik-kijkt-optimistisch-vooruit\/"},"modified":"2026-01-20T11:28:30","modified_gmt":"2026-01-20T11:28:30","slug":"luchthaven-luik-kijkt-optimistisch-vooruit","status":"publish","type":"post","link":"https:\/\/transportjournal.com\/nl\/2026\/01\/20\/luchthaven-luik-kijkt-optimistisch-vooruit\/","title":{"rendered":"Luchthaven Luik kijkt optimistisch vooruit"},"content":{"rendered":"<p>&#8222;Cargoland by LGG&#8220; heeft het jaar 2025 afgesloten met een solide resultaat en kijkt optimistisch naar de toekomst. Met een vrachtvolume van 1,32 miljoen ton, dat via meer dan 26.000 bewegingen werd afgehandeld, behaalt het bedrijf het op \u00e9\u00e9n na beste resultaat sinds de pandemiegerelateerde piek in 2021. Bijzonder opmerkelijk is de groei in de exportsector, die het belang van de luchthaven als belangrijke Europese knooppunt voor vrachtvervoer onderstreept. Ook op het gebied van het aantal medewerkers, klanten en infrastructuurontwikkeling werd een stijging genoteerd.<\/p>\n<h3>Positieve bedrijfsontwikkeling en vooruitzicht<\/h3>\n<p>Laurent Jossart, algemeen directeur van LGG, sprak over de resultaten en benadrukte de continue stijging van de vrachtvolumes in elk kwartaal van het jaar. \u201cBij de lancering van &#8222;Cargoland by LGG&#8220; op de Air Cargo Europe in M\u00fcnchen spraken we over &#8218;Freight Meets Magic&#8216;, en die magie heeft zich in elk aspect van ons bedrijf getoond,\u201d aldus Jossart. Hij rekent tot eind 2025 op een totaalvolume van 1,32 miljoen ton, wat alleen in het uitzonderlijke jaar 2021 werd overtroffen. Jossart bedankte de medewerkers, partners en klanten voor hun steun in een uitdagend jaar.<\/p>\n<p>E-commerce heeft zich bewezen als de belangrijkste groeimotor in 2025 en was een centraal thema tijdens het ACE-evenement van de Neutral Air Partner, dat in september 2025 door &#8222;Cargoland by LGG&#8220; werd georganiseerd. Het transport van bloemen, bederfelijke goederen, farmaceutische producten en levende dieren droeg ook bij aan de positieve ontwikkeling. Nieuwe luchtvaartmaatschappijen begonnen de luchthaven aan te vliegen, terwijl bestaande aanbieders hun netwerken en frequenties uitbreidden. &#8222;Cargoland by LGG&#8220; onderhoudt partnerschappen met verschillende luchtvaartmaatschappijen, waaronder Cargojet Airways, Suparna Airlines en CMA CGM Air Cargo, die onlangs een Boeing 777-300ERSF aan hun vloot hebben toegevoegd.<\/p>\n<h3>Uitbreiding van partnerschappen en infrastructuur<\/h3>\n<p>De toename van het aantal luchtvaartmaatschappijpartners leidde tot een groei van de bestemmingen, met name in Latijns-Amerika, Canada en Azi\u00eb. Een bijzondere overeenkomst die &#8222;Cargoland by LGG&#8220; in oktober 2025 met de Chicago Rockford International Airport ondertekende, is bedoeld om het vrachtverkeer verder te verhogen en een speciale transatlantische vrachtcorridor tussen beide vrachtcentra te ontwikkelen.<\/p>\n<p>Om aan de gestegen vraag te voldoen, registreerde &#8222;Cargoland by LGG&#8220; in 2025 een stijging van het aantal medewerkers met 15%. De focus op het cre\u00ebren van operationele en kwaliteitsnormen ondersteunde de effici\u00ebntie, ondanks externe uitdagingen die de vrachtstroom be\u00efnvloedden. Bovendien werd de digitaliseringsstrategie voortgezet, wat leidde tot meer transparantie en minder procesfouten.<\/p>\n<p>Voor 2026 wordt een nieuw jaar met gecontroleerde groei verwacht. &#8222;Cargoland by LGG&#8220; plant de verdere ontwikkeling van digitale tools en heeft meer dan 30 projecten in de pijplijn. Ook de serviceaanbiedingen voor speciale vrachtgoederen zoals levende dieren, bloemen of farmaceutische producten zullen continu worden verbeterd. Het masterplan 2040 wordt nog steeds uitgevoerd, en het gebruik van de koelcapaciteiten voor temperatuurgecontroleerde vracht neemt toe. De bouw van Cargo City West is aan de gang, en de eerste fase met een oppervlakte van 110.000 m\u00b2 is klaar voor gebruik. Fases 2 en 3 zijn in aanbouw, waarbij 2026 als een belangrijk jaar voor de vastgoedontwikkeling is gepland.<\/p>\n<p>&#8222;Cargoland by LGG&#8220; zal ook in 2026 aanwezig zijn op branche-evenementen. Jossart kondigde aan dat het eerste grote vracht evenement waaraan CARGOLAND by LGG zal deelnemen, het IATA World Cargo Symposium in Lima in maart zal zijn. Bovendien zal de luchthaven gastheer zijn van de EU-CBEC, het grootste vracht evenement van volgend jaar, dat van 8 tot 10 september 2026 in het Palais des Congr\u00e8s in Luik zal plaatsvinden.<\/p>\n<p>&nbsp;<\/p>\n<p><a href=\"https:\/\/www.liegeairport.com\/\" target=\"_blank\" rel=\"noopener noreferrer\">www.liegeairport.com<\/a><\/p>\n<p>&nbsp;<\/p>\n","protected":false},"excerpt":{"rendered":"<p>Cargoland by LGG heeft 2025 succesvol afgesloten en plant voor 2026 verdere groei en de verbetering van digitale hulpmiddelen en serviceaanbiedingen voor speciale vrachtgoederen.<\/p>\n","protected":false},"author":12,"featured_media":73550,"comment_status":"open","ping_status":"open","sticky":false,"template":"","format":"standard","meta":{"_acf_changed":false,"footnotes":""},"categories":[1599,1594],"tags":[7017,7018,2793,7019,7020,7021,7022,7023,7024,3948,7025,7026,7027,7028,3509,3510,2166,3951,3952,7029,7030,7031,7032,7033,5291,7034,7035,5293,7036,7037,7038,2045,2133,1831,4293,7039,3524,7040,7041,7042,2139,7043,7044,7045,7046,2148,7047,7048,2154,7049,7050,7051,7052,5311],"class_list":["post-73556","post","type-post","status-publish","format-standard","has-post-thumbnail","hentry","category-europa","category-luchtvracht","tag-aeroport-de-liege","tag-air-freight-industry-trends-francais-cargoland","tag-air-freight-logistics","tag-air-freight-markets-latin-america","tag-airport-infrastructure-development","tag-cargo-city-west","tag-cargojet-airways","tag-corridor-de-fret-transatlantique","tag-croissance-des-employes","tag-croissance-du-e-commerce","tag-deutsch-cargoland","tag-developpement-des-infrastructures-aeroportuaires","tag-digital-tools-logistics","tag-digitale-werkzeuge-logistik","tag-digitalisierung-in-der-luftfracht","tag-digitalization-in-air-freight","tag-durabilite-dans-la-logistique","tag-e-commerce-growth","tag-e-commerce-wachstum","tag-employee-growth","tag-evenements-de-fret-2026","tag-flughafen-luettich","tag-frachtveranstaltungen-2026","tag-frachtverkehr-knotenpunkt","tag-frachtvolumen-2025","tag-freight-events-2026","tag-freight-traffic-hub","tag-freight-volume-2025","tag-fret-ferroviaire-europe","tag-hub-de-trafic-de-fret","tag-infrastrukturentwicklung-flughafen","tag-liege-airport","tag-logistics-service-providers","tag-logistikdienstleister","tag-logistique-aerienne","tag-luftfrachtindustrie-trends-english-cargoland","tag-luftfrachtlogistik","tag-luftfrachtmaerkte-lateinamerika","tag-marches-du-fret-aerien-amerique-latine","tag-mitarbeiterzahl-steigerung","tag-nachhaltigkeit-in-der-logistik","tag-numerisation-dans-le-fret-aerien","tag-outils-numeriques-logistique","tag-pharmaceutical-products-transport","tag-pharmazeutische-produkte-transport","tag-prestataires-de-services-logistiques","tag-rail-freight-europe","tag-schienengueterverkehr-europa","tag-sustainability-in-logistics","tag-tendances-de-lindustrie-du-fret-aerien","tag-transatlantic-freight-corridor","tag-transatlantischer-frachtkorridor","tag-transport-de-produits-pharmaceutiques","tag-volume-de-fret-2025"],"acf":[],"yoast_head":"<!-- This site is optimized with the Yoast SEO plugin v27.3 - https:\/\/yoast.com\/product\/yoast-seo-wordpress\/ -->\n<title>Luchthaven Luik kijkt optimistisch vooruit - ITJ | International Transport Journal<\/title>\n<meta name=\"robots\" content=\"index, follow, max-snippet:-1, max-image-preview:large, max-video-preview:-1\" \/>\n<link rel=\"canonical\" href=\"https:\/\/transportjournal.com\/nl\/2026\/01\/20\/luchthaven-luik-kijkt-optimistisch-vooruit\/\" \/>\n<meta property=\"og:locale\" content=\"nl_NL\" \/>\n<meta property=\"og:type\" content=\"article\" \/>\n<meta property=\"og:title\" content=\"Luchthaven Luik kijkt optimistisch vooruit - ITJ | International Transport Journal\" \/>\n<meta property=\"og:description\" content=\"Cargoland by LGG heeft 2025 succesvol afgesloten en plant voor 2026 verdere groei en de verbetering van digitale hulpmiddelen en serviceaanbiedingen voor speciale vrachtgoederen.\" \/>\n<meta property=\"og:url\" content=\"https:\/\/transportjournal.com\/nl\/2026\/01\/20\/luchthaven-luik-kijkt-optimistisch-vooruit\/\" \/>\n<meta property=\"og:site_name\" content=\"ITJ | International Transport Journal\" \/>\n<meta property=\"article:published_time\" content=\"2026-01-20T11:28:30+00:00\" \/>\n<meta property=\"og:image\" content=\"https:\/\/transportjournal.com\/wp-content\/uploads\/sites\/2\/2026\/01\/CARGOLAND-by-LGG-records-second-highest-year-in-its-history-scaled-aspect-ratio-1400-788-scaled-1.jpg\" \/>\n\t<meta property=\"og:image:width\" content=\"2560\" \/>\n\t<meta property=\"og:image:height\" content=\"1440\" \/>\n\t<meta property=\"og:image:type\" content=\"image\/jpeg\" \/>\n<meta name=\"author\" content=\"Andreas Haug\" \/>\n<meta name=\"twitter:card\" content=\"summary_large_image\" \/>\n<meta name=\"twitter:label1\" content=\"Geschreven door\" \/>\n\t<meta name=\"twitter:data1\" content=\"Andreas Haug\" \/>\n\t<meta name=\"twitter:label2\" content=\"Geschatte leestijd\" \/>\n\t<meta name=\"twitter:data2\" content=\"3 minuut\" \/>\n<script type=\"application\/ld+json\" class=\"yoast-schema-graph\">{\"@context\":\"https:\\\/\\\/schema.org\",\"@graph\":[{\"@type\":\"Article\",\"@id\":\"https:\\\/\\\/transportjournal.com\\\/nl\\\/2026\\\/01\\\/20\\\/luchthaven-luik-kijkt-optimistisch-vooruit\\\/#article\",\"isPartOf\":{\"@id\":\"https:\\\/\\\/transportjournal.com\\\/nl\\\/2026\\\/01\\\/20\\\/luchthaven-luik-kijkt-optimistisch-vooruit\\\/\"},\"author\":{\"name\":\"Andreas Haug\",\"@id\":\"https:\\\/\\\/transportjournal.com\\\/nl\\\/#\\\/schema\\\/person\\\/cf538b3157f15afd7589245a4b3dbd25\"},\"headline\":\"Luchthaven Luik kijkt optimistisch vooruit\",\"datePublished\":\"2026-01-20T11:28:30+00:00\",\"mainEntityOfPage\":{\"@id\":\"https:\\\/\\\/transportjournal.com\\\/nl\\\/2026\\\/01\\\/20\\\/luchthaven-luik-kijkt-optimistisch-vooruit\\\/\"},\"wordCount\":557,\"commentCount\":0,\"publisher\":{\"@id\":\"https:\\\/\\\/transportjournal.com\\\/nl\\\/#organization\"},\"image\":{\"@id\":\"https:\\\/\\\/transportjournal.com\\\/nl\\\/2026\\\/01\\\/20\\\/luchthaven-luik-kijkt-optimistisch-vooruit\\\/#primaryimage\"},\"thumbnailUrl\":\"https:\\\/\\\/transportjournal.com\\\/wp-content\\\/uploads\\\/sites\\\/2\\\/2026\\\/01\\\/CARGOLAND-by-LGG-records-second-highest-year-in-its-history-scaled-aspect-ratio-1400-788-scaled-1.jpg\",\"keywords\":[\"a\u00e9roport de Li\u00e8ge\",\"air freight industry trends Fran\u00e7ais Cargoland\",\"air freight logistics\",\"air freight markets Latin America\",\"airport infrastructure development\",\"Cargo City West\",\"Cargojet Airways\",\"corridor de fret transatlantique\",\"croissance des employ\u00e9s\",\"croissance du e-commerce\",\"Deutsch Cargoland\",\"d\u00e9veloppement des infrastructures a\u00e9roportuaires\",\"digital tools logistics\",\"digitale Werkzeuge Logistik\",\"Digitalisierung in der Luftfracht\",\"digitalization in air freight\",\"durabilit\u00e9 dans la logistique\",\"e-commerce growth\",\"E-Commerce Wachstum\",\"employee growth\",\"\u00e9v\u00e9nements de fret 2026\",\"Flughafen L\u00fcttich\",\"Frachtveranstaltungen 2026\",\"Frachtverkehr Knotenpunkt\",\"Frachtvolumen 2025\",\"freight events 2026\",\"freight traffic hub\",\"freight volume 2025\",\"fret ferroviaire Europe\",\"hub de trafic de fret\",\"Infrastrukturentwicklung Flughafen\",\"Liege Airport\",\"logistics service providers\",\"Logistikdienstleister\",\"logistique a\u00e9rienne\",\"Luftfrachtindustrie Trends English Cargoland\",\"Luftfrachtlogistik\",\"Luftfrachtm\u00e4rkte Lateinamerika\",\"march\u00e9s du fret a\u00e9rien Am\u00e9rique Latine\",\"Mitarbeiterzahl Steigerung\",\"Nachhaltigkeit in der Logistik\",\"num\u00e9risation dans le fret a\u00e9rien\",\"outils num\u00e9riques logistique\",\"pharmaceutical products transport\",\"pharmazeutische Produkte Transport\",\"prestataires de services logistiques\",\"rail freight Europe\",\"Schieneng\u00fcterverkehr Europa\",\"sustainability in logistics\",\"tendances de l'industrie du fret a\u00e9rien\",\"transatlantic freight corridor\",\"transatlantischer Frachtkorridor\",\"transport de produits pharmaceutiques\",\"volume de fret 2025\"],\"articleSection\":[\"Europa\",\"Luchtvracht\"],\"inLanguage\":\"nl-NL\",\"potentialAction\":[{\"@type\":\"CommentAction\",\"name\":\"Comment\",\"target\":[\"https:\\\/\\\/transportjournal.com\\\/nl\\\/2026\\\/01\\\/20\\\/luchthaven-luik-kijkt-optimistisch-vooruit\\\/#respond\"]}]},{\"@type\":\"WebPage\",\"@id\":\"https:\\\/\\\/transportjournal.com\\\/nl\\\/2026\\\/01\\\/20\\\/luchthaven-luik-kijkt-optimistisch-vooruit\\\/\",\"url\":\"https:\\\/\\\/transportjournal.com\\\/nl\\\/2026\\\/01\\\/20\\\/luchthaven-luik-kijkt-optimistisch-vooruit\\\/\",\"name\":\"Luchthaven Luik kijkt optimistisch vooruit - ITJ | International Transport Journal\",\"isPartOf\":{\"@id\":\"https:\\\/\\\/transportjournal.com\\\/nl\\\/#website\"},\"primaryImageOfPage\":{\"@id\":\"https:\\\/\\\/transportjournal.com\\\/nl\\\/2026\\\/01\\\/20\\\/luchthaven-luik-kijkt-optimistisch-vooruit\\\/#primaryimage\"},\"image\":{\"@id\":\"https:\\\/\\\/transportjournal.com\\\/nl\\\/2026\\\/01\\\/20\\\/luchthaven-luik-kijkt-optimistisch-vooruit\\\/#primaryimage\"},\"thumbnailUrl\":\"https:\\\/\\\/transportjournal.com\\\/wp-content\\\/uploads\\\/sites\\\/2\\\/2026\\\/01\\\/CARGOLAND-by-LGG-records-second-highest-year-in-its-history-scaled-aspect-ratio-1400-788-scaled-1.jpg\",\"datePublished\":\"2026-01-20T11:28:30+00:00\",\"breadcrumb\":{\"@id\":\"https:\\\/\\\/transportjournal.com\\\/nl\\\/2026\\\/01\\\/20\\\/luchthaven-luik-kijkt-optimistisch-vooruit\\\/#breadcrumb\"},\"inLanguage\":\"nl-NL\",\"potentialAction\":[{\"@type\":\"ReadAction\",\"target\":[\"https:\\\/\\\/transportjournal.com\\\/nl\\\/2026\\\/01\\\/20\\\/luchthaven-luik-kijkt-optimistisch-vooruit\\\/\"]}]},{\"@type\":\"ImageObject\",\"inLanguage\":\"nl-NL\",\"@id\":\"https:\\\/\\\/transportjournal.com\\\/nl\\\/2026\\\/01\\\/20\\\/luchthaven-luik-kijkt-optimistisch-vooruit\\\/#primaryimage\",\"url\":\"https:\\\/\\\/transportjournal.com\\\/wp-content\\\/uploads\\\/sites\\\/2\\\/2026\\\/01\\\/CARGOLAND-by-LGG-records-second-highest-year-in-its-history-scaled-aspect-ratio-1400-788-scaled-1.jpg\",\"contentUrl\":\"https:\\\/\\\/transportjournal.com\\\/wp-content\\\/uploads\\\/sites\\\/2\\\/2026\\\/01\\\/CARGOLAND-by-LGG-records-second-highest-year-in-its-history-scaled-aspect-ratio-1400-788-scaled-1.jpg\",\"width\":2560,\"height\":1440},{\"@type\":\"BreadcrumbList\",\"@id\":\"https:\\\/\\\/transportjournal.com\\\/nl\\\/2026\\\/01\\\/20\\\/luchthaven-luik-kijkt-optimistisch-vooruit\\\/#breadcrumb\",\"itemListElement\":[{\"@type\":\"ListItem\",\"position\":1,\"name\":\"Startseite\",\"item\":\"https:\\\/\\\/transportjournal.com\\\/nl\\\/\"},{\"@type\":\"ListItem\",\"position\":2,\"name\":\"Luchthaven Luik kijkt optimistisch vooruit\"}]},{\"@type\":\"WebSite\",\"@id\":\"https:\\\/\\\/transportjournal.com\\\/nl\\\/#website\",\"url\":\"https:\\\/\\\/transportjournal.com\\\/nl\\\/\",\"name\":\"ITJ | International Transport Journal\",\"description\":\"Stay informed with the latest global news from the transport, logistics, and supply chain industries. Transport Journal delivers expert insights, analysis, and updates across shipping, aviation, intermodal, and forwarding.\",\"publisher\":{\"@id\":\"https:\\\/\\\/transportjournal.com\\\/nl\\\/#organization\"},\"potentialAction\":[{\"@type\":\"SearchAction\",\"target\":{\"@type\":\"EntryPoint\",\"urlTemplate\":\"https:\\\/\\\/transportjournal.com\\\/nl\\\/?s={search_term_string}\"},\"query-input\":{\"@type\":\"PropertyValueSpecification\",\"valueRequired\":true,\"valueName\":\"search_term_string\"}}],\"inLanguage\":\"nl-NL\"},{\"@type\":\"Organization\",\"@id\":\"https:\\\/\\\/transportjournal.com\\\/nl\\\/#organization\",\"name\":\"Logismedia Groep AG\",\"alternateName\":\"Logismedia Group AG\",\"url\":\"https:\\\/\\\/transportjournal.com\\\/nl\\\/\",\"logo\":{\"@type\":\"ImageObject\",\"inLanguage\":\"nl-NL\",\"@id\":\"https:\\\/\\\/transportjournal.com\\\/nl\\\/#\\\/schema\\\/logo\\\/image\\\/\",\"url\":\"https:\\\/\\\/transportjournal.com\\\/wp-content\\\/uploads\\\/sites\\\/2\\\/2025\\\/09\\\/Logo_ITJ.png\",\"contentUrl\":\"https:\\\/\\\/transportjournal.com\\\/wp-content\\\/uploads\\\/sites\\\/2\\\/2025\\\/09\\\/Logo_ITJ.png\",\"width\":799,\"height\":326,\"caption\":\"Logismedia Groep AG\"},\"image\":{\"@id\":\"https:\\\/\\\/transportjournal.com\\\/nl\\\/#\\\/schema\\\/logo\\\/image\\\/\"},\"sameAs\":[\"https:\\\/\\\/www.linkedin.com\\\/company\\\/56456496\\\/admin\\\/dashboard\\\/\",\"https:\\\/\\\/www.instagram.com\\\/logismediagroup\\\/\",\"https:\\\/\\\/www.youtube.com\\\/@LogiamediaGroupAG\"]},{\"@type\":\"Person\",\"@id\":\"https:\\\/\\\/transportjournal.com\\\/nl\\\/#\\\/schema\\\/person\\\/cf538b3157f15afd7589245a4b3dbd25\",\"name\":\"Andreas Haug\",\"url\":\"https:\\\/\\\/transportjournal.com\\\/nl\\\/author\\\/andreas\\\/\"}]}<\/script>\n<!-- \/ Yoast SEO plugin. -->","yoast_head_json":{"title":"Luchthaven Luik kijkt optimistisch vooruit - ITJ | International Transport Journal","robots":{"index":"index","follow":"follow","max-snippet":"max-snippet:-1","max-image-preview":"max-image-preview:large","max-video-preview":"max-video-preview:-1"},"canonical":"https:\/\/transportjournal.com\/nl\/2026\/01\/20\/luchthaven-luik-kijkt-optimistisch-vooruit\/","og_locale":"nl_NL","og_type":"article","og_title":"Luchthaven Luik kijkt optimistisch vooruit - ITJ | International Transport Journal","og_description":"Cargoland by LGG heeft 2025 succesvol afgesloten en plant voor 2026 verdere groei en de verbetering van digitale hulpmiddelen en serviceaanbiedingen voor speciale vrachtgoederen.","og_url":"https:\/\/transportjournal.com\/nl\/2026\/01\/20\/luchthaven-luik-kijkt-optimistisch-vooruit\/","og_site_name":"ITJ | International Transport Journal","article_published_time":"2026-01-20T11:28:30+00:00","og_image":[{"width":2560,"height":1440,"url":"https:\/\/transportjournal.com\/wp-content\/uploads\/sites\/2\/2026\/01\/CARGOLAND-by-LGG-records-second-highest-year-in-its-history-scaled-aspect-ratio-1400-788-scaled-1.jpg","type":"image\/jpeg"}],"author":"Andreas Haug","twitter_card":"summary_large_image","twitter_misc":{"Geschreven door":"Andreas Haug","Geschatte leestijd":"3 minuut"},"schema":{"@context":"https:\/\/schema.org","@graph":[{"@type":"Article","@id":"https:\/\/transportjournal.com\/nl\/2026\/01\/20\/luchthaven-luik-kijkt-optimistisch-vooruit\/#article","isPartOf":{"@id":"https:\/\/transportjournal.com\/nl\/2026\/01\/20\/luchthaven-luik-kijkt-optimistisch-vooruit\/"},"author":{"name":"Andreas Haug","@id":"https:\/\/transportjournal.com\/nl\/#\/schema\/person\/cf538b3157f15afd7589245a4b3dbd25"},"headline":"Luchthaven Luik kijkt optimistisch vooruit","datePublished":"2026-01-20T11:28:30+00:00","mainEntityOfPage":{"@id":"https:\/\/transportjournal.com\/nl\/2026\/01\/20\/luchthaven-luik-kijkt-optimistisch-vooruit\/"},"wordCount":557,"commentCount":0,"publisher":{"@id":"https:\/\/transportjournal.com\/nl\/#organization"},"image":{"@id":"https:\/\/transportjournal.com\/nl\/2026\/01\/20\/luchthaven-luik-kijkt-optimistisch-vooruit\/#primaryimage"},"thumbnailUrl":"https:\/\/transportjournal.com\/wp-content\/uploads\/sites\/2\/2026\/01\/CARGOLAND-by-LGG-records-second-highest-year-in-its-history-scaled-aspect-ratio-1400-788-scaled-1.jpg","keywords":["a\u00e9roport de Li\u00e8ge","air freight industry trends Fran\u00e7ais Cargoland","air freight logistics","air freight markets Latin America","airport infrastructure development","Cargo City West","Cargojet Airways","corridor de fret transatlantique","croissance des employ\u00e9s","croissance du e-commerce","Deutsch Cargoland","d\u00e9veloppement des infrastructures a\u00e9roportuaires","digital tools logistics","digitale Werkzeuge Logistik","Digitalisierung in der Luftfracht","digitalization in air freight","durabilit\u00e9 dans la logistique","e-commerce growth","E-Commerce Wachstum","employee growth","\u00e9v\u00e9nements de fret 2026","Flughafen L\u00fcttich","Frachtveranstaltungen 2026","Frachtverkehr Knotenpunkt","Frachtvolumen 2025","freight events 2026","freight traffic hub","freight volume 2025","fret ferroviaire Europe","hub de trafic de fret","Infrastrukturentwicklung Flughafen","Liege Airport","logistics service providers","Logistikdienstleister","logistique a\u00e9rienne","Luftfrachtindustrie Trends English Cargoland","Luftfrachtlogistik","Luftfrachtm\u00e4rkte Lateinamerika","march\u00e9s du fret a\u00e9rien Am\u00e9rique Latine","Mitarbeiterzahl Steigerung","Nachhaltigkeit in der Logistik","num\u00e9risation dans le fret a\u00e9rien","outils num\u00e9riques logistique","pharmaceutical products transport","pharmazeutische Produkte Transport","prestataires de services logistiques","rail freight Europe","Schieneng\u00fcterverkehr Europa","sustainability in logistics","tendances de l'industrie du fret a\u00e9rien","transatlantic freight corridor","transatlantischer Frachtkorridor","transport de produits pharmaceutiques","volume de fret 2025"],"articleSection":["Europa","Luchtvracht"],"inLanguage":"nl-NL","potentialAction":[{"@type":"CommentAction","name":"Comment","target":["https:\/\/transportjournal.com\/nl\/2026\/01\/20\/luchthaven-luik-kijkt-optimistisch-vooruit\/#respond"]}]},{"@type":"WebPage","@id":"https:\/\/transportjournal.com\/nl\/2026\/01\/20\/luchthaven-luik-kijkt-optimistisch-vooruit\/","url":"https:\/\/transportjournal.com\/nl\/2026\/01\/20\/luchthaven-luik-kijkt-optimistisch-vooruit\/","name":"Luchthaven Luik kijkt optimistisch vooruit - ITJ | International Transport Journal","isPartOf":{"@id":"https:\/\/transportjournal.com\/nl\/#website"},"primaryImageOfPage":{"@id":"https:\/\/transportjournal.com\/nl\/2026\/01\/20\/luchthaven-luik-kijkt-optimistisch-vooruit\/#primaryimage"},"image":{"@id":"https:\/\/transportjournal.com\/nl\/2026\/01\/20\/luchthaven-luik-kijkt-optimistisch-vooruit\/#primaryimage"},"thumbnailUrl":"https:\/\/transportjournal.com\/wp-content\/uploads\/sites\/2\/2026\/01\/CARGOLAND-by-LGG-records-second-highest-year-in-its-history-scaled-aspect-ratio-1400-788-scaled-1.jpg","datePublished":"2026-01-20T11:28:30+00:00","breadcrumb":{"@id":"https:\/\/transportjournal.com\/nl\/2026\/01\/20\/luchthaven-luik-kijkt-optimistisch-vooruit\/#breadcrumb"},"inLanguage":"nl-NL","potentialAction":[{"@type":"ReadAction","target":["https:\/\/transportjournal.com\/nl\/2026\/01\/20\/luchthaven-luik-kijkt-optimistisch-vooruit\/"]}]},{"@type":"ImageObject","inLanguage":"nl-NL","@id":"https:\/\/transportjournal.com\/nl\/2026\/01\/20\/luchthaven-luik-kijkt-optimistisch-vooruit\/#primaryimage","url":"https:\/\/transportjournal.com\/wp-content\/uploads\/sites\/2\/2026\/01\/CARGOLAND-by-LGG-records-second-highest-year-in-its-history-scaled-aspect-ratio-1400-788-scaled-1.jpg","contentUrl":"https:\/\/transportjournal.com\/wp-content\/uploads\/sites\/2\/2026\/01\/CARGOLAND-by-LGG-records-second-highest-year-in-its-history-scaled-aspect-ratio-1400-788-scaled-1.jpg","width":2560,"height":1440},{"@type":"BreadcrumbList","@id":"https:\/\/transportjournal.com\/nl\/2026\/01\/20\/luchthaven-luik-kijkt-optimistisch-vooruit\/#breadcrumb","itemListElement":[{"@type":"ListItem","position":1,"name":"Startseite","item":"https:\/\/transportjournal.com\/nl\/"},{"@type":"ListItem","position":2,"name":"Luchthaven Luik kijkt optimistisch vooruit"}]},{"@type":"WebSite","@id":"https:\/\/transportjournal.com\/nl\/#website","url":"https:\/\/transportjournal.com\/nl\/","name":"ITJ | International Transport Journal","description":"Stay informed with the latest global news from the transport, logistics, and supply chain industries. Transport Journal delivers expert insights, analysis, and updates across shipping, aviation, intermodal, and forwarding.","publisher":{"@id":"https:\/\/transportjournal.com\/nl\/#organization"},"potentialAction":[{"@type":"SearchAction","target":{"@type":"EntryPoint","urlTemplate":"https:\/\/transportjournal.com\/nl\/?s={search_term_string}"},"query-input":{"@type":"PropertyValueSpecification","valueRequired":true,"valueName":"search_term_string"}}],"inLanguage":"nl-NL"},{"@type":"Organization","@id":"https:\/\/transportjournal.com\/nl\/#organization","name":"Logismedia Groep AG","alternateName":"Logismedia Group AG","url":"https:\/\/transportjournal.com\/nl\/","logo":{"@type":"ImageObject","inLanguage":"nl-NL","@id":"https:\/\/transportjournal.com\/nl\/#\/schema\/logo\/image\/","url":"https:\/\/transportjournal.com\/wp-content\/uploads\/sites\/2\/2025\/09\/Logo_ITJ.png","contentUrl":"https:\/\/transportjournal.com\/wp-content\/uploads\/sites\/2\/2025\/09\/Logo_ITJ.png","width":799,"height":326,"caption":"Logismedia Groep AG"},"image":{"@id":"https:\/\/transportjournal.com\/nl\/#\/schema\/logo\/image\/"},"sameAs":["https:\/\/www.linkedin.com\/company\/56456496\/admin\/dashboard\/","https:\/\/www.instagram.com\/logismediagroup\/","https:\/\/www.youtube.com\/@LogiamediaGroupAG"]},{"@type":"Person","@id":"https:\/\/transportjournal.com\/nl\/#\/schema\/person\/cf538b3157f15afd7589245a4b3dbd25","name":"Andreas Haug","url":"https:\/\/transportjournal.com\/nl\/author\/andreas\/"}]}},"_links":{"self":[{"href":"https:\/\/transportjournal.com\/nl\/wp-json\/wp\/v2\/posts\/73556","targetHints":{"allow":["GET"]}}],"collection":[{"href":"https:\/\/transportjournal.com\/nl\/wp-json\/wp\/v2\/posts"}],"about":[{"href":"https:\/\/transportjournal.com\/nl\/wp-json\/wp\/v2\/types\/post"}],"author":[{"embeddable":true,"href":"https:\/\/transportjournal.com\/nl\/wp-json\/wp\/v2\/users\/12"}],"replies":[{"embeddable":true,"href":"https:\/\/transportjournal.com\/nl\/wp-json\/wp\/v2\/comments?post=73556"}],"version-history":[{"count":0,"href":"https:\/\/transportjournal.com\/nl\/wp-json\/wp\/v2\/posts\/73556\/revisions"}],"wp:featuredmedia":[{"embeddable":true,"href":"https:\/\/transportjournal.com\/nl\/wp-json\/wp\/v2\/media\/73550"}],"wp:attachment":[{"href":"https:\/\/transportjournal.com\/nl\/wp-json\/wp\/v2\/media?parent=73556"}],"wp:term":[{"taxonomy":"category","embeddable":true,"href":"https:\/\/transportjournal.com\/nl\/wp-json\/wp\/v2\/categories?post=73556"},{"taxonomy":"post_tag","embeddable":true,"href":"https:\/\/transportjournal.com\/nl\/wp-json\/wp\/v2\/tags?post=73556"}],"curies":[{"name":"wp","href":"https:\/\/api.w.org\/{rel}","templated":true}]}}