{"id":73540,"date":"2026-01-20T11:22:00","date_gmt":"2026-01-20T11:22:00","guid":{"rendered":"https:\/\/transportjournal.com\/2026\/01\/20\/recordjaar-voor-luchthaven-wenen-2025\/"},"modified":"2026-01-20T11:22:00","modified_gmt":"2026-01-20T11:22:00","slug":"recordjaar-voor-luchthaven-wenen-2025","status":"publish","type":"post","link":"https:\/\/transportjournal.com\/nl\/2026\/01\/20\/recordjaar-voor-luchthaven-wenen-2025\/","title":{"rendered":"Recordjaar voor Luchthaven Wenen 2025"},"content":{"rendered":"<p>Der Flughafen Wien heeft in 2025 een recordresultaat behaald in de luchtvracht. Met in totaal 313.763 t vracht is een nieuwe hoogtwaarde bereikt, wat een stijging van 5,3% ten opzichte van het voorgaande jaar betekent. Deze positieve ontwikkeling is vooral te danken aan de gerichte uitbreiding van het langeafstandaanbod en de groei in de e-commerce- en farmaceutische sector. Het Vienna Pharma Handling Center heeft ook een stijging geregistreerd en overtrof het resultaat van het voorgaande jaar met 6,4%.<\/p>\n<h3>Belangrijke rol in het internationale luchtvrachtverkeer<\/h3>\n<p>Mag. Julian J\u00e4ger, bestuurslid van Flughafen Wien AG, benadrukt het centrale belang van een krachtige cargo-sector voor luchthavens. \u201eLuchtvracht waarborgt wereldwijde goederenstromen en bevordert economische groei. De luchthaven Wien speelt daarbij een sleutelrol als logistiek knooppunt \u2013 en als belangrijkste toegangspoort voor luchtvracht naar Midden- en Oost-Europa\u201c, legt J\u00e4ger uit.<\/p>\n<p>De effici\u00ebntie van de processen in de luchtvrachtsector is cruciaal. Mag. Michael Zach, Senior Vice President Ground Handling &amp; Cargo Operations van Flughafen Wien AG, benadrukt dat alle processen naadloos op elkaar moeten aansluiten om zendingen snel te kunnen afhandelen. De cargohub Wien profiteerde in 2025 bijzonder van de stijging van de volumes naar Noord-Amerika. Zach spreekt de hoop uit dat de positieve ontwikkeling ook in 2026 kan worden voortgezet.<\/p>\n<h3>Ex- en importcijfers in opwaartse trend<\/h3>\n<p>Vorig jaar werd via de luchthaven Wien 167.568 t luchtvracht ge\u00efmporteerd, wat een stijging van 2,8% ten opzichte van het recordjaar 2024 betekent. Deze cijfers onderstrepen de rol van de luchthaven als luchtvrachtknooppunt voor Midden- en Oost-Europa. In het bijzonder droegen groeiende e-commercevolumes uit Azi\u00eb bij aan de positieve ontwikkeling. In de exportsector stegen de tonnages in het eerste halfjaar sterk, wat vooral te wijten is aan het Amerikaanse douanebeleid. In totaal werd 146.195 t ge\u00ebxporteerd, wat een stijging van 8,4% ten opzichte van het voorgaande jaar betekent. Belangrijke exportmarkten zijn Azi\u00eb en de VS.<\/p>\n<h3>Geografische voordelen en infrastructuur<\/h3>\n<p>De luchthaven Wien heeft zich door zijn geografisch gunstige ligging gevestigd als een belangrijk wereldwijd vrachtknooppunt voor Midden- en Oost-Europa. Vooruitstrevende vrachtluchtvaartmaatschappijen bedienen de luchthaven voor intercontinentale transporten. De 24-uurs operationele gereedheid maakt snelle omlooptijden mogelijk. Voor de luchtvracht zijn er tien vliegtuigparkeerplaatsen van categorie F in de directe nabijheid van het afhandelingsgebouw beschikbaar. De luchthaven is stevig ge\u00efntegreerd in het Europese netwerk van luchtvrachtvervangend verkeer en bereikt de belangrijkste consumenten- en economische centra in Midden- en Oost-Europa binnen 24 tot 48 uur. De beursgenoteerde exploitant Flughafen Wien AG heeft meer dan 5.400 medewerkers in dienst en behoort tot de grootste werkgevers in de regio.<\/p>\n<p>&nbsp;<\/p>\n<p><a href=\"https:\/\/viennaairport.com\/\" target=\"_blank\" rel=\"noopener noreferrer\">www.viennaairport.com<\/a><\/p>\n<p>&nbsp;<\/p>\n","protected":false},"excerpt":{"rendered":"<p>Luchthaven Wenen behaalde in 2025 met 313.763 ton luchtvracht een record en verstevigde zijn rol als belangrijk logistiek centrum voor Midden- en Oost-Europa<\/p>\n","protected":false},"author":12,"featured_media":73534,"comment_status":"open","ping_status":"open","sticky":false,"template":"","format":"standard","meta":{"_acf_changed":false,"footnotes":""},"categories":[1599,1594],"tags":[6925,6926,6927,6928,6929,2252,6930,6931,2255,3619,4855,2797,6932,6933,6934,6935,2265,6936,6937,6938,6939,6940,6941,6942,6943,3632,6944,6945,6946,6947,6948,2277,3643,6949,6950,6951,6952,6953,6954,6955,6956,6957,6958,6959,6960,4876,6961,6962,6963,2148,6964,2837,6965,6966,2299,6967],"class_list":["post-73540","post","type-post","status-publish","format-standard","has-post-thumbnail","hentry","category-europa","category-luchtvracht","tag-24-hour-operational-readiness","tag-24-stunden-betriebsbereitschaft","tag-aeroport-de-vienne","tag-air-freight-development","tag-air-freight-import-figures","tag-air-freight-industry","tag-air-freight-statistics-2025","tag-air-freight-to-north-america","tag-air-freight-volumes","tag-airport-infrastructure","tag-cargo-operations","tag-cargo-transport","tag-central-and-eastern-europe","tag-centre-de-traitement-pharmaceutique-vienne","tag-chiffres-dimportation-de-fret-aerien","tag-compagnies-aeriennes-de-fret","tag-deutsch-luftfracht","tag-developpement-du-fret-aerien","tag-disponibilite-operationnelle-24-heures","tag-e-commerce-air-freight","tag-e-commerce-luftfracht","tag-europe-centrale-et-orientale","tag-export-markets-asia-usa","tag-exportmaerkte-asien-usa","tag-flughafen-wien","tag-flughafeninfrastruktur","tag-frachtairlines","tag-freight-airlines","tag-fret-aerien-e-commerce","tag-fret-aerien-vers-lamerique-du-nord","tag-hub-logistique-vienne","tag-industrie-du-fret-aerien","tag-infrastructure-aeroportuaire","tag-logistics-hub-vienna","tag-logistics-service-providers-francais-fret-aerien","tag-logistikdienstleister-english-air-freight","tag-logistikdrehscheibe-wien","tag-luftfracht-nach-nordamerika","tag-luftfrachtentwicklung","tag-luftfrachtimportzahlen","tag-luftfrachtstatistik-2025","tag-luftfrachtvolumen","tag-luftfrachtwirtschaft","tag-marches-dexportation-asie-etats-unis","tag-mittel-und-osteuropa","tag-operations-de-fret","tag-pharma-handling-center-vienna","tag-pharma-handling-center-wien","tag-politique-douaniere-americaine","tag-prestataires-de-services-logistiques","tag-statistiques-de-fret-aerien-2025","tag-transport-de-marchandises","tag-us-customs-policy","tag-vienna-airport","tag-volumes-de-fret-aerien","tag-zollpolitik-usa"],"acf":[],"yoast_head":"<!-- This site is optimized with the Yoast SEO plugin v27.3 - https:\/\/yoast.com\/product\/yoast-seo-wordpress\/ -->\n<title>Recordjaar voor Luchthaven Wenen 2025 - ITJ | International Transport Journal<\/title>\n<meta name=\"robots\" content=\"index, follow, max-snippet:-1, max-image-preview:large, max-video-preview:-1\" \/>\n<link rel=\"canonical\" href=\"https:\/\/transportjournal.com\/nl\/2026\/01\/20\/recordjaar-voor-luchthaven-wenen-2025\/\" \/>\n<meta property=\"og:locale\" content=\"nl_NL\" \/>\n<meta property=\"og:type\" content=\"article\" \/>\n<meta property=\"og:title\" content=\"Recordjaar voor Luchthaven Wenen 2025 - ITJ | International Transport Journal\" \/>\n<meta property=\"og:description\" content=\"Luchthaven Wenen behaalde in 2025 met 313.763 ton luchtvracht een record en verstevigde zijn rol als belangrijk logistiek centrum voor Midden- en Oost-Europa\" \/>\n<meta property=\"og:url\" content=\"https:\/\/transportjournal.com\/nl\/2026\/01\/20\/recordjaar-voor-luchthaven-wenen-2025\/\" \/>\n<meta property=\"og:site_name\" content=\"ITJ | International Transport Journal\" \/>\n<meta property=\"article:published_time\" content=\"2026-01-20T11:22:00+00:00\" \/>\n<meta property=\"og:image\" content=\"https:\/\/transportjournal.com\/wp-content\/uploads\/sites\/2\/2026\/01\/Vienna-Airport-aspect-ratio-1400-788.jpg\" \/>\n\t<meta property=\"og:image:width\" content=\"2000\" \/>\n\t<meta property=\"og:image:height\" content=\"1126\" \/>\n\t<meta property=\"og:image:type\" content=\"image\/jpeg\" \/>\n<meta name=\"author\" content=\"Andreas Haug\" \/>\n<meta name=\"twitter:card\" content=\"summary_large_image\" \/>\n<meta name=\"twitter:label1\" content=\"Geschreven door\" \/>\n\t<meta name=\"twitter:data1\" content=\"Andreas Haug\" \/>\n\t<meta name=\"twitter:label2\" content=\"Geschatte leestijd\" \/>\n\t<meta name=\"twitter:data2\" content=\"2 minuut\" \/>\n<script type=\"application\/ld+json\" class=\"yoast-schema-graph\">{\"@context\":\"https:\\\/\\\/schema.org\",\"@graph\":[{\"@type\":\"Article\",\"@id\":\"https:\\\/\\\/transportjournal.com\\\/nl\\\/2026\\\/01\\\/20\\\/recordjaar-voor-luchthaven-wenen-2025\\\/#article\",\"isPartOf\":{\"@id\":\"https:\\\/\\\/transportjournal.com\\\/nl\\\/2026\\\/01\\\/20\\\/recordjaar-voor-luchthaven-wenen-2025\\\/\"},\"author\":{\"name\":\"Andreas Haug\",\"@id\":\"https:\\\/\\\/transportjournal.com\\\/nl\\\/#\\\/schema\\\/person\\\/cf538b3157f15afd7589245a4b3dbd25\"},\"headline\":\"Recordjaar voor Luchthaven Wenen 2025\",\"datePublished\":\"2026-01-20T11:22:00+00:00\",\"mainEntityOfPage\":{\"@id\":\"https:\\\/\\\/transportjournal.com\\\/nl\\\/2026\\\/01\\\/20\\\/recordjaar-voor-luchthaven-wenen-2025\\\/\"},\"wordCount\":414,\"commentCount\":0,\"publisher\":{\"@id\":\"https:\\\/\\\/transportjournal.com\\\/nl\\\/#organization\"},\"image\":{\"@id\":\"https:\\\/\\\/transportjournal.com\\\/nl\\\/2026\\\/01\\\/20\\\/recordjaar-voor-luchthaven-wenen-2025\\\/#primaryimage\"},\"thumbnailUrl\":\"https:\\\/\\\/transportjournal.com\\\/wp-content\\\/uploads\\\/sites\\\/2\\\/2026\\\/01\\\/Vienna-Airport-aspect-ratio-1400-788.jpg\",\"keywords\":[\"24-hour operational readiness\",\"24-Stunden-Betriebsbereitschaft\",\"a\u00e9roport de Vienne\",\"air freight development\",\"air freight import figures\",\"air freight industry\",\"air freight statistics 2025\",\"air freight to North America\",\"air freight volumes\",\"airport infrastructure\",\"cargo operations\",\"cargo transport\",\"Central and Eastern Europe\",\"Centre de traitement pharmaceutique Vienne\",\"chiffres d'importation de fret a\u00e9rien\",\"compagnies a\u00e9riennes de fret\",\"Deutsch Luftfracht\",\"d\u00e9veloppement du fret a\u00e9rien\",\"disponibilit\u00e9 op\u00e9rationnelle 24 heures\",\"e-commerce air freight\",\"E-Commerce-Luftfracht\",\"Europe centrale et orientale\",\"export markets Asia USA\",\"Exportm\u00e4rkte Asien USA\",\"Flughafen Wien\",\"Flughafeninfrastruktur\",\"Frachtairlines\",\"freight airlines\",\"fret a\u00e9rien e-commerce\",\"fret a\u00e9rien vers l'Am\u00e9rique du Nord\",\"hub logistique Vienne\",\"industrie du fret a\u00e9rien\",\"infrastructure a\u00e9roportuaire\",\"logistics hub Vienna\",\"logistics service providers Fran\u00e7ais fret a\u00e9rien\",\"Logistikdienstleister English air freight\",\"Logistikdrehscheibe Wien\",\"Luftfracht nach Nordamerika\",\"Luftfrachtentwicklung\",\"Luftfrachtimportzahlen\",\"Luftfrachtstatistik 2025\",\"Luftfrachtvolumen\",\"Luftfrachtwirtschaft\",\"march\u00e9s d'exportation Asie \u00c9tats-Unis\",\"Mittel- und Osteuropa\",\"op\u00e9rations de fret\",\"Pharma Handling Center Vienna\",\"Pharma Handling Center Wien\",\"politique douani\u00e8re am\u00e9ricaine\",\"prestataires de services logistiques\",\"statistiques de fret a\u00e9rien 2025\",\"transport de marchandises\",\"US customs policy\",\"Vienna Airport\",\"volumes de fret a\u00e9rien\",\"Zollpolitik USA\"],\"articleSection\":[\"Europa\",\"Luchtvracht\"],\"inLanguage\":\"nl-NL\",\"potentialAction\":[{\"@type\":\"CommentAction\",\"name\":\"Comment\",\"target\":[\"https:\\\/\\\/transportjournal.com\\\/nl\\\/2026\\\/01\\\/20\\\/recordjaar-voor-luchthaven-wenen-2025\\\/#respond\"]}]},{\"@type\":\"WebPage\",\"@id\":\"https:\\\/\\\/transportjournal.com\\\/nl\\\/2026\\\/01\\\/20\\\/recordjaar-voor-luchthaven-wenen-2025\\\/\",\"url\":\"https:\\\/\\\/transportjournal.com\\\/nl\\\/2026\\\/01\\\/20\\\/recordjaar-voor-luchthaven-wenen-2025\\\/\",\"name\":\"Recordjaar voor Luchthaven Wenen 2025 - ITJ | International Transport Journal\",\"isPartOf\":{\"@id\":\"https:\\\/\\\/transportjournal.com\\\/nl\\\/#website\"},\"primaryImageOfPage\":{\"@id\":\"https:\\\/\\\/transportjournal.com\\\/nl\\\/2026\\\/01\\\/20\\\/recordjaar-voor-luchthaven-wenen-2025\\\/#primaryimage\"},\"image\":{\"@id\":\"https:\\\/\\\/transportjournal.com\\\/nl\\\/2026\\\/01\\\/20\\\/recordjaar-voor-luchthaven-wenen-2025\\\/#primaryimage\"},\"thumbnailUrl\":\"https:\\\/\\\/transportjournal.com\\\/wp-content\\\/uploads\\\/sites\\\/2\\\/2026\\\/01\\\/Vienna-Airport-aspect-ratio-1400-788.jpg\",\"datePublished\":\"2026-01-20T11:22:00+00:00\",\"breadcrumb\":{\"@id\":\"https:\\\/\\\/transportjournal.com\\\/nl\\\/2026\\\/01\\\/20\\\/recordjaar-voor-luchthaven-wenen-2025\\\/#breadcrumb\"},\"inLanguage\":\"nl-NL\",\"potentialAction\":[{\"@type\":\"ReadAction\",\"target\":[\"https:\\\/\\\/transportjournal.com\\\/nl\\\/2026\\\/01\\\/20\\\/recordjaar-voor-luchthaven-wenen-2025\\\/\"]}]},{\"@type\":\"ImageObject\",\"inLanguage\":\"nl-NL\",\"@id\":\"https:\\\/\\\/transportjournal.com\\\/nl\\\/2026\\\/01\\\/20\\\/recordjaar-voor-luchthaven-wenen-2025\\\/#primaryimage\",\"url\":\"https:\\\/\\\/transportjournal.com\\\/wp-content\\\/uploads\\\/sites\\\/2\\\/2026\\\/01\\\/Vienna-Airport-aspect-ratio-1400-788.jpg\",\"contentUrl\":\"https:\\\/\\\/transportjournal.com\\\/wp-content\\\/uploads\\\/sites\\\/2\\\/2026\\\/01\\\/Vienna-Airport-aspect-ratio-1400-788.jpg\",\"width\":2000,\"height\":1126},{\"@type\":\"BreadcrumbList\",\"@id\":\"https:\\\/\\\/transportjournal.com\\\/nl\\\/2026\\\/01\\\/20\\\/recordjaar-voor-luchthaven-wenen-2025\\\/#breadcrumb\",\"itemListElement\":[{\"@type\":\"ListItem\",\"position\":1,\"name\":\"Startseite\",\"item\":\"https:\\\/\\\/transportjournal.com\\\/nl\\\/\"},{\"@type\":\"ListItem\",\"position\":2,\"name\":\"Recordjaar voor Luchthaven Wenen 2025\"}]},{\"@type\":\"WebSite\",\"@id\":\"https:\\\/\\\/transportjournal.com\\\/nl\\\/#website\",\"url\":\"https:\\\/\\\/transportjournal.com\\\/nl\\\/\",\"name\":\"ITJ | International Transport Journal\",\"description\":\"Stay informed with the latest global news from the transport, logistics, and supply chain industries. Transport Journal delivers expert insights, analysis, and updates across shipping, aviation, intermodal, and forwarding.\",\"publisher\":{\"@id\":\"https:\\\/\\\/transportjournal.com\\\/nl\\\/#organization\"},\"potentialAction\":[{\"@type\":\"SearchAction\",\"target\":{\"@type\":\"EntryPoint\",\"urlTemplate\":\"https:\\\/\\\/transportjournal.com\\\/nl\\\/?s={search_term_string}\"},\"query-input\":{\"@type\":\"PropertyValueSpecification\",\"valueRequired\":true,\"valueName\":\"search_term_string\"}}],\"inLanguage\":\"nl-NL\"},{\"@type\":\"Organization\",\"@id\":\"https:\\\/\\\/transportjournal.com\\\/nl\\\/#organization\",\"name\":\"Logismedia Groep AG\",\"alternateName\":\"Logismedia Group AG\",\"url\":\"https:\\\/\\\/transportjournal.com\\\/nl\\\/\",\"logo\":{\"@type\":\"ImageObject\",\"inLanguage\":\"nl-NL\",\"@id\":\"https:\\\/\\\/transportjournal.com\\\/nl\\\/#\\\/schema\\\/logo\\\/image\\\/\",\"url\":\"https:\\\/\\\/transportjournal.com\\\/wp-content\\\/uploads\\\/sites\\\/2\\\/2025\\\/09\\\/Logo_ITJ.png\",\"contentUrl\":\"https:\\\/\\\/transportjournal.com\\\/wp-content\\\/uploads\\\/sites\\\/2\\\/2025\\\/09\\\/Logo_ITJ.png\",\"width\":799,\"height\":326,\"caption\":\"Logismedia Groep AG\"},\"image\":{\"@id\":\"https:\\\/\\\/transportjournal.com\\\/nl\\\/#\\\/schema\\\/logo\\\/image\\\/\"},\"sameAs\":[\"https:\\\/\\\/www.linkedin.com\\\/company\\\/56456496\\\/admin\\\/dashboard\\\/\",\"https:\\\/\\\/www.instagram.com\\\/logismediagroup\\\/\",\"https:\\\/\\\/www.youtube.com\\\/@LogiamediaGroupAG\"]},{\"@type\":\"Person\",\"@id\":\"https:\\\/\\\/transportjournal.com\\\/nl\\\/#\\\/schema\\\/person\\\/cf538b3157f15afd7589245a4b3dbd25\",\"name\":\"Andreas Haug\",\"url\":\"https:\\\/\\\/transportjournal.com\\\/nl\\\/author\\\/andreas\\\/\"}]}<\/script>\n<!-- \/ Yoast SEO plugin. -->","yoast_head_json":{"title":"Recordjaar voor Luchthaven Wenen 2025 - ITJ | International Transport Journal","robots":{"index":"index","follow":"follow","max-snippet":"max-snippet:-1","max-image-preview":"max-image-preview:large","max-video-preview":"max-video-preview:-1"},"canonical":"https:\/\/transportjournal.com\/nl\/2026\/01\/20\/recordjaar-voor-luchthaven-wenen-2025\/","og_locale":"nl_NL","og_type":"article","og_title":"Recordjaar voor Luchthaven Wenen 2025 - ITJ | International Transport Journal","og_description":"Luchthaven Wenen behaalde in 2025 met 313.763 ton luchtvracht een record en verstevigde zijn rol als belangrijk logistiek centrum voor Midden- en Oost-Europa","og_url":"https:\/\/transportjournal.com\/nl\/2026\/01\/20\/recordjaar-voor-luchthaven-wenen-2025\/","og_site_name":"ITJ | International Transport Journal","article_published_time":"2026-01-20T11:22:00+00:00","og_image":[{"width":2000,"height":1126,"url":"https:\/\/transportjournal.com\/wp-content\/uploads\/sites\/2\/2026\/01\/Vienna-Airport-aspect-ratio-1400-788.jpg","type":"image\/jpeg"}],"author":"Andreas Haug","twitter_card":"summary_large_image","twitter_misc":{"Geschreven door":"Andreas Haug","Geschatte leestijd":"2 minuut"},"schema":{"@context":"https:\/\/schema.org","@graph":[{"@type":"Article","@id":"https:\/\/transportjournal.com\/nl\/2026\/01\/20\/recordjaar-voor-luchthaven-wenen-2025\/#article","isPartOf":{"@id":"https:\/\/transportjournal.com\/nl\/2026\/01\/20\/recordjaar-voor-luchthaven-wenen-2025\/"},"author":{"name":"Andreas Haug","@id":"https:\/\/transportjournal.com\/nl\/#\/schema\/person\/cf538b3157f15afd7589245a4b3dbd25"},"headline":"Recordjaar voor Luchthaven Wenen 2025","datePublished":"2026-01-20T11:22:00+00:00","mainEntityOfPage":{"@id":"https:\/\/transportjournal.com\/nl\/2026\/01\/20\/recordjaar-voor-luchthaven-wenen-2025\/"},"wordCount":414,"commentCount":0,"publisher":{"@id":"https:\/\/transportjournal.com\/nl\/#organization"},"image":{"@id":"https:\/\/transportjournal.com\/nl\/2026\/01\/20\/recordjaar-voor-luchthaven-wenen-2025\/#primaryimage"},"thumbnailUrl":"https:\/\/transportjournal.com\/wp-content\/uploads\/sites\/2\/2026\/01\/Vienna-Airport-aspect-ratio-1400-788.jpg","keywords":["24-hour operational readiness","24-Stunden-Betriebsbereitschaft","a\u00e9roport de Vienne","air freight development","air freight import figures","air freight industry","air freight statistics 2025","air freight to North America","air freight volumes","airport infrastructure","cargo operations","cargo transport","Central and Eastern Europe","Centre de traitement pharmaceutique Vienne","chiffres d'importation de fret a\u00e9rien","compagnies a\u00e9riennes de fret","Deutsch Luftfracht","d\u00e9veloppement du fret a\u00e9rien","disponibilit\u00e9 op\u00e9rationnelle 24 heures","e-commerce air freight","E-Commerce-Luftfracht","Europe centrale et orientale","export markets Asia USA","Exportm\u00e4rkte Asien USA","Flughafen Wien","Flughafeninfrastruktur","Frachtairlines","freight airlines","fret a\u00e9rien e-commerce","fret a\u00e9rien vers l'Am\u00e9rique du Nord","hub logistique Vienne","industrie du fret a\u00e9rien","infrastructure a\u00e9roportuaire","logistics hub Vienna","logistics service providers Fran\u00e7ais fret a\u00e9rien","Logistikdienstleister English air freight","Logistikdrehscheibe Wien","Luftfracht nach Nordamerika","Luftfrachtentwicklung","Luftfrachtimportzahlen","Luftfrachtstatistik 2025","Luftfrachtvolumen","Luftfrachtwirtschaft","march\u00e9s d'exportation Asie \u00c9tats-Unis","Mittel- und Osteuropa","op\u00e9rations de fret","Pharma Handling Center Vienna","Pharma Handling Center Wien","politique douani\u00e8re am\u00e9ricaine","prestataires de services logistiques","statistiques de fret a\u00e9rien 2025","transport de marchandises","US customs policy","Vienna Airport","volumes de fret a\u00e9rien","Zollpolitik USA"],"articleSection":["Europa","Luchtvracht"],"inLanguage":"nl-NL","potentialAction":[{"@type":"CommentAction","name":"Comment","target":["https:\/\/transportjournal.com\/nl\/2026\/01\/20\/recordjaar-voor-luchthaven-wenen-2025\/#respond"]}]},{"@type":"WebPage","@id":"https:\/\/transportjournal.com\/nl\/2026\/01\/20\/recordjaar-voor-luchthaven-wenen-2025\/","url":"https:\/\/transportjournal.com\/nl\/2026\/01\/20\/recordjaar-voor-luchthaven-wenen-2025\/","name":"Recordjaar voor Luchthaven Wenen 2025 - ITJ | International Transport Journal","isPartOf":{"@id":"https:\/\/transportjournal.com\/nl\/#website"},"primaryImageOfPage":{"@id":"https:\/\/transportjournal.com\/nl\/2026\/01\/20\/recordjaar-voor-luchthaven-wenen-2025\/#primaryimage"},"image":{"@id":"https:\/\/transportjournal.com\/nl\/2026\/01\/20\/recordjaar-voor-luchthaven-wenen-2025\/#primaryimage"},"thumbnailUrl":"https:\/\/transportjournal.com\/wp-content\/uploads\/sites\/2\/2026\/01\/Vienna-Airport-aspect-ratio-1400-788.jpg","datePublished":"2026-01-20T11:22:00+00:00","breadcrumb":{"@id":"https:\/\/transportjournal.com\/nl\/2026\/01\/20\/recordjaar-voor-luchthaven-wenen-2025\/#breadcrumb"},"inLanguage":"nl-NL","potentialAction":[{"@type":"ReadAction","target":["https:\/\/transportjournal.com\/nl\/2026\/01\/20\/recordjaar-voor-luchthaven-wenen-2025\/"]}]},{"@type":"ImageObject","inLanguage":"nl-NL","@id":"https:\/\/transportjournal.com\/nl\/2026\/01\/20\/recordjaar-voor-luchthaven-wenen-2025\/#primaryimage","url":"https:\/\/transportjournal.com\/wp-content\/uploads\/sites\/2\/2026\/01\/Vienna-Airport-aspect-ratio-1400-788.jpg","contentUrl":"https:\/\/transportjournal.com\/wp-content\/uploads\/sites\/2\/2026\/01\/Vienna-Airport-aspect-ratio-1400-788.jpg","width":2000,"height":1126},{"@type":"BreadcrumbList","@id":"https:\/\/transportjournal.com\/nl\/2026\/01\/20\/recordjaar-voor-luchthaven-wenen-2025\/#breadcrumb","itemListElement":[{"@type":"ListItem","position":1,"name":"Startseite","item":"https:\/\/transportjournal.com\/nl\/"},{"@type":"ListItem","position":2,"name":"Recordjaar voor Luchthaven Wenen 2025"}]},{"@type":"WebSite","@id":"https:\/\/transportjournal.com\/nl\/#website","url":"https:\/\/transportjournal.com\/nl\/","name":"ITJ | International Transport Journal","description":"Stay informed with the latest global news from the transport, logistics, and supply chain industries. Transport Journal delivers expert insights, analysis, and updates across shipping, aviation, intermodal, and forwarding.","publisher":{"@id":"https:\/\/transportjournal.com\/nl\/#organization"},"potentialAction":[{"@type":"SearchAction","target":{"@type":"EntryPoint","urlTemplate":"https:\/\/transportjournal.com\/nl\/?s={search_term_string}"},"query-input":{"@type":"PropertyValueSpecification","valueRequired":true,"valueName":"search_term_string"}}],"inLanguage":"nl-NL"},{"@type":"Organization","@id":"https:\/\/transportjournal.com\/nl\/#organization","name":"Logismedia Groep AG","alternateName":"Logismedia Group AG","url":"https:\/\/transportjournal.com\/nl\/","logo":{"@type":"ImageObject","inLanguage":"nl-NL","@id":"https:\/\/transportjournal.com\/nl\/#\/schema\/logo\/image\/","url":"https:\/\/transportjournal.com\/wp-content\/uploads\/sites\/2\/2025\/09\/Logo_ITJ.png","contentUrl":"https:\/\/transportjournal.com\/wp-content\/uploads\/sites\/2\/2025\/09\/Logo_ITJ.png","width":799,"height":326,"caption":"Logismedia Groep AG"},"image":{"@id":"https:\/\/transportjournal.com\/nl\/#\/schema\/logo\/image\/"},"sameAs":["https:\/\/www.linkedin.com\/company\/56456496\/admin\/dashboard\/","https:\/\/www.instagram.com\/logismediagroup\/","https:\/\/www.youtube.com\/@LogiamediaGroupAG"]},{"@type":"Person","@id":"https:\/\/transportjournal.com\/nl\/#\/schema\/person\/cf538b3157f15afd7589245a4b3dbd25","name":"Andreas Haug","url":"https:\/\/transportjournal.com\/nl\/author\/andreas\/"}]}},"_links":{"self":[{"href":"https:\/\/transportjournal.com\/nl\/wp-json\/wp\/v2\/posts\/73540","targetHints":{"allow":["GET"]}}],"collection":[{"href":"https:\/\/transportjournal.com\/nl\/wp-json\/wp\/v2\/posts"}],"about":[{"href":"https:\/\/transportjournal.com\/nl\/wp-json\/wp\/v2\/types\/post"}],"author":[{"embeddable":true,"href":"https:\/\/transportjournal.com\/nl\/wp-json\/wp\/v2\/users\/12"}],"replies":[{"embeddable":true,"href":"https:\/\/transportjournal.com\/nl\/wp-json\/wp\/v2\/comments?post=73540"}],"version-history":[{"count":0,"href":"https:\/\/transportjournal.com\/nl\/wp-json\/wp\/v2\/posts\/73540\/revisions"}],"wp:featuredmedia":[{"embeddable":true,"href":"https:\/\/transportjournal.com\/nl\/wp-json\/wp\/v2\/media\/73534"}],"wp:attachment":[{"href":"https:\/\/transportjournal.com\/nl\/wp-json\/wp\/v2\/media?parent=73540"}],"wp:term":[{"taxonomy":"category","embeddable":true,"href":"https:\/\/transportjournal.com\/nl\/wp-json\/wp\/v2\/categories?post=73540"},{"taxonomy":"post_tag","embeddable":true,"href":"https:\/\/transportjournal.com\/nl\/wp-json\/wp\/v2\/tags?post=73540"}],"curies":[{"name":"wp","href":"https:\/\/api.w.org\/{rel}","templated":true}]}}