{"id":73471,"date":"2026-01-19T12:01:15","date_gmt":"2026-01-19T12:01:15","guid":{"rendered":"https:\/\/transportjournal.com\/2026\/01\/19\/hernieuwing-van-de-verkoopregio-centraal-europa\/"},"modified":"2026-01-23T12:28:24","modified_gmt":"2026-01-23T11:28:24","slug":"hernieuwing-van-de-verkoopregio-centraal-europa","status":"publish","type":"post","link":"https:\/\/transportjournal.com\/nl\/2026\/01\/19\/hernieuwing-van-de-verkoopregio-centraal-europa\/","title":{"rendered":"Hernieuwing van de verkoopregio Centraal-Europa"},"content":{"rendered":"<p>Per 1 januari 2026 is de verkoopregio Centraal-Europa bij Schmitz Cargobull opnieuw gestructureerd. Vujo Crnomarkovic (foto) neemt de functie van Sales Director voor deze regio op zich. Naast zijn nieuwe rol blijft hij ook Country Manager voor Servi\u00eb en Montenegro en zal hij bovendien de verantwoordelijkheid voor Griekenland op zich nemen. Crnomarkovic brengt meer dan 20 jaar ervaring binnen de Schmitz Cargobull-organisatie mee en beschikt over uitgebreide marktkennis die van belang is voor de verdere ontwikkeling van de verkoopregio Centraal-Europa.<\/p>\n<p>Roland W. Schacht, die tot nu toe als Sales Director voor Centraal-Europa en als Country Manager voor Roemeni\u00eb en Griekenland werkzaam was, heeft het bedrijf op eigen verzoek per 31 december 2025 verlaten.<\/p>\n<h3>Nieuwe leiders in de regio<\/h3>\n<p>In het kader van de herstructurering wordt Constantin Victor Burcioi de nieuwe Country Manager voor Roemeni\u00eb. Burcioi is sinds 2005 bij het bedrijf en heeft sinds 2014 de verkoopactiviteiten voor nieuwe en gebruikte voertuigen in Roemeni\u00eb en Moldavi\u00eb geleid. Zijn uitgebreide marktexpertise moet bijdragen aan het verder versterken van de klantgerichtheid en de activiteiten in Roemeni\u00eb.<\/p>\n<p>Kerem Tas, die al Country Manager van Schmitz Cargobull T\u00fcrkiye is, zal ook de fabriek in Adapazari binnen het internationale productienetwerk van Schmitz Cargobull verantwoordelijk zijn. Sinds januari rapporteert hij rechtstreeks aan de verkoopdirecteur Ralph Kleideiter. Tas brengt meer dan 30 jaar internationale branche-ervaring mee en heeft de productie- en verkooplocatie in Turkije de afgelopen zes jaar verder ontwikkeld.<\/p>\n<p>&nbsp;<\/p>\n<p><a href=\"https:\/\/www.cargobull.com\/\" target=\"_blank\" rel=\"noopener noreferrer\">www.cargobull.com<\/a><\/p>\n<p>&nbsp;<\/p>\n","protected":false},"excerpt":{"rendered":"<p>Per 1 januari 2026 wordt Vujo Crnomarkovic Sales Director voor Centraal-Europa bij Schmitz Cargobull en neemt hij daarnaast de verantwoordelijkheid voor Griekenland op zich.<\/p>\n","protected":false},"author":12,"featured_media":73465,"comment_status":"open","ping_status":"open","sticky":false,"template":"","format":"standard","meta":{"_acf_changed":false,"footnotes":""},"categories":[1597,1599,1591],"tags":[4193,4109,6711,6712,6713,6714,6715,4115,6716,1889,6717,6718,6719,2125,3682,6720,6721,6722,6723,6724,2133,1831,6725,6726,6727,6728,6729,6730,2232,2148,2775,2777,6731,6732,2782,6733,6734,6735,6736,6737,6738,4223,6739,6740,6741,6742,6743,4099,2155,1837,6744,4225,6745],"class_list":["post-73471","post","type-post","status-publish","format-standard","has-post-thumbnail","hentry","category-regios","category-europa","category-mensen-bedrijven","tag-activites-de-vente","tag-central-europe","tag-connaissances-du-marche","tag-country-manager","tag-customer-proximity","tag-deutsch-schmitz-cargobull","tag-directeur-des-ventes","tag-europe-centrale","tag-experience-internationale-dans-lindustrie","tag-fachkraeftemangel","tag-grece","tag-greece","tag-griechenland","tag-industrie-du-transport","tag-infrastructure","tag-infrastructure-francais-schmitz-cargobull","tag-infrastruktur-english-schmitz-cargobull","tag-international-industry-experience","tag-internationale-branchenerfahrung","tag-kundennaehe","tag-logistics-service-providers","tag-logistikdienstleister","tag-market-knowledge","tag-marktkenntnisse","tag-montenegro","tag-neu-und-gebrauchtfahrzeuge","tag-neustrukturierung","tag-new-and-used-vehicles","tag-penurie-de-main-doeuvre","tag-prestataires-de-services-logistiques","tag-production-network","tag-produktionsnetzwerk","tag-proximite-client","tag-region-de-vente","tag-reseau-de-production","tag-responsable-de-pays","tag-restructuration","tag-restructuring","tag-romania","tag-roumanie","tag-rumaenien","tag-sales-activities","tag-sales-director","tag-sales-region","tag-serbia","tag-serbie","tag-serbien","tag-skilled-labor-shortage","tag-transport-industry","tag-transportwirtschaft","tag-vehicules-neufs-et-doccasion","tag-vertriebsaktivitaeten","tag-vertriebsregion"],"acf":[],"yoast_head":"<!-- This site is optimized with the Yoast SEO plugin v27.3 - https:\/\/yoast.com\/product\/yoast-seo-wordpress\/ -->\n<title>Hernieuwing van de verkoopregio Centraal-Europa - ITJ | International Transport Journal<\/title>\n<meta name=\"robots\" content=\"index, follow, max-snippet:-1, max-image-preview:large, max-video-preview:-1\" \/>\n<link rel=\"canonical\" href=\"https:\/\/transportjournal.com\/nl\/2026\/01\/19\/hernieuwing-van-de-verkoopregio-centraal-europa\/\" \/>\n<meta property=\"og:locale\" content=\"nl_NL\" \/>\n<meta property=\"og:type\" content=\"article\" \/>\n<meta property=\"og:title\" content=\"Hernieuwing van de verkoopregio Centraal-Europa - ITJ | International Transport Journal\" \/>\n<meta property=\"og:description\" content=\"Per 1 januari 2026 wordt Vujo Crnomarkovic Sales Director voor Centraal-Europa bij Schmitz Cargobull en neemt hij daarnaast de verantwoordelijkheid voor Griekenland op zich.\" \/>\n<meta property=\"og:url\" content=\"https:\/\/transportjournal.com\/nl\/2026\/01\/19\/hernieuwing-van-de-verkoopregio-centraal-europa\/\" \/>\n<meta property=\"og:site_name\" content=\"ITJ | International Transport Journal\" \/>\n<meta property=\"article:published_time\" content=\"2026-01-19T12:01:15+00:00\" \/>\n<meta property=\"article:modified_time\" content=\"2026-01-23T11:28:24+00:00\" \/>\n<meta property=\"og:image\" content=\"https:\/\/transportjournal.com\/wp-content\/uploads\/sites\/2\/2026\/01\/Schmitz-Cargobull_Vujo-Crnomarkovic_Sales-Director-Central-Europe-aspect-ratio-1400-788.jpg\" \/>\n\t<meta property=\"og:image:width\" content=\"1302\" \/>\n\t<meta property=\"og:image:height\" content=\"732\" \/>\n\t<meta property=\"og:image:type\" content=\"image\/jpeg\" \/>\n<meta name=\"author\" content=\"Andreas Haug\" \/>\n<meta name=\"twitter:card\" content=\"summary_large_image\" \/>\n<meta name=\"twitter:label1\" content=\"Geschreven door\" \/>\n\t<meta name=\"twitter:data1\" content=\"Andreas Haug\" \/>\n\t<meta name=\"twitter:label2\" content=\"Geschatte leestijd\" \/>\n\t<meta name=\"twitter:data2\" content=\"1 minuut\" \/>\n<script type=\"application\/ld+json\" class=\"yoast-schema-graph\">{\"@context\":\"https:\\\/\\\/schema.org\",\"@graph\":[{\"@type\":\"Article\",\"@id\":\"https:\\\/\\\/transportjournal.com\\\/nl\\\/2026\\\/01\\\/19\\\/hernieuwing-van-de-verkoopregio-centraal-europa\\\/#article\",\"isPartOf\":{\"@id\":\"https:\\\/\\\/transportjournal.com\\\/nl\\\/2026\\\/01\\\/19\\\/hernieuwing-van-de-verkoopregio-centraal-europa\\\/\"},\"author\":{\"name\":\"Andreas Haug\",\"@id\":\"https:\\\/\\\/transportjournal.com\\\/nl\\\/#\\\/schema\\\/person\\\/cf538b3157f15afd7589245a4b3dbd25\"},\"headline\":\"Hernieuwing van de verkoopregio Centraal-Europa\",\"datePublished\":\"2026-01-19T12:01:15+00:00\",\"dateModified\":\"2026-01-23T11:28:24+00:00\",\"mainEntityOfPage\":{\"@id\":\"https:\\\/\\\/transportjournal.com\\\/nl\\\/2026\\\/01\\\/19\\\/hernieuwing-van-de-verkoopregio-centraal-europa\\\/\"},\"wordCount\":236,\"commentCount\":0,\"publisher\":{\"@id\":\"https:\\\/\\\/transportjournal.com\\\/nl\\\/#organization\"},\"image\":{\"@id\":\"https:\\\/\\\/transportjournal.com\\\/nl\\\/2026\\\/01\\\/19\\\/hernieuwing-van-de-verkoopregio-centraal-europa\\\/#primaryimage\"},\"thumbnailUrl\":\"https:\\\/\\\/transportjournal.com\\\/wp-content\\\/uploads\\\/sites\\\/2\\\/2026\\\/01\\\/Schmitz-Cargobull_Vujo-Crnomarkovic_Sales-Director-Central-Europe-aspect-ratio-1400-788.jpg\",\"keywords\":[\"activit\u00e9s de vente\",\"Central Europe\",\"connaissances du march\u00e9\",\"Country Manager\",\"customer proximity\",\"Deutsch Schmitz Cargobull\",\"directeur des ventes\",\"Europe centrale\",\"exp\u00e9rience internationale dans l'industrie\",\"Fachkr\u00e4ftemangel\",\"Gr\u00e8ce\",\"Greece\",\"Griechenland\",\"industrie du transport\",\"infrastructure\",\"infrastructure Fran\u00e7ais Schmitz Cargobull\",\"Infrastruktur English Schmitz Cargobull\",\"international industry experience\",\"internationale Branchenerfahrung\",\"Kundenn\u00e4he\",\"logistics service providers\",\"Logistikdienstleister\",\"market knowledge\",\"Marktkenntnisse\",\"Montenegro\",\"Neu- und Gebrauchtfahrzeuge\",\"Neustrukturierung\",\"new and used vehicles\",\"p\u00e9nurie de main-d'\u0153uvre\",\"prestataires de services logistiques\",\"production network\",\"Produktionsnetzwerk\",\"proximit\u00e9 client\",\"r\u00e9gion de vente\",\"r\u00e9seau de production\",\"responsable de pays\",\"restructuration\",\"restructuring\",\"Romania\",\"Roumanie\",\"Rum\u00e4nien\",\"sales activities\",\"Sales Director\",\"sales region\",\"Serbia\",\"Serbie\",\"Serbien\",\"skilled labor shortage\",\"transport industry\",\"Transportwirtschaft\",\"v\u00e9hicules neufs et d'occasion\",\"Vertriebsaktivit\u00e4ten\",\"Vertriebsregion\"],\"articleSection\":[\"Contreien\",\"Europa\",\"Mensen &amp; Bedrijven\"],\"inLanguage\":\"nl-NL\",\"potentialAction\":[{\"@type\":\"CommentAction\",\"name\":\"Comment\",\"target\":[\"https:\\\/\\\/transportjournal.com\\\/nl\\\/2026\\\/01\\\/19\\\/hernieuwing-van-de-verkoopregio-centraal-europa\\\/#respond\"]}]},{\"@type\":\"WebPage\",\"@id\":\"https:\\\/\\\/transportjournal.com\\\/nl\\\/2026\\\/01\\\/19\\\/hernieuwing-van-de-verkoopregio-centraal-europa\\\/\",\"url\":\"https:\\\/\\\/transportjournal.com\\\/nl\\\/2026\\\/01\\\/19\\\/hernieuwing-van-de-verkoopregio-centraal-europa\\\/\",\"name\":\"Hernieuwing van de verkoopregio Centraal-Europa - ITJ | International Transport Journal\",\"isPartOf\":{\"@id\":\"https:\\\/\\\/transportjournal.com\\\/nl\\\/#website\"},\"primaryImageOfPage\":{\"@id\":\"https:\\\/\\\/transportjournal.com\\\/nl\\\/2026\\\/01\\\/19\\\/hernieuwing-van-de-verkoopregio-centraal-europa\\\/#primaryimage\"},\"image\":{\"@id\":\"https:\\\/\\\/transportjournal.com\\\/nl\\\/2026\\\/01\\\/19\\\/hernieuwing-van-de-verkoopregio-centraal-europa\\\/#primaryimage\"},\"thumbnailUrl\":\"https:\\\/\\\/transportjournal.com\\\/wp-content\\\/uploads\\\/sites\\\/2\\\/2026\\\/01\\\/Schmitz-Cargobull_Vujo-Crnomarkovic_Sales-Director-Central-Europe-aspect-ratio-1400-788.jpg\",\"datePublished\":\"2026-01-19T12:01:15+00:00\",\"dateModified\":\"2026-01-23T11:28:24+00:00\",\"breadcrumb\":{\"@id\":\"https:\\\/\\\/transportjournal.com\\\/nl\\\/2026\\\/01\\\/19\\\/hernieuwing-van-de-verkoopregio-centraal-europa\\\/#breadcrumb\"},\"inLanguage\":\"nl-NL\",\"potentialAction\":[{\"@type\":\"ReadAction\",\"target\":[\"https:\\\/\\\/transportjournal.com\\\/nl\\\/2026\\\/01\\\/19\\\/hernieuwing-van-de-verkoopregio-centraal-europa\\\/\"]}]},{\"@type\":\"ImageObject\",\"inLanguage\":\"nl-NL\",\"@id\":\"https:\\\/\\\/transportjournal.com\\\/nl\\\/2026\\\/01\\\/19\\\/hernieuwing-van-de-verkoopregio-centraal-europa\\\/#primaryimage\",\"url\":\"https:\\\/\\\/transportjournal.com\\\/wp-content\\\/uploads\\\/sites\\\/2\\\/2026\\\/01\\\/Schmitz-Cargobull_Vujo-Crnomarkovic_Sales-Director-Central-Europe-aspect-ratio-1400-788.jpg\",\"contentUrl\":\"https:\\\/\\\/transportjournal.com\\\/wp-content\\\/uploads\\\/sites\\\/2\\\/2026\\\/01\\\/Schmitz-Cargobull_Vujo-Crnomarkovic_Sales-Director-Central-Europe-aspect-ratio-1400-788.jpg\",\"width\":1302,\"height\":732},{\"@type\":\"BreadcrumbList\",\"@id\":\"https:\\\/\\\/transportjournal.com\\\/nl\\\/2026\\\/01\\\/19\\\/hernieuwing-van-de-verkoopregio-centraal-europa\\\/#breadcrumb\",\"itemListElement\":[{\"@type\":\"ListItem\",\"position\":1,\"name\":\"Startseite\",\"item\":\"https:\\\/\\\/transportjournal.com\\\/nl\\\/\"},{\"@type\":\"ListItem\",\"position\":2,\"name\":\"Hernieuwing van de verkoopregio Centraal-Europa\"}]},{\"@type\":\"WebSite\",\"@id\":\"https:\\\/\\\/transportjournal.com\\\/nl\\\/#website\",\"url\":\"https:\\\/\\\/transportjournal.com\\\/nl\\\/\",\"name\":\"ITJ | International Transport Journal\",\"description\":\"Stay informed with the latest global news from the transport, logistics, and supply chain industries. Transport Journal delivers expert insights, analysis, and updates across shipping, aviation, intermodal, and forwarding.\",\"publisher\":{\"@id\":\"https:\\\/\\\/transportjournal.com\\\/nl\\\/#organization\"},\"potentialAction\":[{\"@type\":\"SearchAction\",\"target\":{\"@type\":\"EntryPoint\",\"urlTemplate\":\"https:\\\/\\\/transportjournal.com\\\/nl\\\/?s={search_term_string}\"},\"query-input\":{\"@type\":\"PropertyValueSpecification\",\"valueRequired\":true,\"valueName\":\"search_term_string\"}}],\"inLanguage\":\"nl-NL\"},{\"@type\":\"Organization\",\"@id\":\"https:\\\/\\\/transportjournal.com\\\/nl\\\/#organization\",\"name\":\"Logismedia Groep AG\",\"alternateName\":\"Logismedia Group AG\",\"url\":\"https:\\\/\\\/transportjournal.com\\\/nl\\\/\",\"logo\":{\"@type\":\"ImageObject\",\"inLanguage\":\"nl-NL\",\"@id\":\"https:\\\/\\\/transportjournal.com\\\/nl\\\/#\\\/schema\\\/logo\\\/image\\\/\",\"url\":\"https:\\\/\\\/transportjournal.com\\\/wp-content\\\/uploads\\\/sites\\\/2\\\/2025\\\/09\\\/Logo_ITJ.png\",\"contentUrl\":\"https:\\\/\\\/transportjournal.com\\\/wp-content\\\/uploads\\\/sites\\\/2\\\/2025\\\/09\\\/Logo_ITJ.png\",\"width\":799,\"height\":326,\"caption\":\"Logismedia Groep AG\"},\"image\":{\"@id\":\"https:\\\/\\\/transportjournal.com\\\/nl\\\/#\\\/schema\\\/logo\\\/image\\\/\"},\"sameAs\":[\"https:\\\/\\\/www.linkedin.com\\\/company\\\/56456496\\\/admin\\\/dashboard\\\/\",\"https:\\\/\\\/www.instagram.com\\\/logismediagroup\\\/\",\"https:\\\/\\\/www.youtube.com\\\/@LogiamediaGroupAG\"]},{\"@type\":\"Person\",\"@id\":\"https:\\\/\\\/transportjournal.com\\\/nl\\\/#\\\/schema\\\/person\\\/cf538b3157f15afd7589245a4b3dbd25\",\"name\":\"Andreas Haug\",\"url\":\"https:\\\/\\\/transportjournal.com\\\/nl\\\/author\\\/andreas\\\/\"}]}<\/script>\n<!-- \/ Yoast SEO plugin. -->","yoast_head_json":{"title":"Hernieuwing van de verkoopregio Centraal-Europa - ITJ | International Transport Journal","robots":{"index":"index","follow":"follow","max-snippet":"max-snippet:-1","max-image-preview":"max-image-preview:large","max-video-preview":"max-video-preview:-1"},"canonical":"https:\/\/transportjournal.com\/nl\/2026\/01\/19\/hernieuwing-van-de-verkoopregio-centraal-europa\/","og_locale":"nl_NL","og_type":"article","og_title":"Hernieuwing van de verkoopregio Centraal-Europa - ITJ | International Transport Journal","og_description":"Per 1 januari 2026 wordt Vujo Crnomarkovic Sales Director voor Centraal-Europa bij Schmitz Cargobull en neemt hij daarnaast de verantwoordelijkheid voor Griekenland op zich.","og_url":"https:\/\/transportjournal.com\/nl\/2026\/01\/19\/hernieuwing-van-de-verkoopregio-centraal-europa\/","og_site_name":"ITJ | International Transport Journal","article_published_time":"2026-01-19T12:01:15+00:00","article_modified_time":"2026-01-23T11:28:24+00:00","og_image":[{"width":1302,"height":732,"url":"https:\/\/transportjournal.com\/wp-content\/uploads\/sites\/2\/2026\/01\/Schmitz-Cargobull_Vujo-Crnomarkovic_Sales-Director-Central-Europe-aspect-ratio-1400-788.jpg","type":"image\/jpeg"}],"author":"Andreas Haug","twitter_card":"summary_large_image","twitter_misc":{"Geschreven door":"Andreas Haug","Geschatte leestijd":"1 minuut"},"schema":{"@context":"https:\/\/schema.org","@graph":[{"@type":"Article","@id":"https:\/\/transportjournal.com\/nl\/2026\/01\/19\/hernieuwing-van-de-verkoopregio-centraal-europa\/#article","isPartOf":{"@id":"https:\/\/transportjournal.com\/nl\/2026\/01\/19\/hernieuwing-van-de-verkoopregio-centraal-europa\/"},"author":{"name":"Andreas Haug","@id":"https:\/\/transportjournal.com\/nl\/#\/schema\/person\/cf538b3157f15afd7589245a4b3dbd25"},"headline":"Hernieuwing van de verkoopregio Centraal-Europa","datePublished":"2026-01-19T12:01:15+00:00","dateModified":"2026-01-23T11:28:24+00:00","mainEntityOfPage":{"@id":"https:\/\/transportjournal.com\/nl\/2026\/01\/19\/hernieuwing-van-de-verkoopregio-centraal-europa\/"},"wordCount":236,"commentCount":0,"publisher":{"@id":"https:\/\/transportjournal.com\/nl\/#organization"},"image":{"@id":"https:\/\/transportjournal.com\/nl\/2026\/01\/19\/hernieuwing-van-de-verkoopregio-centraal-europa\/#primaryimage"},"thumbnailUrl":"https:\/\/transportjournal.com\/wp-content\/uploads\/sites\/2\/2026\/01\/Schmitz-Cargobull_Vujo-Crnomarkovic_Sales-Director-Central-Europe-aspect-ratio-1400-788.jpg","keywords":["activit\u00e9s de vente","Central Europe","connaissances du march\u00e9","Country Manager","customer proximity","Deutsch Schmitz Cargobull","directeur des ventes","Europe centrale","exp\u00e9rience internationale dans l'industrie","Fachkr\u00e4ftemangel","Gr\u00e8ce","Greece","Griechenland","industrie du transport","infrastructure","infrastructure Fran\u00e7ais Schmitz Cargobull","Infrastruktur English Schmitz Cargobull","international industry experience","internationale Branchenerfahrung","Kundenn\u00e4he","logistics service providers","Logistikdienstleister","market knowledge","Marktkenntnisse","Montenegro","Neu- und Gebrauchtfahrzeuge","Neustrukturierung","new and used vehicles","p\u00e9nurie de main-d'\u0153uvre","prestataires de services logistiques","production network","Produktionsnetzwerk","proximit\u00e9 client","r\u00e9gion de vente","r\u00e9seau de production","responsable de pays","restructuration","restructuring","Romania","Roumanie","Rum\u00e4nien","sales activities","Sales Director","sales region","Serbia","Serbie","Serbien","skilled labor shortage","transport industry","Transportwirtschaft","v\u00e9hicules neufs et d'occasion","Vertriebsaktivit\u00e4ten","Vertriebsregion"],"articleSection":["Contreien","Europa","Mensen &amp; Bedrijven"],"inLanguage":"nl-NL","potentialAction":[{"@type":"CommentAction","name":"Comment","target":["https:\/\/transportjournal.com\/nl\/2026\/01\/19\/hernieuwing-van-de-verkoopregio-centraal-europa\/#respond"]}]},{"@type":"WebPage","@id":"https:\/\/transportjournal.com\/nl\/2026\/01\/19\/hernieuwing-van-de-verkoopregio-centraal-europa\/","url":"https:\/\/transportjournal.com\/nl\/2026\/01\/19\/hernieuwing-van-de-verkoopregio-centraal-europa\/","name":"Hernieuwing van de verkoopregio Centraal-Europa - ITJ | International Transport Journal","isPartOf":{"@id":"https:\/\/transportjournal.com\/nl\/#website"},"primaryImageOfPage":{"@id":"https:\/\/transportjournal.com\/nl\/2026\/01\/19\/hernieuwing-van-de-verkoopregio-centraal-europa\/#primaryimage"},"image":{"@id":"https:\/\/transportjournal.com\/nl\/2026\/01\/19\/hernieuwing-van-de-verkoopregio-centraal-europa\/#primaryimage"},"thumbnailUrl":"https:\/\/transportjournal.com\/wp-content\/uploads\/sites\/2\/2026\/01\/Schmitz-Cargobull_Vujo-Crnomarkovic_Sales-Director-Central-Europe-aspect-ratio-1400-788.jpg","datePublished":"2026-01-19T12:01:15+00:00","dateModified":"2026-01-23T11:28:24+00:00","breadcrumb":{"@id":"https:\/\/transportjournal.com\/nl\/2026\/01\/19\/hernieuwing-van-de-verkoopregio-centraal-europa\/#breadcrumb"},"inLanguage":"nl-NL","potentialAction":[{"@type":"ReadAction","target":["https:\/\/transportjournal.com\/nl\/2026\/01\/19\/hernieuwing-van-de-verkoopregio-centraal-europa\/"]}]},{"@type":"ImageObject","inLanguage":"nl-NL","@id":"https:\/\/transportjournal.com\/nl\/2026\/01\/19\/hernieuwing-van-de-verkoopregio-centraal-europa\/#primaryimage","url":"https:\/\/transportjournal.com\/wp-content\/uploads\/sites\/2\/2026\/01\/Schmitz-Cargobull_Vujo-Crnomarkovic_Sales-Director-Central-Europe-aspect-ratio-1400-788.jpg","contentUrl":"https:\/\/transportjournal.com\/wp-content\/uploads\/sites\/2\/2026\/01\/Schmitz-Cargobull_Vujo-Crnomarkovic_Sales-Director-Central-Europe-aspect-ratio-1400-788.jpg","width":1302,"height":732},{"@type":"BreadcrumbList","@id":"https:\/\/transportjournal.com\/nl\/2026\/01\/19\/hernieuwing-van-de-verkoopregio-centraal-europa\/#breadcrumb","itemListElement":[{"@type":"ListItem","position":1,"name":"Startseite","item":"https:\/\/transportjournal.com\/nl\/"},{"@type":"ListItem","position":2,"name":"Hernieuwing van de verkoopregio Centraal-Europa"}]},{"@type":"WebSite","@id":"https:\/\/transportjournal.com\/nl\/#website","url":"https:\/\/transportjournal.com\/nl\/","name":"ITJ | International Transport Journal","description":"Stay informed with the latest global news from the transport, logistics, and supply chain industries. Transport Journal delivers expert insights, analysis, and updates across shipping, aviation, intermodal, and forwarding.","publisher":{"@id":"https:\/\/transportjournal.com\/nl\/#organization"},"potentialAction":[{"@type":"SearchAction","target":{"@type":"EntryPoint","urlTemplate":"https:\/\/transportjournal.com\/nl\/?s={search_term_string}"},"query-input":{"@type":"PropertyValueSpecification","valueRequired":true,"valueName":"search_term_string"}}],"inLanguage":"nl-NL"},{"@type":"Organization","@id":"https:\/\/transportjournal.com\/nl\/#organization","name":"Logismedia Groep AG","alternateName":"Logismedia Group AG","url":"https:\/\/transportjournal.com\/nl\/","logo":{"@type":"ImageObject","inLanguage":"nl-NL","@id":"https:\/\/transportjournal.com\/nl\/#\/schema\/logo\/image\/","url":"https:\/\/transportjournal.com\/wp-content\/uploads\/sites\/2\/2025\/09\/Logo_ITJ.png","contentUrl":"https:\/\/transportjournal.com\/wp-content\/uploads\/sites\/2\/2025\/09\/Logo_ITJ.png","width":799,"height":326,"caption":"Logismedia Groep AG"},"image":{"@id":"https:\/\/transportjournal.com\/nl\/#\/schema\/logo\/image\/"},"sameAs":["https:\/\/www.linkedin.com\/company\/56456496\/admin\/dashboard\/","https:\/\/www.instagram.com\/logismediagroup\/","https:\/\/www.youtube.com\/@LogiamediaGroupAG"]},{"@type":"Person","@id":"https:\/\/transportjournal.com\/nl\/#\/schema\/person\/cf538b3157f15afd7589245a4b3dbd25","name":"Andreas Haug","url":"https:\/\/transportjournal.com\/nl\/author\/andreas\/"}]}},"_links":{"self":[{"href":"https:\/\/transportjournal.com\/nl\/wp-json\/wp\/v2\/posts\/73471","targetHints":{"allow":["GET"]}}],"collection":[{"href":"https:\/\/transportjournal.com\/nl\/wp-json\/wp\/v2\/posts"}],"about":[{"href":"https:\/\/transportjournal.com\/nl\/wp-json\/wp\/v2\/types\/post"}],"author":[{"embeddable":true,"href":"https:\/\/transportjournal.com\/nl\/wp-json\/wp\/v2\/users\/12"}],"replies":[{"embeddable":true,"href":"https:\/\/transportjournal.com\/nl\/wp-json\/wp\/v2\/comments?post=73471"}],"version-history":[{"count":4,"href":"https:\/\/transportjournal.com\/nl\/wp-json\/wp\/v2\/posts\/73471\/revisions"}],"predecessor-version":[{"id":74219,"href":"https:\/\/transportjournal.com\/nl\/wp-json\/wp\/v2\/posts\/73471\/revisions\/74219"}],"wp:featuredmedia":[{"embeddable":true,"href":"https:\/\/transportjournal.com\/nl\/wp-json\/wp\/v2\/media\/73465"}],"wp:attachment":[{"href":"https:\/\/transportjournal.com\/nl\/wp-json\/wp\/v2\/media?parent=73471"}],"wp:term":[{"taxonomy":"category","embeddable":true,"href":"https:\/\/transportjournal.com\/nl\/wp-json\/wp\/v2\/categories?post=73471"},{"taxonomy":"post_tag","embeddable":true,"href":"https:\/\/transportjournal.com\/nl\/wp-json\/wp\/v2\/tags?post=73471"}],"curies":[{"name":"wp","href":"https:\/\/api.w.org\/{rel}","templated":true}]}}