{"id":73436,"date":"2026-01-19T11:40:46","date_gmt":"2026-01-19T11:40:46","guid":{"rendered":"https:\/\/transportjournal.com\/2026\/01\/19\/johann-ubben-nieuwe-directeur-van-de-ehb\/"},"modified":"2026-01-19T12:52:12","modified_gmt":"2026-01-19T11:52:12","slug":"johann-ubben-nieuwe-directeur-van-de-ehb","status":"publish","type":"post","link":"https:\/\/transportjournal.com\/nl\/2026\/01\/19\/johann-ubben-nieuwe-directeur-van-de-ehb\/","title":{"rendered":"Johann Ubben nieuwe directeur van de EHB"},"content":{"rendered":"<p>Johann Ubben heeft per 1 januari 2026 de leiding over de Eisenbahn- und Hafenbetriebsgesellschaft Region Osnabr\u00fcck (EHB) overgenomen. Hij volgt Guido Giesen op, die het bedrijf op eigen verzoek heeft verlaten. Ubben brengt een uitgebreide ervaring uit de spoorwegsector mee, die hij in verschillende functies heeft opgedaan.<\/p>\n<p>Ubben was eerder in leidinggevende functies werkzaam bij ENERCON, NETINERA en de Westf\u00e4lische Landes-Eisenbahn. Laatstelijk was hij directeur van verschillende bedrijven binnen de Captrain-groep en werkte hij als interim-manager. Zijn expertise omvat onder andere de modernisering van locomotievenparken, de heractivering van spoorlijnen en de herstructurering van internationale vervoersverbindingen.<\/p>\n<h3>Strategische verdere ontwikkeling van de haven<\/h3>\n<p>Ubben sprak over zijn nieuwe rol en benadrukte het belang van de haven van Osnabr\u00fcck, die beschikt over een eigen werkplaats, infrastructuur en spoorwegbedrijf. &#8222;De taak om de haven toekomstgericht verder te ontwikkelen en veilig te positioneren, spreekt me bijzonder aan,&#8220; verklaarde hij. Met zijn jarenlange ervaring en strategische blik zal hij de verdere ontwikkeling van de spoor- en havenactiviteiten in de regio aanzienlijk bevorderen.<\/p>\n<p>De Eisenbahn- und Hafenbetriebsgesellschaft (EHB) is een 100 procent dochteronderneming van de Stadtwerke Osnabr\u00fcck. Zij is verantwoordelijk voor de exploitatie, de infrastructuur en de ontwikkeling van de haven van Osnabr\u00fcck. Tot de taken van de EHB behoort met name de goederenoverslag tussen spoor en waterweg.<\/p>\n<p>&nbsp;<\/p>\n<p><a href=\"https:\/\/www.stadtwerke-osnabrueck.de\/\" target=\"_blank\" rel=\"noopener noreferrer\">www.stadtwerke-osnabrueck.de<\/a><\/p>\n<p>&nbsp;<\/p>\n","protected":false},"excerpt":{"rendered":"<p>Johann Ubben heeft de leiding van de Spoor- en Havenbedrijfmaatschappij Regio Osnabr\u00fcck overgenomen en zal de haven toekomstgericht verder ontwikkelen.<\/p>\n","protected":false},"author":12,"featured_media":73430,"comment_status":"open","ping_status":"open","sticky":false,"template":"","format":"standard","meta":{"_acf_changed":false,"footnotes":""},"categories":[1597,1599,1591],"tags":[6683,6684,6685,6686,6687,3739,6688,3710,3711,6689,6690,2122,6691,6692,2909,6693,3745,2075,6694,6695,6696,2133,1831,6697,6698,6699,6700,6701,3726,2925,6702,6703,2145,6704,2929,2148,6705,6706,6707,6708,2339,6709,6710],"class_list":["post-73436","post","type-post","status-publish","format-standard","has-post-thumbnail","hentry","category-regios","category-europa","category-mensen-bedrijven","tag-captrain-group","tag-captrain-gruppe","tag-cargo-handling-rail-waterway","tag-connexions-de-transport-internationales","tag-deutsch-eisenbahn-und-hafenbetriebsgesellschaft","tag-developpement-des-infrastructures","tag-developpement-strategique-du-port","tag-digitalisierung-im-hafen","tag-digitalization-in-ports","tag-eisenbahnbranche","tag-enercon","tag-fachkraeftemangel-logistik","tag-groupe-captrain","tag-gueterumschlag-schiene-wasserstrasse","tag-hafenbetrieb","tag-industrie-ferroviaire","tag-infrastructure-development","tag-infrastrukturentwicklung","tag-international-transport-connections","tag-internationale-verkehrsverbindungen","tag-johann-ubben","tag-logistics-service-providers","tag-logistikdienstleister","tag-manutention-de-marchandises-rail-voie-navigable","tag-modernisation-des-parcs-de-locomotives","tag-modernisierung-lokparks","tag-modernization-of-locomotive-fleets","tag-netinera","tag-numerisation-dans-les-ports","tag-operations-portuaires","tag-osnabrueck-port","tag-osnabruecker-hafen","tag-penurie-de-main-doeuvre-logistique","tag-port-dosnabrueck","tag-port-operations","tag-prestataires-de-services-logistiques","tag-railway-industry","tag-reactivation-des-lignes-ferroviaires","tag-reactivation-of-railway-lines-francais-societe-dexploitation-ferroviaire-et-portuaire","tag-reaktivierung-eisenbahnstrecken-english-rail-and-port-operating-company","tag-skills-shortage-logistics","tag-strategic-port-development","tag-strategische-weiterentwicklung-hafen"],"acf":[],"yoast_head":"<!-- This site is optimized with the Yoast SEO plugin v27.3 - https:\/\/yoast.com\/product\/yoast-seo-wordpress\/ -->\n<title>Johann Ubben nieuwe directeur van de EHB - ITJ | International Transport Journal<\/title>\n<meta name=\"robots\" content=\"index, follow, max-snippet:-1, max-image-preview:large, max-video-preview:-1\" \/>\n<link rel=\"canonical\" href=\"https:\/\/transportjournal.com\/nl\/2026\/01\/19\/johann-ubben-nieuwe-directeur-van-de-ehb\/\" \/>\n<meta property=\"og:locale\" content=\"nl_NL\" \/>\n<meta property=\"og:type\" content=\"article\" \/>\n<meta property=\"og:title\" content=\"Johann Ubben nieuwe directeur van de EHB - ITJ | International Transport Journal\" \/>\n<meta property=\"og:description\" content=\"Johann Ubben heeft de leiding van de Spoor- en Havenbedrijfmaatschappij Regio Osnabr\u00fcck overgenomen en zal de haven toekomstgericht verder ontwikkelen.\" \/>\n<meta property=\"og:url\" content=\"https:\/\/transportjournal.com\/nl\/2026\/01\/19\/johann-ubben-nieuwe-directeur-van-de-ehb\/\" \/>\n<meta property=\"og:site_name\" content=\"ITJ | International Transport Journal\" \/>\n<meta property=\"article:published_time\" content=\"2026-01-19T11:40:46+00:00\" \/>\n<meta property=\"article:modified_time\" content=\"2026-01-19T11:52:12+00:00\" \/>\n<meta property=\"og:image\" content=\"https:\/\/transportjournal.com\/wp-content\/uploads\/sites\/2\/2026\/01\/EHB-johann.ubben_-aspect-ratio-1400-788.webp\" \/>\n\t<meta property=\"og:image:width\" content=\"560\" \/>\n\t<meta property=\"og:image:height\" content=\"315\" \/>\n\t<meta property=\"og:image:type\" content=\"image\/webp\" \/>\n<meta name=\"author\" content=\"Andreas Haug\" \/>\n<meta name=\"twitter:card\" content=\"summary_large_image\" \/>\n<meta name=\"twitter:label1\" content=\"Geschreven door\" \/>\n\t<meta name=\"twitter:data1\" content=\"Andreas Haug\" \/>\n\t<meta name=\"twitter:label2\" content=\"Geschatte leestijd\" \/>\n\t<meta name=\"twitter:data2\" content=\"1 minuut\" \/>\n<script type=\"application\/ld+json\" class=\"yoast-schema-graph\">{\"@context\":\"https:\\\/\\\/schema.org\",\"@graph\":[{\"@type\":\"Article\",\"@id\":\"https:\\\/\\\/transportjournal.com\\\/nl\\\/2026\\\/01\\\/19\\\/johann-ubben-nieuwe-directeur-van-de-ehb\\\/#article\",\"isPartOf\":{\"@id\":\"https:\\\/\\\/transportjournal.com\\\/nl\\\/2026\\\/01\\\/19\\\/johann-ubben-nieuwe-directeur-van-de-ehb\\\/\"},\"author\":{\"name\":\"Andreas Haug\",\"@id\":\"https:\\\/\\\/transportjournal.com\\\/nl\\\/#\\\/schema\\\/person\\\/cf538b3157f15afd7589245a4b3dbd25\"},\"headline\":\"Johann Ubben nieuwe directeur van de EHB\",\"datePublished\":\"2026-01-19T11:40:46+00:00\",\"dateModified\":\"2026-01-19T11:52:12+00:00\",\"mainEntityOfPage\":{\"@id\":\"https:\\\/\\\/transportjournal.com\\\/nl\\\/2026\\\/01\\\/19\\\/johann-ubben-nieuwe-directeur-van-de-ehb\\\/\"},\"wordCount\":225,\"commentCount\":0,\"publisher\":{\"@id\":\"https:\\\/\\\/transportjournal.com\\\/nl\\\/#organization\"},\"image\":{\"@id\":\"https:\\\/\\\/transportjournal.com\\\/nl\\\/2026\\\/01\\\/19\\\/johann-ubben-nieuwe-directeur-van-de-ehb\\\/#primaryimage\"},\"thumbnailUrl\":\"https:\\\/\\\/transportjournal.com\\\/wp-content\\\/uploads\\\/sites\\\/2\\\/2026\\\/01\\\/EHB-johann.ubben_-aspect-ratio-1400-788.webp\",\"keywords\":[\"Captrain Group\",\"Captrain-Gruppe\",\"cargo handling rail waterway\",\"connexions de transport internationales\",\"Deutsch Eisenbahn- und Hafenbetriebsgesellschaft\",\"d\u00e9veloppement des infrastructures\",\"d\u00e9veloppement strat\u00e9gique du port\",\"Digitalisierung im Hafen\",\"digitalization in ports\",\"Eisenbahnbranche\",\"ENERCON\",\"Fachkr\u00e4ftemangel Logistik\",\"groupe Captrain\",\"G\u00fcterumschlag Schiene Wasserstra\u00dfe\",\"Hafenbetrieb\",\"industrie ferroviaire\",\"infrastructure development\",\"Infrastrukturentwicklung\",\"international transport connections\",\"internationale Verkehrsverbindungen\",\"Johann Ubben\",\"logistics service providers\",\"Logistikdienstleister\",\"manutention de marchandises rail voie navigable\",\"modernisation des parcs de locomotives\",\"Modernisierung Lokparks\",\"modernization of locomotive fleets\",\"NETINERA\",\"num\u00e9risation dans les ports\",\"op\u00e9rations portuaires\",\"Osnabr\u00fcck Port\",\"Osnabr\u00fccker Hafen\",\"p\u00e9nurie de main-d'\u0153uvre logistique\",\"port d'Osnabr\u00fcck\",\"port operations\",\"prestataires de services logistiques\",\"railway industry\",\"r\u00e9activation des lignes ferroviaires\",\"reactivation of railway lines Fran\u00e7ais Soci\u00e9t\u00e9 d'exploitation ferroviaire et portuaire\",\"Reaktivierung Eisenbahnstrecken English Rail and Port Operating Company\",\"skills shortage logistics\",\"strategic port development\",\"strategische Weiterentwicklung Hafen\"],\"articleSection\":[\"Contreien\",\"Europa\",\"Mensen &amp; Bedrijven\"],\"inLanguage\":\"nl-NL\",\"potentialAction\":[{\"@type\":\"CommentAction\",\"name\":\"Comment\",\"target\":[\"https:\\\/\\\/transportjournal.com\\\/nl\\\/2026\\\/01\\\/19\\\/johann-ubben-nieuwe-directeur-van-de-ehb\\\/#respond\"]}]},{\"@type\":\"WebPage\",\"@id\":\"https:\\\/\\\/transportjournal.com\\\/nl\\\/2026\\\/01\\\/19\\\/johann-ubben-nieuwe-directeur-van-de-ehb\\\/\",\"url\":\"https:\\\/\\\/transportjournal.com\\\/nl\\\/2026\\\/01\\\/19\\\/johann-ubben-nieuwe-directeur-van-de-ehb\\\/\",\"name\":\"Johann Ubben nieuwe directeur van de EHB - ITJ | International Transport Journal\",\"isPartOf\":{\"@id\":\"https:\\\/\\\/transportjournal.com\\\/nl\\\/#website\"},\"primaryImageOfPage\":{\"@id\":\"https:\\\/\\\/transportjournal.com\\\/nl\\\/2026\\\/01\\\/19\\\/johann-ubben-nieuwe-directeur-van-de-ehb\\\/#primaryimage\"},\"image\":{\"@id\":\"https:\\\/\\\/transportjournal.com\\\/nl\\\/2026\\\/01\\\/19\\\/johann-ubben-nieuwe-directeur-van-de-ehb\\\/#primaryimage\"},\"thumbnailUrl\":\"https:\\\/\\\/transportjournal.com\\\/wp-content\\\/uploads\\\/sites\\\/2\\\/2026\\\/01\\\/EHB-johann.ubben_-aspect-ratio-1400-788.webp\",\"datePublished\":\"2026-01-19T11:40:46+00:00\",\"dateModified\":\"2026-01-19T11:52:12+00:00\",\"breadcrumb\":{\"@id\":\"https:\\\/\\\/transportjournal.com\\\/nl\\\/2026\\\/01\\\/19\\\/johann-ubben-nieuwe-directeur-van-de-ehb\\\/#breadcrumb\"},\"inLanguage\":\"nl-NL\",\"potentialAction\":[{\"@type\":\"ReadAction\",\"target\":[\"https:\\\/\\\/transportjournal.com\\\/nl\\\/2026\\\/01\\\/19\\\/johann-ubben-nieuwe-directeur-van-de-ehb\\\/\"]}]},{\"@type\":\"ImageObject\",\"inLanguage\":\"nl-NL\",\"@id\":\"https:\\\/\\\/transportjournal.com\\\/nl\\\/2026\\\/01\\\/19\\\/johann-ubben-nieuwe-directeur-van-de-ehb\\\/#primaryimage\",\"url\":\"https:\\\/\\\/transportjournal.com\\\/wp-content\\\/uploads\\\/sites\\\/2\\\/2026\\\/01\\\/EHB-johann.ubben_-aspect-ratio-1400-788.webp\",\"contentUrl\":\"https:\\\/\\\/transportjournal.com\\\/wp-content\\\/uploads\\\/sites\\\/2\\\/2026\\\/01\\\/EHB-johann.ubben_-aspect-ratio-1400-788.webp\",\"width\":560,\"height\":315},{\"@type\":\"BreadcrumbList\",\"@id\":\"https:\\\/\\\/transportjournal.com\\\/nl\\\/2026\\\/01\\\/19\\\/johann-ubben-nieuwe-directeur-van-de-ehb\\\/#breadcrumb\",\"itemListElement\":[{\"@type\":\"ListItem\",\"position\":1,\"name\":\"Startseite\",\"item\":\"https:\\\/\\\/transportjournal.com\\\/nl\\\/\"},{\"@type\":\"ListItem\",\"position\":2,\"name\":\"Johann Ubben nieuwe directeur van de EHB\"}]},{\"@type\":\"WebSite\",\"@id\":\"https:\\\/\\\/transportjournal.com\\\/nl\\\/#website\",\"url\":\"https:\\\/\\\/transportjournal.com\\\/nl\\\/\",\"name\":\"ITJ | International Transport Journal\",\"description\":\"Stay informed with the latest global news from the transport, logistics, and supply chain industries. Transport Journal delivers expert insights, analysis, and updates across shipping, aviation, intermodal, and forwarding.\",\"publisher\":{\"@id\":\"https:\\\/\\\/transportjournal.com\\\/nl\\\/#organization\"},\"potentialAction\":[{\"@type\":\"SearchAction\",\"target\":{\"@type\":\"EntryPoint\",\"urlTemplate\":\"https:\\\/\\\/transportjournal.com\\\/nl\\\/?s={search_term_string}\"},\"query-input\":{\"@type\":\"PropertyValueSpecification\",\"valueRequired\":true,\"valueName\":\"search_term_string\"}}],\"inLanguage\":\"nl-NL\"},{\"@type\":\"Organization\",\"@id\":\"https:\\\/\\\/transportjournal.com\\\/nl\\\/#organization\",\"name\":\"Logismedia Groep AG\",\"alternateName\":\"Logismedia Group AG\",\"url\":\"https:\\\/\\\/transportjournal.com\\\/nl\\\/\",\"logo\":{\"@type\":\"ImageObject\",\"inLanguage\":\"nl-NL\",\"@id\":\"https:\\\/\\\/transportjournal.com\\\/nl\\\/#\\\/schema\\\/logo\\\/image\\\/\",\"url\":\"https:\\\/\\\/transportjournal.com\\\/wp-content\\\/uploads\\\/sites\\\/2\\\/2025\\\/09\\\/Logo_ITJ.png\",\"contentUrl\":\"https:\\\/\\\/transportjournal.com\\\/wp-content\\\/uploads\\\/sites\\\/2\\\/2025\\\/09\\\/Logo_ITJ.png\",\"width\":799,\"height\":326,\"caption\":\"Logismedia Groep AG\"},\"image\":{\"@id\":\"https:\\\/\\\/transportjournal.com\\\/nl\\\/#\\\/schema\\\/logo\\\/image\\\/\"},\"sameAs\":[\"https:\\\/\\\/www.linkedin.com\\\/company\\\/56456496\\\/admin\\\/dashboard\\\/\",\"https:\\\/\\\/www.instagram.com\\\/logismediagroup\\\/\",\"https:\\\/\\\/www.youtube.com\\\/@LogiamediaGroupAG\"]},{\"@type\":\"Person\",\"@id\":\"https:\\\/\\\/transportjournal.com\\\/nl\\\/#\\\/schema\\\/person\\\/cf538b3157f15afd7589245a4b3dbd25\",\"name\":\"Andreas Haug\",\"url\":\"https:\\\/\\\/transportjournal.com\\\/nl\\\/author\\\/andreas\\\/\"}]}<\/script>\n<!-- \/ Yoast SEO plugin. -->","yoast_head_json":{"title":"Johann Ubben nieuwe directeur van de EHB - ITJ | International Transport Journal","robots":{"index":"index","follow":"follow","max-snippet":"max-snippet:-1","max-image-preview":"max-image-preview:large","max-video-preview":"max-video-preview:-1"},"canonical":"https:\/\/transportjournal.com\/nl\/2026\/01\/19\/johann-ubben-nieuwe-directeur-van-de-ehb\/","og_locale":"nl_NL","og_type":"article","og_title":"Johann Ubben nieuwe directeur van de EHB - ITJ | International Transport Journal","og_description":"Johann Ubben heeft de leiding van de Spoor- en Havenbedrijfmaatschappij Regio Osnabr\u00fcck overgenomen en zal de haven toekomstgericht verder ontwikkelen.","og_url":"https:\/\/transportjournal.com\/nl\/2026\/01\/19\/johann-ubben-nieuwe-directeur-van-de-ehb\/","og_site_name":"ITJ | International Transport Journal","article_published_time":"2026-01-19T11:40:46+00:00","article_modified_time":"2026-01-19T11:52:12+00:00","og_image":[{"width":560,"height":315,"url":"https:\/\/transportjournal.com\/wp-content\/uploads\/sites\/2\/2026\/01\/EHB-johann.ubben_-aspect-ratio-1400-788.webp","type":"image\/webp"}],"author":"Andreas Haug","twitter_card":"summary_large_image","twitter_misc":{"Geschreven door":"Andreas Haug","Geschatte leestijd":"1 minuut"},"schema":{"@context":"https:\/\/schema.org","@graph":[{"@type":"Article","@id":"https:\/\/transportjournal.com\/nl\/2026\/01\/19\/johann-ubben-nieuwe-directeur-van-de-ehb\/#article","isPartOf":{"@id":"https:\/\/transportjournal.com\/nl\/2026\/01\/19\/johann-ubben-nieuwe-directeur-van-de-ehb\/"},"author":{"name":"Andreas Haug","@id":"https:\/\/transportjournal.com\/nl\/#\/schema\/person\/cf538b3157f15afd7589245a4b3dbd25"},"headline":"Johann Ubben nieuwe directeur van de EHB","datePublished":"2026-01-19T11:40:46+00:00","dateModified":"2026-01-19T11:52:12+00:00","mainEntityOfPage":{"@id":"https:\/\/transportjournal.com\/nl\/2026\/01\/19\/johann-ubben-nieuwe-directeur-van-de-ehb\/"},"wordCount":225,"commentCount":0,"publisher":{"@id":"https:\/\/transportjournal.com\/nl\/#organization"},"image":{"@id":"https:\/\/transportjournal.com\/nl\/2026\/01\/19\/johann-ubben-nieuwe-directeur-van-de-ehb\/#primaryimage"},"thumbnailUrl":"https:\/\/transportjournal.com\/wp-content\/uploads\/sites\/2\/2026\/01\/EHB-johann.ubben_-aspect-ratio-1400-788.webp","keywords":["Captrain Group","Captrain-Gruppe","cargo handling rail waterway","connexions de transport internationales","Deutsch Eisenbahn- und Hafenbetriebsgesellschaft","d\u00e9veloppement des infrastructures","d\u00e9veloppement strat\u00e9gique du port","Digitalisierung im Hafen","digitalization in ports","Eisenbahnbranche","ENERCON","Fachkr\u00e4ftemangel Logistik","groupe Captrain","G\u00fcterumschlag Schiene Wasserstra\u00dfe","Hafenbetrieb","industrie ferroviaire","infrastructure development","Infrastrukturentwicklung","international transport connections","internationale Verkehrsverbindungen","Johann Ubben","logistics service providers","Logistikdienstleister","manutention de marchandises rail voie navigable","modernisation des parcs de locomotives","Modernisierung Lokparks","modernization of locomotive fleets","NETINERA","num\u00e9risation dans les ports","op\u00e9rations portuaires","Osnabr\u00fcck Port","Osnabr\u00fccker Hafen","p\u00e9nurie de main-d'\u0153uvre logistique","port d'Osnabr\u00fcck","port operations","prestataires de services logistiques","railway industry","r\u00e9activation des lignes ferroviaires","reactivation of railway lines Fran\u00e7ais Soci\u00e9t\u00e9 d'exploitation ferroviaire et portuaire","Reaktivierung Eisenbahnstrecken English Rail and Port Operating Company","skills shortage logistics","strategic port development","strategische Weiterentwicklung Hafen"],"articleSection":["Contreien","Europa","Mensen &amp; Bedrijven"],"inLanguage":"nl-NL","potentialAction":[{"@type":"CommentAction","name":"Comment","target":["https:\/\/transportjournal.com\/nl\/2026\/01\/19\/johann-ubben-nieuwe-directeur-van-de-ehb\/#respond"]}]},{"@type":"WebPage","@id":"https:\/\/transportjournal.com\/nl\/2026\/01\/19\/johann-ubben-nieuwe-directeur-van-de-ehb\/","url":"https:\/\/transportjournal.com\/nl\/2026\/01\/19\/johann-ubben-nieuwe-directeur-van-de-ehb\/","name":"Johann Ubben nieuwe directeur van de EHB - ITJ | International Transport Journal","isPartOf":{"@id":"https:\/\/transportjournal.com\/nl\/#website"},"primaryImageOfPage":{"@id":"https:\/\/transportjournal.com\/nl\/2026\/01\/19\/johann-ubben-nieuwe-directeur-van-de-ehb\/#primaryimage"},"image":{"@id":"https:\/\/transportjournal.com\/nl\/2026\/01\/19\/johann-ubben-nieuwe-directeur-van-de-ehb\/#primaryimage"},"thumbnailUrl":"https:\/\/transportjournal.com\/wp-content\/uploads\/sites\/2\/2026\/01\/EHB-johann.ubben_-aspect-ratio-1400-788.webp","datePublished":"2026-01-19T11:40:46+00:00","dateModified":"2026-01-19T11:52:12+00:00","breadcrumb":{"@id":"https:\/\/transportjournal.com\/nl\/2026\/01\/19\/johann-ubben-nieuwe-directeur-van-de-ehb\/#breadcrumb"},"inLanguage":"nl-NL","potentialAction":[{"@type":"ReadAction","target":["https:\/\/transportjournal.com\/nl\/2026\/01\/19\/johann-ubben-nieuwe-directeur-van-de-ehb\/"]}]},{"@type":"ImageObject","inLanguage":"nl-NL","@id":"https:\/\/transportjournal.com\/nl\/2026\/01\/19\/johann-ubben-nieuwe-directeur-van-de-ehb\/#primaryimage","url":"https:\/\/transportjournal.com\/wp-content\/uploads\/sites\/2\/2026\/01\/EHB-johann.ubben_-aspect-ratio-1400-788.webp","contentUrl":"https:\/\/transportjournal.com\/wp-content\/uploads\/sites\/2\/2026\/01\/EHB-johann.ubben_-aspect-ratio-1400-788.webp","width":560,"height":315},{"@type":"BreadcrumbList","@id":"https:\/\/transportjournal.com\/nl\/2026\/01\/19\/johann-ubben-nieuwe-directeur-van-de-ehb\/#breadcrumb","itemListElement":[{"@type":"ListItem","position":1,"name":"Startseite","item":"https:\/\/transportjournal.com\/nl\/"},{"@type":"ListItem","position":2,"name":"Johann Ubben nieuwe directeur van de EHB"}]},{"@type":"WebSite","@id":"https:\/\/transportjournal.com\/nl\/#website","url":"https:\/\/transportjournal.com\/nl\/","name":"ITJ | International Transport Journal","description":"Stay informed with the latest global news from the transport, logistics, and supply chain industries. Transport Journal delivers expert insights, analysis, and updates across shipping, aviation, intermodal, and forwarding.","publisher":{"@id":"https:\/\/transportjournal.com\/nl\/#organization"},"potentialAction":[{"@type":"SearchAction","target":{"@type":"EntryPoint","urlTemplate":"https:\/\/transportjournal.com\/nl\/?s={search_term_string}"},"query-input":{"@type":"PropertyValueSpecification","valueRequired":true,"valueName":"search_term_string"}}],"inLanguage":"nl-NL"},{"@type":"Organization","@id":"https:\/\/transportjournal.com\/nl\/#organization","name":"Logismedia Groep AG","alternateName":"Logismedia Group AG","url":"https:\/\/transportjournal.com\/nl\/","logo":{"@type":"ImageObject","inLanguage":"nl-NL","@id":"https:\/\/transportjournal.com\/nl\/#\/schema\/logo\/image\/","url":"https:\/\/transportjournal.com\/wp-content\/uploads\/sites\/2\/2025\/09\/Logo_ITJ.png","contentUrl":"https:\/\/transportjournal.com\/wp-content\/uploads\/sites\/2\/2025\/09\/Logo_ITJ.png","width":799,"height":326,"caption":"Logismedia Groep AG"},"image":{"@id":"https:\/\/transportjournal.com\/nl\/#\/schema\/logo\/image\/"},"sameAs":["https:\/\/www.linkedin.com\/company\/56456496\/admin\/dashboard\/","https:\/\/www.instagram.com\/logismediagroup\/","https:\/\/www.youtube.com\/@LogiamediaGroupAG"]},{"@type":"Person","@id":"https:\/\/transportjournal.com\/nl\/#\/schema\/person\/cf538b3157f15afd7589245a4b3dbd25","name":"Andreas Haug","url":"https:\/\/transportjournal.com\/nl\/author\/andreas\/"}]}},"_links":{"self":[{"href":"https:\/\/transportjournal.com\/nl\/wp-json\/wp\/v2\/posts\/73436","targetHints":{"allow":["GET"]}}],"collection":[{"href":"https:\/\/transportjournal.com\/nl\/wp-json\/wp\/v2\/posts"}],"about":[{"href":"https:\/\/transportjournal.com\/nl\/wp-json\/wp\/v2\/types\/post"}],"author":[{"embeddable":true,"href":"https:\/\/transportjournal.com\/nl\/wp-json\/wp\/v2\/users\/12"}],"replies":[{"embeddable":true,"href":"https:\/\/transportjournal.com\/nl\/wp-json\/wp\/v2\/comments?post=73436"}],"version-history":[{"count":4,"href":"https:\/\/transportjournal.com\/nl\/wp-json\/wp\/v2\/posts\/73436\/revisions"}],"predecessor-version":[{"id":73463,"href":"https:\/\/transportjournal.com\/nl\/wp-json\/wp\/v2\/posts\/73436\/revisions\/73463"}],"wp:featuredmedia":[{"embeddable":true,"href":"https:\/\/transportjournal.com\/nl\/wp-json\/wp\/v2\/media\/73430"}],"wp:attachment":[{"href":"https:\/\/transportjournal.com\/nl\/wp-json\/wp\/v2\/media?parent=73436"}],"wp:term":[{"taxonomy":"category","embeddable":true,"href":"https:\/\/transportjournal.com\/nl\/wp-json\/wp\/v2\/categories?post=73436"},{"taxonomy":"post_tag","embeddable":true,"href":"https:\/\/transportjournal.com\/nl\/wp-json\/wp\/v2\/tags?post=73436"}],"curies":[{"name":"wp","href":"https:\/\/api.w.org\/{rel}","templated":true}]}}