{"id":73374,"date":"2026-01-19T08:26:09","date_gmt":"2026-01-19T08:26:09","guid":{"rendered":"https:\/\/transportjournal.com\/2026\/01\/19\/maersk-air-cargo-nieuw-era-lid\/"},"modified":"2026-01-19T15:58:41","modified_gmt":"2026-01-19T14:58:41","slug":"maersk-air-cargo-nieuw-era-lid","status":"publish","type":"post","link":"https:\/\/transportjournal.com\/nl\/2026\/01\/19\/maersk-air-cargo-nieuw-era-lid\/","title":{"rendered":"Maersk Air Cargo nieuw ERA-lid"},"content":{"rendered":"<p>De European Regions Airline Association (ERA) heeft aangekondigd dat Maersk Air Cargo als nieuw lid is opgenomen in de vereniging. Dit lidmaatschap is bedoeld om de vertegenwoordiging van het diverse en zich ontwikkelende luchtvaartlandschap in Europa te versterken.<\/p>\n<p>Maersk Air Cargo speelt een centrale rol in de ge\u00efntegreerde logistiekstrategie van Maersk en brengt tientallen jaren ervaring in de luchtvrachtsector mee. De luchtvaartmaatschappij heeft hubs in Denemarken, Duitsland, Belgi\u00eb, het Verenigd Koninkrijk en China en verbindt meer dan 30 luchthavens wereldwijd via geplande vluchten. Daarnaast worden extra luchthavens bediend via chartervluchten. De vloot bestaat uit 19 vliegtuigen, waaronder Boeing 777 en 767, die wekelijks meer dan 400 vluchten uitvoeren in een groeiend wereldwijd netwerk.<\/p>\n<h3>Uitbreiding van luchtvrachtcompetentie<\/h3>\n<p>Lars Jordahn, CEO van Maersk Air Cargo, toonde zich verheugd over het lidmaatschap: \u201eMaersk Air Cargo is enthousiast om lid te worden van de ERA om onze regionale en Europese stem te versterken, terwijl we onze aanwezigheid en bijdrage aan de toekomst van luchtvracht uitbreiden.\u201c<\/p>\n<p>Montserrat Barriga, algemeen directeur van de ERA, benadrukte het belang van Maersk Air Cargo voor de gemeenschap van luchtvaartmaatschappijen binnen de ERA: \u201eMaersk Air Cargo brengt aanzienlijke expertise op het gebied van luchtvracht en een sterke ge\u00efntegreerde logistieke visie in de luchtvaartgemeenschap van de ERA. Luchtvracht is een essenti\u00eble factor voor de Europese en mondiale connectiviteit, en de toekomstgerichte benadering van Maersk Air Cargo, gecombineerd met zijn operationele schaalvergroting en focus op duurzaamheid, draagt aanzienlijk bij aan onze gezamenlijke inzet in Europa.\u201c<\/p>\n<p>Het lidmaatschap van Maersk Air Cargo onderstreept de rol van de ERA als stem voor passagiers- en vrachtluchtvaartmaatschappijen die in Europa en daarbuiten actief zijn. Terwijl Maersk Air Cargo zijn operaties blijft uitbreiden en milieuvriendelijke praktijken nastreeft, wordt de samenwerking met de ERA als waardevol beschouwd om de belangen van de luchtvaartsector te vertegenwoordigen.<\/p>\n<p>&nbsp;<\/p>\n<p><a href=\"https:\/\/www.eraa.org\/\" target=\"_blank\" rel=\"noopener noreferrer\">www.era.org<\/a><\/p>\n<p>&nbsp;<\/p>\n<p><a href=\"https:\/\/www.maersk.com\/\" target=\"_blank\" rel=\"noopener noreferrer\">www.maersk.com<\/a><\/p>\n<p>&nbsp;<\/p>\n","protected":false},"excerpt":{"rendered":"<p>Maersk Air Cargo is als nieuw lid opgenomen in de European Regions Airline Association om het luchtvaartlandschap in Europa te versterken en de belangen van de sector te vertegenwoordigen<\/p>\n","protected":false},"author":12,"featured_media":73481,"comment_status":"open","ping_status":"open","sticky":false,"template":"","format":"standard","meta":{"_acf_changed":false,"footnotes":""},"categories":[1597,1599,1594],"tags":[6427,2648,6428,3447,6429,6430,6431,6432,6433,4364,6434,6435,6436,6437,6438,6439,6440,6441,6093,6442,6443,6444,6445,6446,6447,6448,6449,6450,6451,6452,6453,6454,6455,6456,2655,6457,6458,6459,2821,1831,6460,1962,6461,3472,6462,3475,4395,2829,6463,6464,4403,6465,6466,6467],"class_list":["post-73374","post","type-post","status-publish","format-standard","has-post-thumbnail","hentry","category-regios","category-europa","category-luchtvracht","tag-adhesion-era","tag-air-freight","tag-air-freight-expertise","tag-air-freight-market","tag-air-transport-strategy","tag-airlines-europe","tag-airport-connections","tag-allemagne","tag-association-europeenne-des-regions-aeriennes","tag-aviation-durable","tag-belgien","tag-belgique","tag-belgium","tag-boeing-777","tag-charter-flights","tag-charterfluege","tag-china-english-maersk-air-cargo","tag-china-francais-maersk-air-cargo","tag-chine","tag-compagnies-aeriennes-europe","tag-connectivite-europeenne","tag-connexions-aeroportuaires","tag-daenemark","tag-denmark","tag-deutsch-maersk-air-cargo","tag-deutschland","tag-era-membership","tag-era-mitgliedschaft","tag-europaeische-konnektivitaet","tag-european-connectivity","tag-european-regions-airline-association","tag-expertise-en-fret-aerien","tag-fluggesellschaften-europa","tag-flughafenverbindungen","tag-fret-aerien","tag-germany","tag-integrated-logistics","tag-integrierte-logistik","tag-logistics-providers","tag-logistikdienstleister","tag-logistique-integree","tag-luftfracht","tag-luftfrachtkompetenz","tag-luftfrachtmarkt","tag-luftverkehrsstrategie","tag-marche-du-fret-aerien","tag-nachhaltige-luftfahrt","tag-prestataires-logistiques","tag-royaume-uni","tag-strategie-de-transport-aerien","tag-sustainable-aviation","tag-united-kingdom","tag-vereinigtes-koenigreich","tag-vols-charter"],"acf":[],"yoast_head":"<!-- This site is optimized with the Yoast SEO plugin v27.3 - https:\/\/yoast.com\/product\/yoast-seo-wordpress\/ -->\n<title>Maersk Air Cargo nieuw ERA-lid - ITJ | International Transport Journal<\/title>\n<meta name=\"robots\" content=\"index, follow, max-snippet:-1, max-image-preview:large, max-video-preview:-1\" \/>\n<link rel=\"canonical\" href=\"https:\/\/transportjournal.com\/nl\/2026\/01\/19\/maersk-air-cargo-nieuw-era-lid\/\" \/>\n<meta property=\"og:locale\" content=\"nl_NL\" \/>\n<meta property=\"og:type\" content=\"article\" \/>\n<meta property=\"og:title\" content=\"Maersk Air Cargo nieuw ERA-lid - ITJ | International Transport Journal\" \/>\n<meta property=\"og:description\" content=\"Maersk Air Cargo is als nieuw lid opgenomen in de European Regions Airline Association om het luchtvaartlandschap in Europa te versterken en de belangen van de sector te vertegenwoordigen\" \/>\n<meta property=\"og:url\" content=\"https:\/\/transportjournal.com\/nl\/2026\/01\/19\/maersk-air-cargo-nieuw-era-lid\/\" \/>\n<meta property=\"og:site_name\" content=\"ITJ | International Transport Journal\" \/>\n<meta property=\"article:published_time\" content=\"2026-01-19T08:26:09+00:00\" \/>\n<meta property=\"article:modified_time\" content=\"2026-01-19T14:58:41+00:00\" \/>\n<meta name=\"author\" content=\"Andreas Haug\" \/>\n<meta name=\"twitter:card\" content=\"summary_large_image\" \/>\n<meta name=\"twitter:label1\" content=\"Geschreven door\" \/>\n\t<meta name=\"twitter:data1\" content=\"Andreas Haug\" \/>\n\t<meta name=\"twitter:label2\" content=\"Geschatte leestijd\" \/>\n\t<meta name=\"twitter:data2\" content=\"2 minuut\" \/>\n<script type=\"application\/ld+json\" class=\"yoast-schema-graph\">{\"@context\":\"https:\\\/\\\/schema.org\",\"@graph\":[{\"@type\":\"Article\",\"@id\":\"https:\\\/\\\/transportjournal.com\\\/nl\\\/2026\\\/01\\\/19\\\/maersk-air-cargo-nieuw-era-lid\\\/#article\",\"isPartOf\":{\"@id\":\"https:\\\/\\\/transportjournal.com\\\/nl\\\/2026\\\/01\\\/19\\\/maersk-air-cargo-nieuw-era-lid\\\/\"},\"author\":{\"name\":\"Andreas Haug\",\"@id\":\"https:\\\/\\\/transportjournal.com\\\/nl\\\/#\\\/schema\\\/person\\\/cf538b3157f15afd7589245a4b3dbd25\"},\"headline\":\"Maersk Air Cargo nieuw ERA-lid\",\"datePublished\":\"2026-01-19T08:26:09+00:00\",\"dateModified\":\"2026-01-19T14:58:41+00:00\",\"mainEntityOfPage\":{\"@id\":\"https:\\\/\\\/transportjournal.com\\\/nl\\\/2026\\\/01\\\/19\\\/maersk-air-cargo-nieuw-era-lid\\\/\"},\"wordCount\":309,\"commentCount\":0,\"publisher\":{\"@id\":\"https:\\\/\\\/transportjournal.com\\\/nl\\\/#organization\"},\"image\":{\"@id\":\"https:\\\/\\\/transportjournal.com\\\/nl\\\/2026\\\/01\\\/19\\\/maersk-air-cargo-nieuw-era-lid\\\/#primaryimage\"},\"thumbnailUrl\":\"https:\\\/\\\/transportjournal.com\\\/wp-content\\\/uploads\\\/sites\\\/2\\\/2026\\\/01\\\/Maersk.jpg\",\"keywords\":[\"adh\u00e9sion ERA\",\"air freight\",\"air freight expertise\",\"air freight market\",\"air transport strategy\",\"airlines Europe\",\"airport connections\",\"Allemagne\",\"Association Europ\u00e9enne des R\u00e9gions A\u00e9riennes\",\"aviation durable\",\"Belgien\",\"Belgique\",\"Belgium\",\"Boeing 777\",\"charter flights\",\"Charterfl\u00fcge\",\"China English Maersk Air Cargo\",\"China Fran\u00e7ais Maersk Air Cargo\",\"Chine\",\"compagnies a\u00e9riennes Europe\",\"connectivit\u00e9 europ\u00e9enne\",\"connexions a\u00e9roportuaires\",\"D\u00e4nemark\",\"Denmark\",\"Deutsch Maersk Air Cargo\",\"Deutschland\",\"ERA membership\",\"ERA Mitgliedschaft\",\"europ\u00e4ische Konnektivit\u00e4t\",\"European connectivity\",\"European Regions Airline Association\",\"expertise en fret a\u00e9rien\",\"Fluggesellschaften Europa\",\"Flughafenverbindungen\",\"fret a\u00e9rien\",\"Germany\",\"integrated logistics\",\"integrierte Logistik\",\"logistics providers\",\"Logistikdienstleister\",\"logistique int\u00e9gr\u00e9e\",\"Luftfracht\",\"Luftfrachtkompetenz\",\"Luftfrachtmarkt\",\"Luftverkehrsstrategie\",\"march\u00e9 du fret a\u00e9rien\",\"nachhaltige Luftfahrt\",\"prestataires logistiques\",\"Royaume-Uni\",\"strat\u00e9gie de transport a\u00e9rien\",\"sustainable aviation\",\"United Kingdom\",\"Vereinigtes K\u00f6nigreich\",\"vols charter\"],\"articleSection\":[\"Contreien\",\"Europa\",\"Luchtvracht\"],\"inLanguage\":\"nl-NL\",\"potentialAction\":[{\"@type\":\"CommentAction\",\"name\":\"Comment\",\"target\":[\"https:\\\/\\\/transportjournal.com\\\/nl\\\/2026\\\/01\\\/19\\\/maersk-air-cargo-nieuw-era-lid\\\/#respond\"]}]},{\"@type\":\"WebPage\",\"@id\":\"https:\\\/\\\/transportjournal.com\\\/nl\\\/2026\\\/01\\\/19\\\/maersk-air-cargo-nieuw-era-lid\\\/\",\"url\":\"https:\\\/\\\/transportjournal.com\\\/nl\\\/2026\\\/01\\\/19\\\/maersk-air-cargo-nieuw-era-lid\\\/\",\"name\":\"Maersk Air Cargo nieuw ERA-lid - ITJ | International Transport Journal\",\"isPartOf\":{\"@id\":\"https:\\\/\\\/transportjournal.com\\\/nl\\\/#website\"},\"primaryImageOfPage\":{\"@id\":\"https:\\\/\\\/transportjournal.com\\\/nl\\\/2026\\\/01\\\/19\\\/maersk-air-cargo-nieuw-era-lid\\\/#primaryimage\"},\"image\":{\"@id\":\"https:\\\/\\\/transportjournal.com\\\/nl\\\/2026\\\/01\\\/19\\\/maersk-air-cargo-nieuw-era-lid\\\/#primaryimage\"},\"thumbnailUrl\":\"https:\\\/\\\/transportjournal.com\\\/wp-content\\\/uploads\\\/sites\\\/2\\\/2026\\\/01\\\/Maersk.jpg\",\"datePublished\":\"2026-01-19T08:26:09+00:00\",\"dateModified\":\"2026-01-19T14:58:41+00:00\",\"breadcrumb\":{\"@id\":\"https:\\\/\\\/transportjournal.com\\\/nl\\\/2026\\\/01\\\/19\\\/maersk-air-cargo-nieuw-era-lid\\\/#breadcrumb\"},\"inLanguage\":\"nl-NL\",\"potentialAction\":[{\"@type\":\"ReadAction\",\"target\":[\"https:\\\/\\\/transportjournal.com\\\/nl\\\/2026\\\/01\\\/19\\\/maersk-air-cargo-nieuw-era-lid\\\/\"]}]},{\"@type\":\"ImageObject\",\"inLanguage\":\"nl-NL\",\"@id\":\"https:\\\/\\\/transportjournal.com\\\/nl\\\/2026\\\/01\\\/19\\\/maersk-air-cargo-nieuw-era-lid\\\/#primaryimage\",\"url\":\"https:\\\/\\\/transportjournal.com\\\/wp-content\\\/uploads\\\/sites\\\/2\\\/2026\\\/01\\\/Maersk.jpg\",\"contentUrl\":\"https:\\\/\\\/transportjournal.com\\\/wp-content\\\/uploads\\\/sites\\\/2\\\/2026\\\/01\\\/Maersk.jpg\",\"width\":720,\"height\":405},{\"@type\":\"BreadcrumbList\",\"@id\":\"https:\\\/\\\/transportjournal.com\\\/nl\\\/2026\\\/01\\\/19\\\/maersk-air-cargo-nieuw-era-lid\\\/#breadcrumb\",\"itemListElement\":[{\"@type\":\"ListItem\",\"position\":1,\"name\":\"Startseite\",\"item\":\"https:\\\/\\\/transportjournal.com\\\/nl\\\/\"},{\"@type\":\"ListItem\",\"position\":2,\"name\":\"Maersk Air Cargo nieuw ERA-lid\"}]},{\"@type\":\"WebSite\",\"@id\":\"https:\\\/\\\/transportjournal.com\\\/nl\\\/#website\",\"url\":\"https:\\\/\\\/transportjournal.com\\\/nl\\\/\",\"name\":\"ITJ | International Transport Journal\",\"description\":\"Stay informed with the latest global news from the transport, logistics, and supply chain industries. Transport Journal delivers expert insights, analysis, and updates across shipping, aviation, intermodal, and forwarding.\",\"publisher\":{\"@id\":\"https:\\\/\\\/transportjournal.com\\\/nl\\\/#organization\"},\"potentialAction\":[{\"@type\":\"SearchAction\",\"target\":{\"@type\":\"EntryPoint\",\"urlTemplate\":\"https:\\\/\\\/transportjournal.com\\\/nl\\\/?s={search_term_string}\"},\"query-input\":{\"@type\":\"PropertyValueSpecification\",\"valueRequired\":true,\"valueName\":\"search_term_string\"}}],\"inLanguage\":\"nl-NL\"},{\"@type\":\"Organization\",\"@id\":\"https:\\\/\\\/transportjournal.com\\\/nl\\\/#organization\",\"name\":\"Logismedia Groep AG\",\"alternateName\":\"Logismedia Group AG\",\"url\":\"https:\\\/\\\/transportjournal.com\\\/nl\\\/\",\"logo\":{\"@type\":\"ImageObject\",\"inLanguage\":\"nl-NL\",\"@id\":\"https:\\\/\\\/transportjournal.com\\\/nl\\\/#\\\/schema\\\/logo\\\/image\\\/\",\"url\":\"https:\\\/\\\/transportjournal.com\\\/wp-content\\\/uploads\\\/sites\\\/2\\\/2025\\\/09\\\/Logo_ITJ.png\",\"contentUrl\":\"https:\\\/\\\/transportjournal.com\\\/wp-content\\\/uploads\\\/sites\\\/2\\\/2025\\\/09\\\/Logo_ITJ.png\",\"width\":799,\"height\":326,\"caption\":\"Logismedia Groep AG\"},\"image\":{\"@id\":\"https:\\\/\\\/transportjournal.com\\\/nl\\\/#\\\/schema\\\/logo\\\/image\\\/\"},\"sameAs\":[\"https:\\\/\\\/www.linkedin.com\\\/company\\\/56456496\\\/admin\\\/dashboard\\\/\",\"https:\\\/\\\/www.instagram.com\\\/logismediagroup\\\/\",\"https:\\\/\\\/www.youtube.com\\\/@LogiamediaGroupAG\"]},{\"@type\":\"Person\",\"@id\":\"https:\\\/\\\/transportjournal.com\\\/nl\\\/#\\\/schema\\\/person\\\/cf538b3157f15afd7589245a4b3dbd25\",\"name\":\"Andreas Haug\",\"url\":\"https:\\\/\\\/transportjournal.com\\\/nl\\\/author\\\/andreas\\\/\"}]}<\/script>\n<!-- \/ Yoast SEO plugin. -->","yoast_head_json":{"title":"Maersk Air Cargo nieuw ERA-lid - ITJ | International Transport Journal","robots":{"index":"index","follow":"follow","max-snippet":"max-snippet:-1","max-image-preview":"max-image-preview:large","max-video-preview":"max-video-preview:-1"},"canonical":"https:\/\/transportjournal.com\/nl\/2026\/01\/19\/maersk-air-cargo-nieuw-era-lid\/","og_locale":"nl_NL","og_type":"article","og_title":"Maersk Air Cargo nieuw ERA-lid - ITJ | International Transport Journal","og_description":"Maersk Air Cargo is als nieuw lid opgenomen in de European Regions Airline Association om het luchtvaartlandschap in Europa te versterken en de belangen van de sector te vertegenwoordigen","og_url":"https:\/\/transportjournal.com\/nl\/2026\/01\/19\/maersk-air-cargo-nieuw-era-lid\/","og_site_name":"ITJ | International Transport Journal","article_published_time":"2026-01-19T08:26:09+00:00","article_modified_time":"2026-01-19T14:58:41+00:00","author":"Andreas Haug","twitter_card":"summary_large_image","twitter_misc":{"Geschreven door":"Andreas Haug","Geschatte leestijd":"2 minuut"},"schema":{"@context":"https:\/\/schema.org","@graph":[{"@type":"Article","@id":"https:\/\/transportjournal.com\/nl\/2026\/01\/19\/maersk-air-cargo-nieuw-era-lid\/#article","isPartOf":{"@id":"https:\/\/transportjournal.com\/nl\/2026\/01\/19\/maersk-air-cargo-nieuw-era-lid\/"},"author":{"name":"Andreas Haug","@id":"https:\/\/transportjournal.com\/nl\/#\/schema\/person\/cf538b3157f15afd7589245a4b3dbd25"},"headline":"Maersk Air Cargo nieuw ERA-lid","datePublished":"2026-01-19T08:26:09+00:00","dateModified":"2026-01-19T14:58:41+00:00","mainEntityOfPage":{"@id":"https:\/\/transportjournal.com\/nl\/2026\/01\/19\/maersk-air-cargo-nieuw-era-lid\/"},"wordCount":309,"commentCount":0,"publisher":{"@id":"https:\/\/transportjournal.com\/nl\/#organization"},"image":{"@id":"https:\/\/transportjournal.com\/nl\/2026\/01\/19\/maersk-air-cargo-nieuw-era-lid\/#primaryimage"},"thumbnailUrl":"https:\/\/transportjournal.com\/wp-content\/uploads\/sites\/2\/2026\/01\/Maersk.jpg","keywords":["adh\u00e9sion ERA","air freight","air freight expertise","air freight market","air transport strategy","airlines Europe","airport connections","Allemagne","Association Europ\u00e9enne des R\u00e9gions A\u00e9riennes","aviation durable","Belgien","Belgique","Belgium","Boeing 777","charter flights","Charterfl\u00fcge","China English Maersk Air Cargo","China Fran\u00e7ais Maersk Air Cargo","Chine","compagnies a\u00e9riennes Europe","connectivit\u00e9 europ\u00e9enne","connexions a\u00e9roportuaires","D\u00e4nemark","Denmark","Deutsch Maersk Air Cargo","Deutschland","ERA membership","ERA Mitgliedschaft","europ\u00e4ische Konnektivit\u00e4t","European connectivity","European Regions Airline Association","expertise en fret a\u00e9rien","Fluggesellschaften Europa","Flughafenverbindungen","fret a\u00e9rien","Germany","integrated logistics","integrierte Logistik","logistics providers","Logistikdienstleister","logistique int\u00e9gr\u00e9e","Luftfracht","Luftfrachtkompetenz","Luftfrachtmarkt","Luftverkehrsstrategie","march\u00e9 du fret a\u00e9rien","nachhaltige Luftfahrt","prestataires logistiques","Royaume-Uni","strat\u00e9gie de transport a\u00e9rien","sustainable aviation","United Kingdom","Vereinigtes K\u00f6nigreich","vols charter"],"articleSection":["Contreien","Europa","Luchtvracht"],"inLanguage":"nl-NL","potentialAction":[{"@type":"CommentAction","name":"Comment","target":["https:\/\/transportjournal.com\/nl\/2026\/01\/19\/maersk-air-cargo-nieuw-era-lid\/#respond"]}]},{"@type":"WebPage","@id":"https:\/\/transportjournal.com\/nl\/2026\/01\/19\/maersk-air-cargo-nieuw-era-lid\/","url":"https:\/\/transportjournal.com\/nl\/2026\/01\/19\/maersk-air-cargo-nieuw-era-lid\/","name":"Maersk Air Cargo nieuw ERA-lid - ITJ | International Transport Journal","isPartOf":{"@id":"https:\/\/transportjournal.com\/nl\/#website"},"primaryImageOfPage":{"@id":"https:\/\/transportjournal.com\/nl\/2026\/01\/19\/maersk-air-cargo-nieuw-era-lid\/#primaryimage"},"image":{"@id":"https:\/\/transportjournal.com\/nl\/2026\/01\/19\/maersk-air-cargo-nieuw-era-lid\/#primaryimage"},"thumbnailUrl":"https:\/\/transportjournal.com\/wp-content\/uploads\/sites\/2\/2026\/01\/Maersk.jpg","datePublished":"2026-01-19T08:26:09+00:00","dateModified":"2026-01-19T14:58:41+00:00","breadcrumb":{"@id":"https:\/\/transportjournal.com\/nl\/2026\/01\/19\/maersk-air-cargo-nieuw-era-lid\/#breadcrumb"},"inLanguage":"nl-NL","potentialAction":[{"@type":"ReadAction","target":["https:\/\/transportjournal.com\/nl\/2026\/01\/19\/maersk-air-cargo-nieuw-era-lid\/"]}]},{"@type":"ImageObject","inLanguage":"nl-NL","@id":"https:\/\/transportjournal.com\/nl\/2026\/01\/19\/maersk-air-cargo-nieuw-era-lid\/#primaryimage","url":"https:\/\/transportjournal.com\/wp-content\/uploads\/sites\/2\/2026\/01\/Maersk.jpg","contentUrl":"https:\/\/transportjournal.com\/wp-content\/uploads\/sites\/2\/2026\/01\/Maersk.jpg","width":720,"height":405},{"@type":"BreadcrumbList","@id":"https:\/\/transportjournal.com\/nl\/2026\/01\/19\/maersk-air-cargo-nieuw-era-lid\/#breadcrumb","itemListElement":[{"@type":"ListItem","position":1,"name":"Startseite","item":"https:\/\/transportjournal.com\/nl\/"},{"@type":"ListItem","position":2,"name":"Maersk Air Cargo nieuw ERA-lid"}]},{"@type":"WebSite","@id":"https:\/\/transportjournal.com\/nl\/#website","url":"https:\/\/transportjournal.com\/nl\/","name":"ITJ | International Transport Journal","description":"Stay informed with the latest global news from the transport, logistics, and supply chain industries. Transport Journal delivers expert insights, analysis, and updates across shipping, aviation, intermodal, and forwarding.","publisher":{"@id":"https:\/\/transportjournal.com\/nl\/#organization"},"potentialAction":[{"@type":"SearchAction","target":{"@type":"EntryPoint","urlTemplate":"https:\/\/transportjournal.com\/nl\/?s={search_term_string}"},"query-input":{"@type":"PropertyValueSpecification","valueRequired":true,"valueName":"search_term_string"}}],"inLanguage":"nl-NL"},{"@type":"Organization","@id":"https:\/\/transportjournal.com\/nl\/#organization","name":"Logismedia Groep AG","alternateName":"Logismedia Group AG","url":"https:\/\/transportjournal.com\/nl\/","logo":{"@type":"ImageObject","inLanguage":"nl-NL","@id":"https:\/\/transportjournal.com\/nl\/#\/schema\/logo\/image\/","url":"https:\/\/transportjournal.com\/wp-content\/uploads\/sites\/2\/2025\/09\/Logo_ITJ.png","contentUrl":"https:\/\/transportjournal.com\/wp-content\/uploads\/sites\/2\/2025\/09\/Logo_ITJ.png","width":799,"height":326,"caption":"Logismedia Groep AG"},"image":{"@id":"https:\/\/transportjournal.com\/nl\/#\/schema\/logo\/image\/"},"sameAs":["https:\/\/www.linkedin.com\/company\/56456496\/admin\/dashboard\/","https:\/\/www.instagram.com\/logismediagroup\/","https:\/\/www.youtube.com\/@LogiamediaGroupAG"]},{"@type":"Person","@id":"https:\/\/transportjournal.com\/nl\/#\/schema\/person\/cf538b3157f15afd7589245a4b3dbd25","name":"Andreas Haug","url":"https:\/\/transportjournal.com\/nl\/author\/andreas\/"}]}},"_links":{"self":[{"href":"https:\/\/transportjournal.com\/nl\/wp-json\/wp\/v2\/posts\/73374","targetHints":{"allow":["GET"]}}],"collection":[{"href":"https:\/\/transportjournal.com\/nl\/wp-json\/wp\/v2\/posts"}],"about":[{"href":"https:\/\/transportjournal.com\/nl\/wp-json\/wp\/v2\/types\/post"}],"author":[{"embeddable":true,"href":"https:\/\/transportjournal.com\/nl\/wp-json\/wp\/v2\/users\/12"}],"replies":[{"embeddable":true,"href":"https:\/\/transportjournal.com\/nl\/wp-json\/wp\/v2\/comments?post=73374"}],"version-history":[{"count":1,"href":"https:\/\/transportjournal.com\/nl\/wp-json\/wp\/v2\/posts\/73374\/revisions"}],"predecessor-version":[{"id":73487,"href":"https:\/\/transportjournal.com\/nl\/wp-json\/wp\/v2\/posts\/73374\/revisions\/73487"}],"wp:featuredmedia":[{"embeddable":true,"href":"https:\/\/transportjournal.com\/nl\/wp-json\/wp\/v2\/media\/73481"}],"wp:attachment":[{"href":"https:\/\/transportjournal.com\/nl\/wp-json\/wp\/v2\/media?parent=73374"}],"wp:term":[{"taxonomy":"category","embeddable":true,"href":"https:\/\/transportjournal.com\/nl\/wp-json\/wp\/v2\/categories?post=73374"},{"taxonomy":"post_tag","embeddable":true,"href":"https:\/\/transportjournal.com\/nl\/wp-json\/wp\/v2\/tags?post=73374"}],"curies":[{"name":"wp","href":"https:\/\/api.w.org\/{rel}","templated":true}]}}