{"id":73326,"date":"2026-01-16T10:05:45","date_gmt":"2026-01-16T10:05:45","guid":{"rendered":"https:\/\/transportjournal.com\/2026\/01\/16\/milan-tevel-nieuwe-directeur-bij-supermaritime\/"},"modified":"2026-01-16T10:05:45","modified_gmt":"2026-01-16T10:05:45","slug":"milan-tevel-nieuwe-directeur-bij-supermaritime","status":"publish","type":"post","link":"https:\/\/transportjournal.com\/nl\/2026\/01\/16\/milan-tevel-nieuwe-directeur-bij-supermaritime\/","title":{"rendered":"Milan Tevel nieuwe directeur bij Supermaritime"},"content":{"rendered":"<p>Supermaritime Nederland B.V. heeft Milan Tevel benoemd tot nieuwe directeur en breidt zijn opslagcapaciteit met bijna 13.000 m\u00b2 uit. Tevel is op 1 januari 2026 in zijn functie begonnen en volgt Martien Burger op, die een belangrijke rol heeft gespeeld in de uitbreiding van het bedrijf in de afgelopen decennia.<\/p>\n<h3>Uitbreiding van de logistieke activiteiten<\/h3>\n<p>Het bedrijf Supermaritime, dat actief is in de havens, opslag en breakbulk-diensten, is van plan een nieuw logistiek complex in Vlissingen te bouwen. Deze stap is in lijn met de langetermijndoelen van het bedrijf in de regio. De nieuwe locatie beslaat in totaal 12.787 m\u00b2, waaronder 10.956 m\u00b2 opslagruimte, 521 m\u00b2 kantoorruimte en 1.310 m\u00b2 mezzanine. De strategisch gunstige ligging van het logistieke centrum biedt uitstekende verbindingen met wegen, waterwegen en spoorwegen.<\/p>\n<p>Peter van der Laan, CEO van de Supermaritime Group, sprak zich uit over de veranderingen: \u201eWe zullen onze klanten blijven bedienen met dezelfde toewijding en inzet als altijd. Milan maakt sinds 2012 deel uit van ons bedrijf en brengt veel ervaring en een duidelijke visie voor de toekomst mee. We hebben het volste vertrouwen in zijn leiderschap en kijken uit naar de verdere samenwerking onder zijn leiding.\u201c<\/p>\n<h3>Overdracht van de directie<\/h3>\n<p>Om een soepele overgang te waarborgen, zal Martien Burger het komende jaar als adviseur bij Supermaritime blijven en zowel Milan Tevel als de organisatie tijdens deze overgangsperiode ondersteunen. Van der Laan prees de langdurige verdiensten van Burger: \u201eNa vele jaren van toegewijd werk draagt Martien nu zijn verantwoordelijkheden als directeur over aan Milan. Hij heeft een belangrijke rol gespeeld in de groei en ontwikkeling van onze organisatie, en we spreken onze oprechte dank uit voor zijn langdurige inzet en bijdrage.\u201c<\/p>\n<p>Supermaritime is een internationaal opererende logistieke dienstverlener met hoofdkantoor in Rotterdam. Het bedrijf biedt op maat gemaakte oplossingen voor klanten wereldwijd en heeft zich gespecialiseerd in scheepsagenturen, opslag, overslag en projectlading.<\/p>\n<p>&nbsp;<\/p>\n<p><a href=\"https:\/\/www.supermaritime.com\/\" target=\"_blank\" rel=\"noopener noreferrer\">www.supermaritime.com<\/a><\/p>\n<p>&nbsp;<\/p>\n","protected":false},"excerpt":{"rendered":"<p>Supermaritime Nederland B.V. heeft Milan Tevel benoemd tot nieuwe directeur en plant de bouw van een nieuw logistiek complex in Vlissingen.<\/p>\n","protected":false},"author":12,"featured_media":73320,"comment_status":"open","ping_status":"open","sticky":false,"template":"","format":"standard","meta":{"_acf_changed":false,"footnotes":""},"categories":[1597,1599,1593,1591,1595],"tags":[6229,6230,6231,6232,6233,6234,6235,6236,6237,3739,2115,2116,2221,6238,2700,6239,2123,6240,2125,3745,2075,2279,2280,6241,6242,6243,2469,1831,6244,2622,2282,6245,6246,6247,1800,3157,2720,3114,6248,2481,6249,6250,1884,6251,6252,6253,6254,2731,6255,6256,2106,2641,6257,2155,1837,6258,2157,2249],"class_list":["post-73326","post","type-post","status-publish","format-standard","has-post-thumbnail","hentry","category-regios","category-europa","category-expeditie-logistiek","category-mensen-bedrijven","category-scheepvaart-en-havens","tag-agences-maritimes","tag-augmentation-de-la-capacite-de-stockage","tag-breakbulk-services","tag-breakbulk-dienstleistungen","tag-chargement-de-projet","tag-choix-strategique-de-site","tag-complexe-logistique-a-vlissingen","tag-corporate-management","tag-deutsch-supermaritime","tag-developpement-des-infrastructures","tag-digitalisierung-in-der-logistik","tag-digitalization-in-logistics","tag-entreposage","tag-expanding-storage-capacity","tag-fachkraeftemangel-in-der-logistik","tag-gestion-dentreprise","tag-gestion-de-la-chaine-dapprovisionnement","tag-hafenumschlag","tag-industrie-du-transport","tag-infrastructure-development","tag-infrastrukturentwicklung","tag-international-logistics","tag-internationale-logistik","tag-lagerkapazitaeten-erweitern","tag-lagerung","tag-logistics-complex-vlissingen","tag-logistics-service-provider","tag-logistikdienstleister","tag-logistikkomplex-vlissingen","tag-logistique-durable","tag-logistique-internationale","tag-management-transition","tag-manutention-portuaire","tag-milan-tevel","tag-nachhaltige-logistik","tag-numerisation-dans-la-logistique","tag-penurie-de-main-doeuvre-dans-la-logistique","tag-port-de-rotterdam","tag-port-handling","tag-prestataire-logistique","tag-project-cargo","tag-projektladung","tag-rotterdam-hafen","tag-rotterdam-port","tag-schiffsagenturen","tag-services-de-breakbulk","tag-ship-agencies","tag-skills-shortage-in-logistics","tag-strategic-site-selection-francais-supermaritime","tag-strategische-standortwahl-english-supermaritime","tag-supply-chain-management","tag-sustainable-logistics","tag-transition-de-direction","tag-transport-industry","tag-transportwirtschaft","tag-uebergabe-der-geschaeftsfuehrung","tag-unternehmensfuehrung","tag-warehousing"],"acf":[],"yoast_head":"<!-- This site is optimized with the Yoast SEO plugin v27.3 - https:\/\/yoast.com\/product\/yoast-seo-wordpress\/ -->\n<title>Milan Tevel nieuwe directeur bij Supermaritime - ITJ | International Transport Journal<\/title>\n<meta name=\"robots\" content=\"index, follow, max-snippet:-1, max-image-preview:large, max-video-preview:-1\" \/>\n<link rel=\"canonical\" href=\"https:\/\/transportjournal.com\/nl\/2026\/01\/16\/milan-tevel-nieuwe-directeur-bij-supermaritime\/\" \/>\n<meta property=\"og:locale\" content=\"nl_NL\" \/>\n<meta property=\"og:type\" content=\"article\" \/>\n<meta property=\"og:title\" content=\"Milan Tevel nieuwe directeur bij Supermaritime - ITJ | International Transport Journal\" \/>\n<meta property=\"og:description\" content=\"Supermaritime Nederland B.V. heeft Milan Tevel benoemd tot nieuwe directeur en plant de bouw van een nieuw logistiek complex in Vlissingen.\" \/>\n<meta property=\"og:url\" content=\"https:\/\/transportjournal.com\/nl\/2026\/01\/16\/milan-tevel-nieuwe-directeur-bij-supermaritime\/\" \/>\n<meta property=\"og:site_name\" content=\"ITJ | International Transport Journal\" \/>\n<meta property=\"article:published_time\" content=\"2026-01-16T10:05:45+00:00\" \/>\n<meta property=\"og:image\" content=\"https:\/\/transportjournal.com\/wp-content\/uploads\/sites\/2\/2026\/01\/Milan-Tevel-GM-Supermaritime-Nederland-BV-4-aspect-ratio-1400-788.jpeg\" \/>\n\t<meta property=\"og:image:width\" content=\"900\" \/>\n\t<meta property=\"og:image:height\" content=\"506\" \/>\n\t<meta property=\"og:image:type\" content=\"image\/jpeg\" \/>\n<meta name=\"author\" content=\"Andreas Haug\" \/>\n<meta name=\"twitter:card\" content=\"summary_large_image\" \/>\n<meta name=\"twitter:label1\" content=\"Geschreven door\" \/>\n\t<meta name=\"twitter:data1\" content=\"Andreas Haug\" \/>\n\t<meta name=\"twitter:label2\" content=\"Geschatte leestijd\" \/>\n\t<meta name=\"twitter:data2\" content=\"2 minuut\" \/>\n<script type=\"application\/ld+json\" class=\"yoast-schema-graph\">{\"@context\":\"https:\\\/\\\/schema.org\",\"@graph\":[{\"@type\":\"Article\",\"@id\":\"https:\\\/\\\/transportjournal.com\\\/nl\\\/2026\\\/01\\\/16\\\/milan-tevel-nieuwe-directeur-bij-supermaritime\\\/#article\",\"isPartOf\":{\"@id\":\"https:\\\/\\\/transportjournal.com\\\/nl\\\/2026\\\/01\\\/16\\\/milan-tevel-nieuwe-directeur-bij-supermaritime\\\/\"},\"author\":{\"name\":\"Andreas Haug\",\"@id\":\"https:\\\/\\\/transportjournal.com\\\/nl\\\/#\\\/schema\\\/person\\\/cf538b3157f15afd7589245a4b3dbd25\"},\"headline\":\"Milan Tevel nieuwe directeur bij Supermaritime\",\"datePublished\":\"2026-01-16T10:05:45+00:00\",\"mainEntityOfPage\":{\"@id\":\"https:\\\/\\\/transportjournal.com\\\/nl\\\/2026\\\/01\\\/16\\\/milan-tevel-nieuwe-directeur-bij-supermaritime\\\/\"},\"wordCount\":313,\"commentCount\":0,\"publisher\":{\"@id\":\"https:\\\/\\\/transportjournal.com\\\/nl\\\/#organization\"},\"image\":{\"@id\":\"https:\\\/\\\/transportjournal.com\\\/nl\\\/2026\\\/01\\\/16\\\/milan-tevel-nieuwe-directeur-bij-supermaritime\\\/#primaryimage\"},\"thumbnailUrl\":\"https:\\\/\\\/transportjournal.com\\\/wp-content\\\/uploads\\\/sites\\\/2\\\/2026\\\/01\\\/Milan-Tevel-GM-Supermaritime-Nederland-BV-4-aspect-ratio-1400-788.jpeg\",\"keywords\":[\"agences maritimes\",\"augmentation de la capacit\u00e9 de stockage\",\"breakbulk services\",\"Breakbulk-Dienstleistungen\",\"chargement de projet\",\"choix strat\u00e9gique de site\",\"complexe logistique \u00e0 Vlissingen\",\"corporate management\",\"Deutsch Supermaritime\",\"d\u00e9veloppement des infrastructures\",\"Digitalisierung in der Logistik\",\"digitalization in logistics\",\"entreposage\",\"expanding storage capacity\",\"Fachkr\u00e4ftemangel in der Logistik\",\"gestion d'entreprise\",\"gestion de la cha\u00eene d'approvisionnement\",\"Hafenumschlag\",\"industrie du transport\",\"infrastructure development\",\"Infrastrukturentwicklung\",\"international logistics\",\"internationale Logistik\",\"Lagerkapazit\u00e4ten erweitern\",\"Lagerung\",\"logistics complex Vlissingen\",\"logistics service provider\",\"Logistikdienstleister\",\"Logistikkomplex Vlissingen\",\"logistique durable\",\"logistique internationale\",\"management transition\",\"manutention portuaire\",\"Milan Tevel\",\"nachhaltige Logistik\",\"num\u00e9risation dans la logistique\",\"p\u00e9nurie de main-d'\u0153uvre dans la logistique\",\"port de Rotterdam\",\"port handling\",\"prestataire logistique\",\"project cargo\",\"Projektladung\",\"Rotterdam Hafen\",\"Rotterdam port\",\"Schiffsagenturen\",\"services de breakbulk\",\"ship agencies\",\"skills shortage in logistics\",\"strategic site selection Fran\u00e7ais Supermaritime\",\"strategische Standortwahl English Supermaritime\",\"Supply Chain Management\",\"sustainable logistics\",\"transition de direction\",\"transport industry\",\"Transportwirtschaft\",\"\u00dcbergabe der Gesch\u00e4ftsf\u00fchrung\",\"Unternehmensf\u00fchrung\",\"warehousing\"],\"articleSection\":[\"Contreien\",\"Europa\",\"Expeditie &amp; Logistiek\",\"Mensen &amp; Bedrijven\",\"Scheepvaart en havens\"],\"inLanguage\":\"nl-NL\",\"potentialAction\":[{\"@type\":\"CommentAction\",\"name\":\"Comment\",\"target\":[\"https:\\\/\\\/transportjournal.com\\\/nl\\\/2026\\\/01\\\/16\\\/milan-tevel-nieuwe-directeur-bij-supermaritime\\\/#respond\"]}]},{\"@type\":\"WebPage\",\"@id\":\"https:\\\/\\\/transportjournal.com\\\/nl\\\/2026\\\/01\\\/16\\\/milan-tevel-nieuwe-directeur-bij-supermaritime\\\/\",\"url\":\"https:\\\/\\\/transportjournal.com\\\/nl\\\/2026\\\/01\\\/16\\\/milan-tevel-nieuwe-directeur-bij-supermaritime\\\/\",\"name\":\"Milan Tevel nieuwe directeur bij Supermaritime - ITJ | International Transport Journal\",\"isPartOf\":{\"@id\":\"https:\\\/\\\/transportjournal.com\\\/nl\\\/#website\"},\"primaryImageOfPage\":{\"@id\":\"https:\\\/\\\/transportjournal.com\\\/nl\\\/2026\\\/01\\\/16\\\/milan-tevel-nieuwe-directeur-bij-supermaritime\\\/#primaryimage\"},\"image\":{\"@id\":\"https:\\\/\\\/transportjournal.com\\\/nl\\\/2026\\\/01\\\/16\\\/milan-tevel-nieuwe-directeur-bij-supermaritime\\\/#primaryimage\"},\"thumbnailUrl\":\"https:\\\/\\\/transportjournal.com\\\/wp-content\\\/uploads\\\/sites\\\/2\\\/2026\\\/01\\\/Milan-Tevel-GM-Supermaritime-Nederland-BV-4-aspect-ratio-1400-788.jpeg\",\"datePublished\":\"2026-01-16T10:05:45+00:00\",\"breadcrumb\":{\"@id\":\"https:\\\/\\\/transportjournal.com\\\/nl\\\/2026\\\/01\\\/16\\\/milan-tevel-nieuwe-directeur-bij-supermaritime\\\/#breadcrumb\"},\"inLanguage\":\"nl-NL\",\"potentialAction\":[{\"@type\":\"ReadAction\",\"target\":[\"https:\\\/\\\/transportjournal.com\\\/nl\\\/2026\\\/01\\\/16\\\/milan-tevel-nieuwe-directeur-bij-supermaritime\\\/\"]}]},{\"@type\":\"ImageObject\",\"inLanguage\":\"nl-NL\",\"@id\":\"https:\\\/\\\/transportjournal.com\\\/nl\\\/2026\\\/01\\\/16\\\/milan-tevel-nieuwe-directeur-bij-supermaritime\\\/#primaryimage\",\"url\":\"https:\\\/\\\/transportjournal.com\\\/wp-content\\\/uploads\\\/sites\\\/2\\\/2026\\\/01\\\/Milan-Tevel-GM-Supermaritime-Nederland-BV-4-aspect-ratio-1400-788.jpeg\",\"contentUrl\":\"https:\\\/\\\/transportjournal.com\\\/wp-content\\\/uploads\\\/sites\\\/2\\\/2026\\\/01\\\/Milan-Tevel-GM-Supermaritime-Nederland-BV-4-aspect-ratio-1400-788.jpeg\",\"width\":900,\"height\":506},{\"@type\":\"BreadcrumbList\",\"@id\":\"https:\\\/\\\/transportjournal.com\\\/nl\\\/2026\\\/01\\\/16\\\/milan-tevel-nieuwe-directeur-bij-supermaritime\\\/#breadcrumb\",\"itemListElement\":[{\"@type\":\"ListItem\",\"position\":1,\"name\":\"Startseite\",\"item\":\"https:\\\/\\\/transportjournal.com\\\/nl\\\/\"},{\"@type\":\"ListItem\",\"position\":2,\"name\":\"Milan Tevel nieuwe directeur bij Supermaritime\"}]},{\"@type\":\"WebSite\",\"@id\":\"https:\\\/\\\/transportjournal.com\\\/nl\\\/#website\",\"url\":\"https:\\\/\\\/transportjournal.com\\\/nl\\\/\",\"name\":\"ITJ | International Transport Journal\",\"description\":\"Stay informed with the latest global news from the transport, logistics, and supply chain industries. Transport Journal delivers expert insights, analysis, and updates across shipping, aviation, intermodal, and forwarding.\",\"publisher\":{\"@id\":\"https:\\\/\\\/transportjournal.com\\\/nl\\\/#organization\"},\"potentialAction\":[{\"@type\":\"SearchAction\",\"target\":{\"@type\":\"EntryPoint\",\"urlTemplate\":\"https:\\\/\\\/transportjournal.com\\\/nl\\\/?s={search_term_string}\"},\"query-input\":{\"@type\":\"PropertyValueSpecification\",\"valueRequired\":true,\"valueName\":\"search_term_string\"}}],\"inLanguage\":\"nl-NL\"},{\"@type\":\"Organization\",\"@id\":\"https:\\\/\\\/transportjournal.com\\\/nl\\\/#organization\",\"name\":\"Logismedia Groep AG\",\"alternateName\":\"Logismedia Group AG\",\"url\":\"https:\\\/\\\/transportjournal.com\\\/nl\\\/\",\"logo\":{\"@type\":\"ImageObject\",\"inLanguage\":\"nl-NL\",\"@id\":\"https:\\\/\\\/transportjournal.com\\\/nl\\\/#\\\/schema\\\/logo\\\/image\\\/\",\"url\":\"https:\\\/\\\/transportjournal.com\\\/wp-content\\\/uploads\\\/sites\\\/2\\\/2025\\\/09\\\/Logo_ITJ.png\",\"contentUrl\":\"https:\\\/\\\/transportjournal.com\\\/wp-content\\\/uploads\\\/sites\\\/2\\\/2025\\\/09\\\/Logo_ITJ.png\",\"width\":799,\"height\":326,\"caption\":\"Logismedia Groep AG\"},\"image\":{\"@id\":\"https:\\\/\\\/transportjournal.com\\\/nl\\\/#\\\/schema\\\/logo\\\/image\\\/\"},\"sameAs\":[\"https:\\\/\\\/www.linkedin.com\\\/company\\\/56456496\\\/admin\\\/dashboard\\\/\",\"https:\\\/\\\/www.instagram.com\\\/logismediagroup\\\/\",\"https:\\\/\\\/www.youtube.com\\\/@LogiamediaGroupAG\"]},{\"@type\":\"Person\",\"@id\":\"https:\\\/\\\/transportjournal.com\\\/nl\\\/#\\\/schema\\\/person\\\/cf538b3157f15afd7589245a4b3dbd25\",\"name\":\"Andreas Haug\",\"url\":\"https:\\\/\\\/transportjournal.com\\\/nl\\\/author\\\/andreas\\\/\"}]}<\/script>\n<!-- \/ Yoast SEO plugin. -->","yoast_head_json":{"title":"Milan Tevel nieuwe directeur bij Supermaritime - ITJ | International Transport Journal","robots":{"index":"index","follow":"follow","max-snippet":"max-snippet:-1","max-image-preview":"max-image-preview:large","max-video-preview":"max-video-preview:-1"},"canonical":"https:\/\/transportjournal.com\/nl\/2026\/01\/16\/milan-tevel-nieuwe-directeur-bij-supermaritime\/","og_locale":"nl_NL","og_type":"article","og_title":"Milan Tevel nieuwe directeur bij Supermaritime - ITJ | International Transport Journal","og_description":"Supermaritime Nederland B.V. heeft Milan Tevel benoemd tot nieuwe directeur en plant de bouw van een nieuw logistiek complex in Vlissingen.","og_url":"https:\/\/transportjournal.com\/nl\/2026\/01\/16\/milan-tevel-nieuwe-directeur-bij-supermaritime\/","og_site_name":"ITJ | International Transport Journal","article_published_time":"2026-01-16T10:05:45+00:00","og_image":[{"width":900,"height":506,"url":"https:\/\/transportjournal.com\/wp-content\/uploads\/sites\/2\/2026\/01\/Milan-Tevel-GM-Supermaritime-Nederland-BV-4-aspect-ratio-1400-788.jpeg","type":"image\/jpeg"}],"author":"Andreas Haug","twitter_card":"summary_large_image","twitter_misc":{"Geschreven door":"Andreas Haug","Geschatte leestijd":"2 minuut"},"schema":{"@context":"https:\/\/schema.org","@graph":[{"@type":"Article","@id":"https:\/\/transportjournal.com\/nl\/2026\/01\/16\/milan-tevel-nieuwe-directeur-bij-supermaritime\/#article","isPartOf":{"@id":"https:\/\/transportjournal.com\/nl\/2026\/01\/16\/milan-tevel-nieuwe-directeur-bij-supermaritime\/"},"author":{"name":"Andreas Haug","@id":"https:\/\/transportjournal.com\/nl\/#\/schema\/person\/cf538b3157f15afd7589245a4b3dbd25"},"headline":"Milan Tevel nieuwe directeur bij Supermaritime","datePublished":"2026-01-16T10:05:45+00:00","mainEntityOfPage":{"@id":"https:\/\/transportjournal.com\/nl\/2026\/01\/16\/milan-tevel-nieuwe-directeur-bij-supermaritime\/"},"wordCount":313,"commentCount":0,"publisher":{"@id":"https:\/\/transportjournal.com\/nl\/#organization"},"image":{"@id":"https:\/\/transportjournal.com\/nl\/2026\/01\/16\/milan-tevel-nieuwe-directeur-bij-supermaritime\/#primaryimage"},"thumbnailUrl":"https:\/\/transportjournal.com\/wp-content\/uploads\/sites\/2\/2026\/01\/Milan-Tevel-GM-Supermaritime-Nederland-BV-4-aspect-ratio-1400-788.jpeg","keywords":["agences maritimes","augmentation de la capacit\u00e9 de stockage","breakbulk services","Breakbulk-Dienstleistungen","chargement de projet","choix strat\u00e9gique de site","complexe logistique \u00e0 Vlissingen","corporate management","Deutsch Supermaritime","d\u00e9veloppement des infrastructures","Digitalisierung in der Logistik","digitalization in logistics","entreposage","expanding storage capacity","Fachkr\u00e4ftemangel in der Logistik","gestion d'entreprise","gestion de la cha\u00eene d'approvisionnement","Hafenumschlag","industrie du transport","infrastructure development","Infrastrukturentwicklung","international logistics","internationale Logistik","Lagerkapazit\u00e4ten erweitern","Lagerung","logistics complex Vlissingen","logistics service provider","Logistikdienstleister","Logistikkomplex Vlissingen","logistique durable","logistique internationale","management transition","manutention portuaire","Milan Tevel","nachhaltige Logistik","num\u00e9risation dans la logistique","p\u00e9nurie de main-d'\u0153uvre dans la logistique","port de Rotterdam","port handling","prestataire logistique","project cargo","Projektladung","Rotterdam Hafen","Rotterdam port","Schiffsagenturen","services de breakbulk","ship agencies","skills shortage in logistics","strategic site selection Fran\u00e7ais Supermaritime","strategische Standortwahl English Supermaritime","Supply Chain Management","sustainable logistics","transition de direction","transport industry","Transportwirtschaft","\u00dcbergabe der Gesch\u00e4ftsf\u00fchrung","Unternehmensf\u00fchrung","warehousing"],"articleSection":["Contreien","Europa","Expeditie &amp; Logistiek","Mensen &amp; Bedrijven","Scheepvaart en havens"],"inLanguage":"nl-NL","potentialAction":[{"@type":"CommentAction","name":"Comment","target":["https:\/\/transportjournal.com\/nl\/2026\/01\/16\/milan-tevel-nieuwe-directeur-bij-supermaritime\/#respond"]}]},{"@type":"WebPage","@id":"https:\/\/transportjournal.com\/nl\/2026\/01\/16\/milan-tevel-nieuwe-directeur-bij-supermaritime\/","url":"https:\/\/transportjournal.com\/nl\/2026\/01\/16\/milan-tevel-nieuwe-directeur-bij-supermaritime\/","name":"Milan Tevel nieuwe directeur bij Supermaritime - ITJ | International Transport Journal","isPartOf":{"@id":"https:\/\/transportjournal.com\/nl\/#website"},"primaryImageOfPage":{"@id":"https:\/\/transportjournal.com\/nl\/2026\/01\/16\/milan-tevel-nieuwe-directeur-bij-supermaritime\/#primaryimage"},"image":{"@id":"https:\/\/transportjournal.com\/nl\/2026\/01\/16\/milan-tevel-nieuwe-directeur-bij-supermaritime\/#primaryimage"},"thumbnailUrl":"https:\/\/transportjournal.com\/wp-content\/uploads\/sites\/2\/2026\/01\/Milan-Tevel-GM-Supermaritime-Nederland-BV-4-aspect-ratio-1400-788.jpeg","datePublished":"2026-01-16T10:05:45+00:00","breadcrumb":{"@id":"https:\/\/transportjournal.com\/nl\/2026\/01\/16\/milan-tevel-nieuwe-directeur-bij-supermaritime\/#breadcrumb"},"inLanguage":"nl-NL","potentialAction":[{"@type":"ReadAction","target":["https:\/\/transportjournal.com\/nl\/2026\/01\/16\/milan-tevel-nieuwe-directeur-bij-supermaritime\/"]}]},{"@type":"ImageObject","inLanguage":"nl-NL","@id":"https:\/\/transportjournal.com\/nl\/2026\/01\/16\/milan-tevel-nieuwe-directeur-bij-supermaritime\/#primaryimage","url":"https:\/\/transportjournal.com\/wp-content\/uploads\/sites\/2\/2026\/01\/Milan-Tevel-GM-Supermaritime-Nederland-BV-4-aspect-ratio-1400-788.jpeg","contentUrl":"https:\/\/transportjournal.com\/wp-content\/uploads\/sites\/2\/2026\/01\/Milan-Tevel-GM-Supermaritime-Nederland-BV-4-aspect-ratio-1400-788.jpeg","width":900,"height":506},{"@type":"BreadcrumbList","@id":"https:\/\/transportjournal.com\/nl\/2026\/01\/16\/milan-tevel-nieuwe-directeur-bij-supermaritime\/#breadcrumb","itemListElement":[{"@type":"ListItem","position":1,"name":"Startseite","item":"https:\/\/transportjournal.com\/nl\/"},{"@type":"ListItem","position":2,"name":"Milan Tevel nieuwe directeur bij Supermaritime"}]},{"@type":"WebSite","@id":"https:\/\/transportjournal.com\/nl\/#website","url":"https:\/\/transportjournal.com\/nl\/","name":"ITJ | International Transport Journal","description":"Stay informed with the latest global news from the transport, logistics, and supply chain industries. Transport Journal delivers expert insights, analysis, and updates across shipping, aviation, intermodal, and forwarding.","publisher":{"@id":"https:\/\/transportjournal.com\/nl\/#organization"},"potentialAction":[{"@type":"SearchAction","target":{"@type":"EntryPoint","urlTemplate":"https:\/\/transportjournal.com\/nl\/?s={search_term_string}"},"query-input":{"@type":"PropertyValueSpecification","valueRequired":true,"valueName":"search_term_string"}}],"inLanguage":"nl-NL"},{"@type":"Organization","@id":"https:\/\/transportjournal.com\/nl\/#organization","name":"Logismedia Groep AG","alternateName":"Logismedia Group AG","url":"https:\/\/transportjournal.com\/nl\/","logo":{"@type":"ImageObject","inLanguage":"nl-NL","@id":"https:\/\/transportjournal.com\/nl\/#\/schema\/logo\/image\/","url":"https:\/\/transportjournal.com\/wp-content\/uploads\/sites\/2\/2025\/09\/Logo_ITJ.png","contentUrl":"https:\/\/transportjournal.com\/wp-content\/uploads\/sites\/2\/2025\/09\/Logo_ITJ.png","width":799,"height":326,"caption":"Logismedia Groep AG"},"image":{"@id":"https:\/\/transportjournal.com\/nl\/#\/schema\/logo\/image\/"},"sameAs":["https:\/\/www.linkedin.com\/company\/56456496\/admin\/dashboard\/","https:\/\/www.instagram.com\/logismediagroup\/","https:\/\/www.youtube.com\/@LogiamediaGroupAG"]},{"@type":"Person","@id":"https:\/\/transportjournal.com\/nl\/#\/schema\/person\/cf538b3157f15afd7589245a4b3dbd25","name":"Andreas Haug","url":"https:\/\/transportjournal.com\/nl\/author\/andreas\/"}]}},"_links":{"self":[{"href":"https:\/\/transportjournal.com\/nl\/wp-json\/wp\/v2\/posts\/73326","targetHints":{"allow":["GET"]}}],"collection":[{"href":"https:\/\/transportjournal.com\/nl\/wp-json\/wp\/v2\/posts"}],"about":[{"href":"https:\/\/transportjournal.com\/nl\/wp-json\/wp\/v2\/types\/post"}],"author":[{"embeddable":true,"href":"https:\/\/transportjournal.com\/nl\/wp-json\/wp\/v2\/users\/12"}],"replies":[{"embeddable":true,"href":"https:\/\/transportjournal.com\/nl\/wp-json\/wp\/v2\/comments?post=73326"}],"version-history":[{"count":0,"href":"https:\/\/transportjournal.com\/nl\/wp-json\/wp\/v2\/posts\/73326\/revisions"}],"wp:featuredmedia":[{"embeddable":true,"href":"https:\/\/transportjournal.com\/nl\/wp-json\/wp\/v2\/media\/73320"}],"wp:attachment":[{"href":"https:\/\/transportjournal.com\/nl\/wp-json\/wp\/v2\/media?parent=73326"}],"wp:term":[{"taxonomy":"category","embeddable":true,"href":"https:\/\/transportjournal.com\/nl\/wp-json\/wp\/v2\/categories?post=73326"},{"taxonomy":"post_tag","embeddable":true,"href":"https:\/\/transportjournal.com\/nl\/wp-json\/wp\/v2\/tags?post=73326"}],"curies":[{"name":"wp","href":"https:\/\/api.w.org\/{rel}","templated":true}]}}