{"id":73272,"date":"2026-01-16T06:02:19","date_gmt":"2026-01-16T06:02:19","guid":{"rendered":"https:\/\/transportjournal.com\/2026\/01\/16\/steve-rand-nieuwe-president-van-eal\/"},"modified":"2026-01-16T08:09:01","modified_gmt":"2026-01-16T07:09:01","slug":"steve-rand-nieuwe-president-van-eal","status":"publish","type":"post","link":"https:\/\/transportjournal.com\/nl\/2026\/01\/16\/steve-rand-nieuwe-president-van-eal\/","title":{"rendered":"Steve Rand nieuwe president van EAL"},"content":{"rendered":"<p>Enstructure heeft Steve Rand benoemd tot president van zijn divisie voor logistiek van afgewerkte voertuigen, Enstructure Auto Logistics (EAL). Rand zal de operationele en commerci\u00eble activiteiten van het bedrijf op het gebied van autologistiek leiden. De benoeming werd op 15 januari 2026 bekendgemaakt.<\/p>\n<h3>Ervaring en Expertise<\/h3>\n<p>Matthew Satnick en Philippe De Montigny, de co-CEO&#8217;s van Enstructure, spraken positief over de aanstelling van Rand. Ze benadrukten dat zijn uitgebreide ervaring en zijn toewijding aan service zullen bijdragen aan het bevorderen van de dynamiek van het bedrijf en het verbeteren van de kwaliteit van de logistiek voor afgewerkte voertuigen. Rand brengt een uitgebreide leiderschapservaring mee uit verschillende sectoren, waaronder maritieme logistiek, spoorvervoer, vrachtvervoer en speciale chemicali\u00ebn. Voor zijn nieuwe functie was hij meer dan een decennium CEO van AMPORTS en had hij daarvoor tien jaar een leidinggevende functie bij CSX Transportation Intermodal.<\/p>\n<p>Rand zelf verklaarde dat hij in zijn carri\u00e8re altijd organisaties heeft aangetrokken die innovatie met effici\u00ebntie en service combineren. Hij kijkt ernaar uit om bij te dragen aan de volgende groeifase van Enstructure en samen te werken met zijn collega&#8217;s George Molyneaux, Leo McFadden en Lee Brown, die over uitgebreide branchekennis beschikken.<\/p>\n<h3>Locaties en Diensten<\/h3>\n<p>EAL exploiteert momenteel logistieke centra in Wilmington, Delaware, en Jacksonville, Florida. Deze faciliteiten zijn uitgerust met gespecialiseerde automobielinfrastructuur en bieden voldoende opslagcapaciteit voor voertuigen direct aan de kade. Ze fungeren als belangrijke distributiecentra voor toegang tot de groeiende markten in het zuidoosten, evenals in het noordoosten en het midden-Atlantische gebied van de VS.<\/p>\n<p>In 2025 werd EAL geselecteerd om logistieke diensten voor afgewerkte voertuigen te leveren voor Mazda North America en Toyota Logistics Services op de Talleyrand Marine Terminal in JAXPORT. De locatie Wilmington heeft verschillende exportstromen voor auto&#8217;s afgehandeld en onderhoudt momenteel een reguliere service met Grimaldi Lines.<\/p>\n<p>Enstructure beheert een netwerk van haveninfrastructuur-assets aan de oostkust, in de Golf van Mexico en in het binnenlands systeem van de Verenigde Staten. Het bedrijf werd in 2016 opgericht door Philippe De Montigny en Matthew Satnick en biedt ge\u00efntegreerde logistieke diensten aan voor enkele van de grootste bedrijven in de sectoren energie, landbouw, voedsel, productie, bouw en openbare veiligheid.<\/p>\n<p>&nbsp;<\/p>\n<p><a href=\"https:\/\/enstructure.com\/\" target=\"_blank\" rel=\"noopener noreferrer\">www.enstructure.com<\/a><\/p>\n<p>&nbsp;<\/p>\n","protected":false},"excerpt":{"rendered":"<p>Enstructure heeft Steve Rand benoemd tot president van Enstructure Auto Logistics om de automobiellogistiek en de operationele activiteiten van het bedrijf te leiden.<\/p>\n","protected":false},"author":12,"featured_media":73274,"comment_status":"open","ping_status":"open","sticky":false,"template":"","format":"standard","meta":{"_acf_changed":false,"footnotes":""},"categories":[1602,1597,1591],"tags":[1828,6128,2207,6129,2695,2696,5443,6130,1889,6131,6132,6133,6134,4052,2125,4054,6135,6136,6137,2133,1831,6138,6139,5454,2717,2232,4065,4264,4266,2237,6140,1857,5460,6141,6142,3852,6143,6144,6145,6146,6147,6148],"class_list":["post-73272","post","type-post","status-publish","format-standard","has-post-thumbnail","hentry","category-amerika","category-regios","category-mensen-bedrijven","tag-automobillogistik","tag-automotive-logistics","tag-chaine-dapprovisionnement","tag-deutsch-logistik","tag-digitalisierung","tag-digitalization","tag-durabilite","tag-enstructure","tag-fachkraeftemangel","tag-fertigfahrzeuge","tag-finished-vehicles","tag-fournisseurs-de-services-logistiques","tag-grimaldi-lines","tag-hafeninfrastruktur","tag-industrie-du-transport","tag-infrastructure-portuaire","tag-jacksonville-florida","tag-jacksonville-floride","tag-lkw-transport","tag-logistics-service-providers","tag-logistikdienstleister","tag-logistique-automobile","tag-mazda-north-america","tag-nachhaltigkeit","tag-numerisation","tag-penurie-de-main-doeuvre","tag-port-infrastructure","tag-rail-transport","tag-schienenverkehr","tag-skills-shortage","tag-steve-rand","tag-supply-chain","tag-sustainability","tag-talleyrand-marine-terminal","tag-toyota-logistics-services","tag-transport-ferroviaire","tag-transport-routier","tag-transportation-industry-francais-logistique","tag-transportwirtschaft-english-logistics","tag-trucking","tag-vehicules-finis","tag-wilmington-delaware"],"acf":[],"yoast_head":"<!-- This site is optimized with the Yoast SEO plugin v27.3 - https:\/\/yoast.com\/product\/yoast-seo-wordpress\/ -->\n<title>Steve Rand nieuwe president van EAL - ITJ | International Transport Journal<\/title>\n<meta name=\"robots\" content=\"index, follow, max-snippet:-1, max-image-preview:large, max-video-preview:-1\" \/>\n<link rel=\"canonical\" href=\"https:\/\/transportjournal.com\/nl\/2026\/01\/16\/steve-rand-nieuwe-president-van-eal\/\" \/>\n<meta property=\"og:locale\" content=\"nl_NL\" \/>\n<meta property=\"og:type\" content=\"article\" \/>\n<meta property=\"og:title\" content=\"Steve Rand nieuwe president van EAL - ITJ | International Transport Journal\" \/>\n<meta property=\"og:description\" content=\"Enstructure heeft Steve Rand benoemd tot president van Enstructure Auto Logistics om de automobiellogistiek en de operationele activiteiten van het bedrijf te leiden.\" \/>\n<meta property=\"og:url\" content=\"https:\/\/transportjournal.com\/nl\/2026\/01\/16\/steve-rand-nieuwe-president-van-eal\/\" \/>\n<meta property=\"og:site_name\" content=\"ITJ | International Transport Journal\" \/>\n<meta property=\"article:published_time\" content=\"2026-01-16T06:02:19+00:00\" \/>\n<meta property=\"article:modified_time\" content=\"2026-01-16T07:09:01+00:00\" \/>\n<meta name=\"author\" content=\"Andreas Haug\" \/>\n<meta name=\"twitter:card\" content=\"summary_large_image\" \/>\n<meta name=\"twitter:label1\" content=\"Geschreven door\" \/>\n\t<meta name=\"twitter:data1\" content=\"Andreas Haug\" \/>\n\t<meta name=\"twitter:label2\" content=\"Geschatte leestijd\" \/>\n\t<meta name=\"twitter:data2\" content=\"2 minuut\" \/>\n<script type=\"application\/ld+json\" class=\"yoast-schema-graph\">{\"@context\":\"https:\\\/\\\/schema.org\",\"@graph\":[{\"@type\":\"Article\",\"@id\":\"https:\\\/\\\/transportjournal.com\\\/nl\\\/2026\\\/01\\\/16\\\/steve-rand-nieuwe-president-van-eal\\\/#article\",\"isPartOf\":{\"@id\":\"https:\\\/\\\/transportjournal.com\\\/nl\\\/2026\\\/01\\\/16\\\/steve-rand-nieuwe-president-van-eal\\\/\"},\"author\":{\"name\":\"Andreas Haug\",\"@id\":\"https:\\\/\\\/transportjournal.com\\\/nl\\\/#\\\/schema\\\/person\\\/cf538b3157f15afd7589245a4b3dbd25\"},\"headline\":\"Steve Rand nieuwe president van EAL\",\"datePublished\":\"2026-01-16T06:02:19+00:00\",\"dateModified\":\"2026-01-16T07:09:01+00:00\",\"mainEntityOfPage\":{\"@id\":\"https:\\\/\\\/transportjournal.com\\\/nl\\\/2026\\\/01\\\/16\\\/steve-rand-nieuwe-president-van-eal\\\/\"},\"wordCount\":368,\"commentCount\":0,\"publisher\":{\"@id\":\"https:\\\/\\\/transportjournal.com\\\/nl\\\/#organization\"},\"image\":{\"@id\":\"https:\\\/\\\/transportjournal.com\\\/nl\\\/2026\\\/01\\\/16\\\/steve-rand-nieuwe-president-van-eal\\\/#primaryimage\"},\"thumbnailUrl\":\"https:\\\/\\\/transportjournal.com\\\/wp-content\\\/uploads\\\/sites\\\/2\\\/2026\\\/01\\\/Enstructure-507032831_1030717929251598_3079323014185670599_n.jpg\",\"keywords\":[\"Automobillogistik\",\"Automotive logistics\",\"cha\u00eene d'approvisionnement\",\"Deutsch Logistik\",\"Digitalisierung\",\"digitalization\",\"durabilit\u00e9\",\"Enstructure\",\"Fachkr\u00e4ftemangel\",\"Fertigfahrzeuge\",\"Finished vehicles\",\"Fournisseurs de services logistiques\",\"Grimaldi Lines\",\"Hafeninfrastruktur\",\"industrie du transport\",\"infrastructure portuaire\",\"Jacksonville Florida\",\"Jacksonville Floride\",\"Lkw-Transport\",\"logistics service providers\",\"Logistikdienstleister\",\"Logistique automobile\",\"Mazda North America\",\"Nachhaltigkeit\",\"num\u00e9risation\",\"p\u00e9nurie de main-d'\u0153uvre\",\"port infrastructure\",\"rail transport\",\"Schienenverkehr\",\"skills shortage\",\"Steve Rand\",\"Supply Chain\",\"sustainability\",\"Talleyrand Marine Terminal\",\"Toyota Logistics Services\",\"transport ferroviaire\",\"Transport routier\",\"Transportation industry Fran\u00e7ais Logistique\",\"Transportwirtschaft English Logistics\",\"Trucking\",\"V\u00e9hicules finis\",\"Wilmington Delaware\"],\"articleSection\":[\"Amerika\",\"Contreien\",\"Mensen &amp; Bedrijven\"],\"inLanguage\":\"nl-NL\",\"potentialAction\":[{\"@type\":\"CommentAction\",\"name\":\"Comment\",\"target\":[\"https:\\\/\\\/transportjournal.com\\\/nl\\\/2026\\\/01\\\/16\\\/steve-rand-nieuwe-president-van-eal\\\/#respond\"]}]},{\"@type\":\"WebPage\",\"@id\":\"https:\\\/\\\/transportjournal.com\\\/nl\\\/2026\\\/01\\\/16\\\/steve-rand-nieuwe-president-van-eal\\\/\",\"url\":\"https:\\\/\\\/transportjournal.com\\\/nl\\\/2026\\\/01\\\/16\\\/steve-rand-nieuwe-president-van-eal\\\/\",\"name\":\"Steve Rand nieuwe president van EAL - ITJ | International Transport Journal\",\"isPartOf\":{\"@id\":\"https:\\\/\\\/transportjournal.com\\\/nl\\\/#website\"},\"primaryImageOfPage\":{\"@id\":\"https:\\\/\\\/transportjournal.com\\\/nl\\\/2026\\\/01\\\/16\\\/steve-rand-nieuwe-president-van-eal\\\/#primaryimage\"},\"image\":{\"@id\":\"https:\\\/\\\/transportjournal.com\\\/nl\\\/2026\\\/01\\\/16\\\/steve-rand-nieuwe-president-van-eal\\\/#primaryimage\"},\"thumbnailUrl\":\"https:\\\/\\\/transportjournal.com\\\/wp-content\\\/uploads\\\/sites\\\/2\\\/2026\\\/01\\\/Enstructure-507032831_1030717929251598_3079323014185670599_n.jpg\",\"datePublished\":\"2026-01-16T06:02:19+00:00\",\"dateModified\":\"2026-01-16T07:09:01+00:00\",\"breadcrumb\":{\"@id\":\"https:\\\/\\\/transportjournal.com\\\/nl\\\/2026\\\/01\\\/16\\\/steve-rand-nieuwe-president-van-eal\\\/#breadcrumb\"},\"inLanguage\":\"nl-NL\",\"potentialAction\":[{\"@type\":\"ReadAction\",\"target\":[\"https:\\\/\\\/transportjournal.com\\\/nl\\\/2026\\\/01\\\/16\\\/steve-rand-nieuwe-president-van-eal\\\/\"]}]},{\"@type\":\"ImageObject\",\"inLanguage\":\"nl-NL\",\"@id\":\"https:\\\/\\\/transportjournal.com\\\/nl\\\/2026\\\/01\\\/16\\\/steve-rand-nieuwe-president-van-eal\\\/#primaryimage\",\"url\":\"https:\\\/\\\/transportjournal.com\\\/wp-content\\\/uploads\\\/sites\\\/2\\\/2026\\\/01\\\/Enstructure-507032831_1030717929251598_3079323014185670599_n.jpg\",\"contentUrl\":\"https:\\\/\\\/transportjournal.com\\\/wp-content\\\/uploads\\\/sites\\\/2\\\/2026\\\/01\\\/Enstructure-507032831_1030717929251598_3079323014185670599_n.jpg\",\"width\":2048,\"height\":1152,\"caption\":\"default\"},{\"@type\":\"BreadcrumbList\",\"@id\":\"https:\\\/\\\/transportjournal.com\\\/nl\\\/2026\\\/01\\\/16\\\/steve-rand-nieuwe-president-van-eal\\\/#breadcrumb\",\"itemListElement\":[{\"@type\":\"ListItem\",\"position\":1,\"name\":\"Startseite\",\"item\":\"https:\\\/\\\/transportjournal.com\\\/nl\\\/\"},{\"@type\":\"ListItem\",\"position\":2,\"name\":\"Steve Rand nieuwe president van EAL\"}]},{\"@type\":\"WebSite\",\"@id\":\"https:\\\/\\\/transportjournal.com\\\/nl\\\/#website\",\"url\":\"https:\\\/\\\/transportjournal.com\\\/nl\\\/\",\"name\":\"ITJ | International Transport Journal\",\"description\":\"Stay informed with the latest global news from the transport, logistics, and supply chain industries. Transport Journal delivers expert insights, analysis, and updates across shipping, aviation, intermodal, and forwarding.\",\"publisher\":{\"@id\":\"https:\\\/\\\/transportjournal.com\\\/nl\\\/#organization\"},\"potentialAction\":[{\"@type\":\"SearchAction\",\"target\":{\"@type\":\"EntryPoint\",\"urlTemplate\":\"https:\\\/\\\/transportjournal.com\\\/nl\\\/?s={search_term_string}\"},\"query-input\":{\"@type\":\"PropertyValueSpecification\",\"valueRequired\":true,\"valueName\":\"search_term_string\"}}],\"inLanguage\":\"nl-NL\"},{\"@type\":\"Organization\",\"@id\":\"https:\\\/\\\/transportjournal.com\\\/nl\\\/#organization\",\"name\":\"Logismedia Groep AG\",\"alternateName\":\"Logismedia Group AG\",\"url\":\"https:\\\/\\\/transportjournal.com\\\/nl\\\/\",\"logo\":{\"@type\":\"ImageObject\",\"inLanguage\":\"nl-NL\",\"@id\":\"https:\\\/\\\/transportjournal.com\\\/nl\\\/#\\\/schema\\\/logo\\\/image\\\/\",\"url\":\"https:\\\/\\\/transportjournal.com\\\/wp-content\\\/uploads\\\/sites\\\/2\\\/2025\\\/09\\\/Logo_ITJ.png\",\"contentUrl\":\"https:\\\/\\\/transportjournal.com\\\/wp-content\\\/uploads\\\/sites\\\/2\\\/2025\\\/09\\\/Logo_ITJ.png\",\"width\":799,\"height\":326,\"caption\":\"Logismedia Groep AG\"},\"image\":{\"@id\":\"https:\\\/\\\/transportjournal.com\\\/nl\\\/#\\\/schema\\\/logo\\\/image\\\/\"},\"sameAs\":[\"https:\\\/\\\/www.linkedin.com\\\/company\\\/56456496\\\/admin\\\/dashboard\\\/\",\"https:\\\/\\\/www.instagram.com\\\/logismediagroup\\\/\",\"https:\\\/\\\/www.youtube.com\\\/@LogiamediaGroupAG\"]},{\"@type\":\"Person\",\"@id\":\"https:\\\/\\\/transportjournal.com\\\/nl\\\/#\\\/schema\\\/person\\\/cf538b3157f15afd7589245a4b3dbd25\",\"name\":\"Andreas Haug\",\"url\":\"https:\\\/\\\/transportjournal.com\\\/nl\\\/author\\\/andreas\\\/\"}]}<\/script>\n<!-- \/ Yoast SEO plugin. -->","yoast_head_json":{"title":"Steve Rand nieuwe president van EAL - ITJ | International Transport Journal","robots":{"index":"index","follow":"follow","max-snippet":"max-snippet:-1","max-image-preview":"max-image-preview:large","max-video-preview":"max-video-preview:-1"},"canonical":"https:\/\/transportjournal.com\/nl\/2026\/01\/16\/steve-rand-nieuwe-president-van-eal\/","og_locale":"nl_NL","og_type":"article","og_title":"Steve Rand nieuwe president van EAL - ITJ | International Transport Journal","og_description":"Enstructure heeft Steve Rand benoemd tot president van Enstructure Auto Logistics om de automobiellogistiek en de operationele activiteiten van het bedrijf te leiden.","og_url":"https:\/\/transportjournal.com\/nl\/2026\/01\/16\/steve-rand-nieuwe-president-van-eal\/","og_site_name":"ITJ | International Transport Journal","article_published_time":"2026-01-16T06:02:19+00:00","article_modified_time":"2026-01-16T07:09:01+00:00","author":"Andreas Haug","twitter_card":"summary_large_image","twitter_misc":{"Geschreven door":"Andreas Haug","Geschatte leestijd":"2 minuut"},"schema":{"@context":"https:\/\/schema.org","@graph":[{"@type":"Article","@id":"https:\/\/transportjournal.com\/nl\/2026\/01\/16\/steve-rand-nieuwe-president-van-eal\/#article","isPartOf":{"@id":"https:\/\/transportjournal.com\/nl\/2026\/01\/16\/steve-rand-nieuwe-president-van-eal\/"},"author":{"name":"Andreas Haug","@id":"https:\/\/transportjournal.com\/nl\/#\/schema\/person\/cf538b3157f15afd7589245a4b3dbd25"},"headline":"Steve Rand nieuwe president van EAL","datePublished":"2026-01-16T06:02:19+00:00","dateModified":"2026-01-16T07:09:01+00:00","mainEntityOfPage":{"@id":"https:\/\/transportjournal.com\/nl\/2026\/01\/16\/steve-rand-nieuwe-president-van-eal\/"},"wordCount":368,"commentCount":0,"publisher":{"@id":"https:\/\/transportjournal.com\/nl\/#organization"},"image":{"@id":"https:\/\/transportjournal.com\/nl\/2026\/01\/16\/steve-rand-nieuwe-president-van-eal\/#primaryimage"},"thumbnailUrl":"https:\/\/transportjournal.com\/wp-content\/uploads\/sites\/2\/2026\/01\/Enstructure-507032831_1030717929251598_3079323014185670599_n.jpg","keywords":["Automobillogistik","Automotive logistics","cha\u00eene d'approvisionnement","Deutsch Logistik","Digitalisierung","digitalization","durabilit\u00e9","Enstructure","Fachkr\u00e4ftemangel","Fertigfahrzeuge","Finished vehicles","Fournisseurs de services logistiques","Grimaldi Lines","Hafeninfrastruktur","industrie du transport","infrastructure portuaire","Jacksonville Florida","Jacksonville Floride","Lkw-Transport","logistics service providers","Logistikdienstleister","Logistique automobile","Mazda North America","Nachhaltigkeit","num\u00e9risation","p\u00e9nurie de main-d'\u0153uvre","port infrastructure","rail transport","Schienenverkehr","skills shortage","Steve Rand","Supply Chain","sustainability","Talleyrand Marine Terminal","Toyota Logistics Services","transport ferroviaire","Transport routier","Transportation industry Fran\u00e7ais Logistique","Transportwirtschaft English Logistics","Trucking","V\u00e9hicules finis","Wilmington Delaware"],"articleSection":["Amerika","Contreien","Mensen &amp; Bedrijven"],"inLanguage":"nl-NL","potentialAction":[{"@type":"CommentAction","name":"Comment","target":["https:\/\/transportjournal.com\/nl\/2026\/01\/16\/steve-rand-nieuwe-president-van-eal\/#respond"]}]},{"@type":"WebPage","@id":"https:\/\/transportjournal.com\/nl\/2026\/01\/16\/steve-rand-nieuwe-president-van-eal\/","url":"https:\/\/transportjournal.com\/nl\/2026\/01\/16\/steve-rand-nieuwe-president-van-eal\/","name":"Steve Rand nieuwe president van EAL - ITJ | International Transport Journal","isPartOf":{"@id":"https:\/\/transportjournal.com\/nl\/#website"},"primaryImageOfPage":{"@id":"https:\/\/transportjournal.com\/nl\/2026\/01\/16\/steve-rand-nieuwe-president-van-eal\/#primaryimage"},"image":{"@id":"https:\/\/transportjournal.com\/nl\/2026\/01\/16\/steve-rand-nieuwe-president-van-eal\/#primaryimage"},"thumbnailUrl":"https:\/\/transportjournal.com\/wp-content\/uploads\/sites\/2\/2026\/01\/Enstructure-507032831_1030717929251598_3079323014185670599_n.jpg","datePublished":"2026-01-16T06:02:19+00:00","dateModified":"2026-01-16T07:09:01+00:00","breadcrumb":{"@id":"https:\/\/transportjournal.com\/nl\/2026\/01\/16\/steve-rand-nieuwe-president-van-eal\/#breadcrumb"},"inLanguage":"nl-NL","potentialAction":[{"@type":"ReadAction","target":["https:\/\/transportjournal.com\/nl\/2026\/01\/16\/steve-rand-nieuwe-president-van-eal\/"]}]},{"@type":"ImageObject","inLanguage":"nl-NL","@id":"https:\/\/transportjournal.com\/nl\/2026\/01\/16\/steve-rand-nieuwe-president-van-eal\/#primaryimage","url":"https:\/\/transportjournal.com\/wp-content\/uploads\/sites\/2\/2026\/01\/Enstructure-507032831_1030717929251598_3079323014185670599_n.jpg","contentUrl":"https:\/\/transportjournal.com\/wp-content\/uploads\/sites\/2\/2026\/01\/Enstructure-507032831_1030717929251598_3079323014185670599_n.jpg","width":2048,"height":1152,"caption":"default"},{"@type":"BreadcrumbList","@id":"https:\/\/transportjournal.com\/nl\/2026\/01\/16\/steve-rand-nieuwe-president-van-eal\/#breadcrumb","itemListElement":[{"@type":"ListItem","position":1,"name":"Startseite","item":"https:\/\/transportjournal.com\/nl\/"},{"@type":"ListItem","position":2,"name":"Steve Rand nieuwe president van EAL"}]},{"@type":"WebSite","@id":"https:\/\/transportjournal.com\/nl\/#website","url":"https:\/\/transportjournal.com\/nl\/","name":"ITJ | International Transport Journal","description":"Stay informed with the latest global news from the transport, logistics, and supply chain industries. Transport Journal delivers expert insights, analysis, and updates across shipping, aviation, intermodal, and forwarding.","publisher":{"@id":"https:\/\/transportjournal.com\/nl\/#organization"},"potentialAction":[{"@type":"SearchAction","target":{"@type":"EntryPoint","urlTemplate":"https:\/\/transportjournal.com\/nl\/?s={search_term_string}"},"query-input":{"@type":"PropertyValueSpecification","valueRequired":true,"valueName":"search_term_string"}}],"inLanguage":"nl-NL"},{"@type":"Organization","@id":"https:\/\/transportjournal.com\/nl\/#organization","name":"Logismedia Groep AG","alternateName":"Logismedia Group AG","url":"https:\/\/transportjournal.com\/nl\/","logo":{"@type":"ImageObject","inLanguage":"nl-NL","@id":"https:\/\/transportjournal.com\/nl\/#\/schema\/logo\/image\/","url":"https:\/\/transportjournal.com\/wp-content\/uploads\/sites\/2\/2025\/09\/Logo_ITJ.png","contentUrl":"https:\/\/transportjournal.com\/wp-content\/uploads\/sites\/2\/2025\/09\/Logo_ITJ.png","width":799,"height":326,"caption":"Logismedia Groep AG"},"image":{"@id":"https:\/\/transportjournal.com\/nl\/#\/schema\/logo\/image\/"},"sameAs":["https:\/\/www.linkedin.com\/company\/56456496\/admin\/dashboard\/","https:\/\/www.instagram.com\/logismediagroup\/","https:\/\/www.youtube.com\/@LogiamediaGroupAG"]},{"@type":"Person","@id":"https:\/\/transportjournal.com\/nl\/#\/schema\/person\/cf538b3157f15afd7589245a4b3dbd25","name":"Andreas Haug","url":"https:\/\/transportjournal.com\/nl\/author\/andreas\/"}]}},"_links":{"self":[{"href":"https:\/\/transportjournal.com\/nl\/wp-json\/wp\/v2\/posts\/73272","targetHints":{"allow":["GET"]}}],"collection":[{"href":"https:\/\/transportjournal.com\/nl\/wp-json\/wp\/v2\/posts"}],"about":[{"href":"https:\/\/transportjournal.com\/nl\/wp-json\/wp\/v2\/types\/post"}],"author":[{"embeddable":true,"href":"https:\/\/transportjournal.com\/nl\/wp-json\/wp\/v2\/users\/12"}],"replies":[{"embeddable":true,"href":"https:\/\/transportjournal.com\/nl\/wp-json\/wp\/v2\/comments?post=73272"}],"version-history":[{"count":1,"href":"https:\/\/transportjournal.com\/nl\/wp-json\/wp\/v2\/posts\/73272\/revisions"}],"predecessor-version":[{"id":73280,"href":"https:\/\/transportjournal.com\/nl\/wp-json\/wp\/v2\/posts\/73272\/revisions\/73280"}],"wp:featuredmedia":[{"embeddable":true,"href":"https:\/\/transportjournal.com\/nl\/wp-json\/wp\/v2\/media\/73274"}],"wp:attachment":[{"href":"https:\/\/transportjournal.com\/nl\/wp-json\/wp\/v2\/media?parent=73272"}],"wp:term":[{"taxonomy":"category","embeddable":true,"href":"https:\/\/transportjournal.com\/nl\/wp-json\/wp\/v2\/categories?post=73272"},{"taxonomy":"post_tag","embeddable":true,"href":"https:\/\/transportjournal.com\/nl\/wp-json\/wp\/v2\/tags?post=73272"}],"curies":[{"name":"wp","href":"https:\/\/api.w.org\/{rel}","templated":true}]}}