{"id":73250,"date":"2026-01-16T05:30:32","date_gmt":"2026-01-16T05:30:32","guid":{"rendered":"https:\/\/transportjournal.com\/2026\/01\/16\/accelya-verenigt-vracht-en-passagiertechnologie\/"},"modified":"2026-01-16T05:30:32","modified_gmt":"2026-01-16T05:30:32","slug":"accelya-verenigt-vracht-en-passagiertechnologie","status":"publish","type":"post","link":"https:\/\/transportjournal.com\/nl\/2026\/01\/16\/accelya-verenigt-vracht-en-passagiertechnologie\/","title":{"rendered":"Accelya verenigt vracht- en passagiertechnologie"},"content":{"rendered":"<p>Accelya heeft een nieuwe stap aangekondigd in de ontwikkeling van zijn FLX ONE Cargo-platform, waarbij het bedrijf de vrachtontwikkeling op dezelfde technologische basis heeft verenigd die ook voor de passagiersverkoopplatforms wordt gebruikt. Deze maatregel onderstreept de langetermijninvestering van Accelya in de vrachtsector als een centraal onderdeel van de bedrijfsstrategie en de prestaties van luchtvaartmaatschappijen.<\/p>\n<p>Het FLX ONE Cargo-platform, dat in april 2025 wordt gelanceerd, is een cloud-native oplossing die moderne, API-gestuurde vrachtverkoop- en bedrijfsprocessen ondersteunt. Door de vracht te integreren op dezelfde FLX ONE-architectuur die al in de passagiersverkoop wordt gebruikt, cre\u00ebert Accelya een uniforme technologische basis die wereldwijd voor luchtvaartmaatschappijen functioneert.<\/p>\n<h3>Voordelen van de uniforme technologie<\/h3>\n<p>Deze ge\u00efntegreerde aanpak stelt luchtvaartmaatschappijen in staat om te profiteren van consistente veiligheid, schaalbaarheid en cloud-native diensten in zowel de passagiers- als vrachtoperaties, terwijl de specifieke commerci\u00eble, operationele en regelgevende vereisten van de vracht volledig in acht worden genomen. Bovendien kan Accelya innovaties sneller doorvoeren door platformdiensten en een gezamenlijk bedrijfsmodel over het gehele FLX ONE-portfolio te benutten.<\/p>\n<p>In het kader van deze voortdurende investering heeft Accelya Muthupandi Nageswaran aangesteld als Vice President of Technology voor FLX ONE Cargo. Nageswaran brengt meer dan 20 jaar ervaring mee in het leiden van grootschalige plattformentwikkeling en digitale transformatie in wereldwijde bedrijven zoals WEX, SAP Concur, Oracle, IBM en HP.<\/p>\n<p>\u201eVracht is een centrale drijfveer van de prestaties van luchtvaartmaatschappijen en verdient dezelfde robuuste, bedrijfsgerichte technologische basis als de passagiersverkoop\u201c, verklaarde Sam Gilliland, CEO van Accelya. \u201eDoor de vracht- en passagiertechnologie op FLX ONE te verenigen en door te blijven investeren in leiderschap en platformcapaciteiten, bieden we luchtvaartmaatschappijen een moderne, langetermijnbasis om hun vrachtactiviteiten met vertrouwen verder te ontwikkelen.\u201c<\/p>\n<p>Accelya zal zijn SkyChain-vrachtbeheersysteem voor bestaande klanten blijven ondersteunen. FLX ONE Cargo is een apart, cloud-native platform dat is ontworpen voor luchtvaartmaatschappijen die moderne vrachtcapaciteiten zoeken op basis van de FLX ONE-infrastructuur. Het platform biedt flexibele aanpassingsmogelijkheden die luchtvaartmaatschappijen in staat stellen om in hun eigen tempo te moderniseren.<\/p>\n<p>Het bedrijf is van plan om in de loop van 2026 verdere updates te geven over de verbeteringen van het FLX ONE Cargo-platform en de voortgang van de klanten.<\/p>\n<p>&nbsp;<\/p>\n<p><a href=\"https:\/\/w3.accelya.com\/\" target=\"_blank\" rel=\"noopener noreferrer\">www.accelya.com<\/a><\/p>\n<p>&nbsp;<\/p>\n","protected":false},"excerpt":{"rendered":"<p>Accelya heeft het FLX ONE Cargo-platform verder ontwikkeld om luchtvaartmaatschappijen moderne, uniforme technologie voor vracht- en passagiersverkoop aan te bieden.<\/p>\n","protected":false},"author":12,"featured_media":73244,"comment_status":"open","ping_status":"open","sticky":false,"template":"","format":"standard","meta":{"_acf_changed":false,"footnotes":""},"categories":[1597,1599,1594],"tags":[2940,6065,6066,6067,6068,6069,3503,4855,2207,6070,6071,2943,6072,2211,2212,5443,2949,6073,6074,6075,6076,6077,2125,3682,3683,2133,1831,6078,6079,6080,5454,4876,6081,6082,6083,2148,6084,6085,6086,1857,5460,3534,3847,6087,3849,2242,2839,1837,6088],"class_list":["post-73250","post","type-post","status-publish","format-standard","has-post-thumbnail","hentry","category-regios","category-europa","category-luchtvracht","tag-airlines","tag-api-driven-processes","tag-api-gesteuerte-ablaeufe","tag-capacites-modernes-de-fret","tag-cargo-and-passenger-technology","tag-cargo-distribution-platform","tag-cargo-management-system","tag-cargo-operations","tag-chaine-dapprovisionnement","tag-cloud-native-loesung","tag-cloud-native-solution","tag-compagnies-aeriennes","tag-deutsch-accelya","tag-digital-transformation","tag-digitale-transformation","tag-durabilite","tag-fluggesellschaften","tag-flx-one-cargo","tag-fracht-und-passagiertechnologie","tag-frachtbetrieb","tag-frachtmanagementsystem","tag-frachtvertriebsplattform","tag-industrie-du-transport","tag-infrastructure","tag-infrastruktur","tag-logistics-service-providers","tag-logistikdienstleister","tag-modern-cargo-capabilities-francais-accelya","tag-moderne-frachtfaehigkeiten-english-accelya","tag-muthupandi-nageswaran","tag-nachhaltigkeit","tag-operations-de-fret","tag-passagiervertrieb","tag-passenger-sales","tag-plateforme-de-distribution-de-fret","tag-prestataires-de-services-logistiques","tag-processus-pilotes-par-api","tag-sam-gilliland","tag-solution-cloud-native","tag-supply-chain","tag-sustainability","tag-systeme-de-gestion-de-fret","tag-technologie","tag-technologie-de-fret-et-de-passagers","tag-technology","tag-transformation-numerique","tag-transportation-industry","tag-transportwirtschaft","tag-ventes-de-passagers"],"acf":[],"yoast_head":"<!-- This site is optimized with the Yoast SEO plugin v27.3 - https:\/\/yoast.com\/product\/yoast-seo-wordpress\/ -->\n<title>Accelya verenigt vracht- en passagiertechnologie - ITJ | International Transport Journal<\/title>\n<meta name=\"robots\" content=\"index, follow, max-snippet:-1, max-image-preview:large, max-video-preview:-1\" \/>\n<link rel=\"canonical\" href=\"https:\/\/transportjournal.com\/nl\/2026\/01\/16\/accelya-verenigt-vracht-en-passagiertechnologie\/\" \/>\n<meta property=\"og:locale\" content=\"nl_NL\" \/>\n<meta property=\"og:type\" content=\"article\" \/>\n<meta property=\"og:title\" content=\"Accelya verenigt vracht- en passagiertechnologie - ITJ | International Transport Journal\" \/>\n<meta property=\"og:description\" content=\"Accelya heeft het FLX ONE Cargo-platform verder ontwikkeld om luchtvaartmaatschappijen moderne, uniforme technologie voor vracht- en passagiersverkoop aan te bieden.\" \/>\n<meta property=\"og:url\" content=\"https:\/\/transportjournal.com\/nl\/2026\/01\/16\/accelya-verenigt-vracht-en-passagiertechnologie\/\" \/>\n<meta property=\"og:site_name\" content=\"ITJ | International Transport Journal\" \/>\n<meta property=\"article:published_time\" content=\"2026-01-16T05:30:32+00:00\" \/>\n<meta property=\"og:image\" content=\"https:\/\/transportjournal.com\/wp-content\/uploads\/sites\/2\/2026\/01\/Accelya-FLX-Cargo-3-aspect-ratio-1400-788.webp\" \/>\n\t<meta property=\"og:image:width\" content=\"558\" \/>\n\t<meta property=\"og:image:height\" content=\"314\" \/>\n\t<meta property=\"og:image:type\" content=\"image\/webp\" \/>\n<meta name=\"author\" content=\"Andreas Haug\" \/>\n<meta name=\"twitter:card\" content=\"summary_large_image\" \/>\n<meta name=\"twitter:label1\" content=\"Geschreven door\" \/>\n\t<meta name=\"twitter:data1\" content=\"Andreas Haug\" \/>\n\t<meta name=\"twitter:label2\" content=\"Geschatte leestijd\" \/>\n\t<meta name=\"twitter:data2\" content=\"2 minuut\" \/>\n<script type=\"application\/ld+json\" class=\"yoast-schema-graph\">{\"@context\":\"https:\\\/\\\/schema.org\",\"@graph\":[{\"@type\":\"Article\",\"@id\":\"https:\\\/\\\/transportjournal.com\\\/nl\\\/2026\\\/01\\\/16\\\/accelya-verenigt-vracht-en-passagiertechnologie\\\/#article\",\"isPartOf\":{\"@id\":\"https:\\\/\\\/transportjournal.com\\\/nl\\\/2026\\\/01\\\/16\\\/accelya-verenigt-vracht-en-passagiertechnologie\\\/\"},\"author\":{\"name\":\"Andreas Haug\",\"@id\":\"https:\\\/\\\/transportjournal.com\\\/nl\\\/#\\\/schema\\\/person\\\/cf538b3157f15afd7589245a4b3dbd25\"},\"headline\":\"Accelya verenigt vracht- en passagiertechnologie\",\"datePublished\":\"2026-01-16T05:30:32+00:00\",\"mainEntityOfPage\":{\"@id\":\"https:\\\/\\\/transportjournal.com\\\/nl\\\/2026\\\/01\\\/16\\\/accelya-verenigt-vracht-en-passagiertechnologie\\\/\"},\"wordCount\":361,\"commentCount\":0,\"publisher\":{\"@id\":\"https:\\\/\\\/transportjournal.com\\\/nl\\\/#organization\"},\"image\":{\"@id\":\"https:\\\/\\\/transportjournal.com\\\/nl\\\/2026\\\/01\\\/16\\\/accelya-verenigt-vracht-en-passagiertechnologie\\\/#primaryimage\"},\"thumbnailUrl\":\"https:\\\/\\\/transportjournal.com\\\/wp-content\\\/uploads\\\/sites\\\/2\\\/2026\\\/01\\\/Accelya-FLX-Cargo-3-aspect-ratio-1400-788.webp\",\"keywords\":[\"airlines\",\"API-driven processes\",\"API-gesteuerte Abl\u00e4ufe\",\"capacit\u00e9s modernes de fret\",\"cargo and passenger technology\",\"cargo distribution platform\",\"Cargo Management System\",\"cargo operations\",\"cha\u00eene d'approvisionnement\",\"cloud-native L\u00f6sung\",\"cloud-native solution\",\"compagnies a\u00e9riennes\",\"Deutsch Accelya\",\"digital transformation\",\"digitale Transformation\",\"durabilit\u00e9\",\"Fluggesellschaften\",\"FLX ONE Cargo\",\"Fracht- und Passagiertechnologie\",\"Frachtbetrieb\",\"Frachtmanagementsystem\",\"Frachtvertriebsplattform\",\"industrie du transport\",\"infrastructure\",\"Infrastruktur\",\"logistics service providers\",\"Logistikdienstleister\",\"modern cargo capabilities Fran\u00e7ais Accelya\",\"moderne Frachtf\u00e4higkeiten English Accelya\",\"Muthupandi Nageswaran\",\"Nachhaltigkeit\",\"op\u00e9rations de fret\",\"Passagiervertrieb\",\"passenger sales\",\"plateforme de distribution de fret\",\"prestataires de services logistiques\",\"processus pilot\u00e9s par API\",\"Sam Gilliland\",\"solution cloud-native\",\"Supply Chain\",\"sustainability\",\"syst\u00e8me de gestion de fret\",\"technologie\",\"technologie de fret et de passagers\",\"technology\",\"transformation num\u00e9rique\",\"transportation industry\",\"Transportwirtschaft\",\"ventes de passagers\"],\"articleSection\":[\"Contreien\",\"Europa\",\"Luchtvracht\"],\"inLanguage\":\"nl-NL\",\"potentialAction\":[{\"@type\":\"CommentAction\",\"name\":\"Comment\",\"target\":[\"https:\\\/\\\/transportjournal.com\\\/nl\\\/2026\\\/01\\\/16\\\/accelya-verenigt-vracht-en-passagiertechnologie\\\/#respond\"]}]},{\"@type\":\"WebPage\",\"@id\":\"https:\\\/\\\/transportjournal.com\\\/nl\\\/2026\\\/01\\\/16\\\/accelya-verenigt-vracht-en-passagiertechnologie\\\/\",\"url\":\"https:\\\/\\\/transportjournal.com\\\/nl\\\/2026\\\/01\\\/16\\\/accelya-verenigt-vracht-en-passagiertechnologie\\\/\",\"name\":\"Accelya verenigt vracht- en passagiertechnologie - ITJ | International Transport Journal\",\"isPartOf\":{\"@id\":\"https:\\\/\\\/transportjournal.com\\\/nl\\\/#website\"},\"primaryImageOfPage\":{\"@id\":\"https:\\\/\\\/transportjournal.com\\\/nl\\\/2026\\\/01\\\/16\\\/accelya-verenigt-vracht-en-passagiertechnologie\\\/#primaryimage\"},\"image\":{\"@id\":\"https:\\\/\\\/transportjournal.com\\\/nl\\\/2026\\\/01\\\/16\\\/accelya-verenigt-vracht-en-passagiertechnologie\\\/#primaryimage\"},\"thumbnailUrl\":\"https:\\\/\\\/transportjournal.com\\\/wp-content\\\/uploads\\\/sites\\\/2\\\/2026\\\/01\\\/Accelya-FLX-Cargo-3-aspect-ratio-1400-788.webp\",\"datePublished\":\"2026-01-16T05:30:32+00:00\",\"breadcrumb\":{\"@id\":\"https:\\\/\\\/transportjournal.com\\\/nl\\\/2026\\\/01\\\/16\\\/accelya-verenigt-vracht-en-passagiertechnologie\\\/#breadcrumb\"},\"inLanguage\":\"nl-NL\",\"potentialAction\":[{\"@type\":\"ReadAction\",\"target\":[\"https:\\\/\\\/transportjournal.com\\\/nl\\\/2026\\\/01\\\/16\\\/accelya-verenigt-vracht-en-passagiertechnologie\\\/\"]}]},{\"@type\":\"ImageObject\",\"inLanguage\":\"nl-NL\",\"@id\":\"https:\\\/\\\/transportjournal.com\\\/nl\\\/2026\\\/01\\\/16\\\/accelya-verenigt-vracht-en-passagiertechnologie\\\/#primaryimage\",\"url\":\"https:\\\/\\\/transportjournal.com\\\/wp-content\\\/uploads\\\/sites\\\/2\\\/2026\\\/01\\\/Accelya-FLX-Cargo-3-aspect-ratio-1400-788.webp\",\"contentUrl\":\"https:\\\/\\\/transportjournal.com\\\/wp-content\\\/uploads\\\/sites\\\/2\\\/2026\\\/01\\\/Accelya-FLX-Cargo-3-aspect-ratio-1400-788.webp\",\"width\":558,\"height\":314},{\"@type\":\"BreadcrumbList\",\"@id\":\"https:\\\/\\\/transportjournal.com\\\/nl\\\/2026\\\/01\\\/16\\\/accelya-verenigt-vracht-en-passagiertechnologie\\\/#breadcrumb\",\"itemListElement\":[{\"@type\":\"ListItem\",\"position\":1,\"name\":\"Startseite\",\"item\":\"https:\\\/\\\/transportjournal.com\\\/nl\\\/\"},{\"@type\":\"ListItem\",\"position\":2,\"name\":\"Accelya verenigt vracht- en passagiertechnologie\"}]},{\"@type\":\"WebSite\",\"@id\":\"https:\\\/\\\/transportjournal.com\\\/nl\\\/#website\",\"url\":\"https:\\\/\\\/transportjournal.com\\\/nl\\\/\",\"name\":\"ITJ | International Transport Journal\",\"description\":\"Stay informed with the latest global news from the transport, logistics, and supply chain industries. Transport Journal delivers expert insights, analysis, and updates across shipping, aviation, intermodal, and forwarding.\",\"publisher\":{\"@id\":\"https:\\\/\\\/transportjournal.com\\\/nl\\\/#organization\"},\"potentialAction\":[{\"@type\":\"SearchAction\",\"target\":{\"@type\":\"EntryPoint\",\"urlTemplate\":\"https:\\\/\\\/transportjournal.com\\\/nl\\\/?s={search_term_string}\"},\"query-input\":{\"@type\":\"PropertyValueSpecification\",\"valueRequired\":true,\"valueName\":\"search_term_string\"}}],\"inLanguage\":\"nl-NL\"},{\"@type\":\"Organization\",\"@id\":\"https:\\\/\\\/transportjournal.com\\\/nl\\\/#organization\",\"name\":\"Logismedia Groep AG\",\"alternateName\":\"Logismedia Group AG\",\"url\":\"https:\\\/\\\/transportjournal.com\\\/nl\\\/\",\"logo\":{\"@type\":\"ImageObject\",\"inLanguage\":\"nl-NL\",\"@id\":\"https:\\\/\\\/transportjournal.com\\\/nl\\\/#\\\/schema\\\/logo\\\/image\\\/\",\"url\":\"https:\\\/\\\/transportjournal.com\\\/wp-content\\\/uploads\\\/sites\\\/2\\\/2025\\\/09\\\/Logo_ITJ.png\",\"contentUrl\":\"https:\\\/\\\/transportjournal.com\\\/wp-content\\\/uploads\\\/sites\\\/2\\\/2025\\\/09\\\/Logo_ITJ.png\",\"width\":799,\"height\":326,\"caption\":\"Logismedia Groep AG\"},\"image\":{\"@id\":\"https:\\\/\\\/transportjournal.com\\\/nl\\\/#\\\/schema\\\/logo\\\/image\\\/\"},\"sameAs\":[\"https:\\\/\\\/www.linkedin.com\\\/company\\\/56456496\\\/admin\\\/dashboard\\\/\",\"https:\\\/\\\/www.instagram.com\\\/logismediagroup\\\/\",\"https:\\\/\\\/www.youtube.com\\\/@LogiamediaGroupAG\"]},{\"@type\":\"Person\",\"@id\":\"https:\\\/\\\/transportjournal.com\\\/nl\\\/#\\\/schema\\\/person\\\/cf538b3157f15afd7589245a4b3dbd25\",\"name\":\"Andreas Haug\",\"url\":\"https:\\\/\\\/transportjournal.com\\\/nl\\\/author\\\/andreas\\\/\"}]}<\/script>\n<!-- \/ Yoast SEO plugin. -->","yoast_head_json":{"title":"Accelya verenigt vracht- en passagiertechnologie - ITJ | International Transport Journal","robots":{"index":"index","follow":"follow","max-snippet":"max-snippet:-1","max-image-preview":"max-image-preview:large","max-video-preview":"max-video-preview:-1"},"canonical":"https:\/\/transportjournal.com\/nl\/2026\/01\/16\/accelya-verenigt-vracht-en-passagiertechnologie\/","og_locale":"nl_NL","og_type":"article","og_title":"Accelya verenigt vracht- en passagiertechnologie - ITJ | International Transport Journal","og_description":"Accelya heeft het FLX ONE Cargo-platform verder ontwikkeld om luchtvaartmaatschappijen moderne, uniforme technologie voor vracht- en passagiersverkoop aan te bieden.","og_url":"https:\/\/transportjournal.com\/nl\/2026\/01\/16\/accelya-verenigt-vracht-en-passagiertechnologie\/","og_site_name":"ITJ | International Transport Journal","article_published_time":"2026-01-16T05:30:32+00:00","og_image":[{"width":558,"height":314,"url":"https:\/\/transportjournal.com\/wp-content\/uploads\/sites\/2\/2026\/01\/Accelya-FLX-Cargo-3-aspect-ratio-1400-788.webp","type":"image\/webp"}],"author":"Andreas Haug","twitter_card":"summary_large_image","twitter_misc":{"Geschreven door":"Andreas Haug","Geschatte leestijd":"2 minuut"},"schema":{"@context":"https:\/\/schema.org","@graph":[{"@type":"Article","@id":"https:\/\/transportjournal.com\/nl\/2026\/01\/16\/accelya-verenigt-vracht-en-passagiertechnologie\/#article","isPartOf":{"@id":"https:\/\/transportjournal.com\/nl\/2026\/01\/16\/accelya-verenigt-vracht-en-passagiertechnologie\/"},"author":{"name":"Andreas Haug","@id":"https:\/\/transportjournal.com\/nl\/#\/schema\/person\/cf538b3157f15afd7589245a4b3dbd25"},"headline":"Accelya verenigt vracht- en passagiertechnologie","datePublished":"2026-01-16T05:30:32+00:00","mainEntityOfPage":{"@id":"https:\/\/transportjournal.com\/nl\/2026\/01\/16\/accelya-verenigt-vracht-en-passagiertechnologie\/"},"wordCount":361,"commentCount":0,"publisher":{"@id":"https:\/\/transportjournal.com\/nl\/#organization"},"image":{"@id":"https:\/\/transportjournal.com\/nl\/2026\/01\/16\/accelya-verenigt-vracht-en-passagiertechnologie\/#primaryimage"},"thumbnailUrl":"https:\/\/transportjournal.com\/wp-content\/uploads\/sites\/2\/2026\/01\/Accelya-FLX-Cargo-3-aspect-ratio-1400-788.webp","keywords":["airlines","API-driven processes","API-gesteuerte Abl\u00e4ufe","capacit\u00e9s modernes de fret","cargo and passenger technology","cargo distribution platform","Cargo Management System","cargo operations","cha\u00eene d'approvisionnement","cloud-native L\u00f6sung","cloud-native solution","compagnies a\u00e9riennes","Deutsch Accelya","digital transformation","digitale Transformation","durabilit\u00e9","Fluggesellschaften","FLX ONE Cargo","Fracht- und Passagiertechnologie","Frachtbetrieb","Frachtmanagementsystem","Frachtvertriebsplattform","industrie du transport","infrastructure","Infrastruktur","logistics service providers","Logistikdienstleister","modern cargo capabilities Fran\u00e7ais Accelya","moderne Frachtf\u00e4higkeiten English Accelya","Muthupandi Nageswaran","Nachhaltigkeit","op\u00e9rations de fret","Passagiervertrieb","passenger sales","plateforme de distribution de fret","prestataires de services logistiques","processus pilot\u00e9s par API","Sam Gilliland","solution cloud-native","Supply Chain","sustainability","syst\u00e8me de gestion de fret","technologie","technologie de fret et de passagers","technology","transformation num\u00e9rique","transportation industry","Transportwirtschaft","ventes de passagers"],"articleSection":["Contreien","Europa","Luchtvracht"],"inLanguage":"nl-NL","potentialAction":[{"@type":"CommentAction","name":"Comment","target":["https:\/\/transportjournal.com\/nl\/2026\/01\/16\/accelya-verenigt-vracht-en-passagiertechnologie\/#respond"]}]},{"@type":"WebPage","@id":"https:\/\/transportjournal.com\/nl\/2026\/01\/16\/accelya-verenigt-vracht-en-passagiertechnologie\/","url":"https:\/\/transportjournal.com\/nl\/2026\/01\/16\/accelya-verenigt-vracht-en-passagiertechnologie\/","name":"Accelya verenigt vracht- en passagiertechnologie - ITJ | International Transport Journal","isPartOf":{"@id":"https:\/\/transportjournal.com\/nl\/#website"},"primaryImageOfPage":{"@id":"https:\/\/transportjournal.com\/nl\/2026\/01\/16\/accelya-verenigt-vracht-en-passagiertechnologie\/#primaryimage"},"image":{"@id":"https:\/\/transportjournal.com\/nl\/2026\/01\/16\/accelya-verenigt-vracht-en-passagiertechnologie\/#primaryimage"},"thumbnailUrl":"https:\/\/transportjournal.com\/wp-content\/uploads\/sites\/2\/2026\/01\/Accelya-FLX-Cargo-3-aspect-ratio-1400-788.webp","datePublished":"2026-01-16T05:30:32+00:00","breadcrumb":{"@id":"https:\/\/transportjournal.com\/nl\/2026\/01\/16\/accelya-verenigt-vracht-en-passagiertechnologie\/#breadcrumb"},"inLanguage":"nl-NL","potentialAction":[{"@type":"ReadAction","target":["https:\/\/transportjournal.com\/nl\/2026\/01\/16\/accelya-verenigt-vracht-en-passagiertechnologie\/"]}]},{"@type":"ImageObject","inLanguage":"nl-NL","@id":"https:\/\/transportjournal.com\/nl\/2026\/01\/16\/accelya-verenigt-vracht-en-passagiertechnologie\/#primaryimage","url":"https:\/\/transportjournal.com\/wp-content\/uploads\/sites\/2\/2026\/01\/Accelya-FLX-Cargo-3-aspect-ratio-1400-788.webp","contentUrl":"https:\/\/transportjournal.com\/wp-content\/uploads\/sites\/2\/2026\/01\/Accelya-FLX-Cargo-3-aspect-ratio-1400-788.webp","width":558,"height":314},{"@type":"BreadcrumbList","@id":"https:\/\/transportjournal.com\/nl\/2026\/01\/16\/accelya-verenigt-vracht-en-passagiertechnologie\/#breadcrumb","itemListElement":[{"@type":"ListItem","position":1,"name":"Startseite","item":"https:\/\/transportjournal.com\/nl\/"},{"@type":"ListItem","position":2,"name":"Accelya verenigt vracht- en passagiertechnologie"}]},{"@type":"WebSite","@id":"https:\/\/transportjournal.com\/nl\/#website","url":"https:\/\/transportjournal.com\/nl\/","name":"ITJ | International Transport Journal","description":"Stay informed with the latest global news from the transport, logistics, and supply chain industries. Transport Journal delivers expert insights, analysis, and updates across shipping, aviation, intermodal, and forwarding.","publisher":{"@id":"https:\/\/transportjournal.com\/nl\/#organization"},"potentialAction":[{"@type":"SearchAction","target":{"@type":"EntryPoint","urlTemplate":"https:\/\/transportjournal.com\/nl\/?s={search_term_string}"},"query-input":{"@type":"PropertyValueSpecification","valueRequired":true,"valueName":"search_term_string"}}],"inLanguage":"nl-NL"},{"@type":"Organization","@id":"https:\/\/transportjournal.com\/nl\/#organization","name":"Logismedia Groep AG","alternateName":"Logismedia Group AG","url":"https:\/\/transportjournal.com\/nl\/","logo":{"@type":"ImageObject","inLanguage":"nl-NL","@id":"https:\/\/transportjournal.com\/nl\/#\/schema\/logo\/image\/","url":"https:\/\/transportjournal.com\/wp-content\/uploads\/sites\/2\/2025\/09\/Logo_ITJ.png","contentUrl":"https:\/\/transportjournal.com\/wp-content\/uploads\/sites\/2\/2025\/09\/Logo_ITJ.png","width":799,"height":326,"caption":"Logismedia Groep AG"},"image":{"@id":"https:\/\/transportjournal.com\/nl\/#\/schema\/logo\/image\/"},"sameAs":["https:\/\/www.linkedin.com\/company\/56456496\/admin\/dashboard\/","https:\/\/www.instagram.com\/logismediagroup\/","https:\/\/www.youtube.com\/@LogiamediaGroupAG"]},{"@type":"Person","@id":"https:\/\/transportjournal.com\/nl\/#\/schema\/person\/cf538b3157f15afd7589245a4b3dbd25","name":"Andreas Haug","url":"https:\/\/transportjournal.com\/nl\/author\/andreas\/"}]}},"_links":{"self":[{"href":"https:\/\/transportjournal.com\/nl\/wp-json\/wp\/v2\/posts\/73250","targetHints":{"allow":["GET"]}}],"collection":[{"href":"https:\/\/transportjournal.com\/nl\/wp-json\/wp\/v2\/posts"}],"about":[{"href":"https:\/\/transportjournal.com\/nl\/wp-json\/wp\/v2\/types\/post"}],"author":[{"embeddable":true,"href":"https:\/\/transportjournal.com\/nl\/wp-json\/wp\/v2\/users\/12"}],"replies":[{"embeddable":true,"href":"https:\/\/transportjournal.com\/nl\/wp-json\/wp\/v2\/comments?post=73250"}],"version-history":[{"count":0,"href":"https:\/\/transportjournal.com\/nl\/wp-json\/wp\/v2\/posts\/73250\/revisions"}],"wp:featuredmedia":[{"embeddable":true,"href":"https:\/\/transportjournal.com\/nl\/wp-json\/wp\/v2\/media\/73244"}],"wp:attachment":[{"href":"https:\/\/transportjournal.com\/nl\/wp-json\/wp\/v2\/media?parent=73250"}],"wp:term":[{"taxonomy":"category","embeddable":true,"href":"https:\/\/transportjournal.com\/nl\/wp-json\/wp\/v2\/categories?post=73250"},{"taxonomy":"post_tag","embeddable":true,"href":"https:\/\/transportjournal.com\/nl\/wp-json\/wp\/v2\/tags?post=73250"}],"curies":[{"name":"wp","href":"https:\/\/api.w.org\/{rel}","templated":true}]}}