{"id":73039,"date":"2026-01-14T08:53:26","date_gmt":"2026-01-14T08:53:26","guid":{"rendered":"https:\/\/transportjournal.com\/2026\/01\/14\/frachtvervoer-op-aena-luchthavens-stijgt\/"},"modified":"2026-01-14T11:37:19","modified_gmt":"2026-01-14T10:37:19","slug":"frachtvervoer-op-aena-luchthavens-stijgt","status":"publish","type":"post","link":"https:\/\/transportjournal.com\/nl\/2026\/01\/14\/frachtvervoer-op-aena-luchthavens-stijgt\/","title":{"rendered":"Frachtvervoer op Aena-luchthavens stijgt"},"content":{"rendered":"<p>Op de luchthavens van de Aena-groep werd vorig jaar 1.533.901 t vracht afgehandeld, wat een stijging van 7,9% ten opzichte van 2024 betekent. In december 2025<\/p>\n<h3>Vrachtvervoer en investeringsplannen<\/h3>\n<p>De luchthaven Adolfo Su\u00e1rez Madrid-Barajas was met 840.331 t de grootste vrachtoverslagplaats, gevolgd door Barcelona-El Prat met 200.741 t. Aena is van plan om de komende jaren te investeren in de infrastructuur van de Spaanse luchthavens om de stijgende vraag het hoofd te bieden en de bedrijfsvoering te optimaliseren. Deze investeringen zijn noodzakelijk om de capaciteiten aan te passen aan de groeiende verkeersvolumes en toekomstige uitbreidings- en moderniseringsprojecten te ondersteunen. Het vrachtvervoer van de 17 luchthavens van Aena Brasil steeg met 20,9% naar 133.972 t. Op London Luton Airport daalde de vracht met 10,2% naar 27.534 t.<\/p>\n<p>&nbsp;<\/p>\n<p><a href=\"https:\/\/www.aena.es\/\" target=\"_blank\" rel=\"noopener noreferrer\">www.aena.es<\/a><\/p>\n<p>&nbsp;<\/p>\n","protected":false},"excerpt":{"rendered":"<p>In 2025 werden op de luchthavens van de Aena-groep 1.533.901 t vracht verwerkt, terwijl Madrid-Barajas en Barcelona-El Prat de grootste overslagpunten waren<\/p>\n","protected":false},"author":12,"featured_media":73033,"comment_status":"open","ping_status":"open","sticky":false,"template":"","format":"standard","meta":{"_acf_changed":false,"footnotes":""},"categories":[1602,1597,1599,1594,1645],"tags":[5272,5273,5274,5275,5276,5277,5278,5279,2648,3619,5280,5281,5282,5283,5284,5285,5286,5287,5288,3632,5289,2811,5290,1958,5291,5292,4091,5293,2655,5294,2125,3643,5295,5296,5297,5298,5299,5300,2821,1831,2176,5301,1962,5302,5303,5304,5305,5306,2829,5307,5308,5309,4105,2155,1837,5310,5311],"class_list":["post-73039","post","type-post","status-publish","format-standard","has-post-thumbnail","hentry","category-amerika","category-regios","category-europa","category-luchtvracht","category-uncategorized","tag-adolfo-suarez-madrid-barajas","tag-aena-airports","tag-aena-brasil","tag-aena-brazil","tag-aena-bresil","tag-aena-flughaefen","tag-aeroport-de-londres-luton","tag-aeroports-aena","tag-air-freight","tag-airport-infrastructure","tag-ajustements-de-capacite","tag-barcelona-el-prat","tag-barcelone-el-prat","tag-betriebsablaeufe-optimieren","tag-capacity-adjustments","tag-cargo-flights","tag-cargo-logistics","tag-demande-croissante","tag-deutsch-frachtumschlag","tag-flughafeninfrastruktur","tag-frachtfluege","tag-frachtlogistik","tag-frachtstatistik","tag-frachttransport","tag-frachtvolumen-2025","tag-freight-statistics","tag-freight-transport","tag-freight-volume-2025","tag-fret-aerien","tag-increasing-demand","tag-industrie-du-transport","tag-infrastructure-aeroportuaire","tag-infrastructure-investments","tag-infrastrukturinvestitionen","tag-investissements-en-infrastructure","tag-investitionsplaene-english-freight-handling","tag-investment-plans-francais-manutention-de-fret","tag-kapazitaeten-anpassen","tag-logistics-providers","tag-logistikdienstleister","tag-logistique-de-fret","tag-london-luton-airport","tag-luftfracht","tag-modernisierungsprojekte","tag-modernization-projects","tag-optimisation-des-operations","tag-optimizing-operations","tag-plans-dinvestissement","tag-prestataires-logistiques","tag-projets-de-modernisation","tag-statistiques-de-fret","tag-steigende-nachfrage","tag-transport-de-fret","tag-transport-industry","tag-transportwirtschaft","tag-vols-de-fret","tag-volume-de-fret-2025"],"acf":[],"yoast_head":"<!-- This site is optimized with the Yoast SEO plugin v27.3 - https:\/\/yoast.com\/product\/yoast-seo-wordpress\/ -->\n<title>Frachtvervoer op Aena-luchthavens stijgt - ITJ | International Transport Journal<\/title>\n<meta name=\"robots\" content=\"index, follow, max-snippet:-1, max-image-preview:large, max-video-preview:-1\" \/>\n<link rel=\"canonical\" href=\"https:\/\/transportjournal.com\/nl\/2026\/01\/14\/frachtvervoer-op-aena-luchthavens-stijgt\/\" \/>\n<meta property=\"og:locale\" content=\"nl_NL\" \/>\n<meta property=\"og:type\" content=\"article\" \/>\n<meta property=\"og:title\" content=\"Frachtvervoer op Aena-luchthavens stijgt - ITJ | International Transport Journal\" \/>\n<meta property=\"og:description\" content=\"In 2025 werden op de luchthavens van de Aena-groep 1.533.901 t vracht verwerkt, terwijl Madrid-Barajas en Barcelona-El Prat de grootste overslagpunten waren\" \/>\n<meta property=\"og:url\" content=\"https:\/\/transportjournal.com\/nl\/2026\/01\/14\/frachtvervoer-op-aena-luchthavens-stijgt\/\" \/>\n<meta property=\"og:site_name\" content=\"ITJ | International Transport Journal\" \/>\n<meta property=\"article:published_time\" content=\"2026-01-14T08:53:26+00:00\" \/>\n<meta property=\"article:modified_time\" content=\"2026-01-14T10:37:19+00:00\" \/>\n<meta property=\"og:image\" content=\"https:\/\/transportjournal.com\/wp-content\/uploads\/sites\/2\/2026\/01\/Aena-491545241_1088041750028984_6180535316988199121_n-aspect-ratio-1400-788.jpg\" \/>\n\t<meta property=\"og:image:width\" content=\"1638\" \/>\n\t<meta property=\"og:image:height\" content=\"922\" \/>\n\t<meta property=\"og:image:type\" content=\"image\/jpeg\" \/>\n<meta name=\"author\" content=\"Andreas Haug\" \/>\n<meta name=\"twitter:card\" content=\"summary_large_image\" \/>\n<meta name=\"twitter:label1\" content=\"Geschreven door\" \/>\n\t<meta name=\"twitter:data1\" content=\"Andreas Haug\" \/>\n\t<meta name=\"twitter:label2\" content=\"Geschatte leestijd\" \/>\n\t<meta name=\"twitter:data2\" content=\"1 minuut\" \/>\n<script type=\"application\/ld+json\" class=\"yoast-schema-graph\">{\"@context\":\"https:\\\/\\\/schema.org\",\"@graph\":[{\"@type\":\"Article\",\"@id\":\"https:\\\/\\\/transportjournal.com\\\/nl\\\/2026\\\/01\\\/14\\\/frachtvervoer-op-aena-luchthavens-stijgt\\\/#article\",\"isPartOf\":{\"@id\":\"https:\\\/\\\/transportjournal.com\\\/nl\\\/2026\\\/01\\\/14\\\/frachtvervoer-op-aena-luchthavens-stijgt\\\/\"},\"author\":{\"name\":\"Andreas Haug\",\"@id\":\"https:\\\/\\\/transportjournal.com\\\/nl\\\/#\\\/schema\\\/person\\\/cf538b3157f15afd7589245a4b3dbd25\"},\"headline\":\"Frachtvervoer op Aena-luchthavens stijgt\",\"datePublished\":\"2026-01-14T08:53:26+00:00\",\"dateModified\":\"2026-01-14T10:37:19+00:00\",\"mainEntityOfPage\":{\"@id\":\"https:\\\/\\\/transportjournal.com\\\/nl\\\/2026\\\/01\\\/14\\\/frachtvervoer-op-aena-luchthavens-stijgt\\\/\"},\"wordCount\":125,\"commentCount\":0,\"publisher\":{\"@id\":\"https:\\\/\\\/transportjournal.com\\\/nl\\\/#organization\"},\"image\":{\"@id\":\"https:\\\/\\\/transportjournal.com\\\/nl\\\/2026\\\/01\\\/14\\\/frachtvervoer-op-aena-luchthavens-stijgt\\\/#primaryimage\"},\"thumbnailUrl\":\"https:\\\/\\\/transportjournal.com\\\/wp-content\\\/uploads\\\/sites\\\/2\\\/2026\\\/01\\\/Aena-491545241_1088041750028984_6180535316988199121_n-aspect-ratio-1400-788.jpg\",\"keywords\":[\"Adolfo Su\u00e1rez Madrid-Barajas\",\"Aena airports\",\"Aena Brasil\",\"Aena Brazil\",\"Aena Br\u00e9sil\",\"Aena Flugh\u00e4fen\",\"a\u00e9roport de Londres Luton\",\"a\u00e9roports Aena\",\"air freight\",\"airport infrastructure\",\"ajustements de capacit\u00e9\",\"Barcelona-El Prat\",\"Barcelone-El Prat\",\"Betriebsabl\u00e4ufe optimieren\",\"capacity adjustments\",\"cargo flights\",\"cargo logistics\",\"demande croissante\",\"Deutsch Frachtumschlag\",\"Flughafeninfrastruktur\",\"Frachtfl\u00fcge\",\"Frachtlogistik\",\"Frachtstatistik\",\"Frachttransport\",\"Frachtvolumen 2025\",\"freight statistics\",\"freight transport\",\"freight volume 2025\",\"fret a\u00e9rien\",\"increasing demand\",\"industrie du transport\",\"infrastructure a\u00e9roportuaire\",\"infrastructure investments\",\"Infrastrukturinvestitionen\",\"investissements en infrastructure\",\"Investitionspl\u00e4ne English freight handling\",\"investment plans Fran\u00e7ais manutention de fret\",\"Kapazit\u00e4ten anpassen\",\"logistics providers\",\"Logistikdienstleister\",\"logistique de fret\",\"London Luton Airport\",\"Luftfracht\",\"Modernisierungsprojekte\",\"modernization projects\",\"optimisation des op\u00e9rations\",\"optimizing operations\",\"plans d'investissement\",\"prestataires logistiques\",\"projets de modernisation\",\"statistiques de fret\",\"steigende Nachfrage\",\"transport de fret\",\"transport industry\",\"Transportwirtschaft\",\"vols de fret\",\"volume de fret 2025\"],\"articleSection\":[\"Amerika\",\"Contreien\",\"Europa\",\"Luchtvracht\",\"Uncategorized\"],\"inLanguage\":\"nl-NL\",\"potentialAction\":[{\"@type\":\"CommentAction\",\"name\":\"Comment\",\"target\":[\"https:\\\/\\\/transportjournal.com\\\/nl\\\/2026\\\/01\\\/14\\\/frachtvervoer-op-aena-luchthavens-stijgt\\\/#respond\"]}]},{\"@type\":\"WebPage\",\"@id\":\"https:\\\/\\\/transportjournal.com\\\/nl\\\/2026\\\/01\\\/14\\\/frachtvervoer-op-aena-luchthavens-stijgt\\\/\",\"url\":\"https:\\\/\\\/transportjournal.com\\\/nl\\\/2026\\\/01\\\/14\\\/frachtvervoer-op-aena-luchthavens-stijgt\\\/\",\"name\":\"Frachtvervoer op Aena-luchthavens stijgt - ITJ | International Transport Journal\",\"isPartOf\":{\"@id\":\"https:\\\/\\\/transportjournal.com\\\/nl\\\/#website\"},\"primaryImageOfPage\":{\"@id\":\"https:\\\/\\\/transportjournal.com\\\/nl\\\/2026\\\/01\\\/14\\\/frachtvervoer-op-aena-luchthavens-stijgt\\\/#primaryimage\"},\"image\":{\"@id\":\"https:\\\/\\\/transportjournal.com\\\/nl\\\/2026\\\/01\\\/14\\\/frachtvervoer-op-aena-luchthavens-stijgt\\\/#primaryimage\"},\"thumbnailUrl\":\"https:\\\/\\\/transportjournal.com\\\/wp-content\\\/uploads\\\/sites\\\/2\\\/2026\\\/01\\\/Aena-491545241_1088041750028984_6180535316988199121_n-aspect-ratio-1400-788.jpg\",\"datePublished\":\"2026-01-14T08:53:26+00:00\",\"dateModified\":\"2026-01-14T10:37:19+00:00\",\"breadcrumb\":{\"@id\":\"https:\\\/\\\/transportjournal.com\\\/nl\\\/2026\\\/01\\\/14\\\/frachtvervoer-op-aena-luchthavens-stijgt\\\/#breadcrumb\"},\"inLanguage\":\"nl-NL\",\"potentialAction\":[{\"@type\":\"ReadAction\",\"target\":[\"https:\\\/\\\/transportjournal.com\\\/nl\\\/2026\\\/01\\\/14\\\/frachtvervoer-op-aena-luchthavens-stijgt\\\/\"]}]},{\"@type\":\"ImageObject\",\"inLanguage\":\"nl-NL\",\"@id\":\"https:\\\/\\\/transportjournal.com\\\/nl\\\/2026\\\/01\\\/14\\\/frachtvervoer-op-aena-luchthavens-stijgt\\\/#primaryimage\",\"url\":\"https:\\\/\\\/transportjournal.com\\\/wp-content\\\/uploads\\\/sites\\\/2\\\/2026\\\/01\\\/Aena-491545241_1088041750028984_6180535316988199121_n-aspect-ratio-1400-788.jpg\",\"contentUrl\":\"https:\\\/\\\/transportjournal.com\\\/wp-content\\\/uploads\\\/sites\\\/2\\\/2026\\\/01\\\/Aena-491545241_1088041750028984_6180535316988199121_n-aspect-ratio-1400-788.jpg\",\"width\":1638,\"height\":922},{\"@type\":\"BreadcrumbList\",\"@id\":\"https:\\\/\\\/transportjournal.com\\\/nl\\\/2026\\\/01\\\/14\\\/frachtvervoer-op-aena-luchthavens-stijgt\\\/#breadcrumb\",\"itemListElement\":[{\"@type\":\"ListItem\",\"position\":1,\"name\":\"Startseite\",\"item\":\"https:\\\/\\\/transportjournal.com\\\/nl\\\/\"},{\"@type\":\"ListItem\",\"position\":2,\"name\":\"Frachtvervoer op Aena-luchthavens stijgt\"}]},{\"@type\":\"WebSite\",\"@id\":\"https:\\\/\\\/transportjournal.com\\\/nl\\\/#website\",\"url\":\"https:\\\/\\\/transportjournal.com\\\/nl\\\/\",\"name\":\"ITJ | International Transport Journal\",\"description\":\"Stay informed with the latest global news from the transport, logistics, and supply chain industries. Transport Journal delivers expert insights, analysis, and updates across shipping, aviation, intermodal, and forwarding.\",\"publisher\":{\"@id\":\"https:\\\/\\\/transportjournal.com\\\/nl\\\/#organization\"},\"potentialAction\":[{\"@type\":\"SearchAction\",\"target\":{\"@type\":\"EntryPoint\",\"urlTemplate\":\"https:\\\/\\\/transportjournal.com\\\/nl\\\/?s={search_term_string}\"},\"query-input\":{\"@type\":\"PropertyValueSpecification\",\"valueRequired\":true,\"valueName\":\"search_term_string\"}}],\"inLanguage\":\"nl-NL\"},{\"@type\":\"Organization\",\"@id\":\"https:\\\/\\\/transportjournal.com\\\/nl\\\/#organization\",\"name\":\"Logismedia Groep AG\",\"alternateName\":\"Logismedia Group AG\",\"url\":\"https:\\\/\\\/transportjournal.com\\\/nl\\\/\",\"logo\":{\"@type\":\"ImageObject\",\"inLanguage\":\"nl-NL\",\"@id\":\"https:\\\/\\\/transportjournal.com\\\/nl\\\/#\\\/schema\\\/logo\\\/image\\\/\",\"url\":\"https:\\\/\\\/transportjournal.com\\\/wp-content\\\/uploads\\\/sites\\\/2\\\/2025\\\/09\\\/Logo_ITJ.png\",\"contentUrl\":\"https:\\\/\\\/transportjournal.com\\\/wp-content\\\/uploads\\\/sites\\\/2\\\/2025\\\/09\\\/Logo_ITJ.png\",\"width\":799,\"height\":326,\"caption\":\"Logismedia Groep AG\"},\"image\":{\"@id\":\"https:\\\/\\\/transportjournal.com\\\/nl\\\/#\\\/schema\\\/logo\\\/image\\\/\"},\"sameAs\":[\"https:\\\/\\\/www.linkedin.com\\\/company\\\/56456496\\\/admin\\\/dashboard\\\/\",\"https:\\\/\\\/www.instagram.com\\\/logismediagroup\\\/\",\"https:\\\/\\\/www.youtube.com\\\/@LogiamediaGroupAG\"]},{\"@type\":\"Person\",\"@id\":\"https:\\\/\\\/transportjournal.com\\\/nl\\\/#\\\/schema\\\/person\\\/cf538b3157f15afd7589245a4b3dbd25\",\"name\":\"Andreas Haug\",\"url\":\"https:\\\/\\\/transportjournal.com\\\/nl\\\/author\\\/andreas\\\/\"}]}<\/script>\n<!-- \/ Yoast SEO plugin. -->","yoast_head_json":{"title":"Frachtvervoer op Aena-luchthavens stijgt - ITJ | International Transport Journal","robots":{"index":"index","follow":"follow","max-snippet":"max-snippet:-1","max-image-preview":"max-image-preview:large","max-video-preview":"max-video-preview:-1"},"canonical":"https:\/\/transportjournal.com\/nl\/2026\/01\/14\/frachtvervoer-op-aena-luchthavens-stijgt\/","og_locale":"nl_NL","og_type":"article","og_title":"Frachtvervoer op Aena-luchthavens stijgt - ITJ | International Transport Journal","og_description":"In 2025 werden op de luchthavens van de Aena-groep 1.533.901 t vracht verwerkt, terwijl Madrid-Barajas en Barcelona-El Prat de grootste overslagpunten waren","og_url":"https:\/\/transportjournal.com\/nl\/2026\/01\/14\/frachtvervoer-op-aena-luchthavens-stijgt\/","og_site_name":"ITJ | International Transport Journal","article_published_time":"2026-01-14T08:53:26+00:00","article_modified_time":"2026-01-14T10:37:19+00:00","og_image":[{"width":1638,"height":922,"url":"https:\/\/transportjournal.com\/wp-content\/uploads\/sites\/2\/2026\/01\/Aena-491545241_1088041750028984_6180535316988199121_n-aspect-ratio-1400-788.jpg","type":"image\/jpeg"}],"author":"Andreas Haug","twitter_card":"summary_large_image","twitter_misc":{"Geschreven door":"Andreas Haug","Geschatte leestijd":"1 minuut"},"schema":{"@context":"https:\/\/schema.org","@graph":[{"@type":"Article","@id":"https:\/\/transportjournal.com\/nl\/2026\/01\/14\/frachtvervoer-op-aena-luchthavens-stijgt\/#article","isPartOf":{"@id":"https:\/\/transportjournal.com\/nl\/2026\/01\/14\/frachtvervoer-op-aena-luchthavens-stijgt\/"},"author":{"name":"Andreas Haug","@id":"https:\/\/transportjournal.com\/nl\/#\/schema\/person\/cf538b3157f15afd7589245a4b3dbd25"},"headline":"Frachtvervoer op Aena-luchthavens stijgt","datePublished":"2026-01-14T08:53:26+00:00","dateModified":"2026-01-14T10:37:19+00:00","mainEntityOfPage":{"@id":"https:\/\/transportjournal.com\/nl\/2026\/01\/14\/frachtvervoer-op-aena-luchthavens-stijgt\/"},"wordCount":125,"commentCount":0,"publisher":{"@id":"https:\/\/transportjournal.com\/nl\/#organization"},"image":{"@id":"https:\/\/transportjournal.com\/nl\/2026\/01\/14\/frachtvervoer-op-aena-luchthavens-stijgt\/#primaryimage"},"thumbnailUrl":"https:\/\/transportjournal.com\/wp-content\/uploads\/sites\/2\/2026\/01\/Aena-491545241_1088041750028984_6180535316988199121_n-aspect-ratio-1400-788.jpg","keywords":["Adolfo Su\u00e1rez Madrid-Barajas","Aena airports","Aena Brasil","Aena Brazil","Aena Br\u00e9sil","Aena Flugh\u00e4fen","a\u00e9roport de Londres Luton","a\u00e9roports Aena","air freight","airport infrastructure","ajustements de capacit\u00e9","Barcelona-El Prat","Barcelone-El Prat","Betriebsabl\u00e4ufe optimieren","capacity adjustments","cargo flights","cargo logistics","demande croissante","Deutsch Frachtumschlag","Flughafeninfrastruktur","Frachtfl\u00fcge","Frachtlogistik","Frachtstatistik","Frachttransport","Frachtvolumen 2025","freight statistics","freight transport","freight volume 2025","fret a\u00e9rien","increasing demand","industrie du transport","infrastructure a\u00e9roportuaire","infrastructure investments","Infrastrukturinvestitionen","investissements en infrastructure","Investitionspl\u00e4ne English freight handling","investment plans Fran\u00e7ais manutention de fret","Kapazit\u00e4ten anpassen","logistics providers","Logistikdienstleister","logistique de fret","London Luton Airport","Luftfracht","Modernisierungsprojekte","modernization projects","optimisation des op\u00e9rations","optimizing operations","plans d'investissement","prestataires logistiques","projets de modernisation","statistiques de fret","steigende Nachfrage","transport de fret","transport industry","Transportwirtschaft","vols de fret","volume de fret 2025"],"articleSection":["Amerika","Contreien","Europa","Luchtvracht","Uncategorized"],"inLanguage":"nl-NL","potentialAction":[{"@type":"CommentAction","name":"Comment","target":["https:\/\/transportjournal.com\/nl\/2026\/01\/14\/frachtvervoer-op-aena-luchthavens-stijgt\/#respond"]}]},{"@type":"WebPage","@id":"https:\/\/transportjournal.com\/nl\/2026\/01\/14\/frachtvervoer-op-aena-luchthavens-stijgt\/","url":"https:\/\/transportjournal.com\/nl\/2026\/01\/14\/frachtvervoer-op-aena-luchthavens-stijgt\/","name":"Frachtvervoer op Aena-luchthavens stijgt - ITJ | International Transport Journal","isPartOf":{"@id":"https:\/\/transportjournal.com\/nl\/#website"},"primaryImageOfPage":{"@id":"https:\/\/transportjournal.com\/nl\/2026\/01\/14\/frachtvervoer-op-aena-luchthavens-stijgt\/#primaryimage"},"image":{"@id":"https:\/\/transportjournal.com\/nl\/2026\/01\/14\/frachtvervoer-op-aena-luchthavens-stijgt\/#primaryimage"},"thumbnailUrl":"https:\/\/transportjournal.com\/wp-content\/uploads\/sites\/2\/2026\/01\/Aena-491545241_1088041750028984_6180535316988199121_n-aspect-ratio-1400-788.jpg","datePublished":"2026-01-14T08:53:26+00:00","dateModified":"2026-01-14T10:37:19+00:00","breadcrumb":{"@id":"https:\/\/transportjournal.com\/nl\/2026\/01\/14\/frachtvervoer-op-aena-luchthavens-stijgt\/#breadcrumb"},"inLanguage":"nl-NL","potentialAction":[{"@type":"ReadAction","target":["https:\/\/transportjournal.com\/nl\/2026\/01\/14\/frachtvervoer-op-aena-luchthavens-stijgt\/"]}]},{"@type":"ImageObject","inLanguage":"nl-NL","@id":"https:\/\/transportjournal.com\/nl\/2026\/01\/14\/frachtvervoer-op-aena-luchthavens-stijgt\/#primaryimage","url":"https:\/\/transportjournal.com\/wp-content\/uploads\/sites\/2\/2026\/01\/Aena-491545241_1088041750028984_6180535316988199121_n-aspect-ratio-1400-788.jpg","contentUrl":"https:\/\/transportjournal.com\/wp-content\/uploads\/sites\/2\/2026\/01\/Aena-491545241_1088041750028984_6180535316988199121_n-aspect-ratio-1400-788.jpg","width":1638,"height":922},{"@type":"BreadcrumbList","@id":"https:\/\/transportjournal.com\/nl\/2026\/01\/14\/frachtvervoer-op-aena-luchthavens-stijgt\/#breadcrumb","itemListElement":[{"@type":"ListItem","position":1,"name":"Startseite","item":"https:\/\/transportjournal.com\/nl\/"},{"@type":"ListItem","position":2,"name":"Frachtvervoer op Aena-luchthavens stijgt"}]},{"@type":"WebSite","@id":"https:\/\/transportjournal.com\/nl\/#website","url":"https:\/\/transportjournal.com\/nl\/","name":"ITJ | International Transport Journal","description":"Stay informed with the latest global news from the transport, logistics, and supply chain industries. Transport Journal delivers expert insights, analysis, and updates across shipping, aviation, intermodal, and forwarding.","publisher":{"@id":"https:\/\/transportjournal.com\/nl\/#organization"},"potentialAction":[{"@type":"SearchAction","target":{"@type":"EntryPoint","urlTemplate":"https:\/\/transportjournal.com\/nl\/?s={search_term_string}"},"query-input":{"@type":"PropertyValueSpecification","valueRequired":true,"valueName":"search_term_string"}}],"inLanguage":"nl-NL"},{"@type":"Organization","@id":"https:\/\/transportjournal.com\/nl\/#organization","name":"Logismedia Groep AG","alternateName":"Logismedia Group AG","url":"https:\/\/transportjournal.com\/nl\/","logo":{"@type":"ImageObject","inLanguage":"nl-NL","@id":"https:\/\/transportjournal.com\/nl\/#\/schema\/logo\/image\/","url":"https:\/\/transportjournal.com\/wp-content\/uploads\/sites\/2\/2025\/09\/Logo_ITJ.png","contentUrl":"https:\/\/transportjournal.com\/wp-content\/uploads\/sites\/2\/2025\/09\/Logo_ITJ.png","width":799,"height":326,"caption":"Logismedia Groep AG"},"image":{"@id":"https:\/\/transportjournal.com\/nl\/#\/schema\/logo\/image\/"},"sameAs":["https:\/\/www.linkedin.com\/company\/56456496\/admin\/dashboard\/","https:\/\/www.instagram.com\/logismediagroup\/","https:\/\/www.youtube.com\/@LogiamediaGroupAG"]},{"@type":"Person","@id":"https:\/\/transportjournal.com\/nl\/#\/schema\/person\/cf538b3157f15afd7589245a4b3dbd25","name":"Andreas Haug","url":"https:\/\/transportjournal.com\/nl\/author\/andreas\/"}]}},"_links":{"self":[{"href":"https:\/\/transportjournal.com\/nl\/wp-json\/wp\/v2\/posts\/73039","targetHints":{"allow":["GET"]}}],"collection":[{"href":"https:\/\/transportjournal.com\/nl\/wp-json\/wp\/v2\/posts"}],"about":[{"href":"https:\/\/transportjournal.com\/nl\/wp-json\/wp\/v2\/types\/post"}],"author":[{"embeddable":true,"href":"https:\/\/transportjournal.com\/nl\/wp-json\/wp\/v2\/users\/12"}],"replies":[{"embeddable":true,"href":"https:\/\/transportjournal.com\/nl\/wp-json\/wp\/v2\/comments?post=73039"}],"version-history":[{"count":1,"href":"https:\/\/transportjournal.com\/nl\/wp-json\/wp\/v2\/posts\/73039\/revisions"}],"predecessor-version":[{"id":73099,"href":"https:\/\/transportjournal.com\/nl\/wp-json\/wp\/v2\/posts\/73039\/revisions\/73099"}],"wp:featuredmedia":[{"embeddable":true,"href":"https:\/\/transportjournal.com\/nl\/wp-json\/wp\/v2\/media\/73033"}],"wp:attachment":[{"href":"https:\/\/transportjournal.com\/nl\/wp-json\/wp\/v2\/media?parent=73039"}],"wp:term":[{"taxonomy":"category","embeddable":true,"href":"https:\/\/transportjournal.com\/nl\/wp-json\/wp\/v2\/categories?post=73039"},{"taxonomy":"post_tag","embeddable":true,"href":"https:\/\/transportjournal.com\/nl\/wp-json\/wp\/v2\/tags?post=73039"}],"curies":[{"name":"wp","href":"https:\/\/api.w.org\/{rel}","templated":true}]}}