{"id":87520,"date":"2026-04-30T09:20:25","date_gmt":"2026-04-30T09:20:25","guid":{"rendered":"https:\/\/transportjournal.com\/2026\/04\/30\/teledyne-integra-chartworld-in-raymarine-commercial\/"},"modified":"2026-04-30T09:20:25","modified_gmt":"2026-04-30T09:20:25","slug":"teledyne-integra-chartworld-in-raymarine-commercial","status":"publish","type":"post","link":"https:\/\/transportjournal.com\/it\/2026\/04\/30\/teledyne-integra-chartworld-in-raymarine-commercial\/","title":{"rendered":"Teledyne integra ChartWorld in Raymarine Commercial"},"content":{"rendered":"<p>Teledyne Technologies Incorporated ha annunciato l&#8217;integrazione di ChartWorld e Raymarine Commercial sotto un&#8217;unica marca. Da ora in poi, le soluzioni e i servizi di navigazione commerciale di ChartWorld saranno completamente incorporati nel marchio Raymarine Commercial. Questa decisione mira a rafforzare la posizione di Teledyne come fornitore globale di soluzioni di navigazione marittima, come spiegato dall&#8217;azienda in un comunicato.<\/p>\n<h3>Integrazione delle soluzioni digitali<\/h3>\n<p>Attraverso la fusione, Teledyne sar\u00e0 in grado di integrare le soluzioni di navigazione digitale, il sistema di visualizzazione e informazione delle carte elettroniche (ECDIS) e le offerte di servizi gestiti di ChartWorld nel marchio Raymarine Commercial. Secondo Teledyne, questo dovrebbe creare un&#8217;organizzazione pi\u00f9 coerente e orientata al cliente, scalabile e in grado di soddisfare meglio le esigenze dei clienti. ChartWorld offre servizi nel campo della navigazione digitale, servizi di dati e un modello ECDIS Hardware-as-a-Service. L&#8217;integrazione in Raymarine Commercial dovrebbe combinare le capacit\u00e0 software di ChartWorld con l&#8217;infrastruttura di servizio e l&#8217;expertise di Raymarine nel settore dell&#8217;hardware marittimo.<\/p>\n<p><a href=\"https:\/\/commercial.raymarine.com\/\" target=\"_blank\" rel=\"noopener noreferrer\">www.commercial.raymarine.com<\/a><\/p>\n","protected":false},"excerpt":{"rendered":"<p>Teledyne Technologies ha annunciato l&#8217;integrazione di ChartWorld nel marchio Raymarine Commercial.<\/p>\n","protected":false},"author":10,"featured_media":87516,"comment_status":"open","ping_status":"","sticky":false,"template":"","format":"standard","meta":{"_acf_changed":false,"footnotes":""},"categories":[1631],"tags":[2207,43995,11481,43996,43997,43998,43999,2211,44000,44001,44002,2212,44003,2700,44004,2702,44005,44006,11484,2821,1831,5188,6384,3011,2054,44007,6385,6988,6989,44008,44009,7492,44010,44011,44012,4139,9946,2829,44013,44014,44015,6399,2731,44016,1857,7500,44017,7502,7012,2242],"class_list":["post-87520","post","type-post","status-publish","format-standard","has-post-thumbnail","hentry","category-spedizioni-e-porti","tag-chaine-dapprovisionnement","tag-chartworld","tag-customer-orientation","tag-deutsch-teledyne","tag-digital-data-services-francais-teledyne","tag-digital-navigation","tag-digital-navigation-solutions","tag-digital-transformation","tag-digitale-datenservices-english-teledyne","tag-digitale-navigation","tag-digitale-navigationsloesungen","tag-digitale-transformation","tag-ecdis","tag-fachkraeftemangel-in-der-logistik","tag-hardware-as-a-service","tag-infrastructure-maritime","tag-integration-des-services","tag-integration-von-dienstleistungen","tag-kundenorientierung","tag-logistics-providers","tag-logistikdienstleister","tag-marche-maritime","tag-maritime-dienstleistungen","tag-maritime-infrastructure","tag-maritime-infrastruktur","tag-maritime-market","tag-maritime-services","tag-maritime-technologien","tag-maritime-technologies","tag-maritimer-markt","tag-materiel-en-tant-que-service","tag-nachhaltige-technologien","tag-navigation-numerique","tag-navigation-systems","tag-navigationssysteme","tag-orientation-client","tag-penurie-de-competences-en-logistique","tag-prestataires-logistiques","tag-raymarine-commercial","tag-service-integration","tag-services-de-donnees-numeriques","tag-services-maritimes","tag-skills-shortage-in-logistics","tag-solutions-de-navigation-numerique","tag-supply-chain","tag-sustainable-technologies","tag-systemes-de-navigation","tag-technologies-durables","tag-technologies-maritimes","tag-transformation-numerique"],"acf":[],"yoast_head":"<!-- This site is optimized with the Yoast SEO plugin v27.3 - https:\/\/yoast.com\/product\/yoast-seo-wordpress\/ -->\n<title>Teledyne integra ChartWorld in Raymarine Commercial - ITJ | International Transport Journal<\/title>\n<meta name=\"robots\" content=\"index, follow, max-snippet:-1, max-image-preview:large, max-video-preview:-1\" \/>\n<link rel=\"canonical\" href=\"https:\/\/transportjournal.com\/it\/2026\/04\/30\/teledyne-integra-chartworld-in-raymarine-commercial\/\" \/>\n<meta property=\"og:locale\" content=\"it_IT\" \/>\n<meta property=\"og:type\" content=\"article\" \/>\n<meta property=\"og:title\" content=\"Teledyne integra ChartWorld in Raymarine Commercial - ITJ | International Transport Journal\" \/>\n<meta property=\"og:description\" content=\"Teledyne Technologies ha annunciato l&#039;integrazione di ChartWorld nel marchio Raymarine Commercial.\" \/>\n<meta property=\"og:url\" content=\"https:\/\/transportjournal.com\/it\/2026\/04\/30\/teledyne-integra-chartworld-in-raymarine-commercial\/\" \/>\n<meta property=\"og:site_name\" content=\"ITJ | International Transport Journal\" \/>\n<meta property=\"article:published_time\" content=\"2026-04-30T09:20:25+00:00\" \/>\n<meta property=\"og:image\" content=\"https:\/\/transportjournal.com\/wp-content\/uploads\/sites\/2\/2026\/04\/fe3f7a73-ad8b-692c-20fe-5f41a0770567-scaled-aspect-ratio-1400-788.jpg\" \/>\n\t<meta property=\"og:image:width\" content=\"2195\" \/>\n\t<meta property=\"og:image:height\" content=\"1235\" \/>\n\t<meta property=\"og:image:type\" content=\"image\/jpeg\" \/>\n<meta name=\"author\" content=\"Jeremy Soland\" \/>\n<meta name=\"twitter:card\" content=\"summary_large_image\" \/>\n<meta name=\"twitter:label1\" content=\"Scritto da\" \/>\n\t<meta name=\"twitter:data1\" content=\"Jeremy Soland\" \/>\n\t<meta name=\"twitter:label2\" content=\"Tempo di lettura stimato\" \/>\n\t<meta name=\"twitter:data2\" content=\"1 minuto\" \/>\n<script type=\"application\/ld+json\" class=\"yoast-schema-graph\">{\"@context\":\"https:\\\/\\\/schema.org\",\"@graph\":[{\"@type\":\"Article\",\"@id\":\"https:\\\/\\\/transportjournal.com\\\/it\\\/2026\\\/04\\\/30\\\/teledyne-integra-chartworld-in-raymarine-commercial\\\/#article\",\"isPartOf\":{\"@id\":\"https:\\\/\\\/transportjournal.com\\\/it\\\/2026\\\/04\\\/30\\\/teledyne-integra-chartworld-in-raymarine-commercial\\\/\"},\"author\":{\"name\":\"Jeremy Soland\",\"@id\":\"https:\\\/\\\/transportjournal.com\\\/it\\\/#\\\/schema\\\/person\\\/41d36b5474b623392fa613e97e2363fa\"},\"headline\":\"Teledyne integra ChartWorld in Raymarine Commercial\",\"datePublished\":\"2026-04-30T09:20:25+00:00\",\"mainEntityOfPage\":{\"@id\":\"https:\\\/\\\/transportjournal.com\\\/it\\\/2026\\\/04\\\/30\\\/teledyne-integra-chartworld-in-raymarine-commercial\\\/\"},\"wordCount\":178,\"commentCount\":0,\"publisher\":{\"@id\":\"https:\\\/\\\/transportjournal.com\\\/it\\\/#organization\"},\"image\":{\"@id\":\"https:\\\/\\\/transportjournal.com\\\/it\\\/2026\\\/04\\\/30\\\/teledyne-integra-chartworld-in-raymarine-commercial\\\/#primaryimage\"},\"thumbnailUrl\":\"https:\\\/\\\/transportjournal.com\\\/wp-content\\\/uploads\\\/sites\\\/2\\\/2026\\\/04\\\/fe3f7a73-ad8b-692c-20fe-5f41a0770567-scaled-aspect-ratio-1400-788.jpg\",\"keywords\":[\"cha\u00eene d'approvisionnement\",\"ChartWorld\",\"customer orientation\",\"Deutsch Teledyne\",\"digital data services Fran\u00e7ais Teledyne\",\"digital navigation\",\"digital navigation solutions\",\"digital transformation\",\"digitale Datenservices English Teledyne\",\"digitale Navigation\",\"digitale Navigationsl\u00f6sungen\",\"digitale Transformation\",\"ECDIS\",\"Fachkr\u00e4ftemangel in der Logistik\",\"Hardware-as-a-Service\",\"infrastructure maritime\",\"int\u00e9gration des services\",\"Integration von Dienstleistungen\",\"Kundenorientierung\",\"logistics providers\",\"Logistikdienstleister\",\"march\u00e9 maritime\",\"maritime Dienstleistungen\",\"maritime infrastructure\",\"maritime Infrastruktur\",\"maritime market\",\"maritime services\",\"maritime Technologien\",\"maritime technologies\",\"maritimer Markt\",\"mat\u00e9riel en tant que service\",\"nachhaltige Technologien\",\"navigation num\u00e9rique\",\"navigation systems\",\"Navigationssysteme\",\"orientation client\",\"p\u00e9nurie de comp\u00e9tences en logistique\",\"prestataires logistiques\",\"Raymarine Commercial\",\"service integration\",\"services de donn\u00e9es num\u00e9riques\",\"services maritimes\",\"skills shortage in logistics\",\"solutions de navigation num\u00e9rique\",\"Supply Chain\",\"sustainable technologies\",\"syst\u00e8mes de navigation\",\"technologies durables\",\"technologies maritimes\",\"transformation num\u00e9rique\"],\"articleSection\":[\"Spedizioni e porti\"],\"inLanguage\":\"it-IT\",\"potentialAction\":[{\"@type\":\"CommentAction\",\"name\":\"Comment\",\"target\":[\"https:\\\/\\\/transportjournal.com\\\/it\\\/2026\\\/04\\\/30\\\/teledyne-integra-chartworld-in-raymarine-commercial\\\/#respond\"]}]},{\"@type\":\"WebPage\",\"@id\":\"https:\\\/\\\/transportjournal.com\\\/it\\\/2026\\\/04\\\/30\\\/teledyne-integra-chartworld-in-raymarine-commercial\\\/\",\"url\":\"https:\\\/\\\/transportjournal.com\\\/it\\\/2026\\\/04\\\/30\\\/teledyne-integra-chartworld-in-raymarine-commercial\\\/\",\"name\":\"Teledyne integra ChartWorld in Raymarine Commercial - ITJ | International Transport Journal\",\"isPartOf\":{\"@id\":\"https:\\\/\\\/transportjournal.com\\\/it\\\/#website\"},\"primaryImageOfPage\":{\"@id\":\"https:\\\/\\\/transportjournal.com\\\/it\\\/2026\\\/04\\\/30\\\/teledyne-integra-chartworld-in-raymarine-commercial\\\/#primaryimage\"},\"image\":{\"@id\":\"https:\\\/\\\/transportjournal.com\\\/it\\\/2026\\\/04\\\/30\\\/teledyne-integra-chartworld-in-raymarine-commercial\\\/#primaryimage\"},\"thumbnailUrl\":\"https:\\\/\\\/transportjournal.com\\\/wp-content\\\/uploads\\\/sites\\\/2\\\/2026\\\/04\\\/fe3f7a73-ad8b-692c-20fe-5f41a0770567-scaled-aspect-ratio-1400-788.jpg\",\"datePublished\":\"2026-04-30T09:20:25+00:00\",\"breadcrumb\":{\"@id\":\"https:\\\/\\\/transportjournal.com\\\/it\\\/2026\\\/04\\\/30\\\/teledyne-integra-chartworld-in-raymarine-commercial\\\/#breadcrumb\"},\"inLanguage\":\"it-IT\",\"potentialAction\":[{\"@type\":\"ReadAction\",\"target\":[\"https:\\\/\\\/transportjournal.com\\\/it\\\/2026\\\/04\\\/30\\\/teledyne-integra-chartworld-in-raymarine-commercial\\\/\"]}]},{\"@type\":\"ImageObject\",\"inLanguage\":\"it-IT\",\"@id\":\"https:\\\/\\\/transportjournal.com\\\/it\\\/2026\\\/04\\\/30\\\/teledyne-integra-chartworld-in-raymarine-commercial\\\/#primaryimage\",\"url\":\"https:\\\/\\\/transportjournal.com\\\/wp-content\\\/uploads\\\/sites\\\/2\\\/2026\\\/04\\\/fe3f7a73-ad8b-692c-20fe-5f41a0770567-scaled-aspect-ratio-1400-788.jpg\",\"contentUrl\":\"https:\\\/\\\/transportjournal.com\\\/wp-content\\\/uploads\\\/sites\\\/2\\\/2026\\\/04\\\/fe3f7a73-ad8b-692c-20fe-5f41a0770567-scaled-aspect-ratio-1400-788.jpg\",\"width\":2195,\"height\":1235},{\"@type\":\"BreadcrumbList\",\"@id\":\"https:\\\/\\\/transportjournal.com\\\/it\\\/2026\\\/04\\\/30\\\/teledyne-integra-chartworld-in-raymarine-commercial\\\/#breadcrumb\",\"itemListElement\":[{\"@type\":\"ListItem\",\"position\":1,\"name\":\"Startseite\",\"item\":\"https:\\\/\\\/transportjournal.com\\\/it\\\/\"},{\"@type\":\"ListItem\",\"position\":2,\"name\":\"Teledyne integra ChartWorld in Raymarine Commercial\"}]},{\"@type\":\"WebSite\",\"@id\":\"https:\\\/\\\/transportjournal.com\\\/it\\\/#website\",\"url\":\"https:\\\/\\\/transportjournal.com\\\/it\\\/\",\"name\":\"ITJ | International Transport Journal\",\"description\":\"Stay informed with the latest global news from the transport, logistics, and supply chain industries. Transport Journal delivers expert insights, analysis, and updates across shipping, aviation, intermodal, and forwarding.\",\"publisher\":{\"@id\":\"https:\\\/\\\/transportjournal.com\\\/it\\\/#organization\"},\"potentialAction\":[{\"@type\":\"SearchAction\",\"target\":{\"@type\":\"EntryPoint\",\"urlTemplate\":\"https:\\\/\\\/transportjournal.com\\\/it\\\/?s={search_term_string}\"},\"query-input\":{\"@type\":\"PropertyValueSpecification\",\"valueRequired\":true,\"valueName\":\"search_term_string\"}}],\"inLanguage\":\"it-IT\"},{\"@type\":\"Organization\",\"@id\":\"https:\\\/\\\/transportjournal.com\\\/it\\\/#organization\",\"name\":\"Logismedia Group AG\",\"alternateName\":\"Logismedia Group AG\",\"url\":\"https:\\\/\\\/transportjournal.com\\\/it\\\/\",\"logo\":{\"@type\":\"ImageObject\",\"inLanguage\":\"it-IT\",\"@id\":\"https:\\\/\\\/transportjournal.com\\\/it\\\/#\\\/schema\\\/logo\\\/image\\\/\",\"url\":\"https:\\\/\\\/transportjournal.com\\\/wp-content\\\/uploads\\\/sites\\\/2\\\/2025\\\/09\\\/Logo_ITJ.png\",\"contentUrl\":\"https:\\\/\\\/transportjournal.com\\\/wp-content\\\/uploads\\\/sites\\\/2\\\/2025\\\/09\\\/Logo_ITJ.png\",\"width\":799,\"height\":326,\"caption\":\"Logismedia Group AG\"},\"image\":{\"@id\":\"https:\\\/\\\/transportjournal.com\\\/it\\\/#\\\/schema\\\/logo\\\/image\\\/\"},\"sameAs\":[\"https:\\\/\\\/www.linkedin.com\\\/company\\\/56456496\\\/admin\\\/dashboard\\\/\",\"https:\\\/\\\/www.instagram.com\\\/logismediagroup\\\/\",\"https:\\\/\\\/www.youtube.com\\\/@LogiamediaGroupAG\"]},{\"@type\":\"Person\",\"@id\":\"https:\\\/\\\/transportjournal.com\\\/it\\\/#\\\/schema\\\/person\\\/41d36b5474b623392fa613e97e2363fa\",\"name\":\"Jeremy Soland\",\"url\":\"https:\\\/\\\/transportjournal.com\\\/it\\\/author\\\/jeremy\\\/\"}]}<\/script>\n<!-- \/ Yoast SEO plugin. -->","yoast_head_json":{"title":"Teledyne integra ChartWorld in Raymarine Commercial - ITJ | International Transport Journal","robots":{"index":"index","follow":"follow","max-snippet":"max-snippet:-1","max-image-preview":"max-image-preview:large","max-video-preview":"max-video-preview:-1"},"canonical":"https:\/\/transportjournal.com\/it\/2026\/04\/30\/teledyne-integra-chartworld-in-raymarine-commercial\/","og_locale":"it_IT","og_type":"article","og_title":"Teledyne integra ChartWorld in Raymarine Commercial - ITJ | International Transport Journal","og_description":"Teledyne Technologies ha annunciato l'integrazione di ChartWorld nel marchio Raymarine Commercial.","og_url":"https:\/\/transportjournal.com\/it\/2026\/04\/30\/teledyne-integra-chartworld-in-raymarine-commercial\/","og_site_name":"ITJ | International Transport Journal","article_published_time":"2026-04-30T09:20:25+00:00","og_image":[{"width":2195,"height":1235,"url":"https:\/\/transportjournal.com\/wp-content\/uploads\/sites\/2\/2026\/04\/fe3f7a73-ad8b-692c-20fe-5f41a0770567-scaled-aspect-ratio-1400-788.jpg","type":"image\/jpeg"}],"author":"Jeremy Soland","twitter_card":"summary_large_image","twitter_misc":{"Scritto da":"Jeremy Soland","Tempo di lettura stimato":"1 minuto"},"schema":{"@context":"https:\/\/schema.org","@graph":[{"@type":"Article","@id":"https:\/\/transportjournal.com\/it\/2026\/04\/30\/teledyne-integra-chartworld-in-raymarine-commercial\/#article","isPartOf":{"@id":"https:\/\/transportjournal.com\/it\/2026\/04\/30\/teledyne-integra-chartworld-in-raymarine-commercial\/"},"author":{"name":"Jeremy Soland","@id":"https:\/\/transportjournal.com\/it\/#\/schema\/person\/41d36b5474b623392fa613e97e2363fa"},"headline":"Teledyne integra ChartWorld in Raymarine Commercial","datePublished":"2026-04-30T09:20:25+00:00","mainEntityOfPage":{"@id":"https:\/\/transportjournal.com\/it\/2026\/04\/30\/teledyne-integra-chartworld-in-raymarine-commercial\/"},"wordCount":178,"commentCount":0,"publisher":{"@id":"https:\/\/transportjournal.com\/it\/#organization"},"image":{"@id":"https:\/\/transportjournal.com\/it\/2026\/04\/30\/teledyne-integra-chartworld-in-raymarine-commercial\/#primaryimage"},"thumbnailUrl":"https:\/\/transportjournal.com\/wp-content\/uploads\/sites\/2\/2026\/04\/fe3f7a73-ad8b-692c-20fe-5f41a0770567-scaled-aspect-ratio-1400-788.jpg","keywords":["cha\u00eene d'approvisionnement","ChartWorld","customer orientation","Deutsch Teledyne","digital data services Fran\u00e7ais Teledyne","digital navigation","digital navigation solutions","digital transformation","digitale Datenservices English Teledyne","digitale Navigation","digitale Navigationsl\u00f6sungen","digitale Transformation","ECDIS","Fachkr\u00e4ftemangel in der Logistik","Hardware-as-a-Service","infrastructure maritime","int\u00e9gration des services","Integration von Dienstleistungen","Kundenorientierung","logistics providers","Logistikdienstleister","march\u00e9 maritime","maritime Dienstleistungen","maritime infrastructure","maritime Infrastruktur","maritime market","maritime services","maritime Technologien","maritime technologies","maritimer Markt","mat\u00e9riel en tant que service","nachhaltige Technologien","navigation num\u00e9rique","navigation systems","Navigationssysteme","orientation client","p\u00e9nurie de comp\u00e9tences en logistique","prestataires logistiques","Raymarine Commercial","service integration","services de donn\u00e9es num\u00e9riques","services maritimes","skills shortage in logistics","solutions de navigation num\u00e9rique","Supply Chain","sustainable technologies","syst\u00e8mes de navigation","technologies durables","technologies maritimes","transformation num\u00e9rique"],"articleSection":["Spedizioni e porti"],"inLanguage":"it-IT","potentialAction":[{"@type":"CommentAction","name":"Comment","target":["https:\/\/transportjournal.com\/it\/2026\/04\/30\/teledyne-integra-chartworld-in-raymarine-commercial\/#respond"]}]},{"@type":"WebPage","@id":"https:\/\/transportjournal.com\/it\/2026\/04\/30\/teledyne-integra-chartworld-in-raymarine-commercial\/","url":"https:\/\/transportjournal.com\/it\/2026\/04\/30\/teledyne-integra-chartworld-in-raymarine-commercial\/","name":"Teledyne integra ChartWorld in Raymarine Commercial - ITJ | International Transport Journal","isPartOf":{"@id":"https:\/\/transportjournal.com\/it\/#website"},"primaryImageOfPage":{"@id":"https:\/\/transportjournal.com\/it\/2026\/04\/30\/teledyne-integra-chartworld-in-raymarine-commercial\/#primaryimage"},"image":{"@id":"https:\/\/transportjournal.com\/it\/2026\/04\/30\/teledyne-integra-chartworld-in-raymarine-commercial\/#primaryimage"},"thumbnailUrl":"https:\/\/transportjournal.com\/wp-content\/uploads\/sites\/2\/2026\/04\/fe3f7a73-ad8b-692c-20fe-5f41a0770567-scaled-aspect-ratio-1400-788.jpg","datePublished":"2026-04-30T09:20:25+00:00","breadcrumb":{"@id":"https:\/\/transportjournal.com\/it\/2026\/04\/30\/teledyne-integra-chartworld-in-raymarine-commercial\/#breadcrumb"},"inLanguage":"it-IT","potentialAction":[{"@type":"ReadAction","target":["https:\/\/transportjournal.com\/it\/2026\/04\/30\/teledyne-integra-chartworld-in-raymarine-commercial\/"]}]},{"@type":"ImageObject","inLanguage":"it-IT","@id":"https:\/\/transportjournal.com\/it\/2026\/04\/30\/teledyne-integra-chartworld-in-raymarine-commercial\/#primaryimage","url":"https:\/\/transportjournal.com\/wp-content\/uploads\/sites\/2\/2026\/04\/fe3f7a73-ad8b-692c-20fe-5f41a0770567-scaled-aspect-ratio-1400-788.jpg","contentUrl":"https:\/\/transportjournal.com\/wp-content\/uploads\/sites\/2\/2026\/04\/fe3f7a73-ad8b-692c-20fe-5f41a0770567-scaled-aspect-ratio-1400-788.jpg","width":2195,"height":1235},{"@type":"BreadcrumbList","@id":"https:\/\/transportjournal.com\/it\/2026\/04\/30\/teledyne-integra-chartworld-in-raymarine-commercial\/#breadcrumb","itemListElement":[{"@type":"ListItem","position":1,"name":"Startseite","item":"https:\/\/transportjournal.com\/it\/"},{"@type":"ListItem","position":2,"name":"Teledyne integra ChartWorld in Raymarine Commercial"}]},{"@type":"WebSite","@id":"https:\/\/transportjournal.com\/it\/#website","url":"https:\/\/transportjournal.com\/it\/","name":"ITJ | International Transport Journal","description":"Stay informed with the latest global news from the transport, logistics, and supply chain industries. Transport Journal delivers expert insights, analysis, and updates across shipping, aviation, intermodal, and forwarding.","publisher":{"@id":"https:\/\/transportjournal.com\/it\/#organization"},"potentialAction":[{"@type":"SearchAction","target":{"@type":"EntryPoint","urlTemplate":"https:\/\/transportjournal.com\/it\/?s={search_term_string}"},"query-input":{"@type":"PropertyValueSpecification","valueRequired":true,"valueName":"search_term_string"}}],"inLanguage":"it-IT"},{"@type":"Organization","@id":"https:\/\/transportjournal.com\/it\/#organization","name":"Logismedia Group AG","alternateName":"Logismedia Group AG","url":"https:\/\/transportjournal.com\/it\/","logo":{"@type":"ImageObject","inLanguage":"it-IT","@id":"https:\/\/transportjournal.com\/it\/#\/schema\/logo\/image\/","url":"https:\/\/transportjournal.com\/wp-content\/uploads\/sites\/2\/2025\/09\/Logo_ITJ.png","contentUrl":"https:\/\/transportjournal.com\/wp-content\/uploads\/sites\/2\/2025\/09\/Logo_ITJ.png","width":799,"height":326,"caption":"Logismedia Group AG"},"image":{"@id":"https:\/\/transportjournal.com\/it\/#\/schema\/logo\/image\/"},"sameAs":["https:\/\/www.linkedin.com\/company\/56456496\/admin\/dashboard\/","https:\/\/www.instagram.com\/logismediagroup\/","https:\/\/www.youtube.com\/@LogiamediaGroupAG"]},{"@type":"Person","@id":"https:\/\/transportjournal.com\/it\/#\/schema\/person\/41d36b5474b623392fa613e97e2363fa","name":"Jeremy Soland","url":"https:\/\/transportjournal.com\/it\/author\/jeremy\/"}]}},"_links":{"self":[{"href":"https:\/\/transportjournal.com\/it\/wp-json\/wp\/v2\/posts\/87520","targetHints":{"allow":["GET"]}}],"collection":[{"href":"https:\/\/transportjournal.com\/it\/wp-json\/wp\/v2\/posts"}],"about":[{"href":"https:\/\/transportjournal.com\/it\/wp-json\/wp\/v2\/types\/post"}],"author":[{"embeddable":true,"href":"https:\/\/transportjournal.com\/it\/wp-json\/wp\/v2\/users\/10"}],"replies":[{"embeddable":true,"href":"https:\/\/transportjournal.com\/it\/wp-json\/wp\/v2\/comments?post=87520"}],"version-history":[{"count":0,"href":"https:\/\/transportjournal.com\/it\/wp-json\/wp\/v2\/posts\/87520\/revisions"}],"wp:featuredmedia":[{"embeddable":true,"href":"https:\/\/transportjournal.com\/it\/wp-json\/wp\/v2\/media\/87516"}],"wp:attachment":[{"href":"https:\/\/transportjournal.com\/it\/wp-json\/wp\/v2\/media?parent=87520"}],"wp:term":[{"taxonomy":"category","embeddable":true,"href":"https:\/\/transportjournal.com\/it\/wp-json\/wp\/v2\/categories?post=87520"},{"taxonomy":"post_tag","embeddable":true,"href":"https:\/\/transportjournal.com\/it\/wp-json\/wp\/v2\/tags?post=87520"}],"curies":[{"name":"wp","href":"https:\/\/api.w.org\/{rel}","templated":true}]}}