{"id":87505,"date":"2026-04-30T08:54:10","date_gmt":"2026-04-30T08:54:10","guid":{"rendered":"https:\/\/transportjournal.com\/2026\/04\/30\/cinquina-amplia-la-flotta-elettrica\/"},"modified":"2026-04-30T11:30:34","modified_gmt":"2026-04-30T09:30:34","slug":"cinquina-amplia-la-flotta-elettrica","status":"publish","type":"post","link":"https:\/\/transportjournal.com\/it\/2026\/04\/30\/cinquina-amplia-la-flotta-elettrica\/","title":{"rendered":"Cinquina amplia la flotta elettrica"},"content":{"rendered":"<p>L&#8217;azienda italiana Cinquina Trasporti e Servizi srl ha ampliato la sua flotta con tre nuovi Mercedes-Benz Actros ProCabin. Questo investimento fa parte di una partnership di lunga data con Daimler Truck, iniziata oltre 30 anni fa. La collaborazione tra l&#8217;azienda di San Salvo, nella provincia di Chieti, e il produttore tedesco comprende attualmente oltre 110 veicoli e dimostra la continuit\u00e0 e la fiducia che entrambe le parti ripongono nella relazione.<\/p>\n<h3>Partnership di lunga data e sviluppo tecnologico<\/h3>\n<p>La storia di Cinquina Trasporti e Servizi srl risale al 1959. L&#8217;azienda si \u00e8 specializzata nel trasporto di merci e attribuisce grande importanza a affidabilit\u00e0, sicurezza e qualit\u00e0. Questi valori sono fondamentali per soddisfare le esigenze dei clienti nel trasporto nazionale e internazionale. La partnership con Mercedes-Benz Trucks \u00e8 iniziata con l&#8217;acquisto del primo Mercedes 1844 e si \u00e8 sviluppata continuamente da allora.<\/p>\n<p>I nuovi camion Actros ProCabin saranno utilizzati nella flotta attiva sulle principali rotte di trasporto europee. Questo sviluppo coincide con il 30\u00b0 anniversario dell&#8217;Actros, che dalla sua introduzione all&#8217;IAA nel 1996 \u00e8 considerato un punto di riferimento per i veicoli commerciali moderni. L&#8217;Actros si distingue per l&#8217;ampia integrazione elettronica e le tecnologie innovative, mirate a migliorare la sicurezza e l&#8217;efficienza nel trasporto pesante.<\/p>\n<p>Massimo Cinquina, amministratore delegato di Cinquina Trasporti e Servizi srl, sottolinea l&#8217;importanza della collaborazione con Mercedes-Benz: &#8222;La scelta di Mercedes-Benz \u00e8 iniziata oltre 30 anni fa con il primo Mercedes 1844. Da allora abbiamo costruito una relazione basata su affidabilit\u00e0 e qualit\u00e0.&#8220; Sottolinea che i veicoli del produttore soddisfano le esigenze del trasporto internazionale e garantiscono sia la continuit\u00e0 operativa che il comfort per i conducenti.<\/p>\n<h3>Crescita ed efficienza nel settore dei trasporti<\/h3>\n<p>Cinquina Trasporti e Servizi srl si \u00e8 affermata negli ultimi decenni come un&#8217;azienda dinamica e versatile. Con una flotta di 55 veicoli di propriet\u00e0 e una superficie operativa di 34.500 m\u00b2, di cui 13.500 m\u00b2 coperti, l&#8217;azienda \u00e8 in grado di soddisfare diverse esigenze di trasporto. Ogni anno vengono gestiti circa 30.000 ordini, raggiungendo un&#8217;elevata performance di consegna e ritiro del 96,5% e 99% rispettivamente.<\/p>\n<p>L&#8217;azienda opera in 14 paesi europei e offre soluzioni logistiche su misura. La stretta collaborazione con i partner e la capacit\u00e0 di adattarsi rapidamente alle esigenze in evoluzione dei clienti sono elementi centrali della strategia aziendale. &#8222;Nel trasporto odierno non basta pi\u00f9 portare la merce da un punto A a un punto B. Richiede organizzazione, controllo dei flussi e una struttura in grado di rispondere rapidamente alle richieste dei clienti&#8220;, spiega Cinquina.<\/p>\n<h3>Sostenibilit\u00e0 e innovazione tecnologica<\/h3>\n<p>Cinquina Trasporti e Servizi srl attribuisce grande importanza anche alla sostenibilit\u00e0 nel settore dei trasporti. Tutti i veicoli rispettano i pi\u00f9 recenti standard ambientali e sono dotati di motori Euro 6. Inoltre, l&#8217;azienda punta su soluzioni intermodali da oltre 25 anni per minimizzare l&#8217;impatto ambientale. Questo include, tra l&#8217;altro, l&#8217;utilizzo del trasporto ferroviario per il trasporto attraverso le Alpi, il che consente di risparmiare notevoli emissioni di CO2.<\/p>\n<p>Gli investimenti continui nella flotta, nella tecnologia e nei processi fanno parte della strategia aziendale per migliorare l&#8217;efficienza e la qualit\u00e0 dei servizi. &#8222;Vogliamo continuare a crescere senza perdere i valori che ci guidano da sempre: affidabilit\u00e0, orientamento al cliente e investimenti nella flotta e nella tecnologia&#8220;, conclude Massimo Cinquina.<\/p>\n<p>&nbsp;<\/p>\n<p><a href=\"http:\/\/www.cinquinatrasporti.it\/\" target=\"_blank\" rel=\"noopener noreferrer\">www.cinquinatrasporti.it<\/a><\/p>\n<p>&nbsp;<\/p>\n<p><a href=\"https:\/\/piolanti.com\/\" target=\"_blank\" rel=\"noopener noreferrer\">www.piolanti.com<\/a><\/p>\n<p>&nbsp;<\/p>\n","protected":false},"excerpt":{"rendered":"<p>Cinquina Trasporti e Servizi srl ha ampliato la sua flotta con tre nuovi Mercedes-Benz Actros ProCabin per aumentare ulteriormente l&#8217;efficienza e la qualit\u00e0 nel settore dei trasporti.<\/p>\n","protected":false},"author":12,"featured_media":87501,"comment_status":"open","ping_status":"","sticky":false,"template":"","format":"standard","meta":{"_acf_changed":false,"footnotes":""},"categories":[1638,1628],"tags":[43974,43975,43976,43977,3855,13122,43978,43979,43980,18668,43981,43982,43983,43984,13125,1864,10141,36120,4091,18824,2125,30772,5252,5253,43985,13128,4128,2664,1831,43986,43987,43988,43989,43990,1913,43991,43992,2481,2193,3875,3878,10166,1916,2682,5266,43993,4341,30790,30792,2837,4345,18837,3125,2155,1975,18838,1837,36128,43994],"class_list":["post-87505","post","type-post","status-publish","format-standard","has-post-thumbnail","hentry","category-europa","category-intermodale-strada","tag-30-ans-dactros","tag-30-jahre-actros","tag-30-years-of-actros","tag-betriebsflaeche","tag-co-emissionen-reduzieren","tag-customer-requirements","tag-daimler-truck-partnerschaft","tag-daimler-truck-partnership","tag-deutsch-cinquina-trasporti","tag-efficacite-du-transport","tag-euro-6-engines","tag-euro-6-motoren","tag-europaeische-transportstrecken","tag-european-transport-routes","tag-exigences-des-clients","tag-fahrzeugflotte","tag-fiabilite-dans-le-transport","tag-flotte-de-vehicules","tag-freight-transport","tag-guetertransport","tag-industrie-du-transport","tag-innovation-technologique","tag-intermodal-solutions","tag-intermodale-loesungen","tag-itineraires-de-transport-europeens","tag-kundenanforderungen","tag-logistics-provider","tag-logistics-services","tag-logistikdienstleister","tag-massimo-cinquina","tag-massimo-cinquina-english-cinquina-trasporti","tag-massimo-cinquina-francais-cinquina-trasporti","tag-mercedes-benz-actros","tag-moteurs-euro-6","tag-nachhaltiger-transport","tag-operational-area","tag-partenariat-daimler-truck","tag-prestataire-logistique","tag-rail-freight-transport","tag-reduce-co-emissions","tag-reduire-les-emissions-de-co","tag-reliability-in-transport","tag-schienengueterverkehr","tag-services-logistiques","tag-solutions-intermodales","tag-surface-operationnelle","tag-sustainable-transport","tag-technological-innovation","tag-technologische-innovation","tag-transport-de-marchandises","tag-transport-durable","tag-transport-efficiency","tag-transport-ferroviaire-de-marchandises","tag-transport-industry","tag-transportdienstleistungen","tag-transporteffizienz","tag-transportwirtschaft","tag-vehicle-fleet","tag-zuverlaessigkeit-im-transport"],"acf":[],"yoast_head":"<!-- This site is optimized with the Yoast SEO plugin v27.3 - https:\/\/yoast.com\/product\/yoast-seo-wordpress\/ -->\n<title>Cinquina amplia la flotta elettrica - ITJ | International Transport Journal<\/title>\n<meta name=\"robots\" content=\"index, follow, max-snippet:-1, max-image-preview:large, max-video-preview:-1\" \/>\n<link rel=\"canonical\" href=\"https:\/\/transportjournal.com\/it\/2026\/04\/30\/cinquina-amplia-la-flotta-elettrica\/\" \/>\n<meta property=\"og:locale\" content=\"it_IT\" \/>\n<meta property=\"og:type\" content=\"article\" \/>\n<meta property=\"og:title\" content=\"Cinquina amplia la flotta elettrica - ITJ | International Transport Journal\" \/>\n<meta property=\"og:description\" content=\"Cinquina Trasporti e Servizi srl ha ampliato la sua flotta con tre nuovi Mercedes-Benz Actros ProCabin per aumentare ulteriormente l&#039;efficienza e la qualit\u00e0 nel settore dei trasporti.\" \/>\n<meta property=\"og:url\" content=\"https:\/\/transportjournal.com\/it\/2026\/04\/30\/cinquina-amplia-la-flotta-elettrica\/\" \/>\n<meta property=\"og:site_name\" content=\"ITJ | International Transport Journal\" \/>\n<meta property=\"article:published_time\" content=\"2026-04-30T08:54:10+00:00\" \/>\n<meta property=\"article:modified_time\" content=\"2026-04-30T09:30:34+00:00\" \/>\n<meta property=\"og:image\" content=\"https:\/\/transportjournal.com\/wp-content\/uploads\/sites\/2\/2026\/04\/Cinquina-1776670441471.jpg\" \/>\n\t<meta property=\"og:image:width\" content=\"2048\" \/>\n\t<meta property=\"og:image:height\" content=\"1152\" \/>\n\t<meta property=\"og:image:type\" content=\"image\/jpeg\" \/>\n<meta name=\"author\" content=\"Andreas Haug\" \/>\n<meta name=\"twitter:card\" content=\"summary_large_image\" \/>\n<meta name=\"twitter:label1\" content=\"Scritto da\" \/>\n\t<meta name=\"twitter:data1\" content=\"Andreas Haug\" \/>\n\t<meta name=\"twitter:label2\" content=\"Tempo di lettura stimato\" \/>\n\t<meta name=\"twitter:data2\" content=\"3 minuto\" \/>\n<script type=\"application\/ld+json\" class=\"yoast-schema-graph\">{\"@context\":\"https:\\\/\\\/schema.org\",\"@graph\":[{\"@type\":\"Article\",\"@id\":\"https:\\\/\\\/transportjournal.com\\\/it\\\/2026\\\/04\\\/30\\\/cinquina-amplia-la-flotta-elettrica\\\/#article\",\"isPartOf\":{\"@id\":\"https:\\\/\\\/transportjournal.com\\\/it\\\/2026\\\/04\\\/30\\\/cinquina-amplia-la-flotta-elettrica\\\/\"},\"author\":{\"name\":\"Andreas Haug\",\"@id\":\"https:\\\/\\\/transportjournal.com\\\/it\\\/#\\\/schema\\\/person\\\/cf538b3157f15afd7589245a4b3dbd25\"},\"headline\":\"Cinquina amplia la flotta elettrica\",\"datePublished\":\"2026-04-30T08:54:10+00:00\",\"dateModified\":\"2026-04-30T09:30:34+00:00\",\"mainEntityOfPage\":{\"@id\":\"https:\\\/\\\/transportjournal.com\\\/it\\\/2026\\\/04\\\/30\\\/cinquina-amplia-la-flotta-elettrica\\\/\"},\"wordCount\":544,\"commentCount\":0,\"publisher\":{\"@id\":\"https:\\\/\\\/transportjournal.com\\\/it\\\/#organization\"},\"image\":{\"@id\":\"https:\\\/\\\/transportjournal.com\\\/it\\\/2026\\\/04\\\/30\\\/cinquina-amplia-la-flotta-elettrica\\\/#primaryimage\"},\"thumbnailUrl\":\"https:\\\/\\\/transportjournal.com\\\/wp-content\\\/uploads\\\/sites\\\/2\\\/2026\\\/04\\\/Cinquina-1776670441471.jpg\",\"keywords\":[\"30 ans d'Actros\",\"30 Jahre Actros\",\"30 years of Actros\",\"Betriebsfl\u00e4che\",\"CO\u2082-Emissionen reduzieren\",\"customer requirements\",\"Daimler Truck Partnerschaft\",\"Daimler Truck partnership\",\"Deutsch Cinquina Trasporti\",\"efficacit\u00e9 du transport\",\"Euro-6 engines\",\"Euro-6-Motoren\",\"europ\u00e4ische Transportstrecken\",\"European transport routes\",\"exigences des clients\",\"Fahrzeugflotte\",\"fiabilit\u00e9 dans le transport\",\"flotte de v\u00e9hicules\",\"freight transport\",\"G\u00fctertransport\",\"industrie du transport\",\"innovation technologique\",\"intermodal solutions\",\"intermodale L\u00f6sungen\",\"itin\u00e9raires de transport europ\u00e9ens\",\"Kundenanforderungen\",\"logistics provider\",\"logistics services\",\"Logistikdienstleister\",\"Massimo Cinquina\",\"Massimo Cinquina English Cinquina Trasporti\",\"Massimo Cinquina Fran\u00e7ais Cinquina Trasporti\",\"Mercedes-Benz Actros\",\"moteurs Euro-6\",\"nachhaltiger Transport\",\"operational area\",\"partenariat Daimler Truck\",\"prestataire logistique\",\"rail freight transport\",\"reduce CO\u2082 emissions\",\"r\u00e9duire les \u00e9missions de CO\u2082\",\"reliability in transport\",\"Schieneng\u00fcterverkehr\",\"services logistiques\",\"solutions intermodales\",\"surface op\u00e9rationnelle\",\"sustainable transport\",\"technological innovation\",\"technologische Innovation\",\"transport de marchandises\",\"transport durable\",\"transport efficiency\",\"transport ferroviaire de marchandises\",\"transport industry\",\"Transportdienstleistungen\",\"Transporteffizienz\",\"Transportwirtschaft\",\"vehicle fleet\",\"Zuverl\u00e4ssigkeit im Transport\"],\"articleSection\":[\"Europa\",\"Intermodale \\\/ Strada\"],\"inLanguage\":\"it-IT\",\"potentialAction\":[{\"@type\":\"CommentAction\",\"name\":\"Comment\",\"target\":[\"https:\\\/\\\/transportjournal.com\\\/it\\\/2026\\\/04\\\/30\\\/cinquina-amplia-la-flotta-elettrica\\\/#respond\"]}]},{\"@type\":\"WebPage\",\"@id\":\"https:\\\/\\\/transportjournal.com\\\/it\\\/2026\\\/04\\\/30\\\/cinquina-amplia-la-flotta-elettrica\\\/\",\"url\":\"https:\\\/\\\/transportjournal.com\\\/it\\\/2026\\\/04\\\/30\\\/cinquina-amplia-la-flotta-elettrica\\\/\",\"name\":\"Cinquina amplia la flotta elettrica - ITJ | International Transport Journal\",\"isPartOf\":{\"@id\":\"https:\\\/\\\/transportjournal.com\\\/it\\\/#website\"},\"primaryImageOfPage\":{\"@id\":\"https:\\\/\\\/transportjournal.com\\\/it\\\/2026\\\/04\\\/30\\\/cinquina-amplia-la-flotta-elettrica\\\/#primaryimage\"},\"image\":{\"@id\":\"https:\\\/\\\/transportjournal.com\\\/it\\\/2026\\\/04\\\/30\\\/cinquina-amplia-la-flotta-elettrica\\\/#primaryimage\"},\"thumbnailUrl\":\"https:\\\/\\\/transportjournal.com\\\/wp-content\\\/uploads\\\/sites\\\/2\\\/2026\\\/04\\\/Cinquina-1776670441471.jpg\",\"datePublished\":\"2026-04-30T08:54:10+00:00\",\"dateModified\":\"2026-04-30T09:30:34+00:00\",\"breadcrumb\":{\"@id\":\"https:\\\/\\\/transportjournal.com\\\/it\\\/2026\\\/04\\\/30\\\/cinquina-amplia-la-flotta-elettrica\\\/#breadcrumb\"},\"inLanguage\":\"it-IT\",\"potentialAction\":[{\"@type\":\"ReadAction\",\"target\":[\"https:\\\/\\\/transportjournal.com\\\/it\\\/2026\\\/04\\\/30\\\/cinquina-amplia-la-flotta-elettrica\\\/\"]}]},{\"@type\":\"ImageObject\",\"inLanguage\":\"it-IT\",\"@id\":\"https:\\\/\\\/transportjournal.com\\\/it\\\/2026\\\/04\\\/30\\\/cinquina-amplia-la-flotta-elettrica\\\/#primaryimage\",\"url\":\"https:\\\/\\\/transportjournal.com\\\/wp-content\\\/uploads\\\/sites\\\/2\\\/2026\\\/04\\\/Cinquina-1776670441471.jpg\",\"contentUrl\":\"https:\\\/\\\/transportjournal.com\\\/wp-content\\\/uploads\\\/sites\\\/2\\\/2026\\\/04\\\/Cinquina-1776670441471.jpg\",\"width\":2048,\"height\":1152},{\"@type\":\"BreadcrumbList\",\"@id\":\"https:\\\/\\\/transportjournal.com\\\/it\\\/2026\\\/04\\\/30\\\/cinquina-amplia-la-flotta-elettrica\\\/#breadcrumb\",\"itemListElement\":[{\"@type\":\"ListItem\",\"position\":1,\"name\":\"Startseite\",\"item\":\"https:\\\/\\\/transportjournal.com\\\/it\\\/\"},{\"@type\":\"ListItem\",\"position\":2,\"name\":\"Cinquina amplia la flotta elettrica\"}]},{\"@type\":\"WebSite\",\"@id\":\"https:\\\/\\\/transportjournal.com\\\/it\\\/#website\",\"url\":\"https:\\\/\\\/transportjournal.com\\\/it\\\/\",\"name\":\"ITJ | International Transport Journal\",\"description\":\"Stay informed with the latest global news from the transport, logistics, and supply chain industries. Transport Journal delivers expert insights, analysis, and updates across shipping, aviation, intermodal, and forwarding.\",\"publisher\":{\"@id\":\"https:\\\/\\\/transportjournal.com\\\/it\\\/#organization\"},\"potentialAction\":[{\"@type\":\"SearchAction\",\"target\":{\"@type\":\"EntryPoint\",\"urlTemplate\":\"https:\\\/\\\/transportjournal.com\\\/it\\\/?s={search_term_string}\"},\"query-input\":{\"@type\":\"PropertyValueSpecification\",\"valueRequired\":true,\"valueName\":\"search_term_string\"}}],\"inLanguage\":\"it-IT\"},{\"@type\":\"Organization\",\"@id\":\"https:\\\/\\\/transportjournal.com\\\/it\\\/#organization\",\"name\":\"Logismedia Group AG\",\"alternateName\":\"Logismedia Group AG\",\"url\":\"https:\\\/\\\/transportjournal.com\\\/it\\\/\",\"logo\":{\"@type\":\"ImageObject\",\"inLanguage\":\"it-IT\",\"@id\":\"https:\\\/\\\/transportjournal.com\\\/it\\\/#\\\/schema\\\/logo\\\/image\\\/\",\"url\":\"https:\\\/\\\/transportjournal.com\\\/wp-content\\\/uploads\\\/sites\\\/2\\\/2025\\\/09\\\/Logo_ITJ.png\",\"contentUrl\":\"https:\\\/\\\/transportjournal.com\\\/wp-content\\\/uploads\\\/sites\\\/2\\\/2025\\\/09\\\/Logo_ITJ.png\",\"width\":799,\"height\":326,\"caption\":\"Logismedia Group AG\"},\"image\":{\"@id\":\"https:\\\/\\\/transportjournal.com\\\/it\\\/#\\\/schema\\\/logo\\\/image\\\/\"},\"sameAs\":[\"https:\\\/\\\/www.linkedin.com\\\/company\\\/56456496\\\/admin\\\/dashboard\\\/\",\"https:\\\/\\\/www.instagram.com\\\/logismediagroup\\\/\",\"https:\\\/\\\/www.youtube.com\\\/@LogiamediaGroupAG\"]},{\"@type\":\"Person\",\"@id\":\"https:\\\/\\\/transportjournal.com\\\/it\\\/#\\\/schema\\\/person\\\/cf538b3157f15afd7589245a4b3dbd25\",\"name\":\"Andreas Haug\",\"url\":\"https:\\\/\\\/transportjournal.com\\\/it\\\/author\\\/andreas\\\/\"}]}<\/script>\n<!-- \/ Yoast SEO plugin. -->","yoast_head_json":{"title":"Cinquina amplia la flotta elettrica - ITJ | International Transport Journal","robots":{"index":"index","follow":"follow","max-snippet":"max-snippet:-1","max-image-preview":"max-image-preview:large","max-video-preview":"max-video-preview:-1"},"canonical":"https:\/\/transportjournal.com\/it\/2026\/04\/30\/cinquina-amplia-la-flotta-elettrica\/","og_locale":"it_IT","og_type":"article","og_title":"Cinquina amplia la flotta elettrica - ITJ | International Transport Journal","og_description":"Cinquina Trasporti e Servizi srl ha ampliato la sua flotta con tre nuovi Mercedes-Benz Actros ProCabin per aumentare ulteriormente l'efficienza e la qualit\u00e0 nel settore dei trasporti.","og_url":"https:\/\/transportjournal.com\/it\/2026\/04\/30\/cinquina-amplia-la-flotta-elettrica\/","og_site_name":"ITJ | International Transport Journal","article_published_time":"2026-04-30T08:54:10+00:00","article_modified_time":"2026-04-30T09:30:34+00:00","og_image":[{"width":2048,"height":1152,"url":"https:\/\/transportjournal.com\/wp-content\/uploads\/sites\/2\/2026\/04\/Cinquina-1776670441471.jpg","type":"image\/jpeg"}],"author":"Andreas Haug","twitter_card":"summary_large_image","twitter_misc":{"Scritto da":"Andreas Haug","Tempo di lettura stimato":"3 minuto"},"schema":{"@context":"https:\/\/schema.org","@graph":[{"@type":"Article","@id":"https:\/\/transportjournal.com\/it\/2026\/04\/30\/cinquina-amplia-la-flotta-elettrica\/#article","isPartOf":{"@id":"https:\/\/transportjournal.com\/it\/2026\/04\/30\/cinquina-amplia-la-flotta-elettrica\/"},"author":{"name":"Andreas Haug","@id":"https:\/\/transportjournal.com\/it\/#\/schema\/person\/cf538b3157f15afd7589245a4b3dbd25"},"headline":"Cinquina amplia la flotta elettrica","datePublished":"2026-04-30T08:54:10+00:00","dateModified":"2026-04-30T09:30:34+00:00","mainEntityOfPage":{"@id":"https:\/\/transportjournal.com\/it\/2026\/04\/30\/cinquina-amplia-la-flotta-elettrica\/"},"wordCount":544,"commentCount":0,"publisher":{"@id":"https:\/\/transportjournal.com\/it\/#organization"},"image":{"@id":"https:\/\/transportjournal.com\/it\/2026\/04\/30\/cinquina-amplia-la-flotta-elettrica\/#primaryimage"},"thumbnailUrl":"https:\/\/transportjournal.com\/wp-content\/uploads\/sites\/2\/2026\/04\/Cinquina-1776670441471.jpg","keywords":["30 ans d'Actros","30 Jahre Actros","30 years of Actros","Betriebsfl\u00e4che","CO\u2082-Emissionen reduzieren","customer requirements","Daimler Truck Partnerschaft","Daimler Truck partnership","Deutsch Cinquina Trasporti","efficacit\u00e9 du transport","Euro-6 engines","Euro-6-Motoren","europ\u00e4ische Transportstrecken","European transport routes","exigences des clients","Fahrzeugflotte","fiabilit\u00e9 dans le transport","flotte de v\u00e9hicules","freight transport","G\u00fctertransport","industrie du transport","innovation technologique","intermodal solutions","intermodale L\u00f6sungen","itin\u00e9raires de transport europ\u00e9ens","Kundenanforderungen","logistics provider","logistics services","Logistikdienstleister","Massimo Cinquina","Massimo Cinquina English Cinquina Trasporti","Massimo Cinquina Fran\u00e7ais Cinquina Trasporti","Mercedes-Benz Actros","moteurs Euro-6","nachhaltiger Transport","operational area","partenariat Daimler Truck","prestataire logistique","rail freight transport","reduce CO\u2082 emissions","r\u00e9duire les \u00e9missions de CO\u2082","reliability in transport","Schieneng\u00fcterverkehr","services logistiques","solutions intermodales","surface op\u00e9rationnelle","sustainable transport","technological innovation","technologische Innovation","transport de marchandises","transport durable","transport efficiency","transport ferroviaire de marchandises","transport industry","Transportdienstleistungen","Transporteffizienz","Transportwirtschaft","vehicle fleet","Zuverl\u00e4ssigkeit im Transport"],"articleSection":["Europa","Intermodale \/ Strada"],"inLanguage":"it-IT","potentialAction":[{"@type":"CommentAction","name":"Comment","target":["https:\/\/transportjournal.com\/it\/2026\/04\/30\/cinquina-amplia-la-flotta-elettrica\/#respond"]}]},{"@type":"WebPage","@id":"https:\/\/transportjournal.com\/it\/2026\/04\/30\/cinquina-amplia-la-flotta-elettrica\/","url":"https:\/\/transportjournal.com\/it\/2026\/04\/30\/cinquina-amplia-la-flotta-elettrica\/","name":"Cinquina amplia la flotta elettrica - ITJ | International Transport Journal","isPartOf":{"@id":"https:\/\/transportjournal.com\/it\/#website"},"primaryImageOfPage":{"@id":"https:\/\/transportjournal.com\/it\/2026\/04\/30\/cinquina-amplia-la-flotta-elettrica\/#primaryimage"},"image":{"@id":"https:\/\/transportjournal.com\/it\/2026\/04\/30\/cinquina-amplia-la-flotta-elettrica\/#primaryimage"},"thumbnailUrl":"https:\/\/transportjournal.com\/wp-content\/uploads\/sites\/2\/2026\/04\/Cinquina-1776670441471.jpg","datePublished":"2026-04-30T08:54:10+00:00","dateModified":"2026-04-30T09:30:34+00:00","breadcrumb":{"@id":"https:\/\/transportjournal.com\/it\/2026\/04\/30\/cinquina-amplia-la-flotta-elettrica\/#breadcrumb"},"inLanguage":"it-IT","potentialAction":[{"@type":"ReadAction","target":["https:\/\/transportjournal.com\/it\/2026\/04\/30\/cinquina-amplia-la-flotta-elettrica\/"]}]},{"@type":"ImageObject","inLanguage":"it-IT","@id":"https:\/\/transportjournal.com\/it\/2026\/04\/30\/cinquina-amplia-la-flotta-elettrica\/#primaryimage","url":"https:\/\/transportjournal.com\/wp-content\/uploads\/sites\/2\/2026\/04\/Cinquina-1776670441471.jpg","contentUrl":"https:\/\/transportjournal.com\/wp-content\/uploads\/sites\/2\/2026\/04\/Cinquina-1776670441471.jpg","width":2048,"height":1152},{"@type":"BreadcrumbList","@id":"https:\/\/transportjournal.com\/it\/2026\/04\/30\/cinquina-amplia-la-flotta-elettrica\/#breadcrumb","itemListElement":[{"@type":"ListItem","position":1,"name":"Startseite","item":"https:\/\/transportjournal.com\/it\/"},{"@type":"ListItem","position":2,"name":"Cinquina amplia la flotta elettrica"}]},{"@type":"WebSite","@id":"https:\/\/transportjournal.com\/it\/#website","url":"https:\/\/transportjournal.com\/it\/","name":"ITJ | International Transport Journal","description":"Stay informed with the latest global news from the transport, logistics, and supply chain industries. Transport Journal delivers expert insights, analysis, and updates across shipping, aviation, intermodal, and forwarding.","publisher":{"@id":"https:\/\/transportjournal.com\/it\/#organization"},"potentialAction":[{"@type":"SearchAction","target":{"@type":"EntryPoint","urlTemplate":"https:\/\/transportjournal.com\/it\/?s={search_term_string}"},"query-input":{"@type":"PropertyValueSpecification","valueRequired":true,"valueName":"search_term_string"}}],"inLanguage":"it-IT"},{"@type":"Organization","@id":"https:\/\/transportjournal.com\/it\/#organization","name":"Logismedia Group AG","alternateName":"Logismedia Group AG","url":"https:\/\/transportjournal.com\/it\/","logo":{"@type":"ImageObject","inLanguage":"it-IT","@id":"https:\/\/transportjournal.com\/it\/#\/schema\/logo\/image\/","url":"https:\/\/transportjournal.com\/wp-content\/uploads\/sites\/2\/2025\/09\/Logo_ITJ.png","contentUrl":"https:\/\/transportjournal.com\/wp-content\/uploads\/sites\/2\/2025\/09\/Logo_ITJ.png","width":799,"height":326,"caption":"Logismedia Group AG"},"image":{"@id":"https:\/\/transportjournal.com\/it\/#\/schema\/logo\/image\/"},"sameAs":["https:\/\/www.linkedin.com\/company\/56456496\/admin\/dashboard\/","https:\/\/www.instagram.com\/logismediagroup\/","https:\/\/www.youtube.com\/@LogiamediaGroupAG"]},{"@type":"Person","@id":"https:\/\/transportjournal.com\/it\/#\/schema\/person\/cf538b3157f15afd7589245a4b3dbd25","name":"Andreas Haug","url":"https:\/\/transportjournal.com\/it\/author\/andreas\/"}]}},"_links":{"self":[{"href":"https:\/\/transportjournal.com\/it\/wp-json\/wp\/v2\/posts\/87505","targetHints":{"allow":["GET"]}}],"collection":[{"href":"https:\/\/transportjournal.com\/it\/wp-json\/wp\/v2\/posts"}],"about":[{"href":"https:\/\/transportjournal.com\/it\/wp-json\/wp\/v2\/types\/post"}],"author":[{"embeddable":true,"href":"https:\/\/transportjournal.com\/it\/wp-json\/wp\/v2\/users\/12"}],"replies":[{"embeddable":true,"href":"https:\/\/transportjournal.com\/it\/wp-json\/wp\/v2\/comments?post=87505"}],"version-history":[{"count":1,"href":"https:\/\/transportjournal.com\/it\/wp-json\/wp\/v2\/posts\/87505\/revisions"}],"predecessor-version":[{"id":87512,"href":"https:\/\/transportjournal.com\/it\/wp-json\/wp\/v2\/posts\/87505\/revisions\/87512"}],"wp:featuredmedia":[{"embeddable":true,"href":"https:\/\/transportjournal.com\/it\/wp-json\/wp\/v2\/media\/87501"}],"wp:attachment":[{"href":"https:\/\/transportjournal.com\/it\/wp-json\/wp\/v2\/media?parent=87505"}],"wp:term":[{"taxonomy":"category","embeddable":true,"href":"https:\/\/transportjournal.com\/it\/wp-json\/wp\/v2\/categories?post=87505"},{"taxonomy":"post_tag","embeddable":true,"href":"https:\/\/transportjournal.com\/it\/wp-json\/wp\/v2\/tags?post=87505"}],"curies":[{"name":"wp","href":"https:\/\/api.w.org\/{rel}","templated":true}]}}