{"id":87457,"date":"2026-04-30T08:13:33","date_gmt":"2026-04-30T08:13:33","guid":{"rendered":"https:\/\/transportjournal.com\/2026\/04\/30\/il-mercato-del-trasporto-aereo-globale-scende-del-48\/"},"modified":"2026-04-30T10:34:26","modified_gmt":"2026-04-30T08:34:26","slug":"il-mercato-del-trasporto-aereo-globale-scende-del-48","status":"publish","type":"post","link":"https:\/\/transportjournal.com\/it\/2026\/04\/30\/il-mercato-del-trasporto-aereo-globale-scende-del-48\/","title":{"rendered":"Marzo disastroso per il trasporto aereo nel Golfo"},"content":{"rendered":"<p>La domanda globale nel mercato del cargo aereo \u00e8 diminuita del 4,8% a marzo 2026 rispetto all&#8217;anno precedente. Questo sviluppo \u00e8 attribuito a un ambiente operativo sfidante, caratterizzato da tensioni geopolitiche in Medio Oriente e da effetti stagionali. Mentre l&#8217;Africa ha registrato la migliore performance con un aumento esatto del 7%, il Medio Oriente ha subito un drammatico calo del 54,3%.<\/p>\n<h3>Flussi di cargo internazionali sotto pressione<\/h3>\n<p>Il traffico aereo cargo internazionale \u00e8 diminuito del 5,5% su base annua. Le compagnie aeree del Medio Oriente sono state particolarmente colpite, subendo un calo del 54,2%, dovuto a un deterioramento della connettivit\u00e0 degli hub e dell&#8217;affidabilit\u00e0 della rete. La capacit\u00e0 totale del settore \u00e8 scesa del 4,7%, in linea con la domanda in calo. Il fattore di carico cargo \u00e8 rimasto stabile al 47,9%.<\/p>\n<p>La volatilit\u00e0 nei mercati energetici \u00e8 stata significativa. Il prezzo del Brent \u00e8 aumentato del 43,1% su base annua, mentre il prezzo del cherosene \u00e8 salito del 106,6%, raggiungendo il livello pi\u00f9 alto in oltre 23 anni. Questi sviluppi hanno portato a un aumento delle tariffe di carico del 18,9% in un contesto di prezzi inflazionistici.<\/p>\n<h3>Differenze regionali nelle performance del cargo<\/h3>\n<p>La performance regionale nel mercato del cargo aereo \u00e8 stata disomogenea. Mentre Africa, Asia-Pacifico, Europa e America Latina e Caraibi hanno registrato tassi di crescita moderati, questi non sono stati sufficienti a compensare i drammatici cali nel Medio Oriente. Le compagnie aeree africane hanno ottenuto la crescita pi\u00f9 forte, supportata dal traffico di deviazione. In Europa (+2,2%) e America Latina (+1,8%) ci sono stati piccoli incrementi, mentre il Nord America (-1,1%) ha mostrato un leggero calo, indicando una dinamica transatlantica pi\u00f9 debole.<\/p>\n<p>La situazione nel Medio Oriente ha rappresentato il maggiore freno per le performance del settore. Il calo del 54,3% nel CTK (Cargo Tonne-Kilometer) evidenzia le gravi conseguenze del conflitto sulla connettivit\u00e0 degli hub e sull&#8217;occupazione degli aerei.<\/p>\n<h3>Tendenze internazionali e analisi delle rotte<\/h3>\n<p>Le domande di cargo internazionali hanno mostrato una chiara disuguaglianza geografica. Mentre i mercati in Africa e Asia-Pacifico (+5,5%) hanno registrato un aumento, le compagnie aeree del Medio Oriente hanno subito il calo pi\u00f9 forte. L&#8217;analisi delle rotte ha rivelato che la connessione Europa-Asia ha mostrato la performance migliore con un aumento del 14,2%, mentre le rotte commerciali collegate al Golfo hanno subito forti pressioni.<\/p>\n<p>La domanda di aerei cargo si \u00e8 dimostrata pi\u00f9 resiliente rispetto alla domanda di cargo passeggeri, che \u00e8 diminuita del 12,1%. Questo indica che gli aerei cargo hanno beneficiato della flessibilit\u00e0 operativa e hanno intercettato flussi di deviazione su lunghi corridoi, in particolare nel commercio asiatico.<\/p>\n<h3>Prospettive e condizioni economiche<\/h3>\n<p>I prezzi del cherosene sono aumentati significativamente a marzo, gravando notevolmente sulla redditivit\u00e0 nel settore del cargo aereo. Gli indici di produzione globali mostrano che l&#8217;attivit\u00e0 industriale continua a trovarsi in un&#8217;area di espansione, ma la dinamica rispetto ai mesi precedenti sta rallentando. Nonostante queste sfide, il settore del cargo aereo rimane su una solida base macroeconomica, anche se la dinamica di crescita sta diminuendo rispetto ai picchi degli anni precedenti.<\/p>\n<p>&nbsp;<\/p>\n<p><a href=\"https:\/\/www.iata.org\/\" target=\"_blank\" rel=\"noopener noreferrer\">www.iata.org<\/a><\/p>\n<p>&nbsp;<\/p>\n","protected":false},"excerpt":{"rendered":"<p>La domanda globale nel mercato del trasporto aereo \u00e8 diminuita del 4,8% a marzo 2026, mentre l&#8217;Africa ha registrato una crescita del 7% e il Medio Oriente ha subito un forte calo.<\/p>\n","protected":false},"author":12,"featured_media":87453,"comment_status":"open","ping_status":"","sticky":false,"template":"","format":"standard","meta":{"_acf_changed":false,"footnotes":""},"categories":[1642,1638,1640,1630],"tags":[33608,33609,4939,2648,13739,5507,4279,13671,22495,22496,21947,43885,22499,2211,2212,21956,43886,43887,2032,1778,43888,21766,4288,43889,7110,2655,5225,5226,43890,43891,2125,3682,43892,43893,43894,43895,22511,22512,2133,1831,1962,13768,4132,4134,4135,43896,2148,22524,43897,43898,7124,2295,43899,23307,2242,2155,1837,21980],"class_list":["post-87457","post","type-post","status-publish","format-standard","has-post-thumbnail","hentry","category-africa","category-europa","category-medio-oriente","category-trasporto-aereo","tag-africa","tag-afrika","tag-afrique","tag-air-freight","tag-air-freight-traffic","tag-avions-cargo","tag-capacite-de-fret","tag-cargo-planes","tag-cargo-tonne-kilometer","tag-cargo-tonne-kilometers","tag-conditions-economiques","tag-connectivite-des-hubs","tag-deutsch-luftfrachtmarkt","tag-digital-transformation","tag-digitale-transformation","tag-economic-conditions","tag-effets-saisonniers","tag-flux-de-fret-international","tag-frachtflugzeuge","tag-frachtkapazitaet","tag-frachtleistung","tag-frachtraten","tag-freight-capacity","tag-freight-performance","tag-freight-rates","tag-fret-aerien","tag-geopolitical-tensions","tag-geopolitische-spannungen","tag-hub-connectivity","tag-hub-konnektivitaet","tag-industrie-du-transport","tag-infrastructure","tag-infrastructure-francais-marche-de-la-fret-aerien","tag-infrastruktur-english-air-freight-market","tag-international-freight-flows","tag-internationale-frachtstroeme","tag-jet-fuel-prices","tag-kerosinpreise","tag-logistics-service-providers","tag-logistikdienstleister","tag-luftfracht","tag-luftfrachtverkehr","tag-middle-east","tag-moyen-orient","tag-naher-osten","tag-performance-de-fret","tag-prestataires-de-services-logistiques","tag-prix-du-kerosene","tag-saisonale-effekte","tag-seasonal-effects","tag-tarifs-de-fret","tag-tensions-geopolitiques","tag-tonne-kilometre-de-fret","tag-trafic-de-fret-aerien","tag-transformation-numerique","tag-transport-industry","tag-transportwirtschaft","tag-wirtschaftliche-rahmenbedingungen"],"acf":[],"yoast_head":"<!-- This site is optimized with the Yoast SEO plugin v27.3 - https:\/\/yoast.com\/product\/yoast-seo-wordpress\/ -->\n<title>Il mercato del trasporto aereo globale scende del 4,8% - ITJ | International Transport Journal<\/title>\n<meta name=\"robots\" content=\"index, follow, max-snippet:-1, max-image-preview:large, max-video-preview:-1\" \/>\n<link rel=\"canonical\" href=\"https:\/\/transportjournal.com\/it\/2026\/04\/30\/il-mercato-del-trasporto-aereo-globale-scende-del-48\/\" \/>\n<meta property=\"og:locale\" content=\"it_IT\" \/>\n<meta property=\"og:type\" content=\"article\" \/>\n<meta property=\"og:title\" content=\"Il mercato del trasporto aereo globale scende del 4,8% - ITJ | International Transport Journal\" \/>\n<meta property=\"og:description\" content=\"La domanda globale nel mercato del trasporto aereo \u00e8 diminuita del 4,8% a marzo 2026, mentre l&#039;Africa ha registrato una crescita del 7% e il Medio Oriente ha subito un forte calo.\" \/>\n<meta property=\"og:url\" content=\"https:\/\/transportjournal.com\/it\/2026\/04\/30\/il-mercato-del-trasporto-aereo-globale-scende-del-48\/\" \/>\n<meta property=\"og:site_name\" content=\"ITJ | International Transport Journal\" \/>\n<meta property=\"article:published_time\" content=\"2026-04-30T08:13:33+00:00\" \/>\n<meta property=\"article:modified_time\" content=\"2026-04-30T08:34:26+00:00\" \/>\n<meta property=\"og:image\" content=\"https:\/\/transportjournal.com\/wp-content\/uploads\/sites\/2\/2026\/04\/Screenshot-2026-04-30-102513-aspect-ratio-1400-788.png\" \/>\n\t<meta property=\"og:image:width\" content=\"405\" \/>\n\t<meta property=\"og:image:height\" content=\"228\" \/>\n\t<meta property=\"og:image:type\" content=\"image\/png\" \/>\n<meta name=\"author\" content=\"Andreas Haug\" \/>\n<meta name=\"twitter:card\" content=\"summary_large_image\" \/>\n<meta name=\"twitter:label1\" content=\"Scritto da\" \/>\n\t<meta name=\"twitter:data1\" content=\"Andreas Haug\" \/>\n\t<meta name=\"twitter:label2\" content=\"Tempo di lettura stimato\" \/>\n\t<meta name=\"twitter:data2\" content=\"2 minuto\" \/>\n<script type=\"application\/ld+json\" class=\"yoast-schema-graph\">{\"@context\":\"https:\\\/\\\/schema.org\",\"@graph\":[{\"@type\":\"Article\",\"@id\":\"https:\\\/\\\/transportjournal.com\\\/it\\\/2026\\\/04\\\/30\\\/il-mercato-del-trasporto-aereo-globale-scende-del-48\\\/#article\",\"isPartOf\":{\"@id\":\"https:\\\/\\\/transportjournal.com\\\/it\\\/2026\\\/04\\\/30\\\/il-mercato-del-trasporto-aereo-globale-scende-del-48\\\/\"},\"author\":{\"name\":\"Andreas Haug\",\"@id\":\"https:\\\/\\\/transportjournal.com\\\/it\\\/#\\\/schema\\\/person\\\/cf538b3157f15afd7589245a4b3dbd25\"},\"headline\":\"Marzo disastroso per il trasporto aereo nel Golfo\",\"datePublished\":\"2026-04-30T08:13:33+00:00\",\"dateModified\":\"2026-04-30T08:34:26+00:00\",\"mainEntityOfPage\":{\"@id\":\"https:\\\/\\\/transportjournal.com\\\/it\\\/2026\\\/04\\\/30\\\/il-mercato-del-trasporto-aereo-globale-scende-del-48\\\/\"},\"wordCount\":496,\"commentCount\":0,\"publisher\":{\"@id\":\"https:\\\/\\\/transportjournal.com\\\/it\\\/#organization\"},\"image\":{\"@id\":\"https:\\\/\\\/transportjournal.com\\\/it\\\/2026\\\/04\\\/30\\\/il-mercato-del-trasporto-aereo-globale-scende-del-48\\\/#primaryimage\"},\"thumbnailUrl\":\"https:\\\/\\\/transportjournal.com\\\/wp-content\\\/uploads\\\/sites\\\/2\\\/2026\\\/04\\\/Screenshot-2026-04-30-102513-aspect-ratio-1400-788.png\",\"keywords\":[\"Africa\",\"Afrika\",\"Afrique\",\"air freight\",\"air freight traffic\",\"avions cargo\",\"capacit\u00e9 de fret\",\"cargo planes\",\"Cargo Tonne-Kilometer\",\"cargo tonne-kilometers\",\"conditions \u00e9conomiques\",\"connectivit\u00e9 des hubs\",\"Deutsch Luftfrachtmarkt\",\"digital transformation\",\"digitale Transformation\",\"economic conditions\",\"effets saisonniers\",\"flux de fret international\",\"Frachtflugzeuge\",\"Frachtkapazit\u00e4t\",\"Frachtleistung\",\"Frachtraten\",\"freight capacity\",\"freight performance\",\"freight rates\",\"fret a\u00e9rien\",\"geopolitical tensions\",\"geopolitische Spannungen\",\"hub connectivity\",\"Hub-Konnektivit\u00e4t\",\"industrie du transport\",\"infrastructure\",\"infrastructure Fran\u00e7ais march\u00e9 de la fret a\u00e9rien\",\"Infrastruktur English air freight market\",\"international freight flows\",\"internationale Frachtstr\u00f6me\",\"jet fuel prices\",\"Kerosinpreise\",\"logistics service providers\",\"Logistikdienstleister\",\"Luftfracht\",\"Luftfrachtverkehr\",\"Middle East\",\"Moyen-Orient\",\"Naher Osten\",\"performance de fret\",\"prestataires de services logistiques\",\"prix du k\u00e9ros\u00e8ne\",\"saisonale Effekte\",\"seasonal effects\",\"tarifs de fret\",\"tensions g\u00e9opolitiques\",\"tonne-kilom\u00e8tre de fret\",\"trafic de fret a\u00e9rien\",\"transformation num\u00e9rique\",\"transport industry\",\"Transportwirtschaft\",\"wirtschaftliche Rahmenbedingungen\"],\"articleSection\":[\"Africa\",\"Europa\",\"Medio Oriente\",\"Trasporto aereo\"],\"inLanguage\":\"it-IT\",\"potentialAction\":[{\"@type\":\"CommentAction\",\"name\":\"Comment\",\"target\":[\"https:\\\/\\\/transportjournal.com\\\/it\\\/2026\\\/04\\\/30\\\/il-mercato-del-trasporto-aereo-globale-scende-del-48\\\/#respond\"]}]},{\"@type\":\"WebPage\",\"@id\":\"https:\\\/\\\/transportjournal.com\\\/it\\\/2026\\\/04\\\/30\\\/il-mercato-del-trasporto-aereo-globale-scende-del-48\\\/\",\"url\":\"https:\\\/\\\/transportjournal.com\\\/it\\\/2026\\\/04\\\/30\\\/il-mercato-del-trasporto-aereo-globale-scende-del-48\\\/\",\"name\":\"Il mercato del trasporto aereo globale scende del 4,8% - ITJ | International Transport Journal\",\"isPartOf\":{\"@id\":\"https:\\\/\\\/transportjournal.com\\\/it\\\/#website\"},\"primaryImageOfPage\":{\"@id\":\"https:\\\/\\\/transportjournal.com\\\/it\\\/2026\\\/04\\\/30\\\/il-mercato-del-trasporto-aereo-globale-scende-del-48\\\/#primaryimage\"},\"image\":{\"@id\":\"https:\\\/\\\/transportjournal.com\\\/it\\\/2026\\\/04\\\/30\\\/il-mercato-del-trasporto-aereo-globale-scende-del-48\\\/#primaryimage\"},\"thumbnailUrl\":\"https:\\\/\\\/transportjournal.com\\\/wp-content\\\/uploads\\\/sites\\\/2\\\/2026\\\/04\\\/Screenshot-2026-04-30-102513-aspect-ratio-1400-788.png\",\"datePublished\":\"2026-04-30T08:13:33+00:00\",\"dateModified\":\"2026-04-30T08:34:26+00:00\",\"breadcrumb\":{\"@id\":\"https:\\\/\\\/transportjournal.com\\\/it\\\/2026\\\/04\\\/30\\\/il-mercato-del-trasporto-aereo-globale-scende-del-48\\\/#breadcrumb\"},\"inLanguage\":\"it-IT\",\"potentialAction\":[{\"@type\":\"ReadAction\",\"target\":[\"https:\\\/\\\/transportjournal.com\\\/it\\\/2026\\\/04\\\/30\\\/il-mercato-del-trasporto-aereo-globale-scende-del-48\\\/\"]}]},{\"@type\":\"ImageObject\",\"inLanguage\":\"it-IT\",\"@id\":\"https:\\\/\\\/transportjournal.com\\\/it\\\/2026\\\/04\\\/30\\\/il-mercato-del-trasporto-aereo-globale-scende-del-48\\\/#primaryimage\",\"url\":\"https:\\\/\\\/transportjournal.com\\\/wp-content\\\/uploads\\\/sites\\\/2\\\/2026\\\/04\\\/Screenshot-2026-04-30-102513-aspect-ratio-1400-788.png\",\"contentUrl\":\"https:\\\/\\\/transportjournal.com\\\/wp-content\\\/uploads\\\/sites\\\/2\\\/2026\\\/04\\\/Screenshot-2026-04-30-102513-aspect-ratio-1400-788.png\",\"width\":405,\"height\":228},{\"@type\":\"BreadcrumbList\",\"@id\":\"https:\\\/\\\/transportjournal.com\\\/it\\\/2026\\\/04\\\/30\\\/il-mercato-del-trasporto-aereo-globale-scende-del-48\\\/#breadcrumb\",\"itemListElement\":[{\"@type\":\"ListItem\",\"position\":1,\"name\":\"Startseite\",\"item\":\"https:\\\/\\\/transportjournal.com\\\/it\\\/\"},{\"@type\":\"ListItem\",\"position\":2,\"name\":\"Il mercato del trasporto aereo globale scende del 4,8%\"}]},{\"@type\":\"WebSite\",\"@id\":\"https:\\\/\\\/transportjournal.com\\\/it\\\/#website\",\"url\":\"https:\\\/\\\/transportjournal.com\\\/it\\\/\",\"name\":\"ITJ | International Transport Journal\",\"description\":\"Stay informed with the latest global news from the transport, logistics, and supply chain industries. Transport Journal delivers expert insights, analysis, and updates across shipping, aviation, intermodal, and forwarding.\",\"publisher\":{\"@id\":\"https:\\\/\\\/transportjournal.com\\\/it\\\/#organization\"},\"potentialAction\":[{\"@type\":\"SearchAction\",\"target\":{\"@type\":\"EntryPoint\",\"urlTemplate\":\"https:\\\/\\\/transportjournal.com\\\/it\\\/?s={search_term_string}\"},\"query-input\":{\"@type\":\"PropertyValueSpecification\",\"valueRequired\":true,\"valueName\":\"search_term_string\"}}],\"inLanguage\":\"it-IT\"},{\"@type\":\"Organization\",\"@id\":\"https:\\\/\\\/transportjournal.com\\\/it\\\/#organization\",\"name\":\"Logismedia Group AG\",\"alternateName\":\"Logismedia Group AG\",\"url\":\"https:\\\/\\\/transportjournal.com\\\/it\\\/\",\"logo\":{\"@type\":\"ImageObject\",\"inLanguage\":\"it-IT\",\"@id\":\"https:\\\/\\\/transportjournal.com\\\/it\\\/#\\\/schema\\\/logo\\\/image\\\/\",\"url\":\"https:\\\/\\\/transportjournal.com\\\/wp-content\\\/uploads\\\/sites\\\/2\\\/2025\\\/09\\\/Logo_ITJ.png\",\"contentUrl\":\"https:\\\/\\\/transportjournal.com\\\/wp-content\\\/uploads\\\/sites\\\/2\\\/2025\\\/09\\\/Logo_ITJ.png\",\"width\":799,\"height\":326,\"caption\":\"Logismedia Group AG\"},\"image\":{\"@id\":\"https:\\\/\\\/transportjournal.com\\\/it\\\/#\\\/schema\\\/logo\\\/image\\\/\"},\"sameAs\":[\"https:\\\/\\\/www.linkedin.com\\\/company\\\/56456496\\\/admin\\\/dashboard\\\/\",\"https:\\\/\\\/www.instagram.com\\\/logismediagroup\\\/\",\"https:\\\/\\\/www.youtube.com\\\/@LogiamediaGroupAG\"]},{\"@type\":\"Person\",\"@id\":\"https:\\\/\\\/transportjournal.com\\\/it\\\/#\\\/schema\\\/person\\\/cf538b3157f15afd7589245a4b3dbd25\",\"name\":\"Andreas Haug\",\"url\":\"https:\\\/\\\/transportjournal.com\\\/it\\\/author\\\/andreas\\\/\"}]}<\/script>\n<!-- \/ Yoast SEO plugin. -->","yoast_head_json":{"title":"Il mercato del trasporto aereo globale scende del 4,8% - ITJ | International Transport Journal","robots":{"index":"index","follow":"follow","max-snippet":"max-snippet:-1","max-image-preview":"max-image-preview:large","max-video-preview":"max-video-preview:-1"},"canonical":"https:\/\/transportjournal.com\/it\/2026\/04\/30\/il-mercato-del-trasporto-aereo-globale-scende-del-48\/","og_locale":"it_IT","og_type":"article","og_title":"Il mercato del trasporto aereo globale scende del 4,8% - ITJ | International Transport Journal","og_description":"La domanda globale nel mercato del trasporto aereo \u00e8 diminuita del 4,8% a marzo 2026, mentre l'Africa ha registrato una crescita del 7% e il Medio Oriente ha subito un forte calo.","og_url":"https:\/\/transportjournal.com\/it\/2026\/04\/30\/il-mercato-del-trasporto-aereo-globale-scende-del-48\/","og_site_name":"ITJ | International Transport Journal","article_published_time":"2026-04-30T08:13:33+00:00","article_modified_time":"2026-04-30T08:34:26+00:00","og_image":[{"width":405,"height":228,"url":"https:\/\/transportjournal.com\/wp-content\/uploads\/sites\/2\/2026\/04\/Screenshot-2026-04-30-102513-aspect-ratio-1400-788.png","type":"image\/png"}],"author":"Andreas Haug","twitter_card":"summary_large_image","twitter_misc":{"Scritto da":"Andreas Haug","Tempo di lettura stimato":"2 minuto"},"schema":{"@context":"https:\/\/schema.org","@graph":[{"@type":"Article","@id":"https:\/\/transportjournal.com\/it\/2026\/04\/30\/il-mercato-del-trasporto-aereo-globale-scende-del-48\/#article","isPartOf":{"@id":"https:\/\/transportjournal.com\/it\/2026\/04\/30\/il-mercato-del-trasporto-aereo-globale-scende-del-48\/"},"author":{"name":"Andreas Haug","@id":"https:\/\/transportjournal.com\/it\/#\/schema\/person\/cf538b3157f15afd7589245a4b3dbd25"},"headline":"Marzo disastroso per il trasporto aereo nel Golfo","datePublished":"2026-04-30T08:13:33+00:00","dateModified":"2026-04-30T08:34:26+00:00","mainEntityOfPage":{"@id":"https:\/\/transportjournal.com\/it\/2026\/04\/30\/il-mercato-del-trasporto-aereo-globale-scende-del-48\/"},"wordCount":496,"commentCount":0,"publisher":{"@id":"https:\/\/transportjournal.com\/it\/#organization"},"image":{"@id":"https:\/\/transportjournal.com\/it\/2026\/04\/30\/il-mercato-del-trasporto-aereo-globale-scende-del-48\/#primaryimage"},"thumbnailUrl":"https:\/\/transportjournal.com\/wp-content\/uploads\/sites\/2\/2026\/04\/Screenshot-2026-04-30-102513-aspect-ratio-1400-788.png","keywords":["Africa","Afrika","Afrique","air freight","air freight traffic","avions cargo","capacit\u00e9 de fret","cargo planes","Cargo Tonne-Kilometer","cargo tonne-kilometers","conditions \u00e9conomiques","connectivit\u00e9 des hubs","Deutsch Luftfrachtmarkt","digital transformation","digitale Transformation","economic conditions","effets saisonniers","flux de fret international","Frachtflugzeuge","Frachtkapazit\u00e4t","Frachtleistung","Frachtraten","freight capacity","freight performance","freight rates","fret a\u00e9rien","geopolitical tensions","geopolitische Spannungen","hub connectivity","Hub-Konnektivit\u00e4t","industrie du transport","infrastructure","infrastructure Fran\u00e7ais march\u00e9 de la fret a\u00e9rien","Infrastruktur English air freight market","international freight flows","internationale Frachtstr\u00f6me","jet fuel prices","Kerosinpreise","logistics service providers","Logistikdienstleister","Luftfracht","Luftfrachtverkehr","Middle East","Moyen-Orient","Naher Osten","performance de fret","prestataires de services logistiques","prix du k\u00e9ros\u00e8ne","saisonale Effekte","seasonal effects","tarifs de fret","tensions g\u00e9opolitiques","tonne-kilom\u00e8tre de fret","trafic de fret a\u00e9rien","transformation num\u00e9rique","transport industry","Transportwirtschaft","wirtschaftliche Rahmenbedingungen"],"articleSection":["Africa","Europa","Medio Oriente","Trasporto aereo"],"inLanguage":"it-IT","potentialAction":[{"@type":"CommentAction","name":"Comment","target":["https:\/\/transportjournal.com\/it\/2026\/04\/30\/il-mercato-del-trasporto-aereo-globale-scende-del-48\/#respond"]}]},{"@type":"WebPage","@id":"https:\/\/transportjournal.com\/it\/2026\/04\/30\/il-mercato-del-trasporto-aereo-globale-scende-del-48\/","url":"https:\/\/transportjournal.com\/it\/2026\/04\/30\/il-mercato-del-trasporto-aereo-globale-scende-del-48\/","name":"Il mercato del trasporto aereo globale scende del 4,8% - ITJ | International Transport Journal","isPartOf":{"@id":"https:\/\/transportjournal.com\/it\/#website"},"primaryImageOfPage":{"@id":"https:\/\/transportjournal.com\/it\/2026\/04\/30\/il-mercato-del-trasporto-aereo-globale-scende-del-48\/#primaryimage"},"image":{"@id":"https:\/\/transportjournal.com\/it\/2026\/04\/30\/il-mercato-del-trasporto-aereo-globale-scende-del-48\/#primaryimage"},"thumbnailUrl":"https:\/\/transportjournal.com\/wp-content\/uploads\/sites\/2\/2026\/04\/Screenshot-2026-04-30-102513-aspect-ratio-1400-788.png","datePublished":"2026-04-30T08:13:33+00:00","dateModified":"2026-04-30T08:34:26+00:00","breadcrumb":{"@id":"https:\/\/transportjournal.com\/it\/2026\/04\/30\/il-mercato-del-trasporto-aereo-globale-scende-del-48\/#breadcrumb"},"inLanguage":"it-IT","potentialAction":[{"@type":"ReadAction","target":["https:\/\/transportjournal.com\/it\/2026\/04\/30\/il-mercato-del-trasporto-aereo-globale-scende-del-48\/"]}]},{"@type":"ImageObject","inLanguage":"it-IT","@id":"https:\/\/transportjournal.com\/it\/2026\/04\/30\/il-mercato-del-trasporto-aereo-globale-scende-del-48\/#primaryimage","url":"https:\/\/transportjournal.com\/wp-content\/uploads\/sites\/2\/2026\/04\/Screenshot-2026-04-30-102513-aspect-ratio-1400-788.png","contentUrl":"https:\/\/transportjournal.com\/wp-content\/uploads\/sites\/2\/2026\/04\/Screenshot-2026-04-30-102513-aspect-ratio-1400-788.png","width":405,"height":228},{"@type":"BreadcrumbList","@id":"https:\/\/transportjournal.com\/it\/2026\/04\/30\/il-mercato-del-trasporto-aereo-globale-scende-del-48\/#breadcrumb","itemListElement":[{"@type":"ListItem","position":1,"name":"Startseite","item":"https:\/\/transportjournal.com\/it\/"},{"@type":"ListItem","position":2,"name":"Il mercato del trasporto aereo globale scende del 4,8%"}]},{"@type":"WebSite","@id":"https:\/\/transportjournal.com\/it\/#website","url":"https:\/\/transportjournal.com\/it\/","name":"ITJ | International Transport Journal","description":"Stay informed with the latest global news from the transport, logistics, and supply chain industries. Transport Journal delivers expert insights, analysis, and updates across shipping, aviation, intermodal, and forwarding.","publisher":{"@id":"https:\/\/transportjournal.com\/it\/#organization"},"potentialAction":[{"@type":"SearchAction","target":{"@type":"EntryPoint","urlTemplate":"https:\/\/transportjournal.com\/it\/?s={search_term_string}"},"query-input":{"@type":"PropertyValueSpecification","valueRequired":true,"valueName":"search_term_string"}}],"inLanguage":"it-IT"},{"@type":"Organization","@id":"https:\/\/transportjournal.com\/it\/#organization","name":"Logismedia Group AG","alternateName":"Logismedia Group AG","url":"https:\/\/transportjournal.com\/it\/","logo":{"@type":"ImageObject","inLanguage":"it-IT","@id":"https:\/\/transportjournal.com\/it\/#\/schema\/logo\/image\/","url":"https:\/\/transportjournal.com\/wp-content\/uploads\/sites\/2\/2025\/09\/Logo_ITJ.png","contentUrl":"https:\/\/transportjournal.com\/wp-content\/uploads\/sites\/2\/2025\/09\/Logo_ITJ.png","width":799,"height":326,"caption":"Logismedia Group AG"},"image":{"@id":"https:\/\/transportjournal.com\/it\/#\/schema\/logo\/image\/"},"sameAs":["https:\/\/www.linkedin.com\/company\/56456496\/admin\/dashboard\/","https:\/\/www.instagram.com\/logismediagroup\/","https:\/\/www.youtube.com\/@LogiamediaGroupAG"]},{"@type":"Person","@id":"https:\/\/transportjournal.com\/it\/#\/schema\/person\/cf538b3157f15afd7589245a4b3dbd25","name":"Andreas Haug","url":"https:\/\/transportjournal.com\/it\/author\/andreas\/"}]}},"_links":{"self":[{"href":"https:\/\/transportjournal.com\/it\/wp-json\/wp\/v2\/posts\/87457","targetHints":{"allow":["GET"]}}],"collection":[{"href":"https:\/\/transportjournal.com\/it\/wp-json\/wp\/v2\/posts"}],"about":[{"href":"https:\/\/transportjournal.com\/it\/wp-json\/wp\/v2\/types\/post"}],"author":[{"embeddable":true,"href":"https:\/\/transportjournal.com\/it\/wp-json\/wp\/v2\/users\/12"}],"replies":[{"embeddable":true,"href":"https:\/\/transportjournal.com\/it\/wp-json\/wp\/v2\/comments?post=87457"}],"version-history":[{"count":2,"href":"https:\/\/transportjournal.com\/it\/wp-json\/wp\/v2\/posts\/87457\/revisions"}],"predecessor-version":[{"id":87471,"href":"https:\/\/transportjournal.com\/it\/wp-json\/wp\/v2\/posts\/87457\/revisions\/87471"}],"wp:featuredmedia":[{"embeddable":true,"href":"https:\/\/transportjournal.com\/it\/wp-json\/wp\/v2\/media\/87453"}],"wp:attachment":[{"href":"https:\/\/transportjournal.com\/it\/wp-json\/wp\/v2\/media?parent=87457"}],"wp:term":[{"taxonomy":"category","embeddable":true,"href":"https:\/\/transportjournal.com\/it\/wp-json\/wp\/v2\/categories?post=87457"},{"taxonomy":"post_tag","embeddable":true,"href":"https:\/\/transportjournal.com\/it\/wp-json\/wp\/v2\/tags?post=87457"}],"curies":[{"name":"wp","href":"https:\/\/api.w.org\/{rel}","templated":true}]}}