{"id":87387,"date":"2026-04-29T15:28:43","date_gmt":"2026-04-29T15:28:43","guid":{"rendered":"https:\/\/transportjournal.com\/2026\/04\/29\/arnold-schwerlast-entra-a-far-parte-dellahk-ucraina\/"},"modified":"2026-04-29T15:28:43","modified_gmt":"2026-04-29T15:28:43","slug":"arnold-schwerlast-entra-a-far-parte-dellahk-ucraina","status":"publish","type":"post","link":"https:\/\/transportjournal.com\/it\/2026\/04\/29\/arnold-schwerlast-entra-a-far-parte-dellahk-ucraina\/","title":{"rendered":"Arnold Schwerlast entra a far parte dell&#8217;AHK Ucraina"},"content":{"rendered":"<p>Arnold Schwerlast GmbH di Rimpar vicino a W\u00fcrzburg si \u00e8 unita alla Camera di Commercio e Industria Italo-Ucraina (AHK Ucraina) per prepararsi alla ricostruzione dell&#8217;Ucraina. L&#8217;azienda, specializzata in logistica di progetto e trasporti eccezionali, considera la propria esperienza fondamentale per affrontare le sfide nel trasporto di merci su larga scala, in particolare nelle zone di guerra.<\/p>\n<p>Oliver Arnold (centro), uno dei direttori insieme a Heike Fuchs e Volker Lenzing, sottolinea l&#8217;importanza di una logistica di progetto flessibile e sicura per la ricostruzione dell&#8217;Ucraina. Spiega che la ricostruzione rappresenta una delle pi\u00f9 grandi sfide economiche e infrastrutturali per l&#8217;Europa nei prossimi anni. L&#8217;azienda desidera fungere da partner per investitori, fornitori di energia e committenti pubblici che intendono realizzare progetti in Ucraina.<\/p>\n<h3>Esperienza nell&#8217;Europa orientale<\/h3>\n<p>Arnold Schwerlast porta con s\u00e9 un&#8217;esperienza pluriennale nella pianificazione e realizzazione di trasporti di progetto internazionali nell&#8217;Europa orientale. L&#8217;ambito di attivit\u00e0 comprende analisi di fattibilit\u00e0, gestione delle autorizzazioni, pianificazione delle rotte, sdoganamento e concetti di trasporto multimodale. In Ucraina, saranno particolarmente richieste le consegne per progetti energetici, siti industriali e produttivi, nonch\u00e9 per l&#8217;edilizia. Questi progetti richiedono soluzioni logistiche precise, che l&#8217;azienda implementa con successo da anni.<\/p>\n<p>\u201eSiamo pronti a mettere a disposizione la nostra esperienza, la nostra rete e la nostra forza operativa per supportare in modo efficiente i progetti internazionali in Ucraina\u201c, afferma Oliver Arnold. Sottolinea che la ricostruzione non inizia con la prima gru, ma gi\u00e0 con catene di approvvigionamento funzionanti. Le aziende che costruiscono strutture logistiche solide in anticipo possono garantirsi vantaggi decisivi.<\/p>\n<h3>Appartenenza all&#8217;AHK Ucraina<\/h3>\n<p>L&#8217;appartenenza alla Camera di Commercio e Industria Italo-Ucraina consente ad Arnold Schwerlast di sviluppare una comprensione approfondita delle condizioni economiche e delle consuetudini in Ucraina. L&#8217;AHK Ucraina, fondata nel 2016 a Kiev, supporta le aziende nel commercio internazionale e conta attualmente 62 membri premium, tra cui nomi noti come BMW e Siemens.<\/p>\n<p>La decisione di aderire all&#8217;AHK \u00e8 stata presa durante l&#8217;8\u00b0 Forum Economico Italo-Ucraino a Berlino, dove erano presenti alti rappresentanti governativi di entrambi i paesi. Oliver Arnold riferisce che l&#8217;azienda \u00e8 stata contattata da Volodymyr Kravets, project manager dell&#8217;AHK, per supportare il suo lavoro nei settori dei trasporti e della logistica.<\/p>\n<p>Arnold vede nell&#8217;appartenenza vantaggi come il branding nello spazio economico italo-ucraino e l&#8217;accesso diretto ai decisori. Il co-amministratore delegato Volker Lenzing sar\u00e0 responsabile della gestione dell&#8217;impegno dell&#8217;azienda in Ucraina.<\/p>\n<p>Tuttavia, lo sviluppo futuro dell&#8217;azienda dipende fortemente dalla situazione in Ucraina e dalla misura in cui il paese sar\u00e0 in grado di accettare il supporto dalla Germania dopo la guerra.<\/p>\n<p>&nbsp;<\/p>\n<p><a href=\"https:\/\/www.arnold-schwerlast.de\/\" target=\"_blank\" rel=\"noopener noreferrer\">www.arnold-schwerlast.de<\/a><\/p>\n<p>&nbsp;<\/p>\n","protected":false},"excerpt":{"rendered":"<p>Arnold Schwerlast GmbH si \u00e8 unita all&#8217;AHK Ucraina per contribuire con la propria esperienza nel trasporto di progetti per la ricostruzione dell&#8217;Ucraina.<\/p>\n","protected":false},"author":12,"featured_media":87383,"comment_status":"open","ping_status":"","sticky":false,"template":"","format":"standard","meta":{"_acf_changed":false,"footnotes":""},"categories":[9092,1638,1627,1629],"tags":[43679,43680,43681,43682,12662,43683,43684,4557,4753,4754,43685,43686,43687,7478,7480,43688,43689,43690,43691,43692,2125,43693,43694,43695,43696,12674,2133,1831,10929,43697,43698,43699,43700,43701,43702,14634,2148,10935,1991,43703,4583,7496,43704,14636,14924,12681,43705,43706,2155,1837,43707,43708,1850],"class_list":["post-87387","post","type-post","status-publish","format-standard","has-post-thumbnail","hentry","category-deutschland","category-europa","category-persone-e-aziende","category-spedizioni-e-logistica","tag-adhesion-ahk","tag-ahk-membership-francais-transport-lourd","tag-ahk-ukraine","tag-arnold-schwerlast-gmbh","tag-chaines-dapprovisionnement","tag-concepts-de-transport-multimodal","tag-conditions-economiques-ukraine","tag-construction-projects","tag-customs-clearance","tag-dedouanement","tag-deutsch-schwerlast","tag-eastern-europe-logistics","tag-economic-conditions-ukraine","tag-energieprojekte","tag-energy-projects","tag-genehmigungsmanagement","tag-gestion-des-autorisations","tag-goods-transport-war-zones","tag-guetertransport-kriegsgebiete","tag-hochbau-projekte","tag-industrie-du-transport","tag-infrastructure-projects-ukraine","tag-infrastrukturprojekte-ukraine","tag-international-project-transport","tag-internationale-projekttransporte","tag-lieferketten","tag-logistics-service-providers","tag-logistikdienstleister","tag-logistique-de-projet","tag-logistique-en-europe-de-lest","tag-mitgliedschaft-ahk-english-heavy-transport","tag-multimodal-transport-concepts","tag-multimodale-transportkonzepte","tag-osteuropa-logistik","tag-permit-management","tag-planification-des-itineraires","tag-prestataires-de-services-logistiques","tag-project-logistics","tag-projektlogistik","tag-projets-dinfrastructure-ukraine","tag-projets-de-construction","tag-projets-energetiques","tag-reconstruction-ukraine","tag-route-planning","tag-routenplanung","tag-supply-chains","tag-transport-de-marchandises-zones-de-guerre","tag-transport-de-projet-international","tag-transport-industry","tag-transportwirtschaft","tag-wiederaufbau-ukraine","tag-wirtschaftliche-rahmenbedingungen-ukraine","tag-zollabwicklung"],"acf":[],"yoast_head":"<!-- This site is optimized with the Yoast SEO plugin v27.3 - https:\/\/yoast.com\/product\/yoast-seo-wordpress\/ -->\n<title>Arnold Schwerlast entra a far parte dell&#8217;AHK Ucraina - ITJ | International Transport Journal<\/title>\n<meta name=\"robots\" content=\"index, follow, max-snippet:-1, max-image-preview:large, max-video-preview:-1\" \/>\n<link rel=\"canonical\" href=\"https:\/\/transportjournal.com\/it\/2026\/04\/29\/arnold-schwerlast-entra-a-far-parte-dellahk-ucraina\/\" \/>\n<meta property=\"og:locale\" content=\"it_IT\" \/>\n<meta property=\"og:type\" content=\"article\" \/>\n<meta property=\"og:title\" content=\"Arnold Schwerlast entra a far parte dell&#8217;AHK Ucraina - ITJ | International Transport Journal\" \/>\n<meta property=\"og:description\" content=\"Arnold Schwerlast GmbH si \u00e8 unita all&#039;AHK Ucraina per contribuire con la propria esperienza nel trasporto di progetti per la ricostruzione dell&#039;Ucraina.\" \/>\n<meta property=\"og:url\" content=\"https:\/\/transportjournal.com\/it\/2026\/04\/29\/arnold-schwerlast-entra-a-far-parte-dellahk-ucraina\/\" \/>\n<meta property=\"og:site_name\" content=\"ITJ | International Transport Journal\" \/>\n<meta property=\"article:published_time\" content=\"2026-04-29T15:28:43+00:00\" \/>\n<meta property=\"og:image\" content=\"https:\/\/transportjournal.com\/wp-content\/uploads\/sites\/2\/2026\/04\/Arnold-Schwerlast-Foto-GF-2026-4-Sara-Mergler-scaled-aspect-ratio-1400-788-scaled-1.jpg\" \/>\n\t<meta property=\"og:image:width\" content=\"2560\" \/>\n\t<meta property=\"og:image:height\" content=\"1441\" \/>\n\t<meta property=\"og:image:type\" content=\"image\/jpeg\" \/>\n<meta name=\"author\" content=\"Andreas Haug\" \/>\n<meta name=\"twitter:card\" content=\"summary_large_image\" \/>\n<meta name=\"twitter:label1\" content=\"Scritto da\" \/>\n\t<meta name=\"twitter:data1\" content=\"Andreas Haug\" \/>\n\t<meta name=\"twitter:label2\" content=\"Tempo di lettura stimato\" \/>\n\t<meta name=\"twitter:data2\" content=\"2 minuto\" \/>\n<script type=\"application\/ld+json\" class=\"yoast-schema-graph\">{\"@context\":\"https:\\\/\\\/schema.org\",\"@graph\":[{\"@type\":\"Article\",\"@id\":\"https:\\\/\\\/transportjournal.com\\\/it\\\/2026\\\/04\\\/29\\\/arnold-schwerlast-entra-a-far-parte-dellahk-ucraina\\\/#article\",\"isPartOf\":{\"@id\":\"https:\\\/\\\/transportjournal.com\\\/it\\\/2026\\\/04\\\/29\\\/arnold-schwerlast-entra-a-far-parte-dellahk-ucraina\\\/\"},\"author\":{\"name\":\"Andreas Haug\",\"@id\":\"https:\\\/\\\/transportjournal.com\\\/it\\\/#\\\/schema\\\/person\\\/cf538b3157f15afd7589245a4b3dbd25\"},\"headline\":\"Arnold Schwerlast entra a far parte dell&#8217;AHK Ucraina\",\"datePublished\":\"2026-04-29T15:28:43+00:00\",\"mainEntityOfPage\":{\"@id\":\"https:\\\/\\\/transportjournal.com\\\/it\\\/2026\\\/04\\\/29\\\/arnold-schwerlast-entra-a-far-parte-dellahk-ucraina\\\/\"},\"wordCount\":448,\"commentCount\":0,\"publisher\":{\"@id\":\"https:\\\/\\\/transportjournal.com\\\/it\\\/#organization\"},\"image\":{\"@id\":\"https:\\\/\\\/transportjournal.com\\\/it\\\/2026\\\/04\\\/29\\\/arnold-schwerlast-entra-a-far-parte-dellahk-ucraina\\\/#primaryimage\"},\"thumbnailUrl\":\"https:\\\/\\\/transportjournal.com\\\/wp-content\\\/uploads\\\/sites\\\/2\\\/2026\\\/04\\\/Arnold-Schwerlast-Foto-GF-2026-4-Sara-Mergler-scaled-aspect-ratio-1400-788-scaled-1.jpg\",\"keywords\":[\"adh\u00e9sion AHK\",\"AHK membership Fran\u00e7ais transport lourd\",\"AHK Ukraine\",\"Arnold Schwerlast GmbH\",\"cha\u00eenes d'approvisionnement\",\"concepts de transport multimodal\",\"conditions \u00e9conomiques Ukraine\",\"construction projects\",\"customs clearance\",\"d\u00e9douanement\",\"Deutsch Schwerlast\",\"Eastern Europe logistics\",\"economic conditions Ukraine\",\"Energieprojekte\",\"energy projects\",\"Genehmigungsmanagement\",\"gestion des autorisations\",\"goods transport war zones\",\"G\u00fctertransport Kriegsgebiete\",\"Hochbau Projekte\",\"industrie du transport\",\"infrastructure projects Ukraine\",\"Infrastrukturprojekte Ukraine\",\"international project transport\",\"internationale Projekttransporte\",\"Lieferketten\",\"logistics service providers\",\"Logistikdienstleister\",\"logistique de projet\",\"logistique en Europe de l'Est\",\"Mitgliedschaft AHK English heavy transport\",\"multimodal transport concepts\",\"multimodale Transportkonzepte\",\"Osteuropa Logistik\",\"permit management\",\"planification des itin\u00e9raires\",\"prestataires de services logistiques\",\"project logistics\",\"Projektlogistik\",\"projets d'infrastructure Ukraine\",\"projets de construction\",\"projets \u00e9nerg\u00e9tiques\",\"reconstruction Ukraine\",\"route planning\",\"Routenplanung\",\"supply chains\",\"transport de marchandises zones de guerre\",\"transport de projet international\",\"transport industry\",\"Transportwirtschaft\",\"Wiederaufbau Ukraine\",\"wirtschaftliche Rahmenbedingungen Ukraine\",\"Zollabwicklung\"],\"articleSection\":[\"Deutschland\",\"Europa\",\"Persone e aziende\",\"Spedizioniere e Logistica\"],\"inLanguage\":\"it-IT\",\"potentialAction\":[{\"@type\":\"CommentAction\",\"name\":\"Comment\",\"target\":[\"https:\\\/\\\/transportjournal.com\\\/it\\\/2026\\\/04\\\/29\\\/arnold-schwerlast-entra-a-far-parte-dellahk-ucraina\\\/#respond\"]}]},{\"@type\":\"WebPage\",\"@id\":\"https:\\\/\\\/transportjournal.com\\\/it\\\/2026\\\/04\\\/29\\\/arnold-schwerlast-entra-a-far-parte-dellahk-ucraina\\\/\",\"url\":\"https:\\\/\\\/transportjournal.com\\\/it\\\/2026\\\/04\\\/29\\\/arnold-schwerlast-entra-a-far-parte-dellahk-ucraina\\\/\",\"name\":\"Arnold Schwerlast entra a far parte dell&#8217;AHK Ucraina - ITJ | International Transport Journal\",\"isPartOf\":{\"@id\":\"https:\\\/\\\/transportjournal.com\\\/it\\\/#website\"},\"primaryImageOfPage\":{\"@id\":\"https:\\\/\\\/transportjournal.com\\\/it\\\/2026\\\/04\\\/29\\\/arnold-schwerlast-entra-a-far-parte-dellahk-ucraina\\\/#primaryimage\"},\"image\":{\"@id\":\"https:\\\/\\\/transportjournal.com\\\/it\\\/2026\\\/04\\\/29\\\/arnold-schwerlast-entra-a-far-parte-dellahk-ucraina\\\/#primaryimage\"},\"thumbnailUrl\":\"https:\\\/\\\/transportjournal.com\\\/wp-content\\\/uploads\\\/sites\\\/2\\\/2026\\\/04\\\/Arnold-Schwerlast-Foto-GF-2026-4-Sara-Mergler-scaled-aspect-ratio-1400-788-scaled-1.jpg\",\"datePublished\":\"2026-04-29T15:28:43+00:00\",\"breadcrumb\":{\"@id\":\"https:\\\/\\\/transportjournal.com\\\/it\\\/2026\\\/04\\\/29\\\/arnold-schwerlast-entra-a-far-parte-dellahk-ucraina\\\/#breadcrumb\"},\"inLanguage\":\"it-IT\",\"potentialAction\":[{\"@type\":\"ReadAction\",\"target\":[\"https:\\\/\\\/transportjournal.com\\\/it\\\/2026\\\/04\\\/29\\\/arnold-schwerlast-entra-a-far-parte-dellahk-ucraina\\\/\"]}]},{\"@type\":\"ImageObject\",\"inLanguage\":\"it-IT\",\"@id\":\"https:\\\/\\\/transportjournal.com\\\/it\\\/2026\\\/04\\\/29\\\/arnold-schwerlast-entra-a-far-parte-dellahk-ucraina\\\/#primaryimage\",\"url\":\"https:\\\/\\\/transportjournal.com\\\/wp-content\\\/uploads\\\/sites\\\/2\\\/2026\\\/04\\\/Arnold-Schwerlast-Foto-GF-2026-4-Sara-Mergler-scaled-aspect-ratio-1400-788-scaled-1.jpg\",\"contentUrl\":\"https:\\\/\\\/transportjournal.com\\\/wp-content\\\/uploads\\\/sites\\\/2\\\/2026\\\/04\\\/Arnold-Schwerlast-Foto-GF-2026-4-Sara-Mergler-scaled-aspect-ratio-1400-788-scaled-1.jpg\",\"width\":2560,\"height\":1441},{\"@type\":\"BreadcrumbList\",\"@id\":\"https:\\\/\\\/transportjournal.com\\\/it\\\/2026\\\/04\\\/29\\\/arnold-schwerlast-entra-a-far-parte-dellahk-ucraina\\\/#breadcrumb\",\"itemListElement\":[{\"@type\":\"ListItem\",\"position\":1,\"name\":\"Startseite\",\"item\":\"https:\\\/\\\/transportjournal.com\\\/it\\\/\"},{\"@type\":\"ListItem\",\"position\":2,\"name\":\"Arnold Schwerlast entra a far parte dell&#8217;AHK Ucraina\"}]},{\"@type\":\"WebSite\",\"@id\":\"https:\\\/\\\/transportjournal.com\\\/it\\\/#website\",\"url\":\"https:\\\/\\\/transportjournal.com\\\/it\\\/\",\"name\":\"ITJ | International Transport Journal\",\"description\":\"Stay informed with the latest global news from the transport, logistics, and supply chain industries. Transport Journal delivers expert insights, analysis, and updates across shipping, aviation, intermodal, and forwarding.\",\"publisher\":{\"@id\":\"https:\\\/\\\/transportjournal.com\\\/it\\\/#organization\"},\"potentialAction\":[{\"@type\":\"SearchAction\",\"target\":{\"@type\":\"EntryPoint\",\"urlTemplate\":\"https:\\\/\\\/transportjournal.com\\\/it\\\/?s={search_term_string}\"},\"query-input\":{\"@type\":\"PropertyValueSpecification\",\"valueRequired\":true,\"valueName\":\"search_term_string\"}}],\"inLanguage\":\"it-IT\"},{\"@type\":\"Organization\",\"@id\":\"https:\\\/\\\/transportjournal.com\\\/it\\\/#organization\",\"name\":\"Logismedia Group AG\",\"alternateName\":\"Logismedia Group AG\",\"url\":\"https:\\\/\\\/transportjournal.com\\\/it\\\/\",\"logo\":{\"@type\":\"ImageObject\",\"inLanguage\":\"it-IT\",\"@id\":\"https:\\\/\\\/transportjournal.com\\\/it\\\/#\\\/schema\\\/logo\\\/image\\\/\",\"url\":\"https:\\\/\\\/transportjournal.com\\\/wp-content\\\/uploads\\\/sites\\\/2\\\/2025\\\/09\\\/Logo_ITJ.png\",\"contentUrl\":\"https:\\\/\\\/transportjournal.com\\\/wp-content\\\/uploads\\\/sites\\\/2\\\/2025\\\/09\\\/Logo_ITJ.png\",\"width\":799,\"height\":326,\"caption\":\"Logismedia Group AG\"},\"image\":{\"@id\":\"https:\\\/\\\/transportjournal.com\\\/it\\\/#\\\/schema\\\/logo\\\/image\\\/\"},\"sameAs\":[\"https:\\\/\\\/www.linkedin.com\\\/company\\\/56456496\\\/admin\\\/dashboard\\\/\",\"https:\\\/\\\/www.instagram.com\\\/logismediagroup\\\/\",\"https:\\\/\\\/www.youtube.com\\\/@LogiamediaGroupAG\"]},{\"@type\":\"Person\",\"@id\":\"https:\\\/\\\/transportjournal.com\\\/it\\\/#\\\/schema\\\/person\\\/cf538b3157f15afd7589245a4b3dbd25\",\"name\":\"Andreas Haug\",\"url\":\"https:\\\/\\\/transportjournal.com\\\/it\\\/author\\\/andreas\\\/\"}]}<\/script>\n<!-- \/ Yoast SEO plugin. -->","yoast_head_json":{"title":"Arnold Schwerlast entra a far parte dell&#8217;AHK Ucraina - ITJ | International Transport Journal","robots":{"index":"index","follow":"follow","max-snippet":"max-snippet:-1","max-image-preview":"max-image-preview:large","max-video-preview":"max-video-preview:-1"},"canonical":"https:\/\/transportjournal.com\/it\/2026\/04\/29\/arnold-schwerlast-entra-a-far-parte-dellahk-ucraina\/","og_locale":"it_IT","og_type":"article","og_title":"Arnold Schwerlast entra a far parte dell&#8217;AHK Ucraina - ITJ | International Transport Journal","og_description":"Arnold Schwerlast GmbH si \u00e8 unita all'AHK Ucraina per contribuire con la propria esperienza nel trasporto di progetti per la ricostruzione dell'Ucraina.","og_url":"https:\/\/transportjournal.com\/it\/2026\/04\/29\/arnold-schwerlast-entra-a-far-parte-dellahk-ucraina\/","og_site_name":"ITJ | International Transport Journal","article_published_time":"2026-04-29T15:28:43+00:00","og_image":[{"width":2560,"height":1441,"url":"https:\/\/transportjournal.com\/wp-content\/uploads\/sites\/2\/2026\/04\/Arnold-Schwerlast-Foto-GF-2026-4-Sara-Mergler-scaled-aspect-ratio-1400-788-scaled-1.jpg","type":"image\/jpeg"}],"author":"Andreas Haug","twitter_card":"summary_large_image","twitter_misc":{"Scritto da":"Andreas Haug","Tempo di lettura stimato":"2 minuto"},"schema":{"@context":"https:\/\/schema.org","@graph":[{"@type":"Article","@id":"https:\/\/transportjournal.com\/it\/2026\/04\/29\/arnold-schwerlast-entra-a-far-parte-dellahk-ucraina\/#article","isPartOf":{"@id":"https:\/\/transportjournal.com\/it\/2026\/04\/29\/arnold-schwerlast-entra-a-far-parte-dellahk-ucraina\/"},"author":{"name":"Andreas Haug","@id":"https:\/\/transportjournal.com\/it\/#\/schema\/person\/cf538b3157f15afd7589245a4b3dbd25"},"headline":"Arnold Schwerlast entra a far parte dell&#8217;AHK Ucraina","datePublished":"2026-04-29T15:28:43+00:00","mainEntityOfPage":{"@id":"https:\/\/transportjournal.com\/it\/2026\/04\/29\/arnold-schwerlast-entra-a-far-parte-dellahk-ucraina\/"},"wordCount":448,"commentCount":0,"publisher":{"@id":"https:\/\/transportjournal.com\/it\/#organization"},"image":{"@id":"https:\/\/transportjournal.com\/it\/2026\/04\/29\/arnold-schwerlast-entra-a-far-parte-dellahk-ucraina\/#primaryimage"},"thumbnailUrl":"https:\/\/transportjournal.com\/wp-content\/uploads\/sites\/2\/2026\/04\/Arnold-Schwerlast-Foto-GF-2026-4-Sara-Mergler-scaled-aspect-ratio-1400-788-scaled-1.jpg","keywords":["adh\u00e9sion AHK","AHK membership Fran\u00e7ais transport lourd","AHK Ukraine","Arnold Schwerlast GmbH","cha\u00eenes d'approvisionnement","concepts de transport multimodal","conditions \u00e9conomiques Ukraine","construction projects","customs clearance","d\u00e9douanement","Deutsch Schwerlast","Eastern Europe logistics","economic conditions Ukraine","Energieprojekte","energy projects","Genehmigungsmanagement","gestion des autorisations","goods transport war zones","G\u00fctertransport Kriegsgebiete","Hochbau Projekte","industrie du transport","infrastructure projects Ukraine","Infrastrukturprojekte Ukraine","international project transport","internationale Projekttransporte","Lieferketten","logistics service providers","Logistikdienstleister","logistique de projet","logistique en Europe de l'Est","Mitgliedschaft AHK English heavy transport","multimodal transport concepts","multimodale Transportkonzepte","Osteuropa Logistik","permit management","planification des itin\u00e9raires","prestataires de services logistiques","project logistics","Projektlogistik","projets d'infrastructure Ukraine","projets de construction","projets \u00e9nerg\u00e9tiques","reconstruction Ukraine","route planning","Routenplanung","supply chains","transport de marchandises zones de guerre","transport de projet international","transport industry","Transportwirtschaft","Wiederaufbau Ukraine","wirtschaftliche Rahmenbedingungen Ukraine","Zollabwicklung"],"articleSection":["Deutschland","Europa","Persone e aziende","Spedizioniere e Logistica"],"inLanguage":"it-IT","potentialAction":[{"@type":"CommentAction","name":"Comment","target":["https:\/\/transportjournal.com\/it\/2026\/04\/29\/arnold-schwerlast-entra-a-far-parte-dellahk-ucraina\/#respond"]}]},{"@type":"WebPage","@id":"https:\/\/transportjournal.com\/it\/2026\/04\/29\/arnold-schwerlast-entra-a-far-parte-dellahk-ucraina\/","url":"https:\/\/transportjournal.com\/it\/2026\/04\/29\/arnold-schwerlast-entra-a-far-parte-dellahk-ucraina\/","name":"Arnold Schwerlast entra a far parte dell&#8217;AHK Ucraina - ITJ | International Transport Journal","isPartOf":{"@id":"https:\/\/transportjournal.com\/it\/#website"},"primaryImageOfPage":{"@id":"https:\/\/transportjournal.com\/it\/2026\/04\/29\/arnold-schwerlast-entra-a-far-parte-dellahk-ucraina\/#primaryimage"},"image":{"@id":"https:\/\/transportjournal.com\/it\/2026\/04\/29\/arnold-schwerlast-entra-a-far-parte-dellahk-ucraina\/#primaryimage"},"thumbnailUrl":"https:\/\/transportjournal.com\/wp-content\/uploads\/sites\/2\/2026\/04\/Arnold-Schwerlast-Foto-GF-2026-4-Sara-Mergler-scaled-aspect-ratio-1400-788-scaled-1.jpg","datePublished":"2026-04-29T15:28:43+00:00","breadcrumb":{"@id":"https:\/\/transportjournal.com\/it\/2026\/04\/29\/arnold-schwerlast-entra-a-far-parte-dellahk-ucraina\/#breadcrumb"},"inLanguage":"it-IT","potentialAction":[{"@type":"ReadAction","target":["https:\/\/transportjournal.com\/it\/2026\/04\/29\/arnold-schwerlast-entra-a-far-parte-dellahk-ucraina\/"]}]},{"@type":"ImageObject","inLanguage":"it-IT","@id":"https:\/\/transportjournal.com\/it\/2026\/04\/29\/arnold-schwerlast-entra-a-far-parte-dellahk-ucraina\/#primaryimage","url":"https:\/\/transportjournal.com\/wp-content\/uploads\/sites\/2\/2026\/04\/Arnold-Schwerlast-Foto-GF-2026-4-Sara-Mergler-scaled-aspect-ratio-1400-788-scaled-1.jpg","contentUrl":"https:\/\/transportjournal.com\/wp-content\/uploads\/sites\/2\/2026\/04\/Arnold-Schwerlast-Foto-GF-2026-4-Sara-Mergler-scaled-aspect-ratio-1400-788-scaled-1.jpg","width":2560,"height":1441},{"@type":"BreadcrumbList","@id":"https:\/\/transportjournal.com\/it\/2026\/04\/29\/arnold-schwerlast-entra-a-far-parte-dellahk-ucraina\/#breadcrumb","itemListElement":[{"@type":"ListItem","position":1,"name":"Startseite","item":"https:\/\/transportjournal.com\/it\/"},{"@type":"ListItem","position":2,"name":"Arnold Schwerlast entra a far parte dell&#8217;AHK Ucraina"}]},{"@type":"WebSite","@id":"https:\/\/transportjournal.com\/it\/#website","url":"https:\/\/transportjournal.com\/it\/","name":"ITJ | International Transport Journal","description":"Stay informed with the latest global news from the transport, logistics, and supply chain industries. Transport Journal delivers expert insights, analysis, and updates across shipping, aviation, intermodal, and forwarding.","publisher":{"@id":"https:\/\/transportjournal.com\/it\/#organization"},"potentialAction":[{"@type":"SearchAction","target":{"@type":"EntryPoint","urlTemplate":"https:\/\/transportjournal.com\/it\/?s={search_term_string}"},"query-input":{"@type":"PropertyValueSpecification","valueRequired":true,"valueName":"search_term_string"}}],"inLanguage":"it-IT"},{"@type":"Organization","@id":"https:\/\/transportjournal.com\/it\/#organization","name":"Logismedia Group AG","alternateName":"Logismedia Group AG","url":"https:\/\/transportjournal.com\/it\/","logo":{"@type":"ImageObject","inLanguage":"it-IT","@id":"https:\/\/transportjournal.com\/it\/#\/schema\/logo\/image\/","url":"https:\/\/transportjournal.com\/wp-content\/uploads\/sites\/2\/2025\/09\/Logo_ITJ.png","contentUrl":"https:\/\/transportjournal.com\/wp-content\/uploads\/sites\/2\/2025\/09\/Logo_ITJ.png","width":799,"height":326,"caption":"Logismedia Group AG"},"image":{"@id":"https:\/\/transportjournal.com\/it\/#\/schema\/logo\/image\/"},"sameAs":["https:\/\/www.linkedin.com\/company\/56456496\/admin\/dashboard\/","https:\/\/www.instagram.com\/logismediagroup\/","https:\/\/www.youtube.com\/@LogiamediaGroupAG"]},{"@type":"Person","@id":"https:\/\/transportjournal.com\/it\/#\/schema\/person\/cf538b3157f15afd7589245a4b3dbd25","name":"Andreas Haug","url":"https:\/\/transportjournal.com\/it\/author\/andreas\/"}]}},"_links":{"self":[{"href":"https:\/\/transportjournal.com\/it\/wp-json\/wp\/v2\/posts\/87387","targetHints":{"allow":["GET"]}}],"collection":[{"href":"https:\/\/transportjournal.com\/it\/wp-json\/wp\/v2\/posts"}],"about":[{"href":"https:\/\/transportjournal.com\/it\/wp-json\/wp\/v2\/types\/post"}],"author":[{"embeddable":true,"href":"https:\/\/transportjournal.com\/it\/wp-json\/wp\/v2\/users\/12"}],"replies":[{"embeddable":true,"href":"https:\/\/transportjournal.com\/it\/wp-json\/wp\/v2\/comments?post=87387"}],"version-history":[{"count":0,"href":"https:\/\/transportjournal.com\/it\/wp-json\/wp\/v2\/posts\/87387\/revisions"}],"wp:featuredmedia":[{"embeddable":true,"href":"https:\/\/transportjournal.com\/it\/wp-json\/wp\/v2\/media\/87383"}],"wp:attachment":[{"href":"https:\/\/transportjournal.com\/it\/wp-json\/wp\/v2\/media?parent=87387"}],"wp:term":[{"taxonomy":"category","embeddable":true,"href":"https:\/\/transportjournal.com\/it\/wp-json\/wp\/v2\/categories?post=87387"},{"taxonomy":"post_tag","embeddable":true,"href":"https:\/\/transportjournal.com\/it\/wp-json\/wp\/v2\/tags?post=87387"}],"curies":[{"name":"wp","href":"https:\/\/api.w.org\/{rel}","templated":true}]}}