{"id":86992,"date":"2026-04-28T10:02:02","date_gmt":"2026-04-28T10:02:02","guid":{"rendered":"https:\/\/transportjournal.com\/2026\/04\/28\/id-logistics-apre-un-nuovo-centro-logistico\/"},"modified":"2026-04-28T10:02:02","modified_gmt":"2026-04-28T10:02:02","slug":"id-logistics-apre-un-nuovo-centro-logistico","status":"publish","type":"post","link":"https:\/\/transportjournal.com\/it\/2026\/04\/28\/id-logistics-apre-un-nuovo-centro-logistico\/","title":{"rendered":"ID Logistics apre un nuovo centro logistico"},"content":{"rendered":"<p>Per il settore della logistica contrattuale si delinea una tendenza verso volumi e strutture pi\u00f9 grandi nel commercio online. In questo contesto, ID Logistics Germany ha annunciato un importante contratto con un cliente leader nell&#8217;e-commerce. Il contratto a lungo termine prevede il funzionamento di un centro logistico centrale con una superficie di 72.800 m\u00b2 nell&#8217;area di Aachen, dedicato esclusivamente alla fornitura di centri di fulfillment e distribuzione.<\/p>\n<h3>Avvio in pi\u00f9 fasi<\/h3>\n<p>L&#8217;avvio della propriet\u00e0 esistente \u00e8 previsto per il terzo trimestre di quest&#8217;anno e avverr\u00e0 gradualmente in quattro fasi. A partire dal secondo trimestre del 2027, il centro logistico dovrebbe essere operativo con circa 300 dipendenti. In punta di massima, verranno movimentati fino a 50.000 pacchi al giorno, sia in entrata che in uscita.<\/p>\n<p>Robin Otto, CEO di ID Logistics Germany, spiega l&#8217;importanza del progetto: \u201eL&#8217;ampiezza del centro logistico \u00e8 eccezionale per il segmento e-commerce e si collega al nostro rapido sviluppo della crescita nell&#8217;anno passato. Con questo investimento dimostriamo anche come i concetti logistici sostenibili possano essere realizzati in propriet\u00e0 esistenti. In questo modo garantiamo un&#8217;operativit\u00e0 duratura e creiamo nuovi posti di lavoro in un settore in espansione.\u201c<\/p>\n<p>Per il concetto di intralogistica, ID Logistics Germany ha stanziato un budget di 15 milioni di EUR. Questo servir\u00e0 a creare condizioni ottimali per la gestione precisa di milioni di pacchi nel magazzino a scaffale alto con un&#8217;altezza di 11,5 m e 55 rampe di carico. \u00c8 prevista l&#8217;acquisizione di magazzini a corsia stretta, nonch\u00e9 di carrelli elevatori su misura e tecnologia di trasporto complementare.<\/p>\n<h3>Professionisti e posti di lavoro nella regione<\/h3>\n<p>Un ulteriore criterio di selezione per la sede \u00e8 stato il buon accesso a personale qualificato in una regione densamente popolata. Nei prossimi mesi, ID Logistics creer\u00e0 circa 300 posti di lavoro, che comprenderanno diverse funzioni nei settori IT, Operations (come conducenti di carrelli elevatori e picking) e posizioni di personale e management (team e supervisione).<\/p>\n<p>Tim Kr\u00e4mer, sindaco della citt\u00e0 di Alsdorf, accoglie l&#8217;insediamento di ID Logistics: \u201eAccogliamo calorosamente il fornitore di servizi logistici innovativo e in crescita. L&#8217;azienda porta la sua esperienza logistica nella nostra regione e garantisce nuovi posti di lavoro in un settore orientato al futuro. Questo rafforza il nostro spazio economico in un segmento ad alto valore aggiunto, caratterizzato da un elevato fabbisogno di personale e dall&#8217;uso di tecnologie moderne.\u201c<\/p>\n<p>Il locatore del centro logistico \u00e8 Logicor, un proprietario, gestore e sviluppatore di immobili logistici europei. Janica Gerecke, Managing Director e Head of Germany di Logicor, esprime un parere positivo sulla collaborazione: \u201eCon ID Logistics otteniamo un inquilino che sfrutta appieno le qualit\u00e0 strategiche della sede. Non vediamo l&#8217;ora di una partnership a lungo termine e siamo orgogliosi di creare con questo oggetto le basi per la crescita e nuovi posti di lavoro nella regione.\u201c<\/p>\n<p>Geograficamente, ID Logistics Germany con la nuova sede si espande nella regione del triangolo dei tre confini Germania\u2013Belgio\u2013Paesi Bassi per la sua logistica contrattuale. Questo integra la forte presenza nella regione della Ruhr e offre condizioni ideali per le catene di approvvigionamento internazionali.<\/p>\n<p>Il nuovo centro logistico fa parte della strategia di ID Logistics di gestire sempre pi\u00f9 grandi immobili per la supply chain dell&#8217;e-commerce, che richiedono un elevato fabbisogno di personale e un forte utilizzo della tecnologia. Questo \u00e8 supportato da due progetti del 2025: nel parco logistico Diemelstadt in Nordhessen, l&#8217;azienda ha avviato un centro di fulfillment di 68.000 m\u00b2, mentre nel Mittelweser Park nell&#8217;area di Hannover le capacit\u00e0 e-commerce sono state ampliate a 77.000 m\u00b2.<\/p>\n","protected":false},"excerpt":{"rendered":"<p>ID Logistics Germany ha firmato un contratto a lungo termine per un centro logistico di 72.800 m\u00b2 nella regione di Aquisgrana per soddisfare la domanda dell&#8217;e-commerce.<\/p>\n","protected":false},"author":7,"featured_media":86988,"comment_status":"open","ping_status":"","sticky":false,"template":"","format":"standard","meta":{"_acf_changed":false,"footnotes":""},"categories":[9092,1629],"tags":[42853,27917,42854,42855,42856,10067,2115,2116,5090,5091,42857,22235,2122,27923,42858,2123,22237,15474,4570,12828,24530,42859,2373,42860,42861,30857,4571,42862,2133,42863,2379,42864,1831,3371,22439,42865,42866,2382,42867,42868,5108,13919,42869,42870,42871,42872,3157,42873,2145,2148,42874,42875,12840,42876,2106,42877,2397],"class_list":["post-86992","post","type-post","status-publish","format-standard","has-post-thumbnail","hentry","category-deutschland","category-spedizioni-e-logistica","tag-betriebsablaeufe-in-der-logistik","tag-centre-de-fulfillment","tag-centre-logistique-aix-la-chapelle","tag-concepts-logistiques-durables","tag-contract-logistics-germany","tag-deutsch-id-logistics","tag-digitalisierung-in-der-logistik","tag-digitalization-in-logistics","tag-e-commerce-logistics","tag-e-commerce-logistik","tag-emplois-logistiques-aix-la-chapelle","tag-entrepot-a-grande-hauteur","tag-fachkraeftemangel-logistik","tag-fulfillment-center","tag-fulfillment-zentrum","tag-gestion-de-la-chaine-dapprovisionnement","tag-high-bay-warehouse","tag-hochregallager","tag-immobilier-logistique","tag-intralogistics-solutions","tag-intralogistik-loesungen","tag-kontraktlogistik-deutschland","tag-labor-shortage-logistics","tag-logistics-center-aachen","tag-logistics-jobs-aachen","tag-logistics-market-germany","tag-logistics-real-estate","tag-logistics-region-tri-border-area","tag-logistics-service-providers","tag-logistics-strategy-e-commerce-francais-id-logistics","tag-logistics-technology","tag-logistik-jobs-aachen","tag-logistikdienstleister","tag-logistikimmobilien","tag-logistikmarkt-deutschland","tag-logistikregion-dreilaendereck","tag-logistikstrategie-e-commerce-english-id-logistics","tag-logistiktechnologie","tag-logistikzentrum-aachen","tag-logistique-contractuelle-allemagne","tag-logistique-e-commerce","tag-marche-logistique-allemagne","tag-nachhaltige-logistikkonzepte","tag-neue-arbeitsplaetze-logistik","tag-new-jobs-logistics","tag-nouveaux-emplois-logistique","tag-numerisation-dans-la-logistique","tag-operational-processes-in-logistics","tag-penurie-de-main-doeuvre-logistique","tag-prestataires-de-services-logistiques","tag-processus-operationnels-en-logistique","tag-region-logistique-triangle-des-frontieres","tag-solutions-dintralogistique","tag-strategie-logistique-e-commerce","tag-supply-chain-management","tag-sustainable-logistics-concepts","tag-technologie-logistique"],"acf":[],"yoast_head":"<!-- This site is optimized with the Yoast SEO plugin v27.3 - https:\/\/yoast.com\/product\/yoast-seo-wordpress\/ -->\n<title>ID Logistics apre un nuovo centro logistico - ITJ | International Transport Journal<\/title>\n<meta name=\"robots\" content=\"index, follow, max-snippet:-1, max-image-preview:large, max-video-preview:-1\" \/>\n<link rel=\"canonical\" href=\"https:\/\/transportjournal.com\/it\/2026\/04\/28\/id-logistics-apre-un-nuovo-centro-logistico\/\" \/>\n<meta property=\"og:locale\" content=\"it_IT\" \/>\n<meta property=\"og:type\" content=\"article\" \/>\n<meta property=\"og:title\" content=\"ID Logistics apre un nuovo centro logistico - ITJ | International Transport Journal\" \/>\n<meta property=\"og:description\" content=\"ID Logistics Germany ha firmato un contratto a lungo termine per un centro logistico di 72.800 m\u00b2 nella regione di Aquisgrana per soddisfare la domanda dell&#039;e-commerce.\" \/>\n<meta property=\"og:url\" content=\"https:\/\/transportjournal.com\/it\/2026\/04\/28\/id-logistics-apre-un-nuovo-centro-logistico\/\" \/>\n<meta property=\"og:site_name\" content=\"ITJ | International Transport Journal\" \/>\n<meta property=\"article:published_time\" content=\"2026-04-28T10:02:02+00:00\" \/>\n<meta property=\"og:image\" content=\"https:\/\/transportjournal.com\/wp-content\/uploads\/sites\/2\/2026\/04\/DSC1471-1-scaled-1-aspect-ratio-1400-788.jpg\" \/>\n\t<meta property=\"og:image:width\" content=\"2560\" \/>\n\t<meta property=\"og:image:height\" content=\"1441\" \/>\n\t<meta property=\"og:image:type\" content=\"image\/jpeg\" \/>\n<meta name=\"author\" content=\"Andreas M\u00fcller\" \/>\n<meta name=\"twitter:card\" content=\"summary_large_image\" \/>\n<meta name=\"twitter:label1\" content=\"Scritto da\" \/>\n\t<meta name=\"twitter:data1\" content=\"Andreas M\u00fcller\" \/>\n\t<meta name=\"twitter:label2\" content=\"Tempo di lettura stimato\" \/>\n\t<meta name=\"twitter:data2\" content=\"3 minuto\" \/>\n<script type=\"application\/ld+json\" class=\"yoast-schema-graph\">{\"@context\":\"https:\\\/\\\/schema.org\",\"@graph\":[{\"@type\":\"Article\",\"@id\":\"https:\\\/\\\/transportjournal.com\\\/it\\\/2026\\\/04\\\/28\\\/id-logistics-apre-un-nuovo-centro-logistico\\\/#article\",\"isPartOf\":{\"@id\":\"https:\\\/\\\/transportjournal.com\\\/it\\\/2026\\\/04\\\/28\\\/id-logistics-apre-un-nuovo-centro-logistico\\\/\"},\"author\":{\"name\":\"Andreas M\u00fcller\",\"@id\":\"https:\\\/\\\/transportjournal.com\\\/it\\\/#\\\/schema\\\/person\\\/7b1593b33567ba798d300c8a1b0b85b1\"},\"headline\":\"ID Logistics apre un nuovo centro logistico\",\"datePublished\":\"2026-04-28T10:02:02+00:00\",\"mainEntityOfPage\":{\"@id\":\"https:\\\/\\\/transportjournal.com\\\/it\\\/2026\\\/04\\\/28\\\/id-logistics-apre-un-nuovo-centro-logistico\\\/\"},\"wordCount\":589,\"commentCount\":0,\"publisher\":{\"@id\":\"https:\\\/\\\/transportjournal.com\\\/it\\\/#organization\"},\"image\":{\"@id\":\"https:\\\/\\\/transportjournal.com\\\/it\\\/2026\\\/04\\\/28\\\/id-logistics-apre-un-nuovo-centro-logistico\\\/#primaryimage\"},\"thumbnailUrl\":\"https:\\\/\\\/transportjournal.com\\\/wp-content\\\/uploads\\\/sites\\\/2\\\/2026\\\/04\\\/DSC1471-1-scaled-1-aspect-ratio-1400-788.jpg\",\"keywords\":[\"Betriebsabl\u00e4ufe in der Logistik\",\"centre de fulfillment\",\"centre logistique Aix-la-Chapelle\",\"concepts logistiques durables\",\"contract logistics Germany\",\"Deutsch ID Logistics\",\"Digitalisierung in der Logistik\",\"digitalization in logistics\",\"e-commerce logistics\",\"E-Commerce Logistik\",\"emplois logistiques Aix-la-Chapelle\",\"entrep\u00f4t \u00e0 grande hauteur\",\"Fachkr\u00e4ftemangel Logistik\",\"Fulfillment Center\",\"Fulfillment-Zentrum\",\"gestion de la cha\u00eene d'approvisionnement\",\"high-bay warehouse\",\"Hochregallager\",\"immobilier logistique\",\"intralogistics solutions\",\"Intralogistik L\u00f6sungen\",\"Kontraktlogistik Deutschland\",\"labor shortage logistics\",\"logistics center Aachen\",\"logistics jobs Aachen\",\"logistics market Germany\",\"logistics real estate\",\"logistics region tri-border area\",\"logistics service providers\",\"logistics strategy e-commerce Fran\u00e7ais ID Logistics\",\"logistics technology\",\"Logistik Jobs Aachen\",\"Logistikdienstleister\",\"Logistikimmobilien\",\"Logistikmarkt Deutschland\",\"Logistikregion Dreil\u00e4ndereck\",\"Logistikstrategie E-Commerce English ID Logistics\",\"Logistiktechnologie\",\"Logistikzentrum Aachen\",\"logistique contractuelle Allemagne\",\"logistique e-commerce\",\"march\u00e9 logistique Allemagne\",\"nachhaltige Logistikkonzepte\",\"neue Arbeitspl\u00e4tze Logistik\",\"new jobs logistics\",\"nouveaux emplois logistique\",\"num\u00e9risation dans la logistique\",\"operational processes in logistics\",\"p\u00e9nurie de main-d'\u0153uvre logistique\",\"prestataires de services logistiques\",\"processus op\u00e9rationnels en logistique\",\"r\u00e9gion logistique triangle des fronti\u00e8res\",\"solutions d'intralogistique\",\"strat\u00e9gie logistique e-commerce\",\"Supply Chain Management\",\"sustainable logistics concepts\",\"technologie logistique\"],\"articleSection\":[\"Deutschland\",\"Spedizioniere e Logistica\"],\"inLanguage\":\"it-IT\",\"potentialAction\":[{\"@type\":\"CommentAction\",\"name\":\"Comment\",\"target\":[\"https:\\\/\\\/transportjournal.com\\\/it\\\/2026\\\/04\\\/28\\\/id-logistics-apre-un-nuovo-centro-logistico\\\/#respond\"]}]},{\"@type\":\"WebPage\",\"@id\":\"https:\\\/\\\/transportjournal.com\\\/it\\\/2026\\\/04\\\/28\\\/id-logistics-apre-un-nuovo-centro-logistico\\\/\",\"url\":\"https:\\\/\\\/transportjournal.com\\\/it\\\/2026\\\/04\\\/28\\\/id-logistics-apre-un-nuovo-centro-logistico\\\/\",\"name\":\"ID Logistics apre un nuovo centro logistico - ITJ | International Transport Journal\",\"isPartOf\":{\"@id\":\"https:\\\/\\\/transportjournal.com\\\/it\\\/#website\"},\"primaryImageOfPage\":{\"@id\":\"https:\\\/\\\/transportjournal.com\\\/it\\\/2026\\\/04\\\/28\\\/id-logistics-apre-un-nuovo-centro-logistico\\\/#primaryimage\"},\"image\":{\"@id\":\"https:\\\/\\\/transportjournal.com\\\/it\\\/2026\\\/04\\\/28\\\/id-logistics-apre-un-nuovo-centro-logistico\\\/#primaryimage\"},\"thumbnailUrl\":\"https:\\\/\\\/transportjournal.com\\\/wp-content\\\/uploads\\\/sites\\\/2\\\/2026\\\/04\\\/DSC1471-1-scaled-1-aspect-ratio-1400-788.jpg\",\"datePublished\":\"2026-04-28T10:02:02+00:00\",\"breadcrumb\":{\"@id\":\"https:\\\/\\\/transportjournal.com\\\/it\\\/2026\\\/04\\\/28\\\/id-logistics-apre-un-nuovo-centro-logistico\\\/#breadcrumb\"},\"inLanguage\":\"it-IT\",\"potentialAction\":[{\"@type\":\"ReadAction\",\"target\":[\"https:\\\/\\\/transportjournal.com\\\/it\\\/2026\\\/04\\\/28\\\/id-logistics-apre-un-nuovo-centro-logistico\\\/\"]}]},{\"@type\":\"ImageObject\",\"inLanguage\":\"it-IT\",\"@id\":\"https:\\\/\\\/transportjournal.com\\\/it\\\/2026\\\/04\\\/28\\\/id-logistics-apre-un-nuovo-centro-logistico\\\/#primaryimage\",\"url\":\"https:\\\/\\\/transportjournal.com\\\/wp-content\\\/uploads\\\/sites\\\/2\\\/2026\\\/04\\\/DSC1471-1-scaled-1-aspect-ratio-1400-788.jpg\",\"contentUrl\":\"https:\\\/\\\/transportjournal.com\\\/wp-content\\\/uploads\\\/sites\\\/2\\\/2026\\\/04\\\/DSC1471-1-scaled-1-aspect-ratio-1400-788.jpg\",\"width\":2560,\"height\":1441},{\"@type\":\"BreadcrumbList\",\"@id\":\"https:\\\/\\\/transportjournal.com\\\/it\\\/2026\\\/04\\\/28\\\/id-logistics-apre-un-nuovo-centro-logistico\\\/#breadcrumb\",\"itemListElement\":[{\"@type\":\"ListItem\",\"position\":1,\"name\":\"Startseite\",\"item\":\"https:\\\/\\\/transportjournal.com\\\/it\\\/\"},{\"@type\":\"ListItem\",\"position\":2,\"name\":\"ID Logistics apre un nuovo centro logistico\"}]},{\"@type\":\"WebSite\",\"@id\":\"https:\\\/\\\/transportjournal.com\\\/it\\\/#website\",\"url\":\"https:\\\/\\\/transportjournal.com\\\/it\\\/\",\"name\":\"ITJ | International Transport Journal\",\"description\":\"Stay informed with the latest global news from the transport, logistics, and supply chain industries. Transport Journal delivers expert insights, analysis, and updates across shipping, aviation, intermodal, and forwarding.\",\"publisher\":{\"@id\":\"https:\\\/\\\/transportjournal.com\\\/it\\\/#organization\"},\"potentialAction\":[{\"@type\":\"SearchAction\",\"target\":{\"@type\":\"EntryPoint\",\"urlTemplate\":\"https:\\\/\\\/transportjournal.com\\\/it\\\/?s={search_term_string}\"},\"query-input\":{\"@type\":\"PropertyValueSpecification\",\"valueRequired\":true,\"valueName\":\"search_term_string\"}}],\"inLanguage\":\"it-IT\"},{\"@type\":\"Organization\",\"@id\":\"https:\\\/\\\/transportjournal.com\\\/it\\\/#organization\",\"name\":\"Logismedia Group AG\",\"alternateName\":\"Logismedia Group AG\",\"url\":\"https:\\\/\\\/transportjournal.com\\\/it\\\/\",\"logo\":{\"@type\":\"ImageObject\",\"inLanguage\":\"it-IT\",\"@id\":\"https:\\\/\\\/transportjournal.com\\\/it\\\/#\\\/schema\\\/logo\\\/image\\\/\",\"url\":\"https:\\\/\\\/transportjournal.com\\\/wp-content\\\/uploads\\\/sites\\\/2\\\/2025\\\/09\\\/Logo_ITJ.png\",\"contentUrl\":\"https:\\\/\\\/transportjournal.com\\\/wp-content\\\/uploads\\\/sites\\\/2\\\/2025\\\/09\\\/Logo_ITJ.png\",\"width\":799,\"height\":326,\"caption\":\"Logismedia Group AG\"},\"image\":{\"@id\":\"https:\\\/\\\/transportjournal.com\\\/it\\\/#\\\/schema\\\/logo\\\/image\\\/\"},\"sameAs\":[\"https:\\\/\\\/www.linkedin.com\\\/company\\\/56456496\\\/admin\\\/dashboard\\\/\",\"https:\\\/\\\/www.instagram.com\\\/logismediagroup\\\/\",\"https:\\\/\\\/www.youtube.com\\\/@LogiamediaGroupAG\"]},{\"@type\":\"Person\",\"@id\":\"https:\\\/\\\/transportjournal.com\\\/it\\\/#\\\/schema\\\/person\\\/7b1593b33567ba798d300c8a1b0b85b1\",\"name\":\"Andreas M\u00fcller\",\"url\":\"https:\\\/\\\/transportjournal.com\\\/it\\\/author\\\/logismedia\\\/\"}]}<\/script>\n<!-- \/ Yoast SEO plugin. -->","yoast_head_json":{"title":"ID Logistics apre un nuovo centro logistico - ITJ | International Transport Journal","robots":{"index":"index","follow":"follow","max-snippet":"max-snippet:-1","max-image-preview":"max-image-preview:large","max-video-preview":"max-video-preview:-1"},"canonical":"https:\/\/transportjournal.com\/it\/2026\/04\/28\/id-logistics-apre-un-nuovo-centro-logistico\/","og_locale":"it_IT","og_type":"article","og_title":"ID Logistics apre un nuovo centro logistico - ITJ | International Transport Journal","og_description":"ID Logistics Germany ha firmato un contratto a lungo termine per un centro logistico di 72.800 m\u00b2 nella regione di Aquisgrana per soddisfare la domanda dell'e-commerce.","og_url":"https:\/\/transportjournal.com\/it\/2026\/04\/28\/id-logistics-apre-un-nuovo-centro-logistico\/","og_site_name":"ITJ | International Transport Journal","article_published_time":"2026-04-28T10:02:02+00:00","og_image":[{"width":2560,"height":1441,"url":"https:\/\/transportjournal.com\/wp-content\/uploads\/sites\/2\/2026\/04\/DSC1471-1-scaled-1-aspect-ratio-1400-788.jpg","type":"image\/jpeg"}],"author":"Andreas M\u00fcller","twitter_card":"summary_large_image","twitter_misc":{"Scritto da":"Andreas M\u00fcller","Tempo di lettura stimato":"3 minuto"},"schema":{"@context":"https:\/\/schema.org","@graph":[{"@type":"Article","@id":"https:\/\/transportjournal.com\/it\/2026\/04\/28\/id-logistics-apre-un-nuovo-centro-logistico\/#article","isPartOf":{"@id":"https:\/\/transportjournal.com\/it\/2026\/04\/28\/id-logistics-apre-un-nuovo-centro-logistico\/"},"author":{"name":"Andreas M\u00fcller","@id":"https:\/\/transportjournal.com\/it\/#\/schema\/person\/7b1593b33567ba798d300c8a1b0b85b1"},"headline":"ID Logistics apre un nuovo centro logistico","datePublished":"2026-04-28T10:02:02+00:00","mainEntityOfPage":{"@id":"https:\/\/transportjournal.com\/it\/2026\/04\/28\/id-logistics-apre-un-nuovo-centro-logistico\/"},"wordCount":589,"commentCount":0,"publisher":{"@id":"https:\/\/transportjournal.com\/it\/#organization"},"image":{"@id":"https:\/\/transportjournal.com\/it\/2026\/04\/28\/id-logistics-apre-un-nuovo-centro-logistico\/#primaryimage"},"thumbnailUrl":"https:\/\/transportjournal.com\/wp-content\/uploads\/sites\/2\/2026\/04\/DSC1471-1-scaled-1-aspect-ratio-1400-788.jpg","keywords":["Betriebsabl\u00e4ufe in der Logistik","centre de fulfillment","centre logistique Aix-la-Chapelle","concepts logistiques durables","contract logistics Germany","Deutsch ID Logistics","Digitalisierung in der Logistik","digitalization in logistics","e-commerce logistics","E-Commerce Logistik","emplois logistiques Aix-la-Chapelle","entrep\u00f4t \u00e0 grande hauteur","Fachkr\u00e4ftemangel Logistik","Fulfillment Center","Fulfillment-Zentrum","gestion de la cha\u00eene d'approvisionnement","high-bay warehouse","Hochregallager","immobilier logistique","intralogistics solutions","Intralogistik L\u00f6sungen","Kontraktlogistik Deutschland","labor shortage logistics","logistics center Aachen","logistics jobs Aachen","logistics market Germany","logistics real estate","logistics region tri-border area","logistics service providers","logistics strategy e-commerce Fran\u00e7ais ID Logistics","logistics technology","Logistik Jobs Aachen","Logistikdienstleister","Logistikimmobilien","Logistikmarkt Deutschland","Logistikregion Dreil\u00e4ndereck","Logistikstrategie E-Commerce English ID Logistics","Logistiktechnologie","Logistikzentrum Aachen","logistique contractuelle Allemagne","logistique e-commerce","march\u00e9 logistique Allemagne","nachhaltige Logistikkonzepte","neue Arbeitspl\u00e4tze Logistik","new jobs logistics","nouveaux emplois logistique","num\u00e9risation dans la logistique","operational processes in logistics","p\u00e9nurie de main-d'\u0153uvre logistique","prestataires de services logistiques","processus op\u00e9rationnels en logistique","r\u00e9gion logistique triangle des fronti\u00e8res","solutions d'intralogistique","strat\u00e9gie logistique e-commerce","Supply Chain Management","sustainable logistics concepts","technologie logistique"],"articleSection":["Deutschland","Spedizioniere e Logistica"],"inLanguage":"it-IT","potentialAction":[{"@type":"CommentAction","name":"Comment","target":["https:\/\/transportjournal.com\/it\/2026\/04\/28\/id-logistics-apre-un-nuovo-centro-logistico\/#respond"]}]},{"@type":"WebPage","@id":"https:\/\/transportjournal.com\/it\/2026\/04\/28\/id-logistics-apre-un-nuovo-centro-logistico\/","url":"https:\/\/transportjournal.com\/it\/2026\/04\/28\/id-logistics-apre-un-nuovo-centro-logistico\/","name":"ID Logistics apre un nuovo centro logistico - ITJ | International Transport Journal","isPartOf":{"@id":"https:\/\/transportjournal.com\/it\/#website"},"primaryImageOfPage":{"@id":"https:\/\/transportjournal.com\/it\/2026\/04\/28\/id-logistics-apre-un-nuovo-centro-logistico\/#primaryimage"},"image":{"@id":"https:\/\/transportjournal.com\/it\/2026\/04\/28\/id-logistics-apre-un-nuovo-centro-logistico\/#primaryimage"},"thumbnailUrl":"https:\/\/transportjournal.com\/wp-content\/uploads\/sites\/2\/2026\/04\/DSC1471-1-scaled-1-aspect-ratio-1400-788.jpg","datePublished":"2026-04-28T10:02:02+00:00","breadcrumb":{"@id":"https:\/\/transportjournal.com\/it\/2026\/04\/28\/id-logistics-apre-un-nuovo-centro-logistico\/#breadcrumb"},"inLanguage":"it-IT","potentialAction":[{"@type":"ReadAction","target":["https:\/\/transportjournal.com\/it\/2026\/04\/28\/id-logistics-apre-un-nuovo-centro-logistico\/"]}]},{"@type":"ImageObject","inLanguage":"it-IT","@id":"https:\/\/transportjournal.com\/it\/2026\/04\/28\/id-logistics-apre-un-nuovo-centro-logistico\/#primaryimage","url":"https:\/\/transportjournal.com\/wp-content\/uploads\/sites\/2\/2026\/04\/DSC1471-1-scaled-1-aspect-ratio-1400-788.jpg","contentUrl":"https:\/\/transportjournal.com\/wp-content\/uploads\/sites\/2\/2026\/04\/DSC1471-1-scaled-1-aspect-ratio-1400-788.jpg","width":2560,"height":1441},{"@type":"BreadcrumbList","@id":"https:\/\/transportjournal.com\/it\/2026\/04\/28\/id-logistics-apre-un-nuovo-centro-logistico\/#breadcrumb","itemListElement":[{"@type":"ListItem","position":1,"name":"Startseite","item":"https:\/\/transportjournal.com\/it\/"},{"@type":"ListItem","position":2,"name":"ID Logistics apre un nuovo centro logistico"}]},{"@type":"WebSite","@id":"https:\/\/transportjournal.com\/it\/#website","url":"https:\/\/transportjournal.com\/it\/","name":"ITJ | International Transport Journal","description":"Stay informed with the latest global news from the transport, logistics, and supply chain industries. Transport Journal delivers expert insights, analysis, and updates across shipping, aviation, intermodal, and forwarding.","publisher":{"@id":"https:\/\/transportjournal.com\/it\/#organization"},"potentialAction":[{"@type":"SearchAction","target":{"@type":"EntryPoint","urlTemplate":"https:\/\/transportjournal.com\/it\/?s={search_term_string}"},"query-input":{"@type":"PropertyValueSpecification","valueRequired":true,"valueName":"search_term_string"}}],"inLanguage":"it-IT"},{"@type":"Organization","@id":"https:\/\/transportjournal.com\/it\/#organization","name":"Logismedia Group AG","alternateName":"Logismedia Group AG","url":"https:\/\/transportjournal.com\/it\/","logo":{"@type":"ImageObject","inLanguage":"it-IT","@id":"https:\/\/transportjournal.com\/it\/#\/schema\/logo\/image\/","url":"https:\/\/transportjournal.com\/wp-content\/uploads\/sites\/2\/2025\/09\/Logo_ITJ.png","contentUrl":"https:\/\/transportjournal.com\/wp-content\/uploads\/sites\/2\/2025\/09\/Logo_ITJ.png","width":799,"height":326,"caption":"Logismedia Group AG"},"image":{"@id":"https:\/\/transportjournal.com\/it\/#\/schema\/logo\/image\/"},"sameAs":["https:\/\/www.linkedin.com\/company\/56456496\/admin\/dashboard\/","https:\/\/www.instagram.com\/logismediagroup\/","https:\/\/www.youtube.com\/@LogiamediaGroupAG"]},{"@type":"Person","@id":"https:\/\/transportjournal.com\/it\/#\/schema\/person\/7b1593b33567ba798d300c8a1b0b85b1","name":"Andreas M\u00fcller","url":"https:\/\/transportjournal.com\/it\/author\/logismedia\/"}]}},"_links":{"self":[{"href":"https:\/\/transportjournal.com\/it\/wp-json\/wp\/v2\/posts\/86992","targetHints":{"allow":["GET"]}}],"collection":[{"href":"https:\/\/transportjournal.com\/it\/wp-json\/wp\/v2\/posts"}],"about":[{"href":"https:\/\/transportjournal.com\/it\/wp-json\/wp\/v2\/types\/post"}],"author":[{"embeddable":true,"href":"https:\/\/transportjournal.com\/it\/wp-json\/wp\/v2\/users\/7"}],"replies":[{"embeddable":true,"href":"https:\/\/transportjournal.com\/it\/wp-json\/wp\/v2\/comments?post=86992"}],"version-history":[{"count":0,"href":"https:\/\/transportjournal.com\/it\/wp-json\/wp\/v2\/posts\/86992\/revisions"}],"wp:featuredmedia":[{"embeddable":true,"href":"https:\/\/transportjournal.com\/it\/wp-json\/wp\/v2\/media\/86988"}],"wp:attachment":[{"href":"https:\/\/transportjournal.com\/it\/wp-json\/wp\/v2\/media?parent=86992"}],"wp:term":[{"taxonomy":"category","embeddable":true,"href":"https:\/\/transportjournal.com\/it\/wp-json\/wp\/v2\/categories?post=86992"},{"taxonomy":"post_tag","embeddable":true,"href":"https:\/\/transportjournal.com\/it\/wp-json\/wp\/v2\/tags?post=86992"}],"curies":[{"name":"wp","href":"https:\/\/api.w.org\/{rel}","templated":true}]}}