{"id":86856,"date":"2026-04-28T07:13:18","date_gmt":"2026-04-28T07:13:18","guid":{"rendered":"https:\/\/transportjournal.com\/2026\/04\/28\/denis-peck-nuova-direzione-vendite-presso-ultimo\/"},"modified":"2026-04-28T09:32:06","modified_gmt":"2026-04-28T07:32:06","slug":"denis-peck-nuova-direzione-vendite-presso-ultimo","status":"publish","type":"post","link":"https:\/\/transportjournal.com\/it\/2026\/04\/28\/denis-peck-nuova-direzione-vendite-presso-ultimo\/","title":{"rendered":"Denis Peck: Nuova direzione vendite presso Ultimo"},"content":{"rendered":"<p>Ultimo, un fornitore di soluzioni software nel campo dell&#8217;Enterprise Asset Management (EAM), ha nominato Denis Peck Sales Director per le regioni DACH (Germania, Austria, Svizzera) e Nordics. Nella sua nuova posizione, Peck sar\u00e0 responsabile di promuovere la crescita in questi mercati e di supportare le aziende nella trasformazione digitale dei loro processi di gestione degli asset e di manutenzione, come comunicato da Ultimo. Un focus particolare sar\u00e0 posto sull&#8217;uso dell&#8217;intelligenza artificiale.<\/p>\n<h3>Crescita in mercati dinamici<\/h3>\n<p>Le regioni DACH e Nordics sono considerate dall&#8217;azienda tra i mercati pi\u00f9 dinamici per le soluzioni EAM in Europa. In diversi settori, tra cui l&#8217;industria manifatturiera e alimentare, la fornitura di energia, la logistica e la sanit\u00e0, cresce la domanda di soluzioni basate sui dati. Queste dovrebbero contribuire a ottimizzare la disponibilit\u00e0 degli impianti, aumentare l&#8217;efficienza e migliorare le strutture dei costi. Ultimo ha in questi settori una base clienti di oltre 2.500 aziende, tra cui Evonik Industries, Bahlsen, Dachser e Siemens Healthineers.<\/p>\n<p>Con la nomina di Denis Peck, Ultimo sottolinea, secondo quanto dichiarato, la rilevanza strategica delle regioni DACH e Nordics nell&#8217;ambito della sua strategia di crescita europea. Peck porta con s\u00e9 esperienza nel software-as-a-service (SaaS) e nella vendita enterprise.<\/p>\n<p><a href=\"https:\/\/www.ultimo.com\/\" target=\"_blank\" rel=\"noopener noreferrer\">www.ultimo.com<\/a><\/p>\n","protected":false},"excerpt":{"rendered":"<p>Denis Peck \u00e8 stato nominato direttore vendite per le regioni DACH e Nordics presso Ultimo, per promuovere la crescita e la trasformazione digitale in questi mercati.<\/p>\n","protected":false},"author":10,"featured_media":86852,"comment_status":"open","ping_status":"","sticky":false,"template":"","format":"standard","meta":{"_acf_changed":false,"footnotes":""},"categories":[9092,1638,9093,1627,11110,1629],"tags":[2206,42563,42564,5396,42565,6090,42566,42567,42568,28538,42569,42570,42571,2211,2212,42572,42573,42574,2214,2215,11982,11983,42575,3050,16982,42576,11936,4291,11939,16986,3056,5408,42577,42578,3561,16988,2131,2134,2136,3064,42579,42580,11955,18757,18758,28555,42581,18759,4305,42582,2242,1783],"class_list":["post-86856","post","type-post","status-publish","format-standard","has-post-thumbnail","hentry","category-deutschland","category-europa","category-oesterreich","category-persone-e-aziende","category-schweiz","category-spedizioni-e-logistica","tag-amelioration-de-lefficacite","tag-anlagenverfuegbarkeit","tag-approvisionnement-en-energie","tag-artificial-intelligence","tag-asset-availability","tag-base-de-clients","tag-cost-structures","tag-customer-base-francais-ultimo","tag-dach","tag-data-driven-solutions","tag-datengetriebene-loesungen","tag-denis-peck","tag-deutsch-ultimo","tag-digital-transformation","tag-digitale-transformation","tag-disponibilite-des-actifs","tag-eam-solutions","tag-eam-loesungen","tag-efficiency-improvement","tag-effizienzsteigerung","tag-energieversorgung","tag-energy-supply","tag-enterprise-asset-management","tag-fertigungsindustrie","tag-food-industry","tag-gestion-des-actifs-dentreprise","tag-gesundheitswesen","tag-growth-strategy","tag-healthcare","tag-industrie-alimentaire","tag-industrie-manufacturiere","tag-intelligence-artificielle","tag-kostenstrukturen","tag-kundenbasis-english-ultimo","tag-kuenstliche-intelligenz","tag-lebensmittelindustrie","tag-logistics","tag-logistik","tag-logistique","tag-manufacturing-industry","tag-nordics","tag-saas","tag-sante","tag-software-solutions","tag-softwareloesungen","tag-solutions-basees-sur-les-donnees","tag-solutions-eam","tag-solutions-logicielles","tag-strategie-de-croissance","tag-structures-de-couts","tag-transformation-numerique","tag-wachstumsstrategie"],"acf":[],"yoast_head":"<!-- This site is optimized with the Yoast SEO plugin v27.3 - https:\/\/yoast.com\/product\/yoast-seo-wordpress\/ -->\n<title>Denis Peck: Nuova direzione vendite presso Ultimo - ITJ | International Transport Journal<\/title>\n<meta name=\"robots\" content=\"index, follow, max-snippet:-1, max-image-preview:large, max-video-preview:-1\" \/>\n<link rel=\"canonical\" href=\"https:\/\/transportjournal.com\/it\/2026\/04\/28\/denis-peck-nuova-direzione-vendite-presso-ultimo\/\" \/>\n<meta property=\"og:locale\" content=\"it_IT\" \/>\n<meta property=\"og:type\" content=\"article\" \/>\n<meta property=\"og:title\" content=\"Denis Peck: Nuova direzione vendite presso Ultimo - ITJ | International Transport Journal\" \/>\n<meta property=\"og:description\" content=\"Denis Peck \u00e8 stato nominato direttore vendite per le regioni DACH e Nordics presso Ultimo, per promuovere la crescita e la trasformazione digitale in questi mercati.\" \/>\n<meta property=\"og:url\" content=\"https:\/\/transportjournal.com\/it\/2026\/04\/28\/denis-peck-nuova-direzione-vendite-presso-ultimo\/\" \/>\n<meta property=\"og:site_name\" content=\"ITJ | International Transport Journal\" \/>\n<meta property=\"article:published_time\" content=\"2026-04-28T07:13:18+00:00\" \/>\n<meta property=\"article:modified_time\" content=\"2026-04-28T07:32:06+00:00\" \/>\n<meta property=\"og:image\" content=\"https:\/\/transportjournal.com\/wp-content\/uploads\/sites\/2\/2026\/04\/Denis-Peck_Ultimo-aspect-ratio-1400-788.jpeg\" \/>\n\t<meta property=\"og:image:width\" content=\"800\" \/>\n\t<meta property=\"og:image:height\" content=\"450\" \/>\n\t<meta property=\"og:image:type\" content=\"image\/jpeg\" \/>\n<meta name=\"author\" content=\"Jeremy Soland\" \/>\n<meta name=\"twitter:card\" content=\"summary_large_image\" \/>\n<meta name=\"twitter:label1\" content=\"Scritto da\" \/>\n\t<meta name=\"twitter:data1\" content=\"Jeremy Soland\" \/>\n\t<meta name=\"twitter:label2\" content=\"Tempo di lettura stimato\" \/>\n\t<meta name=\"twitter:data2\" content=\"1 minuto\" \/>\n<script type=\"application\/ld+json\" class=\"yoast-schema-graph\">{\"@context\":\"https:\\\/\\\/schema.org\",\"@graph\":[{\"@type\":\"Article\",\"@id\":\"https:\\\/\\\/transportjournal.com\\\/it\\\/2026\\\/04\\\/28\\\/denis-peck-nuova-direzione-vendite-presso-ultimo\\\/#article\",\"isPartOf\":{\"@id\":\"https:\\\/\\\/transportjournal.com\\\/it\\\/2026\\\/04\\\/28\\\/denis-peck-nuova-direzione-vendite-presso-ultimo\\\/\"},\"author\":{\"name\":\"Jeremy Soland\",\"@id\":\"https:\\\/\\\/transportjournal.com\\\/it\\\/#\\\/schema\\\/person\\\/41d36b5474b623392fa613e97e2363fa\"},\"headline\":\"Denis Peck: Nuova direzione vendite presso Ultimo\",\"datePublished\":\"2026-04-28T07:13:18+00:00\",\"dateModified\":\"2026-04-28T07:32:06+00:00\",\"mainEntityOfPage\":{\"@id\":\"https:\\\/\\\/transportjournal.com\\\/it\\\/2026\\\/04\\\/28\\\/denis-peck-nuova-direzione-vendite-presso-ultimo\\\/\"},\"wordCount\":212,\"commentCount\":0,\"publisher\":{\"@id\":\"https:\\\/\\\/transportjournal.com\\\/it\\\/#organization\"},\"image\":{\"@id\":\"https:\\\/\\\/transportjournal.com\\\/it\\\/2026\\\/04\\\/28\\\/denis-peck-nuova-direzione-vendite-presso-ultimo\\\/#primaryimage\"},\"thumbnailUrl\":\"https:\\\/\\\/transportjournal.com\\\/wp-content\\\/uploads\\\/sites\\\/2\\\/2026\\\/04\\\/Denis-Peck_Ultimo-aspect-ratio-1400-788.jpeg\",\"keywords\":[\"am\u00e9lioration de l'efficacit\u00e9\",\"Anlagenverf\u00fcgbarkeit\",\"approvisionnement en \u00e9nergie\",\"artificial intelligence\",\"asset availability\",\"base de clients\",\"cost structures\",\"customer base Fran\u00e7ais Ultimo\",\"DACH\",\"data-driven solutions\",\"datengetriebene L\u00f6sungen\",\"Denis Peck\",\"Deutsch Ultimo\",\"digital transformation\",\"digitale Transformation\",\"disponibilit\u00e9 des actifs\",\"EAM solutions\",\"EAM-L\u00f6sungen\",\"efficiency improvement\",\"Effizienzsteigerung\",\"Energieversorgung\",\"energy supply\",\"Enterprise-Asset-Management\",\"Fertigungsindustrie\",\"food industry\",\"gestion des actifs d'entreprise\",\"Gesundheitswesen\",\"growth strategy\",\"healthcare\",\"industrie alimentaire\",\"industrie manufacturi\u00e8re\",\"intelligence artificielle\",\"Kostenstrukturen\",\"Kundenbasis English Ultimo\",\"K\u00fcnstliche Intelligenz\",\"Lebensmittelindustrie\",\"logistics\",\"Logistik\",\"logistique\",\"manufacturing industry\",\"Nordics\",\"SaaS\",\"sant\u00e9\",\"software solutions\",\"Softwarel\u00f6sungen\",\"solutions bas\u00e9es sur les donn\u00e9es\",\"solutions EAM\",\"solutions logicielles\",\"strat\u00e9gie de croissance\",\"structures de co\u00fbts\",\"transformation num\u00e9rique\",\"Wachstumsstrategie\"],\"articleSection\":[\"Deutschland\",\"Europa\",\"\u00d6sterreich\",\"Persone e aziende\",\"Schweiz\",\"Spedizioniere e Logistica\"],\"inLanguage\":\"it-IT\",\"potentialAction\":[{\"@type\":\"CommentAction\",\"name\":\"Comment\",\"target\":[\"https:\\\/\\\/transportjournal.com\\\/it\\\/2026\\\/04\\\/28\\\/denis-peck-nuova-direzione-vendite-presso-ultimo\\\/#respond\"]}]},{\"@type\":\"WebPage\",\"@id\":\"https:\\\/\\\/transportjournal.com\\\/it\\\/2026\\\/04\\\/28\\\/denis-peck-nuova-direzione-vendite-presso-ultimo\\\/\",\"url\":\"https:\\\/\\\/transportjournal.com\\\/it\\\/2026\\\/04\\\/28\\\/denis-peck-nuova-direzione-vendite-presso-ultimo\\\/\",\"name\":\"Denis Peck: Nuova direzione vendite presso Ultimo - ITJ | International Transport Journal\",\"isPartOf\":{\"@id\":\"https:\\\/\\\/transportjournal.com\\\/it\\\/#website\"},\"primaryImageOfPage\":{\"@id\":\"https:\\\/\\\/transportjournal.com\\\/it\\\/2026\\\/04\\\/28\\\/denis-peck-nuova-direzione-vendite-presso-ultimo\\\/#primaryimage\"},\"image\":{\"@id\":\"https:\\\/\\\/transportjournal.com\\\/it\\\/2026\\\/04\\\/28\\\/denis-peck-nuova-direzione-vendite-presso-ultimo\\\/#primaryimage\"},\"thumbnailUrl\":\"https:\\\/\\\/transportjournal.com\\\/wp-content\\\/uploads\\\/sites\\\/2\\\/2026\\\/04\\\/Denis-Peck_Ultimo-aspect-ratio-1400-788.jpeg\",\"datePublished\":\"2026-04-28T07:13:18+00:00\",\"dateModified\":\"2026-04-28T07:32:06+00:00\",\"breadcrumb\":{\"@id\":\"https:\\\/\\\/transportjournal.com\\\/it\\\/2026\\\/04\\\/28\\\/denis-peck-nuova-direzione-vendite-presso-ultimo\\\/#breadcrumb\"},\"inLanguage\":\"it-IT\",\"potentialAction\":[{\"@type\":\"ReadAction\",\"target\":[\"https:\\\/\\\/transportjournal.com\\\/it\\\/2026\\\/04\\\/28\\\/denis-peck-nuova-direzione-vendite-presso-ultimo\\\/\"]}]},{\"@type\":\"ImageObject\",\"inLanguage\":\"it-IT\",\"@id\":\"https:\\\/\\\/transportjournal.com\\\/it\\\/2026\\\/04\\\/28\\\/denis-peck-nuova-direzione-vendite-presso-ultimo\\\/#primaryimage\",\"url\":\"https:\\\/\\\/transportjournal.com\\\/wp-content\\\/uploads\\\/sites\\\/2\\\/2026\\\/04\\\/Denis-Peck_Ultimo-aspect-ratio-1400-788.jpeg\",\"contentUrl\":\"https:\\\/\\\/transportjournal.com\\\/wp-content\\\/uploads\\\/sites\\\/2\\\/2026\\\/04\\\/Denis-Peck_Ultimo-aspect-ratio-1400-788.jpeg\",\"width\":800,\"height\":450},{\"@type\":\"BreadcrumbList\",\"@id\":\"https:\\\/\\\/transportjournal.com\\\/it\\\/2026\\\/04\\\/28\\\/denis-peck-nuova-direzione-vendite-presso-ultimo\\\/#breadcrumb\",\"itemListElement\":[{\"@type\":\"ListItem\",\"position\":1,\"name\":\"Startseite\",\"item\":\"https:\\\/\\\/transportjournal.com\\\/it\\\/\"},{\"@type\":\"ListItem\",\"position\":2,\"name\":\"Denis Peck: Nuova direzione vendite presso Ultimo\"}]},{\"@type\":\"WebSite\",\"@id\":\"https:\\\/\\\/transportjournal.com\\\/it\\\/#website\",\"url\":\"https:\\\/\\\/transportjournal.com\\\/it\\\/\",\"name\":\"ITJ | International Transport Journal\",\"description\":\"Stay informed with the latest global news from the transport, logistics, and supply chain industries. Transport Journal delivers expert insights, analysis, and updates across shipping, aviation, intermodal, and forwarding.\",\"publisher\":{\"@id\":\"https:\\\/\\\/transportjournal.com\\\/it\\\/#organization\"},\"potentialAction\":[{\"@type\":\"SearchAction\",\"target\":{\"@type\":\"EntryPoint\",\"urlTemplate\":\"https:\\\/\\\/transportjournal.com\\\/it\\\/?s={search_term_string}\"},\"query-input\":{\"@type\":\"PropertyValueSpecification\",\"valueRequired\":true,\"valueName\":\"search_term_string\"}}],\"inLanguage\":\"it-IT\"},{\"@type\":\"Organization\",\"@id\":\"https:\\\/\\\/transportjournal.com\\\/it\\\/#organization\",\"name\":\"Logismedia Group AG\",\"alternateName\":\"Logismedia Group AG\",\"url\":\"https:\\\/\\\/transportjournal.com\\\/it\\\/\",\"logo\":{\"@type\":\"ImageObject\",\"inLanguage\":\"it-IT\",\"@id\":\"https:\\\/\\\/transportjournal.com\\\/it\\\/#\\\/schema\\\/logo\\\/image\\\/\",\"url\":\"https:\\\/\\\/transportjournal.com\\\/wp-content\\\/uploads\\\/sites\\\/2\\\/2025\\\/09\\\/Logo_ITJ.png\",\"contentUrl\":\"https:\\\/\\\/transportjournal.com\\\/wp-content\\\/uploads\\\/sites\\\/2\\\/2025\\\/09\\\/Logo_ITJ.png\",\"width\":799,\"height\":326,\"caption\":\"Logismedia Group AG\"},\"image\":{\"@id\":\"https:\\\/\\\/transportjournal.com\\\/it\\\/#\\\/schema\\\/logo\\\/image\\\/\"},\"sameAs\":[\"https:\\\/\\\/www.linkedin.com\\\/company\\\/56456496\\\/admin\\\/dashboard\\\/\",\"https:\\\/\\\/www.instagram.com\\\/logismediagroup\\\/\",\"https:\\\/\\\/www.youtube.com\\\/@LogiamediaGroupAG\"]},{\"@type\":\"Person\",\"@id\":\"https:\\\/\\\/transportjournal.com\\\/it\\\/#\\\/schema\\\/person\\\/41d36b5474b623392fa613e97e2363fa\",\"name\":\"Jeremy Soland\",\"url\":\"https:\\\/\\\/transportjournal.com\\\/it\\\/author\\\/jeremy\\\/\"}]}<\/script>\n<!-- \/ Yoast SEO plugin. -->","yoast_head_json":{"title":"Denis Peck: Nuova direzione vendite presso Ultimo - ITJ | International Transport Journal","robots":{"index":"index","follow":"follow","max-snippet":"max-snippet:-1","max-image-preview":"max-image-preview:large","max-video-preview":"max-video-preview:-1"},"canonical":"https:\/\/transportjournal.com\/it\/2026\/04\/28\/denis-peck-nuova-direzione-vendite-presso-ultimo\/","og_locale":"it_IT","og_type":"article","og_title":"Denis Peck: Nuova direzione vendite presso Ultimo - ITJ | International Transport Journal","og_description":"Denis Peck \u00e8 stato nominato direttore vendite per le regioni DACH e Nordics presso Ultimo, per promuovere la crescita e la trasformazione digitale in questi mercati.","og_url":"https:\/\/transportjournal.com\/it\/2026\/04\/28\/denis-peck-nuova-direzione-vendite-presso-ultimo\/","og_site_name":"ITJ | International Transport Journal","article_published_time":"2026-04-28T07:13:18+00:00","article_modified_time":"2026-04-28T07:32:06+00:00","og_image":[{"width":800,"height":450,"url":"https:\/\/transportjournal.com\/wp-content\/uploads\/sites\/2\/2026\/04\/Denis-Peck_Ultimo-aspect-ratio-1400-788.jpeg","type":"image\/jpeg"}],"author":"Jeremy Soland","twitter_card":"summary_large_image","twitter_misc":{"Scritto da":"Jeremy Soland","Tempo di lettura stimato":"1 minuto"},"schema":{"@context":"https:\/\/schema.org","@graph":[{"@type":"Article","@id":"https:\/\/transportjournal.com\/it\/2026\/04\/28\/denis-peck-nuova-direzione-vendite-presso-ultimo\/#article","isPartOf":{"@id":"https:\/\/transportjournal.com\/it\/2026\/04\/28\/denis-peck-nuova-direzione-vendite-presso-ultimo\/"},"author":{"name":"Jeremy Soland","@id":"https:\/\/transportjournal.com\/it\/#\/schema\/person\/41d36b5474b623392fa613e97e2363fa"},"headline":"Denis Peck: Nuova direzione vendite presso Ultimo","datePublished":"2026-04-28T07:13:18+00:00","dateModified":"2026-04-28T07:32:06+00:00","mainEntityOfPage":{"@id":"https:\/\/transportjournal.com\/it\/2026\/04\/28\/denis-peck-nuova-direzione-vendite-presso-ultimo\/"},"wordCount":212,"commentCount":0,"publisher":{"@id":"https:\/\/transportjournal.com\/it\/#organization"},"image":{"@id":"https:\/\/transportjournal.com\/it\/2026\/04\/28\/denis-peck-nuova-direzione-vendite-presso-ultimo\/#primaryimage"},"thumbnailUrl":"https:\/\/transportjournal.com\/wp-content\/uploads\/sites\/2\/2026\/04\/Denis-Peck_Ultimo-aspect-ratio-1400-788.jpeg","keywords":["am\u00e9lioration de l'efficacit\u00e9","Anlagenverf\u00fcgbarkeit","approvisionnement en \u00e9nergie","artificial intelligence","asset availability","base de clients","cost structures","customer base Fran\u00e7ais Ultimo","DACH","data-driven solutions","datengetriebene L\u00f6sungen","Denis Peck","Deutsch Ultimo","digital transformation","digitale Transformation","disponibilit\u00e9 des actifs","EAM solutions","EAM-L\u00f6sungen","efficiency improvement","Effizienzsteigerung","Energieversorgung","energy supply","Enterprise-Asset-Management","Fertigungsindustrie","food industry","gestion des actifs d'entreprise","Gesundheitswesen","growth strategy","healthcare","industrie alimentaire","industrie manufacturi\u00e8re","intelligence artificielle","Kostenstrukturen","Kundenbasis English Ultimo","K\u00fcnstliche Intelligenz","Lebensmittelindustrie","logistics","Logistik","logistique","manufacturing industry","Nordics","SaaS","sant\u00e9","software solutions","Softwarel\u00f6sungen","solutions bas\u00e9es sur les donn\u00e9es","solutions EAM","solutions logicielles","strat\u00e9gie de croissance","structures de co\u00fbts","transformation num\u00e9rique","Wachstumsstrategie"],"articleSection":["Deutschland","Europa","\u00d6sterreich","Persone e aziende","Schweiz","Spedizioniere e Logistica"],"inLanguage":"it-IT","potentialAction":[{"@type":"CommentAction","name":"Comment","target":["https:\/\/transportjournal.com\/it\/2026\/04\/28\/denis-peck-nuova-direzione-vendite-presso-ultimo\/#respond"]}]},{"@type":"WebPage","@id":"https:\/\/transportjournal.com\/it\/2026\/04\/28\/denis-peck-nuova-direzione-vendite-presso-ultimo\/","url":"https:\/\/transportjournal.com\/it\/2026\/04\/28\/denis-peck-nuova-direzione-vendite-presso-ultimo\/","name":"Denis Peck: Nuova direzione vendite presso Ultimo - ITJ | International Transport Journal","isPartOf":{"@id":"https:\/\/transportjournal.com\/it\/#website"},"primaryImageOfPage":{"@id":"https:\/\/transportjournal.com\/it\/2026\/04\/28\/denis-peck-nuova-direzione-vendite-presso-ultimo\/#primaryimage"},"image":{"@id":"https:\/\/transportjournal.com\/it\/2026\/04\/28\/denis-peck-nuova-direzione-vendite-presso-ultimo\/#primaryimage"},"thumbnailUrl":"https:\/\/transportjournal.com\/wp-content\/uploads\/sites\/2\/2026\/04\/Denis-Peck_Ultimo-aspect-ratio-1400-788.jpeg","datePublished":"2026-04-28T07:13:18+00:00","dateModified":"2026-04-28T07:32:06+00:00","breadcrumb":{"@id":"https:\/\/transportjournal.com\/it\/2026\/04\/28\/denis-peck-nuova-direzione-vendite-presso-ultimo\/#breadcrumb"},"inLanguage":"it-IT","potentialAction":[{"@type":"ReadAction","target":["https:\/\/transportjournal.com\/it\/2026\/04\/28\/denis-peck-nuova-direzione-vendite-presso-ultimo\/"]}]},{"@type":"ImageObject","inLanguage":"it-IT","@id":"https:\/\/transportjournal.com\/it\/2026\/04\/28\/denis-peck-nuova-direzione-vendite-presso-ultimo\/#primaryimage","url":"https:\/\/transportjournal.com\/wp-content\/uploads\/sites\/2\/2026\/04\/Denis-Peck_Ultimo-aspect-ratio-1400-788.jpeg","contentUrl":"https:\/\/transportjournal.com\/wp-content\/uploads\/sites\/2\/2026\/04\/Denis-Peck_Ultimo-aspect-ratio-1400-788.jpeg","width":800,"height":450},{"@type":"BreadcrumbList","@id":"https:\/\/transportjournal.com\/it\/2026\/04\/28\/denis-peck-nuova-direzione-vendite-presso-ultimo\/#breadcrumb","itemListElement":[{"@type":"ListItem","position":1,"name":"Startseite","item":"https:\/\/transportjournal.com\/it\/"},{"@type":"ListItem","position":2,"name":"Denis Peck: Nuova direzione vendite presso Ultimo"}]},{"@type":"WebSite","@id":"https:\/\/transportjournal.com\/it\/#website","url":"https:\/\/transportjournal.com\/it\/","name":"ITJ | International Transport Journal","description":"Stay informed with the latest global news from the transport, logistics, and supply chain industries. Transport Journal delivers expert insights, analysis, and updates across shipping, aviation, intermodal, and forwarding.","publisher":{"@id":"https:\/\/transportjournal.com\/it\/#organization"},"potentialAction":[{"@type":"SearchAction","target":{"@type":"EntryPoint","urlTemplate":"https:\/\/transportjournal.com\/it\/?s={search_term_string}"},"query-input":{"@type":"PropertyValueSpecification","valueRequired":true,"valueName":"search_term_string"}}],"inLanguage":"it-IT"},{"@type":"Organization","@id":"https:\/\/transportjournal.com\/it\/#organization","name":"Logismedia Group AG","alternateName":"Logismedia Group AG","url":"https:\/\/transportjournal.com\/it\/","logo":{"@type":"ImageObject","inLanguage":"it-IT","@id":"https:\/\/transportjournal.com\/it\/#\/schema\/logo\/image\/","url":"https:\/\/transportjournal.com\/wp-content\/uploads\/sites\/2\/2025\/09\/Logo_ITJ.png","contentUrl":"https:\/\/transportjournal.com\/wp-content\/uploads\/sites\/2\/2025\/09\/Logo_ITJ.png","width":799,"height":326,"caption":"Logismedia Group AG"},"image":{"@id":"https:\/\/transportjournal.com\/it\/#\/schema\/logo\/image\/"},"sameAs":["https:\/\/www.linkedin.com\/company\/56456496\/admin\/dashboard\/","https:\/\/www.instagram.com\/logismediagroup\/","https:\/\/www.youtube.com\/@LogiamediaGroupAG"]},{"@type":"Person","@id":"https:\/\/transportjournal.com\/it\/#\/schema\/person\/41d36b5474b623392fa613e97e2363fa","name":"Jeremy Soland","url":"https:\/\/transportjournal.com\/it\/author\/jeremy\/"}]}},"_links":{"self":[{"href":"https:\/\/transportjournal.com\/it\/wp-json\/wp\/v2\/posts\/86856","targetHints":{"allow":["GET"]}}],"collection":[{"href":"https:\/\/transportjournal.com\/it\/wp-json\/wp\/v2\/posts"}],"about":[{"href":"https:\/\/transportjournal.com\/it\/wp-json\/wp\/v2\/types\/post"}],"author":[{"embeddable":true,"href":"https:\/\/transportjournal.com\/it\/wp-json\/wp\/v2\/users\/10"}],"replies":[{"embeddable":true,"href":"https:\/\/transportjournal.com\/it\/wp-json\/wp\/v2\/comments?post=86856"}],"version-history":[{"count":1,"href":"https:\/\/transportjournal.com\/it\/wp-json\/wp\/v2\/posts\/86856\/revisions"}],"predecessor-version":[{"id":86863,"href":"https:\/\/transportjournal.com\/it\/wp-json\/wp\/v2\/posts\/86856\/revisions\/86863"}],"wp:featuredmedia":[{"embeddable":true,"href":"https:\/\/transportjournal.com\/it\/wp-json\/wp\/v2\/media\/86852"}],"wp:attachment":[{"href":"https:\/\/transportjournal.com\/it\/wp-json\/wp\/v2\/media?parent=86856"}],"wp:term":[{"taxonomy":"category","embeddable":true,"href":"https:\/\/transportjournal.com\/it\/wp-json\/wp\/v2\/categories?post=86856"},{"taxonomy":"post_tag","embeddable":true,"href":"https:\/\/transportjournal.com\/it\/wp-json\/wp\/v2\/tags?post=86856"}],"curies":[{"name":"wp","href":"https:\/\/api.w.org\/{rel}","templated":true}]}}