{"id":86797,"date":"2026-04-27T10:49:21","date_gmt":"2026-04-27T10:49:21","guid":{"rendered":"https:\/\/transportjournal.com\/2026\/04\/27\/prezzi-di-riciclo-delle-navi-stabili-wirana\/"},"modified":"2026-04-27T10:49:21","modified_gmt":"2026-04-27T10:49:21","slug":"prezzi-di-riciclo-delle-navi-stabili-wirana","status":"publish","type":"post","link":"https:\/\/transportjournal.com\/it\/2026\/04\/27\/prezzi-di-riciclo-delle-navi-stabili-wirana\/","title":{"rendered":"Prezzi di riciclo delle navi stabili \u2013 Wirana"},"content":{"rendered":"<p>I prezzi per il riciclaggio delle navi in importanti regioni del settore sono rimasti sostanzialmente stabili nonostante condizioni pi\u00f9 deboli nei mercati dell&#8217;acciaio, acquisti cauti e pressioni sui prezzi dell&#8217;acciaio, come evidenziato da un rapporto della Wirana Shipping Corporation.<\/p>\n<p>Rakesk Khetan (nella foto), CEO di Wirana Shipping, uno dei maggiori acquirenti di navi e attivo nel riciclaggio ecologico delle navi, ha fatto riferimento a un mercato in cui i riciclatori di navi mantengono per lo pi\u00f9 i loro prezzi, nonostante la domanda di acciaio rimanga irregolare e gli acquirenti siano selettivi.<\/p>\n<p>In particolare in India, Bangladesh e Turchia, i riciclatori mantengono i loro livelli di prezzo, mentre il Pakistan \u00e8 considerato pi\u00f9 vulnerabile a possibili cali.<\/p>\n<p>Il rapporto mostra una discrepanza tra i prezzi dell&#8217;acciaio in calo e i prezzi del riciclaggio stabili. In India e Bangladesh, il mercato \u00e8 rimasto costante nonostante una domanda pi\u00f9 debole, mentre in Pakistan i prezzi in calo dell&#8217;acciaio e dei rottami aumentano la pressione.<\/p>\n<p>Il Bangladesh potrebbe ricevere nuovi impulsi grazie a progetti infrastrutturali pianificati. In Turchia, la situazione rimane stabile, anche se la domanda \u00e8 debole. Complessivamente, l&#8217;offerta di navi \u00e8 limitata e le conclusioni rimangono finora contenute. L&#8217;ulteriore sviluppo dipender\u00e0 dalla possibilit\u00e0 di tradurre prezzi stabili in transazioni concrete.<\/p>\n<p><a href=\"http:\/\/www.wirana.com\" target=\"_blank\" rel=\"noopener noreferrer\">www.wirana.com<\/a><\/p>\n","protected":false},"excerpt":{"rendered":"<p>Nonostante i deboli mercati dell&#8217;acciaio, i prezzi per il riciclo delle navi in importanti regioni rimangono stabili, mentre la domanda \u00e8 disomogenea e gli acquirenti sono selettivi.<\/p>\n","protected":false},"author":14,"featured_media":86793,"comment_status":"open","ping_status":"","sticky":false,"template":"","format":"standard","meta":{"_acf_changed":false,"footnotes":""},"categories":[1631],"tags":[42488,5433,5434,42489,42490,42491,33738,42492,42493,29566,29567,29568,42494,2125,4166,4167,42495,42496,42497,42498,33762,42499,33763,42500,4178,42501,42502,42503,42504,42505,42506,42507,42508,42509,33772,33773,42510,42511,42512,42513,42514,42515,42516,33777,42517,33779,2155,1837,29952,29953,29954,42518,42519],"class_list":["post-86797","post","type-post","status-publish","format-standard","has-post-thumbnail","hentry","category-spedizioni-e-porti","tag-analyse-du-marche-du-recyclage-de-navires","tag-bangladesch","tag-bangladesh","tag-demand-for-steel","tag-demande-dacier","tag-demolition-de-navires","tag-deutsch-schiffsrecycling","tag-green-ship-recycling","tag-gruene-schiffsrecycling","tag-inde","tag-india","tag-indien","tag-industrie-du-recyclage","tag-industrie-du-transport","tag-infrastructure-projects","tag-infrastrukturprojekte","tag-marche-de-lacier","tag-marktanalyse-schiffsrecycling","tag-nachfrage-nach-stahl","tag-pakistan","tag-prix-de-lacier","tag-prix-de-recyclage","tag-prix-des-ferrailles","tag-prix-stables-du-recyclage-de-navires","tag-projets-dinfrastructure","tag-recyclage-de-navires-ecologique","tag-recycleurs-de-navires","tag-recycling-industry","tag-recycling-prices","tag-recyclingindustrie","tag-recyclingpreise","tag-schiffsabbruch-english-ship-recycling","tag-schiffsrecycler","tag-schiffsverkauf","tag-schrottpreise","tag-scrap-prices","tag-ship-recyclers","tag-ship-recycling-market-analysis","tag-ship-sales","tag-shipbreaking-francais-recyclage-de-navires","tag-stabile-preise-schiffsrecycling","tag-stable-ship-recycling-prices","tag-stahlmarkt","tag-stahlpreise","tag-steel-market","tag-steel-prices","tag-transport-industry","tag-transportwirtschaft","tag-tuerkei","tag-turkey","tag-turquie","tag-vente-de-navires","tag-wirana-shipping"],"acf":[],"yoast_head":"<!-- This site is optimized with the Yoast SEO plugin v27.3 - https:\/\/yoast.com\/product\/yoast-seo-wordpress\/ -->\n<title>Prezzi di riciclo delle navi stabili \u2013 Wirana - ITJ | International Transport Journal<\/title>\n<meta name=\"robots\" content=\"index, follow, max-snippet:-1, max-image-preview:large, max-video-preview:-1\" \/>\n<link rel=\"canonical\" href=\"https:\/\/transportjournal.com\/it\/2026\/04\/27\/prezzi-di-riciclo-delle-navi-stabili-wirana\/\" \/>\n<meta property=\"og:locale\" content=\"it_IT\" \/>\n<meta property=\"og:type\" content=\"article\" \/>\n<meta property=\"og:title\" content=\"Prezzi di riciclo delle navi stabili \u2013 Wirana - ITJ | International Transport Journal\" \/>\n<meta property=\"og:description\" content=\"Nonostante i deboli mercati dell&#039;acciaio, i prezzi per il riciclo delle navi in importanti regioni rimangono stabili, mentre la domanda \u00e8 disomogenea e gli acquirenti sono selettivi.\" \/>\n<meta property=\"og:url\" content=\"https:\/\/transportjournal.com\/it\/2026\/04\/27\/prezzi-di-riciclo-delle-navi-stabili-wirana\/\" \/>\n<meta property=\"og:site_name\" content=\"ITJ | International Transport Journal\" \/>\n<meta property=\"article:published_time\" content=\"2026-04-27T10:49:21+00:00\" \/>\n<meta property=\"og:image\" content=\"https:\/\/transportjournal.com\/wp-content\/uploads\/sites\/2\/2026\/04\/Wirana-Shipping-Corporation-CREO-Rakesk-Khetan-Foto-Wirana_55143388648_97c332cc59_c-aspect-ratio-1400-788.jpg\" \/>\n\t<meta property=\"og:image:width\" content=\"535\" \/>\n\t<meta property=\"og:image:height\" content=\"301\" \/>\n\t<meta property=\"og:image:type\" content=\"image\/jpeg\" \/>\n<meta name=\"author\" content=\"Gyan Sharan\" \/>\n<meta name=\"twitter:card\" content=\"summary_large_image\" \/>\n<meta name=\"twitter:label1\" content=\"Scritto da\" \/>\n\t<meta name=\"twitter:data1\" content=\"Gyan Sharan\" \/>\n\t<meta name=\"twitter:label2\" content=\"Tempo di lettura stimato\" \/>\n\t<meta name=\"twitter:data2\" content=\"1 minuto\" \/>\n<script type=\"application\/ld+json\" class=\"yoast-schema-graph\">{\"@context\":\"https:\\\/\\\/schema.org\",\"@graph\":[{\"@type\":\"Article\",\"@id\":\"https:\\\/\\\/transportjournal.com\\\/it\\\/2026\\\/04\\\/27\\\/prezzi-di-riciclo-delle-navi-stabili-wirana\\\/#article\",\"isPartOf\":{\"@id\":\"https:\\\/\\\/transportjournal.com\\\/it\\\/2026\\\/04\\\/27\\\/prezzi-di-riciclo-delle-navi-stabili-wirana\\\/\"},\"author\":{\"name\":\"Gyan Sharan\",\"@id\":\"https:\\\/\\\/transportjournal.com\\\/it\\\/#\\\/schema\\\/person\\\/13a9fc605c753db60ef7750a229cd042\"},\"headline\":\"Prezzi di riciclo delle navi stabili \u2013 Wirana\",\"datePublished\":\"2026-04-27T10:49:21+00:00\",\"mainEntityOfPage\":{\"@id\":\"https:\\\/\\\/transportjournal.com\\\/it\\\/2026\\\/04\\\/27\\\/prezzi-di-riciclo-delle-navi-stabili-wirana\\\/\"},\"wordCount\":220,\"commentCount\":0,\"publisher\":{\"@id\":\"https:\\\/\\\/transportjournal.com\\\/it\\\/#organization\"},\"image\":{\"@id\":\"https:\\\/\\\/transportjournal.com\\\/it\\\/2026\\\/04\\\/27\\\/prezzi-di-riciclo-delle-navi-stabili-wirana\\\/#primaryimage\"},\"thumbnailUrl\":\"https:\\\/\\\/transportjournal.com\\\/wp-content\\\/uploads\\\/sites\\\/2\\\/2026\\\/04\\\/Wirana-Shipping-Corporation-CREO-Rakesk-Khetan-Foto-Wirana_55143388648_97c332cc59_c-aspect-ratio-1400-788.jpg\",\"keywords\":[\"analyse du march\u00e9 du recyclage de navires\",\"Bangladesch\",\"Bangladesh\",\"demand for steel\",\"demande d'acier\",\"d\u00e9molition de navires\",\"Deutsch Schiffsrecycling\",\"green ship recycling\",\"gr\u00fcne Schiffsrecycling\",\"Inde\",\"India\",\"Indien\",\"industrie du recyclage\",\"industrie du transport\",\"infrastructure projects\",\"Infrastrukturprojekte\",\"march\u00e9 de l'acier\",\"Marktanalyse Schiffsrecycling\",\"Nachfrage nach Stahl\",\"Pakistan\",\"prix de l'acier\",\"prix de recyclage\",\"prix des ferrailles\",\"prix stables du recyclage de navires\",\"projets d'infrastructure\",\"recyclage de navires \u00e9cologique\",\"recycleurs de navires\",\"recycling industry\",\"recycling prices\",\"Recyclingindustrie\",\"Recyclingpreise\",\"Schiffsabbruch English ship recycling\",\"Schiffsrecycler\",\"Schiffsverkauf\",\"Schrottpreise\",\"scrap prices\",\"ship recyclers\",\"ship recycling market analysis\",\"ship sales\",\"shipbreaking Fran\u00e7ais recyclage de navires\",\"stabile Preise Schiffsrecycling\",\"stable ship recycling prices\",\"Stahlmarkt\",\"Stahlpreise\",\"steel market\",\"steel prices\",\"transport industry\",\"Transportwirtschaft\",\"T\u00fcrkei\",\"Turkey\",\"Turquie\",\"vente de navires\",\"Wirana Shipping\"],\"articleSection\":[\"Spedizioni e porti\"],\"inLanguage\":\"it-IT\",\"potentialAction\":[{\"@type\":\"CommentAction\",\"name\":\"Comment\",\"target\":[\"https:\\\/\\\/transportjournal.com\\\/it\\\/2026\\\/04\\\/27\\\/prezzi-di-riciclo-delle-navi-stabili-wirana\\\/#respond\"]}]},{\"@type\":\"WebPage\",\"@id\":\"https:\\\/\\\/transportjournal.com\\\/it\\\/2026\\\/04\\\/27\\\/prezzi-di-riciclo-delle-navi-stabili-wirana\\\/\",\"url\":\"https:\\\/\\\/transportjournal.com\\\/it\\\/2026\\\/04\\\/27\\\/prezzi-di-riciclo-delle-navi-stabili-wirana\\\/\",\"name\":\"Prezzi di riciclo delle navi stabili \u2013 Wirana - ITJ | International Transport Journal\",\"isPartOf\":{\"@id\":\"https:\\\/\\\/transportjournal.com\\\/it\\\/#website\"},\"primaryImageOfPage\":{\"@id\":\"https:\\\/\\\/transportjournal.com\\\/it\\\/2026\\\/04\\\/27\\\/prezzi-di-riciclo-delle-navi-stabili-wirana\\\/#primaryimage\"},\"image\":{\"@id\":\"https:\\\/\\\/transportjournal.com\\\/it\\\/2026\\\/04\\\/27\\\/prezzi-di-riciclo-delle-navi-stabili-wirana\\\/#primaryimage\"},\"thumbnailUrl\":\"https:\\\/\\\/transportjournal.com\\\/wp-content\\\/uploads\\\/sites\\\/2\\\/2026\\\/04\\\/Wirana-Shipping-Corporation-CREO-Rakesk-Khetan-Foto-Wirana_55143388648_97c332cc59_c-aspect-ratio-1400-788.jpg\",\"datePublished\":\"2026-04-27T10:49:21+00:00\",\"breadcrumb\":{\"@id\":\"https:\\\/\\\/transportjournal.com\\\/it\\\/2026\\\/04\\\/27\\\/prezzi-di-riciclo-delle-navi-stabili-wirana\\\/#breadcrumb\"},\"inLanguage\":\"it-IT\",\"potentialAction\":[{\"@type\":\"ReadAction\",\"target\":[\"https:\\\/\\\/transportjournal.com\\\/it\\\/2026\\\/04\\\/27\\\/prezzi-di-riciclo-delle-navi-stabili-wirana\\\/\"]}]},{\"@type\":\"ImageObject\",\"inLanguage\":\"it-IT\",\"@id\":\"https:\\\/\\\/transportjournal.com\\\/it\\\/2026\\\/04\\\/27\\\/prezzi-di-riciclo-delle-navi-stabili-wirana\\\/#primaryimage\",\"url\":\"https:\\\/\\\/transportjournal.com\\\/wp-content\\\/uploads\\\/sites\\\/2\\\/2026\\\/04\\\/Wirana-Shipping-Corporation-CREO-Rakesk-Khetan-Foto-Wirana_55143388648_97c332cc59_c-aspect-ratio-1400-788.jpg\",\"contentUrl\":\"https:\\\/\\\/transportjournal.com\\\/wp-content\\\/uploads\\\/sites\\\/2\\\/2026\\\/04\\\/Wirana-Shipping-Corporation-CREO-Rakesk-Khetan-Foto-Wirana_55143388648_97c332cc59_c-aspect-ratio-1400-788.jpg\",\"width\":535,\"height\":301},{\"@type\":\"BreadcrumbList\",\"@id\":\"https:\\\/\\\/transportjournal.com\\\/it\\\/2026\\\/04\\\/27\\\/prezzi-di-riciclo-delle-navi-stabili-wirana\\\/#breadcrumb\",\"itemListElement\":[{\"@type\":\"ListItem\",\"position\":1,\"name\":\"Startseite\",\"item\":\"https:\\\/\\\/transportjournal.com\\\/it\\\/\"},{\"@type\":\"ListItem\",\"position\":2,\"name\":\"Prezzi di riciclo delle navi stabili \u2013 Wirana\"}]},{\"@type\":\"WebSite\",\"@id\":\"https:\\\/\\\/transportjournal.com\\\/it\\\/#website\",\"url\":\"https:\\\/\\\/transportjournal.com\\\/it\\\/\",\"name\":\"ITJ | International Transport Journal\",\"description\":\"Stay informed with the latest global news from the transport, logistics, and supply chain industries. Transport Journal delivers expert insights, analysis, and updates across shipping, aviation, intermodal, and forwarding.\",\"publisher\":{\"@id\":\"https:\\\/\\\/transportjournal.com\\\/it\\\/#organization\"},\"potentialAction\":[{\"@type\":\"SearchAction\",\"target\":{\"@type\":\"EntryPoint\",\"urlTemplate\":\"https:\\\/\\\/transportjournal.com\\\/it\\\/?s={search_term_string}\"},\"query-input\":{\"@type\":\"PropertyValueSpecification\",\"valueRequired\":true,\"valueName\":\"search_term_string\"}}],\"inLanguage\":\"it-IT\"},{\"@type\":\"Organization\",\"@id\":\"https:\\\/\\\/transportjournal.com\\\/it\\\/#organization\",\"name\":\"Logismedia Group AG\",\"alternateName\":\"Logismedia Group AG\",\"url\":\"https:\\\/\\\/transportjournal.com\\\/it\\\/\",\"logo\":{\"@type\":\"ImageObject\",\"inLanguage\":\"it-IT\",\"@id\":\"https:\\\/\\\/transportjournal.com\\\/it\\\/#\\\/schema\\\/logo\\\/image\\\/\",\"url\":\"https:\\\/\\\/transportjournal.com\\\/wp-content\\\/uploads\\\/sites\\\/2\\\/2025\\\/09\\\/Logo_ITJ.png\",\"contentUrl\":\"https:\\\/\\\/transportjournal.com\\\/wp-content\\\/uploads\\\/sites\\\/2\\\/2025\\\/09\\\/Logo_ITJ.png\",\"width\":799,\"height\":326,\"caption\":\"Logismedia Group AG\"},\"image\":{\"@id\":\"https:\\\/\\\/transportjournal.com\\\/it\\\/#\\\/schema\\\/logo\\\/image\\\/\"},\"sameAs\":[\"https:\\\/\\\/www.linkedin.com\\\/company\\\/56456496\\\/admin\\\/dashboard\\\/\",\"https:\\\/\\\/www.instagram.com\\\/logismediagroup\\\/\",\"https:\\\/\\\/www.youtube.com\\\/@LogiamediaGroupAG\"]},{\"@type\":\"Person\",\"@id\":\"https:\\\/\\\/transportjournal.com\\\/it\\\/#\\\/schema\\\/person\\\/13a9fc605c753db60ef7750a229cd042\",\"name\":\"Gyan Sharan\",\"url\":\"https:\\\/\\\/transportjournal.com\\\/it\\\/author\\\/gyan\\\/\"}]}<\/script>\n<!-- \/ Yoast SEO plugin. -->","yoast_head_json":{"title":"Prezzi di riciclo delle navi stabili \u2013 Wirana - ITJ | International Transport Journal","robots":{"index":"index","follow":"follow","max-snippet":"max-snippet:-1","max-image-preview":"max-image-preview:large","max-video-preview":"max-video-preview:-1"},"canonical":"https:\/\/transportjournal.com\/it\/2026\/04\/27\/prezzi-di-riciclo-delle-navi-stabili-wirana\/","og_locale":"it_IT","og_type":"article","og_title":"Prezzi di riciclo delle navi stabili \u2013 Wirana - ITJ | International Transport Journal","og_description":"Nonostante i deboli mercati dell'acciaio, i prezzi per il riciclo delle navi in importanti regioni rimangono stabili, mentre la domanda \u00e8 disomogenea e gli acquirenti sono selettivi.","og_url":"https:\/\/transportjournal.com\/it\/2026\/04\/27\/prezzi-di-riciclo-delle-navi-stabili-wirana\/","og_site_name":"ITJ | International Transport Journal","article_published_time":"2026-04-27T10:49:21+00:00","og_image":[{"width":535,"height":301,"url":"https:\/\/transportjournal.com\/wp-content\/uploads\/sites\/2\/2026\/04\/Wirana-Shipping-Corporation-CREO-Rakesk-Khetan-Foto-Wirana_55143388648_97c332cc59_c-aspect-ratio-1400-788.jpg","type":"image\/jpeg"}],"author":"Gyan Sharan","twitter_card":"summary_large_image","twitter_misc":{"Scritto da":"Gyan Sharan","Tempo di lettura stimato":"1 minuto"},"schema":{"@context":"https:\/\/schema.org","@graph":[{"@type":"Article","@id":"https:\/\/transportjournal.com\/it\/2026\/04\/27\/prezzi-di-riciclo-delle-navi-stabili-wirana\/#article","isPartOf":{"@id":"https:\/\/transportjournal.com\/it\/2026\/04\/27\/prezzi-di-riciclo-delle-navi-stabili-wirana\/"},"author":{"name":"Gyan Sharan","@id":"https:\/\/transportjournal.com\/it\/#\/schema\/person\/13a9fc605c753db60ef7750a229cd042"},"headline":"Prezzi di riciclo delle navi stabili \u2013 Wirana","datePublished":"2026-04-27T10:49:21+00:00","mainEntityOfPage":{"@id":"https:\/\/transportjournal.com\/it\/2026\/04\/27\/prezzi-di-riciclo-delle-navi-stabili-wirana\/"},"wordCount":220,"commentCount":0,"publisher":{"@id":"https:\/\/transportjournal.com\/it\/#organization"},"image":{"@id":"https:\/\/transportjournal.com\/it\/2026\/04\/27\/prezzi-di-riciclo-delle-navi-stabili-wirana\/#primaryimage"},"thumbnailUrl":"https:\/\/transportjournal.com\/wp-content\/uploads\/sites\/2\/2026\/04\/Wirana-Shipping-Corporation-CREO-Rakesk-Khetan-Foto-Wirana_55143388648_97c332cc59_c-aspect-ratio-1400-788.jpg","keywords":["analyse du march\u00e9 du recyclage de navires","Bangladesch","Bangladesh","demand for steel","demande d'acier","d\u00e9molition de navires","Deutsch Schiffsrecycling","green ship recycling","gr\u00fcne Schiffsrecycling","Inde","India","Indien","industrie du recyclage","industrie du transport","infrastructure projects","Infrastrukturprojekte","march\u00e9 de l'acier","Marktanalyse Schiffsrecycling","Nachfrage nach Stahl","Pakistan","prix de l'acier","prix de recyclage","prix des ferrailles","prix stables du recyclage de navires","projets d'infrastructure","recyclage de navires \u00e9cologique","recycleurs de navires","recycling industry","recycling prices","Recyclingindustrie","Recyclingpreise","Schiffsabbruch English ship recycling","Schiffsrecycler","Schiffsverkauf","Schrottpreise","scrap prices","ship recyclers","ship recycling market analysis","ship sales","shipbreaking Fran\u00e7ais recyclage de navires","stabile Preise Schiffsrecycling","stable ship recycling prices","Stahlmarkt","Stahlpreise","steel market","steel prices","transport industry","Transportwirtschaft","T\u00fcrkei","Turkey","Turquie","vente de navires","Wirana Shipping"],"articleSection":["Spedizioni e porti"],"inLanguage":"it-IT","potentialAction":[{"@type":"CommentAction","name":"Comment","target":["https:\/\/transportjournal.com\/it\/2026\/04\/27\/prezzi-di-riciclo-delle-navi-stabili-wirana\/#respond"]}]},{"@type":"WebPage","@id":"https:\/\/transportjournal.com\/it\/2026\/04\/27\/prezzi-di-riciclo-delle-navi-stabili-wirana\/","url":"https:\/\/transportjournal.com\/it\/2026\/04\/27\/prezzi-di-riciclo-delle-navi-stabili-wirana\/","name":"Prezzi di riciclo delle navi stabili \u2013 Wirana - ITJ | International Transport Journal","isPartOf":{"@id":"https:\/\/transportjournal.com\/it\/#website"},"primaryImageOfPage":{"@id":"https:\/\/transportjournal.com\/it\/2026\/04\/27\/prezzi-di-riciclo-delle-navi-stabili-wirana\/#primaryimage"},"image":{"@id":"https:\/\/transportjournal.com\/it\/2026\/04\/27\/prezzi-di-riciclo-delle-navi-stabili-wirana\/#primaryimage"},"thumbnailUrl":"https:\/\/transportjournal.com\/wp-content\/uploads\/sites\/2\/2026\/04\/Wirana-Shipping-Corporation-CREO-Rakesk-Khetan-Foto-Wirana_55143388648_97c332cc59_c-aspect-ratio-1400-788.jpg","datePublished":"2026-04-27T10:49:21+00:00","breadcrumb":{"@id":"https:\/\/transportjournal.com\/it\/2026\/04\/27\/prezzi-di-riciclo-delle-navi-stabili-wirana\/#breadcrumb"},"inLanguage":"it-IT","potentialAction":[{"@type":"ReadAction","target":["https:\/\/transportjournal.com\/it\/2026\/04\/27\/prezzi-di-riciclo-delle-navi-stabili-wirana\/"]}]},{"@type":"ImageObject","inLanguage":"it-IT","@id":"https:\/\/transportjournal.com\/it\/2026\/04\/27\/prezzi-di-riciclo-delle-navi-stabili-wirana\/#primaryimage","url":"https:\/\/transportjournal.com\/wp-content\/uploads\/sites\/2\/2026\/04\/Wirana-Shipping-Corporation-CREO-Rakesk-Khetan-Foto-Wirana_55143388648_97c332cc59_c-aspect-ratio-1400-788.jpg","contentUrl":"https:\/\/transportjournal.com\/wp-content\/uploads\/sites\/2\/2026\/04\/Wirana-Shipping-Corporation-CREO-Rakesk-Khetan-Foto-Wirana_55143388648_97c332cc59_c-aspect-ratio-1400-788.jpg","width":535,"height":301},{"@type":"BreadcrumbList","@id":"https:\/\/transportjournal.com\/it\/2026\/04\/27\/prezzi-di-riciclo-delle-navi-stabili-wirana\/#breadcrumb","itemListElement":[{"@type":"ListItem","position":1,"name":"Startseite","item":"https:\/\/transportjournal.com\/it\/"},{"@type":"ListItem","position":2,"name":"Prezzi di riciclo delle navi stabili \u2013 Wirana"}]},{"@type":"WebSite","@id":"https:\/\/transportjournal.com\/it\/#website","url":"https:\/\/transportjournal.com\/it\/","name":"ITJ | International Transport Journal","description":"Stay informed with the latest global news from the transport, logistics, and supply chain industries. Transport Journal delivers expert insights, analysis, and updates across shipping, aviation, intermodal, and forwarding.","publisher":{"@id":"https:\/\/transportjournal.com\/it\/#organization"},"potentialAction":[{"@type":"SearchAction","target":{"@type":"EntryPoint","urlTemplate":"https:\/\/transportjournal.com\/it\/?s={search_term_string}"},"query-input":{"@type":"PropertyValueSpecification","valueRequired":true,"valueName":"search_term_string"}}],"inLanguage":"it-IT"},{"@type":"Organization","@id":"https:\/\/transportjournal.com\/it\/#organization","name":"Logismedia Group AG","alternateName":"Logismedia Group AG","url":"https:\/\/transportjournal.com\/it\/","logo":{"@type":"ImageObject","inLanguage":"it-IT","@id":"https:\/\/transportjournal.com\/it\/#\/schema\/logo\/image\/","url":"https:\/\/transportjournal.com\/wp-content\/uploads\/sites\/2\/2025\/09\/Logo_ITJ.png","contentUrl":"https:\/\/transportjournal.com\/wp-content\/uploads\/sites\/2\/2025\/09\/Logo_ITJ.png","width":799,"height":326,"caption":"Logismedia Group AG"},"image":{"@id":"https:\/\/transportjournal.com\/it\/#\/schema\/logo\/image\/"},"sameAs":["https:\/\/www.linkedin.com\/company\/56456496\/admin\/dashboard\/","https:\/\/www.instagram.com\/logismediagroup\/","https:\/\/www.youtube.com\/@LogiamediaGroupAG"]},{"@type":"Person","@id":"https:\/\/transportjournal.com\/it\/#\/schema\/person\/13a9fc605c753db60ef7750a229cd042","name":"Gyan Sharan","url":"https:\/\/transportjournal.com\/it\/author\/gyan\/"}]}},"_links":{"self":[{"href":"https:\/\/transportjournal.com\/it\/wp-json\/wp\/v2\/posts\/86797","targetHints":{"allow":["GET"]}}],"collection":[{"href":"https:\/\/transportjournal.com\/it\/wp-json\/wp\/v2\/posts"}],"about":[{"href":"https:\/\/transportjournal.com\/it\/wp-json\/wp\/v2\/types\/post"}],"author":[{"embeddable":true,"href":"https:\/\/transportjournal.com\/it\/wp-json\/wp\/v2\/users\/14"}],"replies":[{"embeddable":true,"href":"https:\/\/transportjournal.com\/it\/wp-json\/wp\/v2\/comments?post=86797"}],"version-history":[{"count":0,"href":"https:\/\/transportjournal.com\/it\/wp-json\/wp\/v2\/posts\/86797\/revisions"}],"wp:featuredmedia":[{"embeddable":true,"href":"https:\/\/transportjournal.com\/it\/wp-json\/wp\/v2\/media\/86793"}],"wp:attachment":[{"href":"https:\/\/transportjournal.com\/it\/wp-json\/wp\/v2\/media?parent=86797"}],"wp:term":[{"taxonomy":"category","embeddable":true,"href":"https:\/\/transportjournal.com\/it\/wp-json\/wp\/v2\/categories?post=86797"},{"taxonomy":"post_tag","embeddable":true,"href":"https:\/\/transportjournal.com\/it\/wp-json\/wp\/v2\/tags?post=86797"}],"curies":[{"name":"wp","href":"https:\/\/api.w.org\/{rel}","templated":true}]}}