{"id":86782,"date":"2026-04-27T10:21:57","date_gmt":"2026-04-27T10:21:57","guid":{"rendered":"https:\/\/transportjournal.com\/2026\/04\/27\/iaa-transportation-2026-amplia-le-prove-su-strada\/"},"modified":"2026-04-27T12:38:26","modified_gmt":"2026-04-27T10:38:26","slug":"iaa-transportation-2026-amplia-le-prove-su-strada","status":"publish","type":"post","link":"https:\/\/transportjournal.com\/it\/2026\/04\/27\/iaa-transportation-2026-amplia-le-prove-su-strada\/","title":{"rendered":"IAA TRANSPORTATION 2026 amplia le prove su strada"},"content":{"rendered":"<p>La IAA TRANSPORTATION 2026 presenter\u00e0 nuovamente a Hannover un programma per visitatori professionali e interessati. Al centro dell&#8217;attenzione c&#8217;\u00e8 un nuovo concetto di padiglione che mette in primo piano il test pratico dei veicoli commerciali, come comunica l&#8217;azienda. I visitatori avranno la possibilit\u00e0 di prenotare test drive direttamente presso gli stand degli espositori MAN Truck &amp; Bus e Volvo Trucks. Questo mira a offrire ai visitatori un&#8217;esperienza diretta delle ultime innovazioni nella tecnologia dei veicoli commerciali.<\/p>\n<h3>Esperienze pratiche al centro<\/h3>\n<p>Il &#8222;programma di test drive&#8220; della IAA TRANSPORTATION 2026 consente ai partecipanti di vivere da vicino soluzioni di mobilit\u00e0. Secondo gli organizzatori, questa offerta ha suscitato un grande interesse in passato, portando a una domanda crescente. Per soddisfare questa richiesta, il programma sar\u00e0 ulteriormente ampliato per la prossima fiera. I test drive partiranno direttamente dal padiglione 11, appositamente progettato per queste attivit\u00e0.<\/p>\n<p><a href=\"https:\/\/www.iaa-transportation.com\/de\" target=\"_blank\" rel=\"noopener noreferrer\">www.iaa-transportation.com<\/a><\/p>\n<p>&nbsp;<\/p>\n","protected":false},"excerpt":{"rendered":"<p>L&#8217;IAA TRANSPORTATION 2026 a Hannover offre un programma di &#8220;Test Drive&#8221; ampliato, che mira a rendere esperibili le soluzioni di mobilit\u00e0.<\/p>\n","protected":false},"author":10,"featured_media":86778,"comment_status":"open","ping_status":"","sticky":false,"template":"","format":"standard","meta":{"_acf_changed":false,"footnotes":""},"categories":[9092,1638,1628],"tags":[36315,42453,42454,35849,35850,42455,42456,42457,42458,42459,2122,42460,42461,42462,42463,10645,3328,3994,4000,2133,1831,42464,42465,42466,42467,35862,42468,2145,2148,42469,42470,10012,3572,42471,42472,36346,42473,42474,42475,42476,42477,42478,42479,13813,42480,42481,42482,42483,8592,42484,42485,42486,42487,6924],"class_list":["post-86782","post","type-post","status-publish","format-standard","has-post-thumbnail","hentry","category-deutschland","category-europa","category-intermodale-strada","tag-commercial-vehicle-technology","tag-concept-de-hall-iaa","tag-deutsch-iaa-transportation-2026","tag-digitalisierung-transport","tag-digitalization-transport","tag-durabilite-des-vehicules-utilitaires","tag-essais-de-conduite-foire","tag-essais-de-vehicules-utilitaires","tag-experiences-des-visiteurs-foire","tag-fachbesuchende-iaa","tag-fachkraeftemangel-logistik","tag-foire-de-hanovre","tag-hall-concept-iaa","tag-hallenkonzept-iaa","tag-hannover-fair","tag-industrie-du-transport-allemagne","tag-infrastructure-logistique","tag-infrastruktur-logistik","tag-logistics-infrastructure","tag-logistics-service-providers","tag-logistikdienstleister","tag-man-truck-bus","tag-messe-hannover","tag-messebesucher-erfahrungen","tag-nachhaltigkeit-nutzfahrzeuge","tag-numerisation-du-transport","tag-nutzfahrzeugtechnologie","tag-penurie-de-main-doeuvre-logistique","tag-prestataires-de-services-logistiques","tag-probefahrten-messe","tag-programme-dessai-de-conduite","tag-skilled-labor-shortage-logistics","tag-solutions-de-transport","tag-solutions-de-transport-iaa","tag-sustainability-commercial-vehicles","tag-technologie-des-vehicules-utilitaires","tag-technologies-de-transport","tag-test-drive-program","tag-test-drive-programm","tag-test-drives-commercial-vehicles","tag-test-drives-fair","tag-testfahrten-nutzfahrzeuge","tag-trade-visitors-iaa","tag-transport-industry-germany","tag-transportation-solutions","tag-transportation-solutions-iaa-francais-iaa-transportation-2026","tag-transportation-technologies","tag-transportloesungen-iaa-english-iaa-transportation-2026","tag-transportwirtschaft-deutschland","tag-verkehrsloesungen","tag-verkehrstechnologien","tag-visiteurs-professionnels-iaa","tag-visitor-experiences-fair","tag-volvo-trucks"],"acf":[],"yoast_head":"<!-- This site is optimized with the Yoast SEO plugin v27.3 - https:\/\/yoast.com\/product\/yoast-seo-wordpress\/ -->\n<title>IAA TRANSPORTATION 2026 amplia le prove su strada - ITJ | International Transport Journal<\/title>\n<meta name=\"robots\" content=\"index, follow, max-snippet:-1, max-image-preview:large, max-video-preview:-1\" \/>\n<link rel=\"canonical\" href=\"https:\/\/transportjournal.com\/it\/2026\/04\/27\/iaa-transportation-2026-amplia-le-prove-su-strada\/\" \/>\n<meta property=\"og:locale\" content=\"it_IT\" \/>\n<meta property=\"og:type\" content=\"article\" \/>\n<meta property=\"og:title\" content=\"IAA TRANSPORTATION 2026 amplia le prove su strada - ITJ | International Transport Journal\" \/>\n<meta property=\"og:description\" content=\"L&#039;IAA TRANSPORTATION 2026 a Hannover offre un programma di &quot;Test Drive&quot; ampliato, che mira a rendere esperibili le soluzioni di mobilit\u00e0.\" \/>\n<meta property=\"og:url\" content=\"https:\/\/transportjournal.com\/it\/2026\/04\/27\/iaa-transportation-2026-amplia-le-prove-su-strada\/\" \/>\n<meta property=\"og:site_name\" content=\"ITJ | International Transport Journal\" \/>\n<meta property=\"article:published_time\" content=\"2026-04-27T10:21:57+00:00\" \/>\n<meta property=\"article:modified_time\" content=\"2026-04-27T10:38:26+00:00\" \/>\n<meta property=\"og:image\" content=\"https:\/\/transportjournal.com\/wp-content\/uploads\/sites\/2\/2026\/04\/AdobeStock_40613408-scaled-aspect-ratio-1400-788-scaled-1.jpeg\" \/>\n\t<meta property=\"og:image:width\" content=\"2560\" \/>\n\t<meta property=\"og:image:height\" content=\"1441\" \/>\n\t<meta property=\"og:image:type\" content=\"image\/jpeg\" \/>\n<meta name=\"author\" content=\"Jeremy Soland\" \/>\n<meta name=\"twitter:card\" content=\"summary_large_image\" \/>\n<meta name=\"twitter:label1\" content=\"Scritto da\" \/>\n\t<meta name=\"twitter:data1\" content=\"Jeremy Soland\" \/>\n\t<meta name=\"twitter:label2\" content=\"Tempo di lettura stimato\" \/>\n\t<meta name=\"twitter:data2\" content=\"1 minuto\" \/>\n<script type=\"application\/ld+json\" class=\"yoast-schema-graph\">{\"@context\":\"https:\\\/\\\/schema.org\",\"@graph\":[{\"@type\":\"Article\",\"@id\":\"https:\\\/\\\/transportjournal.com\\\/it\\\/2026\\\/04\\\/27\\\/iaa-transportation-2026-amplia-le-prove-su-strada\\\/#article\",\"isPartOf\":{\"@id\":\"https:\\\/\\\/transportjournal.com\\\/it\\\/2026\\\/04\\\/27\\\/iaa-transportation-2026-amplia-le-prove-su-strada\\\/\"},\"author\":{\"name\":\"Jeremy Soland\",\"@id\":\"https:\\\/\\\/transportjournal.com\\\/it\\\/#\\\/schema\\\/person\\\/41d36b5474b623392fa613e97e2363fa\"},\"headline\":\"IAA TRANSPORTATION 2026 amplia le prove su strada\",\"datePublished\":\"2026-04-27T10:21:57+00:00\",\"dateModified\":\"2026-04-27T10:38:26+00:00\",\"mainEntityOfPage\":{\"@id\":\"https:\\\/\\\/transportjournal.com\\\/it\\\/2026\\\/04\\\/27\\\/iaa-transportation-2026-amplia-le-prove-su-strada\\\/\"},\"wordCount\":153,\"commentCount\":0,\"publisher\":{\"@id\":\"https:\\\/\\\/transportjournal.com\\\/it\\\/#organization\"},\"image\":{\"@id\":\"https:\\\/\\\/transportjournal.com\\\/it\\\/2026\\\/04\\\/27\\\/iaa-transportation-2026-amplia-le-prove-su-strada\\\/#primaryimage\"},\"thumbnailUrl\":\"https:\\\/\\\/transportjournal.com\\\/wp-content\\\/uploads\\\/sites\\\/2\\\/2026\\\/04\\\/AdobeStock_40613408-scaled-aspect-ratio-1400-788-scaled-1.jpeg\",\"keywords\":[\"commercial vehicle technology\",\"concept de hall IAA\",\"Deutsch IAA TRANSPORTATION 2026\",\"Digitalisierung Transport\",\"digitalization transport\",\"durabilit\u00e9 des v\u00e9hicules utilitaires\",\"essais de conduite foire\",\"essais de v\u00e9hicules utilitaires\",\"exp\u00e9riences des visiteurs foire\",\"Fachbesuchende IAA\",\"Fachkr\u00e4ftemangel Logistik\",\"foire de Hanovre\",\"hall concept IAA\",\"Hallenkonzept IAA\",\"Hannover fair\",\"industrie du transport Allemagne\",\"infrastructure logistique\",\"Infrastruktur Logistik\",\"logistics infrastructure\",\"logistics service providers\",\"Logistikdienstleister\",\"MAN Truck &amp; Bus\",\"Messe Hannover\",\"Messebesucher Erfahrungen\",\"Nachhaltigkeit Nutzfahrzeuge\",\"num\u00e9risation du transport\",\"Nutzfahrzeugtechnologie\",\"p\u00e9nurie de main-d'\u0153uvre logistique\",\"prestataires de services logistiques\",\"Probefahrten Messe\",\"programme d'essai de conduite\",\"skilled labor shortage logistics\",\"solutions de transport\",\"solutions de transport IAA\",\"sustainability commercial vehicles\",\"technologie des v\u00e9hicules utilitaires\",\"technologies de transport\",\"test drive program\",\"Test Drive-Programm\",\"test drives commercial vehicles\",\"test drives fair\",\"Testfahrten Nutzfahrzeuge\",\"trade visitors IAA\",\"transport industry Germany\",\"transportation solutions\",\"transportation solutions IAA Fran\u00e7ais IAA TRANSPORTATION 2026\",\"transportation technologies\",\"Transportl\u00f6sungen IAA English IAA TRANSPORTATION 2026\",\"Transportwirtschaft Deutschland\",\"Verkehrsl\u00f6sungen\",\"Verkehrstechnologien\",\"visiteurs professionnels IAA\",\"visitor experiences fair\",\"Volvo Trucks\"],\"articleSection\":[\"Deutschland\",\"Europa\",\"Intermodale \\\/ Strada\"],\"inLanguage\":\"it-IT\",\"potentialAction\":[{\"@type\":\"CommentAction\",\"name\":\"Comment\",\"target\":[\"https:\\\/\\\/transportjournal.com\\\/it\\\/2026\\\/04\\\/27\\\/iaa-transportation-2026-amplia-le-prove-su-strada\\\/#respond\"]}]},{\"@type\":\"WebPage\",\"@id\":\"https:\\\/\\\/transportjournal.com\\\/it\\\/2026\\\/04\\\/27\\\/iaa-transportation-2026-amplia-le-prove-su-strada\\\/\",\"url\":\"https:\\\/\\\/transportjournal.com\\\/it\\\/2026\\\/04\\\/27\\\/iaa-transportation-2026-amplia-le-prove-su-strada\\\/\",\"name\":\"IAA TRANSPORTATION 2026 amplia le prove su strada - ITJ | International Transport Journal\",\"isPartOf\":{\"@id\":\"https:\\\/\\\/transportjournal.com\\\/it\\\/#website\"},\"primaryImageOfPage\":{\"@id\":\"https:\\\/\\\/transportjournal.com\\\/it\\\/2026\\\/04\\\/27\\\/iaa-transportation-2026-amplia-le-prove-su-strada\\\/#primaryimage\"},\"image\":{\"@id\":\"https:\\\/\\\/transportjournal.com\\\/it\\\/2026\\\/04\\\/27\\\/iaa-transportation-2026-amplia-le-prove-su-strada\\\/#primaryimage\"},\"thumbnailUrl\":\"https:\\\/\\\/transportjournal.com\\\/wp-content\\\/uploads\\\/sites\\\/2\\\/2026\\\/04\\\/AdobeStock_40613408-scaled-aspect-ratio-1400-788-scaled-1.jpeg\",\"datePublished\":\"2026-04-27T10:21:57+00:00\",\"dateModified\":\"2026-04-27T10:38:26+00:00\",\"breadcrumb\":{\"@id\":\"https:\\\/\\\/transportjournal.com\\\/it\\\/2026\\\/04\\\/27\\\/iaa-transportation-2026-amplia-le-prove-su-strada\\\/#breadcrumb\"},\"inLanguage\":\"it-IT\",\"potentialAction\":[{\"@type\":\"ReadAction\",\"target\":[\"https:\\\/\\\/transportjournal.com\\\/it\\\/2026\\\/04\\\/27\\\/iaa-transportation-2026-amplia-le-prove-su-strada\\\/\"]}]},{\"@type\":\"ImageObject\",\"inLanguage\":\"it-IT\",\"@id\":\"https:\\\/\\\/transportjournal.com\\\/it\\\/2026\\\/04\\\/27\\\/iaa-transportation-2026-amplia-le-prove-su-strada\\\/#primaryimage\",\"url\":\"https:\\\/\\\/transportjournal.com\\\/wp-content\\\/uploads\\\/sites\\\/2\\\/2026\\\/04\\\/AdobeStock_40613408-scaled-aspect-ratio-1400-788-scaled-1.jpeg\",\"contentUrl\":\"https:\\\/\\\/transportjournal.com\\\/wp-content\\\/uploads\\\/sites\\\/2\\\/2026\\\/04\\\/AdobeStock_40613408-scaled-aspect-ratio-1400-788-scaled-1.jpeg\",\"width\":2560,\"height\":1441},{\"@type\":\"BreadcrumbList\",\"@id\":\"https:\\\/\\\/transportjournal.com\\\/it\\\/2026\\\/04\\\/27\\\/iaa-transportation-2026-amplia-le-prove-su-strada\\\/#breadcrumb\",\"itemListElement\":[{\"@type\":\"ListItem\",\"position\":1,\"name\":\"Startseite\",\"item\":\"https:\\\/\\\/transportjournal.com\\\/it\\\/\"},{\"@type\":\"ListItem\",\"position\":2,\"name\":\"IAA TRANSPORTATION 2026 amplia le prove su strada\"}]},{\"@type\":\"WebSite\",\"@id\":\"https:\\\/\\\/transportjournal.com\\\/it\\\/#website\",\"url\":\"https:\\\/\\\/transportjournal.com\\\/it\\\/\",\"name\":\"ITJ | International Transport Journal\",\"description\":\"Stay informed with the latest global news from the transport, logistics, and supply chain industries. Transport Journal delivers expert insights, analysis, and updates across shipping, aviation, intermodal, and forwarding.\",\"publisher\":{\"@id\":\"https:\\\/\\\/transportjournal.com\\\/it\\\/#organization\"},\"potentialAction\":[{\"@type\":\"SearchAction\",\"target\":{\"@type\":\"EntryPoint\",\"urlTemplate\":\"https:\\\/\\\/transportjournal.com\\\/it\\\/?s={search_term_string}\"},\"query-input\":{\"@type\":\"PropertyValueSpecification\",\"valueRequired\":true,\"valueName\":\"search_term_string\"}}],\"inLanguage\":\"it-IT\"},{\"@type\":\"Organization\",\"@id\":\"https:\\\/\\\/transportjournal.com\\\/it\\\/#organization\",\"name\":\"Logismedia Group AG\",\"alternateName\":\"Logismedia Group AG\",\"url\":\"https:\\\/\\\/transportjournal.com\\\/it\\\/\",\"logo\":{\"@type\":\"ImageObject\",\"inLanguage\":\"it-IT\",\"@id\":\"https:\\\/\\\/transportjournal.com\\\/it\\\/#\\\/schema\\\/logo\\\/image\\\/\",\"url\":\"https:\\\/\\\/transportjournal.com\\\/wp-content\\\/uploads\\\/sites\\\/2\\\/2025\\\/09\\\/Logo_ITJ.png\",\"contentUrl\":\"https:\\\/\\\/transportjournal.com\\\/wp-content\\\/uploads\\\/sites\\\/2\\\/2025\\\/09\\\/Logo_ITJ.png\",\"width\":799,\"height\":326,\"caption\":\"Logismedia Group AG\"},\"image\":{\"@id\":\"https:\\\/\\\/transportjournal.com\\\/it\\\/#\\\/schema\\\/logo\\\/image\\\/\"},\"sameAs\":[\"https:\\\/\\\/www.linkedin.com\\\/company\\\/56456496\\\/admin\\\/dashboard\\\/\",\"https:\\\/\\\/www.instagram.com\\\/logismediagroup\\\/\",\"https:\\\/\\\/www.youtube.com\\\/@LogiamediaGroupAG\"]},{\"@type\":\"Person\",\"@id\":\"https:\\\/\\\/transportjournal.com\\\/it\\\/#\\\/schema\\\/person\\\/41d36b5474b623392fa613e97e2363fa\",\"name\":\"Jeremy Soland\",\"url\":\"https:\\\/\\\/transportjournal.com\\\/it\\\/author\\\/jeremy\\\/\"}]}<\/script>\n<!-- \/ Yoast SEO plugin. -->","yoast_head_json":{"title":"IAA TRANSPORTATION 2026 amplia le prove su strada - ITJ | International Transport Journal","robots":{"index":"index","follow":"follow","max-snippet":"max-snippet:-1","max-image-preview":"max-image-preview:large","max-video-preview":"max-video-preview:-1"},"canonical":"https:\/\/transportjournal.com\/it\/2026\/04\/27\/iaa-transportation-2026-amplia-le-prove-su-strada\/","og_locale":"it_IT","og_type":"article","og_title":"IAA TRANSPORTATION 2026 amplia le prove su strada - ITJ | International Transport Journal","og_description":"L'IAA TRANSPORTATION 2026 a Hannover offre un programma di \"Test Drive\" ampliato, che mira a rendere esperibili le soluzioni di mobilit\u00e0.","og_url":"https:\/\/transportjournal.com\/it\/2026\/04\/27\/iaa-transportation-2026-amplia-le-prove-su-strada\/","og_site_name":"ITJ | International Transport Journal","article_published_time":"2026-04-27T10:21:57+00:00","article_modified_time":"2026-04-27T10:38:26+00:00","og_image":[{"width":2560,"height":1441,"url":"https:\/\/transportjournal.com\/wp-content\/uploads\/sites\/2\/2026\/04\/AdobeStock_40613408-scaled-aspect-ratio-1400-788-scaled-1.jpeg","type":"image\/jpeg"}],"author":"Jeremy Soland","twitter_card":"summary_large_image","twitter_misc":{"Scritto da":"Jeremy Soland","Tempo di lettura stimato":"1 minuto"},"schema":{"@context":"https:\/\/schema.org","@graph":[{"@type":"Article","@id":"https:\/\/transportjournal.com\/it\/2026\/04\/27\/iaa-transportation-2026-amplia-le-prove-su-strada\/#article","isPartOf":{"@id":"https:\/\/transportjournal.com\/it\/2026\/04\/27\/iaa-transportation-2026-amplia-le-prove-su-strada\/"},"author":{"name":"Jeremy Soland","@id":"https:\/\/transportjournal.com\/it\/#\/schema\/person\/41d36b5474b623392fa613e97e2363fa"},"headline":"IAA TRANSPORTATION 2026 amplia le prove su strada","datePublished":"2026-04-27T10:21:57+00:00","dateModified":"2026-04-27T10:38:26+00:00","mainEntityOfPage":{"@id":"https:\/\/transportjournal.com\/it\/2026\/04\/27\/iaa-transportation-2026-amplia-le-prove-su-strada\/"},"wordCount":153,"commentCount":0,"publisher":{"@id":"https:\/\/transportjournal.com\/it\/#organization"},"image":{"@id":"https:\/\/transportjournal.com\/it\/2026\/04\/27\/iaa-transportation-2026-amplia-le-prove-su-strada\/#primaryimage"},"thumbnailUrl":"https:\/\/transportjournal.com\/wp-content\/uploads\/sites\/2\/2026\/04\/AdobeStock_40613408-scaled-aspect-ratio-1400-788-scaled-1.jpeg","keywords":["commercial vehicle technology","concept de hall IAA","Deutsch IAA TRANSPORTATION 2026","Digitalisierung Transport","digitalization transport","durabilit\u00e9 des v\u00e9hicules utilitaires","essais de conduite foire","essais de v\u00e9hicules utilitaires","exp\u00e9riences des visiteurs foire","Fachbesuchende IAA","Fachkr\u00e4ftemangel Logistik","foire de Hanovre","hall concept IAA","Hallenkonzept IAA","Hannover fair","industrie du transport Allemagne","infrastructure logistique","Infrastruktur Logistik","logistics infrastructure","logistics service providers","Logistikdienstleister","MAN Truck &amp; Bus","Messe Hannover","Messebesucher Erfahrungen","Nachhaltigkeit Nutzfahrzeuge","num\u00e9risation du transport","Nutzfahrzeugtechnologie","p\u00e9nurie de main-d'\u0153uvre logistique","prestataires de services logistiques","Probefahrten Messe","programme d'essai de conduite","skilled labor shortage logistics","solutions de transport","solutions de transport IAA","sustainability commercial vehicles","technologie des v\u00e9hicules utilitaires","technologies de transport","test drive program","Test Drive-Programm","test drives commercial vehicles","test drives fair","Testfahrten Nutzfahrzeuge","trade visitors IAA","transport industry Germany","transportation solutions","transportation solutions IAA Fran\u00e7ais IAA TRANSPORTATION 2026","transportation technologies","Transportl\u00f6sungen IAA English IAA TRANSPORTATION 2026","Transportwirtschaft Deutschland","Verkehrsl\u00f6sungen","Verkehrstechnologien","visiteurs professionnels IAA","visitor experiences fair","Volvo Trucks"],"articleSection":["Deutschland","Europa","Intermodale \/ Strada"],"inLanguage":"it-IT","potentialAction":[{"@type":"CommentAction","name":"Comment","target":["https:\/\/transportjournal.com\/it\/2026\/04\/27\/iaa-transportation-2026-amplia-le-prove-su-strada\/#respond"]}]},{"@type":"WebPage","@id":"https:\/\/transportjournal.com\/it\/2026\/04\/27\/iaa-transportation-2026-amplia-le-prove-su-strada\/","url":"https:\/\/transportjournal.com\/it\/2026\/04\/27\/iaa-transportation-2026-amplia-le-prove-su-strada\/","name":"IAA TRANSPORTATION 2026 amplia le prove su strada - ITJ | International Transport Journal","isPartOf":{"@id":"https:\/\/transportjournal.com\/it\/#website"},"primaryImageOfPage":{"@id":"https:\/\/transportjournal.com\/it\/2026\/04\/27\/iaa-transportation-2026-amplia-le-prove-su-strada\/#primaryimage"},"image":{"@id":"https:\/\/transportjournal.com\/it\/2026\/04\/27\/iaa-transportation-2026-amplia-le-prove-su-strada\/#primaryimage"},"thumbnailUrl":"https:\/\/transportjournal.com\/wp-content\/uploads\/sites\/2\/2026\/04\/AdobeStock_40613408-scaled-aspect-ratio-1400-788-scaled-1.jpeg","datePublished":"2026-04-27T10:21:57+00:00","dateModified":"2026-04-27T10:38:26+00:00","breadcrumb":{"@id":"https:\/\/transportjournal.com\/it\/2026\/04\/27\/iaa-transportation-2026-amplia-le-prove-su-strada\/#breadcrumb"},"inLanguage":"it-IT","potentialAction":[{"@type":"ReadAction","target":["https:\/\/transportjournal.com\/it\/2026\/04\/27\/iaa-transportation-2026-amplia-le-prove-su-strada\/"]}]},{"@type":"ImageObject","inLanguage":"it-IT","@id":"https:\/\/transportjournal.com\/it\/2026\/04\/27\/iaa-transportation-2026-amplia-le-prove-su-strada\/#primaryimage","url":"https:\/\/transportjournal.com\/wp-content\/uploads\/sites\/2\/2026\/04\/AdobeStock_40613408-scaled-aspect-ratio-1400-788-scaled-1.jpeg","contentUrl":"https:\/\/transportjournal.com\/wp-content\/uploads\/sites\/2\/2026\/04\/AdobeStock_40613408-scaled-aspect-ratio-1400-788-scaled-1.jpeg","width":2560,"height":1441},{"@type":"BreadcrumbList","@id":"https:\/\/transportjournal.com\/it\/2026\/04\/27\/iaa-transportation-2026-amplia-le-prove-su-strada\/#breadcrumb","itemListElement":[{"@type":"ListItem","position":1,"name":"Startseite","item":"https:\/\/transportjournal.com\/it\/"},{"@type":"ListItem","position":2,"name":"IAA TRANSPORTATION 2026 amplia le prove su strada"}]},{"@type":"WebSite","@id":"https:\/\/transportjournal.com\/it\/#website","url":"https:\/\/transportjournal.com\/it\/","name":"ITJ | International Transport Journal","description":"Stay informed with the latest global news from the transport, logistics, and supply chain industries. Transport Journal delivers expert insights, analysis, and updates across shipping, aviation, intermodal, and forwarding.","publisher":{"@id":"https:\/\/transportjournal.com\/it\/#organization"},"potentialAction":[{"@type":"SearchAction","target":{"@type":"EntryPoint","urlTemplate":"https:\/\/transportjournal.com\/it\/?s={search_term_string}"},"query-input":{"@type":"PropertyValueSpecification","valueRequired":true,"valueName":"search_term_string"}}],"inLanguage":"it-IT"},{"@type":"Organization","@id":"https:\/\/transportjournal.com\/it\/#organization","name":"Logismedia Group AG","alternateName":"Logismedia Group AG","url":"https:\/\/transportjournal.com\/it\/","logo":{"@type":"ImageObject","inLanguage":"it-IT","@id":"https:\/\/transportjournal.com\/it\/#\/schema\/logo\/image\/","url":"https:\/\/transportjournal.com\/wp-content\/uploads\/sites\/2\/2025\/09\/Logo_ITJ.png","contentUrl":"https:\/\/transportjournal.com\/wp-content\/uploads\/sites\/2\/2025\/09\/Logo_ITJ.png","width":799,"height":326,"caption":"Logismedia Group AG"},"image":{"@id":"https:\/\/transportjournal.com\/it\/#\/schema\/logo\/image\/"},"sameAs":["https:\/\/www.linkedin.com\/company\/56456496\/admin\/dashboard\/","https:\/\/www.instagram.com\/logismediagroup\/","https:\/\/www.youtube.com\/@LogiamediaGroupAG"]},{"@type":"Person","@id":"https:\/\/transportjournal.com\/it\/#\/schema\/person\/41d36b5474b623392fa613e97e2363fa","name":"Jeremy Soland","url":"https:\/\/transportjournal.com\/it\/author\/jeremy\/"}]}},"_links":{"self":[{"href":"https:\/\/transportjournal.com\/it\/wp-json\/wp\/v2\/posts\/86782","targetHints":{"allow":["GET"]}}],"collection":[{"href":"https:\/\/transportjournal.com\/it\/wp-json\/wp\/v2\/posts"}],"about":[{"href":"https:\/\/transportjournal.com\/it\/wp-json\/wp\/v2\/types\/post"}],"author":[{"embeddable":true,"href":"https:\/\/transportjournal.com\/it\/wp-json\/wp\/v2\/users\/10"}],"replies":[{"embeddable":true,"href":"https:\/\/transportjournal.com\/it\/wp-json\/wp\/v2\/comments?post=86782"}],"version-history":[{"count":1,"href":"https:\/\/transportjournal.com\/it\/wp-json\/wp\/v2\/posts\/86782\/revisions"}],"predecessor-version":[{"id":86789,"href":"https:\/\/transportjournal.com\/it\/wp-json\/wp\/v2\/posts\/86782\/revisions\/86789"}],"wp:featuredmedia":[{"embeddable":true,"href":"https:\/\/transportjournal.com\/it\/wp-json\/wp\/v2\/media\/86778"}],"wp:attachment":[{"href":"https:\/\/transportjournal.com\/it\/wp-json\/wp\/v2\/media?parent=86782"}],"wp:term":[{"taxonomy":"category","embeddable":true,"href":"https:\/\/transportjournal.com\/it\/wp-json\/wp\/v2\/categories?post=86782"},{"taxonomy":"post_tag","embeddable":true,"href":"https:\/\/transportjournal.com\/it\/wp-json\/wp\/v2\/tags?post=86782"}],"curies":[{"name":"wp","href":"https:\/\/api.w.org\/{rel}","templated":true}]}}