{"id":86774,"date":"2026-04-27T09:18:29","date_gmt":"2026-04-27T09:18:29","guid":{"rendered":"https:\/\/transportjournal.com\/2026\/04\/27\/le-misure-di-adattamento-climatico-rafforzano-il-porto-di-strasburgo-e-i-porti-dellalto-reno\/"},"modified":"2026-04-27T09:18:29","modified_gmt":"2026-04-27T09:18:29","slug":"le-misure-di-adattamento-climatico-rafforzano-il-porto-di-strasburgo-e-i-porti-dellalto-reno","status":"publish","type":"post","link":"https:\/\/transportjournal.com\/it\/2026\/04\/27\/le-misure-di-adattamento-climatico-rafforzano-il-porto-di-strasburgo-e-i-porti-dellalto-reno\/","title":{"rendered":"Le misure di adattamento climatico rafforzano il porto di Strasburgo e i porti dell&#8217;Alto Reno"},"content":{"rendered":"<p>Il porto di Strasburgo e i porti dell&#8217;Alto Reno hanno presentato, nell&#8217;ambito dei progetti \u00abCrane\u00bb e \u00abClim\u2019Ability Care\u00bb, approcci concreti per l&#8217;adattamento ai cambiamenti climatici. Durante il colloquio finale a Strasburgo (Francia), i rappresentanti dei porti, della scienza e della politica hanno sottolineato l&#8217;importanza delle misure comuni per una navigazione interna resiliente.<\/p>\n<p>Il \u00abprogetto Crane\u00bb ha analizzato per tre anni i rischi climatici come il caldo, la siccit\u00e0, le inondazioni e le tempeste. La base erano i dati su eventi passati e proiezioni fino al 2100. \u00c8 emerso che in particolare le linee ferroviarie portuali, le aree di carico e il personale sono colpiti, mentre altre infrastrutture rimangono pi\u00f9 robuste.<\/p>\n<p>Circa 500 misure sono state valutate, tra cui piani di emergenza, investimenti in impianti resilienti e l&#8217;espansione delle capacit\u00e0 ferroviarie. L&#8217;obiettivo \u00e8 garantire la funzionalit\u00e0 anche in condizioni estreme. La collaborazione dei porti lungo il Reno viene cos\u00ec ulteriormente rafforzata.<\/p>\n<p><a href=\"http:\/\/www.strasbourg.port.fr\" target=\"_blank\" rel=\"noopener noreferrer\">www.strasbourg.port.fr<\/a><\/p>\n","protected":false},"excerpt":{"rendered":"<p>Il porto di Strasburgo e i porti dell&#8217;Alto Reno hanno presentato approcci innovativi per adattarsi ai cambiamenti climatici, al fine di rendere la navigazione interna pi\u00f9 resiliente.<\/p>\n","protected":false},"author":14,"featured_media":86756,"comment_status":"open","ping_status":"","sticky":false,"template":"","format":"standard","meta":{"_acf_changed":false,"footnotes":""},"categories":[1638,1628,1645],"tags":[42423,42424,42425,2842,42426,4155,42427,42428,4156,42429,42430,5008,2115,4521,42431,42432,42433,1889,42434,2909,42435,42436,42437,2125,3682,3683,2859,42438,42439,4171,5021,2862,42440,3157,42441,2925,4096,42442,2929,42443,42444,42445,42446,42447,42448,2391,2392,42449,42450,4099,5036,2155,1837,42451,42452],"class_list":["post-86774","post","type-post","status-publish","format-standard","has-post-thumbnail","hentry","category-europa","category-intermodale-strada","category-uncategorized","tag-adaptation-a-la-chaleur","tag-adaptation-au-climat","tag-adaptation-aux-inondations","tag-binnenschifffahrt","tag-capacite-ferroviaire","tag-changement-climatique","tag-climability-care","tag-climate-adaptation","tag-climate-change","tag-climate-related-risks","tag-deutsch-hafen-strasbourg","tag-developpement-portuaire-durable","tag-digitalisierung-in-der-logistik","tag-digitization-in-logistics","tag-emergency-plans","tag-europaeische-wasserwege-english-strasbourg-port","tag-european-waterways-francais-port-de-strasbourg","tag-fachkraeftemangel","tag-flood-adaptation","tag-hafenbetrieb","tag-heat-adaptation","tag-hitzeanpassung","tag-hochwasseranpassung","tag-industrie-du-transport","tag-infrastructure","tag-infrastruktur","tag-inland-shipping","tag-klimaanpassungen","tag-klimabedingte-risiken","tag-klimawandel","tag-nachhaltige-hafenentwicklung","tag-navigation-interieure","tag-notfallplaene","tag-numerisation-dans-la-logistique","tag-oberrheinhaefen","tag-operations-portuaires","tag-penurie-de-main-doeuvre-qualifiee","tag-plans-durgence","tag-port-operations","tag-ports-du-haut-rhin","tag-project-crane","tag-projekt-crane","tag-projet-crane","tag-rail-capacity","tag-resilience-dans-la-logistique","tag-resilience-in-logistics","tag-resilienz-in-der-logistik","tag-risques-lies-au-climat","tag-schienenkapazitaeten","tag-skilled-labor-shortage","tag-sustainable-port-development","tag-transport-industry","tag-transportwirtschaft","tag-upper-rhine-ports","tag-voies-navigables-europeennes"],"acf":[],"yoast_head":"<!-- This site is optimized with the Yoast SEO plugin v27.3 - https:\/\/yoast.com\/product\/yoast-seo-wordpress\/ -->\n<title>Le misure di adattamento climatico rafforzano il porto di Strasburgo e i porti dell&#8217;Alto Reno - ITJ | International Transport Journal<\/title>\n<meta name=\"robots\" content=\"index, follow, max-snippet:-1, max-image-preview:large, max-video-preview:-1\" \/>\n<link rel=\"canonical\" href=\"https:\/\/transportjournal.com\/it\/2026\/04\/27\/le-misure-di-adattamento-climatico-rafforzano-il-porto-di-strasburgo-e-i-porti-dellalto-reno\/\" \/>\n<meta property=\"og:locale\" content=\"it_IT\" \/>\n<meta property=\"og:type\" content=\"article\" \/>\n<meta property=\"og:title\" content=\"Le misure di adattamento climatico rafforzano il porto di Strasburgo e i porti dell&#8217;Alto Reno - ITJ | International Transport Journal\" \/>\n<meta property=\"og:description\" content=\"Il porto di Strasburgo e i porti dell&#039;Alto Reno hanno presentato approcci innovativi per adattarsi ai cambiamenti climatici, al fine di rendere la navigazione interna pi\u00f9 resiliente.\" \/>\n<meta property=\"og:url\" content=\"https:\/\/transportjournal.com\/it\/2026\/04\/27\/le-misure-di-adattamento-climatico-rafforzano-il-porto-di-strasburgo-e-i-porti-dellalto-reno\/\" \/>\n<meta property=\"og:site_name\" content=\"ITJ | International Transport Journal\" \/>\n<meta property=\"article:published_time\" content=\"2026-04-27T09:18:29+00:00\" \/>\n<meta property=\"og:image\" content=\"https:\/\/transportjournal.com\/wp-content\/uploads\/sites\/2\/2026\/04\/Leichter-auf-der-Rhone-in-Lyon-France-Foto-Adobe-Stock-Nic_AdobeStock_821258389-scaled-aspect-ratio-1400-788-scaled-1.jpeg\" \/>\n\t<meta property=\"og:image:width\" content=\"2560\" \/>\n\t<meta property=\"og:image:height\" content=\"1441\" \/>\n\t<meta property=\"og:image:type\" content=\"image\/jpeg\" \/>\n<meta name=\"author\" content=\"Gyan Sharan\" \/>\n<meta name=\"twitter:card\" content=\"summary_large_image\" \/>\n<meta name=\"twitter:label1\" content=\"Scritto da\" \/>\n\t<meta name=\"twitter:data1\" content=\"Gyan Sharan\" \/>\n\t<meta name=\"twitter:label2\" content=\"Tempo di lettura stimato\" \/>\n\t<meta name=\"twitter:data2\" content=\"1 minuto\" \/>\n<script type=\"application\/ld+json\" class=\"yoast-schema-graph\">{\"@context\":\"https:\\\/\\\/schema.org\",\"@graph\":[{\"@type\":\"Article\",\"@id\":\"https:\\\/\\\/transportjournal.com\\\/it\\\/2026\\\/04\\\/27\\\/le-misure-di-adattamento-climatico-rafforzano-il-porto-di-strasburgo-e-i-porti-dellalto-reno\\\/#article\",\"isPartOf\":{\"@id\":\"https:\\\/\\\/transportjournal.com\\\/it\\\/2026\\\/04\\\/27\\\/le-misure-di-adattamento-climatico-rafforzano-il-porto-di-strasburgo-e-i-porti-dellalto-reno\\\/\"},\"author\":{\"name\":\"Gyan Sharan\",\"@id\":\"https:\\\/\\\/transportjournal.com\\\/it\\\/#\\\/schema\\\/person\\\/13a9fc605c753db60ef7750a229cd042\"},\"headline\":\"Le misure di adattamento climatico rafforzano il porto di Strasburgo e i porti dell&#8217;Alto Reno\",\"datePublished\":\"2026-04-27T09:18:29+00:00\",\"mainEntityOfPage\":{\"@id\":\"https:\\\/\\\/transportjournal.com\\\/it\\\/2026\\\/04\\\/27\\\/le-misure-di-adattamento-climatico-rafforzano-il-porto-di-strasburgo-e-i-porti-dellalto-reno\\\/\"},\"wordCount\":173,\"commentCount\":0,\"publisher\":{\"@id\":\"https:\\\/\\\/transportjournal.com\\\/it\\\/#organization\"},\"image\":{\"@id\":\"https:\\\/\\\/transportjournal.com\\\/it\\\/2026\\\/04\\\/27\\\/le-misure-di-adattamento-climatico-rafforzano-il-porto-di-strasburgo-e-i-porti-dellalto-reno\\\/#primaryimage\"},\"thumbnailUrl\":\"https:\\\/\\\/transportjournal.com\\\/wp-content\\\/uploads\\\/sites\\\/2\\\/2026\\\/04\\\/Leichter-auf-der-Rhone-in-Lyon-France-Foto-Adobe-Stock-Nic_AdobeStock_821258389-scaled-aspect-ratio-1400-788-scaled-1.jpeg\",\"keywords\":[\"adaptation \u00e0 la chaleur\",\"adaptation au climat\",\"adaptation aux inondations\",\"Binnenschifffahrt\",\"capacit\u00e9 ferroviaire\",\"changement climatique\",\"Clim\u2019Ability Care\",\"climate adaptation\",\"climate change\",\"climate-related risks\",\"Deutsch Hafen Strasbourg\",\"d\u00e9veloppement portuaire durable\",\"Digitalisierung in der Logistik\",\"digitization in logistics\",\"emergency plans\",\"europ\u00e4ische Wasserwege English Strasbourg port\",\"European waterways Fran\u00e7ais Port de Strasbourg\",\"Fachkr\u00e4ftemangel\",\"flood adaptation\",\"Hafenbetrieb\",\"heat adaptation\",\"Hitzeanpassung\",\"Hochwasseranpassung\",\"industrie du transport\",\"infrastructure\",\"Infrastruktur\",\"inland shipping\",\"Klimaanpassungen\",\"klimabedingte Risiken\",\"Klimawandel\",\"nachhaltige Hafenentwicklung\",\"navigation int\u00e9rieure\",\"Notfallpl\u00e4ne\",\"num\u00e9risation dans la logistique\",\"Oberrheinh\u00e4fen\",\"op\u00e9rations portuaires\",\"p\u00e9nurie de main-d'\u0153uvre qualifi\u00e9e\",\"plans d'urgence\",\"port operations\",\"ports du Haut-Rhin\",\"Project Crane\",\"Projekt Crane\",\"projet Crane\",\"rail capacity\",\"r\u00e9silience dans la logistique\",\"resilience in logistics\",\"Resilienz in der Logistik\",\"risques li\u00e9s au climat\",\"Schienenkapazit\u00e4ten\",\"skilled labor shortage\",\"sustainable port development\",\"transport industry\",\"Transportwirtschaft\",\"Upper Rhine ports\",\"voies navigables europ\u00e9ennes\"],\"articleSection\":[\"Europa\",\"Intermodale \\\/ Strada\",\"Uncategorized\"],\"inLanguage\":\"it-IT\",\"potentialAction\":[{\"@type\":\"CommentAction\",\"name\":\"Comment\",\"target\":[\"https:\\\/\\\/transportjournal.com\\\/it\\\/2026\\\/04\\\/27\\\/le-misure-di-adattamento-climatico-rafforzano-il-porto-di-strasburgo-e-i-porti-dellalto-reno\\\/#respond\"]}]},{\"@type\":\"WebPage\",\"@id\":\"https:\\\/\\\/transportjournal.com\\\/it\\\/2026\\\/04\\\/27\\\/le-misure-di-adattamento-climatico-rafforzano-il-porto-di-strasburgo-e-i-porti-dellalto-reno\\\/\",\"url\":\"https:\\\/\\\/transportjournal.com\\\/it\\\/2026\\\/04\\\/27\\\/le-misure-di-adattamento-climatico-rafforzano-il-porto-di-strasburgo-e-i-porti-dellalto-reno\\\/\",\"name\":\"Le misure di adattamento climatico rafforzano il porto di Strasburgo e i porti dell&#8217;Alto Reno - ITJ | International Transport Journal\",\"isPartOf\":{\"@id\":\"https:\\\/\\\/transportjournal.com\\\/it\\\/#website\"},\"primaryImageOfPage\":{\"@id\":\"https:\\\/\\\/transportjournal.com\\\/it\\\/2026\\\/04\\\/27\\\/le-misure-di-adattamento-climatico-rafforzano-il-porto-di-strasburgo-e-i-porti-dellalto-reno\\\/#primaryimage\"},\"image\":{\"@id\":\"https:\\\/\\\/transportjournal.com\\\/it\\\/2026\\\/04\\\/27\\\/le-misure-di-adattamento-climatico-rafforzano-il-porto-di-strasburgo-e-i-porti-dellalto-reno\\\/#primaryimage\"},\"thumbnailUrl\":\"https:\\\/\\\/transportjournal.com\\\/wp-content\\\/uploads\\\/sites\\\/2\\\/2026\\\/04\\\/Leichter-auf-der-Rhone-in-Lyon-France-Foto-Adobe-Stock-Nic_AdobeStock_821258389-scaled-aspect-ratio-1400-788-scaled-1.jpeg\",\"datePublished\":\"2026-04-27T09:18:29+00:00\",\"breadcrumb\":{\"@id\":\"https:\\\/\\\/transportjournal.com\\\/it\\\/2026\\\/04\\\/27\\\/le-misure-di-adattamento-climatico-rafforzano-il-porto-di-strasburgo-e-i-porti-dellalto-reno\\\/#breadcrumb\"},\"inLanguage\":\"it-IT\",\"potentialAction\":[{\"@type\":\"ReadAction\",\"target\":[\"https:\\\/\\\/transportjournal.com\\\/it\\\/2026\\\/04\\\/27\\\/le-misure-di-adattamento-climatico-rafforzano-il-porto-di-strasburgo-e-i-porti-dellalto-reno\\\/\"]}]},{\"@type\":\"ImageObject\",\"inLanguage\":\"it-IT\",\"@id\":\"https:\\\/\\\/transportjournal.com\\\/it\\\/2026\\\/04\\\/27\\\/le-misure-di-adattamento-climatico-rafforzano-il-porto-di-strasburgo-e-i-porti-dellalto-reno\\\/#primaryimage\",\"url\":\"https:\\\/\\\/transportjournal.com\\\/wp-content\\\/uploads\\\/sites\\\/2\\\/2026\\\/04\\\/Leichter-auf-der-Rhone-in-Lyon-France-Foto-Adobe-Stock-Nic_AdobeStock_821258389-scaled-aspect-ratio-1400-788-scaled-1.jpeg\",\"contentUrl\":\"https:\\\/\\\/transportjournal.com\\\/wp-content\\\/uploads\\\/sites\\\/2\\\/2026\\\/04\\\/Leichter-auf-der-Rhone-in-Lyon-France-Foto-Adobe-Stock-Nic_AdobeStock_821258389-scaled-aspect-ratio-1400-788-scaled-1.jpeg\",\"width\":2560,\"height\":1441},{\"@type\":\"BreadcrumbList\",\"@id\":\"https:\\\/\\\/transportjournal.com\\\/it\\\/2026\\\/04\\\/27\\\/le-misure-di-adattamento-climatico-rafforzano-il-porto-di-strasburgo-e-i-porti-dellalto-reno\\\/#breadcrumb\",\"itemListElement\":[{\"@type\":\"ListItem\",\"position\":1,\"name\":\"Startseite\",\"item\":\"https:\\\/\\\/transportjournal.com\\\/it\\\/\"},{\"@type\":\"ListItem\",\"position\":2,\"name\":\"Le misure di adattamento climatico rafforzano il porto di Strasburgo e i porti dell&#8217;Alto Reno\"}]},{\"@type\":\"WebSite\",\"@id\":\"https:\\\/\\\/transportjournal.com\\\/it\\\/#website\",\"url\":\"https:\\\/\\\/transportjournal.com\\\/it\\\/\",\"name\":\"ITJ | International Transport Journal\",\"description\":\"Stay informed with the latest global news from the transport, logistics, and supply chain industries. Transport Journal delivers expert insights, analysis, and updates across shipping, aviation, intermodal, and forwarding.\",\"publisher\":{\"@id\":\"https:\\\/\\\/transportjournal.com\\\/it\\\/#organization\"},\"potentialAction\":[{\"@type\":\"SearchAction\",\"target\":{\"@type\":\"EntryPoint\",\"urlTemplate\":\"https:\\\/\\\/transportjournal.com\\\/it\\\/?s={search_term_string}\"},\"query-input\":{\"@type\":\"PropertyValueSpecification\",\"valueRequired\":true,\"valueName\":\"search_term_string\"}}],\"inLanguage\":\"it-IT\"},{\"@type\":\"Organization\",\"@id\":\"https:\\\/\\\/transportjournal.com\\\/it\\\/#organization\",\"name\":\"Logismedia Group AG\",\"alternateName\":\"Logismedia Group AG\",\"url\":\"https:\\\/\\\/transportjournal.com\\\/it\\\/\",\"logo\":{\"@type\":\"ImageObject\",\"inLanguage\":\"it-IT\",\"@id\":\"https:\\\/\\\/transportjournal.com\\\/it\\\/#\\\/schema\\\/logo\\\/image\\\/\",\"url\":\"https:\\\/\\\/transportjournal.com\\\/wp-content\\\/uploads\\\/sites\\\/2\\\/2025\\\/09\\\/Logo_ITJ.png\",\"contentUrl\":\"https:\\\/\\\/transportjournal.com\\\/wp-content\\\/uploads\\\/sites\\\/2\\\/2025\\\/09\\\/Logo_ITJ.png\",\"width\":799,\"height\":326,\"caption\":\"Logismedia Group AG\"},\"image\":{\"@id\":\"https:\\\/\\\/transportjournal.com\\\/it\\\/#\\\/schema\\\/logo\\\/image\\\/\"},\"sameAs\":[\"https:\\\/\\\/www.linkedin.com\\\/company\\\/56456496\\\/admin\\\/dashboard\\\/\",\"https:\\\/\\\/www.instagram.com\\\/logismediagroup\\\/\",\"https:\\\/\\\/www.youtube.com\\\/@LogiamediaGroupAG\"]},{\"@type\":\"Person\",\"@id\":\"https:\\\/\\\/transportjournal.com\\\/it\\\/#\\\/schema\\\/person\\\/13a9fc605c753db60ef7750a229cd042\",\"name\":\"Gyan Sharan\",\"url\":\"https:\\\/\\\/transportjournal.com\\\/it\\\/author\\\/gyan\\\/\"}]}<\/script>\n<!-- \/ Yoast SEO plugin. -->","yoast_head_json":{"title":"Le misure di adattamento climatico rafforzano il porto di Strasburgo e i porti dell&#8217;Alto Reno - ITJ | International Transport Journal","robots":{"index":"index","follow":"follow","max-snippet":"max-snippet:-1","max-image-preview":"max-image-preview:large","max-video-preview":"max-video-preview:-1"},"canonical":"https:\/\/transportjournal.com\/it\/2026\/04\/27\/le-misure-di-adattamento-climatico-rafforzano-il-porto-di-strasburgo-e-i-porti-dellalto-reno\/","og_locale":"it_IT","og_type":"article","og_title":"Le misure di adattamento climatico rafforzano il porto di Strasburgo e i porti dell&#8217;Alto Reno - ITJ | International Transport Journal","og_description":"Il porto di Strasburgo e i porti dell'Alto Reno hanno presentato approcci innovativi per adattarsi ai cambiamenti climatici, al fine di rendere la navigazione interna pi\u00f9 resiliente.","og_url":"https:\/\/transportjournal.com\/it\/2026\/04\/27\/le-misure-di-adattamento-climatico-rafforzano-il-porto-di-strasburgo-e-i-porti-dellalto-reno\/","og_site_name":"ITJ | International Transport Journal","article_published_time":"2026-04-27T09:18:29+00:00","og_image":[{"width":2560,"height":1441,"url":"https:\/\/transportjournal.com\/wp-content\/uploads\/sites\/2\/2026\/04\/Leichter-auf-der-Rhone-in-Lyon-France-Foto-Adobe-Stock-Nic_AdobeStock_821258389-scaled-aspect-ratio-1400-788-scaled-1.jpeg","type":"image\/jpeg"}],"author":"Gyan Sharan","twitter_card":"summary_large_image","twitter_misc":{"Scritto da":"Gyan Sharan","Tempo di lettura stimato":"1 minuto"},"schema":{"@context":"https:\/\/schema.org","@graph":[{"@type":"Article","@id":"https:\/\/transportjournal.com\/it\/2026\/04\/27\/le-misure-di-adattamento-climatico-rafforzano-il-porto-di-strasburgo-e-i-porti-dellalto-reno\/#article","isPartOf":{"@id":"https:\/\/transportjournal.com\/it\/2026\/04\/27\/le-misure-di-adattamento-climatico-rafforzano-il-porto-di-strasburgo-e-i-porti-dellalto-reno\/"},"author":{"name":"Gyan Sharan","@id":"https:\/\/transportjournal.com\/it\/#\/schema\/person\/13a9fc605c753db60ef7750a229cd042"},"headline":"Le misure di adattamento climatico rafforzano il porto di Strasburgo e i porti dell&#8217;Alto Reno","datePublished":"2026-04-27T09:18:29+00:00","mainEntityOfPage":{"@id":"https:\/\/transportjournal.com\/it\/2026\/04\/27\/le-misure-di-adattamento-climatico-rafforzano-il-porto-di-strasburgo-e-i-porti-dellalto-reno\/"},"wordCount":173,"commentCount":0,"publisher":{"@id":"https:\/\/transportjournal.com\/it\/#organization"},"image":{"@id":"https:\/\/transportjournal.com\/it\/2026\/04\/27\/le-misure-di-adattamento-climatico-rafforzano-il-porto-di-strasburgo-e-i-porti-dellalto-reno\/#primaryimage"},"thumbnailUrl":"https:\/\/transportjournal.com\/wp-content\/uploads\/sites\/2\/2026\/04\/Leichter-auf-der-Rhone-in-Lyon-France-Foto-Adobe-Stock-Nic_AdobeStock_821258389-scaled-aspect-ratio-1400-788-scaled-1.jpeg","keywords":["adaptation \u00e0 la chaleur","adaptation au climat","adaptation aux inondations","Binnenschifffahrt","capacit\u00e9 ferroviaire","changement climatique","Clim\u2019Ability Care","climate adaptation","climate change","climate-related risks","Deutsch Hafen Strasbourg","d\u00e9veloppement portuaire durable","Digitalisierung in der Logistik","digitization in logistics","emergency plans","europ\u00e4ische Wasserwege English Strasbourg port","European waterways Fran\u00e7ais Port de Strasbourg","Fachkr\u00e4ftemangel","flood adaptation","Hafenbetrieb","heat adaptation","Hitzeanpassung","Hochwasseranpassung","industrie du transport","infrastructure","Infrastruktur","inland shipping","Klimaanpassungen","klimabedingte Risiken","Klimawandel","nachhaltige Hafenentwicklung","navigation int\u00e9rieure","Notfallpl\u00e4ne","num\u00e9risation dans la logistique","Oberrheinh\u00e4fen","op\u00e9rations portuaires","p\u00e9nurie de main-d'\u0153uvre qualifi\u00e9e","plans d'urgence","port operations","ports du Haut-Rhin","Project Crane","Projekt Crane","projet Crane","rail capacity","r\u00e9silience dans la logistique","resilience in logistics","Resilienz in der Logistik","risques li\u00e9s au climat","Schienenkapazit\u00e4ten","skilled labor shortage","sustainable port development","transport industry","Transportwirtschaft","Upper Rhine ports","voies navigables europ\u00e9ennes"],"articleSection":["Europa","Intermodale \/ Strada","Uncategorized"],"inLanguage":"it-IT","potentialAction":[{"@type":"CommentAction","name":"Comment","target":["https:\/\/transportjournal.com\/it\/2026\/04\/27\/le-misure-di-adattamento-climatico-rafforzano-il-porto-di-strasburgo-e-i-porti-dellalto-reno\/#respond"]}]},{"@type":"WebPage","@id":"https:\/\/transportjournal.com\/it\/2026\/04\/27\/le-misure-di-adattamento-climatico-rafforzano-il-porto-di-strasburgo-e-i-porti-dellalto-reno\/","url":"https:\/\/transportjournal.com\/it\/2026\/04\/27\/le-misure-di-adattamento-climatico-rafforzano-il-porto-di-strasburgo-e-i-porti-dellalto-reno\/","name":"Le misure di adattamento climatico rafforzano il porto di Strasburgo e i porti dell&#8217;Alto Reno - ITJ | International Transport Journal","isPartOf":{"@id":"https:\/\/transportjournal.com\/it\/#website"},"primaryImageOfPage":{"@id":"https:\/\/transportjournal.com\/it\/2026\/04\/27\/le-misure-di-adattamento-climatico-rafforzano-il-porto-di-strasburgo-e-i-porti-dellalto-reno\/#primaryimage"},"image":{"@id":"https:\/\/transportjournal.com\/it\/2026\/04\/27\/le-misure-di-adattamento-climatico-rafforzano-il-porto-di-strasburgo-e-i-porti-dellalto-reno\/#primaryimage"},"thumbnailUrl":"https:\/\/transportjournal.com\/wp-content\/uploads\/sites\/2\/2026\/04\/Leichter-auf-der-Rhone-in-Lyon-France-Foto-Adobe-Stock-Nic_AdobeStock_821258389-scaled-aspect-ratio-1400-788-scaled-1.jpeg","datePublished":"2026-04-27T09:18:29+00:00","breadcrumb":{"@id":"https:\/\/transportjournal.com\/it\/2026\/04\/27\/le-misure-di-adattamento-climatico-rafforzano-il-porto-di-strasburgo-e-i-porti-dellalto-reno\/#breadcrumb"},"inLanguage":"it-IT","potentialAction":[{"@type":"ReadAction","target":["https:\/\/transportjournal.com\/it\/2026\/04\/27\/le-misure-di-adattamento-climatico-rafforzano-il-porto-di-strasburgo-e-i-porti-dellalto-reno\/"]}]},{"@type":"ImageObject","inLanguage":"it-IT","@id":"https:\/\/transportjournal.com\/it\/2026\/04\/27\/le-misure-di-adattamento-climatico-rafforzano-il-porto-di-strasburgo-e-i-porti-dellalto-reno\/#primaryimage","url":"https:\/\/transportjournal.com\/wp-content\/uploads\/sites\/2\/2026\/04\/Leichter-auf-der-Rhone-in-Lyon-France-Foto-Adobe-Stock-Nic_AdobeStock_821258389-scaled-aspect-ratio-1400-788-scaled-1.jpeg","contentUrl":"https:\/\/transportjournal.com\/wp-content\/uploads\/sites\/2\/2026\/04\/Leichter-auf-der-Rhone-in-Lyon-France-Foto-Adobe-Stock-Nic_AdobeStock_821258389-scaled-aspect-ratio-1400-788-scaled-1.jpeg","width":2560,"height":1441},{"@type":"BreadcrumbList","@id":"https:\/\/transportjournal.com\/it\/2026\/04\/27\/le-misure-di-adattamento-climatico-rafforzano-il-porto-di-strasburgo-e-i-porti-dellalto-reno\/#breadcrumb","itemListElement":[{"@type":"ListItem","position":1,"name":"Startseite","item":"https:\/\/transportjournal.com\/it\/"},{"@type":"ListItem","position":2,"name":"Le misure di adattamento climatico rafforzano il porto di Strasburgo e i porti dell&#8217;Alto Reno"}]},{"@type":"WebSite","@id":"https:\/\/transportjournal.com\/it\/#website","url":"https:\/\/transportjournal.com\/it\/","name":"ITJ | International Transport Journal","description":"Stay informed with the latest global news from the transport, logistics, and supply chain industries. Transport Journal delivers expert insights, analysis, and updates across shipping, aviation, intermodal, and forwarding.","publisher":{"@id":"https:\/\/transportjournal.com\/it\/#organization"},"potentialAction":[{"@type":"SearchAction","target":{"@type":"EntryPoint","urlTemplate":"https:\/\/transportjournal.com\/it\/?s={search_term_string}"},"query-input":{"@type":"PropertyValueSpecification","valueRequired":true,"valueName":"search_term_string"}}],"inLanguage":"it-IT"},{"@type":"Organization","@id":"https:\/\/transportjournal.com\/it\/#organization","name":"Logismedia Group AG","alternateName":"Logismedia Group AG","url":"https:\/\/transportjournal.com\/it\/","logo":{"@type":"ImageObject","inLanguage":"it-IT","@id":"https:\/\/transportjournal.com\/it\/#\/schema\/logo\/image\/","url":"https:\/\/transportjournal.com\/wp-content\/uploads\/sites\/2\/2025\/09\/Logo_ITJ.png","contentUrl":"https:\/\/transportjournal.com\/wp-content\/uploads\/sites\/2\/2025\/09\/Logo_ITJ.png","width":799,"height":326,"caption":"Logismedia Group AG"},"image":{"@id":"https:\/\/transportjournal.com\/it\/#\/schema\/logo\/image\/"},"sameAs":["https:\/\/www.linkedin.com\/company\/56456496\/admin\/dashboard\/","https:\/\/www.instagram.com\/logismediagroup\/","https:\/\/www.youtube.com\/@LogiamediaGroupAG"]},{"@type":"Person","@id":"https:\/\/transportjournal.com\/it\/#\/schema\/person\/13a9fc605c753db60ef7750a229cd042","name":"Gyan Sharan","url":"https:\/\/transportjournal.com\/it\/author\/gyan\/"}]}},"_links":{"self":[{"href":"https:\/\/transportjournal.com\/it\/wp-json\/wp\/v2\/posts\/86774","targetHints":{"allow":["GET"]}}],"collection":[{"href":"https:\/\/transportjournal.com\/it\/wp-json\/wp\/v2\/posts"}],"about":[{"href":"https:\/\/transportjournal.com\/it\/wp-json\/wp\/v2\/types\/post"}],"author":[{"embeddable":true,"href":"https:\/\/transportjournal.com\/it\/wp-json\/wp\/v2\/users\/14"}],"replies":[{"embeddable":true,"href":"https:\/\/transportjournal.com\/it\/wp-json\/wp\/v2\/comments?post=86774"}],"version-history":[{"count":0,"href":"https:\/\/transportjournal.com\/it\/wp-json\/wp\/v2\/posts\/86774\/revisions"}],"wp:featuredmedia":[{"embeddable":true,"href":"https:\/\/transportjournal.com\/it\/wp-json\/wp\/v2\/media\/86756"}],"wp:attachment":[{"href":"https:\/\/transportjournal.com\/it\/wp-json\/wp\/v2\/media?parent=86774"}],"wp:term":[{"taxonomy":"category","embeddable":true,"href":"https:\/\/transportjournal.com\/it\/wp-json\/wp\/v2\/categories?post=86774"},{"taxonomy":"post_tag","embeddable":true,"href":"https:\/\/transportjournal.com\/it\/wp-json\/wp\/v2\/tags?post=86774"}],"curies":[{"name":"wp","href":"https:\/\/api.w.org\/{rel}","templated":true}]}}