{"id":86745,"date":"2026-04-27T09:20:49","date_gmt":"2026-04-27T09:20:49","guid":{"rendered":"https:\/\/transportjournal.com\/2026\/04\/27\/cambiamento-di-leadership-allaeroporto-internazionale-di-noida\/"},"modified":"2026-04-27T11:30:50","modified_gmt":"2026-04-27T09:30:50","slug":"cambiamento-di-leadership-allaeroporto-internazionale-di-noida","status":"publish","type":"post","link":"https:\/\/transportjournal.com\/it\/2026\/04\/27\/cambiamento-di-leadership-allaeroporto-internazionale-di-noida\/","title":{"rendered":"Cambiamento di leadership all&#8217;Aeroporto Internazionale di Noida"},"content":{"rendered":"<p>Il Noida International Airport (NIA) ha annunciato un cambio di leadership, reso necessario da un&#8217;ordinanza regolamentare del Bureau of Civil Aviation Security (BCAS) indiano. Questa normativa stabilisce che il direttore generale di un aeroporto in India deve essere un cittadino indiano. Di conseguenza, Nitu Samra \u00e8 stata nominata amministratrice delegata ad interim con effetto immediato, fino al completamento di una procedura di selezione formale da parte del consiglio, come riportato dal portale online News18.<\/p>\n<p>Nitu Samra assumer\u00e0 il ruolo di Chief Executive Officer (CEO) in modo provvisorio. Secondo una comunicazione del NIA, ricoprir\u00e0 questa posizione fino a quando il consiglio non avr\u00e0 completato la ricerca di un successore permanente. Samra \u00e8 attiva presso l&#8217;aeroporto come Chief Financial Officer (CFO) da ottobre 2021 e ha svolto un ruolo nella gestione finanziaria, nella governance e nella pianificazione strategica dell&#8217;aeroporto.<\/p>\n<p><a href=\"https:\/\/www.niairport.in\/\" target=\"_blank\" rel=\"noopener noreferrer\">www.niairport.in<\/a><\/p>\n","protected":false},"excerpt":{"rendered":"<p>L&#8217;Aeroporto Internazionale di Noida ha nominato Nitu Samra CEO ad interim per soddisfare i requisiti del BCAS.<\/p>\n","protected":false},"author":10,"featured_media":86741,"comment_status":"open","ping_status":"","sticky":false,"template":"","format":"standard","meta":{"_acf_changed":false,"footnotes":""},"categories":[1627,1630],"tags":[42382,31873,42383,40976,3619,42384,42385,5504,42386,42387,42388,42389,42390,42391,42392,42393,42394,13747,42395,2213,42396,7067,5515,42397,42398,5519,42399,42400,42401,42402,42403,42404,42405,42406,42407,42408,31884,3643,42409,42410,42411,42412,42413,5528,42414,42415,42416,42417,42418,29654,42419,42420,42421,42422],"class_list":["post-86745","post","type-post","status-publish","format-standard","has-post-thumbnail","hentry","category-persone-e-aziende","category-trasporto-aereo","tag-aeroports-indiens","tag-air-transport-industry","tag-airport-ceo","tag-airport-development","tag-airport-infrastructure","tag-airport-leadership-change","tag-airport-management","tag-airport-operations","tag-aviation-indienne","tag-aviation-security","tag-bcas-regulation","tag-bcas-vorschrift","tag-ceo-flughafen","tag-cfo-nia","tag-changement-de-direction-aeroportuaire","tag-citoyens-indiens","tag-deutsch-noida-international-airport","tag-developpement-aeroportuaire","tag-directive-reglementaire","tag-economie-du-transport","tag-flughafen-entwicklung","tag-flughafen-infrastruktur","tag-flughafenbetrieb","tag-flughafenmanagement","tag-fuehrungswechsel-flughafen","tag-gestion-aeroportuaire","tag-gestion-interimaire","tag-gouvernance-en-aviation","tag-governance-im-flughafen","tag-governance-in-aviation","tag-indian-airports","tag-indian-aviation","tag-indian-citizens","tag-indische-flughaefen","tag-indische-luftfahrt","tag-indische-staatsbuerger","tag-industrie-du-transport-aerien","tag-infrastructure-aeroportuaire","tag-interim-geschaeftsfuehrung","tag-interim-management","tag-luftfahrt-sicherheit","tag-luftverkehrsindustrie","tag-nitu-samra","tag-operations-aeroportuaires","tag-pdg-aeroport","tag-planification-strategique-aeroport","tag-reglementation-bcas","tag-regulatorische-anweisung","tag-regulatory-directive","tag-securite-aeronautique","tag-strategic-planning-airport","tag-strategische-planung-flughafen","tag-transport-economy-francais-aeroport-international-de-noida","tag-transportwirtschaft-english-noida-international-airport"],"acf":[],"yoast_head":"<!-- This site is optimized with the Yoast SEO plugin v27.3 - https:\/\/yoast.com\/product\/yoast-seo-wordpress\/ -->\n<title>Cambiamento di leadership all&#8217;Aeroporto Internazionale di Noida - ITJ | International Transport Journal<\/title>\n<meta name=\"robots\" content=\"index, follow, max-snippet:-1, max-image-preview:large, max-video-preview:-1\" \/>\n<link rel=\"canonical\" href=\"https:\/\/transportjournal.com\/it\/2026\/04\/27\/cambiamento-di-leadership-allaeroporto-internazionale-di-noida\/\" \/>\n<meta property=\"og:locale\" content=\"it_IT\" \/>\n<meta property=\"og:type\" content=\"article\" \/>\n<meta property=\"og:title\" content=\"Cambiamento di leadership all&#8217;Aeroporto Internazionale di Noida - ITJ | International Transport Journal\" \/>\n<meta property=\"og:description\" content=\"L&#039;Aeroporto Internazionale di Noida ha nominato Nitu Samra CEO ad interim per soddisfare i requisiti del BCAS.\" \/>\n<meta property=\"og:url\" content=\"https:\/\/transportjournal.com\/it\/2026\/04\/27\/cambiamento-di-leadership-allaeroporto-internazionale-di-noida\/\" \/>\n<meta property=\"og:site_name\" content=\"ITJ | International Transport Journal\" \/>\n<meta property=\"article:published_time\" content=\"2026-04-27T09:20:49+00:00\" \/>\n<meta property=\"article:modified_time\" content=\"2026-04-27T09:30:50+00:00\" \/>\n<meta property=\"og:image\" content=\"https:\/\/transportjournal.com\/wp-content\/uploads\/sites\/2\/2026\/04\/AdobeStock_215225362-scaled-aspect-ratio-1400-788-scaled-1.jpeg\" \/>\n\t<meta property=\"og:image:width\" content=\"2560\" \/>\n\t<meta property=\"og:image:height\" content=\"1441\" \/>\n\t<meta property=\"og:image:type\" content=\"image\/jpeg\" \/>\n<meta name=\"author\" content=\"Jeremy Soland\" \/>\n<meta name=\"twitter:card\" content=\"summary_large_image\" \/>\n<meta name=\"twitter:label1\" content=\"Scritto da\" \/>\n\t<meta name=\"twitter:data1\" content=\"Jeremy Soland\" \/>\n\t<meta name=\"twitter:label2\" content=\"Tempo di lettura stimato\" \/>\n\t<meta name=\"twitter:data2\" content=\"1 minuto\" \/>\n<script type=\"application\/ld+json\" class=\"yoast-schema-graph\">{\"@context\":\"https:\\\/\\\/schema.org\",\"@graph\":[{\"@type\":\"Article\",\"@id\":\"https:\\\/\\\/transportjournal.com\\\/it\\\/2026\\\/04\\\/27\\\/cambiamento-di-leadership-allaeroporto-internazionale-di-noida\\\/#article\",\"isPartOf\":{\"@id\":\"https:\\\/\\\/transportjournal.com\\\/it\\\/2026\\\/04\\\/27\\\/cambiamento-di-leadership-allaeroporto-internazionale-di-noida\\\/\"},\"author\":{\"name\":\"Jeremy Soland\",\"@id\":\"https:\\\/\\\/transportjournal.com\\\/it\\\/#\\\/schema\\\/person\\\/41d36b5474b623392fa613e97e2363fa\"},\"headline\":\"Cambiamento di leadership all&#8217;Aeroporto Internazionale di Noida\",\"datePublished\":\"2026-04-27T09:20:49+00:00\",\"dateModified\":\"2026-04-27T09:30:50+00:00\",\"mainEntityOfPage\":{\"@id\":\"https:\\\/\\\/transportjournal.com\\\/it\\\/2026\\\/04\\\/27\\\/cambiamento-di-leadership-allaeroporto-internazionale-di-noida\\\/\"},\"wordCount\":148,\"commentCount\":0,\"publisher\":{\"@id\":\"https:\\\/\\\/transportjournal.com\\\/it\\\/#organization\"},\"image\":{\"@id\":\"https:\\\/\\\/transportjournal.com\\\/it\\\/2026\\\/04\\\/27\\\/cambiamento-di-leadership-allaeroporto-internazionale-di-noida\\\/#primaryimage\"},\"thumbnailUrl\":\"https:\\\/\\\/transportjournal.com\\\/wp-content\\\/uploads\\\/sites\\\/2\\\/2026\\\/04\\\/AdobeStock_215225362-scaled-aspect-ratio-1400-788-scaled-1.jpeg\",\"keywords\":[\"a\u00e9roports indiens\",\"air transport industry\",\"airport CEO\",\"airport development\",\"airport infrastructure\",\"airport leadership change\",\"airport management\",\"airport operations\",\"aviation indienne\",\"aviation security\",\"BCAS regulation\",\"BCAS Vorschrift\",\"CEO Flughafen\",\"CFO NIA\",\"changement de direction a\u00e9roportuaire\",\"citoyens indiens\",\"Deutsch Noida International Airport\",\"d\u00e9veloppement a\u00e9roportuaire\",\"directive r\u00e9glementaire\",\"\u00e9conomie du transport\",\"Flughafen Entwicklung\",\"Flughafen Infrastruktur\",\"Flughafenbetrieb\",\"Flughafenmanagement\",\"F\u00fchrungswechsel Flughafen\",\"gestion a\u00e9roportuaire\",\"gestion int\u00e9rimaire\",\"gouvernance en aviation\",\"Governance im Flughafen\",\"governance in aviation\",\"Indian airports\",\"Indian aviation\",\"Indian citizens\",\"indische Flugh\u00e4fen\",\"indische Luftfahrt\",\"indische Staatsb\u00fcrger\",\"industrie du transport a\u00e9rien\",\"infrastructure a\u00e9roportuaire\",\"Interim Gesch\u00e4ftsf\u00fchrung\",\"interim management\",\"Luftfahrt Sicherheit\",\"Luftverkehrsindustrie\",\"Nitu Samra\",\"op\u00e9rations a\u00e9roportuaires\",\"PDG a\u00e9roport\",\"planification strat\u00e9gique a\u00e9roport\",\"r\u00e9glementation BCAS\",\"regulatorische Anweisung\",\"regulatory directive\",\"s\u00e9curit\u00e9 a\u00e9ronautique\",\"strategic planning airport\",\"strategische Planung Flughafen\",\"transport economy Fran\u00e7ais A\u00e9roport International de Noida\",\"Transportwirtschaft English Noida International Airport\"],\"articleSection\":[\"Persone e aziende\",\"Trasporto aereo\"],\"inLanguage\":\"it-IT\",\"potentialAction\":[{\"@type\":\"CommentAction\",\"name\":\"Comment\",\"target\":[\"https:\\\/\\\/transportjournal.com\\\/it\\\/2026\\\/04\\\/27\\\/cambiamento-di-leadership-allaeroporto-internazionale-di-noida\\\/#respond\"]}]},{\"@type\":\"WebPage\",\"@id\":\"https:\\\/\\\/transportjournal.com\\\/it\\\/2026\\\/04\\\/27\\\/cambiamento-di-leadership-allaeroporto-internazionale-di-noida\\\/\",\"url\":\"https:\\\/\\\/transportjournal.com\\\/it\\\/2026\\\/04\\\/27\\\/cambiamento-di-leadership-allaeroporto-internazionale-di-noida\\\/\",\"name\":\"Cambiamento di leadership all&#8217;Aeroporto Internazionale di Noida - ITJ | International Transport Journal\",\"isPartOf\":{\"@id\":\"https:\\\/\\\/transportjournal.com\\\/it\\\/#website\"},\"primaryImageOfPage\":{\"@id\":\"https:\\\/\\\/transportjournal.com\\\/it\\\/2026\\\/04\\\/27\\\/cambiamento-di-leadership-allaeroporto-internazionale-di-noida\\\/#primaryimage\"},\"image\":{\"@id\":\"https:\\\/\\\/transportjournal.com\\\/it\\\/2026\\\/04\\\/27\\\/cambiamento-di-leadership-allaeroporto-internazionale-di-noida\\\/#primaryimage\"},\"thumbnailUrl\":\"https:\\\/\\\/transportjournal.com\\\/wp-content\\\/uploads\\\/sites\\\/2\\\/2026\\\/04\\\/AdobeStock_215225362-scaled-aspect-ratio-1400-788-scaled-1.jpeg\",\"datePublished\":\"2026-04-27T09:20:49+00:00\",\"dateModified\":\"2026-04-27T09:30:50+00:00\",\"breadcrumb\":{\"@id\":\"https:\\\/\\\/transportjournal.com\\\/it\\\/2026\\\/04\\\/27\\\/cambiamento-di-leadership-allaeroporto-internazionale-di-noida\\\/#breadcrumb\"},\"inLanguage\":\"it-IT\",\"potentialAction\":[{\"@type\":\"ReadAction\",\"target\":[\"https:\\\/\\\/transportjournal.com\\\/it\\\/2026\\\/04\\\/27\\\/cambiamento-di-leadership-allaeroporto-internazionale-di-noida\\\/\"]}]},{\"@type\":\"ImageObject\",\"inLanguage\":\"it-IT\",\"@id\":\"https:\\\/\\\/transportjournal.com\\\/it\\\/2026\\\/04\\\/27\\\/cambiamento-di-leadership-allaeroporto-internazionale-di-noida\\\/#primaryimage\",\"url\":\"https:\\\/\\\/transportjournal.com\\\/wp-content\\\/uploads\\\/sites\\\/2\\\/2026\\\/04\\\/AdobeStock_215225362-scaled-aspect-ratio-1400-788-scaled-1.jpeg\",\"contentUrl\":\"https:\\\/\\\/transportjournal.com\\\/wp-content\\\/uploads\\\/sites\\\/2\\\/2026\\\/04\\\/AdobeStock_215225362-scaled-aspect-ratio-1400-788-scaled-1.jpeg\",\"width\":2560,\"height\":1441},{\"@type\":\"BreadcrumbList\",\"@id\":\"https:\\\/\\\/transportjournal.com\\\/it\\\/2026\\\/04\\\/27\\\/cambiamento-di-leadership-allaeroporto-internazionale-di-noida\\\/#breadcrumb\",\"itemListElement\":[{\"@type\":\"ListItem\",\"position\":1,\"name\":\"Startseite\",\"item\":\"https:\\\/\\\/transportjournal.com\\\/it\\\/\"},{\"@type\":\"ListItem\",\"position\":2,\"name\":\"Cambiamento di leadership all&#8217;Aeroporto Internazionale di Noida\"}]},{\"@type\":\"WebSite\",\"@id\":\"https:\\\/\\\/transportjournal.com\\\/it\\\/#website\",\"url\":\"https:\\\/\\\/transportjournal.com\\\/it\\\/\",\"name\":\"ITJ | International Transport Journal\",\"description\":\"Stay informed with the latest global news from the transport, logistics, and supply chain industries. Transport Journal delivers expert insights, analysis, and updates across shipping, aviation, intermodal, and forwarding.\",\"publisher\":{\"@id\":\"https:\\\/\\\/transportjournal.com\\\/it\\\/#organization\"},\"potentialAction\":[{\"@type\":\"SearchAction\",\"target\":{\"@type\":\"EntryPoint\",\"urlTemplate\":\"https:\\\/\\\/transportjournal.com\\\/it\\\/?s={search_term_string}\"},\"query-input\":{\"@type\":\"PropertyValueSpecification\",\"valueRequired\":true,\"valueName\":\"search_term_string\"}}],\"inLanguage\":\"it-IT\"},{\"@type\":\"Organization\",\"@id\":\"https:\\\/\\\/transportjournal.com\\\/it\\\/#organization\",\"name\":\"Logismedia Group AG\",\"alternateName\":\"Logismedia Group AG\",\"url\":\"https:\\\/\\\/transportjournal.com\\\/it\\\/\",\"logo\":{\"@type\":\"ImageObject\",\"inLanguage\":\"it-IT\",\"@id\":\"https:\\\/\\\/transportjournal.com\\\/it\\\/#\\\/schema\\\/logo\\\/image\\\/\",\"url\":\"https:\\\/\\\/transportjournal.com\\\/wp-content\\\/uploads\\\/sites\\\/2\\\/2025\\\/09\\\/Logo_ITJ.png\",\"contentUrl\":\"https:\\\/\\\/transportjournal.com\\\/wp-content\\\/uploads\\\/sites\\\/2\\\/2025\\\/09\\\/Logo_ITJ.png\",\"width\":799,\"height\":326,\"caption\":\"Logismedia Group AG\"},\"image\":{\"@id\":\"https:\\\/\\\/transportjournal.com\\\/it\\\/#\\\/schema\\\/logo\\\/image\\\/\"},\"sameAs\":[\"https:\\\/\\\/www.linkedin.com\\\/company\\\/56456496\\\/admin\\\/dashboard\\\/\",\"https:\\\/\\\/www.instagram.com\\\/logismediagroup\\\/\",\"https:\\\/\\\/www.youtube.com\\\/@LogiamediaGroupAG\"]},{\"@type\":\"Person\",\"@id\":\"https:\\\/\\\/transportjournal.com\\\/it\\\/#\\\/schema\\\/person\\\/41d36b5474b623392fa613e97e2363fa\",\"name\":\"Jeremy Soland\",\"url\":\"https:\\\/\\\/transportjournal.com\\\/it\\\/author\\\/jeremy\\\/\"}]}<\/script>\n<!-- \/ Yoast SEO plugin. -->","yoast_head_json":{"title":"Cambiamento di leadership all&#8217;Aeroporto Internazionale di Noida - ITJ | International Transport Journal","robots":{"index":"index","follow":"follow","max-snippet":"max-snippet:-1","max-image-preview":"max-image-preview:large","max-video-preview":"max-video-preview:-1"},"canonical":"https:\/\/transportjournal.com\/it\/2026\/04\/27\/cambiamento-di-leadership-allaeroporto-internazionale-di-noida\/","og_locale":"it_IT","og_type":"article","og_title":"Cambiamento di leadership all&#8217;Aeroporto Internazionale di Noida - ITJ | International Transport Journal","og_description":"L'Aeroporto Internazionale di Noida ha nominato Nitu Samra CEO ad interim per soddisfare i requisiti del BCAS.","og_url":"https:\/\/transportjournal.com\/it\/2026\/04\/27\/cambiamento-di-leadership-allaeroporto-internazionale-di-noida\/","og_site_name":"ITJ | International Transport Journal","article_published_time":"2026-04-27T09:20:49+00:00","article_modified_time":"2026-04-27T09:30:50+00:00","og_image":[{"width":2560,"height":1441,"url":"https:\/\/transportjournal.com\/wp-content\/uploads\/sites\/2\/2026\/04\/AdobeStock_215225362-scaled-aspect-ratio-1400-788-scaled-1.jpeg","type":"image\/jpeg"}],"author":"Jeremy Soland","twitter_card":"summary_large_image","twitter_misc":{"Scritto da":"Jeremy Soland","Tempo di lettura stimato":"1 minuto"},"schema":{"@context":"https:\/\/schema.org","@graph":[{"@type":"Article","@id":"https:\/\/transportjournal.com\/it\/2026\/04\/27\/cambiamento-di-leadership-allaeroporto-internazionale-di-noida\/#article","isPartOf":{"@id":"https:\/\/transportjournal.com\/it\/2026\/04\/27\/cambiamento-di-leadership-allaeroporto-internazionale-di-noida\/"},"author":{"name":"Jeremy Soland","@id":"https:\/\/transportjournal.com\/it\/#\/schema\/person\/41d36b5474b623392fa613e97e2363fa"},"headline":"Cambiamento di leadership all&#8217;Aeroporto Internazionale di Noida","datePublished":"2026-04-27T09:20:49+00:00","dateModified":"2026-04-27T09:30:50+00:00","mainEntityOfPage":{"@id":"https:\/\/transportjournal.com\/it\/2026\/04\/27\/cambiamento-di-leadership-allaeroporto-internazionale-di-noida\/"},"wordCount":148,"commentCount":0,"publisher":{"@id":"https:\/\/transportjournal.com\/it\/#organization"},"image":{"@id":"https:\/\/transportjournal.com\/it\/2026\/04\/27\/cambiamento-di-leadership-allaeroporto-internazionale-di-noida\/#primaryimage"},"thumbnailUrl":"https:\/\/transportjournal.com\/wp-content\/uploads\/sites\/2\/2026\/04\/AdobeStock_215225362-scaled-aspect-ratio-1400-788-scaled-1.jpeg","keywords":["a\u00e9roports indiens","air transport industry","airport CEO","airport development","airport infrastructure","airport leadership change","airport management","airport operations","aviation indienne","aviation security","BCAS regulation","BCAS Vorschrift","CEO Flughafen","CFO NIA","changement de direction a\u00e9roportuaire","citoyens indiens","Deutsch Noida International Airport","d\u00e9veloppement a\u00e9roportuaire","directive r\u00e9glementaire","\u00e9conomie du transport","Flughafen Entwicklung","Flughafen Infrastruktur","Flughafenbetrieb","Flughafenmanagement","F\u00fchrungswechsel Flughafen","gestion a\u00e9roportuaire","gestion int\u00e9rimaire","gouvernance en aviation","Governance im Flughafen","governance in aviation","Indian airports","Indian aviation","Indian citizens","indische Flugh\u00e4fen","indische Luftfahrt","indische Staatsb\u00fcrger","industrie du transport a\u00e9rien","infrastructure a\u00e9roportuaire","Interim Gesch\u00e4ftsf\u00fchrung","interim management","Luftfahrt Sicherheit","Luftverkehrsindustrie","Nitu Samra","op\u00e9rations a\u00e9roportuaires","PDG a\u00e9roport","planification strat\u00e9gique a\u00e9roport","r\u00e9glementation BCAS","regulatorische Anweisung","regulatory directive","s\u00e9curit\u00e9 a\u00e9ronautique","strategic planning airport","strategische Planung Flughafen","transport economy Fran\u00e7ais A\u00e9roport International de Noida","Transportwirtschaft English Noida International Airport"],"articleSection":["Persone e aziende","Trasporto aereo"],"inLanguage":"it-IT","potentialAction":[{"@type":"CommentAction","name":"Comment","target":["https:\/\/transportjournal.com\/it\/2026\/04\/27\/cambiamento-di-leadership-allaeroporto-internazionale-di-noida\/#respond"]}]},{"@type":"WebPage","@id":"https:\/\/transportjournal.com\/it\/2026\/04\/27\/cambiamento-di-leadership-allaeroporto-internazionale-di-noida\/","url":"https:\/\/transportjournal.com\/it\/2026\/04\/27\/cambiamento-di-leadership-allaeroporto-internazionale-di-noida\/","name":"Cambiamento di leadership all&#8217;Aeroporto Internazionale di Noida - ITJ | International Transport Journal","isPartOf":{"@id":"https:\/\/transportjournal.com\/it\/#website"},"primaryImageOfPage":{"@id":"https:\/\/transportjournal.com\/it\/2026\/04\/27\/cambiamento-di-leadership-allaeroporto-internazionale-di-noida\/#primaryimage"},"image":{"@id":"https:\/\/transportjournal.com\/it\/2026\/04\/27\/cambiamento-di-leadership-allaeroporto-internazionale-di-noida\/#primaryimage"},"thumbnailUrl":"https:\/\/transportjournal.com\/wp-content\/uploads\/sites\/2\/2026\/04\/AdobeStock_215225362-scaled-aspect-ratio-1400-788-scaled-1.jpeg","datePublished":"2026-04-27T09:20:49+00:00","dateModified":"2026-04-27T09:30:50+00:00","breadcrumb":{"@id":"https:\/\/transportjournal.com\/it\/2026\/04\/27\/cambiamento-di-leadership-allaeroporto-internazionale-di-noida\/#breadcrumb"},"inLanguage":"it-IT","potentialAction":[{"@type":"ReadAction","target":["https:\/\/transportjournal.com\/it\/2026\/04\/27\/cambiamento-di-leadership-allaeroporto-internazionale-di-noida\/"]}]},{"@type":"ImageObject","inLanguage":"it-IT","@id":"https:\/\/transportjournal.com\/it\/2026\/04\/27\/cambiamento-di-leadership-allaeroporto-internazionale-di-noida\/#primaryimage","url":"https:\/\/transportjournal.com\/wp-content\/uploads\/sites\/2\/2026\/04\/AdobeStock_215225362-scaled-aspect-ratio-1400-788-scaled-1.jpeg","contentUrl":"https:\/\/transportjournal.com\/wp-content\/uploads\/sites\/2\/2026\/04\/AdobeStock_215225362-scaled-aspect-ratio-1400-788-scaled-1.jpeg","width":2560,"height":1441},{"@type":"BreadcrumbList","@id":"https:\/\/transportjournal.com\/it\/2026\/04\/27\/cambiamento-di-leadership-allaeroporto-internazionale-di-noida\/#breadcrumb","itemListElement":[{"@type":"ListItem","position":1,"name":"Startseite","item":"https:\/\/transportjournal.com\/it\/"},{"@type":"ListItem","position":2,"name":"Cambiamento di leadership all&#8217;Aeroporto Internazionale di Noida"}]},{"@type":"WebSite","@id":"https:\/\/transportjournal.com\/it\/#website","url":"https:\/\/transportjournal.com\/it\/","name":"ITJ | International Transport Journal","description":"Stay informed with the latest global news from the transport, logistics, and supply chain industries. Transport Journal delivers expert insights, analysis, and updates across shipping, aviation, intermodal, and forwarding.","publisher":{"@id":"https:\/\/transportjournal.com\/it\/#organization"},"potentialAction":[{"@type":"SearchAction","target":{"@type":"EntryPoint","urlTemplate":"https:\/\/transportjournal.com\/it\/?s={search_term_string}"},"query-input":{"@type":"PropertyValueSpecification","valueRequired":true,"valueName":"search_term_string"}}],"inLanguage":"it-IT"},{"@type":"Organization","@id":"https:\/\/transportjournal.com\/it\/#organization","name":"Logismedia Group AG","alternateName":"Logismedia Group AG","url":"https:\/\/transportjournal.com\/it\/","logo":{"@type":"ImageObject","inLanguage":"it-IT","@id":"https:\/\/transportjournal.com\/it\/#\/schema\/logo\/image\/","url":"https:\/\/transportjournal.com\/wp-content\/uploads\/sites\/2\/2025\/09\/Logo_ITJ.png","contentUrl":"https:\/\/transportjournal.com\/wp-content\/uploads\/sites\/2\/2025\/09\/Logo_ITJ.png","width":799,"height":326,"caption":"Logismedia Group AG"},"image":{"@id":"https:\/\/transportjournal.com\/it\/#\/schema\/logo\/image\/"},"sameAs":["https:\/\/www.linkedin.com\/company\/56456496\/admin\/dashboard\/","https:\/\/www.instagram.com\/logismediagroup\/","https:\/\/www.youtube.com\/@LogiamediaGroupAG"]},{"@type":"Person","@id":"https:\/\/transportjournal.com\/it\/#\/schema\/person\/41d36b5474b623392fa613e97e2363fa","name":"Jeremy Soland","url":"https:\/\/transportjournal.com\/it\/author\/jeremy\/"}]}},"_links":{"self":[{"href":"https:\/\/transportjournal.com\/it\/wp-json\/wp\/v2\/posts\/86745","targetHints":{"allow":["GET"]}}],"collection":[{"href":"https:\/\/transportjournal.com\/it\/wp-json\/wp\/v2\/posts"}],"about":[{"href":"https:\/\/transportjournal.com\/it\/wp-json\/wp\/v2\/types\/post"}],"author":[{"embeddable":true,"href":"https:\/\/transportjournal.com\/it\/wp-json\/wp\/v2\/users\/10"}],"replies":[{"embeddable":true,"href":"https:\/\/transportjournal.com\/it\/wp-json\/wp\/v2\/comments?post=86745"}],"version-history":[{"count":1,"href":"https:\/\/transportjournal.com\/it\/wp-json\/wp\/v2\/posts\/86745\/revisions"}],"predecessor-version":[{"id":86752,"href":"https:\/\/transportjournal.com\/it\/wp-json\/wp\/v2\/posts\/86745\/revisions\/86752"}],"wp:featuredmedia":[{"embeddable":true,"href":"https:\/\/transportjournal.com\/it\/wp-json\/wp\/v2\/media\/86741"}],"wp:attachment":[{"href":"https:\/\/transportjournal.com\/it\/wp-json\/wp\/v2\/media?parent=86745"}],"wp:term":[{"taxonomy":"category","embeddable":true,"href":"https:\/\/transportjournal.com\/it\/wp-json\/wp\/v2\/categories?post=86745"},{"taxonomy":"post_tag","embeddable":true,"href":"https:\/\/transportjournal.com\/it\/wp-json\/wp\/v2\/tags?post=86745"}],"curies":[{"name":"wp","href":"https:\/\/api.w.org\/{rel}","templated":true}]}}