{"id":86730,"date":"2026-04-27T08:57:34","date_gmt":"2026-04-27T08:57:34","guid":{"rendered":"https:\/\/transportjournal.com\/2026\/04\/27\/la-clean-shipping-coalition-chiede-progressi\/"},"modified":"2026-04-27T11:08:47","modified_gmt":"2026-04-27T09:08:47","slug":"la-clean-shipping-coalition-chiede-progressi","status":"publish","type":"post","link":"https:\/\/transportjournal.com\/it\/2026\/04\/27\/la-clean-shipping-coalition-chiede-progressi\/","title":{"rendered":"La Clean Shipping Coalition chiede progressi"},"content":{"rendered":"<p>Prima del prossimo incontro del Comitato per la protezione dell&#8217;ambiente marino dell&#8217;Organizzazione marittima internazionale (IMO), la Clean Shipping Coalition ha riconosciuto i progressi compiuti durante un incontro intersessionale. La coalizione esorta gli Stati membri a opporsi a tentativi che potrebbero compromettere il quadro di netto zero (NZF) dell&#8217;IMO, come comunicato. Questo incontro, che si svolger\u00e0 dal 27 aprile al 1 maggio 2026, \u00e8 considerato cruciale per la futura direzione della navigazione internazionale.<\/p>\n<h3>Richieste per accelerare le misure<\/h3>\n<p>La Clean Shipping Coalition chiede inoltre che i partecipanti all&#8217;incontro promuovano la revisione della misura di efficienza energetica, nota come Carbon Intensity Indicator (CII). Questa misura fa parte degli sforzi per regolare le emissioni nella recentemente istituita North East Atlantic Emission Control Area. Un ulteriore focus \u00e8 sulla lotta contro gli effetti dei rifiuti di plastica negli oceani.<\/p>\n<p>Il quadro di netto zero dell&#8217;IMO ha l&#8217;obiettivo di ridurre le emissioni di gas serra delle navi. Si basa sulla strategia sui gas serra 2023 e include uno standard globale per i combustibili (GFS). Questo standard obbliga le navi a ridurre gradualmente l&#8217;inquinamento derivante dai loro combustibili.<\/p>\n<p><a href=\"https:\/\/cleanshipping.org\/\" target=\"_blank\" rel=\"noopener noreferrer\">www.cleanshipping.org<\/a><\/p>\n","protected":false},"excerpt":{"rendered":"<p>La Clean Shipping Coalition chiede misure per ridurre le emissioni di gas serra nel settore marittimo.<\/p>\n","protected":false},"author":10,"featured_media":76003,"comment_status":"open","ping_status":"","sticky":false,"template":"","format":"standard","meta":{"_acf_changed":false,"footnotes":""},"categories":[1631],"tags":[40798,42358,42359,42360,42361,42362,42363,5322,5323,40803,9866,42364,42365,8101,6346,9875,27270,42366,2702,5050,5051,42367,2821,1831,3011,2054,42368,42369,8109,1809,6389,10442,42370,42371,42372,40818,8148,27272,25067,42373,42374,42375,2829,8112,42376,42377,42378,42379,42380,42381,5078,1812,8126,21623,40826],"class_list":["post-86730","post","type-post","status-publish","format-standard","has-post-thumbnail","hentry","category-spedizioni-e-porti","tag-atlantique-nord-est","tag-cadre-zero-emission","tag-carbon-intensity-indicator","tag-clean-oceans","tag-climate-protection-measures-francais-clean-shipping-coalition","tag-dechets-plastiques-marins","tag-deutsch-clean-shipping-coalition","tag-digitalisierung-in-der-schifffahrt","tag-digitalization-in-shipping","tag-emission-control-area","tag-emissions-de-gaz-a-effet-de-serre","tag-energieeffizienzmassnahme","tag-energy-efficiency-measures","tag-environmental-regulations","tag-fachkraeftemangel-in-der-schifffahrt","tag-greenhouse-gas-emissions","tag-imo","tag-indicateur-dintensite-carbone","tag-infrastructure-maritime","tag-international-shipping","tag-internationale-schifffahrt","tag-klimaschutzmassnahmen-english-clean-shipping-coalition","tag-logistics-providers","tag-logistikdienstleister","tag-maritime-infrastructure","tag-maritime-infrastruktur","tag-mers-propres","tag-mesures-defficacite-energetique","tag-mesures-de-protection-climatique","tag-nachhaltige-schifffahrt","tag-navigation-durable","tag-navigation-internationale","tag-net-zero-framework","tag-netto-null-rahmenwerk","tag-nordost-atlantik","tag-north-east-atlantic","tag-numerisation-dans-la-navigation","tag-omi","tag-penurie-de-main-doeuvre-dans-la-navigation","tag-plastic-marine-debris","tag-plastischer-meeresmuell","tag-pollution-des-navires","tag-prestataires-logistiques","tag-reglementations-environnementales","tag-saubere-meere","tag-schifffahrtsstrategie-2023","tag-schiffsverschmutzung","tag-ship-pollution","tag-shipping-strategy-2023","tag-strategie-maritime-2023","tag-sustainable-shipping","tag-treibhausgasemissionen","tag-umweltauflagen","tag-workforce-shortage-in-shipping","tag-zone-de-controle-des-emissions"],"acf":[],"yoast_head":"<!-- This site is optimized with the Yoast SEO plugin v27.3 - https:\/\/yoast.com\/product\/yoast-seo-wordpress\/ -->\n<title>La Clean Shipping Coalition chiede progressi - ITJ | International Transport Journal<\/title>\n<meta name=\"robots\" content=\"index, follow, max-snippet:-1, max-image-preview:large, max-video-preview:-1\" \/>\n<link rel=\"canonical\" href=\"https:\/\/transportjournal.com\/it\/2026\/04\/27\/la-clean-shipping-coalition-chiede-progressi\/\" \/>\n<meta property=\"og:locale\" content=\"it_IT\" \/>\n<meta property=\"og:type\" content=\"article\" \/>\n<meta property=\"og:title\" content=\"La Clean Shipping Coalition chiede progressi - ITJ | International Transport Journal\" \/>\n<meta property=\"og:description\" content=\"La Clean Shipping Coalition chiede misure per ridurre le emissioni di gas serra nel settore marittimo.\" \/>\n<meta property=\"og:url\" content=\"https:\/\/transportjournal.com\/it\/2026\/04\/27\/la-clean-shipping-coalition-chiede-progressi\/\" \/>\n<meta property=\"og:site_name\" content=\"ITJ | International Transport Journal\" \/>\n<meta property=\"article:published_time\" content=\"2026-04-27T08:57:34+00:00\" \/>\n<meta property=\"article:modified_time\" content=\"2026-04-27T09:08:47+00:00\" \/>\n<meta property=\"og:image\" content=\"https:\/\/transportjournal.com\/wp-content\/uploads\/sites\/2\/2026\/02\/AdobeStock_173995335-9-scaled-1.jpeg\" \/>\n\t<meta property=\"og:image:width\" content=\"2560\" \/>\n\t<meta property=\"og:image:height\" content=\"1438\" \/>\n\t<meta property=\"og:image:type\" content=\"image\/jpeg\" \/>\n<meta name=\"author\" content=\"Jeremy Soland\" \/>\n<meta name=\"twitter:card\" content=\"summary_large_image\" \/>\n<meta name=\"twitter:label1\" content=\"Scritto da\" \/>\n\t<meta name=\"twitter:data1\" content=\"Jeremy Soland\" \/>\n\t<meta name=\"twitter:label2\" content=\"Tempo di lettura stimato\" \/>\n\t<meta name=\"twitter:data2\" content=\"1 minuto\" \/>\n<script type=\"application\/ld+json\" class=\"yoast-schema-graph\">{\"@context\":\"https:\\\/\\\/schema.org\",\"@graph\":[{\"@type\":\"Article\",\"@id\":\"https:\\\/\\\/transportjournal.com\\\/it\\\/2026\\\/04\\\/27\\\/la-clean-shipping-coalition-chiede-progressi\\\/#article\",\"isPartOf\":{\"@id\":\"https:\\\/\\\/transportjournal.com\\\/it\\\/2026\\\/04\\\/27\\\/la-clean-shipping-coalition-chiede-progressi\\\/\"},\"author\":{\"name\":\"Jeremy Soland\",\"@id\":\"https:\\\/\\\/transportjournal.com\\\/it\\\/#\\\/schema\\\/person\\\/41d36b5474b623392fa613e97e2363fa\"},\"headline\":\"La Clean Shipping Coalition chiede progressi\",\"datePublished\":\"2026-04-27T08:57:34+00:00\",\"dateModified\":\"2026-04-27T09:08:47+00:00\",\"mainEntityOfPage\":{\"@id\":\"https:\\\/\\\/transportjournal.com\\\/it\\\/2026\\\/04\\\/27\\\/la-clean-shipping-coalition-chiede-progressi\\\/\"},\"wordCount\":192,\"commentCount\":0,\"publisher\":{\"@id\":\"https:\\\/\\\/transportjournal.com\\\/it\\\/#organization\"},\"image\":{\"@id\":\"https:\\\/\\\/transportjournal.com\\\/it\\\/2026\\\/04\\\/27\\\/la-clean-shipping-coalition-chiede-progressi\\\/#primaryimage\"},\"thumbnailUrl\":\"https:\\\/\\\/transportjournal.com\\\/wp-content\\\/uploads\\\/sites\\\/2\\\/2026\\\/02\\\/AdobeStock_173995335-9-scaled-1.jpeg\",\"keywords\":[\"Atlantique Nord-Est\",\"cadre z\u00e9ro \u00e9mission\",\"Carbon Intensity Indicator\",\"clean oceans\",\"climate protection measures Fran\u00e7ais Clean Shipping Coalition\",\"d\u00e9chets plastiques marins\",\"Deutsch Clean Shipping Coalition\",\"Digitalisierung in der Schifffahrt\",\"digitalization in shipping\",\"emission control area\",\"\u00e9missions de gaz \u00e0 effet de serre\",\"Energieeffizienzmassnahme\",\"energy efficiency measures\",\"environmental regulations\",\"Fachkr\u00e4ftemangel in der Schifffahrt\",\"greenhouse gas emissions\",\"IMO\",\"indicateur d'intensit\u00e9 carbone\",\"infrastructure maritime\",\"international shipping\",\"internationale Schifffahrt\",\"Klimaschutzma\u00dfnahmen English Clean Shipping Coalition\",\"logistics providers\",\"Logistikdienstleister\",\"maritime infrastructure\",\"maritime Infrastruktur\",\"mers propres\",\"mesures d'efficacit\u00e9 \u00e9nerg\u00e9tique\",\"mesures de protection climatique\",\"nachhaltige Schifffahrt\",\"navigation durable\",\"navigation internationale\",\"net-zero framework\",\"Netto-Null-Rahmenwerk\",\"Nordost-Atlantik\",\"North East Atlantic\",\"num\u00e9risation dans la navigation\",\"OMI\",\"p\u00e9nurie de main-d'\u0153uvre dans la navigation\",\"plastic marine debris\",\"plastischer Meeresm\u00fcll\",\"pollution des navires\",\"prestataires logistiques\",\"r\u00e9glementations environnementales\",\"saubere Meere\",\"Schifffahrtsstrategie 2023\",\"Schiffsverschmutzung\",\"ship pollution\",\"shipping strategy 2023\",\"strat\u00e9gie maritime 2023\",\"sustainable shipping\",\"Treibhausgasemissionen\",\"Umweltauflagen\",\"workforce shortage in shipping\",\"zone de contr\u00f4le des \u00e9missions\"],\"articleSection\":[\"Spedizioni e porti\"],\"inLanguage\":\"it-IT\",\"potentialAction\":[{\"@type\":\"CommentAction\",\"name\":\"Comment\",\"target\":[\"https:\\\/\\\/transportjournal.com\\\/it\\\/2026\\\/04\\\/27\\\/la-clean-shipping-coalition-chiede-progressi\\\/#respond\"]}]},{\"@type\":\"WebPage\",\"@id\":\"https:\\\/\\\/transportjournal.com\\\/it\\\/2026\\\/04\\\/27\\\/la-clean-shipping-coalition-chiede-progressi\\\/\",\"url\":\"https:\\\/\\\/transportjournal.com\\\/it\\\/2026\\\/04\\\/27\\\/la-clean-shipping-coalition-chiede-progressi\\\/\",\"name\":\"La Clean Shipping Coalition chiede progressi - ITJ | International Transport Journal\",\"isPartOf\":{\"@id\":\"https:\\\/\\\/transportjournal.com\\\/it\\\/#website\"},\"primaryImageOfPage\":{\"@id\":\"https:\\\/\\\/transportjournal.com\\\/it\\\/2026\\\/04\\\/27\\\/la-clean-shipping-coalition-chiede-progressi\\\/#primaryimage\"},\"image\":{\"@id\":\"https:\\\/\\\/transportjournal.com\\\/it\\\/2026\\\/04\\\/27\\\/la-clean-shipping-coalition-chiede-progressi\\\/#primaryimage\"},\"thumbnailUrl\":\"https:\\\/\\\/transportjournal.com\\\/wp-content\\\/uploads\\\/sites\\\/2\\\/2026\\\/02\\\/AdobeStock_173995335-9-scaled-1.jpeg\",\"datePublished\":\"2026-04-27T08:57:34+00:00\",\"dateModified\":\"2026-04-27T09:08:47+00:00\",\"breadcrumb\":{\"@id\":\"https:\\\/\\\/transportjournal.com\\\/it\\\/2026\\\/04\\\/27\\\/la-clean-shipping-coalition-chiede-progressi\\\/#breadcrumb\"},\"inLanguage\":\"it-IT\",\"potentialAction\":[{\"@type\":\"ReadAction\",\"target\":[\"https:\\\/\\\/transportjournal.com\\\/it\\\/2026\\\/04\\\/27\\\/la-clean-shipping-coalition-chiede-progressi\\\/\"]}]},{\"@type\":\"ImageObject\",\"inLanguage\":\"it-IT\",\"@id\":\"https:\\\/\\\/transportjournal.com\\\/it\\\/2026\\\/04\\\/27\\\/la-clean-shipping-coalition-chiede-progressi\\\/#primaryimage\",\"url\":\"https:\\\/\\\/transportjournal.com\\\/wp-content\\\/uploads\\\/sites\\\/2\\\/2026\\\/02\\\/AdobeStock_173995335-9-scaled-1.jpeg\",\"contentUrl\":\"https:\\\/\\\/transportjournal.com\\\/wp-content\\\/uploads\\\/sites\\\/2\\\/2026\\\/02\\\/AdobeStock_173995335-9-scaled-1.jpeg\",\"width\":2560,\"height\":1438},{\"@type\":\"BreadcrumbList\",\"@id\":\"https:\\\/\\\/transportjournal.com\\\/it\\\/2026\\\/04\\\/27\\\/la-clean-shipping-coalition-chiede-progressi\\\/#breadcrumb\",\"itemListElement\":[{\"@type\":\"ListItem\",\"position\":1,\"name\":\"Startseite\",\"item\":\"https:\\\/\\\/transportjournal.com\\\/it\\\/\"},{\"@type\":\"ListItem\",\"position\":2,\"name\":\"La Clean Shipping Coalition chiede progressi\"}]},{\"@type\":\"WebSite\",\"@id\":\"https:\\\/\\\/transportjournal.com\\\/it\\\/#website\",\"url\":\"https:\\\/\\\/transportjournal.com\\\/it\\\/\",\"name\":\"ITJ | International Transport Journal\",\"description\":\"Stay informed with the latest global news from the transport, logistics, and supply chain industries. Transport Journal delivers expert insights, analysis, and updates across shipping, aviation, intermodal, and forwarding.\",\"publisher\":{\"@id\":\"https:\\\/\\\/transportjournal.com\\\/it\\\/#organization\"},\"potentialAction\":[{\"@type\":\"SearchAction\",\"target\":{\"@type\":\"EntryPoint\",\"urlTemplate\":\"https:\\\/\\\/transportjournal.com\\\/it\\\/?s={search_term_string}\"},\"query-input\":{\"@type\":\"PropertyValueSpecification\",\"valueRequired\":true,\"valueName\":\"search_term_string\"}}],\"inLanguage\":\"it-IT\"},{\"@type\":\"Organization\",\"@id\":\"https:\\\/\\\/transportjournal.com\\\/it\\\/#organization\",\"name\":\"Logismedia Group AG\",\"alternateName\":\"Logismedia Group AG\",\"url\":\"https:\\\/\\\/transportjournal.com\\\/it\\\/\",\"logo\":{\"@type\":\"ImageObject\",\"inLanguage\":\"it-IT\",\"@id\":\"https:\\\/\\\/transportjournal.com\\\/it\\\/#\\\/schema\\\/logo\\\/image\\\/\",\"url\":\"https:\\\/\\\/transportjournal.com\\\/wp-content\\\/uploads\\\/sites\\\/2\\\/2025\\\/09\\\/Logo_ITJ.png\",\"contentUrl\":\"https:\\\/\\\/transportjournal.com\\\/wp-content\\\/uploads\\\/sites\\\/2\\\/2025\\\/09\\\/Logo_ITJ.png\",\"width\":799,\"height\":326,\"caption\":\"Logismedia Group AG\"},\"image\":{\"@id\":\"https:\\\/\\\/transportjournal.com\\\/it\\\/#\\\/schema\\\/logo\\\/image\\\/\"},\"sameAs\":[\"https:\\\/\\\/www.linkedin.com\\\/company\\\/56456496\\\/admin\\\/dashboard\\\/\",\"https:\\\/\\\/www.instagram.com\\\/logismediagroup\\\/\",\"https:\\\/\\\/www.youtube.com\\\/@LogiamediaGroupAG\"]},{\"@type\":\"Person\",\"@id\":\"https:\\\/\\\/transportjournal.com\\\/it\\\/#\\\/schema\\\/person\\\/41d36b5474b623392fa613e97e2363fa\",\"name\":\"Jeremy Soland\",\"url\":\"https:\\\/\\\/transportjournal.com\\\/it\\\/author\\\/jeremy\\\/\"}]}<\/script>\n<!-- \/ Yoast SEO plugin. -->","yoast_head_json":{"title":"La Clean Shipping Coalition chiede progressi - ITJ | International Transport Journal","robots":{"index":"index","follow":"follow","max-snippet":"max-snippet:-1","max-image-preview":"max-image-preview:large","max-video-preview":"max-video-preview:-1"},"canonical":"https:\/\/transportjournal.com\/it\/2026\/04\/27\/la-clean-shipping-coalition-chiede-progressi\/","og_locale":"it_IT","og_type":"article","og_title":"La Clean Shipping Coalition chiede progressi - ITJ | International Transport Journal","og_description":"La Clean Shipping Coalition chiede misure per ridurre le emissioni di gas serra nel settore marittimo.","og_url":"https:\/\/transportjournal.com\/it\/2026\/04\/27\/la-clean-shipping-coalition-chiede-progressi\/","og_site_name":"ITJ | International Transport Journal","article_published_time":"2026-04-27T08:57:34+00:00","article_modified_time":"2026-04-27T09:08:47+00:00","og_image":[{"width":2560,"height":1438,"url":"https:\/\/transportjournal.com\/wp-content\/uploads\/sites\/2\/2026\/02\/AdobeStock_173995335-9-scaled-1.jpeg","type":"image\/jpeg"}],"author":"Jeremy Soland","twitter_card":"summary_large_image","twitter_misc":{"Scritto da":"Jeremy Soland","Tempo di lettura stimato":"1 minuto"},"schema":{"@context":"https:\/\/schema.org","@graph":[{"@type":"Article","@id":"https:\/\/transportjournal.com\/it\/2026\/04\/27\/la-clean-shipping-coalition-chiede-progressi\/#article","isPartOf":{"@id":"https:\/\/transportjournal.com\/it\/2026\/04\/27\/la-clean-shipping-coalition-chiede-progressi\/"},"author":{"name":"Jeremy Soland","@id":"https:\/\/transportjournal.com\/it\/#\/schema\/person\/41d36b5474b623392fa613e97e2363fa"},"headline":"La Clean Shipping Coalition chiede progressi","datePublished":"2026-04-27T08:57:34+00:00","dateModified":"2026-04-27T09:08:47+00:00","mainEntityOfPage":{"@id":"https:\/\/transportjournal.com\/it\/2026\/04\/27\/la-clean-shipping-coalition-chiede-progressi\/"},"wordCount":192,"commentCount":0,"publisher":{"@id":"https:\/\/transportjournal.com\/it\/#organization"},"image":{"@id":"https:\/\/transportjournal.com\/it\/2026\/04\/27\/la-clean-shipping-coalition-chiede-progressi\/#primaryimage"},"thumbnailUrl":"https:\/\/transportjournal.com\/wp-content\/uploads\/sites\/2\/2026\/02\/AdobeStock_173995335-9-scaled-1.jpeg","keywords":["Atlantique Nord-Est","cadre z\u00e9ro \u00e9mission","Carbon Intensity Indicator","clean oceans","climate protection measures Fran\u00e7ais Clean Shipping Coalition","d\u00e9chets plastiques marins","Deutsch Clean Shipping Coalition","Digitalisierung in der Schifffahrt","digitalization in shipping","emission control area","\u00e9missions de gaz \u00e0 effet de serre","Energieeffizienzmassnahme","energy efficiency measures","environmental regulations","Fachkr\u00e4ftemangel in der Schifffahrt","greenhouse gas emissions","IMO","indicateur d'intensit\u00e9 carbone","infrastructure maritime","international shipping","internationale Schifffahrt","Klimaschutzma\u00dfnahmen English Clean Shipping Coalition","logistics providers","Logistikdienstleister","maritime infrastructure","maritime Infrastruktur","mers propres","mesures d'efficacit\u00e9 \u00e9nerg\u00e9tique","mesures de protection climatique","nachhaltige Schifffahrt","navigation durable","navigation internationale","net-zero framework","Netto-Null-Rahmenwerk","Nordost-Atlantik","North East Atlantic","num\u00e9risation dans la navigation","OMI","p\u00e9nurie de main-d'\u0153uvre dans la navigation","plastic marine debris","plastischer Meeresm\u00fcll","pollution des navires","prestataires logistiques","r\u00e9glementations environnementales","saubere Meere","Schifffahrtsstrategie 2023","Schiffsverschmutzung","ship pollution","shipping strategy 2023","strat\u00e9gie maritime 2023","sustainable shipping","Treibhausgasemissionen","Umweltauflagen","workforce shortage in shipping","zone de contr\u00f4le des \u00e9missions"],"articleSection":["Spedizioni e porti"],"inLanguage":"it-IT","potentialAction":[{"@type":"CommentAction","name":"Comment","target":["https:\/\/transportjournal.com\/it\/2026\/04\/27\/la-clean-shipping-coalition-chiede-progressi\/#respond"]}]},{"@type":"WebPage","@id":"https:\/\/transportjournal.com\/it\/2026\/04\/27\/la-clean-shipping-coalition-chiede-progressi\/","url":"https:\/\/transportjournal.com\/it\/2026\/04\/27\/la-clean-shipping-coalition-chiede-progressi\/","name":"La Clean Shipping Coalition chiede progressi - ITJ | International Transport Journal","isPartOf":{"@id":"https:\/\/transportjournal.com\/it\/#website"},"primaryImageOfPage":{"@id":"https:\/\/transportjournal.com\/it\/2026\/04\/27\/la-clean-shipping-coalition-chiede-progressi\/#primaryimage"},"image":{"@id":"https:\/\/transportjournal.com\/it\/2026\/04\/27\/la-clean-shipping-coalition-chiede-progressi\/#primaryimage"},"thumbnailUrl":"https:\/\/transportjournal.com\/wp-content\/uploads\/sites\/2\/2026\/02\/AdobeStock_173995335-9-scaled-1.jpeg","datePublished":"2026-04-27T08:57:34+00:00","dateModified":"2026-04-27T09:08:47+00:00","breadcrumb":{"@id":"https:\/\/transportjournal.com\/it\/2026\/04\/27\/la-clean-shipping-coalition-chiede-progressi\/#breadcrumb"},"inLanguage":"it-IT","potentialAction":[{"@type":"ReadAction","target":["https:\/\/transportjournal.com\/it\/2026\/04\/27\/la-clean-shipping-coalition-chiede-progressi\/"]}]},{"@type":"ImageObject","inLanguage":"it-IT","@id":"https:\/\/transportjournal.com\/it\/2026\/04\/27\/la-clean-shipping-coalition-chiede-progressi\/#primaryimage","url":"https:\/\/transportjournal.com\/wp-content\/uploads\/sites\/2\/2026\/02\/AdobeStock_173995335-9-scaled-1.jpeg","contentUrl":"https:\/\/transportjournal.com\/wp-content\/uploads\/sites\/2\/2026\/02\/AdobeStock_173995335-9-scaled-1.jpeg","width":2560,"height":1438},{"@type":"BreadcrumbList","@id":"https:\/\/transportjournal.com\/it\/2026\/04\/27\/la-clean-shipping-coalition-chiede-progressi\/#breadcrumb","itemListElement":[{"@type":"ListItem","position":1,"name":"Startseite","item":"https:\/\/transportjournal.com\/it\/"},{"@type":"ListItem","position":2,"name":"La Clean Shipping Coalition chiede progressi"}]},{"@type":"WebSite","@id":"https:\/\/transportjournal.com\/it\/#website","url":"https:\/\/transportjournal.com\/it\/","name":"ITJ | International Transport Journal","description":"Stay informed with the latest global news from the transport, logistics, and supply chain industries. Transport Journal delivers expert insights, analysis, and updates across shipping, aviation, intermodal, and forwarding.","publisher":{"@id":"https:\/\/transportjournal.com\/it\/#organization"},"potentialAction":[{"@type":"SearchAction","target":{"@type":"EntryPoint","urlTemplate":"https:\/\/transportjournal.com\/it\/?s={search_term_string}"},"query-input":{"@type":"PropertyValueSpecification","valueRequired":true,"valueName":"search_term_string"}}],"inLanguage":"it-IT"},{"@type":"Organization","@id":"https:\/\/transportjournal.com\/it\/#organization","name":"Logismedia Group AG","alternateName":"Logismedia Group AG","url":"https:\/\/transportjournal.com\/it\/","logo":{"@type":"ImageObject","inLanguage":"it-IT","@id":"https:\/\/transportjournal.com\/it\/#\/schema\/logo\/image\/","url":"https:\/\/transportjournal.com\/wp-content\/uploads\/sites\/2\/2025\/09\/Logo_ITJ.png","contentUrl":"https:\/\/transportjournal.com\/wp-content\/uploads\/sites\/2\/2025\/09\/Logo_ITJ.png","width":799,"height":326,"caption":"Logismedia Group AG"},"image":{"@id":"https:\/\/transportjournal.com\/it\/#\/schema\/logo\/image\/"},"sameAs":["https:\/\/www.linkedin.com\/company\/56456496\/admin\/dashboard\/","https:\/\/www.instagram.com\/logismediagroup\/","https:\/\/www.youtube.com\/@LogiamediaGroupAG"]},{"@type":"Person","@id":"https:\/\/transportjournal.com\/it\/#\/schema\/person\/41d36b5474b623392fa613e97e2363fa","name":"Jeremy Soland","url":"https:\/\/transportjournal.com\/it\/author\/jeremy\/"}]}},"_links":{"self":[{"href":"https:\/\/transportjournal.com\/it\/wp-json\/wp\/v2\/posts\/86730","targetHints":{"allow":["GET"]}}],"collection":[{"href":"https:\/\/transportjournal.com\/it\/wp-json\/wp\/v2\/posts"}],"about":[{"href":"https:\/\/transportjournal.com\/it\/wp-json\/wp\/v2\/types\/post"}],"author":[{"embeddable":true,"href":"https:\/\/transportjournal.com\/it\/wp-json\/wp\/v2\/users\/10"}],"replies":[{"embeddable":true,"href":"https:\/\/transportjournal.com\/it\/wp-json\/wp\/v2\/comments?post=86730"}],"version-history":[{"count":1,"href":"https:\/\/transportjournal.com\/it\/wp-json\/wp\/v2\/posts\/86730\/revisions"}],"predecessor-version":[{"id":86737,"href":"https:\/\/transportjournal.com\/it\/wp-json\/wp\/v2\/posts\/86730\/revisions\/86737"}],"wp:featuredmedia":[{"embeddable":true,"href":"https:\/\/transportjournal.com\/it\/wp-json\/wp\/v2\/media\/76003"}],"wp:attachment":[{"href":"https:\/\/transportjournal.com\/it\/wp-json\/wp\/v2\/media?parent=86730"}],"wp:term":[{"taxonomy":"category","embeddable":true,"href":"https:\/\/transportjournal.com\/it\/wp-json\/wp\/v2\/categories?post=86730"},{"taxonomy":"post_tag","embeddable":true,"href":"https:\/\/transportjournal.com\/it\/wp-json\/wp\/v2\/tags?post=86730"}],"curies":[{"name":"wp","href":"https:\/\/api.w.org\/{rel}","templated":true}]}}