{"id":86657,"date":"2026-04-27T07:50:51","date_gmt":"2026-04-27T07:50:51","guid":{"rendered":"https:\/\/transportjournal.com\/2026\/04\/27\/dhl-espande-il-business-logistico-in-sudafrica\/"},"modified":"2026-04-27T10:05:42","modified_gmt":"2026-04-27T08:05:42","slug":"dhl-espande-il-business-logistico-in-sudafrica","status":"publish","type":"post","link":"https:\/\/transportjournal.com\/it\/2026\/04\/27\/dhl-espande-il-business-logistico-in-sudafrica\/","title":{"rendered":"DHL espande il business logistico in Sudafrica"},"content":{"rendered":"<p>DHL Supply Chain, un operatore logistico con attivit\u00e0 a livello mondiale, ha completato l&#8217;acquisizione di tre aziende del Vital Group in Sudafrica. La transazione \u00e8 stata approvata senza condizioni dal tribunale nazionale della concorrenza. In futuro, Vital Distribution Solutions, Staffing Logistics e Vital Fleet opereranno come filiali di DHL, mantenendo le loro strutture esistenti.<\/p>\n<p>Con l&#8217;acquisizione, DHL amplia le proprie capacit\u00e0 nei settori del trasporto, distribuzione, gestione delle flotte e personale nel paese. Inoltre, l&#8217;azienda rafforza la propria rete nazionale e migliora la copertura di mercato in un ambiente retail frammentato. L&#8217;obiettivo \u00e8 fornire ai clienti un accesso pi\u00f9 ampio ai canali di vendita e una disponibilit\u00e0 di prodotti pi\u00f9 stabile.<\/p>\n<p>Secondo DHL, l&#8217;integrazione dovrebbe portare anche a guadagni di efficienza, ad esempio attraverso un maggiore utilizzo e una pianificazione ottimizzata dei percorsi. Questo supporta anche la strategia di decarbonizzazione dell&#8217;azienda. L&#8217;investimento fa parte dell&#8217;impegno a lungo termine di DHL Supply Chain in Africa subsahariana, per il quale sono previsti circa 300 milioni di EUR entro il 2030.<\/p>\n<p><a href=\"http:\/\/www.dhl.com\" target=\"_blank\" rel=\"noopener noreferrer\">www.dhl.com<\/a><\/p>\n","protected":false},"excerpt":{"rendered":"<p>DHL Supply Chain ha completato l&#8217;acquisizione di tre aziende del Vital Group in Sudafrica per ampliare le sue capacit\u00e0 logistiche e la presenza sul mercato nel paese.<\/p>\n","protected":false},"author":14,"featured_media":86653,"comment_status":"open","ping_status":"","sticky":false,"template":"","format":"standard","meta":{"_acf_changed":false,"footnotes":""},"categories":[1642,1629],"tags":[3811,4107,3812,2207,3130,32160,32161,11926,2695,2696,42258,5443,18872,18873,42259,42260,42261,4598,4601,18877,4604,42262,3682,3683,26729,3143,42263,42264,42265,42266,3151,26730,26732,5454,2717,3530,33632,2148,42267,3532,14924,42268,4141,42269,32182,4145,1857,5460,42270,42271,42272,42273,42274],"class_list":["post-86657","post","type-post","status-publish","format-standard","has-post-thumbnail","hentry","category-africa","category-spedizioni-e-logistica","tag-acquisition","tag-afrique-du-sud","tag-akquisition","tag-chaine-dapprovisionnement","tag-contract-logistics","tag-decarbonization-strategy","tag-dekarbonisierungsstrategie","tag-deutsch-dhl","tag-digitalisierung","tag-digitalization","tag-disponibilite-des-marchandises","tag-durabilite","tag-efficiency-gains","tag-effizienzgewinne","tag-einzelhandelsumfeld","tag-entreprise-logistique","tag-environnement-de-vente-au-detail","tag-fleet-management","tag-flottenmanagement","tag-gains-defficacite","tag-gestion-de-flotte","tag-goods-availability","tag-infrastructure","tag-infrastruktur","tag-integration-de-marche","tag-kontraktlogistik","tag-logistics-business","tag-logistics-service-providers-francais-dhl","tag-logistikdienstleister-english-dhl","tag-logistikgeschaeft","tag-logistique-contractuelle","tag-market-integration","tag-marktintegration","tag-nachhaltigkeit","tag-numerisation","tag-optimisation-des-itineraires","tag-personalmanagement","tag-prestataires-de-services-logistiques","tag-retail-environment","tag-route-optimization","tag-routenplanung","tag-solutions-de-personnel","tag-south-africa","tag-staffing-solutions","tag-strategie-de-decarbonisation","tag-suedafrika","tag-supply-chain","tag-sustainability","tag-transport-and-distribution","tag-transport-et-distribution","tag-transport-und-distribution","tag-vital-group","tag-warenverfuegbarkeit"],"acf":[],"yoast_head":"<!-- This site is optimized with the Yoast SEO plugin v27.3 - https:\/\/yoast.com\/product\/yoast-seo-wordpress\/ -->\n<title>DHL espande il business logistico in Sudafrica - ITJ | International Transport Journal<\/title>\n<meta name=\"robots\" content=\"index, follow, max-snippet:-1, max-image-preview:large, max-video-preview:-1\" \/>\n<link rel=\"canonical\" href=\"https:\/\/transportjournal.com\/it\/2026\/04\/27\/dhl-espande-il-business-logistico-in-sudafrica\/\" \/>\n<meta property=\"og:locale\" content=\"it_IT\" \/>\n<meta property=\"og:type\" content=\"article\" \/>\n<meta property=\"og:title\" content=\"DHL espande il business logistico in Sudafrica - ITJ | International Transport Journal\" \/>\n<meta property=\"og:description\" content=\"DHL Supply Chain ha completato l&#039;acquisizione di tre aziende del Vital Group in Sudafrica per ampliare le sue capacit\u00e0 logistiche e la presenza sul mercato nel paese.\" \/>\n<meta property=\"og:url\" content=\"https:\/\/transportjournal.com\/it\/2026\/04\/27\/dhl-espande-il-business-logistico-in-sudafrica\/\" \/>\n<meta property=\"og:site_name\" content=\"ITJ | International Transport Journal\" \/>\n<meta property=\"article:published_time\" content=\"2026-04-27T07:50:51+00:00\" \/>\n<meta property=\"article:modified_time\" content=\"2026-04-27T08:05:42+00:00\" \/>\n<meta property=\"og:image\" content=\"https:\/\/transportjournal.com\/wp-content\/uploads\/sites\/2\/2026\/04\/DHL-Supply-Chain-Vital-Group-South-Africa-Foto-DHL_glo-press-text-generic-placeholder-flags.jpeg\" \/>\n\t<meta property=\"og:image:width\" content=\"1197\" \/>\n\t<meta property=\"og:image:height\" content=\"673\" \/>\n\t<meta property=\"og:image:type\" content=\"image\/jpeg\" \/>\n<meta name=\"author\" content=\"Gyan Sharan\" \/>\n<meta name=\"twitter:card\" content=\"summary_large_image\" \/>\n<meta name=\"twitter:label1\" content=\"Scritto da\" \/>\n\t<meta name=\"twitter:data1\" content=\"Gyan Sharan\" \/>\n\t<meta name=\"twitter:label2\" content=\"Tempo di lettura stimato\" \/>\n\t<meta name=\"twitter:data2\" content=\"1 minuto\" \/>\n<script type=\"application\/ld+json\" class=\"yoast-schema-graph\">{\"@context\":\"https:\\\/\\\/schema.org\",\"@graph\":[{\"@type\":\"Article\",\"@id\":\"https:\\\/\\\/transportjournal.com\\\/it\\\/2026\\\/04\\\/27\\\/dhl-espande-il-business-logistico-in-sudafrica\\\/#article\",\"isPartOf\":{\"@id\":\"https:\\\/\\\/transportjournal.com\\\/it\\\/2026\\\/04\\\/27\\\/dhl-espande-il-business-logistico-in-sudafrica\\\/\"},\"author\":{\"name\":\"Gyan Sharan\",\"@id\":\"https:\\\/\\\/transportjournal.com\\\/it\\\/#\\\/schema\\\/person\\\/13a9fc605c753db60ef7750a229cd042\"},\"headline\":\"DHL espande il business logistico in Sudafrica\",\"datePublished\":\"2026-04-27T07:50:51+00:00\",\"dateModified\":\"2026-04-27T08:05:42+00:00\",\"mainEntityOfPage\":{\"@id\":\"https:\\\/\\\/transportjournal.com\\\/it\\\/2026\\\/04\\\/27\\\/dhl-espande-il-business-logistico-in-sudafrica\\\/\"},\"wordCount\":182,\"commentCount\":0,\"publisher\":{\"@id\":\"https:\\\/\\\/transportjournal.com\\\/it\\\/#organization\"},\"image\":{\"@id\":\"https:\\\/\\\/transportjournal.com\\\/it\\\/2026\\\/04\\\/27\\\/dhl-espande-il-business-logistico-in-sudafrica\\\/#primaryimage\"},\"thumbnailUrl\":\"https:\\\/\\\/transportjournal.com\\\/wp-content\\\/uploads\\\/sites\\\/2\\\/2026\\\/04\\\/DHL-Supply-Chain-Vital-Group-South-Africa-Foto-DHL_glo-press-text-generic-placeholder-flags.jpeg\",\"keywords\":[\"acquisition\",\"Afrique du Sud\",\"Akquisition\",\"cha\u00eene d'approvisionnement\",\"contract logistics\",\"decarbonization strategy\",\"Dekarbonisierungsstrategie\",\"Deutsch DHL\",\"Digitalisierung\",\"digitalization\",\"disponibilit\u00e9 des marchandises\",\"durabilit\u00e9\",\"efficiency gains\",\"Effizienzgewinne\",\"Einzelhandelsumfeld\",\"entreprise logistique\",\"environnement de vente au d\u00e9tail\",\"fleet management\",\"Flottenmanagement\",\"gains d'efficacit\u00e9\",\"gestion de flotte\",\"goods availability\",\"infrastructure\",\"Infrastruktur\",\"int\u00e9gration de march\u00e9\",\"Kontraktlogistik\",\"logistics business\",\"logistics service providers Fran\u00e7ais DHL\",\"Logistikdienstleister English DHL\",\"Logistikgesch\u00e4ft\",\"logistique contractuelle\",\"market integration\",\"Marktintegration\",\"Nachhaltigkeit\",\"num\u00e9risation\",\"optimisation des itin\u00e9raires\",\"Personalmanagement\",\"prestataires de services logistiques\",\"retail environment\",\"route optimization\",\"Routenplanung\",\"solutions de personnel\",\"South Africa\",\"staffing solutions\",\"strat\u00e9gie de d\u00e9carbonisation\",\"S\u00fcdafrika\",\"Supply Chain\",\"sustainability\",\"transport and distribution\",\"transport et distribution\",\"Transport und Distribution\",\"Vital Group\",\"Warenverf\u00fcgbarkeit\"],\"articleSection\":[\"Africa\",\"Spedizioniere e Logistica\"],\"inLanguage\":\"it-IT\",\"potentialAction\":[{\"@type\":\"CommentAction\",\"name\":\"Comment\",\"target\":[\"https:\\\/\\\/transportjournal.com\\\/it\\\/2026\\\/04\\\/27\\\/dhl-espande-il-business-logistico-in-sudafrica\\\/#respond\"]}]},{\"@type\":\"WebPage\",\"@id\":\"https:\\\/\\\/transportjournal.com\\\/it\\\/2026\\\/04\\\/27\\\/dhl-espande-il-business-logistico-in-sudafrica\\\/\",\"url\":\"https:\\\/\\\/transportjournal.com\\\/it\\\/2026\\\/04\\\/27\\\/dhl-espande-il-business-logistico-in-sudafrica\\\/\",\"name\":\"DHL espande il business logistico in Sudafrica - ITJ | International Transport Journal\",\"isPartOf\":{\"@id\":\"https:\\\/\\\/transportjournal.com\\\/it\\\/#website\"},\"primaryImageOfPage\":{\"@id\":\"https:\\\/\\\/transportjournal.com\\\/it\\\/2026\\\/04\\\/27\\\/dhl-espande-il-business-logistico-in-sudafrica\\\/#primaryimage\"},\"image\":{\"@id\":\"https:\\\/\\\/transportjournal.com\\\/it\\\/2026\\\/04\\\/27\\\/dhl-espande-il-business-logistico-in-sudafrica\\\/#primaryimage\"},\"thumbnailUrl\":\"https:\\\/\\\/transportjournal.com\\\/wp-content\\\/uploads\\\/sites\\\/2\\\/2026\\\/04\\\/DHL-Supply-Chain-Vital-Group-South-Africa-Foto-DHL_glo-press-text-generic-placeholder-flags.jpeg\",\"datePublished\":\"2026-04-27T07:50:51+00:00\",\"dateModified\":\"2026-04-27T08:05:42+00:00\",\"breadcrumb\":{\"@id\":\"https:\\\/\\\/transportjournal.com\\\/it\\\/2026\\\/04\\\/27\\\/dhl-espande-il-business-logistico-in-sudafrica\\\/#breadcrumb\"},\"inLanguage\":\"it-IT\",\"potentialAction\":[{\"@type\":\"ReadAction\",\"target\":[\"https:\\\/\\\/transportjournal.com\\\/it\\\/2026\\\/04\\\/27\\\/dhl-espande-il-business-logistico-in-sudafrica\\\/\"]}]},{\"@type\":\"ImageObject\",\"inLanguage\":\"it-IT\",\"@id\":\"https:\\\/\\\/transportjournal.com\\\/it\\\/2026\\\/04\\\/27\\\/dhl-espande-il-business-logistico-in-sudafrica\\\/#primaryimage\",\"url\":\"https:\\\/\\\/transportjournal.com\\\/wp-content\\\/uploads\\\/sites\\\/2\\\/2026\\\/04\\\/DHL-Supply-Chain-Vital-Group-South-Africa-Foto-DHL_glo-press-text-generic-placeholder-flags.jpeg\",\"contentUrl\":\"https:\\\/\\\/transportjournal.com\\\/wp-content\\\/uploads\\\/sites\\\/2\\\/2026\\\/04\\\/DHL-Supply-Chain-Vital-Group-South-Africa-Foto-DHL_glo-press-text-generic-placeholder-flags.jpeg\",\"width\":1197,\"height\":673},{\"@type\":\"BreadcrumbList\",\"@id\":\"https:\\\/\\\/transportjournal.com\\\/it\\\/2026\\\/04\\\/27\\\/dhl-espande-il-business-logistico-in-sudafrica\\\/#breadcrumb\",\"itemListElement\":[{\"@type\":\"ListItem\",\"position\":1,\"name\":\"Startseite\",\"item\":\"https:\\\/\\\/transportjournal.com\\\/it\\\/\"},{\"@type\":\"ListItem\",\"position\":2,\"name\":\"DHL espande il business logistico in Sudafrica\"}]},{\"@type\":\"WebSite\",\"@id\":\"https:\\\/\\\/transportjournal.com\\\/it\\\/#website\",\"url\":\"https:\\\/\\\/transportjournal.com\\\/it\\\/\",\"name\":\"ITJ | International Transport Journal\",\"description\":\"Stay informed with the latest global news from the transport, logistics, and supply chain industries. Transport Journal delivers expert insights, analysis, and updates across shipping, aviation, intermodal, and forwarding.\",\"publisher\":{\"@id\":\"https:\\\/\\\/transportjournal.com\\\/it\\\/#organization\"},\"potentialAction\":[{\"@type\":\"SearchAction\",\"target\":{\"@type\":\"EntryPoint\",\"urlTemplate\":\"https:\\\/\\\/transportjournal.com\\\/it\\\/?s={search_term_string}\"},\"query-input\":{\"@type\":\"PropertyValueSpecification\",\"valueRequired\":true,\"valueName\":\"search_term_string\"}}],\"inLanguage\":\"it-IT\"},{\"@type\":\"Organization\",\"@id\":\"https:\\\/\\\/transportjournal.com\\\/it\\\/#organization\",\"name\":\"Logismedia Group AG\",\"alternateName\":\"Logismedia Group AG\",\"url\":\"https:\\\/\\\/transportjournal.com\\\/it\\\/\",\"logo\":{\"@type\":\"ImageObject\",\"inLanguage\":\"it-IT\",\"@id\":\"https:\\\/\\\/transportjournal.com\\\/it\\\/#\\\/schema\\\/logo\\\/image\\\/\",\"url\":\"https:\\\/\\\/transportjournal.com\\\/wp-content\\\/uploads\\\/sites\\\/2\\\/2025\\\/09\\\/Logo_ITJ.png\",\"contentUrl\":\"https:\\\/\\\/transportjournal.com\\\/wp-content\\\/uploads\\\/sites\\\/2\\\/2025\\\/09\\\/Logo_ITJ.png\",\"width\":799,\"height\":326,\"caption\":\"Logismedia Group AG\"},\"image\":{\"@id\":\"https:\\\/\\\/transportjournal.com\\\/it\\\/#\\\/schema\\\/logo\\\/image\\\/\"},\"sameAs\":[\"https:\\\/\\\/www.linkedin.com\\\/company\\\/56456496\\\/admin\\\/dashboard\\\/\",\"https:\\\/\\\/www.instagram.com\\\/logismediagroup\\\/\",\"https:\\\/\\\/www.youtube.com\\\/@LogiamediaGroupAG\"]},{\"@type\":\"Person\",\"@id\":\"https:\\\/\\\/transportjournal.com\\\/it\\\/#\\\/schema\\\/person\\\/13a9fc605c753db60ef7750a229cd042\",\"name\":\"Gyan Sharan\",\"url\":\"https:\\\/\\\/transportjournal.com\\\/it\\\/author\\\/gyan\\\/\"}]}<\/script>\n<!-- \/ Yoast SEO plugin. -->","yoast_head_json":{"title":"DHL espande il business logistico in Sudafrica - ITJ | International Transport Journal","robots":{"index":"index","follow":"follow","max-snippet":"max-snippet:-1","max-image-preview":"max-image-preview:large","max-video-preview":"max-video-preview:-1"},"canonical":"https:\/\/transportjournal.com\/it\/2026\/04\/27\/dhl-espande-il-business-logistico-in-sudafrica\/","og_locale":"it_IT","og_type":"article","og_title":"DHL espande il business logistico in Sudafrica - ITJ | International Transport Journal","og_description":"DHL Supply Chain ha completato l'acquisizione di tre aziende del Vital Group in Sudafrica per ampliare le sue capacit\u00e0 logistiche e la presenza sul mercato nel paese.","og_url":"https:\/\/transportjournal.com\/it\/2026\/04\/27\/dhl-espande-il-business-logistico-in-sudafrica\/","og_site_name":"ITJ | International Transport Journal","article_published_time":"2026-04-27T07:50:51+00:00","article_modified_time":"2026-04-27T08:05:42+00:00","og_image":[{"width":1197,"height":673,"url":"https:\/\/transportjournal.com\/wp-content\/uploads\/sites\/2\/2026\/04\/DHL-Supply-Chain-Vital-Group-South-Africa-Foto-DHL_glo-press-text-generic-placeholder-flags.jpeg","type":"image\/jpeg"}],"author":"Gyan Sharan","twitter_card":"summary_large_image","twitter_misc":{"Scritto da":"Gyan Sharan","Tempo di lettura stimato":"1 minuto"},"schema":{"@context":"https:\/\/schema.org","@graph":[{"@type":"Article","@id":"https:\/\/transportjournal.com\/it\/2026\/04\/27\/dhl-espande-il-business-logistico-in-sudafrica\/#article","isPartOf":{"@id":"https:\/\/transportjournal.com\/it\/2026\/04\/27\/dhl-espande-il-business-logistico-in-sudafrica\/"},"author":{"name":"Gyan Sharan","@id":"https:\/\/transportjournal.com\/it\/#\/schema\/person\/13a9fc605c753db60ef7750a229cd042"},"headline":"DHL espande il business logistico in Sudafrica","datePublished":"2026-04-27T07:50:51+00:00","dateModified":"2026-04-27T08:05:42+00:00","mainEntityOfPage":{"@id":"https:\/\/transportjournal.com\/it\/2026\/04\/27\/dhl-espande-il-business-logistico-in-sudafrica\/"},"wordCount":182,"commentCount":0,"publisher":{"@id":"https:\/\/transportjournal.com\/it\/#organization"},"image":{"@id":"https:\/\/transportjournal.com\/it\/2026\/04\/27\/dhl-espande-il-business-logistico-in-sudafrica\/#primaryimage"},"thumbnailUrl":"https:\/\/transportjournal.com\/wp-content\/uploads\/sites\/2\/2026\/04\/DHL-Supply-Chain-Vital-Group-South-Africa-Foto-DHL_glo-press-text-generic-placeholder-flags.jpeg","keywords":["acquisition","Afrique du Sud","Akquisition","cha\u00eene d'approvisionnement","contract logistics","decarbonization strategy","Dekarbonisierungsstrategie","Deutsch DHL","Digitalisierung","digitalization","disponibilit\u00e9 des marchandises","durabilit\u00e9","efficiency gains","Effizienzgewinne","Einzelhandelsumfeld","entreprise logistique","environnement de vente au d\u00e9tail","fleet management","Flottenmanagement","gains d'efficacit\u00e9","gestion de flotte","goods availability","infrastructure","Infrastruktur","int\u00e9gration de march\u00e9","Kontraktlogistik","logistics business","logistics service providers Fran\u00e7ais DHL","Logistikdienstleister English DHL","Logistikgesch\u00e4ft","logistique contractuelle","market integration","Marktintegration","Nachhaltigkeit","num\u00e9risation","optimisation des itin\u00e9raires","Personalmanagement","prestataires de services logistiques","retail environment","route optimization","Routenplanung","solutions de personnel","South Africa","staffing solutions","strat\u00e9gie de d\u00e9carbonisation","S\u00fcdafrika","Supply Chain","sustainability","transport and distribution","transport et distribution","Transport und Distribution","Vital Group","Warenverf\u00fcgbarkeit"],"articleSection":["Africa","Spedizioniere e Logistica"],"inLanguage":"it-IT","potentialAction":[{"@type":"CommentAction","name":"Comment","target":["https:\/\/transportjournal.com\/it\/2026\/04\/27\/dhl-espande-il-business-logistico-in-sudafrica\/#respond"]}]},{"@type":"WebPage","@id":"https:\/\/transportjournal.com\/it\/2026\/04\/27\/dhl-espande-il-business-logistico-in-sudafrica\/","url":"https:\/\/transportjournal.com\/it\/2026\/04\/27\/dhl-espande-il-business-logistico-in-sudafrica\/","name":"DHL espande il business logistico in Sudafrica - ITJ | International Transport Journal","isPartOf":{"@id":"https:\/\/transportjournal.com\/it\/#website"},"primaryImageOfPage":{"@id":"https:\/\/transportjournal.com\/it\/2026\/04\/27\/dhl-espande-il-business-logistico-in-sudafrica\/#primaryimage"},"image":{"@id":"https:\/\/transportjournal.com\/it\/2026\/04\/27\/dhl-espande-il-business-logistico-in-sudafrica\/#primaryimage"},"thumbnailUrl":"https:\/\/transportjournal.com\/wp-content\/uploads\/sites\/2\/2026\/04\/DHL-Supply-Chain-Vital-Group-South-Africa-Foto-DHL_glo-press-text-generic-placeholder-flags.jpeg","datePublished":"2026-04-27T07:50:51+00:00","dateModified":"2026-04-27T08:05:42+00:00","breadcrumb":{"@id":"https:\/\/transportjournal.com\/it\/2026\/04\/27\/dhl-espande-il-business-logistico-in-sudafrica\/#breadcrumb"},"inLanguage":"it-IT","potentialAction":[{"@type":"ReadAction","target":["https:\/\/transportjournal.com\/it\/2026\/04\/27\/dhl-espande-il-business-logistico-in-sudafrica\/"]}]},{"@type":"ImageObject","inLanguage":"it-IT","@id":"https:\/\/transportjournal.com\/it\/2026\/04\/27\/dhl-espande-il-business-logistico-in-sudafrica\/#primaryimage","url":"https:\/\/transportjournal.com\/wp-content\/uploads\/sites\/2\/2026\/04\/DHL-Supply-Chain-Vital-Group-South-Africa-Foto-DHL_glo-press-text-generic-placeholder-flags.jpeg","contentUrl":"https:\/\/transportjournal.com\/wp-content\/uploads\/sites\/2\/2026\/04\/DHL-Supply-Chain-Vital-Group-South-Africa-Foto-DHL_glo-press-text-generic-placeholder-flags.jpeg","width":1197,"height":673},{"@type":"BreadcrumbList","@id":"https:\/\/transportjournal.com\/it\/2026\/04\/27\/dhl-espande-il-business-logistico-in-sudafrica\/#breadcrumb","itemListElement":[{"@type":"ListItem","position":1,"name":"Startseite","item":"https:\/\/transportjournal.com\/it\/"},{"@type":"ListItem","position":2,"name":"DHL espande il business logistico in Sudafrica"}]},{"@type":"WebSite","@id":"https:\/\/transportjournal.com\/it\/#website","url":"https:\/\/transportjournal.com\/it\/","name":"ITJ | International Transport Journal","description":"Stay informed with the latest global news from the transport, logistics, and supply chain industries. Transport Journal delivers expert insights, analysis, and updates across shipping, aviation, intermodal, and forwarding.","publisher":{"@id":"https:\/\/transportjournal.com\/it\/#organization"},"potentialAction":[{"@type":"SearchAction","target":{"@type":"EntryPoint","urlTemplate":"https:\/\/transportjournal.com\/it\/?s={search_term_string}"},"query-input":{"@type":"PropertyValueSpecification","valueRequired":true,"valueName":"search_term_string"}}],"inLanguage":"it-IT"},{"@type":"Organization","@id":"https:\/\/transportjournal.com\/it\/#organization","name":"Logismedia Group AG","alternateName":"Logismedia Group AG","url":"https:\/\/transportjournal.com\/it\/","logo":{"@type":"ImageObject","inLanguage":"it-IT","@id":"https:\/\/transportjournal.com\/it\/#\/schema\/logo\/image\/","url":"https:\/\/transportjournal.com\/wp-content\/uploads\/sites\/2\/2025\/09\/Logo_ITJ.png","contentUrl":"https:\/\/transportjournal.com\/wp-content\/uploads\/sites\/2\/2025\/09\/Logo_ITJ.png","width":799,"height":326,"caption":"Logismedia Group AG"},"image":{"@id":"https:\/\/transportjournal.com\/it\/#\/schema\/logo\/image\/"},"sameAs":["https:\/\/www.linkedin.com\/company\/56456496\/admin\/dashboard\/","https:\/\/www.instagram.com\/logismediagroup\/","https:\/\/www.youtube.com\/@LogiamediaGroupAG"]},{"@type":"Person","@id":"https:\/\/transportjournal.com\/it\/#\/schema\/person\/13a9fc605c753db60ef7750a229cd042","name":"Gyan Sharan","url":"https:\/\/transportjournal.com\/it\/author\/gyan\/"}]}},"_links":{"self":[{"href":"https:\/\/transportjournal.com\/it\/wp-json\/wp\/v2\/posts\/86657","targetHints":{"allow":["GET"]}}],"collection":[{"href":"https:\/\/transportjournal.com\/it\/wp-json\/wp\/v2\/posts"}],"about":[{"href":"https:\/\/transportjournal.com\/it\/wp-json\/wp\/v2\/types\/post"}],"author":[{"embeddable":true,"href":"https:\/\/transportjournal.com\/it\/wp-json\/wp\/v2\/users\/14"}],"replies":[{"embeddable":true,"href":"https:\/\/transportjournal.com\/it\/wp-json\/wp\/v2\/comments?post=86657"}],"version-history":[{"count":3,"href":"https:\/\/transportjournal.com\/it\/wp-json\/wp\/v2\/posts\/86657\/revisions"}],"predecessor-version":[{"id":86678,"href":"https:\/\/transportjournal.com\/it\/wp-json\/wp\/v2\/posts\/86657\/revisions\/86678"}],"wp:featuredmedia":[{"embeddable":true,"href":"https:\/\/transportjournal.com\/it\/wp-json\/wp\/v2\/media\/86653"}],"wp:attachment":[{"href":"https:\/\/transportjournal.com\/it\/wp-json\/wp\/v2\/media?parent=86657"}],"wp:term":[{"taxonomy":"category","embeddable":true,"href":"https:\/\/transportjournal.com\/it\/wp-json\/wp\/v2\/categories?post=86657"},{"taxonomy":"post_tag","embeddable":true,"href":"https:\/\/transportjournal.com\/it\/wp-json\/wp\/v2\/tags?post=86657"}],"curies":[{"name":"wp","href":"https:\/\/api.w.org\/{rel}","templated":true}]}}