{"id":80853,"date":"2026-03-13T14:42:08","date_gmt":"2026-03-13T14:42:08","guid":{"rendered":"https:\/\/transportjournal.com\/2026\/03\/13\/cooperazione-tra-maersk-e-east-west-intermodal\/"},"modified":"2026-03-13T16:15:11","modified_gmt":"2026-03-13T15:15:11","slug":"cooperazione-tra-maersk-e-east-west-intermodal","status":"publish","type":"post","link":"https:\/\/transportjournal.com\/it\/2026\/03\/13\/cooperazione-tra-maersk-e-east-west-intermodal\/","title":{"rendered":"Cooperazione tra Maersk e East-West Intermodal"},"content":{"rendered":"<p>La logistica intermodale nell&#8217;Ungheria orientale \u00e8 rafforzata da una nuova cooperazione tra East-West Intermodal Logistics Plc. (EWG) e AP Moller \u2013 Maersk, come riportato recentemente dal portale di notizie Port Technology International. Durante una cerimonia presso il terminal intermodale EWG a F\u00e9nyeslitke, i rappresentanti di entrambe le aziende hanno firmato un accordo a lungo termine per l&#8217;introduzione di servizi di deposito container e di terminal per container dry.<\/p>\n<h3>Creazione di un&#8217;operazione di terminal dry<\/h3>\n<p>Con questo accordo, Maersk prevede di stabilire un&#8217;operazione di terminal dry presso il terminal. Il concetto prevede, secondo l&#8217;articolo, di trasferire alcune funzioni dai porti marittimi al terminal interno. In questo modo, l&#8217;impianto dovrebbe diventare parte integrante della rete logistica di Maersk.<\/p>\n<p>I preparativi per il progetto sono iniziati nel 2025. Nei mesi precedenti la firma dell&#8217;accordo, secondo Port Technology International, sono state effettuate pianificazioni operative e valutazioni dei rischi per garantire l&#8217;attuazione del terminal dry.<\/p>\n<p><a href=\"https:\/\/www.maersk.com\/\" target=\"_blank\" rel=\"noopener noreferrer\">www.maersk.com<\/a><\/p>\n","protected":false},"excerpt":{"rendered":"<p>La cooperazione tra East-West Intermodal Logistics Plc. e AP Moller \u2013 Maersk mira a rafforzare la logistica intermodale nell&#8217;Ungheria orientale attraverso l&#8217;istituzione di un&#8217;operazione di porto secco.<\/p>\n","protected":false},"author":10,"featured_media":80849,"comment_status":"open","ping_status":"","sticky":false,"template":"","format":"standard","meta":{"_acf_changed":false,"footnotes":""},"categories":[1638,1629],"tags":[27163,27164,2207,27165,27166,27167,4019,2695,2696,27168,27169,5443,27170,27171,21401,1889,27172,2909,27173,3682,3683,27174,2912,2914,27175,3330,2133,1831,3335,2919,27176,5454,2717,27177,2925,27178,27179,3602,27180,2929,27181,2148,3345,27182,21421,3295,27183,2237,1857,5460,27184,2839,1837,27185,27186],"class_list":["post-80853","post","type-post","status-publish","format-standard","has-post-thumbnail","hentry","category-europa","category-spedizioni-e-logistica","tag-accord-a-long-terme","tag-binnenterminal","tag-chaine-dapprovisionnement","tag-container-depot","tag-containerdepot","tag-depot-de-conteneurs","tag-deutsch-maersk","tag-digitalisierung","tag-digitalization","tag-dry-port","tag-dry-port-services-francais-maersk","tag-durabilite","tag-east-west-intermodal","tag-eastern-hungary","tag-evaluations-des-risques","tag-fachkraeftemangel","tag-fenyeslitke","tag-hafenbetrieb","tag-hongrie-orientale","tag-infrastructure","tag-infrastruktur","tag-inland-terminal","tag-intermodal-logistics","tag-intermodale-logistik","tag-langfristige-vereinbarung","tag-logistics-network","tag-logistics-service-providers","tag-logistikdienstleister","tag-logistiknetzwerk","tag-logistique-intermodale","tag-long-term-agreement","tag-nachhaltigkeit","tag-numerisation","tag-operational-planning","tag-operations-portuaires","tag-operative-planungen","tag-ostungarn","tag-penurie-de-competences","tag-planification-operationnelle","tag-port-operations","tag-port-sec","tag-prestataires-de-services-logistiques","tag-reseau-logistique","tag-risikobewertungen","tag-risk-assessments","tag-secteur-du-transport","tag-services-de-port-sec","tag-skills-shortage","tag-supply-chain","tag-sustainability","tag-terminal-interieur","tag-transportation-industry","tag-transportwirtschaft","tag-trockenhafen","tag-trockenhafendienstleistungen-english-maersk"],"acf":[],"yoast_head":"<!-- This site is optimized with the Yoast SEO plugin v27.3 - https:\/\/yoast.com\/product\/yoast-seo-wordpress\/ -->\n<title>Cooperazione tra Maersk e East-West Intermodal - ITJ | International Transport Journal<\/title>\n<meta name=\"robots\" content=\"index, follow, max-snippet:-1, max-image-preview:large, max-video-preview:-1\" \/>\n<link rel=\"canonical\" href=\"https:\/\/transportjournal.com\/it\/2026\/03\/13\/cooperazione-tra-maersk-e-east-west-intermodal\/\" \/>\n<meta property=\"og:locale\" content=\"it_IT\" \/>\n<meta property=\"og:type\" content=\"article\" \/>\n<meta property=\"og:title\" content=\"Cooperazione tra Maersk e East-West Intermodal - ITJ | International Transport Journal\" \/>\n<meta property=\"og:description\" content=\"La cooperazione tra East-West Intermodal Logistics Plc. e AP Moller \u2013 Maersk mira a rafforzare la logistica intermodale nell&#039;Ungheria orientale attraverso l&#039;istituzione di un&#039;operazione di porto secco.\" \/>\n<meta property=\"og:url\" content=\"https:\/\/transportjournal.com\/it\/2026\/03\/13\/cooperazione-tra-maersk-e-east-west-intermodal\/\" \/>\n<meta property=\"og:site_name\" content=\"ITJ | International Transport Journal\" \/>\n<meta property=\"article:published_time\" content=\"2026-03-13T14:42:08+00:00\" \/>\n<meta property=\"article:modified_time\" content=\"2026-03-13T15:15:11+00:00\" \/>\n<meta property=\"og:image\" content=\"https:\/\/transportjournal.com\/wp-content\/uploads\/sites\/2\/2026\/03\/AdobeStock_196131517-1-scaled-aspect-ratio-1400-788.jpeg\" \/>\n\t<meta property=\"og:image:width\" content=\"1802\" \/>\n\t<meta property=\"og:image:height\" content=\"1014\" \/>\n\t<meta property=\"og:image:type\" content=\"image\/jpeg\" \/>\n<meta name=\"author\" content=\"Jeremy Soland\" \/>\n<meta name=\"twitter:card\" content=\"summary_large_image\" \/>\n<meta name=\"twitter:label1\" content=\"Scritto da\" \/>\n\t<meta name=\"twitter:data1\" content=\"Jeremy Soland\" \/>\n\t<meta name=\"twitter:label2\" content=\"Tempo di lettura stimato\" \/>\n\t<meta name=\"twitter:data2\" content=\"1 minuto\" \/>\n<script type=\"application\/ld+json\" class=\"yoast-schema-graph\">{\"@context\":\"https:\\\/\\\/schema.org\",\"@graph\":[{\"@type\":\"Article\",\"@id\":\"https:\\\/\\\/transportjournal.com\\\/it\\\/2026\\\/03\\\/13\\\/cooperazione-tra-maersk-e-east-west-intermodal\\\/#article\",\"isPartOf\":{\"@id\":\"https:\\\/\\\/transportjournal.com\\\/it\\\/2026\\\/03\\\/13\\\/cooperazione-tra-maersk-e-east-west-intermodal\\\/\"},\"author\":{\"name\":\"Jeremy Soland\",\"@id\":\"https:\\\/\\\/transportjournal.com\\\/it\\\/#\\\/schema\\\/person\\\/41d36b5474b623392fa613e97e2363fa\"},\"headline\":\"Cooperazione tra Maersk e East-West Intermodal\",\"datePublished\":\"2026-03-13T14:42:08+00:00\",\"dateModified\":\"2026-03-13T15:15:11+00:00\",\"mainEntityOfPage\":{\"@id\":\"https:\\\/\\\/transportjournal.com\\\/it\\\/2026\\\/03\\\/13\\\/cooperazione-tra-maersk-e-east-west-intermodal\\\/\"},\"wordCount\":165,\"commentCount\":0,\"publisher\":{\"@id\":\"https:\\\/\\\/transportjournal.com\\\/it\\\/#organization\"},\"image\":{\"@id\":\"https:\\\/\\\/transportjournal.com\\\/it\\\/2026\\\/03\\\/13\\\/cooperazione-tra-maersk-e-east-west-intermodal\\\/#primaryimage\"},\"thumbnailUrl\":\"https:\\\/\\\/transportjournal.com\\\/wp-content\\\/uploads\\\/sites\\\/2\\\/2026\\\/03\\\/AdobeStock_196131517-1-scaled-aspect-ratio-1400-788.jpeg\",\"keywords\":[\"accord \u00e0 long terme\",\"Binnenterminal\",\"cha\u00eene d'approvisionnement\",\"container depot\",\"Containerdepot\",\"d\u00e9p\u00f4t de conteneurs\",\"Deutsch Maersk\",\"Digitalisierung\",\"digitalization\",\"dry port\",\"dry port services Fran\u00e7ais Maersk\",\"durabilit\u00e9\",\"East-West Intermodal\",\"Eastern Hungary\",\"\u00e9valuations des risques\",\"Fachkr\u00e4ftemangel\",\"F\u00e9nyeslitke\",\"Hafenbetrieb\",\"Hongrie orientale\",\"infrastructure\",\"Infrastruktur\",\"inland terminal\",\"intermodal logistics\",\"intermodale Logistik\",\"langfristige Vereinbarung\",\"logistics network\",\"logistics service providers\",\"Logistikdienstleister\",\"Logistiknetzwerk\",\"logistique intermodale\",\"long-term agreement\",\"Nachhaltigkeit\",\"num\u00e9risation\",\"operational planning\",\"op\u00e9rations portuaires\",\"operative Planungen\",\"Ostungarn\",\"p\u00e9nurie de comp\u00e9tences\",\"planification op\u00e9rationnelle\",\"port operations\",\"port sec\",\"prestataires de services logistiques\",\"r\u00e9seau logistique\",\"Risikobewertungen\",\"risk assessments\",\"secteur du transport\",\"services de port sec\",\"skills shortage\",\"Supply Chain\",\"sustainability\",\"terminal int\u00e9rieur\",\"transportation industry\",\"Transportwirtschaft\",\"Trockenhafen\",\"Trockenhafendienstleistungen English Maersk\"],\"articleSection\":[\"Europa\",\"Spedizioniere e Logistica\"],\"inLanguage\":\"it-IT\",\"potentialAction\":[{\"@type\":\"CommentAction\",\"name\":\"Comment\",\"target\":[\"https:\\\/\\\/transportjournal.com\\\/it\\\/2026\\\/03\\\/13\\\/cooperazione-tra-maersk-e-east-west-intermodal\\\/#respond\"]}]},{\"@type\":\"WebPage\",\"@id\":\"https:\\\/\\\/transportjournal.com\\\/it\\\/2026\\\/03\\\/13\\\/cooperazione-tra-maersk-e-east-west-intermodal\\\/\",\"url\":\"https:\\\/\\\/transportjournal.com\\\/it\\\/2026\\\/03\\\/13\\\/cooperazione-tra-maersk-e-east-west-intermodal\\\/\",\"name\":\"Cooperazione tra Maersk e East-West Intermodal - ITJ | International Transport Journal\",\"isPartOf\":{\"@id\":\"https:\\\/\\\/transportjournal.com\\\/it\\\/#website\"},\"primaryImageOfPage\":{\"@id\":\"https:\\\/\\\/transportjournal.com\\\/it\\\/2026\\\/03\\\/13\\\/cooperazione-tra-maersk-e-east-west-intermodal\\\/#primaryimage\"},\"image\":{\"@id\":\"https:\\\/\\\/transportjournal.com\\\/it\\\/2026\\\/03\\\/13\\\/cooperazione-tra-maersk-e-east-west-intermodal\\\/#primaryimage\"},\"thumbnailUrl\":\"https:\\\/\\\/transportjournal.com\\\/wp-content\\\/uploads\\\/sites\\\/2\\\/2026\\\/03\\\/AdobeStock_196131517-1-scaled-aspect-ratio-1400-788.jpeg\",\"datePublished\":\"2026-03-13T14:42:08+00:00\",\"dateModified\":\"2026-03-13T15:15:11+00:00\",\"breadcrumb\":{\"@id\":\"https:\\\/\\\/transportjournal.com\\\/it\\\/2026\\\/03\\\/13\\\/cooperazione-tra-maersk-e-east-west-intermodal\\\/#breadcrumb\"},\"inLanguage\":\"it-IT\",\"potentialAction\":[{\"@type\":\"ReadAction\",\"target\":[\"https:\\\/\\\/transportjournal.com\\\/it\\\/2026\\\/03\\\/13\\\/cooperazione-tra-maersk-e-east-west-intermodal\\\/\"]}]},{\"@type\":\"ImageObject\",\"inLanguage\":\"it-IT\",\"@id\":\"https:\\\/\\\/transportjournal.com\\\/it\\\/2026\\\/03\\\/13\\\/cooperazione-tra-maersk-e-east-west-intermodal\\\/#primaryimage\",\"url\":\"https:\\\/\\\/transportjournal.com\\\/wp-content\\\/uploads\\\/sites\\\/2\\\/2026\\\/03\\\/AdobeStock_196131517-1-scaled-aspect-ratio-1400-788.jpeg\",\"contentUrl\":\"https:\\\/\\\/transportjournal.com\\\/wp-content\\\/uploads\\\/sites\\\/2\\\/2026\\\/03\\\/AdobeStock_196131517-1-scaled-aspect-ratio-1400-788.jpeg\",\"width\":1802,\"height\":1014},{\"@type\":\"BreadcrumbList\",\"@id\":\"https:\\\/\\\/transportjournal.com\\\/it\\\/2026\\\/03\\\/13\\\/cooperazione-tra-maersk-e-east-west-intermodal\\\/#breadcrumb\",\"itemListElement\":[{\"@type\":\"ListItem\",\"position\":1,\"name\":\"Startseite\",\"item\":\"https:\\\/\\\/transportjournal.com\\\/it\\\/\"},{\"@type\":\"ListItem\",\"position\":2,\"name\":\"Cooperazione tra Maersk e East-West Intermodal\"}]},{\"@type\":\"WebSite\",\"@id\":\"https:\\\/\\\/transportjournal.com\\\/it\\\/#website\",\"url\":\"https:\\\/\\\/transportjournal.com\\\/it\\\/\",\"name\":\"ITJ | International Transport Journal\",\"description\":\"Stay informed with the latest global news from the transport, logistics, and supply chain industries. Transport Journal delivers expert insights, analysis, and updates across shipping, aviation, intermodal, and forwarding.\",\"publisher\":{\"@id\":\"https:\\\/\\\/transportjournal.com\\\/it\\\/#organization\"},\"potentialAction\":[{\"@type\":\"SearchAction\",\"target\":{\"@type\":\"EntryPoint\",\"urlTemplate\":\"https:\\\/\\\/transportjournal.com\\\/it\\\/?s={search_term_string}\"},\"query-input\":{\"@type\":\"PropertyValueSpecification\",\"valueRequired\":true,\"valueName\":\"search_term_string\"}}],\"inLanguage\":\"it-IT\"},{\"@type\":\"Organization\",\"@id\":\"https:\\\/\\\/transportjournal.com\\\/it\\\/#organization\",\"name\":\"Logismedia Group AG\",\"alternateName\":\"Logismedia Group AG\",\"url\":\"https:\\\/\\\/transportjournal.com\\\/it\\\/\",\"logo\":{\"@type\":\"ImageObject\",\"inLanguage\":\"it-IT\",\"@id\":\"https:\\\/\\\/transportjournal.com\\\/it\\\/#\\\/schema\\\/logo\\\/image\\\/\",\"url\":\"https:\\\/\\\/transportjournal.com\\\/wp-content\\\/uploads\\\/sites\\\/2\\\/2025\\\/09\\\/Logo_ITJ.png\",\"contentUrl\":\"https:\\\/\\\/transportjournal.com\\\/wp-content\\\/uploads\\\/sites\\\/2\\\/2025\\\/09\\\/Logo_ITJ.png\",\"width\":799,\"height\":326,\"caption\":\"Logismedia Group AG\"},\"image\":{\"@id\":\"https:\\\/\\\/transportjournal.com\\\/it\\\/#\\\/schema\\\/logo\\\/image\\\/\"},\"sameAs\":[\"https:\\\/\\\/www.linkedin.com\\\/company\\\/56456496\\\/admin\\\/dashboard\\\/\",\"https:\\\/\\\/www.instagram.com\\\/logismediagroup\\\/\",\"https:\\\/\\\/www.youtube.com\\\/@LogiamediaGroupAG\"]},{\"@type\":\"Person\",\"@id\":\"https:\\\/\\\/transportjournal.com\\\/it\\\/#\\\/schema\\\/person\\\/41d36b5474b623392fa613e97e2363fa\",\"name\":\"Jeremy Soland\",\"url\":\"https:\\\/\\\/transportjournal.com\\\/it\\\/author\\\/jeremy\\\/\"}]}<\/script>\n<!-- \/ Yoast SEO plugin. -->","yoast_head_json":{"title":"Cooperazione tra Maersk e East-West Intermodal - ITJ | International Transport Journal","robots":{"index":"index","follow":"follow","max-snippet":"max-snippet:-1","max-image-preview":"max-image-preview:large","max-video-preview":"max-video-preview:-1"},"canonical":"https:\/\/transportjournal.com\/it\/2026\/03\/13\/cooperazione-tra-maersk-e-east-west-intermodal\/","og_locale":"it_IT","og_type":"article","og_title":"Cooperazione tra Maersk e East-West Intermodal - ITJ | International Transport Journal","og_description":"La cooperazione tra East-West Intermodal Logistics Plc. e AP Moller \u2013 Maersk mira a rafforzare la logistica intermodale nell'Ungheria orientale attraverso l'istituzione di un'operazione di porto secco.","og_url":"https:\/\/transportjournal.com\/it\/2026\/03\/13\/cooperazione-tra-maersk-e-east-west-intermodal\/","og_site_name":"ITJ | International Transport Journal","article_published_time":"2026-03-13T14:42:08+00:00","article_modified_time":"2026-03-13T15:15:11+00:00","og_image":[{"width":1802,"height":1014,"url":"https:\/\/transportjournal.com\/wp-content\/uploads\/sites\/2\/2026\/03\/AdobeStock_196131517-1-scaled-aspect-ratio-1400-788.jpeg","type":"image\/jpeg"}],"author":"Jeremy Soland","twitter_card":"summary_large_image","twitter_misc":{"Scritto da":"Jeremy Soland","Tempo di lettura stimato":"1 minuto"},"schema":{"@context":"https:\/\/schema.org","@graph":[{"@type":"Article","@id":"https:\/\/transportjournal.com\/it\/2026\/03\/13\/cooperazione-tra-maersk-e-east-west-intermodal\/#article","isPartOf":{"@id":"https:\/\/transportjournal.com\/it\/2026\/03\/13\/cooperazione-tra-maersk-e-east-west-intermodal\/"},"author":{"name":"Jeremy Soland","@id":"https:\/\/transportjournal.com\/it\/#\/schema\/person\/41d36b5474b623392fa613e97e2363fa"},"headline":"Cooperazione tra Maersk e East-West Intermodal","datePublished":"2026-03-13T14:42:08+00:00","dateModified":"2026-03-13T15:15:11+00:00","mainEntityOfPage":{"@id":"https:\/\/transportjournal.com\/it\/2026\/03\/13\/cooperazione-tra-maersk-e-east-west-intermodal\/"},"wordCount":165,"commentCount":0,"publisher":{"@id":"https:\/\/transportjournal.com\/it\/#organization"},"image":{"@id":"https:\/\/transportjournal.com\/it\/2026\/03\/13\/cooperazione-tra-maersk-e-east-west-intermodal\/#primaryimage"},"thumbnailUrl":"https:\/\/transportjournal.com\/wp-content\/uploads\/sites\/2\/2026\/03\/AdobeStock_196131517-1-scaled-aspect-ratio-1400-788.jpeg","keywords":["accord \u00e0 long terme","Binnenterminal","cha\u00eene d'approvisionnement","container depot","Containerdepot","d\u00e9p\u00f4t de conteneurs","Deutsch Maersk","Digitalisierung","digitalization","dry port","dry port services Fran\u00e7ais Maersk","durabilit\u00e9","East-West Intermodal","Eastern Hungary","\u00e9valuations des risques","Fachkr\u00e4ftemangel","F\u00e9nyeslitke","Hafenbetrieb","Hongrie orientale","infrastructure","Infrastruktur","inland terminal","intermodal logistics","intermodale Logistik","langfristige Vereinbarung","logistics network","logistics service providers","Logistikdienstleister","Logistiknetzwerk","logistique intermodale","long-term agreement","Nachhaltigkeit","num\u00e9risation","operational planning","op\u00e9rations portuaires","operative Planungen","Ostungarn","p\u00e9nurie de comp\u00e9tences","planification op\u00e9rationnelle","port operations","port sec","prestataires de services logistiques","r\u00e9seau logistique","Risikobewertungen","risk assessments","secteur du transport","services de port sec","skills shortage","Supply Chain","sustainability","terminal int\u00e9rieur","transportation industry","Transportwirtschaft","Trockenhafen","Trockenhafendienstleistungen English Maersk"],"articleSection":["Europa","Spedizioniere e Logistica"],"inLanguage":"it-IT","potentialAction":[{"@type":"CommentAction","name":"Comment","target":["https:\/\/transportjournal.com\/it\/2026\/03\/13\/cooperazione-tra-maersk-e-east-west-intermodal\/#respond"]}]},{"@type":"WebPage","@id":"https:\/\/transportjournal.com\/it\/2026\/03\/13\/cooperazione-tra-maersk-e-east-west-intermodal\/","url":"https:\/\/transportjournal.com\/it\/2026\/03\/13\/cooperazione-tra-maersk-e-east-west-intermodal\/","name":"Cooperazione tra Maersk e East-West Intermodal - ITJ | International Transport Journal","isPartOf":{"@id":"https:\/\/transportjournal.com\/it\/#website"},"primaryImageOfPage":{"@id":"https:\/\/transportjournal.com\/it\/2026\/03\/13\/cooperazione-tra-maersk-e-east-west-intermodal\/#primaryimage"},"image":{"@id":"https:\/\/transportjournal.com\/it\/2026\/03\/13\/cooperazione-tra-maersk-e-east-west-intermodal\/#primaryimage"},"thumbnailUrl":"https:\/\/transportjournal.com\/wp-content\/uploads\/sites\/2\/2026\/03\/AdobeStock_196131517-1-scaled-aspect-ratio-1400-788.jpeg","datePublished":"2026-03-13T14:42:08+00:00","dateModified":"2026-03-13T15:15:11+00:00","breadcrumb":{"@id":"https:\/\/transportjournal.com\/it\/2026\/03\/13\/cooperazione-tra-maersk-e-east-west-intermodal\/#breadcrumb"},"inLanguage":"it-IT","potentialAction":[{"@type":"ReadAction","target":["https:\/\/transportjournal.com\/it\/2026\/03\/13\/cooperazione-tra-maersk-e-east-west-intermodal\/"]}]},{"@type":"ImageObject","inLanguage":"it-IT","@id":"https:\/\/transportjournal.com\/it\/2026\/03\/13\/cooperazione-tra-maersk-e-east-west-intermodal\/#primaryimage","url":"https:\/\/transportjournal.com\/wp-content\/uploads\/sites\/2\/2026\/03\/AdobeStock_196131517-1-scaled-aspect-ratio-1400-788.jpeg","contentUrl":"https:\/\/transportjournal.com\/wp-content\/uploads\/sites\/2\/2026\/03\/AdobeStock_196131517-1-scaled-aspect-ratio-1400-788.jpeg","width":1802,"height":1014},{"@type":"BreadcrumbList","@id":"https:\/\/transportjournal.com\/it\/2026\/03\/13\/cooperazione-tra-maersk-e-east-west-intermodal\/#breadcrumb","itemListElement":[{"@type":"ListItem","position":1,"name":"Startseite","item":"https:\/\/transportjournal.com\/it\/"},{"@type":"ListItem","position":2,"name":"Cooperazione tra Maersk e East-West Intermodal"}]},{"@type":"WebSite","@id":"https:\/\/transportjournal.com\/it\/#website","url":"https:\/\/transportjournal.com\/it\/","name":"ITJ | International Transport Journal","description":"Stay informed with the latest global news from the transport, logistics, and supply chain industries. Transport Journal delivers expert insights, analysis, and updates across shipping, aviation, intermodal, and forwarding.","publisher":{"@id":"https:\/\/transportjournal.com\/it\/#organization"},"potentialAction":[{"@type":"SearchAction","target":{"@type":"EntryPoint","urlTemplate":"https:\/\/transportjournal.com\/it\/?s={search_term_string}"},"query-input":{"@type":"PropertyValueSpecification","valueRequired":true,"valueName":"search_term_string"}}],"inLanguage":"it-IT"},{"@type":"Organization","@id":"https:\/\/transportjournal.com\/it\/#organization","name":"Logismedia Group AG","alternateName":"Logismedia Group AG","url":"https:\/\/transportjournal.com\/it\/","logo":{"@type":"ImageObject","inLanguage":"it-IT","@id":"https:\/\/transportjournal.com\/it\/#\/schema\/logo\/image\/","url":"https:\/\/transportjournal.com\/wp-content\/uploads\/sites\/2\/2025\/09\/Logo_ITJ.png","contentUrl":"https:\/\/transportjournal.com\/wp-content\/uploads\/sites\/2\/2025\/09\/Logo_ITJ.png","width":799,"height":326,"caption":"Logismedia Group AG"},"image":{"@id":"https:\/\/transportjournal.com\/it\/#\/schema\/logo\/image\/"},"sameAs":["https:\/\/www.linkedin.com\/company\/56456496\/admin\/dashboard\/","https:\/\/www.instagram.com\/logismediagroup\/","https:\/\/www.youtube.com\/@LogiamediaGroupAG"]},{"@type":"Person","@id":"https:\/\/transportjournal.com\/it\/#\/schema\/person\/41d36b5474b623392fa613e97e2363fa","name":"Jeremy Soland","url":"https:\/\/transportjournal.com\/it\/author\/jeremy\/"}]}},"_links":{"self":[{"href":"https:\/\/transportjournal.com\/it\/wp-json\/wp\/v2\/posts\/80853","targetHints":{"allow":["GET"]}}],"collection":[{"href":"https:\/\/transportjournal.com\/it\/wp-json\/wp\/v2\/posts"}],"about":[{"href":"https:\/\/transportjournal.com\/it\/wp-json\/wp\/v2\/types\/post"}],"author":[{"embeddable":true,"href":"https:\/\/transportjournal.com\/it\/wp-json\/wp\/v2\/users\/10"}],"replies":[{"embeddable":true,"href":"https:\/\/transportjournal.com\/it\/wp-json\/wp\/v2\/comments?post=80853"}],"version-history":[{"count":1,"href":"https:\/\/transportjournal.com\/it\/wp-json\/wp\/v2\/posts\/80853\/revisions"}],"predecessor-version":[{"id":80860,"href":"https:\/\/transportjournal.com\/it\/wp-json\/wp\/v2\/posts\/80853\/revisions\/80860"}],"wp:featuredmedia":[{"embeddable":true,"href":"https:\/\/transportjournal.com\/it\/wp-json\/wp\/v2\/media\/80849"}],"wp:attachment":[{"href":"https:\/\/transportjournal.com\/it\/wp-json\/wp\/v2\/media?parent=80853"}],"wp:term":[{"taxonomy":"category","embeddable":true,"href":"https:\/\/transportjournal.com\/it\/wp-json\/wp\/v2\/categories?post=80853"},{"taxonomy":"post_tag","embeddable":true,"href":"https:\/\/transportjournal.com\/it\/wp-json\/wp\/v2\/tags?post=80853"}],"curies":[{"name":"wp","href":"https:\/\/api.w.org\/{rel}","templated":true}]}}