{"id":80807,"date":"2026-03-13T12:44:12","date_gmt":"2026-03-13T12:44:12","guid":{"rendered":"https:\/\/transportjournal.com\/2026\/03\/13\/lattivita-degli-ordini-per-veicoli-commerciali-negli-stati-uniti-aumenta\/"},"modified":"2026-03-13T12:44:12","modified_gmt":"2026-03-13T12:44:12","slug":"lattivita-degli-ordini-per-veicoli-commerciali-negli-stati-uniti-aumenta","status":"publish","type":"post","link":"https:\/\/transportjournal.com\/it\/2026\/03\/13\/lattivita-degli-ordini-per-veicoli-commerciali-negli-stati-uniti-aumenta\/","title":{"rendered":"L&#8217;attivit\u00e0 degli ordini per veicoli commerciali negli Stati Uniti aumenta"},"content":{"rendered":"<p>L&#8217;attivit\u00e0 degli ordini nel settore dei veicoli commerciali pesanti mostra segni di ripresa, che indicano un crescente ottimismo per l&#8217;anno 2026, come riportato da ACT Research. Secondo l&#8217;ultima pubblicazione del North American Commercial Vehicle OUTLOOK, la situazione degli ordini per la classe 8 \u00e8 migliorata a gennaio 2026. Gli ordini ammontano a 30.800 unit\u00e0, con un aumento del 20% rispetto all&#8217;anno precedente. Per febbraio sono stati segnalati ordini preliminari di 46.200 unit\u00e0, che rappresentano un incremento del 156% su base annua.<\/p>\n<h3>Cause dell&#8217;aumento degli ordini<\/h3>\n<p>Ken Vieth, presidente e analista senior di ACT, attribuisce l&#8217;aumento degli ordini a diversi fattori. Sottolinea che l&#8217;aumento delle tariffe di trasporto spot ha rafforzato la fiducia delle flotte ben finanziate. Queste flotte si aspettano un miglioramento delle condizioni di mercato nel 2026, considerato un fattore cruciale per l&#8217;attivit\u00e0 di ordinazione in crescita. Vieth osserva che la ripresa \u00e8 principalmente dovuta a fattori di offerta e non a una domanda aumentata. Questo \u00e8 attribuibile agli effetti di un ridimensionamento della capacit\u00e0 durato oltre tre anni.<\/p>\n<p>Inoltre, Vieth evidenzia l&#8217;importanza della chiarificazione delle American Trucking Associations riguardo alla normativa NOx dell&#8217;EPA. Questo annuncio ha rafforzato la fiducia nel mercato e ha contribuito a rivitalizzare le attivit\u00e0 di ordinazione.<\/p>\n<p><a href=\"https:\/\/www.actresearch.net\/\" target=\"_blank\" rel=\"noopener noreferrer\">www.actresearch.net<\/a><\/p>\n","protected":false},"excerpt":{"rendered":"<p>L&#8217;attivit\u00e0 degli ordini nel settore dei veicoli commerciali pesanti sta recuperando, indicando condizioni di mercato ottimistiche e un aumento degli investimenti in tecnologia.<\/p>\n","protected":false},"author":10,"featured_media":80803,"comment_status":"open","ping_status":"","sticky":false,"template":"","format":"standard","meta":{"_acf_changed":false,"footnotes":""},"categories":[1628],"tags":[1921,27057,27058,15209,27059,27060,27061,27062,17794,27063,27064,27065,27066,27067,27068,27069,27070,27071,27072,4598,4601,27073,4604,17800,15219,3776,4606,27074,3787,2381,27075,27076,27077,27078,27079,27080,27081,27082,27083,27084,3796,27085,27086,27087,27088,1930,27089,27090,27091,27092,5698,27093,3808,27094],"class_list":["post-80807","post","type-post","status-publish","format-standard","has-post-thumbnail","hentry","category-intermodale-strada","tag-act-research","tag-activite-de-commande-vehicules-utilitaires","tag-american-trucking-associations","tag-automotive-industry","tag-bestellaktivitaet-nutzfahrzeuge","tag-bestellungen-nutzfahrzeuge","tag-bestellzahlen-februar-2026","tag-bestellzahlen-januar-2026","tag-camions-lourds","tag-capacity-reduction","tag-chiffres-de-commandes-fevrier-2026","tag-chiffres-de-commandes-janvier-2026","tag-commandes-de-vehicules","tag-conditions-du-marche-2026","tag-confiance-des-flottes","tag-deutsch-nutzfahrzeuge","tag-erholung-nutzfahrzeugmarkt","tag-fahrzeugindustrie","tag-fleet-confidence","tag-fleet-management","tag-flottenmanagement","tag-flottenvertrauen","tag-gestion-de-flotte","tag-heavy-duty-trucks","tag-industrie-automobile","tag-industrie-du-transport-usa","tag-infrastructure-de-transport","tag-kapazitaetsabbau","tag-logistics-providers-usa","tag-logistikdienstleister-usa","tag-market-conditions-2026","tag-market-optimism","tag-marktbedingungen-2026","tag-marktoptimismus","tag-nox-regulation","tag-nox-regelung","tag-optimisme-du-marche","tag-order-activity-commercial-vehicles","tag-order-numbers-february-2026","tag-order-numbers-january-2026","tag-prestataires-logistiques-usa","tag-recovery-commercial-vehicle-market","tag-reduction-de-capacite","tag-reglementation-nox","tag-reprise-du-marche-des-vehicules-utilitaires","tag-schwere-nutzfahrzeuge","tag-spot-freight-rates","tag-spotfrachttarife","tag-tarifs-de-fret-spot","tag-transport-infrastructure-francais-vehicules-utilitaires","tag-transportation-industry-usa","tag-transportinfrastruktur-english-commercial-vehicles","tag-transportwirtschaft-usa","tag-vehicle-orders"],"acf":[],"yoast_head":"<!-- This site is optimized with the Yoast SEO plugin v27.3 - https:\/\/yoast.com\/product\/yoast-seo-wordpress\/ -->\n<title>L&#8217;attivit\u00e0 degli ordini per veicoli commerciali negli Stati Uniti aumenta - ITJ | International Transport Journal<\/title>\n<meta name=\"robots\" content=\"index, follow, max-snippet:-1, max-image-preview:large, max-video-preview:-1\" \/>\n<link rel=\"canonical\" href=\"https:\/\/transportjournal.com\/it\/2026\/03\/13\/lattivita-degli-ordini-per-veicoli-commerciali-negli-stati-uniti-aumenta\/\" \/>\n<meta property=\"og:locale\" content=\"it_IT\" \/>\n<meta property=\"og:type\" content=\"article\" \/>\n<meta property=\"og:title\" content=\"L&#8217;attivit\u00e0 degli ordini per veicoli commerciali negli Stati Uniti aumenta - ITJ | International Transport Journal\" \/>\n<meta property=\"og:description\" content=\"L&#039;attivit\u00e0 degli ordini nel settore dei veicoli commerciali pesanti sta recuperando, indicando condizioni di mercato ottimistiche e un aumento degli investimenti in tecnologia.\" \/>\n<meta property=\"og:url\" content=\"https:\/\/transportjournal.com\/it\/2026\/03\/13\/lattivita-degli-ordini-per-veicoli-commerciali-negli-stati-uniti-aumenta\/\" \/>\n<meta property=\"og:site_name\" content=\"ITJ | International Transport Journal\" \/>\n<meta property=\"article:published_time\" content=\"2026-03-13T12:44:12+00:00\" \/>\n<meta property=\"og:image\" content=\"https:\/\/transportjournal.com\/wp-content\/uploads\/sites\/2\/2026\/03\/AdobeStock_70565024-3-scaled-aspect-ratio-1400-788-scaled-1.jpeg\" \/>\n\t<meta property=\"og:image:width\" content=\"2560\" \/>\n\t<meta property=\"og:image:height\" content=\"1441\" \/>\n\t<meta property=\"og:image:type\" content=\"image\/jpeg\" \/>\n<meta name=\"author\" content=\"Jeremy Soland\" \/>\n<meta name=\"twitter:card\" content=\"summary_large_image\" \/>\n<meta name=\"twitter:label1\" content=\"Scritto da\" \/>\n\t<meta name=\"twitter:data1\" content=\"Jeremy Soland\" \/>\n\t<meta name=\"twitter:label2\" content=\"Tempo di lettura stimato\" \/>\n\t<meta name=\"twitter:data2\" content=\"1 minuto\" \/>\n<script type=\"application\/ld+json\" class=\"yoast-schema-graph\">{\"@context\":\"https:\\\/\\\/schema.org\",\"@graph\":[{\"@type\":\"Article\",\"@id\":\"https:\\\/\\\/transportjournal.com\\\/it\\\/2026\\\/03\\\/13\\\/lattivita-degli-ordini-per-veicoli-commerciali-negli-stati-uniti-aumenta\\\/#article\",\"isPartOf\":{\"@id\":\"https:\\\/\\\/transportjournal.com\\\/it\\\/2026\\\/03\\\/13\\\/lattivita-degli-ordini-per-veicoli-commerciali-negli-stati-uniti-aumenta\\\/\"},\"author\":{\"name\":\"Jeremy Soland\",\"@id\":\"https:\\\/\\\/transportjournal.com\\\/it\\\/#\\\/schema\\\/person\\\/41d36b5474b623392fa613e97e2363fa\"},\"headline\":\"L&#8217;attivit\u00e0 degli ordini per veicoli commerciali negli Stati Uniti aumenta\",\"datePublished\":\"2026-03-13T12:44:12+00:00\",\"mainEntityOfPage\":{\"@id\":\"https:\\\/\\\/transportjournal.com\\\/it\\\/2026\\\/03\\\/13\\\/lattivita-degli-ordini-per-veicoli-commerciali-negli-stati-uniti-aumenta\\\/\"},\"wordCount\":215,\"commentCount\":0,\"publisher\":{\"@id\":\"https:\\\/\\\/transportjournal.com\\\/it\\\/#organization\"},\"image\":{\"@id\":\"https:\\\/\\\/transportjournal.com\\\/it\\\/2026\\\/03\\\/13\\\/lattivita-degli-ordini-per-veicoli-commerciali-negli-stati-uniti-aumenta\\\/#primaryimage\"},\"thumbnailUrl\":\"https:\\\/\\\/transportjournal.com\\\/wp-content\\\/uploads\\\/sites\\\/2\\\/2026\\\/03\\\/AdobeStock_70565024-3-scaled-aspect-ratio-1400-788-scaled-1.jpeg\",\"keywords\":[\"ACT Research\",\"activit\u00e9 de commande v\u00e9hicules utilitaires\",\"American Trucking Associations\",\"automotive industry\",\"Bestellaktivit\u00e4t Nutzfahrzeuge\",\"Bestellungen Nutzfahrzeuge\",\"Bestellzahlen Februar 2026\",\"Bestellzahlen Januar 2026\",\"camions lourds\",\"capacity reduction\",\"chiffres de commandes f\u00e9vrier 2026\",\"chiffres de commandes janvier 2026\",\"commandes de v\u00e9hicules\",\"conditions du march\u00e9 2026\",\"confiance des flottes\",\"Deutsch Nutzfahrzeuge\",\"Erholung Nutzfahrzeugmarkt\",\"Fahrzeugindustrie\",\"fleet confidence\",\"fleet management\",\"Flottenmanagement\",\"Flottenvertrauen\",\"gestion de flotte\",\"heavy-duty trucks\",\"industrie automobile\",\"industrie du transport USA\",\"infrastructure de transport\",\"Kapazit\u00e4tsabbau\",\"logistics providers USA\",\"Logistikdienstleister USA\",\"market conditions 2026\",\"market optimism\",\"Marktbedingungen 2026\",\"Marktoptimismus\",\"NOx regulation\",\"NOx-Regelung\",\"optimisme du march\u00e9\",\"order activity commercial vehicles\",\"order numbers February 2026\",\"order numbers January 2026\",\"prestataires logistiques USA\",\"recovery commercial vehicle market\",\"r\u00e9duction de capacit\u00e9\",\"r\u00e9glementation NOx\",\"reprise du march\u00e9 des v\u00e9hicules utilitaires\",\"schwere Nutzfahrzeuge\",\"spot freight rates\",\"Spotfrachttarife\",\"tarifs de fret spot\",\"transport infrastructure Fran\u00e7ais v\u00e9hicules utilitaires\",\"transportation industry USA\",\"Transportinfrastruktur English commercial vehicles\",\"Transportwirtschaft USA\",\"vehicle orders\"],\"articleSection\":[\"Intermodale \\\/ Strada\"],\"inLanguage\":\"it-IT\",\"potentialAction\":[{\"@type\":\"CommentAction\",\"name\":\"Comment\",\"target\":[\"https:\\\/\\\/transportjournal.com\\\/it\\\/2026\\\/03\\\/13\\\/lattivita-degli-ordini-per-veicoli-commerciali-negli-stati-uniti-aumenta\\\/#respond\"]}]},{\"@type\":\"WebPage\",\"@id\":\"https:\\\/\\\/transportjournal.com\\\/it\\\/2026\\\/03\\\/13\\\/lattivita-degli-ordini-per-veicoli-commerciali-negli-stati-uniti-aumenta\\\/\",\"url\":\"https:\\\/\\\/transportjournal.com\\\/it\\\/2026\\\/03\\\/13\\\/lattivita-degli-ordini-per-veicoli-commerciali-negli-stati-uniti-aumenta\\\/\",\"name\":\"L&#8217;attivit\u00e0 degli ordini per veicoli commerciali negli Stati Uniti aumenta - ITJ | International Transport Journal\",\"isPartOf\":{\"@id\":\"https:\\\/\\\/transportjournal.com\\\/it\\\/#website\"},\"primaryImageOfPage\":{\"@id\":\"https:\\\/\\\/transportjournal.com\\\/it\\\/2026\\\/03\\\/13\\\/lattivita-degli-ordini-per-veicoli-commerciali-negli-stati-uniti-aumenta\\\/#primaryimage\"},\"image\":{\"@id\":\"https:\\\/\\\/transportjournal.com\\\/it\\\/2026\\\/03\\\/13\\\/lattivita-degli-ordini-per-veicoli-commerciali-negli-stati-uniti-aumenta\\\/#primaryimage\"},\"thumbnailUrl\":\"https:\\\/\\\/transportjournal.com\\\/wp-content\\\/uploads\\\/sites\\\/2\\\/2026\\\/03\\\/AdobeStock_70565024-3-scaled-aspect-ratio-1400-788-scaled-1.jpeg\",\"datePublished\":\"2026-03-13T12:44:12+00:00\",\"breadcrumb\":{\"@id\":\"https:\\\/\\\/transportjournal.com\\\/it\\\/2026\\\/03\\\/13\\\/lattivita-degli-ordini-per-veicoli-commerciali-negli-stati-uniti-aumenta\\\/#breadcrumb\"},\"inLanguage\":\"it-IT\",\"potentialAction\":[{\"@type\":\"ReadAction\",\"target\":[\"https:\\\/\\\/transportjournal.com\\\/it\\\/2026\\\/03\\\/13\\\/lattivita-degli-ordini-per-veicoli-commerciali-negli-stati-uniti-aumenta\\\/\"]}]},{\"@type\":\"ImageObject\",\"inLanguage\":\"it-IT\",\"@id\":\"https:\\\/\\\/transportjournal.com\\\/it\\\/2026\\\/03\\\/13\\\/lattivita-degli-ordini-per-veicoli-commerciali-negli-stati-uniti-aumenta\\\/#primaryimage\",\"url\":\"https:\\\/\\\/transportjournal.com\\\/wp-content\\\/uploads\\\/sites\\\/2\\\/2026\\\/03\\\/AdobeStock_70565024-3-scaled-aspect-ratio-1400-788-scaled-1.jpeg\",\"contentUrl\":\"https:\\\/\\\/transportjournal.com\\\/wp-content\\\/uploads\\\/sites\\\/2\\\/2026\\\/03\\\/AdobeStock_70565024-3-scaled-aspect-ratio-1400-788-scaled-1.jpeg\",\"width\":2560,\"height\":1441},{\"@type\":\"BreadcrumbList\",\"@id\":\"https:\\\/\\\/transportjournal.com\\\/it\\\/2026\\\/03\\\/13\\\/lattivita-degli-ordini-per-veicoli-commerciali-negli-stati-uniti-aumenta\\\/#breadcrumb\",\"itemListElement\":[{\"@type\":\"ListItem\",\"position\":1,\"name\":\"Startseite\",\"item\":\"https:\\\/\\\/transportjournal.com\\\/it\\\/\"},{\"@type\":\"ListItem\",\"position\":2,\"name\":\"L&#8217;attivit\u00e0 degli ordini per veicoli commerciali negli Stati Uniti aumenta\"}]},{\"@type\":\"WebSite\",\"@id\":\"https:\\\/\\\/transportjournal.com\\\/it\\\/#website\",\"url\":\"https:\\\/\\\/transportjournal.com\\\/it\\\/\",\"name\":\"ITJ | International Transport Journal\",\"description\":\"Stay informed with the latest global news from the transport, logistics, and supply chain industries. Transport Journal delivers expert insights, analysis, and updates across shipping, aviation, intermodal, and forwarding.\",\"publisher\":{\"@id\":\"https:\\\/\\\/transportjournal.com\\\/it\\\/#organization\"},\"potentialAction\":[{\"@type\":\"SearchAction\",\"target\":{\"@type\":\"EntryPoint\",\"urlTemplate\":\"https:\\\/\\\/transportjournal.com\\\/it\\\/?s={search_term_string}\"},\"query-input\":{\"@type\":\"PropertyValueSpecification\",\"valueRequired\":true,\"valueName\":\"search_term_string\"}}],\"inLanguage\":\"it-IT\"},{\"@type\":\"Organization\",\"@id\":\"https:\\\/\\\/transportjournal.com\\\/it\\\/#organization\",\"name\":\"Logismedia Group AG\",\"alternateName\":\"Logismedia Group AG\",\"url\":\"https:\\\/\\\/transportjournal.com\\\/it\\\/\",\"logo\":{\"@type\":\"ImageObject\",\"inLanguage\":\"it-IT\",\"@id\":\"https:\\\/\\\/transportjournal.com\\\/it\\\/#\\\/schema\\\/logo\\\/image\\\/\",\"url\":\"https:\\\/\\\/transportjournal.com\\\/wp-content\\\/uploads\\\/sites\\\/2\\\/2025\\\/09\\\/Logo_ITJ.png\",\"contentUrl\":\"https:\\\/\\\/transportjournal.com\\\/wp-content\\\/uploads\\\/sites\\\/2\\\/2025\\\/09\\\/Logo_ITJ.png\",\"width\":799,\"height\":326,\"caption\":\"Logismedia Group AG\"},\"image\":{\"@id\":\"https:\\\/\\\/transportjournal.com\\\/it\\\/#\\\/schema\\\/logo\\\/image\\\/\"},\"sameAs\":[\"https:\\\/\\\/www.linkedin.com\\\/company\\\/56456496\\\/admin\\\/dashboard\\\/\",\"https:\\\/\\\/www.instagram.com\\\/logismediagroup\\\/\",\"https:\\\/\\\/www.youtube.com\\\/@LogiamediaGroupAG\"]},{\"@type\":\"Person\",\"@id\":\"https:\\\/\\\/transportjournal.com\\\/it\\\/#\\\/schema\\\/person\\\/41d36b5474b623392fa613e97e2363fa\",\"name\":\"Jeremy Soland\",\"url\":\"https:\\\/\\\/transportjournal.com\\\/it\\\/author\\\/jeremy\\\/\"}]}<\/script>\n<!-- \/ Yoast SEO plugin. -->","yoast_head_json":{"title":"L&#8217;attivit\u00e0 degli ordini per veicoli commerciali negli Stati Uniti aumenta - ITJ | International Transport Journal","robots":{"index":"index","follow":"follow","max-snippet":"max-snippet:-1","max-image-preview":"max-image-preview:large","max-video-preview":"max-video-preview:-1"},"canonical":"https:\/\/transportjournal.com\/it\/2026\/03\/13\/lattivita-degli-ordini-per-veicoli-commerciali-negli-stati-uniti-aumenta\/","og_locale":"it_IT","og_type":"article","og_title":"L&#8217;attivit\u00e0 degli ordini per veicoli commerciali negli Stati Uniti aumenta - ITJ | International Transport Journal","og_description":"L'attivit\u00e0 degli ordini nel settore dei veicoli commerciali pesanti sta recuperando, indicando condizioni di mercato ottimistiche e un aumento degli investimenti in tecnologia.","og_url":"https:\/\/transportjournal.com\/it\/2026\/03\/13\/lattivita-degli-ordini-per-veicoli-commerciali-negli-stati-uniti-aumenta\/","og_site_name":"ITJ | International Transport Journal","article_published_time":"2026-03-13T12:44:12+00:00","og_image":[{"width":2560,"height":1441,"url":"https:\/\/transportjournal.com\/wp-content\/uploads\/sites\/2\/2026\/03\/AdobeStock_70565024-3-scaled-aspect-ratio-1400-788-scaled-1.jpeg","type":"image\/jpeg"}],"author":"Jeremy Soland","twitter_card":"summary_large_image","twitter_misc":{"Scritto da":"Jeremy Soland","Tempo di lettura stimato":"1 minuto"},"schema":{"@context":"https:\/\/schema.org","@graph":[{"@type":"Article","@id":"https:\/\/transportjournal.com\/it\/2026\/03\/13\/lattivita-degli-ordini-per-veicoli-commerciali-negli-stati-uniti-aumenta\/#article","isPartOf":{"@id":"https:\/\/transportjournal.com\/it\/2026\/03\/13\/lattivita-degli-ordini-per-veicoli-commerciali-negli-stati-uniti-aumenta\/"},"author":{"name":"Jeremy Soland","@id":"https:\/\/transportjournal.com\/it\/#\/schema\/person\/41d36b5474b623392fa613e97e2363fa"},"headline":"L&#8217;attivit\u00e0 degli ordini per veicoli commerciali negli Stati Uniti aumenta","datePublished":"2026-03-13T12:44:12+00:00","mainEntityOfPage":{"@id":"https:\/\/transportjournal.com\/it\/2026\/03\/13\/lattivita-degli-ordini-per-veicoli-commerciali-negli-stati-uniti-aumenta\/"},"wordCount":215,"commentCount":0,"publisher":{"@id":"https:\/\/transportjournal.com\/it\/#organization"},"image":{"@id":"https:\/\/transportjournal.com\/it\/2026\/03\/13\/lattivita-degli-ordini-per-veicoli-commerciali-negli-stati-uniti-aumenta\/#primaryimage"},"thumbnailUrl":"https:\/\/transportjournal.com\/wp-content\/uploads\/sites\/2\/2026\/03\/AdobeStock_70565024-3-scaled-aspect-ratio-1400-788-scaled-1.jpeg","keywords":["ACT Research","activit\u00e9 de commande v\u00e9hicules utilitaires","American Trucking Associations","automotive industry","Bestellaktivit\u00e4t Nutzfahrzeuge","Bestellungen Nutzfahrzeuge","Bestellzahlen Februar 2026","Bestellzahlen Januar 2026","camions lourds","capacity reduction","chiffres de commandes f\u00e9vrier 2026","chiffres de commandes janvier 2026","commandes de v\u00e9hicules","conditions du march\u00e9 2026","confiance des flottes","Deutsch Nutzfahrzeuge","Erholung Nutzfahrzeugmarkt","Fahrzeugindustrie","fleet confidence","fleet management","Flottenmanagement","Flottenvertrauen","gestion de flotte","heavy-duty trucks","industrie automobile","industrie du transport USA","infrastructure de transport","Kapazit\u00e4tsabbau","logistics providers USA","Logistikdienstleister USA","market conditions 2026","market optimism","Marktbedingungen 2026","Marktoptimismus","NOx regulation","NOx-Regelung","optimisme du march\u00e9","order activity commercial vehicles","order numbers February 2026","order numbers January 2026","prestataires logistiques USA","recovery commercial vehicle market","r\u00e9duction de capacit\u00e9","r\u00e9glementation NOx","reprise du march\u00e9 des v\u00e9hicules utilitaires","schwere Nutzfahrzeuge","spot freight rates","Spotfrachttarife","tarifs de fret spot","transport infrastructure Fran\u00e7ais v\u00e9hicules utilitaires","transportation industry USA","Transportinfrastruktur English commercial vehicles","Transportwirtschaft USA","vehicle orders"],"articleSection":["Intermodale \/ Strada"],"inLanguage":"it-IT","potentialAction":[{"@type":"CommentAction","name":"Comment","target":["https:\/\/transportjournal.com\/it\/2026\/03\/13\/lattivita-degli-ordini-per-veicoli-commerciali-negli-stati-uniti-aumenta\/#respond"]}]},{"@type":"WebPage","@id":"https:\/\/transportjournal.com\/it\/2026\/03\/13\/lattivita-degli-ordini-per-veicoli-commerciali-negli-stati-uniti-aumenta\/","url":"https:\/\/transportjournal.com\/it\/2026\/03\/13\/lattivita-degli-ordini-per-veicoli-commerciali-negli-stati-uniti-aumenta\/","name":"L&#8217;attivit\u00e0 degli ordini per veicoli commerciali negli Stati Uniti aumenta - ITJ | International Transport Journal","isPartOf":{"@id":"https:\/\/transportjournal.com\/it\/#website"},"primaryImageOfPage":{"@id":"https:\/\/transportjournal.com\/it\/2026\/03\/13\/lattivita-degli-ordini-per-veicoli-commerciali-negli-stati-uniti-aumenta\/#primaryimage"},"image":{"@id":"https:\/\/transportjournal.com\/it\/2026\/03\/13\/lattivita-degli-ordini-per-veicoli-commerciali-negli-stati-uniti-aumenta\/#primaryimage"},"thumbnailUrl":"https:\/\/transportjournal.com\/wp-content\/uploads\/sites\/2\/2026\/03\/AdobeStock_70565024-3-scaled-aspect-ratio-1400-788-scaled-1.jpeg","datePublished":"2026-03-13T12:44:12+00:00","breadcrumb":{"@id":"https:\/\/transportjournal.com\/it\/2026\/03\/13\/lattivita-degli-ordini-per-veicoli-commerciali-negli-stati-uniti-aumenta\/#breadcrumb"},"inLanguage":"it-IT","potentialAction":[{"@type":"ReadAction","target":["https:\/\/transportjournal.com\/it\/2026\/03\/13\/lattivita-degli-ordini-per-veicoli-commerciali-negli-stati-uniti-aumenta\/"]}]},{"@type":"ImageObject","inLanguage":"it-IT","@id":"https:\/\/transportjournal.com\/it\/2026\/03\/13\/lattivita-degli-ordini-per-veicoli-commerciali-negli-stati-uniti-aumenta\/#primaryimage","url":"https:\/\/transportjournal.com\/wp-content\/uploads\/sites\/2\/2026\/03\/AdobeStock_70565024-3-scaled-aspect-ratio-1400-788-scaled-1.jpeg","contentUrl":"https:\/\/transportjournal.com\/wp-content\/uploads\/sites\/2\/2026\/03\/AdobeStock_70565024-3-scaled-aspect-ratio-1400-788-scaled-1.jpeg","width":2560,"height":1441},{"@type":"BreadcrumbList","@id":"https:\/\/transportjournal.com\/it\/2026\/03\/13\/lattivita-degli-ordini-per-veicoli-commerciali-negli-stati-uniti-aumenta\/#breadcrumb","itemListElement":[{"@type":"ListItem","position":1,"name":"Startseite","item":"https:\/\/transportjournal.com\/it\/"},{"@type":"ListItem","position":2,"name":"L&#8217;attivit\u00e0 degli ordini per veicoli commerciali negli Stati Uniti aumenta"}]},{"@type":"WebSite","@id":"https:\/\/transportjournal.com\/it\/#website","url":"https:\/\/transportjournal.com\/it\/","name":"ITJ | International Transport Journal","description":"Stay informed with the latest global news from the transport, logistics, and supply chain industries. Transport Journal delivers expert insights, analysis, and updates across shipping, aviation, intermodal, and forwarding.","publisher":{"@id":"https:\/\/transportjournal.com\/it\/#organization"},"potentialAction":[{"@type":"SearchAction","target":{"@type":"EntryPoint","urlTemplate":"https:\/\/transportjournal.com\/it\/?s={search_term_string}"},"query-input":{"@type":"PropertyValueSpecification","valueRequired":true,"valueName":"search_term_string"}}],"inLanguage":"it-IT"},{"@type":"Organization","@id":"https:\/\/transportjournal.com\/it\/#organization","name":"Logismedia Group AG","alternateName":"Logismedia Group AG","url":"https:\/\/transportjournal.com\/it\/","logo":{"@type":"ImageObject","inLanguage":"it-IT","@id":"https:\/\/transportjournal.com\/it\/#\/schema\/logo\/image\/","url":"https:\/\/transportjournal.com\/wp-content\/uploads\/sites\/2\/2025\/09\/Logo_ITJ.png","contentUrl":"https:\/\/transportjournal.com\/wp-content\/uploads\/sites\/2\/2025\/09\/Logo_ITJ.png","width":799,"height":326,"caption":"Logismedia Group AG"},"image":{"@id":"https:\/\/transportjournal.com\/it\/#\/schema\/logo\/image\/"},"sameAs":["https:\/\/www.linkedin.com\/company\/56456496\/admin\/dashboard\/","https:\/\/www.instagram.com\/logismediagroup\/","https:\/\/www.youtube.com\/@LogiamediaGroupAG"]},{"@type":"Person","@id":"https:\/\/transportjournal.com\/it\/#\/schema\/person\/41d36b5474b623392fa613e97e2363fa","name":"Jeremy Soland","url":"https:\/\/transportjournal.com\/it\/author\/jeremy\/"}]}},"_links":{"self":[{"href":"https:\/\/transportjournal.com\/it\/wp-json\/wp\/v2\/posts\/80807","targetHints":{"allow":["GET"]}}],"collection":[{"href":"https:\/\/transportjournal.com\/it\/wp-json\/wp\/v2\/posts"}],"about":[{"href":"https:\/\/transportjournal.com\/it\/wp-json\/wp\/v2\/types\/post"}],"author":[{"embeddable":true,"href":"https:\/\/transportjournal.com\/it\/wp-json\/wp\/v2\/users\/10"}],"replies":[{"embeddable":true,"href":"https:\/\/transportjournal.com\/it\/wp-json\/wp\/v2\/comments?post=80807"}],"version-history":[{"count":0,"href":"https:\/\/transportjournal.com\/it\/wp-json\/wp\/v2\/posts\/80807\/revisions"}],"wp:featuredmedia":[{"embeddable":true,"href":"https:\/\/transportjournal.com\/it\/wp-json\/wp\/v2\/media\/80803"}],"wp:attachment":[{"href":"https:\/\/transportjournal.com\/it\/wp-json\/wp\/v2\/media?parent=80807"}],"wp:term":[{"taxonomy":"category","embeddable":true,"href":"https:\/\/transportjournal.com\/it\/wp-json\/wp\/v2\/categories?post=80807"},{"taxonomy":"post_tag","embeddable":true,"href":"https:\/\/transportjournal.com\/it\/wp-json\/wp\/v2\/tags?post=80807"}],"curies":[{"name":"wp","href":"https:\/\/api.w.org\/{rel}","templated":true}]}}