{"id":80768,"date":"2026-03-13T11:02:19","date_gmt":"2026-03-13T11:02:19","guid":{"rendered":"https:\/\/transportjournal.com\/2026\/03\/13\/logistec-acquisisce-il-logistics-park-dubuque\/"},"modified":"2026-03-13T11:02:19","modified_gmt":"2026-03-13T11:02:19","slug":"logistec-acquisisce-il-logistics-park-dubuque","status":"publish","type":"post","link":"https:\/\/transportjournal.com\/it\/2026\/03\/13\/logistec-acquisisce-il-logistics-park-dubuque\/","title":{"rendered":"Logistec acquisisce il Logistics Park Dubuque"},"content":{"rendered":"<p>Logistec ha annunciato l&#8217;acquisizione del Logistics Park Dubuque (LPD) da Travero per espandere la sua rete di vie navigabili interne negli Stati Uniti e creare nuove connessioni di mercato. La sede si trova a East Dubuque, Illinois, lungo il fiume Mississippi superiore e offre una variet\u00e0 di servizi.<\/p>\n<p>L&#8217;acquisizione di LPD consente a Logistec di estendere la sua portata nel cuore industriale e agricolo degli Stati Uniti. L&#8217;azienda con sede a Montr\u00e9al offre servizi specializzati per la movimentazione di merci sfuse, merci in colli e container, oltre a soluzioni logistiche, inclusi trasporto e stoccaggio, nella sua rete nordamericana di 63 porti e 86 terminal. Il CEO Sean Pierce sottolinea che il collegamento del terminal con la rete esistente migliora l&#8217;efficienza e l&#8217;accesso ai mercati emergenti per i clienti nella regione del Midwest.<\/p>\n<p>LPD \u00e8 un terminal multimodale di 100 ettari, specializzato nella movimentazione, stoccaggio e carico di merci sfuse e merci in colli. La sede offre accesso diretto al trasporto ferroviario tramite CN Rail e alla navigazione interna sul fiume Mississippi superiore. Tra i clienti di LPD figurano importanti produttori statunitensi nei settori dell&#8217;agricoltura, dell&#8217;acciaio, della manifattura e dell&#8217;energia.<\/p>\n<p>Lisha Coffey, presidente di Travero, evidenzia l&#8217;importanza del terminal per le catene di approvvigionamento regionali e per la comunit\u00e0. &#8222;LPD ha una solida reputazione e un team dedicato. Siamo orgogliosi del ruolo che la struttura ha svolto nel supportare i nostri clienti&#8220;, spiega Coffey. Sottolinea che il trasferimento a Logistec \u00e8 una decisione strategica, poich\u00e9 l&#8217;azienda possiede l&#8217;expertise necessaria per gestire e sviluppare terminal logistici.<\/p>\n<p>Questa acquisizione segue un recente accordo di Logistec per l&#8217;acquisizione del terminal IPA ad Altamira, Messico.<\/p>\n<p>&nbsp;<\/p>\n<p><a href=\"https:\/\/www.logistec.com\/\" target=\"_blank\" rel=\"noopener noreferrer\">www.logistec.com<\/a><\/p>\n<p>&nbsp;<\/p>\n<p><a href=\"https:\/\/www.travero.com\/\" target=\"_blank\" rel=\"noopener noreferrer\">www.travero.com<\/a><\/p>\n<p>&nbsp;<\/p>\n","protected":false},"excerpt":{"rendered":"<p>Logistec ha acquisito il Logistics Park Dubuque per espandere la propria rete negli Stati Uniti e aumentare l&#8217;efficienza per i clienti nella regione del Midwest.<\/p>\n","protected":false},"author":12,"featured_media":80764,"comment_status":"open","ping_status":"","sticky":false,"template":"","format":"standard","meta":{"_acf_changed":false,"footnotes":""},"categories":[1628,1631,1629],"tags":[26921,26922,26923,26924,26925,26926,26927,11555,26928,26263,3739,2115,2116,26929,2122,26930,26931,3745,2075,26932,26933,2373,26934,26935,26936,26937,16399,26938,26939,26940,26941,26942,26943,26944,26945,26946,3157,2145,26947,26948,11585,11586,26949,26950,26951,5119,26952,26953,26954,26955,18446,26956,18447,26957,26958,26287,26959,26960,26961],"class_list":["post-80768","post","type-post","status-publish","format-standard","has-post-thumbnail","hentry","category-intermodale-strada","category-spedizioni-e-porti","category-spedizioni-e-logistica","tag-acquisition-lpd","tag-agriculture-logistics","tag-akquisition-lpd","tag-binnenschifffahrt-oberer-mississippi","tag-binnenwasserstrassen-usa","tag-breakbulk-loading","tag-bulk-handling-services","tag-chaines-dapprovisionnement-regionales","tag-chargement-de-marchandises","tag-deutsch-logistec","tag-developpement-des-infrastructures","tag-digitalisierung-in-der-logistik","tag-digitalization-in-logistics","tag-expansion-de-terminal","tag-fachkraeftemangel-logistik","tag-industrial-markets-usa","tag-industrielle-maerkte-usa","tag-infrastructure-development","tag-infrastrukturentwicklung","tag-inland-shipping-upper-mississippi","tag-inland-waterways-usa","tag-labor-shortage-logistics","tag-landwirtschaft-logistik","tag-logistics-park-dubuque","tag-logistics-service-providers-north-america","tag-logistikdienstleister-nordamerika","tag-logistique-agricole","tag-logistique-region-midwest","tag-lpd-acquisition","tag-marches-industriels-usa","tag-midwest-region-logistics","tag-midwest-region-logistik","tag-multimodal-terminal","tag-multimodaler-terminal","tag-nachhaltige-logistikloesungen-english-logistec","tag-navigation-interieure-mississippi-superieur","tag-numerisation-dans-la-logistique","tag-penurie-de-main-doeuvre-logistique","tag-prestataires-de-services-logistiques-amerique-du-nord","tag-rail-transport-cn-rail","tag-regional-supply-chains","tag-regionale-lieferketten","tag-schienenverkehr-cn-rail","tag-schuettgut-handhabung","tag-services-de-manutention-en-vrac","tag-solutions-logistiques-durables","tag-stahlindustrie-transport","tag-steel-industry-transport","tag-stueckgut-verladung","tag-sustainable-logistics-solutions-francais-logistec","tag-terminal-expansion","tag-terminal-multimodal","tag-terminalerweiterung","tag-transport-et-stockage","tag-transport-ferroviaire-cn-rail","tag-transport-industrie-de-lacier","tag-transport-und-lagerung","tag-transportation-and-storage","tag-voies-navigables-interieures-usa"],"acf":[],"yoast_head":"<!-- This site is optimized with the Yoast SEO plugin v27.3 - https:\/\/yoast.com\/product\/yoast-seo-wordpress\/ -->\n<title>Logistec acquisisce il Logistics Park Dubuque - ITJ | International Transport Journal<\/title>\n<meta name=\"robots\" content=\"index, follow, max-snippet:-1, max-image-preview:large, max-video-preview:-1\" \/>\n<link rel=\"canonical\" href=\"https:\/\/transportjournal.com\/it\/2026\/03\/13\/logistec-acquisisce-il-logistics-park-dubuque\/\" \/>\n<meta property=\"og:locale\" content=\"it_IT\" \/>\n<meta property=\"og:type\" content=\"article\" \/>\n<meta property=\"og:title\" content=\"Logistec acquisisce il Logistics Park Dubuque - ITJ | International Transport Journal\" \/>\n<meta property=\"og:description\" content=\"Logistec ha acquisito il Logistics Park Dubuque per espandere la propria rete negli Stati Uniti e aumentare l&#039;efficienza per i clienti nella regione del Midwest.\" \/>\n<meta property=\"og:url\" content=\"https:\/\/transportjournal.com\/it\/2026\/03\/13\/logistec-acquisisce-il-logistics-park-dubuque\/\" \/>\n<meta property=\"og:site_name\" content=\"ITJ | International Transport Journal\" \/>\n<meta property=\"article:published_time\" content=\"2026-03-13T11:02:19+00:00\" \/>\n<meta property=\"og:image\" content=\"https:\/\/transportjournal.com\/wp-content\/uploads\/sites\/2\/2026\/03\/Logistec-lpd-aerial-20240623-3179-980x551-1.jpg\" \/>\n\t<meta property=\"og:image:width\" content=\"980\" \/>\n\t<meta property=\"og:image:height\" content=\"551\" \/>\n\t<meta property=\"og:image:type\" content=\"image\/jpeg\" \/>\n<meta name=\"author\" content=\"Andreas Haug\" \/>\n<meta name=\"twitter:card\" content=\"summary_large_image\" \/>\n<meta name=\"twitter:label1\" content=\"Scritto da\" \/>\n\t<meta name=\"twitter:data1\" content=\"Andreas Haug\" \/>\n\t<meta name=\"twitter:label2\" content=\"Tempo di lettura stimato\" \/>\n\t<meta name=\"twitter:data2\" content=\"1 minuto\" \/>\n<script type=\"application\/ld+json\" class=\"yoast-schema-graph\">{\"@context\":\"https:\\\/\\\/schema.org\",\"@graph\":[{\"@type\":\"Article\",\"@id\":\"https:\\\/\\\/transportjournal.com\\\/it\\\/2026\\\/03\\\/13\\\/logistec-acquisisce-il-logistics-park-dubuque\\\/#article\",\"isPartOf\":{\"@id\":\"https:\\\/\\\/transportjournal.com\\\/it\\\/2026\\\/03\\\/13\\\/logistec-acquisisce-il-logistics-park-dubuque\\\/\"},\"author\":{\"name\":\"Andreas Haug\",\"@id\":\"https:\\\/\\\/transportjournal.com\\\/it\\\/#\\\/schema\\\/person\\\/cf538b3157f15afd7589245a4b3dbd25\"},\"headline\":\"Logistec acquisisce il Logistics Park Dubuque\",\"datePublished\":\"2026-03-13T11:02:19+00:00\",\"mainEntityOfPage\":{\"@id\":\"https:\\\/\\\/transportjournal.com\\\/it\\\/2026\\\/03\\\/13\\\/logistec-acquisisce-il-logistics-park-dubuque\\\/\"},\"wordCount\":293,\"commentCount\":0,\"publisher\":{\"@id\":\"https:\\\/\\\/transportjournal.com\\\/it\\\/#organization\"},\"image\":{\"@id\":\"https:\\\/\\\/transportjournal.com\\\/it\\\/2026\\\/03\\\/13\\\/logistec-acquisisce-il-logistics-park-dubuque\\\/#primaryimage\"},\"thumbnailUrl\":\"https:\\\/\\\/transportjournal.com\\\/wp-content\\\/uploads\\\/sites\\\/2\\\/2026\\\/03\\\/Logistec-lpd-aerial-20240623-3179-980x551-1.jpg\",\"keywords\":[\"acquisition LPD\",\"agriculture logistics\",\"Akquisition LPD\",\"Binnenschifffahrt Oberer Mississippi\",\"Binnenwasserstra\u00dfen USA\",\"breakbulk loading\",\"bulk handling services\",\"cha\u00eenes d'approvisionnement r\u00e9gionales\",\"chargement de marchandises\",\"Deutsch LOGISTEC\",\"d\u00e9veloppement des infrastructures\",\"Digitalisierung in der Logistik\",\"digitalization in logistics\",\"expansion de terminal\",\"Fachkr\u00e4ftemangel Logistik\",\"industrial markets USA\",\"industrielle M\u00e4rkte USA\",\"infrastructure development\",\"Infrastrukturentwicklung\",\"inland shipping Upper Mississippi\",\"inland waterways USA\",\"labor shortage logistics\",\"Landwirtschaft Logistik\",\"Logistics Park Dubuque\",\"logistics service providers North America\",\"Logistikdienstleister Nordamerika\",\"logistique agricole\",\"logistique r\u00e9gion Midwest\",\"LPD acquisition\",\"march\u00e9s industriels USA\",\"Midwest region logistics\",\"Midwest-Region Logistik\",\"multimodal terminal\",\"multimodaler Terminal\",\"nachhaltige Logistikl\u00f6sungen English LOGISTEC\",\"navigation int\u00e9rieure Mississippi sup\u00e9rieur\",\"num\u00e9risation dans la logistique\",\"p\u00e9nurie de main-d'\u0153uvre logistique\",\"prestataires de services logistiques Am\u00e9rique du Nord\",\"rail transport CN Rail\",\"regional supply chains\",\"regionale Lieferketten\",\"Schienenverkehr CN Rail\",\"Sch\u00fcttgut Handhabung\",\"services de manutention en vrac\",\"solutions logistiques durables\",\"Stahlindustrie Transport\",\"steel industry transport\",\"St\u00fcckgut Verladung\",\"sustainable logistics solutions Fran\u00e7ais LOGISTEC\",\"terminal expansion\",\"terminal multimodal\",\"Terminalerweiterung\",\"transport et stockage\",\"transport ferroviaire CN Rail\",\"transport industrie de l'acier\",\"Transport und Lagerung\",\"transportation and storage\",\"voies navigables int\u00e9rieures USA\"],\"articleSection\":[\"Intermodale \\\/ Strada\",\"Spedizioni e porti\",\"Spedizioniere e Logistica\"],\"inLanguage\":\"it-IT\",\"potentialAction\":[{\"@type\":\"CommentAction\",\"name\":\"Comment\",\"target\":[\"https:\\\/\\\/transportjournal.com\\\/it\\\/2026\\\/03\\\/13\\\/logistec-acquisisce-il-logistics-park-dubuque\\\/#respond\"]}]},{\"@type\":\"WebPage\",\"@id\":\"https:\\\/\\\/transportjournal.com\\\/it\\\/2026\\\/03\\\/13\\\/logistec-acquisisce-il-logistics-park-dubuque\\\/\",\"url\":\"https:\\\/\\\/transportjournal.com\\\/it\\\/2026\\\/03\\\/13\\\/logistec-acquisisce-il-logistics-park-dubuque\\\/\",\"name\":\"Logistec acquisisce il Logistics Park Dubuque - ITJ | International Transport Journal\",\"isPartOf\":{\"@id\":\"https:\\\/\\\/transportjournal.com\\\/it\\\/#website\"},\"primaryImageOfPage\":{\"@id\":\"https:\\\/\\\/transportjournal.com\\\/it\\\/2026\\\/03\\\/13\\\/logistec-acquisisce-il-logistics-park-dubuque\\\/#primaryimage\"},\"image\":{\"@id\":\"https:\\\/\\\/transportjournal.com\\\/it\\\/2026\\\/03\\\/13\\\/logistec-acquisisce-il-logistics-park-dubuque\\\/#primaryimage\"},\"thumbnailUrl\":\"https:\\\/\\\/transportjournal.com\\\/wp-content\\\/uploads\\\/sites\\\/2\\\/2026\\\/03\\\/Logistec-lpd-aerial-20240623-3179-980x551-1.jpg\",\"datePublished\":\"2026-03-13T11:02:19+00:00\",\"breadcrumb\":{\"@id\":\"https:\\\/\\\/transportjournal.com\\\/it\\\/2026\\\/03\\\/13\\\/logistec-acquisisce-il-logistics-park-dubuque\\\/#breadcrumb\"},\"inLanguage\":\"it-IT\",\"potentialAction\":[{\"@type\":\"ReadAction\",\"target\":[\"https:\\\/\\\/transportjournal.com\\\/it\\\/2026\\\/03\\\/13\\\/logistec-acquisisce-il-logistics-park-dubuque\\\/\"]}]},{\"@type\":\"ImageObject\",\"inLanguage\":\"it-IT\",\"@id\":\"https:\\\/\\\/transportjournal.com\\\/it\\\/2026\\\/03\\\/13\\\/logistec-acquisisce-il-logistics-park-dubuque\\\/#primaryimage\",\"url\":\"https:\\\/\\\/transportjournal.com\\\/wp-content\\\/uploads\\\/sites\\\/2\\\/2026\\\/03\\\/Logistec-lpd-aerial-20240623-3179-980x551-1.jpg\",\"contentUrl\":\"https:\\\/\\\/transportjournal.com\\\/wp-content\\\/uploads\\\/sites\\\/2\\\/2026\\\/03\\\/Logistec-lpd-aerial-20240623-3179-980x551-1.jpg\",\"width\":980,\"height\":551},{\"@type\":\"BreadcrumbList\",\"@id\":\"https:\\\/\\\/transportjournal.com\\\/it\\\/2026\\\/03\\\/13\\\/logistec-acquisisce-il-logistics-park-dubuque\\\/#breadcrumb\",\"itemListElement\":[{\"@type\":\"ListItem\",\"position\":1,\"name\":\"Startseite\",\"item\":\"https:\\\/\\\/transportjournal.com\\\/it\\\/\"},{\"@type\":\"ListItem\",\"position\":2,\"name\":\"Logistec acquisisce il Logistics Park Dubuque\"}]},{\"@type\":\"WebSite\",\"@id\":\"https:\\\/\\\/transportjournal.com\\\/it\\\/#website\",\"url\":\"https:\\\/\\\/transportjournal.com\\\/it\\\/\",\"name\":\"ITJ | International Transport Journal\",\"description\":\"Stay informed with the latest global news from the transport, logistics, and supply chain industries. Transport Journal delivers expert insights, analysis, and updates across shipping, aviation, intermodal, and forwarding.\",\"publisher\":{\"@id\":\"https:\\\/\\\/transportjournal.com\\\/it\\\/#organization\"},\"potentialAction\":[{\"@type\":\"SearchAction\",\"target\":{\"@type\":\"EntryPoint\",\"urlTemplate\":\"https:\\\/\\\/transportjournal.com\\\/it\\\/?s={search_term_string}\"},\"query-input\":{\"@type\":\"PropertyValueSpecification\",\"valueRequired\":true,\"valueName\":\"search_term_string\"}}],\"inLanguage\":\"it-IT\"},{\"@type\":\"Organization\",\"@id\":\"https:\\\/\\\/transportjournal.com\\\/it\\\/#organization\",\"name\":\"Logismedia Group AG\",\"alternateName\":\"Logismedia Group AG\",\"url\":\"https:\\\/\\\/transportjournal.com\\\/it\\\/\",\"logo\":{\"@type\":\"ImageObject\",\"inLanguage\":\"it-IT\",\"@id\":\"https:\\\/\\\/transportjournal.com\\\/it\\\/#\\\/schema\\\/logo\\\/image\\\/\",\"url\":\"https:\\\/\\\/transportjournal.com\\\/wp-content\\\/uploads\\\/sites\\\/2\\\/2025\\\/09\\\/Logo_ITJ.png\",\"contentUrl\":\"https:\\\/\\\/transportjournal.com\\\/wp-content\\\/uploads\\\/sites\\\/2\\\/2025\\\/09\\\/Logo_ITJ.png\",\"width\":799,\"height\":326,\"caption\":\"Logismedia Group AG\"},\"image\":{\"@id\":\"https:\\\/\\\/transportjournal.com\\\/it\\\/#\\\/schema\\\/logo\\\/image\\\/\"},\"sameAs\":[\"https:\\\/\\\/www.linkedin.com\\\/company\\\/56456496\\\/admin\\\/dashboard\\\/\",\"https:\\\/\\\/www.instagram.com\\\/logismediagroup\\\/\",\"https:\\\/\\\/www.youtube.com\\\/@LogiamediaGroupAG\"]},{\"@type\":\"Person\",\"@id\":\"https:\\\/\\\/transportjournal.com\\\/it\\\/#\\\/schema\\\/person\\\/cf538b3157f15afd7589245a4b3dbd25\",\"name\":\"Andreas Haug\",\"url\":\"https:\\\/\\\/transportjournal.com\\\/it\\\/author\\\/andreas\\\/\"}]}<\/script>\n<!-- \/ Yoast SEO plugin. -->","yoast_head_json":{"title":"Logistec acquisisce il Logistics Park Dubuque - ITJ | International Transport Journal","robots":{"index":"index","follow":"follow","max-snippet":"max-snippet:-1","max-image-preview":"max-image-preview:large","max-video-preview":"max-video-preview:-1"},"canonical":"https:\/\/transportjournal.com\/it\/2026\/03\/13\/logistec-acquisisce-il-logistics-park-dubuque\/","og_locale":"it_IT","og_type":"article","og_title":"Logistec acquisisce il Logistics Park Dubuque - ITJ | International Transport Journal","og_description":"Logistec ha acquisito il Logistics Park Dubuque per espandere la propria rete negli Stati Uniti e aumentare l'efficienza per i clienti nella regione del Midwest.","og_url":"https:\/\/transportjournal.com\/it\/2026\/03\/13\/logistec-acquisisce-il-logistics-park-dubuque\/","og_site_name":"ITJ | International Transport Journal","article_published_time":"2026-03-13T11:02:19+00:00","og_image":[{"width":980,"height":551,"url":"https:\/\/transportjournal.com\/wp-content\/uploads\/sites\/2\/2026\/03\/Logistec-lpd-aerial-20240623-3179-980x551-1.jpg","type":"image\/jpeg"}],"author":"Andreas Haug","twitter_card":"summary_large_image","twitter_misc":{"Scritto da":"Andreas Haug","Tempo di lettura stimato":"1 minuto"},"schema":{"@context":"https:\/\/schema.org","@graph":[{"@type":"Article","@id":"https:\/\/transportjournal.com\/it\/2026\/03\/13\/logistec-acquisisce-il-logistics-park-dubuque\/#article","isPartOf":{"@id":"https:\/\/transportjournal.com\/it\/2026\/03\/13\/logistec-acquisisce-il-logistics-park-dubuque\/"},"author":{"name":"Andreas Haug","@id":"https:\/\/transportjournal.com\/it\/#\/schema\/person\/cf538b3157f15afd7589245a4b3dbd25"},"headline":"Logistec acquisisce il Logistics Park Dubuque","datePublished":"2026-03-13T11:02:19+00:00","mainEntityOfPage":{"@id":"https:\/\/transportjournal.com\/it\/2026\/03\/13\/logistec-acquisisce-il-logistics-park-dubuque\/"},"wordCount":293,"commentCount":0,"publisher":{"@id":"https:\/\/transportjournal.com\/it\/#organization"},"image":{"@id":"https:\/\/transportjournal.com\/it\/2026\/03\/13\/logistec-acquisisce-il-logistics-park-dubuque\/#primaryimage"},"thumbnailUrl":"https:\/\/transportjournal.com\/wp-content\/uploads\/sites\/2\/2026\/03\/Logistec-lpd-aerial-20240623-3179-980x551-1.jpg","keywords":["acquisition LPD","agriculture logistics","Akquisition LPD","Binnenschifffahrt Oberer Mississippi","Binnenwasserstra\u00dfen USA","breakbulk loading","bulk handling services","cha\u00eenes d'approvisionnement r\u00e9gionales","chargement de marchandises","Deutsch LOGISTEC","d\u00e9veloppement des infrastructures","Digitalisierung in der Logistik","digitalization in logistics","expansion de terminal","Fachkr\u00e4ftemangel Logistik","industrial markets USA","industrielle M\u00e4rkte USA","infrastructure development","Infrastrukturentwicklung","inland shipping Upper Mississippi","inland waterways USA","labor shortage logistics","Landwirtschaft Logistik","Logistics Park Dubuque","logistics service providers North America","Logistikdienstleister Nordamerika","logistique agricole","logistique r\u00e9gion Midwest","LPD acquisition","march\u00e9s industriels USA","Midwest region logistics","Midwest-Region Logistik","multimodal terminal","multimodaler Terminal","nachhaltige Logistikl\u00f6sungen English LOGISTEC","navigation int\u00e9rieure Mississippi sup\u00e9rieur","num\u00e9risation dans la logistique","p\u00e9nurie de main-d'\u0153uvre logistique","prestataires de services logistiques Am\u00e9rique du Nord","rail transport CN Rail","regional supply chains","regionale Lieferketten","Schienenverkehr CN Rail","Sch\u00fcttgut Handhabung","services de manutention en vrac","solutions logistiques durables","Stahlindustrie Transport","steel industry transport","St\u00fcckgut Verladung","sustainable logistics solutions Fran\u00e7ais LOGISTEC","terminal expansion","terminal multimodal","Terminalerweiterung","transport et stockage","transport ferroviaire CN Rail","transport industrie de l'acier","Transport und Lagerung","transportation and storage","voies navigables int\u00e9rieures USA"],"articleSection":["Intermodale \/ Strada","Spedizioni e porti","Spedizioniere e Logistica"],"inLanguage":"it-IT","potentialAction":[{"@type":"CommentAction","name":"Comment","target":["https:\/\/transportjournal.com\/it\/2026\/03\/13\/logistec-acquisisce-il-logistics-park-dubuque\/#respond"]}]},{"@type":"WebPage","@id":"https:\/\/transportjournal.com\/it\/2026\/03\/13\/logistec-acquisisce-il-logistics-park-dubuque\/","url":"https:\/\/transportjournal.com\/it\/2026\/03\/13\/logistec-acquisisce-il-logistics-park-dubuque\/","name":"Logistec acquisisce il Logistics Park Dubuque - ITJ | International Transport Journal","isPartOf":{"@id":"https:\/\/transportjournal.com\/it\/#website"},"primaryImageOfPage":{"@id":"https:\/\/transportjournal.com\/it\/2026\/03\/13\/logistec-acquisisce-il-logistics-park-dubuque\/#primaryimage"},"image":{"@id":"https:\/\/transportjournal.com\/it\/2026\/03\/13\/logistec-acquisisce-il-logistics-park-dubuque\/#primaryimage"},"thumbnailUrl":"https:\/\/transportjournal.com\/wp-content\/uploads\/sites\/2\/2026\/03\/Logistec-lpd-aerial-20240623-3179-980x551-1.jpg","datePublished":"2026-03-13T11:02:19+00:00","breadcrumb":{"@id":"https:\/\/transportjournal.com\/it\/2026\/03\/13\/logistec-acquisisce-il-logistics-park-dubuque\/#breadcrumb"},"inLanguage":"it-IT","potentialAction":[{"@type":"ReadAction","target":["https:\/\/transportjournal.com\/it\/2026\/03\/13\/logistec-acquisisce-il-logistics-park-dubuque\/"]}]},{"@type":"ImageObject","inLanguage":"it-IT","@id":"https:\/\/transportjournal.com\/it\/2026\/03\/13\/logistec-acquisisce-il-logistics-park-dubuque\/#primaryimage","url":"https:\/\/transportjournal.com\/wp-content\/uploads\/sites\/2\/2026\/03\/Logistec-lpd-aerial-20240623-3179-980x551-1.jpg","contentUrl":"https:\/\/transportjournal.com\/wp-content\/uploads\/sites\/2\/2026\/03\/Logistec-lpd-aerial-20240623-3179-980x551-1.jpg","width":980,"height":551},{"@type":"BreadcrumbList","@id":"https:\/\/transportjournal.com\/it\/2026\/03\/13\/logistec-acquisisce-il-logistics-park-dubuque\/#breadcrumb","itemListElement":[{"@type":"ListItem","position":1,"name":"Startseite","item":"https:\/\/transportjournal.com\/it\/"},{"@type":"ListItem","position":2,"name":"Logistec acquisisce il Logistics Park Dubuque"}]},{"@type":"WebSite","@id":"https:\/\/transportjournal.com\/it\/#website","url":"https:\/\/transportjournal.com\/it\/","name":"ITJ | International Transport Journal","description":"Stay informed with the latest global news from the transport, logistics, and supply chain industries. Transport Journal delivers expert insights, analysis, and updates across shipping, aviation, intermodal, and forwarding.","publisher":{"@id":"https:\/\/transportjournal.com\/it\/#organization"},"potentialAction":[{"@type":"SearchAction","target":{"@type":"EntryPoint","urlTemplate":"https:\/\/transportjournal.com\/it\/?s={search_term_string}"},"query-input":{"@type":"PropertyValueSpecification","valueRequired":true,"valueName":"search_term_string"}}],"inLanguage":"it-IT"},{"@type":"Organization","@id":"https:\/\/transportjournal.com\/it\/#organization","name":"Logismedia Group AG","alternateName":"Logismedia Group AG","url":"https:\/\/transportjournal.com\/it\/","logo":{"@type":"ImageObject","inLanguage":"it-IT","@id":"https:\/\/transportjournal.com\/it\/#\/schema\/logo\/image\/","url":"https:\/\/transportjournal.com\/wp-content\/uploads\/sites\/2\/2025\/09\/Logo_ITJ.png","contentUrl":"https:\/\/transportjournal.com\/wp-content\/uploads\/sites\/2\/2025\/09\/Logo_ITJ.png","width":799,"height":326,"caption":"Logismedia Group AG"},"image":{"@id":"https:\/\/transportjournal.com\/it\/#\/schema\/logo\/image\/"},"sameAs":["https:\/\/www.linkedin.com\/company\/56456496\/admin\/dashboard\/","https:\/\/www.instagram.com\/logismediagroup\/","https:\/\/www.youtube.com\/@LogiamediaGroupAG"]},{"@type":"Person","@id":"https:\/\/transportjournal.com\/it\/#\/schema\/person\/cf538b3157f15afd7589245a4b3dbd25","name":"Andreas Haug","url":"https:\/\/transportjournal.com\/it\/author\/andreas\/"}]}},"_links":{"self":[{"href":"https:\/\/transportjournal.com\/it\/wp-json\/wp\/v2\/posts\/80768","targetHints":{"allow":["GET"]}}],"collection":[{"href":"https:\/\/transportjournal.com\/it\/wp-json\/wp\/v2\/posts"}],"about":[{"href":"https:\/\/transportjournal.com\/it\/wp-json\/wp\/v2\/types\/post"}],"author":[{"embeddable":true,"href":"https:\/\/transportjournal.com\/it\/wp-json\/wp\/v2\/users\/12"}],"replies":[{"embeddable":true,"href":"https:\/\/transportjournal.com\/it\/wp-json\/wp\/v2\/comments?post=80768"}],"version-history":[{"count":0,"href":"https:\/\/transportjournal.com\/it\/wp-json\/wp\/v2\/posts\/80768\/revisions"}],"wp:featuredmedia":[{"embeddable":true,"href":"https:\/\/transportjournal.com\/it\/wp-json\/wp\/v2\/media\/80764"}],"wp:attachment":[{"href":"https:\/\/transportjournal.com\/it\/wp-json\/wp\/v2\/media?parent=80768"}],"wp:term":[{"taxonomy":"category","embeddable":true,"href":"https:\/\/transportjournal.com\/it\/wp-json\/wp\/v2\/categories?post=80768"},{"taxonomy":"post_tag","embeddable":true,"href":"https:\/\/transportjournal.com\/it\/wp-json\/wp\/v2\/tags?post=80768"}],"curies":[{"name":"wp","href":"https:\/\/api.w.org\/{rel}","templated":true}]}}