{"id":80744,"date":"2026-03-13T10:10:27","date_gmt":"2026-03-13T10:10:27","guid":{"rendered":"https:\/\/transportjournal.com\/2026\/03\/13\/mitsubishi-logisnext-americas-cambia-nome\/"},"modified":"2026-03-13T10:10:27","modified_gmt":"2026-03-13T10:10:27","slug":"mitsubishi-logisnext-americas-cambia-nome","status":"publish","type":"post","link":"https:\/\/transportjournal.com\/it\/2026\/03\/13\/mitsubishi-logisnext-americas-cambia-nome\/","title":{"rendered":"Mitsubishi Logisnext Americas cambia nome"},"content":{"rendered":"<p>Mitsubishi Logisnext Americas cambier\u00e0 nome in Logisnext Americas per promuovere una visione unificata per la gestione dei materiali. Questa rinominazione, che entrer\u00e0 in vigore il 30 aprile 2026, fa parte di una trasformazione complessiva dell&#8217;azienda, che si svolge sotto il motto &#8222;Logisnext Vision 2035&#8220;. La ridenominazione mira a rafforzare l&#8217;orientamento globale dell&#8217;azienda e a soddisfare le esigenze in evoluzione dei clienti.<\/p>\n<p>Nell&#8217;ambito di questa transizione, Mitsubishi Logisnext Americas ha stretto una partnership con Japan Industrial Partners (JIP) per supportare una crescita sostenibile e una creazione di valore a lungo termine. Berry Mansfield, presidente di Mitsubishi Logisnext Americas, sottolinea che l&#8217;annuncio riflette i progressi dell&#8217;azienda, ma i valori fondamentali e l&#8217;affidabilit\u00e0 su cui i clienti fanno affidamento da decenni rimangono invariati.<\/p>\n<p>La linea di prodotti esistente dei carrelli elevatori Mitsubishi sar\u00e0 commercializzata con il nuovo nome Logisnext Forklifts. Questa rinominazione intende sottolineare l&#8217;affidabilit\u00e0 dei prodotti e il rispetto degli standard di prestazione globali. Inoltre, l&#8217;offerta di soluzioni sar\u00e0 ampliata per soddisfare le attuali esigenze della gestione dei materiali.<\/p>\n<p>L&#8217;organizzazione attribuisce grande importanza alla stabilit\u00e0 e alla continuit\u00e0 per i propri rivenditori e clienti durante la transizione. Tutte le strutture di supporto e servizio esistenti rimarranno invariate per garantire un&#8217;operativit\u00e0 fluida. Clienti e partner possono aspettarsi un&#8217;esperienza senza soluzione di continuit\u00e0, poich\u00e9 Logisnext Americas continuer\u00e0 a fornire i prodotti e i servizi familiari.<\/p>\n<p>Mitsubishi Logisnext Americas vanta oltre 100 anni di esperienza nella gestione dei materiali e offre soluzioni tecnologiche che spaziano dall&#8217;automazione al supporto completo delle flotte. L&#8217;azienda ha sede a Houston, Texas, e distribuisce prodotti sotto cinque marchi leader, tra cui Mitsubishi Gabelstapler e Jungheinrich Automatisierungsprodukte.<\/p>\n<p>&nbsp;<\/p>\n<p><a href=\"https:\/\/www.logisnextamericas.com\/\" target=\"_blank\" rel=\"noopener noreferrer\">www.logisnextamericas.com<\/a><\/p>\n<p>&nbsp;<\/p>\n","protected":false},"excerpt":{"rendered":"<p>Mitsubishi Logisnext Americas sar\u00e0 rinominata il 30 aprile 2026 per promuovere una visione unificata per la movimentazione dei materiali sotto il motto &#8220;Logisnext Vision 2035&#8221;.<\/p>\n","protected":false},"author":12,"featured_media":80740,"comment_status":"open","ping_status":"","sticky":false,"template":"","format":"standard","meta":{"_acf_changed":false,"footnotes":""},"categories":[1633,1627],"tags":[3668,3669,3670,26831,4041,2995,8440,26832,2695,2696,1889,26833,26834,26835,6786,6788,26836,26837,26838,26839,2125,3682,3683,26840,8452,26841,26842,2133,1831,6792,6795,22399,3015,26843,2717,3602,2148,26844,26845,26846,26847,8462,2237,26848,26849,26850,26851,3029,26852,26853,26854,26855],"class_list":["post-80744","post","type-post","status-publish","format-standard","has-post-thumbnail","hentry","category-intralogistica","category-persone-e-aziende","tag-automation","tag-automatisation","tag-automatisierung","tag-changement-de-nom","tag-chariots-elevateurs","tag-croissance-durable","tag-customer-service","tag-deutsch-mitsubishi-logisnext","tag-digitalisierung","tag-digitalization","tag-fachkraeftemangel","tag-fiabilite","tag-fleet-support","tag-flottenunterstuetzung","tag-forklifts","tag-gabelstapler","tag-gamme-de-produits","tag-global-performance-standards","tag-globale-leistungsstandards","tag-houston-texas","tag-industrie-du-transport","tag-infrastructure","tag-infrastruktur","tag-japan-industrial-partners","tag-kundenservice","tag-logisnext-americas","tag-logisnext-vision-2035","tag-logistics-service-providers","tag-logistikdienstleister","tag-manutention-de-materiel","tag-material-handling","tag-materialhandhabung","tag-nachhaltiges-wachstum","tag-normes-de-performance-mondiales","tag-numerisation","tag-penurie-de-competences","tag-prestataires-de-services-logistiques","tag-product-line","tag-produktlinie","tag-rebranding","tag-reliability","tag-service-client","tag-skills-shortage","tag-stabilitaet","tag-stabilite","tag-stability","tag-support-de-flotte","tag-sustainable-growth","tag-transport-industry-francais-mitsubishi-logisnext","tag-transportwirtschaft-english-mitsubishi-logisnext","tag-umbenennung","tag-zuverlaessigkeit"],"acf":[],"yoast_head":"<!-- This site is optimized with the Yoast SEO plugin v27.3 - https:\/\/yoast.com\/product\/yoast-seo-wordpress\/ -->\n<title>Mitsubishi Logisnext Americas cambia nome - ITJ | International Transport Journal<\/title>\n<meta name=\"robots\" content=\"index, follow, max-snippet:-1, max-image-preview:large, max-video-preview:-1\" \/>\n<link rel=\"canonical\" href=\"https:\/\/transportjournal.com\/it\/2026\/03\/13\/mitsubishi-logisnext-americas-cambia-nome\/\" \/>\n<meta property=\"og:locale\" content=\"it_IT\" \/>\n<meta property=\"og:type\" content=\"article\" \/>\n<meta property=\"og:title\" content=\"Mitsubishi Logisnext Americas cambia nome - ITJ | International Transport Journal\" \/>\n<meta property=\"og:description\" content=\"Mitsubishi Logisnext Americas sar\u00e0 rinominata il 30 aprile 2026 per promuovere una visione unificata per la movimentazione dei materiali sotto il motto &quot;Logisnext Vision 2035&quot;.\" \/>\n<meta property=\"og:url\" content=\"https:\/\/transportjournal.com\/it\/2026\/03\/13\/mitsubishi-logisnext-americas-cambia-nome\/\" \/>\n<meta property=\"og:site_name\" content=\"ITJ | International Transport Journal\" \/>\n<meta property=\"article:published_time\" content=\"2026-03-13T10:10:27+00:00\" \/>\n<meta property=\"og:image\" content=\"https:\/\/transportjournal.com\/wp-content\/uploads\/sites\/2\/2026\/03\/Logisnext-hbj172-1050x350-1-aspect-ratio-1400-788.webp\" \/>\n\t<meta property=\"og:image:width\" content=\"705\" \/>\n\t<meta property=\"og:image:height\" content=\"397\" \/>\n\t<meta property=\"og:image:type\" content=\"image\/webp\" \/>\n<meta name=\"author\" content=\"Andreas Haug\" \/>\n<meta name=\"twitter:card\" content=\"summary_large_image\" \/>\n<meta name=\"twitter:label1\" content=\"Scritto da\" \/>\n\t<meta name=\"twitter:data1\" content=\"Andreas Haug\" \/>\n\t<meta name=\"twitter:label2\" content=\"Tempo di lettura stimato\" \/>\n\t<meta name=\"twitter:data2\" content=\"1 minuto\" \/>\n<script type=\"application\/ld+json\" class=\"yoast-schema-graph\">{\"@context\":\"https:\\\/\\\/schema.org\",\"@graph\":[{\"@type\":\"Article\",\"@id\":\"https:\\\/\\\/transportjournal.com\\\/it\\\/2026\\\/03\\\/13\\\/mitsubishi-logisnext-americas-cambia-nome\\\/#article\",\"isPartOf\":{\"@id\":\"https:\\\/\\\/transportjournal.com\\\/it\\\/2026\\\/03\\\/13\\\/mitsubishi-logisnext-americas-cambia-nome\\\/\"},\"author\":{\"name\":\"Andreas Haug\",\"@id\":\"https:\\\/\\\/transportjournal.com\\\/it\\\/#\\\/schema\\\/person\\\/cf538b3157f15afd7589245a4b3dbd25\"},\"headline\":\"Mitsubishi Logisnext Americas cambia nome\",\"datePublished\":\"2026-03-13T10:10:27+00:00\",\"mainEntityOfPage\":{\"@id\":\"https:\\\/\\\/transportjournal.com\\\/it\\\/2026\\\/03\\\/13\\\/mitsubishi-logisnext-americas-cambia-nome\\\/\"},\"wordCount\":286,\"commentCount\":0,\"publisher\":{\"@id\":\"https:\\\/\\\/transportjournal.com\\\/it\\\/#organization\"},\"image\":{\"@id\":\"https:\\\/\\\/transportjournal.com\\\/it\\\/2026\\\/03\\\/13\\\/mitsubishi-logisnext-americas-cambia-nome\\\/#primaryimage\"},\"thumbnailUrl\":\"https:\\\/\\\/transportjournal.com\\\/wp-content\\\/uploads\\\/sites\\\/2\\\/2026\\\/03\\\/Logisnext-hbj172-1050x350-1-aspect-ratio-1400-788.webp\",\"keywords\":[\"automation\",\"automatisation\",\"Automatisierung\",\"changement de nom\",\"chariots \u00e9l\u00e9vateurs\",\"croissance durable\",\"customer service\",\"Deutsch Mitsubishi Logisnext\",\"Digitalisierung\",\"digitalization\",\"Fachkr\u00e4ftemangel\",\"fiabilit\u00e9\",\"fleet support\",\"Flottenunterst\u00fctzung\",\"forklifts\",\"Gabelstapler\",\"gamme de produits\",\"global performance standards\",\"globale Leistungsstandards\",\"Houston Texas\",\"industrie du transport\",\"infrastructure\",\"Infrastruktur\",\"Japan Industrial Partners\",\"Kundenservice\",\"Logisnext Americas\",\"Logisnext Vision 2035\",\"logistics service providers\",\"Logistikdienstleister\",\"manutention de mat\u00e9riel\",\"material handling\",\"Materialhandhabung\",\"nachhaltiges Wachstum\",\"normes de performance mondiales\",\"num\u00e9risation\",\"p\u00e9nurie de comp\u00e9tences\",\"prestataires de services logistiques\",\"product line\",\"Produktlinie\",\"rebranding\",\"reliability\",\"service client\",\"skills shortage\",\"Stabilit\u00e4t\",\"stabilit\u00e9\",\"stability\",\"support de flotte\",\"sustainable growth\",\"transport industry Fran\u00e7ais Mitsubishi Logisnext\",\"Transportwirtschaft English Mitsubishi Logisnext\",\"Umbenennung\",\"Zuverl\u00e4ssigkeit\"],\"articleSection\":[\"Intralogistica\",\"Persone e aziende\"],\"inLanguage\":\"it-IT\",\"potentialAction\":[{\"@type\":\"CommentAction\",\"name\":\"Comment\",\"target\":[\"https:\\\/\\\/transportjournal.com\\\/it\\\/2026\\\/03\\\/13\\\/mitsubishi-logisnext-americas-cambia-nome\\\/#respond\"]}]},{\"@type\":\"WebPage\",\"@id\":\"https:\\\/\\\/transportjournal.com\\\/it\\\/2026\\\/03\\\/13\\\/mitsubishi-logisnext-americas-cambia-nome\\\/\",\"url\":\"https:\\\/\\\/transportjournal.com\\\/it\\\/2026\\\/03\\\/13\\\/mitsubishi-logisnext-americas-cambia-nome\\\/\",\"name\":\"Mitsubishi Logisnext Americas cambia nome - ITJ | International Transport Journal\",\"isPartOf\":{\"@id\":\"https:\\\/\\\/transportjournal.com\\\/it\\\/#website\"},\"primaryImageOfPage\":{\"@id\":\"https:\\\/\\\/transportjournal.com\\\/it\\\/2026\\\/03\\\/13\\\/mitsubishi-logisnext-americas-cambia-nome\\\/#primaryimage\"},\"image\":{\"@id\":\"https:\\\/\\\/transportjournal.com\\\/it\\\/2026\\\/03\\\/13\\\/mitsubishi-logisnext-americas-cambia-nome\\\/#primaryimage\"},\"thumbnailUrl\":\"https:\\\/\\\/transportjournal.com\\\/wp-content\\\/uploads\\\/sites\\\/2\\\/2026\\\/03\\\/Logisnext-hbj172-1050x350-1-aspect-ratio-1400-788.webp\",\"datePublished\":\"2026-03-13T10:10:27+00:00\",\"breadcrumb\":{\"@id\":\"https:\\\/\\\/transportjournal.com\\\/it\\\/2026\\\/03\\\/13\\\/mitsubishi-logisnext-americas-cambia-nome\\\/#breadcrumb\"},\"inLanguage\":\"it-IT\",\"potentialAction\":[{\"@type\":\"ReadAction\",\"target\":[\"https:\\\/\\\/transportjournal.com\\\/it\\\/2026\\\/03\\\/13\\\/mitsubishi-logisnext-americas-cambia-nome\\\/\"]}]},{\"@type\":\"ImageObject\",\"inLanguage\":\"it-IT\",\"@id\":\"https:\\\/\\\/transportjournal.com\\\/it\\\/2026\\\/03\\\/13\\\/mitsubishi-logisnext-americas-cambia-nome\\\/#primaryimage\",\"url\":\"https:\\\/\\\/transportjournal.com\\\/wp-content\\\/uploads\\\/sites\\\/2\\\/2026\\\/03\\\/Logisnext-hbj172-1050x350-1-aspect-ratio-1400-788.webp\",\"contentUrl\":\"https:\\\/\\\/transportjournal.com\\\/wp-content\\\/uploads\\\/sites\\\/2\\\/2026\\\/03\\\/Logisnext-hbj172-1050x350-1-aspect-ratio-1400-788.webp\",\"width\":705,\"height\":397},{\"@type\":\"BreadcrumbList\",\"@id\":\"https:\\\/\\\/transportjournal.com\\\/it\\\/2026\\\/03\\\/13\\\/mitsubishi-logisnext-americas-cambia-nome\\\/#breadcrumb\",\"itemListElement\":[{\"@type\":\"ListItem\",\"position\":1,\"name\":\"Startseite\",\"item\":\"https:\\\/\\\/transportjournal.com\\\/it\\\/\"},{\"@type\":\"ListItem\",\"position\":2,\"name\":\"Mitsubishi Logisnext Americas cambia nome\"}]},{\"@type\":\"WebSite\",\"@id\":\"https:\\\/\\\/transportjournal.com\\\/it\\\/#website\",\"url\":\"https:\\\/\\\/transportjournal.com\\\/it\\\/\",\"name\":\"ITJ | International Transport Journal\",\"description\":\"Stay informed with the latest global news from the transport, logistics, and supply chain industries. Transport Journal delivers expert insights, analysis, and updates across shipping, aviation, intermodal, and forwarding.\",\"publisher\":{\"@id\":\"https:\\\/\\\/transportjournal.com\\\/it\\\/#organization\"},\"potentialAction\":[{\"@type\":\"SearchAction\",\"target\":{\"@type\":\"EntryPoint\",\"urlTemplate\":\"https:\\\/\\\/transportjournal.com\\\/it\\\/?s={search_term_string}\"},\"query-input\":{\"@type\":\"PropertyValueSpecification\",\"valueRequired\":true,\"valueName\":\"search_term_string\"}}],\"inLanguage\":\"it-IT\"},{\"@type\":\"Organization\",\"@id\":\"https:\\\/\\\/transportjournal.com\\\/it\\\/#organization\",\"name\":\"Logismedia Group AG\",\"alternateName\":\"Logismedia Group AG\",\"url\":\"https:\\\/\\\/transportjournal.com\\\/it\\\/\",\"logo\":{\"@type\":\"ImageObject\",\"inLanguage\":\"it-IT\",\"@id\":\"https:\\\/\\\/transportjournal.com\\\/it\\\/#\\\/schema\\\/logo\\\/image\\\/\",\"url\":\"https:\\\/\\\/transportjournal.com\\\/wp-content\\\/uploads\\\/sites\\\/2\\\/2025\\\/09\\\/Logo_ITJ.png\",\"contentUrl\":\"https:\\\/\\\/transportjournal.com\\\/wp-content\\\/uploads\\\/sites\\\/2\\\/2025\\\/09\\\/Logo_ITJ.png\",\"width\":799,\"height\":326,\"caption\":\"Logismedia Group AG\"},\"image\":{\"@id\":\"https:\\\/\\\/transportjournal.com\\\/it\\\/#\\\/schema\\\/logo\\\/image\\\/\"},\"sameAs\":[\"https:\\\/\\\/www.linkedin.com\\\/company\\\/56456496\\\/admin\\\/dashboard\\\/\",\"https:\\\/\\\/www.instagram.com\\\/logismediagroup\\\/\",\"https:\\\/\\\/www.youtube.com\\\/@LogiamediaGroupAG\"]},{\"@type\":\"Person\",\"@id\":\"https:\\\/\\\/transportjournal.com\\\/it\\\/#\\\/schema\\\/person\\\/cf538b3157f15afd7589245a4b3dbd25\",\"name\":\"Andreas Haug\",\"url\":\"https:\\\/\\\/transportjournal.com\\\/it\\\/author\\\/andreas\\\/\"}]}<\/script>\n<!-- \/ Yoast SEO plugin. -->","yoast_head_json":{"title":"Mitsubishi Logisnext Americas cambia nome - ITJ | International Transport Journal","robots":{"index":"index","follow":"follow","max-snippet":"max-snippet:-1","max-image-preview":"max-image-preview:large","max-video-preview":"max-video-preview:-1"},"canonical":"https:\/\/transportjournal.com\/it\/2026\/03\/13\/mitsubishi-logisnext-americas-cambia-nome\/","og_locale":"it_IT","og_type":"article","og_title":"Mitsubishi Logisnext Americas cambia nome - ITJ | International Transport Journal","og_description":"Mitsubishi Logisnext Americas sar\u00e0 rinominata il 30 aprile 2026 per promuovere una visione unificata per la movimentazione dei materiali sotto il motto \"Logisnext Vision 2035\".","og_url":"https:\/\/transportjournal.com\/it\/2026\/03\/13\/mitsubishi-logisnext-americas-cambia-nome\/","og_site_name":"ITJ | International Transport Journal","article_published_time":"2026-03-13T10:10:27+00:00","og_image":[{"width":705,"height":397,"url":"https:\/\/transportjournal.com\/wp-content\/uploads\/sites\/2\/2026\/03\/Logisnext-hbj172-1050x350-1-aspect-ratio-1400-788.webp","type":"image\/webp"}],"author":"Andreas Haug","twitter_card":"summary_large_image","twitter_misc":{"Scritto da":"Andreas Haug","Tempo di lettura stimato":"1 minuto"},"schema":{"@context":"https:\/\/schema.org","@graph":[{"@type":"Article","@id":"https:\/\/transportjournal.com\/it\/2026\/03\/13\/mitsubishi-logisnext-americas-cambia-nome\/#article","isPartOf":{"@id":"https:\/\/transportjournal.com\/it\/2026\/03\/13\/mitsubishi-logisnext-americas-cambia-nome\/"},"author":{"name":"Andreas Haug","@id":"https:\/\/transportjournal.com\/it\/#\/schema\/person\/cf538b3157f15afd7589245a4b3dbd25"},"headline":"Mitsubishi Logisnext Americas cambia nome","datePublished":"2026-03-13T10:10:27+00:00","mainEntityOfPage":{"@id":"https:\/\/transportjournal.com\/it\/2026\/03\/13\/mitsubishi-logisnext-americas-cambia-nome\/"},"wordCount":286,"commentCount":0,"publisher":{"@id":"https:\/\/transportjournal.com\/it\/#organization"},"image":{"@id":"https:\/\/transportjournal.com\/it\/2026\/03\/13\/mitsubishi-logisnext-americas-cambia-nome\/#primaryimage"},"thumbnailUrl":"https:\/\/transportjournal.com\/wp-content\/uploads\/sites\/2\/2026\/03\/Logisnext-hbj172-1050x350-1-aspect-ratio-1400-788.webp","keywords":["automation","automatisation","Automatisierung","changement de nom","chariots \u00e9l\u00e9vateurs","croissance durable","customer service","Deutsch Mitsubishi Logisnext","Digitalisierung","digitalization","Fachkr\u00e4ftemangel","fiabilit\u00e9","fleet support","Flottenunterst\u00fctzung","forklifts","Gabelstapler","gamme de produits","global performance standards","globale Leistungsstandards","Houston Texas","industrie du transport","infrastructure","Infrastruktur","Japan Industrial Partners","Kundenservice","Logisnext Americas","Logisnext Vision 2035","logistics service providers","Logistikdienstleister","manutention de mat\u00e9riel","material handling","Materialhandhabung","nachhaltiges Wachstum","normes de performance mondiales","num\u00e9risation","p\u00e9nurie de comp\u00e9tences","prestataires de services logistiques","product line","Produktlinie","rebranding","reliability","service client","skills shortage","Stabilit\u00e4t","stabilit\u00e9","stability","support de flotte","sustainable growth","transport industry Fran\u00e7ais Mitsubishi Logisnext","Transportwirtschaft English Mitsubishi Logisnext","Umbenennung","Zuverl\u00e4ssigkeit"],"articleSection":["Intralogistica","Persone e aziende"],"inLanguage":"it-IT","potentialAction":[{"@type":"CommentAction","name":"Comment","target":["https:\/\/transportjournal.com\/it\/2026\/03\/13\/mitsubishi-logisnext-americas-cambia-nome\/#respond"]}]},{"@type":"WebPage","@id":"https:\/\/transportjournal.com\/it\/2026\/03\/13\/mitsubishi-logisnext-americas-cambia-nome\/","url":"https:\/\/transportjournal.com\/it\/2026\/03\/13\/mitsubishi-logisnext-americas-cambia-nome\/","name":"Mitsubishi Logisnext Americas cambia nome - ITJ | International Transport Journal","isPartOf":{"@id":"https:\/\/transportjournal.com\/it\/#website"},"primaryImageOfPage":{"@id":"https:\/\/transportjournal.com\/it\/2026\/03\/13\/mitsubishi-logisnext-americas-cambia-nome\/#primaryimage"},"image":{"@id":"https:\/\/transportjournal.com\/it\/2026\/03\/13\/mitsubishi-logisnext-americas-cambia-nome\/#primaryimage"},"thumbnailUrl":"https:\/\/transportjournal.com\/wp-content\/uploads\/sites\/2\/2026\/03\/Logisnext-hbj172-1050x350-1-aspect-ratio-1400-788.webp","datePublished":"2026-03-13T10:10:27+00:00","breadcrumb":{"@id":"https:\/\/transportjournal.com\/it\/2026\/03\/13\/mitsubishi-logisnext-americas-cambia-nome\/#breadcrumb"},"inLanguage":"it-IT","potentialAction":[{"@type":"ReadAction","target":["https:\/\/transportjournal.com\/it\/2026\/03\/13\/mitsubishi-logisnext-americas-cambia-nome\/"]}]},{"@type":"ImageObject","inLanguage":"it-IT","@id":"https:\/\/transportjournal.com\/it\/2026\/03\/13\/mitsubishi-logisnext-americas-cambia-nome\/#primaryimage","url":"https:\/\/transportjournal.com\/wp-content\/uploads\/sites\/2\/2026\/03\/Logisnext-hbj172-1050x350-1-aspect-ratio-1400-788.webp","contentUrl":"https:\/\/transportjournal.com\/wp-content\/uploads\/sites\/2\/2026\/03\/Logisnext-hbj172-1050x350-1-aspect-ratio-1400-788.webp","width":705,"height":397},{"@type":"BreadcrumbList","@id":"https:\/\/transportjournal.com\/it\/2026\/03\/13\/mitsubishi-logisnext-americas-cambia-nome\/#breadcrumb","itemListElement":[{"@type":"ListItem","position":1,"name":"Startseite","item":"https:\/\/transportjournal.com\/it\/"},{"@type":"ListItem","position":2,"name":"Mitsubishi Logisnext Americas cambia nome"}]},{"@type":"WebSite","@id":"https:\/\/transportjournal.com\/it\/#website","url":"https:\/\/transportjournal.com\/it\/","name":"ITJ | International Transport Journal","description":"Stay informed with the latest global news from the transport, logistics, and supply chain industries. Transport Journal delivers expert insights, analysis, and updates across shipping, aviation, intermodal, and forwarding.","publisher":{"@id":"https:\/\/transportjournal.com\/it\/#organization"},"potentialAction":[{"@type":"SearchAction","target":{"@type":"EntryPoint","urlTemplate":"https:\/\/transportjournal.com\/it\/?s={search_term_string}"},"query-input":{"@type":"PropertyValueSpecification","valueRequired":true,"valueName":"search_term_string"}}],"inLanguage":"it-IT"},{"@type":"Organization","@id":"https:\/\/transportjournal.com\/it\/#organization","name":"Logismedia Group AG","alternateName":"Logismedia Group AG","url":"https:\/\/transportjournal.com\/it\/","logo":{"@type":"ImageObject","inLanguage":"it-IT","@id":"https:\/\/transportjournal.com\/it\/#\/schema\/logo\/image\/","url":"https:\/\/transportjournal.com\/wp-content\/uploads\/sites\/2\/2025\/09\/Logo_ITJ.png","contentUrl":"https:\/\/transportjournal.com\/wp-content\/uploads\/sites\/2\/2025\/09\/Logo_ITJ.png","width":799,"height":326,"caption":"Logismedia Group AG"},"image":{"@id":"https:\/\/transportjournal.com\/it\/#\/schema\/logo\/image\/"},"sameAs":["https:\/\/www.linkedin.com\/company\/56456496\/admin\/dashboard\/","https:\/\/www.instagram.com\/logismediagroup\/","https:\/\/www.youtube.com\/@LogiamediaGroupAG"]},{"@type":"Person","@id":"https:\/\/transportjournal.com\/it\/#\/schema\/person\/cf538b3157f15afd7589245a4b3dbd25","name":"Andreas Haug","url":"https:\/\/transportjournal.com\/it\/author\/andreas\/"}]}},"_links":{"self":[{"href":"https:\/\/transportjournal.com\/it\/wp-json\/wp\/v2\/posts\/80744","targetHints":{"allow":["GET"]}}],"collection":[{"href":"https:\/\/transportjournal.com\/it\/wp-json\/wp\/v2\/posts"}],"about":[{"href":"https:\/\/transportjournal.com\/it\/wp-json\/wp\/v2\/types\/post"}],"author":[{"embeddable":true,"href":"https:\/\/transportjournal.com\/it\/wp-json\/wp\/v2\/users\/12"}],"replies":[{"embeddable":true,"href":"https:\/\/transportjournal.com\/it\/wp-json\/wp\/v2\/comments?post=80744"}],"version-history":[{"count":0,"href":"https:\/\/transportjournal.com\/it\/wp-json\/wp\/v2\/posts\/80744\/revisions"}],"wp:featuredmedia":[{"embeddable":true,"href":"https:\/\/transportjournal.com\/it\/wp-json\/wp\/v2\/media\/80740"}],"wp:attachment":[{"href":"https:\/\/transportjournal.com\/it\/wp-json\/wp\/v2\/media?parent=80744"}],"wp:term":[{"taxonomy":"category","embeddable":true,"href":"https:\/\/transportjournal.com\/it\/wp-json\/wp\/v2\/categories?post=80744"},{"taxonomy":"post_tag","embeddable":true,"href":"https:\/\/transportjournal.com\/it\/wp-json\/wp\/v2\/tags?post=80744"}],"curies":[{"name":"wp","href":"https:\/\/api.w.org\/{rel}","templated":true}]}}