{"id":80697,"date":"2026-03-13T08:09:49","date_gmt":"2026-03-13T08:09:49","guid":{"rendered":"https:\/\/transportjournal.com\/2026\/03\/13\/il-fondatore-di-amerijet-e-scomparso\/"},"modified":"2026-03-13T08:09:49","modified_gmt":"2026-03-13T08:09:49","slug":"il-fondatore-di-amerijet-e-scomparso","status":"publish","type":"post","link":"https:\/\/transportjournal.com\/it\/2026\/03\/13\/il-fondatore-di-amerijet-e-scomparso\/","title":{"rendered":"Il fondatore di Amerijet \u00e8 scomparso"},"content":{"rendered":"<p>David Bassett, il fondatore di Amerijet International Airlines con sede a Miami, \u00e8 deceduto. Bassett, che ha fondato l&#8217;azienda nel 1974, l&#8217;ha guidata per oltre quattro decenni, trasformandola da un piccolo servizio di taxi aereo a una significativa compagnia aerea cargo internazionale che serve i mercati dei Caraibi, nonch\u00e9 dell&#8217;America Centrale e Meridionale.<\/p>\n<p>Nei primi anni, Bassett non era solo il fondatore, ma anche il pilota che pilotava gli aerei e costruiva l&#8217;azienda volo dopo volo. Grazie alla sua visione e determinazione, ha creato un&#8217;azienda riconosciuta come un nome di fiducia negli Stati Uniti e nelle Americhe. La sua passione per l&#8217;aviazione \u00e8 iniziata nella sua giovinezza in Guyana, dove la sua famiglia lavorava come missionari. L\u00ec ha imparato a volare e ha aiutato a riparare aerei su piste isolate.<\/p>\n<p>Dopo il suo periodo nella US Air Force, Bassett \u00e8 tornato nel sud della Florida per perseguire le sue ambizioni imprenditoriali nel settore dell&#8217;aviazione. Negli anni &#8217;70, quando Amerijet \u00e8 stata fondata, la maggior parte delle merci veniva ancora trasportata nei compartimenti cargo degli aerei passeggeri. Bassett ha riconosciuto precocemente la necessit\u00e0 di un servizio cargo affidabile e ha costruito Amerijet per servire mercati regionali specializzati.<\/p>\n<p>Ci\u00f2 che \u00e8 iniziato come Professional Charter Services si \u00e8 rapidamente evoluto sotto la guida di Bassett. Nel 1976, l&#8217;azienda si \u00e8 trasformata in un fornitore esclusivamente cargo, supportando la crescita dei servizi di corriere notturno. Alla fine degli anni &#8217;70 e all&#8217;inizio degli anni &#8217;80, Amerijet ha ampliato le sue operazioni e ha iniziato a stipulare contratti con grandi aziende di corriere come Purolator, FedEx, UPS, DHL e Airborne Express.<\/p>\n<p>Nel 1982, Bassett ha acquisito il controllo completo dell&#8217;azienda, che ha continuato a espandere la sua flotta e le sue capacit\u00e0 logistiche. Nel 1987 \u00e8 stata stabilita la sede principale presso l&#8217;Aeroporto Internazionale di Miami, da dove Amerijet ha costruito una solida rete di cargo che collega i Caraibi, il Messico, l&#8217;America Centrale e Meridionale.<\/p>\n<p>Lo stile di leadership di Bassett era caratterizzato da mentorship e creazione di opportunit\u00e0. Ha investito nei suoi dipendenti e ha promosso il loro sviluppo professionale. Molti di coloro che sono entrati in Amerijet all&#8217;inizio della loro carriera sono riusciti a costruire carriere a lungo termine sotto la sua guida. Insieme a sua moglie Kandee, ha creato una cultura aziendale caratterizzata da lealt\u00e0, rispetto e un genuino interesse per i dipendenti.<\/p>\n<p>I contributi di Bassett all&#8217;aviazione sono stati riconosciuti pi\u00f9 volte. Nel 2013 ha ricevuto il Wright Brothers Memorial Award per i suoi contributi nel corso della vita alla sicurezza nell&#8217;aviazione commerciale. In precedenza, nel 2007, era stato premiato con il Juan Trippe Award, che riconosceva i suoi significativi contributi allo sviluppo dell&#8217;aviazione internazionale.<\/p>\n<p>&nbsp;<\/p>\n<p><a href=\"https:\/\/amerijet.com\/\" target=\"_blank\" rel=\"noopener noreferrer\">www.amerijet.com<\/a><\/p>\n<p>&nbsp;<\/p>\n","protected":false},"excerpt":{"rendered":"<p>David Bassett, fondatore di Amerijet International Airlines, \u00e8 scomparso e lascia un&#8217;eredit\u00e0 significativa nell&#8217;aviazione.<\/p>\n","protected":false},"author":12,"featured_media":80693,"comment_status":"open","ping_status":"","sticky":false,"template":"","format":"standard","meta":{"_acf_changed":false,"footnotes":""},"categories":[1627,1630],"tags":[6016,26648,11219,26649,4363,26650,23810,13850,9819,13851,4376,9822,26651,26652,26653,23812,1996,26654,9832,26655,26656,2125,26657,26658,26659,13865,26660,2131,2134,2136,26661,4387,26662,26663,26664,26665,6034,26666,23823,26667,26668,26669,11241,11243,2155,1837,26670,26671],"class_list":["post-80697","post","type-post","status-publish","format-standard","has-post-thumbnail","hentry","category-persone-e-aziende","category-trasporto-aereo","tag-aeroport-international-de-miami","tag-air-taxi-service","tag-amerique-du-sud","tag-aviation","tag-aviation-community","tag-aviation-pioneer","tag-berufliche-entwicklung","tag-caraibes","tag-cargo-airline","tag-caribbean","tag-communaute-aeronautique","tag-compagnie-aerienne-de-fret","tag-courier-services","tag-david-bassett","tag-deutsch-amerijet","tag-developpement-professionnel","tag-dhl","tag-fedex","tag-frachtfluggesellschaft","tag-frachtservice","tag-freight-service","tag-industrie-du-transport","tag-juan-trippe-award","tag-juan-trippe-award-english-amerijet","tag-juan-trippe-award-francais-amerijet","tag-karibik","tag-kurierdienste","tag-logistics","tag-logistik","tag-logistique","tag-luftfahrt","tag-luftfahrtgemeinschaft","tag-luftfahrtpionier","tag-lufttaxi-betrieb","tag-mentorat","tag-mentorship","tag-miami-international-airport","tag-pionnier-de-laviation","tag-professional-development","tag-service-de-fret","tag-service-de-taxi-aerien","tag-services-de-messagerie","tag-south-america","tag-suedamerika","tag-transport-industry","tag-transportwirtschaft","tag-ups","tag-wright-brothers-memorial-award"],"acf":[],"yoast_head":"<!-- This site is optimized with the Yoast SEO plugin v27.3 - https:\/\/yoast.com\/product\/yoast-seo-wordpress\/ -->\n<title>Il fondatore di Amerijet \u00e8 scomparso - ITJ | International Transport Journal<\/title>\n<meta name=\"robots\" content=\"index, follow, max-snippet:-1, max-image-preview:large, max-video-preview:-1\" \/>\n<link rel=\"canonical\" href=\"https:\/\/transportjournal.com\/it\/2026\/03\/13\/il-fondatore-di-amerijet-e-scomparso\/\" \/>\n<meta property=\"og:locale\" content=\"it_IT\" \/>\n<meta property=\"og:type\" content=\"article\" \/>\n<meta property=\"og:title\" content=\"Il fondatore di Amerijet \u00e8 scomparso - ITJ | International Transport Journal\" \/>\n<meta property=\"og:description\" content=\"David Bassett, fondatore di Amerijet International Airlines, \u00e8 scomparso e lascia un&#039;eredit\u00e0 significativa nell&#039;aviazione.\" \/>\n<meta property=\"og:url\" content=\"https:\/\/transportjournal.com\/it\/2026\/03\/13\/il-fondatore-di-amerijet-e-scomparso\/\" \/>\n<meta property=\"og:site_name\" content=\"ITJ | International Transport Journal\" \/>\n<meta property=\"article:published_time\" content=\"2026-03-13T08:09:49+00:00\" \/>\n<meta property=\"og:image\" content=\"https:\/\/transportjournal.com\/wp-content\/uploads\/sites\/2\/2026\/03\/Amerijet-dave-aspect-ratio-1400-788.webp\" \/>\n\t<meta property=\"og:image:width\" content=\"889\" \/>\n\t<meta property=\"og:image:height\" content=\"500\" \/>\n\t<meta property=\"og:image:type\" content=\"image\/webp\" \/>\n<meta name=\"author\" content=\"Andreas Haug\" \/>\n<meta name=\"twitter:card\" content=\"summary_large_image\" \/>\n<meta name=\"twitter:label1\" content=\"Scritto da\" \/>\n\t<meta name=\"twitter:data1\" content=\"Andreas Haug\" \/>\n\t<meta name=\"twitter:label2\" content=\"Tempo di lettura stimato\" \/>\n\t<meta name=\"twitter:data2\" content=\"2 minuto\" \/>\n<script type=\"application\/ld+json\" class=\"yoast-schema-graph\">{\"@context\":\"https:\\\/\\\/schema.org\",\"@graph\":[{\"@type\":\"Article\",\"@id\":\"https:\\\/\\\/transportjournal.com\\\/it\\\/2026\\\/03\\\/13\\\/il-fondatore-di-amerijet-e-scomparso\\\/#article\",\"isPartOf\":{\"@id\":\"https:\\\/\\\/transportjournal.com\\\/it\\\/2026\\\/03\\\/13\\\/il-fondatore-di-amerijet-e-scomparso\\\/\"},\"author\":{\"name\":\"Andreas Haug\",\"@id\":\"https:\\\/\\\/transportjournal.com\\\/it\\\/#\\\/schema\\\/person\\\/cf538b3157f15afd7589245a4b3dbd25\"},\"headline\":\"Il fondatore di Amerijet \u00e8 scomparso\",\"datePublished\":\"2026-03-13T08:09:49+00:00\",\"mainEntityOfPage\":{\"@id\":\"https:\\\/\\\/transportjournal.com\\\/it\\\/2026\\\/03\\\/13\\\/il-fondatore-di-amerijet-e-scomparso\\\/\"},\"wordCount\":455,\"commentCount\":0,\"publisher\":{\"@id\":\"https:\\\/\\\/transportjournal.com\\\/it\\\/#organization\"},\"image\":{\"@id\":\"https:\\\/\\\/transportjournal.com\\\/it\\\/2026\\\/03\\\/13\\\/il-fondatore-di-amerijet-e-scomparso\\\/#primaryimage\"},\"thumbnailUrl\":\"https:\\\/\\\/transportjournal.com\\\/wp-content\\\/uploads\\\/sites\\\/2\\\/2026\\\/03\\\/Amerijet-dave-aspect-ratio-1400-788.webp\",\"keywords\":[\"a\u00e9roport international de Miami\",\"air taxi service\",\"Am\u00e9rique du Sud\",\"aviation\",\"aviation community\",\"aviation pioneer\",\"berufliche Entwicklung\",\"Cara\u00efbes\",\"cargo airline\",\"Caribbean\",\"communaut\u00e9 a\u00e9ronautique\",\"compagnie a\u00e9rienne de fret\",\"courier services\",\"David Bassett\",\"Deutsch Amerijet\",\"d\u00e9veloppement professionnel\",\"DHL\",\"FedEx\",\"Frachtfluggesellschaft\",\"Frachtservice\",\"freight service\",\"industrie du transport\",\"Juan Trippe Award\",\"Juan Trippe Award English Amerijet\",\"Juan Trippe Award Fran\u00e7ais Amerijet\",\"Karibik\",\"Kurierdienste\",\"logistics\",\"Logistik\",\"logistique\",\"Luftfahrt\",\"Luftfahrtgemeinschaft\",\"Luftfahrtpionier\",\"Lufttaxi-Betrieb\",\"mentorat\",\"Mentorship\",\"Miami International Airport\",\"pionnier de l'aviation\",\"professional development\",\"service de fret\",\"service de taxi a\u00e9rien\",\"services de messagerie\",\"South America\",\"S\u00fcdamerika\",\"transport industry\",\"Transportwirtschaft\",\"UPS\",\"Wright Brothers Memorial Award\"],\"articleSection\":[\"Persone e aziende\",\"Trasporto aereo\"],\"inLanguage\":\"it-IT\",\"potentialAction\":[{\"@type\":\"CommentAction\",\"name\":\"Comment\",\"target\":[\"https:\\\/\\\/transportjournal.com\\\/it\\\/2026\\\/03\\\/13\\\/il-fondatore-di-amerijet-e-scomparso\\\/#respond\"]}]},{\"@type\":\"WebPage\",\"@id\":\"https:\\\/\\\/transportjournal.com\\\/it\\\/2026\\\/03\\\/13\\\/il-fondatore-di-amerijet-e-scomparso\\\/\",\"url\":\"https:\\\/\\\/transportjournal.com\\\/it\\\/2026\\\/03\\\/13\\\/il-fondatore-di-amerijet-e-scomparso\\\/\",\"name\":\"Il fondatore di Amerijet \u00e8 scomparso - ITJ | International Transport Journal\",\"isPartOf\":{\"@id\":\"https:\\\/\\\/transportjournal.com\\\/it\\\/#website\"},\"primaryImageOfPage\":{\"@id\":\"https:\\\/\\\/transportjournal.com\\\/it\\\/2026\\\/03\\\/13\\\/il-fondatore-di-amerijet-e-scomparso\\\/#primaryimage\"},\"image\":{\"@id\":\"https:\\\/\\\/transportjournal.com\\\/it\\\/2026\\\/03\\\/13\\\/il-fondatore-di-amerijet-e-scomparso\\\/#primaryimage\"},\"thumbnailUrl\":\"https:\\\/\\\/transportjournal.com\\\/wp-content\\\/uploads\\\/sites\\\/2\\\/2026\\\/03\\\/Amerijet-dave-aspect-ratio-1400-788.webp\",\"datePublished\":\"2026-03-13T08:09:49+00:00\",\"breadcrumb\":{\"@id\":\"https:\\\/\\\/transportjournal.com\\\/it\\\/2026\\\/03\\\/13\\\/il-fondatore-di-amerijet-e-scomparso\\\/#breadcrumb\"},\"inLanguage\":\"it-IT\",\"potentialAction\":[{\"@type\":\"ReadAction\",\"target\":[\"https:\\\/\\\/transportjournal.com\\\/it\\\/2026\\\/03\\\/13\\\/il-fondatore-di-amerijet-e-scomparso\\\/\"]}]},{\"@type\":\"ImageObject\",\"inLanguage\":\"it-IT\",\"@id\":\"https:\\\/\\\/transportjournal.com\\\/it\\\/2026\\\/03\\\/13\\\/il-fondatore-di-amerijet-e-scomparso\\\/#primaryimage\",\"url\":\"https:\\\/\\\/transportjournal.com\\\/wp-content\\\/uploads\\\/sites\\\/2\\\/2026\\\/03\\\/Amerijet-dave-aspect-ratio-1400-788.webp\",\"contentUrl\":\"https:\\\/\\\/transportjournal.com\\\/wp-content\\\/uploads\\\/sites\\\/2\\\/2026\\\/03\\\/Amerijet-dave-aspect-ratio-1400-788.webp\",\"width\":889,\"height\":500},{\"@type\":\"BreadcrumbList\",\"@id\":\"https:\\\/\\\/transportjournal.com\\\/it\\\/2026\\\/03\\\/13\\\/il-fondatore-di-amerijet-e-scomparso\\\/#breadcrumb\",\"itemListElement\":[{\"@type\":\"ListItem\",\"position\":1,\"name\":\"Startseite\",\"item\":\"https:\\\/\\\/transportjournal.com\\\/it\\\/\"},{\"@type\":\"ListItem\",\"position\":2,\"name\":\"Il fondatore di Amerijet \u00e8 scomparso\"}]},{\"@type\":\"WebSite\",\"@id\":\"https:\\\/\\\/transportjournal.com\\\/it\\\/#website\",\"url\":\"https:\\\/\\\/transportjournal.com\\\/it\\\/\",\"name\":\"ITJ | International Transport Journal\",\"description\":\"Stay informed with the latest global news from the transport, logistics, and supply chain industries. Transport Journal delivers expert insights, analysis, and updates across shipping, aviation, intermodal, and forwarding.\",\"publisher\":{\"@id\":\"https:\\\/\\\/transportjournal.com\\\/it\\\/#organization\"},\"potentialAction\":[{\"@type\":\"SearchAction\",\"target\":{\"@type\":\"EntryPoint\",\"urlTemplate\":\"https:\\\/\\\/transportjournal.com\\\/it\\\/?s={search_term_string}\"},\"query-input\":{\"@type\":\"PropertyValueSpecification\",\"valueRequired\":true,\"valueName\":\"search_term_string\"}}],\"inLanguage\":\"it-IT\"},{\"@type\":\"Organization\",\"@id\":\"https:\\\/\\\/transportjournal.com\\\/it\\\/#organization\",\"name\":\"Logismedia Group AG\",\"alternateName\":\"Logismedia Group AG\",\"url\":\"https:\\\/\\\/transportjournal.com\\\/it\\\/\",\"logo\":{\"@type\":\"ImageObject\",\"inLanguage\":\"it-IT\",\"@id\":\"https:\\\/\\\/transportjournal.com\\\/it\\\/#\\\/schema\\\/logo\\\/image\\\/\",\"url\":\"https:\\\/\\\/transportjournal.com\\\/wp-content\\\/uploads\\\/sites\\\/2\\\/2025\\\/09\\\/Logo_ITJ.png\",\"contentUrl\":\"https:\\\/\\\/transportjournal.com\\\/wp-content\\\/uploads\\\/sites\\\/2\\\/2025\\\/09\\\/Logo_ITJ.png\",\"width\":799,\"height\":326,\"caption\":\"Logismedia Group AG\"},\"image\":{\"@id\":\"https:\\\/\\\/transportjournal.com\\\/it\\\/#\\\/schema\\\/logo\\\/image\\\/\"},\"sameAs\":[\"https:\\\/\\\/www.linkedin.com\\\/company\\\/56456496\\\/admin\\\/dashboard\\\/\",\"https:\\\/\\\/www.instagram.com\\\/logismediagroup\\\/\",\"https:\\\/\\\/www.youtube.com\\\/@LogiamediaGroupAG\"]},{\"@type\":\"Person\",\"@id\":\"https:\\\/\\\/transportjournal.com\\\/it\\\/#\\\/schema\\\/person\\\/cf538b3157f15afd7589245a4b3dbd25\",\"name\":\"Andreas Haug\",\"url\":\"https:\\\/\\\/transportjournal.com\\\/it\\\/author\\\/andreas\\\/\"}]}<\/script>\n<!-- \/ Yoast SEO plugin. -->","yoast_head_json":{"title":"Il fondatore di Amerijet \u00e8 scomparso - ITJ | International Transport Journal","robots":{"index":"index","follow":"follow","max-snippet":"max-snippet:-1","max-image-preview":"max-image-preview:large","max-video-preview":"max-video-preview:-1"},"canonical":"https:\/\/transportjournal.com\/it\/2026\/03\/13\/il-fondatore-di-amerijet-e-scomparso\/","og_locale":"it_IT","og_type":"article","og_title":"Il fondatore di Amerijet \u00e8 scomparso - ITJ | International Transport Journal","og_description":"David Bassett, fondatore di Amerijet International Airlines, \u00e8 scomparso e lascia un'eredit\u00e0 significativa nell'aviazione.","og_url":"https:\/\/transportjournal.com\/it\/2026\/03\/13\/il-fondatore-di-amerijet-e-scomparso\/","og_site_name":"ITJ | International Transport Journal","article_published_time":"2026-03-13T08:09:49+00:00","og_image":[{"width":889,"height":500,"url":"https:\/\/transportjournal.com\/wp-content\/uploads\/sites\/2\/2026\/03\/Amerijet-dave-aspect-ratio-1400-788.webp","type":"image\/webp"}],"author":"Andreas Haug","twitter_card":"summary_large_image","twitter_misc":{"Scritto da":"Andreas Haug","Tempo di lettura stimato":"2 minuto"},"schema":{"@context":"https:\/\/schema.org","@graph":[{"@type":"Article","@id":"https:\/\/transportjournal.com\/it\/2026\/03\/13\/il-fondatore-di-amerijet-e-scomparso\/#article","isPartOf":{"@id":"https:\/\/transportjournal.com\/it\/2026\/03\/13\/il-fondatore-di-amerijet-e-scomparso\/"},"author":{"name":"Andreas Haug","@id":"https:\/\/transportjournal.com\/it\/#\/schema\/person\/cf538b3157f15afd7589245a4b3dbd25"},"headline":"Il fondatore di Amerijet \u00e8 scomparso","datePublished":"2026-03-13T08:09:49+00:00","mainEntityOfPage":{"@id":"https:\/\/transportjournal.com\/it\/2026\/03\/13\/il-fondatore-di-amerijet-e-scomparso\/"},"wordCount":455,"commentCount":0,"publisher":{"@id":"https:\/\/transportjournal.com\/it\/#organization"},"image":{"@id":"https:\/\/transportjournal.com\/it\/2026\/03\/13\/il-fondatore-di-amerijet-e-scomparso\/#primaryimage"},"thumbnailUrl":"https:\/\/transportjournal.com\/wp-content\/uploads\/sites\/2\/2026\/03\/Amerijet-dave-aspect-ratio-1400-788.webp","keywords":["a\u00e9roport international de Miami","air taxi service","Am\u00e9rique du Sud","aviation","aviation community","aviation pioneer","berufliche Entwicklung","Cara\u00efbes","cargo airline","Caribbean","communaut\u00e9 a\u00e9ronautique","compagnie a\u00e9rienne de fret","courier services","David Bassett","Deutsch Amerijet","d\u00e9veloppement professionnel","DHL","FedEx","Frachtfluggesellschaft","Frachtservice","freight service","industrie du transport","Juan Trippe Award","Juan Trippe Award English Amerijet","Juan Trippe Award Fran\u00e7ais Amerijet","Karibik","Kurierdienste","logistics","Logistik","logistique","Luftfahrt","Luftfahrtgemeinschaft","Luftfahrtpionier","Lufttaxi-Betrieb","mentorat","Mentorship","Miami International Airport","pionnier de l'aviation","professional development","service de fret","service de taxi a\u00e9rien","services de messagerie","South America","S\u00fcdamerika","transport industry","Transportwirtschaft","UPS","Wright Brothers Memorial Award"],"articleSection":["Persone e aziende","Trasporto aereo"],"inLanguage":"it-IT","potentialAction":[{"@type":"CommentAction","name":"Comment","target":["https:\/\/transportjournal.com\/it\/2026\/03\/13\/il-fondatore-di-amerijet-e-scomparso\/#respond"]}]},{"@type":"WebPage","@id":"https:\/\/transportjournal.com\/it\/2026\/03\/13\/il-fondatore-di-amerijet-e-scomparso\/","url":"https:\/\/transportjournal.com\/it\/2026\/03\/13\/il-fondatore-di-amerijet-e-scomparso\/","name":"Il fondatore di Amerijet \u00e8 scomparso - ITJ | International Transport Journal","isPartOf":{"@id":"https:\/\/transportjournal.com\/it\/#website"},"primaryImageOfPage":{"@id":"https:\/\/transportjournal.com\/it\/2026\/03\/13\/il-fondatore-di-amerijet-e-scomparso\/#primaryimage"},"image":{"@id":"https:\/\/transportjournal.com\/it\/2026\/03\/13\/il-fondatore-di-amerijet-e-scomparso\/#primaryimage"},"thumbnailUrl":"https:\/\/transportjournal.com\/wp-content\/uploads\/sites\/2\/2026\/03\/Amerijet-dave-aspect-ratio-1400-788.webp","datePublished":"2026-03-13T08:09:49+00:00","breadcrumb":{"@id":"https:\/\/transportjournal.com\/it\/2026\/03\/13\/il-fondatore-di-amerijet-e-scomparso\/#breadcrumb"},"inLanguage":"it-IT","potentialAction":[{"@type":"ReadAction","target":["https:\/\/transportjournal.com\/it\/2026\/03\/13\/il-fondatore-di-amerijet-e-scomparso\/"]}]},{"@type":"ImageObject","inLanguage":"it-IT","@id":"https:\/\/transportjournal.com\/it\/2026\/03\/13\/il-fondatore-di-amerijet-e-scomparso\/#primaryimage","url":"https:\/\/transportjournal.com\/wp-content\/uploads\/sites\/2\/2026\/03\/Amerijet-dave-aspect-ratio-1400-788.webp","contentUrl":"https:\/\/transportjournal.com\/wp-content\/uploads\/sites\/2\/2026\/03\/Amerijet-dave-aspect-ratio-1400-788.webp","width":889,"height":500},{"@type":"BreadcrumbList","@id":"https:\/\/transportjournal.com\/it\/2026\/03\/13\/il-fondatore-di-amerijet-e-scomparso\/#breadcrumb","itemListElement":[{"@type":"ListItem","position":1,"name":"Startseite","item":"https:\/\/transportjournal.com\/it\/"},{"@type":"ListItem","position":2,"name":"Il fondatore di Amerijet \u00e8 scomparso"}]},{"@type":"WebSite","@id":"https:\/\/transportjournal.com\/it\/#website","url":"https:\/\/transportjournal.com\/it\/","name":"ITJ | International Transport Journal","description":"Stay informed with the latest global news from the transport, logistics, and supply chain industries. Transport Journal delivers expert insights, analysis, and updates across shipping, aviation, intermodal, and forwarding.","publisher":{"@id":"https:\/\/transportjournal.com\/it\/#organization"},"potentialAction":[{"@type":"SearchAction","target":{"@type":"EntryPoint","urlTemplate":"https:\/\/transportjournal.com\/it\/?s={search_term_string}"},"query-input":{"@type":"PropertyValueSpecification","valueRequired":true,"valueName":"search_term_string"}}],"inLanguage":"it-IT"},{"@type":"Organization","@id":"https:\/\/transportjournal.com\/it\/#organization","name":"Logismedia Group AG","alternateName":"Logismedia Group AG","url":"https:\/\/transportjournal.com\/it\/","logo":{"@type":"ImageObject","inLanguage":"it-IT","@id":"https:\/\/transportjournal.com\/it\/#\/schema\/logo\/image\/","url":"https:\/\/transportjournal.com\/wp-content\/uploads\/sites\/2\/2025\/09\/Logo_ITJ.png","contentUrl":"https:\/\/transportjournal.com\/wp-content\/uploads\/sites\/2\/2025\/09\/Logo_ITJ.png","width":799,"height":326,"caption":"Logismedia Group AG"},"image":{"@id":"https:\/\/transportjournal.com\/it\/#\/schema\/logo\/image\/"},"sameAs":["https:\/\/www.linkedin.com\/company\/56456496\/admin\/dashboard\/","https:\/\/www.instagram.com\/logismediagroup\/","https:\/\/www.youtube.com\/@LogiamediaGroupAG"]},{"@type":"Person","@id":"https:\/\/transportjournal.com\/it\/#\/schema\/person\/cf538b3157f15afd7589245a4b3dbd25","name":"Andreas Haug","url":"https:\/\/transportjournal.com\/it\/author\/andreas\/"}]}},"_links":{"self":[{"href":"https:\/\/transportjournal.com\/it\/wp-json\/wp\/v2\/posts\/80697","targetHints":{"allow":["GET"]}}],"collection":[{"href":"https:\/\/transportjournal.com\/it\/wp-json\/wp\/v2\/posts"}],"about":[{"href":"https:\/\/transportjournal.com\/it\/wp-json\/wp\/v2\/types\/post"}],"author":[{"embeddable":true,"href":"https:\/\/transportjournal.com\/it\/wp-json\/wp\/v2\/users\/12"}],"replies":[{"embeddable":true,"href":"https:\/\/transportjournal.com\/it\/wp-json\/wp\/v2\/comments?post=80697"}],"version-history":[{"count":0,"href":"https:\/\/transportjournal.com\/it\/wp-json\/wp\/v2\/posts\/80697\/revisions"}],"wp:featuredmedia":[{"embeddable":true,"href":"https:\/\/transportjournal.com\/it\/wp-json\/wp\/v2\/media\/80693"}],"wp:attachment":[{"href":"https:\/\/transportjournal.com\/it\/wp-json\/wp\/v2\/media?parent=80697"}],"wp:term":[{"taxonomy":"category","embeddable":true,"href":"https:\/\/transportjournal.com\/it\/wp-json\/wp\/v2\/categories?post=80697"},{"taxonomy":"post_tag","embeddable":true,"href":"https:\/\/transportjournal.com\/it\/wp-json\/wp\/v2\/tags?post=80697"}],"curies":[{"name":"wp","href":"https:\/\/api.w.org\/{rel}","templated":true}]}}