{"id":80657,"date":"2026-03-12T14:13:15","date_gmt":"2026-03-12T14:13:15","guid":{"rendered":"https:\/\/transportjournal.com\/2026\/03\/12\/awery-integra-lo-strumento-co2-connect-di-iata\/"},"modified":"2026-03-12T14:13:15","modified_gmt":"2026-03-12T14:13:15","slug":"awery-integra-lo-strumento-co2-connect-di-iata","status":"publish","type":"post","link":"https:\/\/transportjournal.com\/it\/2026\/03\/12\/awery-integra-lo-strumento-co2-connect-di-iata\/","title":{"rendered":"Awery integra lo strumento &#8220;CO2 Connect&#8221; di IATA"},"content":{"rendered":"<p>Awery Aviation Software ha annunciato di essere la prima azienda a integrare lo &#8222;Strumento CO2 Connect&#8220; dell&#8217;IATA per il cargo nella sua piattaforma digitale. Questa misura mira a fornire all&#8217;industria della cargo aerea dati sulle emissioni precisi e standardizzati. L&#8217;integrazione consentir\u00e0 agli utenti di accedere direttamente ai dati sulle emissioni di CO2 specifici per volo nei loro flussi di lavoro esistenti.<\/p>\n<p>Lo &#8222;Strumento CO2 Connect for Cargo&#8220; dell&#8217;IATA \u00e8 stato introdotto all&#8217;inizio del 2026 e utilizza dati operativi delle compagnie aeree per effettuare calcoli delle emissioni. Vengono considerati fattori come il consumo di carburante dei tipi di aeromobili, nonch\u00e9 i fattori di carico per merci e passeggeri. Questo rappresenta, secondo Awery, un progresso, poich\u00e9 i calcoli non si basano pi\u00f9 su medie generali del settore, ma su dati concreti forniti da oltre 100 compagnie aeree.<\/p>\n<p>Il &#8222;calcolatore CO2 Connect&#8220; \u00e8 conforme, secondo l&#8217;azienda, agli standard internazionali, tra cui la Pratica Raccomandata IATA 1678 (RP1678), ISO 14083 e il GLEC Framework 3.2 del Smart Freight Centre.<\/p>\n<p><a href=\"https:\/\/awery.aero\/\" target=\"_blank\" rel=\"noopener noreferrer\">www.awery.aero<\/a><\/p>\n","protected":false},"excerpt":{"rendered":"<p>Awery Aviation Software ha annunciato l&#8217;integrazione dello strumento &#8220;CO2 Connect&#8221; di IATA per il cargo nella sua piattaforma, al fine di fornire dati sulle emissioni pi\u00f9 precisi per il settore della cargo aereo.<\/p>\n","protected":false},"author":10,"featured_media":80653,"comment_status":"open","ping_status":"","sticky":false,"template":"","format":"standard","meta":{"_acf_changed":false,"footnotes":""},"categories":[1630],"tags":[26464,26465,26466,26467,2600,3447,26468,26469,26470,26471,26472,26473,26474,26475,26476,26477,26478,26479,26480,26481,20321,26482,26483,26484,26485,26486,26487,26488,26489,26490,26491,26492,26493,26494,26495,26496,26497,2619,26498,26499,26500,26501,26502,2627,26503,26504,26505,26506,26507,26508,26509,26510,3488],"class_list":["post-80657","post","type-post","status-publish","format-standard","has-post-thumbnail","hentry","category-trasporto-aereo","tag-air-freight-co2-management","tag-air-freight-efficiency-improvement","tag-air-freight-emissions-data","tag-air-freight-industry-digitalization","tag-air-freight-infrastructure","tag-air-freight-market","tag-air-freight-technology-francais-awery","tag-amelioration-efficacite-fret-aerien","tag-aviation-industry-sustainability","tag-cadre-glec-3-2","tag-calculs-co2-fret","tag-cargo-and-passenger-load-factors","tag-cargo-co2-calculations","tag-co2-connect-for-cargo","tag-co2-connect-fuer-cargo","tag-co2-connect-pour-cargo","tag-co2-emissions-data-air-freight","tag-co2-reduction-aviation","tag-co2-emissionsdaten-luftfracht","tag-co2-reduktion-luftfahrt","tag-deutsch-awery","tag-digital-air-freight-platform","tag-digitale-plattform-luftfracht","tag-digitalisation-secteur-fret-aerien","tag-donnees-demissions-co2-fret-aerien","tag-donnees-demissions-compagnies-aeriennes","tag-donnees-demissions-fret-aerien","tag-durabilite-industrie-aeronautique","tag-emissions-data-airlines","tag-emissionsdaten-fluggesellschaften","tag-facteurs-de-charge-fret-et-passagers","tag-fracht-co2-berechnungen","tag-fracht-und-passagierlastfaktoren","tag-gestion-co2-fret-aerien","tag-glec-framework-3-2","tag-iata-co2-connect-tool","tag-iata-recommended-practice-1678","tag-infrastructure-fret-aerien","tag-iso-14083","tag-luftfahrtindustrie-nachhaltigkeit","tag-luftfracht-co2-management","tag-luftfracht-effizienzsteigerung","tag-luftfracht-emissionsdaten","tag-luftfracht-infrastruktur","tag-luftfracht-markt","tag-luftfrachtbranche-digitalisierung","tag-luftfrachttechnologie-english-awery","tag-marche-fret-aerien","tag-outil-co2-connect-iata","tag-plateforme-numerique-fret-aerien","tag-pratique-recommandee-iata-1678","tag-reduction-co2-aviation","tag-technologie-fret-aerien"],"acf":[],"yoast_head":"<!-- This site is optimized with the Yoast SEO plugin v27.3 - https:\/\/yoast.com\/product\/yoast-seo-wordpress\/ -->\n<title>Awery integra lo strumento &#8222;CO2 Connect&#8220; di IATA - ITJ | International Transport Journal<\/title>\n<meta name=\"robots\" content=\"index, follow, max-snippet:-1, max-image-preview:large, max-video-preview:-1\" \/>\n<link rel=\"canonical\" href=\"https:\/\/transportjournal.com\/it\/2026\/03\/12\/awery-integra-lo-strumento-co2-connect-di-iata\/\" \/>\n<meta property=\"og:locale\" content=\"it_IT\" \/>\n<meta property=\"og:type\" content=\"article\" \/>\n<meta property=\"og:title\" content=\"Awery integra lo strumento &#8222;CO2 Connect&#8220; di IATA - ITJ | International Transport Journal\" \/>\n<meta property=\"og:description\" content=\"Awery Aviation Software ha annunciato l&#039;integrazione dello strumento &quot;CO2 Connect&quot; di IATA per il cargo nella sua piattaforma, al fine di fornire dati sulle emissioni pi\u00f9 precisi per il settore della cargo aereo.\" \/>\n<meta property=\"og:url\" content=\"https:\/\/transportjournal.com\/it\/2026\/03\/12\/awery-integra-lo-strumento-co2-connect-di-iata\/\" \/>\n<meta property=\"og:site_name\" content=\"ITJ | International Transport Journal\" \/>\n<meta property=\"article:published_time\" content=\"2026-03-12T14:13:15+00:00\" \/>\n<meta property=\"og:image\" content=\"https:\/\/transportjournal.com\/wp-content\/uploads\/sites\/2\/2026\/03\/Awery-aspect-ratio-1400-788.jpg\" \/>\n\t<meta property=\"og:image:width\" content=\"2560\" \/>\n\t<meta property=\"og:image:height\" content=\"1441\" \/>\n\t<meta property=\"og:image:type\" content=\"image\/jpeg\" \/>\n<meta name=\"author\" content=\"Jeremy Soland\" \/>\n<meta name=\"twitter:card\" content=\"summary_large_image\" \/>\n<meta name=\"twitter:label1\" content=\"Scritto da\" \/>\n\t<meta name=\"twitter:data1\" content=\"Jeremy Soland\" \/>\n\t<meta name=\"twitter:label2\" content=\"Tempo di lettura stimato\" \/>\n\t<meta name=\"twitter:data2\" content=\"1 minuto\" \/>\n<script type=\"application\/ld+json\" class=\"yoast-schema-graph\">{\"@context\":\"https:\\\/\\\/schema.org\",\"@graph\":[{\"@type\":\"Article\",\"@id\":\"https:\\\/\\\/transportjournal.com\\\/it\\\/2026\\\/03\\\/12\\\/awery-integra-lo-strumento-co2-connect-di-iata\\\/#article\",\"isPartOf\":{\"@id\":\"https:\\\/\\\/transportjournal.com\\\/it\\\/2026\\\/03\\\/12\\\/awery-integra-lo-strumento-co2-connect-di-iata\\\/\"},\"author\":{\"name\":\"Jeremy Soland\",\"@id\":\"https:\\\/\\\/transportjournal.com\\\/it\\\/#\\\/schema\\\/person\\\/41d36b5474b623392fa613e97e2363fa\"},\"headline\":\"Awery integra lo strumento &#8220;CO2 Connect&#8221; di IATA\",\"datePublished\":\"2026-03-12T14:13:15+00:00\",\"mainEntityOfPage\":{\"@id\":\"https:\\\/\\\/transportjournal.com\\\/it\\\/2026\\\/03\\\/12\\\/awery-integra-lo-strumento-co2-connect-di-iata\\\/\"},\"wordCount\":175,\"commentCount\":0,\"publisher\":{\"@id\":\"https:\\\/\\\/transportjournal.com\\\/it\\\/#organization\"},\"image\":{\"@id\":\"https:\\\/\\\/transportjournal.com\\\/it\\\/2026\\\/03\\\/12\\\/awery-integra-lo-strumento-co2-connect-di-iata\\\/#primaryimage\"},\"thumbnailUrl\":\"https:\\\/\\\/transportjournal.com\\\/wp-content\\\/uploads\\\/sites\\\/2\\\/2026\\\/03\\\/Awery-aspect-ratio-1400-788.jpg\",\"keywords\":[\"air freight CO2 management\",\"air freight efficiency improvement\",\"air freight emissions data\",\"air freight industry digitalization\",\"air freight infrastructure\",\"air freight market\",\"air freight technology Fran\u00e7ais Awery\",\"am\u00e9lioration efficacit\u00e9 fret a\u00e9rien\",\"aviation industry sustainability\",\"cadre GLEC 3.2\",\"calculs CO2 fret\",\"cargo and passenger load factors\",\"cargo CO2 calculations\",\"CO2 Connect for Cargo\",\"CO2 Connect f\u00fcr Cargo\",\"CO2 Connect pour Cargo\",\"CO2 emissions data air freight\",\"CO2 reduction aviation\",\"CO2-Emissionsdaten Luftfracht\",\"CO2-Reduktion Luftfahrt\",\"Deutsch Awery\",\"digital air freight platform\",\"digitale Plattform Luftfracht\",\"digitalisation secteur fret a\u00e9rien\",\"donn\u00e9es d'\u00e9missions CO2 fret a\u00e9rien\",\"donn\u00e9es d'\u00e9missions compagnies a\u00e9riennes\",\"donn\u00e9es d'\u00e9missions fret a\u00e9rien\",\"durabilit\u00e9 industrie a\u00e9ronautique\",\"emissions data airlines\",\"Emissionsdaten Fluggesellschaften\",\"facteurs de charge fret et passagers\",\"Fracht CO2-Berechnungen\",\"Fracht- und Passagierlastfaktoren\",\"gestion CO2 fret a\u00e9rien\",\"GLEC Framework 3.2\",\"IATA CO2 Connect Tool\",\"IATA Recommended Practice 1678\",\"infrastructure fret a\u00e9rien\",\"ISO 14083\",\"Luftfahrtindustrie Nachhaltigkeit\",\"Luftfracht CO2-Management\",\"Luftfracht Effizienzsteigerung\",\"Luftfracht Emissionsdaten\",\"Luftfracht Infrastruktur\",\"Luftfracht Markt\",\"Luftfrachtbranche Digitalisierung\",\"Luftfrachttechnologie English Awery\",\"march\u00e9 fret a\u00e9rien\",\"outil CO2 Connect IATA\",\"plateforme num\u00e9rique fret a\u00e9rien\",\"pratique recommand\u00e9e IATA 1678\",\"r\u00e9duction CO2 aviation\",\"technologie fret a\u00e9rien\"],\"articleSection\":[\"Trasporto aereo\"],\"inLanguage\":\"it-IT\",\"potentialAction\":[{\"@type\":\"CommentAction\",\"name\":\"Comment\",\"target\":[\"https:\\\/\\\/transportjournal.com\\\/it\\\/2026\\\/03\\\/12\\\/awery-integra-lo-strumento-co2-connect-di-iata\\\/#respond\"]}]},{\"@type\":\"WebPage\",\"@id\":\"https:\\\/\\\/transportjournal.com\\\/it\\\/2026\\\/03\\\/12\\\/awery-integra-lo-strumento-co2-connect-di-iata\\\/\",\"url\":\"https:\\\/\\\/transportjournal.com\\\/it\\\/2026\\\/03\\\/12\\\/awery-integra-lo-strumento-co2-connect-di-iata\\\/\",\"name\":\"Awery integra lo strumento &#8222;CO2 Connect&#8220; di IATA - ITJ | International Transport Journal\",\"isPartOf\":{\"@id\":\"https:\\\/\\\/transportjournal.com\\\/it\\\/#website\"},\"primaryImageOfPage\":{\"@id\":\"https:\\\/\\\/transportjournal.com\\\/it\\\/2026\\\/03\\\/12\\\/awery-integra-lo-strumento-co2-connect-di-iata\\\/#primaryimage\"},\"image\":{\"@id\":\"https:\\\/\\\/transportjournal.com\\\/it\\\/2026\\\/03\\\/12\\\/awery-integra-lo-strumento-co2-connect-di-iata\\\/#primaryimage\"},\"thumbnailUrl\":\"https:\\\/\\\/transportjournal.com\\\/wp-content\\\/uploads\\\/sites\\\/2\\\/2026\\\/03\\\/Awery-aspect-ratio-1400-788.jpg\",\"datePublished\":\"2026-03-12T14:13:15+00:00\",\"breadcrumb\":{\"@id\":\"https:\\\/\\\/transportjournal.com\\\/it\\\/2026\\\/03\\\/12\\\/awery-integra-lo-strumento-co2-connect-di-iata\\\/#breadcrumb\"},\"inLanguage\":\"it-IT\",\"potentialAction\":[{\"@type\":\"ReadAction\",\"target\":[\"https:\\\/\\\/transportjournal.com\\\/it\\\/2026\\\/03\\\/12\\\/awery-integra-lo-strumento-co2-connect-di-iata\\\/\"]}]},{\"@type\":\"ImageObject\",\"inLanguage\":\"it-IT\",\"@id\":\"https:\\\/\\\/transportjournal.com\\\/it\\\/2026\\\/03\\\/12\\\/awery-integra-lo-strumento-co2-connect-di-iata\\\/#primaryimage\",\"url\":\"https:\\\/\\\/transportjournal.com\\\/wp-content\\\/uploads\\\/sites\\\/2\\\/2026\\\/03\\\/Awery-aspect-ratio-1400-788.jpg\",\"contentUrl\":\"https:\\\/\\\/transportjournal.com\\\/wp-content\\\/uploads\\\/sites\\\/2\\\/2026\\\/03\\\/Awery-aspect-ratio-1400-788.jpg\",\"width\":2560,\"height\":1441},{\"@type\":\"BreadcrumbList\",\"@id\":\"https:\\\/\\\/transportjournal.com\\\/it\\\/2026\\\/03\\\/12\\\/awery-integra-lo-strumento-co2-connect-di-iata\\\/#breadcrumb\",\"itemListElement\":[{\"@type\":\"ListItem\",\"position\":1,\"name\":\"Startseite\",\"item\":\"https:\\\/\\\/transportjournal.com\\\/it\\\/\"},{\"@type\":\"ListItem\",\"position\":2,\"name\":\"Awery integra lo strumento &#8220;CO2 Connect&#8221; di IATA\"}]},{\"@type\":\"WebSite\",\"@id\":\"https:\\\/\\\/transportjournal.com\\\/it\\\/#website\",\"url\":\"https:\\\/\\\/transportjournal.com\\\/it\\\/\",\"name\":\"ITJ | International Transport Journal\",\"description\":\"Stay informed with the latest global news from the transport, logistics, and supply chain industries. Transport Journal delivers expert insights, analysis, and updates across shipping, aviation, intermodal, and forwarding.\",\"publisher\":{\"@id\":\"https:\\\/\\\/transportjournal.com\\\/it\\\/#organization\"},\"potentialAction\":[{\"@type\":\"SearchAction\",\"target\":{\"@type\":\"EntryPoint\",\"urlTemplate\":\"https:\\\/\\\/transportjournal.com\\\/it\\\/?s={search_term_string}\"},\"query-input\":{\"@type\":\"PropertyValueSpecification\",\"valueRequired\":true,\"valueName\":\"search_term_string\"}}],\"inLanguage\":\"it-IT\"},{\"@type\":\"Organization\",\"@id\":\"https:\\\/\\\/transportjournal.com\\\/it\\\/#organization\",\"name\":\"Logismedia Group AG\",\"alternateName\":\"Logismedia Group AG\",\"url\":\"https:\\\/\\\/transportjournal.com\\\/it\\\/\",\"logo\":{\"@type\":\"ImageObject\",\"inLanguage\":\"it-IT\",\"@id\":\"https:\\\/\\\/transportjournal.com\\\/it\\\/#\\\/schema\\\/logo\\\/image\\\/\",\"url\":\"https:\\\/\\\/transportjournal.com\\\/wp-content\\\/uploads\\\/sites\\\/2\\\/2025\\\/09\\\/Logo_ITJ.png\",\"contentUrl\":\"https:\\\/\\\/transportjournal.com\\\/wp-content\\\/uploads\\\/sites\\\/2\\\/2025\\\/09\\\/Logo_ITJ.png\",\"width\":799,\"height\":326,\"caption\":\"Logismedia Group AG\"},\"image\":{\"@id\":\"https:\\\/\\\/transportjournal.com\\\/it\\\/#\\\/schema\\\/logo\\\/image\\\/\"},\"sameAs\":[\"https:\\\/\\\/www.linkedin.com\\\/company\\\/56456496\\\/admin\\\/dashboard\\\/\",\"https:\\\/\\\/www.instagram.com\\\/logismediagroup\\\/\",\"https:\\\/\\\/www.youtube.com\\\/@LogiamediaGroupAG\"]},{\"@type\":\"Person\",\"@id\":\"https:\\\/\\\/transportjournal.com\\\/it\\\/#\\\/schema\\\/person\\\/41d36b5474b623392fa613e97e2363fa\",\"name\":\"Jeremy Soland\",\"url\":\"https:\\\/\\\/transportjournal.com\\\/it\\\/author\\\/jeremy\\\/\"}]}<\/script>\n<!-- \/ Yoast SEO plugin. -->","yoast_head_json":{"title":"Awery integra lo strumento &#8222;CO2 Connect&#8220; di IATA - ITJ | International Transport Journal","robots":{"index":"index","follow":"follow","max-snippet":"max-snippet:-1","max-image-preview":"max-image-preview:large","max-video-preview":"max-video-preview:-1"},"canonical":"https:\/\/transportjournal.com\/it\/2026\/03\/12\/awery-integra-lo-strumento-co2-connect-di-iata\/","og_locale":"it_IT","og_type":"article","og_title":"Awery integra lo strumento &#8222;CO2 Connect&#8220; di IATA - ITJ | International Transport Journal","og_description":"Awery Aviation Software ha annunciato l'integrazione dello strumento \"CO2 Connect\" di IATA per il cargo nella sua piattaforma, al fine di fornire dati sulle emissioni pi\u00f9 precisi per il settore della cargo aereo.","og_url":"https:\/\/transportjournal.com\/it\/2026\/03\/12\/awery-integra-lo-strumento-co2-connect-di-iata\/","og_site_name":"ITJ | International Transport Journal","article_published_time":"2026-03-12T14:13:15+00:00","og_image":[{"width":2560,"height":1441,"url":"https:\/\/transportjournal.com\/wp-content\/uploads\/sites\/2\/2026\/03\/Awery-aspect-ratio-1400-788.jpg","type":"image\/jpeg"}],"author":"Jeremy Soland","twitter_card":"summary_large_image","twitter_misc":{"Scritto da":"Jeremy Soland","Tempo di lettura stimato":"1 minuto"},"schema":{"@context":"https:\/\/schema.org","@graph":[{"@type":"Article","@id":"https:\/\/transportjournal.com\/it\/2026\/03\/12\/awery-integra-lo-strumento-co2-connect-di-iata\/#article","isPartOf":{"@id":"https:\/\/transportjournal.com\/it\/2026\/03\/12\/awery-integra-lo-strumento-co2-connect-di-iata\/"},"author":{"name":"Jeremy Soland","@id":"https:\/\/transportjournal.com\/it\/#\/schema\/person\/41d36b5474b623392fa613e97e2363fa"},"headline":"Awery integra lo strumento &#8220;CO2 Connect&#8221; di IATA","datePublished":"2026-03-12T14:13:15+00:00","mainEntityOfPage":{"@id":"https:\/\/transportjournal.com\/it\/2026\/03\/12\/awery-integra-lo-strumento-co2-connect-di-iata\/"},"wordCount":175,"commentCount":0,"publisher":{"@id":"https:\/\/transportjournal.com\/it\/#organization"},"image":{"@id":"https:\/\/transportjournal.com\/it\/2026\/03\/12\/awery-integra-lo-strumento-co2-connect-di-iata\/#primaryimage"},"thumbnailUrl":"https:\/\/transportjournal.com\/wp-content\/uploads\/sites\/2\/2026\/03\/Awery-aspect-ratio-1400-788.jpg","keywords":["air freight CO2 management","air freight efficiency improvement","air freight emissions data","air freight industry digitalization","air freight infrastructure","air freight market","air freight technology Fran\u00e7ais Awery","am\u00e9lioration efficacit\u00e9 fret a\u00e9rien","aviation industry sustainability","cadre GLEC 3.2","calculs CO2 fret","cargo and passenger load factors","cargo CO2 calculations","CO2 Connect for Cargo","CO2 Connect f\u00fcr Cargo","CO2 Connect pour Cargo","CO2 emissions data air freight","CO2 reduction aviation","CO2-Emissionsdaten Luftfracht","CO2-Reduktion Luftfahrt","Deutsch Awery","digital air freight platform","digitale Plattform Luftfracht","digitalisation secteur fret a\u00e9rien","donn\u00e9es d'\u00e9missions CO2 fret a\u00e9rien","donn\u00e9es d'\u00e9missions compagnies a\u00e9riennes","donn\u00e9es d'\u00e9missions fret a\u00e9rien","durabilit\u00e9 industrie a\u00e9ronautique","emissions data airlines","Emissionsdaten Fluggesellschaften","facteurs de charge fret et passagers","Fracht CO2-Berechnungen","Fracht- und Passagierlastfaktoren","gestion CO2 fret a\u00e9rien","GLEC Framework 3.2","IATA CO2 Connect Tool","IATA Recommended Practice 1678","infrastructure fret a\u00e9rien","ISO 14083","Luftfahrtindustrie Nachhaltigkeit","Luftfracht CO2-Management","Luftfracht Effizienzsteigerung","Luftfracht Emissionsdaten","Luftfracht Infrastruktur","Luftfracht Markt","Luftfrachtbranche Digitalisierung","Luftfrachttechnologie English Awery","march\u00e9 fret a\u00e9rien","outil CO2 Connect IATA","plateforme num\u00e9rique fret a\u00e9rien","pratique recommand\u00e9e IATA 1678","r\u00e9duction CO2 aviation","technologie fret a\u00e9rien"],"articleSection":["Trasporto aereo"],"inLanguage":"it-IT","potentialAction":[{"@type":"CommentAction","name":"Comment","target":["https:\/\/transportjournal.com\/it\/2026\/03\/12\/awery-integra-lo-strumento-co2-connect-di-iata\/#respond"]}]},{"@type":"WebPage","@id":"https:\/\/transportjournal.com\/it\/2026\/03\/12\/awery-integra-lo-strumento-co2-connect-di-iata\/","url":"https:\/\/transportjournal.com\/it\/2026\/03\/12\/awery-integra-lo-strumento-co2-connect-di-iata\/","name":"Awery integra lo strumento &#8222;CO2 Connect&#8220; di IATA - ITJ | International Transport Journal","isPartOf":{"@id":"https:\/\/transportjournal.com\/it\/#website"},"primaryImageOfPage":{"@id":"https:\/\/transportjournal.com\/it\/2026\/03\/12\/awery-integra-lo-strumento-co2-connect-di-iata\/#primaryimage"},"image":{"@id":"https:\/\/transportjournal.com\/it\/2026\/03\/12\/awery-integra-lo-strumento-co2-connect-di-iata\/#primaryimage"},"thumbnailUrl":"https:\/\/transportjournal.com\/wp-content\/uploads\/sites\/2\/2026\/03\/Awery-aspect-ratio-1400-788.jpg","datePublished":"2026-03-12T14:13:15+00:00","breadcrumb":{"@id":"https:\/\/transportjournal.com\/it\/2026\/03\/12\/awery-integra-lo-strumento-co2-connect-di-iata\/#breadcrumb"},"inLanguage":"it-IT","potentialAction":[{"@type":"ReadAction","target":["https:\/\/transportjournal.com\/it\/2026\/03\/12\/awery-integra-lo-strumento-co2-connect-di-iata\/"]}]},{"@type":"ImageObject","inLanguage":"it-IT","@id":"https:\/\/transportjournal.com\/it\/2026\/03\/12\/awery-integra-lo-strumento-co2-connect-di-iata\/#primaryimage","url":"https:\/\/transportjournal.com\/wp-content\/uploads\/sites\/2\/2026\/03\/Awery-aspect-ratio-1400-788.jpg","contentUrl":"https:\/\/transportjournal.com\/wp-content\/uploads\/sites\/2\/2026\/03\/Awery-aspect-ratio-1400-788.jpg","width":2560,"height":1441},{"@type":"BreadcrumbList","@id":"https:\/\/transportjournal.com\/it\/2026\/03\/12\/awery-integra-lo-strumento-co2-connect-di-iata\/#breadcrumb","itemListElement":[{"@type":"ListItem","position":1,"name":"Startseite","item":"https:\/\/transportjournal.com\/it\/"},{"@type":"ListItem","position":2,"name":"Awery integra lo strumento &#8220;CO2 Connect&#8221; di IATA"}]},{"@type":"WebSite","@id":"https:\/\/transportjournal.com\/it\/#website","url":"https:\/\/transportjournal.com\/it\/","name":"ITJ | International Transport Journal","description":"Stay informed with the latest global news from the transport, logistics, and supply chain industries. Transport Journal delivers expert insights, analysis, and updates across shipping, aviation, intermodal, and forwarding.","publisher":{"@id":"https:\/\/transportjournal.com\/it\/#organization"},"potentialAction":[{"@type":"SearchAction","target":{"@type":"EntryPoint","urlTemplate":"https:\/\/transportjournal.com\/it\/?s={search_term_string}"},"query-input":{"@type":"PropertyValueSpecification","valueRequired":true,"valueName":"search_term_string"}}],"inLanguage":"it-IT"},{"@type":"Organization","@id":"https:\/\/transportjournal.com\/it\/#organization","name":"Logismedia Group AG","alternateName":"Logismedia Group AG","url":"https:\/\/transportjournal.com\/it\/","logo":{"@type":"ImageObject","inLanguage":"it-IT","@id":"https:\/\/transportjournal.com\/it\/#\/schema\/logo\/image\/","url":"https:\/\/transportjournal.com\/wp-content\/uploads\/sites\/2\/2025\/09\/Logo_ITJ.png","contentUrl":"https:\/\/transportjournal.com\/wp-content\/uploads\/sites\/2\/2025\/09\/Logo_ITJ.png","width":799,"height":326,"caption":"Logismedia Group AG"},"image":{"@id":"https:\/\/transportjournal.com\/it\/#\/schema\/logo\/image\/"},"sameAs":["https:\/\/www.linkedin.com\/company\/56456496\/admin\/dashboard\/","https:\/\/www.instagram.com\/logismediagroup\/","https:\/\/www.youtube.com\/@LogiamediaGroupAG"]},{"@type":"Person","@id":"https:\/\/transportjournal.com\/it\/#\/schema\/person\/41d36b5474b623392fa613e97e2363fa","name":"Jeremy Soland","url":"https:\/\/transportjournal.com\/it\/author\/jeremy\/"}]}},"_links":{"self":[{"href":"https:\/\/transportjournal.com\/it\/wp-json\/wp\/v2\/posts\/80657","targetHints":{"allow":["GET"]}}],"collection":[{"href":"https:\/\/transportjournal.com\/it\/wp-json\/wp\/v2\/posts"}],"about":[{"href":"https:\/\/transportjournal.com\/it\/wp-json\/wp\/v2\/types\/post"}],"author":[{"embeddable":true,"href":"https:\/\/transportjournal.com\/it\/wp-json\/wp\/v2\/users\/10"}],"replies":[{"embeddable":true,"href":"https:\/\/transportjournal.com\/it\/wp-json\/wp\/v2\/comments?post=80657"}],"version-history":[{"count":0,"href":"https:\/\/transportjournal.com\/it\/wp-json\/wp\/v2\/posts\/80657\/revisions"}],"wp:featuredmedia":[{"embeddable":true,"href":"https:\/\/transportjournal.com\/it\/wp-json\/wp\/v2\/media\/80653"}],"wp:attachment":[{"href":"https:\/\/transportjournal.com\/it\/wp-json\/wp\/v2\/media?parent=80657"}],"wp:term":[{"taxonomy":"category","embeddable":true,"href":"https:\/\/transportjournal.com\/it\/wp-json\/wp\/v2\/categories?post=80657"},{"taxonomy":"post_tag","embeddable":true,"href":"https:\/\/transportjournal.com\/it\/wp-json\/wp\/v2\/tags?post=80657"}],"curies":[{"name":"wp","href":"https:\/\/api.w.org\/{rel}","templated":true}]}}