{"id":80589,"date":"2026-03-12T09:46:31","date_gmt":"2026-03-12T09:46:31","guid":{"rendered":"https:\/\/transportjournal.com\/2026\/03\/12\/sviluppo-del-traffico-di-hupac-2025\/"},"modified":"2026-03-12T09:46:31","modified_gmt":"2026-03-12T09:46:31","slug":"sviluppo-del-traffico-di-hupac-2025","status":"publish","type":"post","link":"https:\/\/transportjournal.com\/it\/2026\/03\/12\/sviluppo-del-traffico-di-hupac-2025\/","title":{"rendered":"Sviluppo del traffico di Hupac 2025"},"content":{"rendered":"<p>La Hupac-Gruppe ha trasportato nel 2025 circa 975.000 spedizioni stradali nel traffico combinato strada\/ferrovia. In questo modo, l&#8217;operatore di rete intermodale ha aumentato il suo volume di traffico rispetto all&#8217;anno precedente del 4,3%. Nonostante le difficili condizioni quadro, l&#8217;azienda \u00e8 riuscita a mantenere la sua posizione nel traffico combinato europeo e in particolare nel corridoio TEN-T Reno-Alpi.<\/p>\n<p>In totale, Hupac ha movimentato circa 1,85 milioni di TEU nel traffico di hinterland continentale e marittimo. In particolare, nel traffico transalpino attraverso la Svizzera, il volume \u00e8 cresciuto del 4,5%, corrispondente a 24.100 spedizioni. Quantit\u00e0 aggiuntive sulla relazione Belgio-Italia hanno contribuito a questo risultato.<\/p>\n<p>Tuttavia, lo sviluppo \u00e8 avvenuto in condizioni impegnative. Cantieri, deviazioni e chiusure di linee hanno gravato sulla capacit\u00e0 della infrastruttura ferroviaria. Particolarmente incisiva \u00e8 stata la chiusura di diverse settimane della linea della valle del Reno a giugno. Tuttavia, Hupac \u00e8 riuscita a trasportare quantit\u00e0 aggiuntive.<\/p>\n<p>Anche nell&#8217;anno in corso, l&#8217;azienda prevede limitazioni a causa di lavori di costruzione. Le chiusure programmate in Germania e Italia influenzeranno nuovamente il traffico. Insieme ai partner ferroviari, Hupac sta quindi lavorando a concetti di deviazione stabili e investendo in offerte di trasporto pi\u00f9 resilienti. L&#8217;obiettivo rimane quello di offrire soluzioni affidabili per il traffico merci europeo nonostante i problemi infrastrutturali.<\/p>\n<p><a href=\"http:\/\/www.hupac.com\" target=\"_blank\" rel=\"noopener noreferrer\">www.hupac.com<\/a><\/p>\n","protected":false},"excerpt":{"rendered":"<p>Il gruppo Hupac ha aumentato nel 2025 il suo volume di traffico nel trasporto combinato del 4,3% e ha trasportato con successo un totale di 975\u2019000 spedizioni su strada.<\/p>\n","protected":false},"author":14,"featured_media":80585,"comment_status":"open","ping_status":"","sticky":false,"template":"","format":"standard","meta":{"_acf_changed":false,"footnotes":""},"categories":[1645],"tags":[13172,26291,26292,26293,26294,26295,26296,26297,26298,26299,2115,4521,26300,26301,26302,14520,18144,26303,26304,4165,26305,26306,2913,8366,26307,2133,1831,7733,3157,26308,2148,10659,4180,26309,26310,26311,26312,26313,26314,4268,26315,4269,26316,26317,26318,26319,26320,26321,26322,14533,2930,26323,26324,26325,26326,26327,26328],"class_list":["post-80589","post","type-post","status-publish","format-standard","has-post-thumbnail","hentry","category-uncategorized","tag-bahninfrastruktur","tag-baustellen-im-verkehr","tag-chantiers-dans-le-transport","tag-combined-transport","tag-construction-sites-in-transport","tag-corridor-rhin-alpes","tag-croissance-du-trafic-hupac","tag-deutsch-hupac","tag-developpement-du-trafic-2025","tag-deviations-dans-le-transport-de-fret","tag-digitalisierung-in-der-logistik","tag-digitization-in-logistics","tag-diversions-in-freight-transport","tag-envois-routiers","tag-europaeischer-gueterverkehr","tag-european-freight-transport","tag-fachkraeftemangel-in-der-transportwirtschaft","tag-hupac-traffic-growth-francais-hupac","tag-hupac-verkehrswachstum-english-hupac","tag-infrastructure-ferroviaire","tag-infrastructure-issues","tag-infrastrukturprobleme","tag-intermodal-transport","tag-intermodaler-verkehr","tag-kombinierter-verkehr","tag-logistics-service-providers","tag-logistikdienstleister","tag-nachhaltige-transportloesungen","tag-numerisation-dans-la-logistique","tag-penurie-de-main-doeuvre-dans-lindustrie-du-transport","tag-prestataires-de-services-logistiques","tag-problemes-dinfrastructure","tag-rail-infrastructure","tag-restrictions-de-circulation-allemagne","tag-restrictions-de-circulation-italie","tag-rhein-alpen-korridor","tag-rhine-alps-corridor","tag-road-consignments","tag-skilled-labor-shortage-in-transport-industry","tag-solutions-de-transport-durables","tag-strassensendungen","tag-sustainable-transport-solutions","tag-teu-transport","tag-traffic-development-2025","tag-traffic-restrictions-germany","tag-traffic-restrictions-italy","tag-transalpine-transport","tag-transalpiner-verkehr","tag-transport-combine","tag-transport-de-fret-europeen","tag-transport-intermodal","tag-transport-teu","tag-transport-transalpin","tag-umleitungen-im-gueterverkehr","tag-verkehrseinschraenkungen-deutschland","tag-verkehrseinschraenkungen-italien","tag-verkehrsentwicklung-2025"],"acf":[],"yoast_head":"<!-- This site is optimized with the Yoast SEO plugin v27.3 - https:\/\/yoast.com\/product\/yoast-seo-wordpress\/ -->\n<title>Sviluppo del traffico di Hupac 2025 - ITJ | International Transport Journal<\/title>\n<meta name=\"robots\" content=\"index, follow, max-snippet:-1, max-image-preview:large, max-video-preview:-1\" \/>\n<link rel=\"canonical\" href=\"https:\/\/transportjournal.com\/it\/2026\/03\/12\/sviluppo-del-traffico-di-hupac-2025\/\" \/>\n<meta property=\"og:locale\" content=\"it_IT\" \/>\n<meta property=\"og:type\" content=\"article\" \/>\n<meta property=\"og:title\" content=\"Sviluppo del traffico di Hupac 2025 - ITJ | International Transport Journal\" \/>\n<meta property=\"og:description\" content=\"Il gruppo Hupac ha aumentato nel 2025 il suo volume di traffico nel trasporto combinato del 4,3% e ha trasportato con successo un totale di 975\u2019000 spedizioni su strada.\" \/>\n<meta property=\"og:url\" content=\"https:\/\/transportjournal.com\/it\/2026\/03\/12\/sviluppo-del-traffico-di-hupac-2025\/\" \/>\n<meta property=\"og:site_name\" content=\"ITJ | International Transport Journal\" \/>\n<meta property=\"article:published_time\" content=\"2026-03-12T09:46:31+00:00\" \/>\n<meta property=\"og:image\" content=\"https:\/\/transportjournal.com\/wp-content\/uploads\/sites\/2\/2026\/03\/Hupac-Verkehrsentwicklung-2025-aspect-ratio-1400-788.jpg\" \/>\n\t<meta property=\"og:image:width\" content=\"1600\" \/>\n\t<meta property=\"og:image:height\" content=\"901\" \/>\n\t<meta property=\"og:image:type\" content=\"image\/jpeg\" \/>\n<meta name=\"author\" content=\"Gyan Sharan\" \/>\n<meta name=\"twitter:card\" content=\"summary_large_image\" \/>\n<meta name=\"twitter:label1\" content=\"Scritto da\" \/>\n\t<meta name=\"twitter:data1\" content=\"Gyan Sharan\" \/>\n\t<meta name=\"twitter:label2\" content=\"Tempo di lettura stimato\" \/>\n\t<meta name=\"twitter:data2\" content=\"1 minuto\" \/>\n<script type=\"application\/ld+json\" class=\"yoast-schema-graph\">{\"@context\":\"https:\\\/\\\/schema.org\",\"@graph\":[{\"@type\":\"Article\",\"@id\":\"https:\\\/\\\/transportjournal.com\\\/it\\\/2026\\\/03\\\/12\\\/sviluppo-del-traffico-di-hupac-2025\\\/#article\",\"isPartOf\":{\"@id\":\"https:\\\/\\\/transportjournal.com\\\/it\\\/2026\\\/03\\\/12\\\/sviluppo-del-traffico-di-hupac-2025\\\/\"},\"author\":{\"name\":\"Gyan Sharan\",\"@id\":\"https:\\\/\\\/transportjournal.com\\\/it\\\/#\\\/schema\\\/person\\\/13a9fc605c753db60ef7750a229cd042\"},\"headline\":\"Sviluppo del traffico di Hupac 2025\",\"datePublished\":\"2026-03-12T09:46:31+00:00\",\"mainEntityOfPage\":{\"@id\":\"https:\\\/\\\/transportjournal.com\\\/it\\\/2026\\\/03\\\/12\\\/sviluppo-del-traffico-di-hupac-2025\\\/\"},\"wordCount\":213,\"commentCount\":0,\"publisher\":{\"@id\":\"https:\\\/\\\/transportjournal.com\\\/it\\\/#organization\"},\"image\":{\"@id\":\"https:\\\/\\\/transportjournal.com\\\/it\\\/2026\\\/03\\\/12\\\/sviluppo-del-traffico-di-hupac-2025\\\/#primaryimage\"},\"thumbnailUrl\":\"https:\\\/\\\/transportjournal.com\\\/wp-content\\\/uploads\\\/sites\\\/2\\\/2026\\\/03\\\/Hupac-Verkehrsentwicklung-2025-aspect-ratio-1400-788.jpg\",\"keywords\":[\"Bahninfrastruktur\",\"Baustellen im Verkehr\",\"chantiers dans le transport\",\"combined transport\",\"construction sites in transport\",\"corridor Rhin-Alpes\",\"croissance du trafic Hupac\",\"Deutsch Hupac\",\"d\u00e9veloppement du trafic 2025\",\"d\u00e9viations dans le transport de fret\",\"Digitalisierung in der Logistik\",\"digitization in logistics\",\"diversions in freight transport\",\"envois routiers\",\"europ\u00e4ischer G\u00fcterverkehr\",\"European freight transport\",\"Fachkr\u00e4ftemangel in der Transportwirtschaft\",\"Hupac traffic growth Fran\u00e7ais Hupac\",\"Hupac Verkehrswachstum English Hupac\",\"infrastructure ferroviaire\",\"infrastructure issues\",\"Infrastrukturprobleme\",\"intermodal transport\",\"intermodaler Verkehr\",\"kombinierter Verkehr\",\"logistics service providers\",\"Logistikdienstleister\",\"nachhaltige Transportl\u00f6sungen\",\"num\u00e9risation dans la logistique\",\"p\u00e9nurie de main-d'\u0153uvre dans l'industrie du transport\",\"prestataires de services logistiques\",\"probl\u00e8mes d'infrastructure\",\"rail infrastructure\",\"restrictions de circulation Allemagne\",\"restrictions de circulation Italie\",\"Rhein-Alpen Korridor\",\"Rhine-Alps corridor\",\"road consignments\",\"skilled labor shortage in transport industry\",\"solutions de transport durables\",\"Strassensendungen\",\"sustainable transport solutions\",\"TEU Transport\",\"traffic development 2025\",\"traffic restrictions Germany\",\"traffic restrictions Italy\",\"transalpine transport\",\"transalpiner Verkehr\",\"transport combin\u00e9\",\"transport de fret europ\u00e9en\",\"transport intermodal\",\"transport TEU\",\"transport transalpin\",\"Umleitungen im G\u00fcterverkehr\",\"Verkehrseinschr\u00e4nkungen Deutschland\",\"Verkehrseinschr\u00e4nkungen Italien\",\"Verkehrsentwicklung 2025\"],\"articleSection\":[\"Uncategorized\"],\"inLanguage\":\"it-IT\",\"potentialAction\":[{\"@type\":\"CommentAction\",\"name\":\"Comment\",\"target\":[\"https:\\\/\\\/transportjournal.com\\\/it\\\/2026\\\/03\\\/12\\\/sviluppo-del-traffico-di-hupac-2025\\\/#respond\"]}]},{\"@type\":\"WebPage\",\"@id\":\"https:\\\/\\\/transportjournal.com\\\/it\\\/2026\\\/03\\\/12\\\/sviluppo-del-traffico-di-hupac-2025\\\/\",\"url\":\"https:\\\/\\\/transportjournal.com\\\/it\\\/2026\\\/03\\\/12\\\/sviluppo-del-traffico-di-hupac-2025\\\/\",\"name\":\"Sviluppo del traffico di Hupac 2025 - ITJ | International Transport Journal\",\"isPartOf\":{\"@id\":\"https:\\\/\\\/transportjournal.com\\\/it\\\/#website\"},\"primaryImageOfPage\":{\"@id\":\"https:\\\/\\\/transportjournal.com\\\/it\\\/2026\\\/03\\\/12\\\/sviluppo-del-traffico-di-hupac-2025\\\/#primaryimage\"},\"image\":{\"@id\":\"https:\\\/\\\/transportjournal.com\\\/it\\\/2026\\\/03\\\/12\\\/sviluppo-del-traffico-di-hupac-2025\\\/#primaryimage\"},\"thumbnailUrl\":\"https:\\\/\\\/transportjournal.com\\\/wp-content\\\/uploads\\\/sites\\\/2\\\/2026\\\/03\\\/Hupac-Verkehrsentwicklung-2025-aspect-ratio-1400-788.jpg\",\"datePublished\":\"2026-03-12T09:46:31+00:00\",\"breadcrumb\":{\"@id\":\"https:\\\/\\\/transportjournal.com\\\/it\\\/2026\\\/03\\\/12\\\/sviluppo-del-traffico-di-hupac-2025\\\/#breadcrumb\"},\"inLanguage\":\"it-IT\",\"potentialAction\":[{\"@type\":\"ReadAction\",\"target\":[\"https:\\\/\\\/transportjournal.com\\\/it\\\/2026\\\/03\\\/12\\\/sviluppo-del-traffico-di-hupac-2025\\\/\"]}]},{\"@type\":\"ImageObject\",\"inLanguage\":\"it-IT\",\"@id\":\"https:\\\/\\\/transportjournal.com\\\/it\\\/2026\\\/03\\\/12\\\/sviluppo-del-traffico-di-hupac-2025\\\/#primaryimage\",\"url\":\"https:\\\/\\\/transportjournal.com\\\/wp-content\\\/uploads\\\/sites\\\/2\\\/2026\\\/03\\\/Hupac-Verkehrsentwicklung-2025-aspect-ratio-1400-788.jpg\",\"contentUrl\":\"https:\\\/\\\/transportjournal.com\\\/wp-content\\\/uploads\\\/sites\\\/2\\\/2026\\\/03\\\/Hupac-Verkehrsentwicklung-2025-aspect-ratio-1400-788.jpg\",\"width\":1600,\"height\":901},{\"@type\":\"BreadcrumbList\",\"@id\":\"https:\\\/\\\/transportjournal.com\\\/it\\\/2026\\\/03\\\/12\\\/sviluppo-del-traffico-di-hupac-2025\\\/#breadcrumb\",\"itemListElement\":[{\"@type\":\"ListItem\",\"position\":1,\"name\":\"Startseite\",\"item\":\"https:\\\/\\\/transportjournal.com\\\/it\\\/\"},{\"@type\":\"ListItem\",\"position\":2,\"name\":\"Sviluppo del traffico di Hupac 2025\"}]},{\"@type\":\"WebSite\",\"@id\":\"https:\\\/\\\/transportjournal.com\\\/it\\\/#website\",\"url\":\"https:\\\/\\\/transportjournal.com\\\/it\\\/\",\"name\":\"ITJ | International Transport Journal\",\"description\":\"Stay informed with the latest global news from the transport, logistics, and supply chain industries. Transport Journal delivers expert insights, analysis, and updates across shipping, aviation, intermodal, and forwarding.\",\"publisher\":{\"@id\":\"https:\\\/\\\/transportjournal.com\\\/it\\\/#organization\"},\"potentialAction\":[{\"@type\":\"SearchAction\",\"target\":{\"@type\":\"EntryPoint\",\"urlTemplate\":\"https:\\\/\\\/transportjournal.com\\\/it\\\/?s={search_term_string}\"},\"query-input\":{\"@type\":\"PropertyValueSpecification\",\"valueRequired\":true,\"valueName\":\"search_term_string\"}}],\"inLanguage\":\"it-IT\"},{\"@type\":\"Organization\",\"@id\":\"https:\\\/\\\/transportjournal.com\\\/it\\\/#organization\",\"name\":\"Logismedia Group AG\",\"alternateName\":\"Logismedia Group AG\",\"url\":\"https:\\\/\\\/transportjournal.com\\\/it\\\/\",\"logo\":{\"@type\":\"ImageObject\",\"inLanguage\":\"it-IT\",\"@id\":\"https:\\\/\\\/transportjournal.com\\\/it\\\/#\\\/schema\\\/logo\\\/image\\\/\",\"url\":\"https:\\\/\\\/transportjournal.com\\\/wp-content\\\/uploads\\\/sites\\\/2\\\/2025\\\/09\\\/Logo_ITJ.png\",\"contentUrl\":\"https:\\\/\\\/transportjournal.com\\\/wp-content\\\/uploads\\\/sites\\\/2\\\/2025\\\/09\\\/Logo_ITJ.png\",\"width\":799,\"height\":326,\"caption\":\"Logismedia Group AG\"},\"image\":{\"@id\":\"https:\\\/\\\/transportjournal.com\\\/it\\\/#\\\/schema\\\/logo\\\/image\\\/\"},\"sameAs\":[\"https:\\\/\\\/www.linkedin.com\\\/company\\\/56456496\\\/admin\\\/dashboard\\\/\",\"https:\\\/\\\/www.instagram.com\\\/logismediagroup\\\/\",\"https:\\\/\\\/www.youtube.com\\\/@LogiamediaGroupAG\"]},{\"@type\":\"Person\",\"@id\":\"https:\\\/\\\/transportjournal.com\\\/it\\\/#\\\/schema\\\/person\\\/13a9fc605c753db60ef7750a229cd042\",\"name\":\"Gyan Sharan\",\"url\":\"https:\\\/\\\/transportjournal.com\\\/it\\\/author\\\/gyan\\\/\"}]}<\/script>\n<!-- \/ Yoast SEO plugin. -->","yoast_head_json":{"title":"Sviluppo del traffico di Hupac 2025 - ITJ | International Transport Journal","robots":{"index":"index","follow":"follow","max-snippet":"max-snippet:-1","max-image-preview":"max-image-preview:large","max-video-preview":"max-video-preview:-1"},"canonical":"https:\/\/transportjournal.com\/it\/2026\/03\/12\/sviluppo-del-traffico-di-hupac-2025\/","og_locale":"it_IT","og_type":"article","og_title":"Sviluppo del traffico di Hupac 2025 - ITJ | International Transport Journal","og_description":"Il gruppo Hupac ha aumentato nel 2025 il suo volume di traffico nel trasporto combinato del 4,3% e ha trasportato con successo un totale di 975\u2019000 spedizioni su strada.","og_url":"https:\/\/transportjournal.com\/it\/2026\/03\/12\/sviluppo-del-traffico-di-hupac-2025\/","og_site_name":"ITJ | International Transport Journal","article_published_time":"2026-03-12T09:46:31+00:00","og_image":[{"width":1600,"height":901,"url":"https:\/\/transportjournal.com\/wp-content\/uploads\/sites\/2\/2026\/03\/Hupac-Verkehrsentwicklung-2025-aspect-ratio-1400-788.jpg","type":"image\/jpeg"}],"author":"Gyan Sharan","twitter_card":"summary_large_image","twitter_misc":{"Scritto da":"Gyan Sharan","Tempo di lettura stimato":"1 minuto"},"schema":{"@context":"https:\/\/schema.org","@graph":[{"@type":"Article","@id":"https:\/\/transportjournal.com\/it\/2026\/03\/12\/sviluppo-del-traffico-di-hupac-2025\/#article","isPartOf":{"@id":"https:\/\/transportjournal.com\/it\/2026\/03\/12\/sviluppo-del-traffico-di-hupac-2025\/"},"author":{"name":"Gyan Sharan","@id":"https:\/\/transportjournal.com\/it\/#\/schema\/person\/13a9fc605c753db60ef7750a229cd042"},"headline":"Sviluppo del traffico di Hupac 2025","datePublished":"2026-03-12T09:46:31+00:00","mainEntityOfPage":{"@id":"https:\/\/transportjournal.com\/it\/2026\/03\/12\/sviluppo-del-traffico-di-hupac-2025\/"},"wordCount":213,"commentCount":0,"publisher":{"@id":"https:\/\/transportjournal.com\/it\/#organization"},"image":{"@id":"https:\/\/transportjournal.com\/it\/2026\/03\/12\/sviluppo-del-traffico-di-hupac-2025\/#primaryimage"},"thumbnailUrl":"https:\/\/transportjournal.com\/wp-content\/uploads\/sites\/2\/2026\/03\/Hupac-Verkehrsentwicklung-2025-aspect-ratio-1400-788.jpg","keywords":["Bahninfrastruktur","Baustellen im Verkehr","chantiers dans le transport","combined transport","construction sites in transport","corridor Rhin-Alpes","croissance du trafic Hupac","Deutsch Hupac","d\u00e9veloppement du trafic 2025","d\u00e9viations dans le transport de fret","Digitalisierung in der Logistik","digitization in logistics","diversions in freight transport","envois routiers","europ\u00e4ischer G\u00fcterverkehr","European freight transport","Fachkr\u00e4ftemangel in der Transportwirtschaft","Hupac traffic growth Fran\u00e7ais Hupac","Hupac Verkehrswachstum English Hupac","infrastructure ferroviaire","infrastructure issues","Infrastrukturprobleme","intermodal transport","intermodaler Verkehr","kombinierter Verkehr","logistics service providers","Logistikdienstleister","nachhaltige Transportl\u00f6sungen","num\u00e9risation dans la logistique","p\u00e9nurie de main-d'\u0153uvre dans l'industrie du transport","prestataires de services logistiques","probl\u00e8mes d'infrastructure","rail infrastructure","restrictions de circulation Allemagne","restrictions de circulation Italie","Rhein-Alpen Korridor","Rhine-Alps corridor","road consignments","skilled labor shortage in transport industry","solutions de transport durables","Strassensendungen","sustainable transport solutions","TEU Transport","traffic development 2025","traffic restrictions Germany","traffic restrictions Italy","transalpine transport","transalpiner Verkehr","transport combin\u00e9","transport de fret europ\u00e9en","transport intermodal","transport TEU","transport transalpin","Umleitungen im G\u00fcterverkehr","Verkehrseinschr\u00e4nkungen Deutschland","Verkehrseinschr\u00e4nkungen Italien","Verkehrsentwicklung 2025"],"articleSection":["Uncategorized"],"inLanguage":"it-IT","potentialAction":[{"@type":"CommentAction","name":"Comment","target":["https:\/\/transportjournal.com\/it\/2026\/03\/12\/sviluppo-del-traffico-di-hupac-2025\/#respond"]}]},{"@type":"WebPage","@id":"https:\/\/transportjournal.com\/it\/2026\/03\/12\/sviluppo-del-traffico-di-hupac-2025\/","url":"https:\/\/transportjournal.com\/it\/2026\/03\/12\/sviluppo-del-traffico-di-hupac-2025\/","name":"Sviluppo del traffico di Hupac 2025 - ITJ | International Transport Journal","isPartOf":{"@id":"https:\/\/transportjournal.com\/it\/#website"},"primaryImageOfPage":{"@id":"https:\/\/transportjournal.com\/it\/2026\/03\/12\/sviluppo-del-traffico-di-hupac-2025\/#primaryimage"},"image":{"@id":"https:\/\/transportjournal.com\/it\/2026\/03\/12\/sviluppo-del-traffico-di-hupac-2025\/#primaryimage"},"thumbnailUrl":"https:\/\/transportjournal.com\/wp-content\/uploads\/sites\/2\/2026\/03\/Hupac-Verkehrsentwicklung-2025-aspect-ratio-1400-788.jpg","datePublished":"2026-03-12T09:46:31+00:00","breadcrumb":{"@id":"https:\/\/transportjournal.com\/it\/2026\/03\/12\/sviluppo-del-traffico-di-hupac-2025\/#breadcrumb"},"inLanguage":"it-IT","potentialAction":[{"@type":"ReadAction","target":["https:\/\/transportjournal.com\/it\/2026\/03\/12\/sviluppo-del-traffico-di-hupac-2025\/"]}]},{"@type":"ImageObject","inLanguage":"it-IT","@id":"https:\/\/transportjournal.com\/it\/2026\/03\/12\/sviluppo-del-traffico-di-hupac-2025\/#primaryimage","url":"https:\/\/transportjournal.com\/wp-content\/uploads\/sites\/2\/2026\/03\/Hupac-Verkehrsentwicklung-2025-aspect-ratio-1400-788.jpg","contentUrl":"https:\/\/transportjournal.com\/wp-content\/uploads\/sites\/2\/2026\/03\/Hupac-Verkehrsentwicklung-2025-aspect-ratio-1400-788.jpg","width":1600,"height":901},{"@type":"BreadcrumbList","@id":"https:\/\/transportjournal.com\/it\/2026\/03\/12\/sviluppo-del-traffico-di-hupac-2025\/#breadcrumb","itemListElement":[{"@type":"ListItem","position":1,"name":"Startseite","item":"https:\/\/transportjournal.com\/it\/"},{"@type":"ListItem","position":2,"name":"Sviluppo del traffico di Hupac 2025"}]},{"@type":"WebSite","@id":"https:\/\/transportjournal.com\/it\/#website","url":"https:\/\/transportjournal.com\/it\/","name":"ITJ | International Transport Journal","description":"Stay informed with the latest global news from the transport, logistics, and supply chain industries. Transport Journal delivers expert insights, analysis, and updates across shipping, aviation, intermodal, and forwarding.","publisher":{"@id":"https:\/\/transportjournal.com\/it\/#organization"},"potentialAction":[{"@type":"SearchAction","target":{"@type":"EntryPoint","urlTemplate":"https:\/\/transportjournal.com\/it\/?s={search_term_string}"},"query-input":{"@type":"PropertyValueSpecification","valueRequired":true,"valueName":"search_term_string"}}],"inLanguage":"it-IT"},{"@type":"Organization","@id":"https:\/\/transportjournal.com\/it\/#organization","name":"Logismedia Group AG","alternateName":"Logismedia Group AG","url":"https:\/\/transportjournal.com\/it\/","logo":{"@type":"ImageObject","inLanguage":"it-IT","@id":"https:\/\/transportjournal.com\/it\/#\/schema\/logo\/image\/","url":"https:\/\/transportjournal.com\/wp-content\/uploads\/sites\/2\/2025\/09\/Logo_ITJ.png","contentUrl":"https:\/\/transportjournal.com\/wp-content\/uploads\/sites\/2\/2025\/09\/Logo_ITJ.png","width":799,"height":326,"caption":"Logismedia Group AG"},"image":{"@id":"https:\/\/transportjournal.com\/it\/#\/schema\/logo\/image\/"},"sameAs":["https:\/\/www.linkedin.com\/company\/56456496\/admin\/dashboard\/","https:\/\/www.instagram.com\/logismediagroup\/","https:\/\/www.youtube.com\/@LogiamediaGroupAG"]},{"@type":"Person","@id":"https:\/\/transportjournal.com\/it\/#\/schema\/person\/13a9fc605c753db60ef7750a229cd042","name":"Gyan Sharan","url":"https:\/\/transportjournal.com\/it\/author\/gyan\/"}]}},"_links":{"self":[{"href":"https:\/\/transportjournal.com\/it\/wp-json\/wp\/v2\/posts\/80589","targetHints":{"allow":["GET"]}}],"collection":[{"href":"https:\/\/transportjournal.com\/it\/wp-json\/wp\/v2\/posts"}],"about":[{"href":"https:\/\/transportjournal.com\/it\/wp-json\/wp\/v2\/types\/post"}],"author":[{"embeddable":true,"href":"https:\/\/transportjournal.com\/it\/wp-json\/wp\/v2\/users\/14"}],"replies":[{"embeddable":true,"href":"https:\/\/transportjournal.com\/it\/wp-json\/wp\/v2\/comments?post=80589"}],"version-history":[{"count":0,"href":"https:\/\/transportjournal.com\/it\/wp-json\/wp\/v2\/posts\/80589\/revisions"}],"wp:featuredmedia":[{"embeddable":true,"href":"https:\/\/transportjournal.com\/it\/wp-json\/wp\/v2\/media\/80585"}],"wp:attachment":[{"href":"https:\/\/transportjournal.com\/it\/wp-json\/wp\/v2\/media?parent=80589"}],"wp:term":[{"taxonomy":"category","embeddable":true,"href":"https:\/\/transportjournal.com\/it\/wp-json\/wp\/v2\/categories?post=80589"},{"taxonomy":"post_tag","embeddable":true,"href":"https:\/\/transportjournal.com\/it\/wp-json\/wp\/v2\/tags?post=80589"}],"curies":[{"name":"wp","href":"https:\/\/api.w.org\/{rel}","templated":true}]}}