{"id":80567,"date":"2026-03-12T09:19:07","date_gmt":"2026-03-12T09:19:07","guid":{"rendered":"https:\/\/transportjournal.com\/2026\/03\/12\/logistec-acquisisce-il-travero-logistics-park\/"},"modified":"2026-03-12T10:42:55","modified_gmt":"2026-03-12T09:42:55","slug":"logistec-acquisisce-il-travero-logistics-park","status":"publish","type":"post","link":"https:\/\/transportjournal.com\/it\/2026\/03\/12\/logistec-acquisisce-il-travero-logistics-park\/","title":{"rendered":"Logistec acquisisce il Travero Logistics Park"},"content":{"rendered":"<p>LOGISTEC ha annunciato l&#8217;acquisizione del Travero Logistics Park Dubuque (LPD) per espandere la sua rete di vie navigabili interne negli Stati Uniti. Con questa acquisizione, l&#8217;azienda intende aprire nuove connessioni di mercato, come comunicato.<\/p>\n<p>Il Travero Logistics Park Dubuque si trova a East Dubuque, Illinois, a monte del Mississippi. Con una superficie di 40 ettari, il terminal offre servizi multimodali, concentrandosi sul carico, lo stoccaggio e il caricamento di merci sfuse e in colli. L&#8217;accesso al terminal avviene sia tramite chiatte interne che tramite ferrovia e camion, fornendo una soluzione logistica per diversi settori. LPD serve, tra gli altri, produttori nei settori dell&#8217;agricoltura, dell&#8217;acciaio, della manifattura e dell&#8217;energia.<\/p>\n<p>L&#8217;acquisizione del LPD segue un accordo recentemente concluso da LOGISTEC con IPA Terminal ad Altamira, Messico. Berenson &amp; Company, LLC, ha agito come consulente finanziario per LOGISTEC, mentre King &amp; Spalding ha gestito gli aspetti legali della transazione. RJM &amp; Company, LLC, ha svolto il ruolo di consulente finanziario per Travero, e Chapman &amp; Cutler ha fornito consulenza legale per questa parte.<\/p>\n<p><a href=\"https:\/\/www.logistec.com\/\" target=\"_blank\" rel=\"noopener noreferrer\">www.logistec.com<\/a><\/p>\n","protected":false},"excerpt":{"rendered":"<p>Logistec ha acquisito il Travero Logistics Park di Dubuque per espandere le sue capacit\u00e0 logistiche negli Stati Uniti e creare nuove connessioni di mercato.<\/p>\n","protected":false},"author":10,"featured_media":80563,"comment_status":"open","ping_status":"","sticky":false,"template":"","format":"standard","meta":{"_acf_changed":false,"footnotes":""},"categories":[1628],"tags":[26256,26257,26258,26259,26260,22805,26261,26262,26263,3353,3354,24142,24143,26264,2122,26265,2125,5546,3328,3994,26266,2373,26267,26268,26269,26270,26271,26272,26273,24151,26274,22813,26275,26276,26277,11310,2076,3379,2145,2386,26278,26279,26280,11322,26281,26282,26283,26284,26285,26286,26287,26288,2839,1837,26289,26290],"class_list":["post-80567","post","type-post","status-publish","format-standard","has-post-thumbnail","hentry","category-intermodale-strada","tag-acquisition-entreprise-logistique","tag-acquisition-travero","tag-akquisition-travero","tag-binnenwasserstrassennetz","tag-breakbulk-storage","tag-bulk-cargo-handling","tag-connectivite-ferroviaire-et-routiere","tag-connexions-de-marche-usa","tag-deutsch-logistec","tag-digitalisierung-logistik","tag-digitalization-logistics","tag-energie-logistik","tag-energy-logistics","tag-expansion-des-connexions-de-marche","tag-fachkraeftemangel-logistik","tag-fertigungslogistik-english-logistec","tag-industrie-du-transport","tag-infrastructure-logistics","tag-infrastructure-logistique","tag-infrastruktur-logistik","tag-inland-waterway-network-usa","tag-labor-shortage-logistics","tag-logistics-providers-illinois","tag-logistics-solutions-agriculture","tag-logistikdienstleister-illinois","tag-logistikloesungen-landwirtschaft","tag-logistique-approvisionnement-energetique","tag-logistique-de-fabrication","tag-logistique-de-lindustrie-siderurgique","tag-logistique-energetique","tag-manufacturing-logistics-francais-logistec","tag-manutention-de-marchandises-en-vrac","tag-market-connections-usa","tag-marktverbindungen-usa","tag-mississippi-transport","tag-multimodal-services","tag-multimodale-dienstleistungen","tag-numerisation-logistique","tag-penurie-de-main-doeuvre-logistique","tag-prestataires-de-services-logistiques-usa","tag-prestataires-logistiques-illinois","tag-reseau-de-voies-navigables-interieures-usa","tag-schuettgut-umschlag","tag-services-multimodaux","tag-solutions-logistiques-agriculture","tag-stahlindustrie-logistik","tag-steel-industry-logistics","tag-stockage-de-marchandises","tag-stueckgut-lagerung","tag-terminal-east-dubuque","tag-transport-industrie-de-lacier","tag-transport-mississippi","tag-transportation-industry","tag-transportwirtschaft","tag-travero-logistics-park","tag-wasserstrassennetz-usa"],"acf":[],"yoast_head":"<!-- This site is optimized with the Yoast SEO plugin v27.3 - https:\/\/yoast.com\/product\/yoast-seo-wordpress\/ -->\n<title>LOGISTEC acquisisce il Travero Logistics Park - ITJ | International Transport Journal<\/title>\n<meta name=\"robots\" content=\"index, follow, max-snippet:-1, max-image-preview:large, max-video-preview:-1\" \/>\n<link rel=\"canonical\" href=\"https:\/\/transportjournal.com\/it\/2026\/03\/12\/logistec-acquisisce-il-travero-logistics-park\/\" \/>\n<meta property=\"og:locale\" content=\"it_IT\" \/>\n<meta property=\"og:type\" content=\"article\" \/>\n<meta property=\"og:title\" content=\"LOGISTEC acquisisce il Travero Logistics Park - ITJ | International Transport Journal\" \/>\n<meta property=\"og:description\" content=\"Logistec ha acquisito il Travero Logistics Park di Dubuque per espandere le sue capacit\u00e0 logistiche negli Stati Uniti e creare nuove connessioni di mercato.\" \/>\n<meta property=\"og:url\" content=\"https:\/\/transportjournal.com\/it\/2026\/03\/12\/logistec-acquisisce-il-travero-logistics-park\/\" \/>\n<meta property=\"og:site_name\" content=\"ITJ | International Transport Journal\" \/>\n<meta property=\"article:published_time\" content=\"2026-03-12T09:19:07+00:00\" \/>\n<meta property=\"article:modified_time\" content=\"2026-03-12T09:42:55+00:00\" \/>\n<meta property=\"og:image\" content=\"https:\/\/transportjournal.com\/wp-content\/uploads\/sites\/2\/2026\/03\/LOGISTEC_LOGISTEC_Announces_Acquisition_of_Logistics_Park_Dubuqu-scaled-1.jpg\" \/>\n\t<meta property=\"og:image:width\" content=\"2560\" \/>\n\t<meta property=\"og:image:height\" content=\"1440\" \/>\n\t<meta property=\"og:image:type\" content=\"image\/jpeg\" \/>\n<meta name=\"author\" content=\"Jeremy Soland\" \/>\n<meta name=\"twitter:card\" content=\"summary_large_image\" \/>\n<meta name=\"twitter:label1\" content=\"Scritto da\" \/>\n\t<meta name=\"twitter:data1\" content=\"Jeremy Soland\" \/>\n\t<meta name=\"twitter:label2\" content=\"Tempo di lettura stimato\" \/>\n\t<meta name=\"twitter:data2\" content=\"1 minuto\" \/>\n<script type=\"application\/ld+json\" class=\"yoast-schema-graph\">{\"@context\":\"https:\\\/\\\/schema.org\",\"@graph\":[{\"@type\":\"Article\",\"@id\":\"https:\\\/\\\/transportjournal.com\\\/it\\\/2026\\\/03\\\/12\\\/logistec-acquisisce-il-travero-logistics-park\\\/#article\",\"isPartOf\":{\"@id\":\"https:\\\/\\\/transportjournal.com\\\/it\\\/2026\\\/03\\\/12\\\/logistec-acquisisce-il-travero-logistics-park\\\/\"},\"author\":{\"name\":\"Jeremy Soland\",\"@id\":\"https:\\\/\\\/transportjournal.com\\\/it\\\/#\\\/schema\\\/person\\\/41d36b5474b623392fa613e97e2363fa\"},\"headline\":\"Logistec acquisisce il Travero Logistics Park\",\"datePublished\":\"2026-03-12T09:19:07+00:00\",\"dateModified\":\"2026-03-12T09:42:55+00:00\",\"mainEntityOfPage\":{\"@id\":\"https:\\\/\\\/transportjournal.com\\\/it\\\/2026\\\/03\\\/12\\\/logistec-acquisisce-il-travero-logistics-park\\\/\"},\"wordCount\":185,\"commentCount\":0,\"publisher\":{\"@id\":\"https:\\\/\\\/transportjournal.com\\\/it\\\/#organization\"},\"image\":{\"@id\":\"https:\\\/\\\/transportjournal.com\\\/it\\\/2026\\\/03\\\/12\\\/logistec-acquisisce-il-travero-logistics-park\\\/#primaryimage\"},\"thumbnailUrl\":\"https:\\\/\\\/transportjournal.com\\\/wp-content\\\/uploads\\\/sites\\\/2\\\/2026\\\/03\\\/LOGISTEC_LOGISTEC_Announces_Acquisition_of_Logistics_Park_Dubuqu-scaled-1.jpg\",\"keywords\":[\"acquisition entreprise logistique\",\"acquisition Travero\",\"Akquisition Travero\",\"Binnenwasserstrassennetz\",\"breakbulk storage\",\"bulk cargo handling\",\"connectivit\u00e9 ferroviaire et routi\u00e8re\",\"connexions de march\u00e9 USA\",\"Deutsch LOGISTEC\",\"Digitalisierung Logistik\",\"digitalization logistics\",\"Energie-Logistik\",\"energy logistics\",\"expansion des connexions de march\u00e9\",\"Fachkr\u00e4ftemangel Logistik\",\"Fertigungslogistik English LOGISTEC\",\"industrie du transport\",\"infrastructure logistics\",\"infrastructure logistique\",\"Infrastruktur Logistik\",\"inland waterway network USA\",\"labor shortage logistics\",\"logistics providers Illinois\",\"logistics solutions agriculture\",\"Logistikdienstleister Illinois\",\"Logistikl\u00f6sungen Landwirtschaft\",\"logistique approvisionnement \u00e9nerg\u00e9tique\",\"logistique de fabrication\",\"logistique de l'industrie sid\u00e9rurgique\",\"logistique \u00e9nerg\u00e9tique\",\"manufacturing logistics Fran\u00e7ais LOGISTEC\",\"manutention de marchandises en vrac\",\"market connections USA\",\"Marktverbindungen USA\",\"Mississippi Transport\",\"multimodal services\",\"multimodale Dienstleistungen\",\"num\u00e9risation logistique\",\"p\u00e9nurie de main-d'\u0153uvre logistique\",\"prestataires de services logistiques USA\",\"prestataires logistiques Illinois\",\"r\u00e9seau de voies navigables int\u00e9rieures USA\",\"Sch\u00fcttgut Umschlag\",\"services multimodaux\",\"solutions logistiques agriculture\",\"Stahlindustrie Logistik\",\"steel industry logistics\",\"stockage de marchandises\",\"St\u00fcckgut Lagerung\",\"Terminal East Dubuque\",\"transport industrie de l'acier\",\"transport Mississippi\",\"transportation industry\",\"Transportwirtschaft\",\"Travero Logistics Park\",\"Wasserstrassennetz USA\"],\"articleSection\":[\"Intermodale \\\/ Strada\"],\"inLanguage\":\"it-IT\",\"potentialAction\":[{\"@type\":\"CommentAction\",\"name\":\"Comment\",\"target\":[\"https:\\\/\\\/transportjournal.com\\\/it\\\/2026\\\/03\\\/12\\\/logistec-acquisisce-il-travero-logistics-park\\\/#respond\"]}]},{\"@type\":\"WebPage\",\"@id\":\"https:\\\/\\\/transportjournal.com\\\/it\\\/2026\\\/03\\\/12\\\/logistec-acquisisce-il-travero-logistics-park\\\/\",\"url\":\"https:\\\/\\\/transportjournal.com\\\/it\\\/2026\\\/03\\\/12\\\/logistec-acquisisce-il-travero-logistics-park\\\/\",\"name\":\"LOGISTEC acquisisce il Travero Logistics Park - ITJ | International Transport Journal\",\"isPartOf\":{\"@id\":\"https:\\\/\\\/transportjournal.com\\\/it\\\/#website\"},\"primaryImageOfPage\":{\"@id\":\"https:\\\/\\\/transportjournal.com\\\/it\\\/2026\\\/03\\\/12\\\/logistec-acquisisce-il-travero-logistics-park\\\/#primaryimage\"},\"image\":{\"@id\":\"https:\\\/\\\/transportjournal.com\\\/it\\\/2026\\\/03\\\/12\\\/logistec-acquisisce-il-travero-logistics-park\\\/#primaryimage\"},\"thumbnailUrl\":\"https:\\\/\\\/transportjournal.com\\\/wp-content\\\/uploads\\\/sites\\\/2\\\/2026\\\/03\\\/LOGISTEC_LOGISTEC_Announces_Acquisition_of_Logistics_Park_Dubuqu-scaled-1.jpg\",\"datePublished\":\"2026-03-12T09:19:07+00:00\",\"dateModified\":\"2026-03-12T09:42:55+00:00\",\"breadcrumb\":{\"@id\":\"https:\\\/\\\/transportjournal.com\\\/it\\\/2026\\\/03\\\/12\\\/logistec-acquisisce-il-travero-logistics-park\\\/#breadcrumb\"},\"inLanguage\":\"it-IT\",\"potentialAction\":[{\"@type\":\"ReadAction\",\"target\":[\"https:\\\/\\\/transportjournal.com\\\/it\\\/2026\\\/03\\\/12\\\/logistec-acquisisce-il-travero-logistics-park\\\/\"]}]},{\"@type\":\"ImageObject\",\"inLanguage\":\"it-IT\",\"@id\":\"https:\\\/\\\/transportjournal.com\\\/it\\\/2026\\\/03\\\/12\\\/logistec-acquisisce-il-travero-logistics-park\\\/#primaryimage\",\"url\":\"https:\\\/\\\/transportjournal.com\\\/wp-content\\\/uploads\\\/sites\\\/2\\\/2026\\\/03\\\/LOGISTEC_LOGISTEC_Announces_Acquisition_of_Logistics_Park_Dubuqu-scaled-1.jpg\",\"contentUrl\":\"https:\\\/\\\/transportjournal.com\\\/wp-content\\\/uploads\\\/sites\\\/2\\\/2026\\\/03\\\/LOGISTEC_LOGISTEC_Announces_Acquisition_of_Logistics_Park_Dubuqu-scaled-1.jpg\",\"width\":2560,\"height\":1440,\"caption\":\"LPD Terminal, East Dubuque, Illinois\"},{\"@type\":\"BreadcrumbList\",\"@id\":\"https:\\\/\\\/transportjournal.com\\\/it\\\/2026\\\/03\\\/12\\\/logistec-acquisisce-il-travero-logistics-park\\\/#breadcrumb\",\"itemListElement\":[{\"@type\":\"ListItem\",\"position\":1,\"name\":\"Startseite\",\"item\":\"https:\\\/\\\/transportjournal.com\\\/it\\\/\"},{\"@type\":\"ListItem\",\"position\":2,\"name\":\"LOGISTEC acquisisce il Travero Logistics Park\"}]},{\"@type\":\"WebSite\",\"@id\":\"https:\\\/\\\/transportjournal.com\\\/it\\\/#website\",\"url\":\"https:\\\/\\\/transportjournal.com\\\/it\\\/\",\"name\":\"ITJ | International Transport Journal\",\"description\":\"Stay informed with the latest global news from the transport, logistics, and supply chain industries. Transport Journal delivers expert insights, analysis, and updates across shipping, aviation, intermodal, and forwarding.\",\"publisher\":{\"@id\":\"https:\\\/\\\/transportjournal.com\\\/it\\\/#organization\"},\"potentialAction\":[{\"@type\":\"SearchAction\",\"target\":{\"@type\":\"EntryPoint\",\"urlTemplate\":\"https:\\\/\\\/transportjournal.com\\\/it\\\/?s={search_term_string}\"},\"query-input\":{\"@type\":\"PropertyValueSpecification\",\"valueRequired\":true,\"valueName\":\"search_term_string\"}}],\"inLanguage\":\"it-IT\"},{\"@type\":\"Organization\",\"@id\":\"https:\\\/\\\/transportjournal.com\\\/it\\\/#organization\",\"name\":\"Logismedia Group AG\",\"alternateName\":\"Logismedia Group AG\",\"url\":\"https:\\\/\\\/transportjournal.com\\\/it\\\/\",\"logo\":{\"@type\":\"ImageObject\",\"inLanguage\":\"it-IT\",\"@id\":\"https:\\\/\\\/transportjournal.com\\\/it\\\/#\\\/schema\\\/logo\\\/image\\\/\",\"url\":\"https:\\\/\\\/transportjournal.com\\\/wp-content\\\/uploads\\\/sites\\\/2\\\/2025\\\/09\\\/Logo_ITJ.png\",\"contentUrl\":\"https:\\\/\\\/transportjournal.com\\\/wp-content\\\/uploads\\\/sites\\\/2\\\/2025\\\/09\\\/Logo_ITJ.png\",\"width\":799,\"height\":326,\"caption\":\"Logismedia Group AG\"},\"image\":{\"@id\":\"https:\\\/\\\/transportjournal.com\\\/it\\\/#\\\/schema\\\/logo\\\/image\\\/\"},\"sameAs\":[\"https:\\\/\\\/www.linkedin.com\\\/company\\\/56456496\\\/admin\\\/dashboard\\\/\",\"https:\\\/\\\/www.instagram.com\\\/logismediagroup\\\/\",\"https:\\\/\\\/www.youtube.com\\\/@LogiamediaGroupAG\"]},{\"@type\":\"Person\",\"@id\":\"https:\\\/\\\/transportjournal.com\\\/it\\\/#\\\/schema\\\/person\\\/41d36b5474b623392fa613e97e2363fa\",\"name\":\"Jeremy Soland\",\"url\":\"https:\\\/\\\/transportjournal.com\\\/it\\\/author\\\/jeremy\\\/\"}]}<\/script>\n<!-- \/ Yoast SEO plugin. -->","yoast_head_json":{"title":"LOGISTEC acquisisce il Travero Logistics Park - ITJ | International Transport Journal","robots":{"index":"index","follow":"follow","max-snippet":"max-snippet:-1","max-image-preview":"max-image-preview:large","max-video-preview":"max-video-preview:-1"},"canonical":"https:\/\/transportjournal.com\/it\/2026\/03\/12\/logistec-acquisisce-il-travero-logistics-park\/","og_locale":"it_IT","og_type":"article","og_title":"LOGISTEC acquisisce il Travero Logistics Park - ITJ | International Transport Journal","og_description":"Logistec ha acquisito il Travero Logistics Park di Dubuque per espandere le sue capacit\u00e0 logistiche negli Stati Uniti e creare nuove connessioni di mercato.","og_url":"https:\/\/transportjournal.com\/it\/2026\/03\/12\/logistec-acquisisce-il-travero-logistics-park\/","og_site_name":"ITJ | International Transport Journal","article_published_time":"2026-03-12T09:19:07+00:00","article_modified_time":"2026-03-12T09:42:55+00:00","og_image":[{"width":2560,"height":1440,"url":"https:\/\/transportjournal.com\/wp-content\/uploads\/sites\/2\/2026\/03\/LOGISTEC_LOGISTEC_Announces_Acquisition_of_Logistics_Park_Dubuqu-scaled-1.jpg","type":"image\/jpeg"}],"author":"Jeremy Soland","twitter_card":"summary_large_image","twitter_misc":{"Scritto da":"Jeremy Soland","Tempo di lettura stimato":"1 minuto"},"schema":{"@context":"https:\/\/schema.org","@graph":[{"@type":"Article","@id":"https:\/\/transportjournal.com\/it\/2026\/03\/12\/logistec-acquisisce-il-travero-logistics-park\/#article","isPartOf":{"@id":"https:\/\/transportjournal.com\/it\/2026\/03\/12\/logistec-acquisisce-il-travero-logistics-park\/"},"author":{"name":"Jeremy Soland","@id":"https:\/\/transportjournal.com\/it\/#\/schema\/person\/41d36b5474b623392fa613e97e2363fa"},"headline":"Logistec acquisisce il Travero Logistics Park","datePublished":"2026-03-12T09:19:07+00:00","dateModified":"2026-03-12T09:42:55+00:00","mainEntityOfPage":{"@id":"https:\/\/transportjournal.com\/it\/2026\/03\/12\/logistec-acquisisce-il-travero-logistics-park\/"},"wordCount":185,"commentCount":0,"publisher":{"@id":"https:\/\/transportjournal.com\/it\/#organization"},"image":{"@id":"https:\/\/transportjournal.com\/it\/2026\/03\/12\/logistec-acquisisce-il-travero-logistics-park\/#primaryimage"},"thumbnailUrl":"https:\/\/transportjournal.com\/wp-content\/uploads\/sites\/2\/2026\/03\/LOGISTEC_LOGISTEC_Announces_Acquisition_of_Logistics_Park_Dubuqu-scaled-1.jpg","keywords":["acquisition entreprise logistique","acquisition Travero","Akquisition Travero","Binnenwasserstrassennetz","breakbulk storage","bulk cargo handling","connectivit\u00e9 ferroviaire et routi\u00e8re","connexions de march\u00e9 USA","Deutsch LOGISTEC","Digitalisierung Logistik","digitalization logistics","Energie-Logistik","energy logistics","expansion des connexions de march\u00e9","Fachkr\u00e4ftemangel Logistik","Fertigungslogistik English LOGISTEC","industrie du transport","infrastructure logistics","infrastructure logistique","Infrastruktur Logistik","inland waterway network USA","labor shortage logistics","logistics providers Illinois","logistics solutions agriculture","Logistikdienstleister Illinois","Logistikl\u00f6sungen Landwirtschaft","logistique approvisionnement \u00e9nerg\u00e9tique","logistique de fabrication","logistique de l'industrie sid\u00e9rurgique","logistique \u00e9nerg\u00e9tique","manufacturing logistics Fran\u00e7ais LOGISTEC","manutention de marchandises en vrac","market connections USA","Marktverbindungen USA","Mississippi Transport","multimodal services","multimodale Dienstleistungen","num\u00e9risation logistique","p\u00e9nurie de main-d'\u0153uvre logistique","prestataires de services logistiques USA","prestataires logistiques Illinois","r\u00e9seau de voies navigables int\u00e9rieures USA","Sch\u00fcttgut Umschlag","services multimodaux","solutions logistiques agriculture","Stahlindustrie Logistik","steel industry logistics","stockage de marchandises","St\u00fcckgut Lagerung","Terminal East Dubuque","transport industrie de l'acier","transport Mississippi","transportation industry","Transportwirtschaft","Travero Logistics Park","Wasserstrassennetz USA"],"articleSection":["Intermodale \/ Strada"],"inLanguage":"it-IT","potentialAction":[{"@type":"CommentAction","name":"Comment","target":["https:\/\/transportjournal.com\/it\/2026\/03\/12\/logistec-acquisisce-il-travero-logistics-park\/#respond"]}]},{"@type":"WebPage","@id":"https:\/\/transportjournal.com\/it\/2026\/03\/12\/logistec-acquisisce-il-travero-logistics-park\/","url":"https:\/\/transportjournal.com\/it\/2026\/03\/12\/logistec-acquisisce-il-travero-logistics-park\/","name":"LOGISTEC acquisisce il Travero Logistics Park - ITJ | International Transport Journal","isPartOf":{"@id":"https:\/\/transportjournal.com\/it\/#website"},"primaryImageOfPage":{"@id":"https:\/\/transportjournal.com\/it\/2026\/03\/12\/logistec-acquisisce-il-travero-logistics-park\/#primaryimage"},"image":{"@id":"https:\/\/transportjournal.com\/it\/2026\/03\/12\/logistec-acquisisce-il-travero-logistics-park\/#primaryimage"},"thumbnailUrl":"https:\/\/transportjournal.com\/wp-content\/uploads\/sites\/2\/2026\/03\/LOGISTEC_LOGISTEC_Announces_Acquisition_of_Logistics_Park_Dubuqu-scaled-1.jpg","datePublished":"2026-03-12T09:19:07+00:00","dateModified":"2026-03-12T09:42:55+00:00","breadcrumb":{"@id":"https:\/\/transportjournal.com\/it\/2026\/03\/12\/logistec-acquisisce-il-travero-logistics-park\/#breadcrumb"},"inLanguage":"it-IT","potentialAction":[{"@type":"ReadAction","target":["https:\/\/transportjournal.com\/it\/2026\/03\/12\/logistec-acquisisce-il-travero-logistics-park\/"]}]},{"@type":"ImageObject","inLanguage":"it-IT","@id":"https:\/\/transportjournal.com\/it\/2026\/03\/12\/logistec-acquisisce-il-travero-logistics-park\/#primaryimage","url":"https:\/\/transportjournal.com\/wp-content\/uploads\/sites\/2\/2026\/03\/LOGISTEC_LOGISTEC_Announces_Acquisition_of_Logistics_Park_Dubuqu-scaled-1.jpg","contentUrl":"https:\/\/transportjournal.com\/wp-content\/uploads\/sites\/2\/2026\/03\/LOGISTEC_LOGISTEC_Announces_Acquisition_of_Logistics_Park_Dubuqu-scaled-1.jpg","width":2560,"height":1440,"caption":"LPD Terminal, East Dubuque, Illinois"},{"@type":"BreadcrumbList","@id":"https:\/\/transportjournal.com\/it\/2026\/03\/12\/logistec-acquisisce-il-travero-logistics-park\/#breadcrumb","itemListElement":[{"@type":"ListItem","position":1,"name":"Startseite","item":"https:\/\/transportjournal.com\/it\/"},{"@type":"ListItem","position":2,"name":"LOGISTEC acquisisce il Travero Logistics Park"}]},{"@type":"WebSite","@id":"https:\/\/transportjournal.com\/it\/#website","url":"https:\/\/transportjournal.com\/it\/","name":"ITJ | International Transport Journal","description":"Stay informed with the latest global news from the transport, logistics, and supply chain industries. Transport Journal delivers expert insights, analysis, and updates across shipping, aviation, intermodal, and forwarding.","publisher":{"@id":"https:\/\/transportjournal.com\/it\/#organization"},"potentialAction":[{"@type":"SearchAction","target":{"@type":"EntryPoint","urlTemplate":"https:\/\/transportjournal.com\/it\/?s={search_term_string}"},"query-input":{"@type":"PropertyValueSpecification","valueRequired":true,"valueName":"search_term_string"}}],"inLanguage":"it-IT"},{"@type":"Organization","@id":"https:\/\/transportjournal.com\/it\/#organization","name":"Logismedia Group AG","alternateName":"Logismedia Group AG","url":"https:\/\/transportjournal.com\/it\/","logo":{"@type":"ImageObject","inLanguage":"it-IT","@id":"https:\/\/transportjournal.com\/it\/#\/schema\/logo\/image\/","url":"https:\/\/transportjournal.com\/wp-content\/uploads\/sites\/2\/2025\/09\/Logo_ITJ.png","contentUrl":"https:\/\/transportjournal.com\/wp-content\/uploads\/sites\/2\/2025\/09\/Logo_ITJ.png","width":799,"height":326,"caption":"Logismedia Group AG"},"image":{"@id":"https:\/\/transportjournal.com\/it\/#\/schema\/logo\/image\/"},"sameAs":["https:\/\/www.linkedin.com\/company\/56456496\/admin\/dashboard\/","https:\/\/www.instagram.com\/logismediagroup\/","https:\/\/www.youtube.com\/@LogiamediaGroupAG"]},{"@type":"Person","@id":"https:\/\/transportjournal.com\/it\/#\/schema\/person\/41d36b5474b623392fa613e97e2363fa","name":"Jeremy Soland","url":"https:\/\/transportjournal.com\/it\/author\/jeremy\/"}]}},"_links":{"self":[{"href":"https:\/\/transportjournal.com\/it\/wp-json\/wp\/v2\/posts\/80567","targetHints":{"allow":["GET"]}}],"collection":[{"href":"https:\/\/transportjournal.com\/it\/wp-json\/wp\/v2\/posts"}],"about":[{"href":"https:\/\/transportjournal.com\/it\/wp-json\/wp\/v2\/types\/post"}],"author":[{"embeddable":true,"href":"https:\/\/transportjournal.com\/it\/wp-json\/wp\/v2\/users\/10"}],"replies":[{"embeddable":true,"href":"https:\/\/transportjournal.com\/it\/wp-json\/wp\/v2\/comments?post=80567"}],"version-history":[{"count":2,"href":"https:\/\/transportjournal.com\/it\/wp-json\/wp\/v2\/posts\/80567\/revisions"}],"predecessor-version":[{"id":80581,"href":"https:\/\/transportjournal.com\/it\/wp-json\/wp\/v2\/posts\/80567\/revisions\/80581"}],"wp:featuredmedia":[{"embeddable":true,"href":"https:\/\/transportjournal.com\/it\/wp-json\/wp\/v2\/media\/80563"}],"wp:attachment":[{"href":"https:\/\/transportjournal.com\/it\/wp-json\/wp\/v2\/media?parent=80567"}],"wp:term":[{"taxonomy":"category","embeddable":true,"href":"https:\/\/transportjournal.com\/it\/wp-json\/wp\/v2\/categories?post=80567"},{"taxonomy":"post_tag","embeddable":true,"href":"https:\/\/transportjournal.com\/it\/wp-json\/wp\/v2\/tags?post=80567"}],"curies":[{"name":"wp","href":"https:\/\/api.w.org\/{rel}","templated":true}]}}