{"id":80472,"date":"2026-03-11T14:01:52","date_gmt":"2026-03-11T14:01:52","guid":{"rendered":"https:\/\/transportjournal.com\/2026\/03\/11\/il-gruppo-daher-sotto-nuova-leadership\/"},"modified":"2026-03-20T14:25:31","modified_gmt":"2026-03-20T13:25:31","slug":"il-gruppo-daher-sotto-nuova-leadership","status":"publish","type":"post","link":"https:\/\/transportjournal.com\/it\/2026\/03\/11\/il-gruppo-daher-sotto-nuova-leadership\/","title":{"rendered":"Il gruppo Daher sotto nuova leadership"},"content":{"rendered":"<p>Thibault Scaramanga (a sinistra) sar\u00e0 il nuovo presidente del consiglio di amministrazione del gruppo Daher. L&#8217;attuale vicepresidente, che rappresenta la famiglia Daher nel consiglio, assumer\u00e0 la posizione a partire dal 31 marzo 2026. Contestualmente, Aymeric Daher (a destra) sar\u00e0 delegato come amministratore delegato. Questi cambiamenti fanno parte di una ristrutturazione complessiva, decisa nell&#8217;ottobre 2025, per preparare la prossima generazione dell&#8217;azienda e sviluppare il piano strategico futuro.<\/p>\n<h3>Riorganizzazione della governance aziendale<\/h3>\n<p>Nell&#8217;ambito della nuova organizzazione, il consiglio di amministrazione ha deciso di introdurre un&#8217;esecutivo rafforzato, composto da un amministratore delegato e un amministratore delegato delegato. Questa struttura mira a promuovere la continuit\u00e0 e la complementarit\u00e0 nella governance aziendale. Il nuovo amministratore delegato, la cui selezione \u00e8 attualmente in corso, porter\u00e0 nuove prospettive ed esperienze all&#8217;interno dell&#8217;azienda. Aymeric Daher, che in precedenza ha ricoperto il ruolo di vice amministratore delegato, assumer\u00e0 il ruolo di amministratore delegato delegato a partire dal 31 marzo 2026.<\/p>\n<p>In quella data, Thibault Scaramanga assumer\u00e0 anche la direzione ad interim dell&#8217;azienda. Insieme ad Aymeric Daher, gestir\u00e0 gli affari fino all&#8217;arrivo del nuovo amministratore delegato, contando sul supporto dell&#8217;intero comitato esecutivo.<\/p>\n<p>Didier Kayat, che fa parte del gruppo Daher da vent&#8217;anni e ha ricoperto il ruolo di CEO negli ultimi dieci anni, ha deciso di dedicarsi a nuovi progetti personali. In accordo con il consiglio di amministrazione, lascer\u00e0 le sue funzioni di presidente e amministratore delegato il 31 marzo 2026. Il consiglio di amministrazione lo ringrazia per il suo impegno e i suoi contributi allo sviluppo di Daher, che sotto la sua guida ha subito una trasformazione completa. Questo ha incluso un rafforzamento della presenza internazionale, in particolare attraverso l&#8217;espansione di tutte le attivit\u00e0 nel continente americano, oltre a una crescita continua con un fatturato di 1,9 miliardi di EUR nel 2025. Sotto la sua guida, il gruppo si \u00e8 posizionato con successo e ora \u00e8 tra le 50 maggiori aziende del settore aeronautico a livello mondiale.<\/p>\n<p>&nbsp;<\/p>\n<p><a href=\"https:\/\/www.daher.com\/\" target=\"_blank\" rel=\"noopener noreferrer\">www.daher.com<\/a><\/p>\n<p>&nbsp;<\/p>\n","protected":false},"excerpt":{"rendered":"<p>Thibault Scaramanga diventer\u00e0 presidente del consiglio di amministrazione del gruppo Daher il 31 marzo 2026, mentre Aymeric Daher sar\u00e0 delegato come amministratore delegato.<\/p>\n","protected":false},"author":12,"featured_media":80468,"comment_status":"open","ping_status":"","sticky":false,"template":"","format":"standard","meta":{"_acf_changed":false,"footnotes":""},"categories":[1638,1627,1629],"tags":[12561,26086,3397,26087,26088,26089,2207,26090,26091,12566,4441,2548,5586,26092,4443,2695,2696,26093,26094,26095,1889,26096,2562,3418,3682,26097,26098,26099,26100,2133,1831,2035,6729,2717,3602,26101,26102,2148,6734,6735,5611,2237,26103,26104,1857,26105,5620,15158,7324,2157,26106],"class_list":["post-80472","post","type-post","status-publish","format-standard","has-post-thumbnail","hentry","category-europa","category-persone-e-aziende","category-spedizioni-e-logistica","tag-american-continent","tag-amerikanischer-kontinent","tag-aviation-industry","tag-aymeric-daher","tag-board-of-directors","tag-ceo","tag-chaine-dapprovisionnement","tag-comite-executif","tag-conseil-dadministration","tag-continent-americain","tag-corporate-development","tag-corporate-governance","tag-croissance-des-revenus","tag-deutsch-daher-gruppe","tag-developpement-dentreprise","tag-digitalisierung","tag-digitalization","tag-directeur-general","tag-executive-committee","tag-exekutivkomitee","tag-fachkraeftemangel","tag-generaldirektor","tag-gouvernance-dentreprise","tag-industrie-aeronautique","tag-infrastructure","tag-infrastructure-francais-groupe-daher","tag-infrastruktur-english-daher-group","tag-international-presence","tag-internationale-praesenz","tag-logistics-service-providers","tag-logistikdienstleister","tag-luftfahrtbranche","tag-neustrukturierung","tag-numerisation","tag-penurie-de-competences","tag-plan-strategique","tag-presence-internationale","tag-prestataires-de-services-logistiques","tag-restructuration","tag-restructuring","tag-revenue-growth","tag-skills-shortage","tag-strategic-plan","tag-strategischer-plan","tag-supply-chain","tag-thibault-scaramanga","tag-transformation","tag-umsatzwachstum","tag-unternehmensentwicklung","tag-unternehmensfuehrung","tag-verwaltungsrat"],"acf":[],"yoast_head":"<!-- This site is optimized with the Yoast SEO plugin v27.3 - https:\/\/yoast.com\/product\/yoast-seo-wordpress\/ -->\n<title>Il gruppo Daher sotto nuova leadership - ITJ | International Transport Journal<\/title>\n<meta name=\"robots\" content=\"index, follow, max-snippet:-1, max-image-preview:large, max-video-preview:-1\" \/>\n<link rel=\"canonical\" href=\"https:\/\/transportjournal.com\/it\/2026\/03\/11\/il-gruppo-daher-sotto-nuova-leadership\/\" \/>\n<meta property=\"og:locale\" content=\"it_IT\" \/>\n<meta property=\"og:type\" content=\"article\" \/>\n<meta property=\"og:title\" content=\"Il gruppo Daher sotto nuova leadership - ITJ | International Transport Journal\" \/>\n<meta property=\"og:description\" content=\"Thibault Scaramanga diventer\u00e0 presidente del consiglio di amministrazione del gruppo Daher il 31 marzo 2026, mentre Aymeric Daher sar\u00e0 delegato come amministratore delegato.\" \/>\n<meta property=\"og:url\" content=\"https:\/\/transportjournal.com\/it\/2026\/03\/11\/il-gruppo-daher-sotto-nuova-leadership\/\" \/>\n<meta property=\"og:site_name\" content=\"ITJ | International Transport Journal\" \/>\n<meta property=\"article:published_time\" content=\"2026-03-11T14:01:52+00:00\" \/>\n<meta property=\"article:modified_time\" content=\"2026-03-20T13:25:31+00:00\" \/>\n<meta property=\"og:image\" content=\"https:\/\/transportjournal.com\/wp-content\/uploads\/sites\/2\/2026\/03\/Daher-XoLy0Q-e2O-1200-aspect-ratio-1400-788.webp\" \/>\n\t<meta property=\"og:image:width\" content=\"1142\" \/>\n\t<meta property=\"og:image:height\" content=\"643\" \/>\n\t<meta property=\"og:image:type\" content=\"image\/webp\" \/>\n<meta name=\"author\" content=\"Andreas Haug\" \/>\n<meta name=\"twitter:card\" content=\"summary_large_image\" \/>\n<meta name=\"twitter:label1\" content=\"Scritto da\" \/>\n\t<meta name=\"twitter:data1\" content=\"Andreas Haug\" \/>\n\t<meta name=\"twitter:label2\" content=\"Tempo di lettura stimato\" \/>\n\t<meta name=\"twitter:data2\" content=\"2 minuto\" \/>\n<script type=\"application\/ld+json\" class=\"yoast-schema-graph\">{\"@context\":\"https:\\\/\\\/schema.org\",\"@graph\":[{\"@type\":\"Article\",\"@id\":\"https:\\\/\\\/transportjournal.com\\\/it\\\/2026\\\/03\\\/11\\\/il-gruppo-daher-sotto-nuova-leadership\\\/#article\",\"isPartOf\":{\"@id\":\"https:\\\/\\\/transportjournal.com\\\/it\\\/2026\\\/03\\\/11\\\/il-gruppo-daher-sotto-nuova-leadership\\\/\"},\"author\":{\"name\":\"Andreas Haug\",\"@id\":\"https:\\\/\\\/transportjournal.com\\\/it\\\/#\\\/schema\\\/person\\\/cf538b3157f15afd7589245a4b3dbd25\"},\"headline\":\"Il gruppo Daher sotto nuova leadership\",\"datePublished\":\"2026-03-11T14:01:52+00:00\",\"dateModified\":\"2026-03-20T13:25:31+00:00\",\"mainEntityOfPage\":{\"@id\":\"https:\\\/\\\/transportjournal.com\\\/it\\\/2026\\\/03\\\/11\\\/il-gruppo-daher-sotto-nuova-leadership\\\/\"},\"wordCount\":328,\"commentCount\":0,\"publisher\":{\"@id\":\"https:\\\/\\\/transportjournal.com\\\/it\\\/#organization\"},\"image\":{\"@id\":\"https:\\\/\\\/transportjournal.com\\\/it\\\/2026\\\/03\\\/11\\\/il-gruppo-daher-sotto-nuova-leadership\\\/#primaryimage\"},\"thumbnailUrl\":\"https:\\\/\\\/transportjournal.com\\\/wp-content\\\/uploads\\\/sites\\\/2\\\/2026\\\/03\\\/Daher-XoLy0Q-e2O-1200-aspect-ratio-1400-788.webp\",\"keywords\":[\"American continent\",\"amerikanischer Kontinent\",\"aviation industry\",\"Aymeric Daher\",\"board of directors\",\"CEO\",\"cha\u00eene d'approvisionnement\",\"comit\u00e9 ex\u00e9cutif\",\"conseil d'administration\",\"continent am\u00e9ricain\",\"Corporate Development\",\"corporate governance\",\"croissance des revenus\",\"Deutsch Daher-Gruppe\",\"d\u00e9veloppement d'entreprise\",\"Digitalisierung\",\"digitalization\",\"directeur g\u00e9n\u00e9ral\",\"executive committee\",\"Exekutivkomitee\",\"Fachkr\u00e4ftemangel\",\"Generaldirektor\",\"gouvernance d'entreprise\",\"industrie a\u00e9ronautique\",\"infrastructure\",\"infrastructure Fran\u00e7ais Groupe Daher\",\"Infrastruktur English Daher Group\",\"international presence\",\"internationale Pr\u00e4senz\",\"logistics service providers\",\"Logistikdienstleister\",\"Luftfahrtbranche\",\"Neustrukturierung\",\"num\u00e9risation\",\"p\u00e9nurie de comp\u00e9tences\",\"plan strat\u00e9gique\",\"pr\u00e9sence internationale\",\"prestataires de services logistiques\",\"restructuration\",\"restructuring\",\"revenue growth\",\"skills shortage\",\"strategic plan\",\"strategischer Plan\",\"Supply Chain\",\"Thibault Scaramanga\",\"Transformation\",\"Umsatzwachstum\",\"Unternehmensentwicklung\",\"Unternehmensf\u00fchrung\",\"Verwaltungsrat\"],\"articleSection\":[\"Europa\",\"Persone e aziende\",\"Spedizioniere e Logistica\"],\"inLanguage\":\"it-IT\",\"potentialAction\":[{\"@type\":\"CommentAction\",\"name\":\"Comment\",\"target\":[\"https:\\\/\\\/transportjournal.com\\\/it\\\/2026\\\/03\\\/11\\\/il-gruppo-daher-sotto-nuova-leadership\\\/#respond\"]}]},{\"@type\":\"WebPage\",\"@id\":\"https:\\\/\\\/transportjournal.com\\\/it\\\/2026\\\/03\\\/11\\\/il-gruppo-daher-sotto-nuova-leadership\\\/\",\"url\":\"https:\\\/\\\/transportjournal.com\\\/it\\\/2026\\\/03\\\/11\\\/il-gruppo-daher-sotto-nuova-leadership\\\/\",\"name\":\"Il gruppo Daher sotto nuova leadership - ITJ | International Transport Journal\",\"isPartOf\":{\"@id\":\"https:\\\/\\\/transportjournal.com\\\/it\\\/#website\"},\"primaryImageOfPage\":{\"@id\":\"https:\\\/\\\/transportjournal.com\\\/it\\\/2026\\\/03\\\/11\\\/il-gruppo-daher-sotto-nuova-leadership\\\/#primaryimage\"},\"image\":{\"@id\":\"https:\\\/\\\/transportjournal.com\\\/it\\\/2026\\\/03\\\/11\\\/il-gruppo-daher-sotto-nuova-leadership\\\/#primaryimage\"},\"thumbnailUrl\":\"https:\\\/\\\/transportjournal.com\\\/wp-content\\\/uploads\\\/sites\\\/2\\\/2026\\\/03\\\/Daher-XoLy0Q-e2O-1200-aspect-ratio-1400-788.webp\",\"datePublished\":\"2026-03-11T14:01:52+00:00\",\"dateModified\":\"2026-03-20T13:25:31+00:00\",\"breadcrumb\":{\"@id\":\"https:\\\/\\\/transportjournal.com\\\/it\\\/2026\\\/03\\\/11\\\/il-gruppo-daher-sotto-nuova-leadership\\\/#breadcrumb\"},\"inLanguage\":\"it-IT\",\"potentialAction\":[{\"@type\":\"ReadAction\",\"target\":[\"https:\\\/\\\/transportjournal.com\\\/it\\\/2026\\\/03\\\/11\\\/il-gruppo-daher-sotto-nuova-leadership\\\/\"]}]},{\"@type\":\"ImageObject\",\"inLanguage\":\"it-IT\",\"@id\":\"https:\\\/\\\/transportjournal.com\\\/it\\\/2026\\\/03\\\/11\\\/il-gruppo-daher-sotto-nuova-leadership\\\/#primaryimage\",\"url\":\"https:\\\/\\\/transportjournal.com\\\/wp-content\\\/uploads\\\/sites\\\/2\\\/2026\\\/03\\\/Daher-XoLy0Q-e2O-1200-aspect-ratio-1400-788.webp\",\"contentUrl\":\"https:\\\/\\\/transportjournal.com\\\/wp-content\\\/uploads\\\/sites\\\/2\\\/2026\\\/03\\\/Daher-XoLy0Q-e2O-1200-aspect-ratio-1400-788.webp\",\"width\":1142,\"height\":643},{\"@type\":\"BreadcrumbList\",\"@id\":\"https:\\\/\\\/transportjournal.com\\\/it\\\/2026\\\/03\\\/11\\\/il-gruppo-daher-sotto-nuova-leadership\\\/#breadcrumb\",\"itemListElement\":[{\"@type\":\"ListItem\",\"position\":1,\"name\":\"Startseite\",\"item\":\"https:\\\/\\\/transportjournal.com\\\/it\\\/\"},{\"@type\":\"ListItem\",\"position\":2,\"name\":\"Il gruppo Daher sotto nuova leadership\"}]},{\"@type\":\"WebSite\",\"@id\":\"https:\\\/\\\/transportjournal.com\\\/it\\\/#website\",\"url\":\"https:\\\/\\\/transportjournal.com\\\/it\\\/\",\"name\":\"ITJ | International Transport Journal\",\"description\":\"Stay informed with the latest global news from the transport, logistics, and supply chain industries. Transport Journal delivers expert insights, analysis, and updates across shipping, aviation, intermodal, and forwarding.\",\"publisher\":{\"@id\":\"https:\\\/\\\/transportjournal.com\\\/it\\\/#organization\"},\"potentialAction\":[{\"@type\":\"SearchAction\",\"target\":{\"@type\":\"EntryPoint\",\"urlTemplate\":\"https:\\\/\\\/transportjournal.com\\\/it\\\/?s={search_term_string}\"},\"query-input\":{\"@type\":\"PropertyValueSpecification\",\"valueRequired\":true,\"valueName\":\"search_term_string\"}}],\"inLanguage\":\"it-IT\"},{\"@type\":\"Organization\",\"@id\":\"https:\\\/\\\/transportjournal.com\\\/it\\\/#organization\",\"name\":\"Logismedia Group AG\",\"alternateName\":\"Logismedia Group AG\",\"url\":\"https:\\\/\\\/transportjournal.com\\\/it\\\/\",\"logo\":{\"@type\":\"ImageObject\",\"inLanguage\":\"it-IT\",\"@id\":\"https:\\\/\\\/transportjournal.com\\\/it\\\/#\\\/schema\\\/logo\\\/image\\\/\",\"url\":\"https:\\\/\\\/transportjournal.com\\\/wp-content\\\/uploads\\\/sites\\\/2\\\/2025\\\/09\\\/Logo_ITJ.png\",\"contentUrl\":\"https:\\\/\\\/transportjournal.com\\\/wp-content\\\/uploads\\\/sites\\\/2\\\/2025\\\/09\\\/Logo_ITJ.png\",\"width\":799,\"height\":326,\"caption\":\"Logismedia Group AG\"},\"image\":{\"@id\":\"https:\\\/\\\/transportjournal.com\\\/it\\\/#\\\/schema\\\/logo\\\/image\\\/\"},\"sameAs\":[\"https:\\\/\\\/www.linkedin.com\\\/company\\\/56456496\\\/admin\\\/dashboard\\\/\",\"https:\\\/\\\/www.instagram.com\\\/logismediagroup\\\/\",\"https:\\\/\\\/www.youtube.com\\\/@LogiamediaGroupAG\"]},{\"@type\":\"Person\",\"@id\":\"https:\\\/\\\/transportjournal.com\\\/it\\\/#\\\/schema\\\/person\\\/cf538b3157f15afd7589245a4b3dbd25\",\"name\":\"Andreas Haug\",\"url\":\"https:\\\/\\\/transportjournal.com\\\/it\\\/author\\\/andreas\\\/\"}]}<\/script>\n<!-- \/ Yoast SEO plugin. -->","yoast_head_json":{"title":"Il gruppo Daher sotto nuova leadership - ITJ | International Transport Journal","robots":{"index":"index","follow":"follow","max-snippet":"max-snippet:-1","max-image-preview":"max-image-preview:large","max-video-preview":"max-video-preview:-1"},"canonical":"https:\/\/transportjournal.com\/it\/2026\/03\/11\/il-gruppo-daher-sotto-nuova-leadership\/","og_locale":"it_IT","og_type":"article","og_title":"Il gruppo Daher sotto nuova leadership - ITJ | International Transport Journal","og_description":"Thibault Scaramanga diventer\u00e0 presidente del consiglio di amministrazione del gruppo Daher il 31 marzo 2026, mentre Aymeric Daher sar\u00e0 delegato come amministratore delegato.","og_url":"https:\/\/transportjournal.com\/it\/2026\/03\/11\/il-gruppo-daher-sotto-nuova-leadership\/","og_site_name":"ITJ | International Transport Journal","article_published_time":"2026-03-11T14:01:52+00:00","article_modified_time":"2026-03-20T13:25:31+00:00","og_image":[{"width":1142,"height":643,"url":"https:\/\/transportjournal.com\/wp-content\/uploads\/sites\/2\/2026\/03\/Daher-XoLy0Q-e2O-1200-aspect-ratio-1400-788.webp","type":"image\/webp"}],"author":"Andreas Haug","twitter_card":"summary_large_image","twitter_misc":{"Scritto da":"Andreas Haug","Tempo di lettura stimato":"2 minuto"},"schema":{"@context":"https:\/\/schema.org","@graph":[{"@type":"Article","@id":"https:\/\/transportjournal.com\/it\/2026\/03\/11\/il-gruppo-daher-sotto-nuova-leadership\/#article","isPartOf":{"@id":"https:\/\/transportjournal.com\/it\/2026\/03\/11\/il-gruppo-daher-sotto-nuova-leadership\/"},"author":{"name":"Andreas Haug","@id":"https:\/\/transportjournal.com\/it\/#\/schema\/person\/cf538b3157f15afd7589245a4b3dbd25"},"headline":"Il gruppo Daher sotto nuova leadership","datePublished":"2026-03-11T14:01:52+00:00","dateModified":"2026-03-20T13:25:31+00:00","mainEntityOfPage":{"@id":"https:\/\/transportjournal.com\/it\/2026\/03\/11\/il-gruppo-daher-sotto-nuova-leadership\/"},"wordCount":328,"commentCount":0,"publisher":{"@id":"https:\/\/transportjournal.com\/it\/#organization"},"image":{"@id":"https:\/\/transportjournal.com\/it\/2026\/03\/11\/il-gruppo-daher-sotto-nuova-leadership\/#primaryimage"},"thumbnailUrl":"https:\/\/transportjournal.com\/wp-content\/uploads\/sites\/2\/2026\/03\/Daher-XoLy0Q-e2O-1200-aspect-ratio-1400-788.webp","keywords":["American continent","amerikanischer Kontinent","aviation industry","Aymeric Daher","board of directors","CEO","cha\u00eene d'approvisionnement","comit\u00e9 ex\u00e9cutif","conseil d'administration","continent am\u00e9ricain","Corporate Development","corporate governance","croissance des revenus","Deutsch Daher-Gruppe","d\u00e9veloppement d'entreprise","Digitalisierung","digitalization","directeur g\u00e9n\u00e9ral","executive committee","Exekutivkomitee","Fachkr\u00e4ftemangel","Generaldirektor","gouvernance d'entreprise","industrie a\u00e9ronautique","infrastructure","infrastructure Fran\u00e7ais Groupe Daher","Infrastruktur English Daher Group","international presence","internationale Pr\u00e4senz","logistics service providers","Logistikdienstleister","Luftfahrtbranche","Neustrukturierung","num\u00e9risation","p\u00e9nurie de comp\u00e9tences","plan strat\u00e9gique","pr\u00e9sence internationale","prestataires de services logistiques","restructuration","restructuring","revenue growth","skills shortage","strategic plan","strategischer Plan","Supply Chain","Thibault Scaramanga","Transformation","Umsatzwachstum","Unternehmensentwicklung","Unternehmensf\u00fchrung","Verwaltungsrat"],"articleSection":["Europa","Persone e aziende","Spedizioniere e Logistica"],"inLanguage":"it-IT","potentialAction":[{"@type":"CommentAction","name":"Comment","target":["https:\/\/transportjournal.com\/it\/2026\/03\/11\/il-gruppo-daher-sotto-nuova-leadership\/#respond"]}]},{"@type":"WebPage","@id":"https:\/\/transportjournal.com\/it\/2026\/03\/11\/il-gruppo-daher-sotto-nuova-leadership\/","url":"https:\/\/transportjournal.com\/it\/2026\/03\/11\/il-gruppo-daher-sotto-nuova-leadership\/","name":"Il gruppo Daher sotto nuova leadership - ITJ | International Transport Journal","isPartOf":{"@id":"https:\/\/transportjournal.com\/it\/#website"},"primaryImageOfPage":{"@id":"https:\/\/transportjournal.com\/it\/2026\/03\/11\/il-gruppo-daher-sotto-nuova-leadership\/#primaryimage"},"image":{"@id":"https:\/\/transportjournal.com\/it\/2026\/03\/11\/il-gruppo-daher-sotto-nuova-leadership\/#primaryimage"},"thumbnailUrl":"https:\/\/transportjournal.com\/wp-content\/uploads\/sites\/2\/2026\/03\/Daher-XoLy0Q-e2O-1200-aspect-ratio-1400-788.webp","datePublished":"2026-03-11T14:01:52+00:00","dateModified":"2026-03-20T13:25:31+00:00","breadcrumb":{"@id":"https:\/\/transportjournal.com\/it\/2026\/03\/11\/il-gruppo-daher-sotto-nuova-leadership\/#breadcrumb"},"inLanguage":"it-IT","potentialAction":[{"@type":"ReadAction","target":["https:\/\/transportjournal.com\/it\/2026\/03\/11\/il-gruppo-daher-sotto-nuova-leadership\/"]}]},{"@type":"ImageObject","inLanguage":"it-IT","@id":"https:\/\/transportjournal.com\/it\/2026\/03\/11\/il-gruppo-daher-sotto-nuova-leadership\/#primaryimage","url":"https:\/\/transportjournal.com\/wp-content\/uploads\/sites\/2\/2026\/03\/Daher-XoLy0Q-e2O-1200-aspect-ratio-1400-788.webp","contentUrl":"https:\/\/transportjournal.com\/wp-content\/uploads\/sites\/2\/2026\/03\/Daher-XoLy0Q-e2O-1200-aspect-ratio-1400-788.webp","width":1142,"height":643},{"@type":"BreadcrumbList","@id":"https:\/\/transportjournal.com\/it\/2026\/03\/11\/il-gruppo-daher-sotto-nuova-leadership\/#breadcrumb","itemListElement":[{"@type":"ListItem","position":1,"name":"Startseite","item":"https:\/\/transportjournal.com\/it\/"},{"@type":"ListItem","position":2,"name":"Il gruppo Daher sotto nuova leadership"}]},{"@type":"WebSite","@id":"https:\/\/transportjournal.com\/it\/#website","url":"https:\/\/transportjournal.com\/it\/","name":"ITJ | International Transport Journal","description":"Stay informed with the latest global news from the transport, logistics, and supply chain industries. Transport Journal delivers expert insights, analysis, and updates across shipping, aviation, intermodal, and forwarding.","publisher":{"@id":"https:\/\/transportjournal.com\/it\/#organization"},"potentialAction":[{"@type":"SearchAction","target":{"@type":"EntryPoint","urlTemplate":"https:\/\/transportjournal.com\/it\/?s={search_term_string}"},"query-input":{"@type":"PropertyValueSpecification","valueRequired":true,"valueName":"search_term_string"}}],"inLanguage":"it-IT"},{"@type":"Organization","@id":"https:\/\/transportjournal.com\/it\/#organization","name":"Logismedia Group AG","alternateName":"Logismedia Group AG","url":"https:\/\/transportjournal.com\/it\/","logo":{"@type":"ImageObject","inLanguage":"it-IT","@id":"https:\/\/transportjournal.com\/it\/#\/schema\/logo\/image\/","url":"https:\/\/transportjournal.com\/wp-content\/uploads\/sites\/2\/2025\/09\/Logo_ITJ.png","contentUrl":"https:\/\/transportjournal.com\/wp-content\/uploads\/sites\/2\/2025\/09\/Logo_ITJ.png","width":799,"height":326,"caption":"Logismedia Group AG"},"image":{"@id":"https:\/\/transportjournal.com\/it\/#\/schema\/logo\/image\/"},"sameAs":["https:\/\/www.linkedin.com\/company\/56456496\/admin\/dashboard\/","https:\/\/www.instagram.com\/logismediagroup\/","https:\/\/www.youtube.com\/@LogiamediaGroupAG"]},{"@type":"Person","@id":"https:\/\/transportjournal.com\/it\/#\/schema\/person\/cf538b3157f15afd7589245a4b3dbd25","name":"Andreas Haug","url":"https:\/\/transportjournal.com\/it\/author\/andreas\/"}]}},"_links":{"self":[{"href":"https:\/\/transportjournal.com\/it\/wp-json\/wp\/v2\/posts\/80472","targetHints":{"allow":["GET"]}}],"collection":[{"href":"https:\/\/transportjournal.com\/it\/wp-json\/wp\/v2\/posts"}],"about":[{"href":"https:\/\/transportjournal.com\/it\/wp-json\/wp\/v2\/types\/post"}],"author":[{"embeddable":true,"href":"https:\/\/transportjournal.com\/it\/wp-json\/wp\/v2\/users\/12"}],"replies":[{"embeddable":true,"href":"https:\/\/transportjournal.com\/it\/wp-json\/wp\/v2\/comments?post=80472"}],"version-history":[{"count":1,"href":"https:\/\/transportjournal.com\/it\/wp-json\/wp\/v2\/posts\/80472\/revisions"}],"predecessor-version":[{"id":81951,"href":"https:\/\/transportjournal.com\/it\/wp-json\/wp\/v2\/posts\/80472\/revisions\/81951"}],"wp:featuredmedia":[{"embeddable":true,"href":"https:\/\/transportjournal.com\/it\/wp-json\/wp\/v2\/media\/80468"}],"wp:attachment":[{"href":"https:\/\/transportjournal.com\/it\/wp-json\/wp\/v2\/media?parent=80472"}],"wp:term":[{"taxonomy":"category","embeddable":true,"href":"https:\/\/transportjournal.com\/it\/wp-json\/wp\/v2\/categories?post=80472"},{"taxonomy":"post_tag","embeddable":true,"href":"https:\/\/transportjournal.com\/it\/wp-json\/wp\/v2\/tags?post=80472"}],"curies":[{"name":"wp","href":"https:\/\/api.w.org\/{rel}","templated":true}]}}