{"id":80411,"date":"2026-03-11T12:29:11","date_gmt":"2026-03-11T12:29:11","guid":{"rendered":"https:\/\/transportjournal.com\/2026\/03\/11\/al-hassan-guida-la-regione-gcc-di-dp-world\/"},"modified":"2026-03-11T13:44:06","modified_gmt":"2026-03-11T12:44:06","slug":"al-hassan-guida-la-regione-gcc-di-dp-world","status":"publish","type":"post","link":"https:\/\/transportjournal.com\/it\/2026\/03\/11\/al-hassan-guida-la-regione-gcc-di-dp-world\/","title":{"rendered":"Al-Hassan guida la regione GCC di DP World"},"content":{"rendered":"<p>DP World, un fornitore di servizi logistici globale e operatore di infrastrutture della catena di approvvigionamento con attivit\u00e0 in 69 paesi su tutti i continenti, ha nominato Ahmad Yousef Al-Hassan nuovo CEO e MD della sua organizzazione regionale GCC. In questo ruolo, \u00e8 responsabile dei porti, delle attivit\u00e0 logistiche e della catena di approvvigionamento in diversi mercati del Golfo Persico. L&#8217;azienda gestisce un portafoglio integrato negli Emirati Arabi Uniti, in Arabia Saudita e in Oman.<\/p>\n<p>Focalizzazione sul commercio regionale e sulla logistica<\/p>\n<p>Il nuovo CEO ha l&#8217;obiettivo di rafforzare le catene di approvvigionamento e sviluppare servizi logistici che semplifichino i flussi commerciali. Ha dichiarato che \u00abil commercio \u00e8 pi\u00f9 connesso e complesso che mai, e la nostra priorit\u00e0 \u00e8 trasportare le merci per i nostri clienti in modo sicuro ed efficiente.\u00bb L&#8217;azienda continua a monitorare gli sviluppi nel Golfo Persico e nello Stretto di Hormuz, mentre le operazioni negli impianti di Dubai (EAU) vengono mantenute.<\/p>\n<p>I terminal per container e merci nel porto di Jebel Ali rimangono completamente operativi. L&#8217;azienda collabora strettamente con le autorit\u00e0 degli EAU, le compagnie di navigazione e i partner logistici per garantire flussi di merci stabili.<\/p>\n<p>Al-Hassan \u00e8 in DP World dal 2010 ed \u00e8 stato CFO di DP World GCC dal 2021 al 2026. Con oltre 23 anni di esperienza nel settore, ha lavorato a Dubai, Washington DC, Londra e Hong Kong nei settori della logistica, del tesoreria e della banca.<\/p>\n<p><a href=\"https:\/\/www.dpworld.com\" target=\"_blank\" rel=\"noopener noreferrer\">www.dpworld.com<\/a><\/p>\n","protected":false},"excerpt":{"rendered":"<p>DP World ha nominato Ahmad Yousef Al-Hassan nuovo CEO dell&#8217;organizzazione regionale GCC per ottimizzare le catene di approvvigionamento e i servizi logistici nel Golfo Persico.<\/p>\n","protected":false},"author":14,"featured_media":80407,"comment_status":"open","ping_status":"","sticky":false,"template":"","format":"standard","meta":{"_acf_changed":false,"footnotes":""},"categories":[1640,1627,1631,1629],"tags":[25947,25948,7947,25949,25950,16524,16526,16846,2115,2116,9628,2700,25951,25952,1958,4091,25953,25954,25955,2909,25956,25957,25958,4128,2664,1831,1847,3157,24395,2925,4923,25959,25960,2929,2481,25961,25962,25963,7962,7963,2682,2731,25964,25965,25397,25966,16547,25967,25968,4105,25969],"class_list":["post-80411","post","type-post","status-publish","format-standard","has-post-thumbnail","hentry","category-medio-oriente","category-persone-e-aziende","category-spedizioni-e-porti","category-spedizioni-e-logistica","tag-activites-de-chaine-dapprovisionnement","tag-ahmad-yousef-al-hassan","tag-arabie-saoudite","tag-breakbulk-terminals","tag-connectivite-commerciale","tag-container-terminals","tag-containerterminals","tag-deutsch-dp-world","tag-digitalisierung-in-der-logistik","tag-digitalization-in-logistics","tag-dubai","tag-fachkraeftemangel-in-der-logistik","tag-flux-commerciaux-regionaux","tag-flux-de-marchandises","tag-frachttransport","tag-freight-transport","tag-gcc-region","tag-golfe-persique","tag-goods-flows-francais-dp-world","tag-hafenbetrieb","tag-handelsvernetzung","tag-infrastructure-de-chaine-dapprovisionnement","tag-lieferkettenaktivitaeten","tag-logistics-provider","tag-logistics-services","tag-logistikdienstleister","tag-logistikdienstleistungen","tag-numerisation-dans-la-logistique","tag-oman","tag-operations-portuaires","tag-penurie-de-competences-dans-la-logistique","tag-persian-gulf","tag-persischer-golf","tag-port-operations","tag-prestataire-logistique","tag-region-gcc","tag-regional-trade-flows","tag-regionale-handelsstroeme","tag-saudi-arabia","tag-saudi-arabien","tag-services-logistiques","tag-skills-shortage-in-logistics","tag-stueckgutterminals","tag-supply-chain-activities","tag-supply-chain-infrastructure","tag-supply-chain-infrastruktur","tag-terminaux-a-conteneurs","tag-terminaux-de-marchandises","tag-trade-connectivity","tag-transport-de-fret","tag-warenstroeme-english-dp-world"],"acf":[],"yoast_head":"<!-- This site is optimized with the Yoast SEO plugin v27.3 - https:\/\/yoast.com\/product\/yoast-seo-wordpress\/ -->\n<title>Al-Hassan guida la regione GCC di DP World - ITJ | International Transport Journal<\/title>\n<meta name=\"robots\" content=\"index, follow, max-snippet:-1, max-image-preview:large, max-video-preview:-1\" \/>\n<link rel=\"canonical\" href=\"https:\/\/transportjournal.com\/it\/2026\/03\/11\/al-hassan-guida-la-regione-gcc-di-dp-world\/\" \/>\n<meta property=\"og:locale\" content=\"it_IT\" \/>\n<meta property=\"og:type\" content=\"article\" \/>\n<meta property=\"og:title\" content=\"Al-Hassan guida la regione GCC di DP World - ITJ | International Transport Journal\" \/>\n<meta property=\"og:description\" content=\"DP World ha nominato Ahmad Yousef Al-Hassan nuovo CEO dell&#039;organizzazione regionale GCC per ottimizzare le catene di approvvigionamento e i servizi logistici nel Golfo Persico.\" \/>\n<meta property=\"og:url\" content=\"https:\/\/transportjournal.com\/it\/2026\/03\/11\/al-hassan-guida-la-regione-gcc-di-dp-world\/\" \/>\n<meta property=\"og:site_name\" content=\"ITJ | International Transport Journal\" \/>\n<meta property=\"article:published_time\" content=\"2026-03-11T12:29:11+00:00\" \/>\n<meta property=\"article:modified_time\" content=\"2026-03-11T12:44:06+00:00\" \/>\n<meta property=\"og:image\" content=\"https:\/\/transportjournal.com\/wp-content\/uploads\/sites\/2\/2026\/03\/DP-World-Al-Hassan-CEO-GCC-150_74584-aspect-ratio-1400-788.jpg\" \/>\n\t<meta property=\"og:image:width\" content=\"600\" \/>\n\t<meta property=\"og:image:height\" content=\"337\" \/>\n\t<meta property=\"og:image:type\" content=\"image\/jpeg\" \/>\n<meta name=\"author\" content=\"Gyan Sharan\" \/>\n<meta name=\"twitter:card\" content=\"summary_large_image\" \/>\n<meta name=\"twitter:label1\" content=\"Scritto da\" \/>\n\t<meta name=\"twitter:data1\" content=\"Gyan Sharan\" \/>\n\t<meta name=\"twitter:label2\" content=\"Tempo di lettura stimato\" \/>\n\t<meta name=\"twitter:data2\" content=\"1 minuto\" \/>\n<script type=\"application\/ld+json\" class=\"yoast-schema-graph\">{\"@context\":\"https:\\\/\\\/schema.org\",\"@graph\":[{\"@type\":\"Article\",\"@id\":\"https:\\\/\\\/transportjournal.com\\\/it\\\/2026\\\/03\\\/11\\\/al-hassan-guida-la-regione-gcc-di-dp-world\\\/#article\",\"isPartOf\":{\"@id\":\"https:\\\/\\\/transportjournal.com\\\/it\\\/2026\\\/03\\\/11\\\/al-hassan-guida-la-regione-gcc-di-dp-world\\\/\"},\"author\":{\"name\":\"Gyan Sharan\",\"@id\":\"https:\\\/\\\/transportjournal.com\\\/it\\\/#\\\/schema\\\/person\\\/13a9fc605c753db60ef7750a229cd042\"},\"headline\":\"Al-Hassan guida la regione GCC di DP World\",\"datePublished\":\"2026-03-11T12:29:11+00:00\",\"dateModified\":\"2026-03-11T12:44:06+00:00\",\"mainEntityOfPage\":{\"@id\":\"https:\\\/\\\/transportjournal.com\\\/it\\\/2026\\\/03\\\/11\\\/al-hassan-guida-la-regione-gcc-di-dp-world\\\/\"},\"wordCount\":242,\"commentCount\":0,\"publisher\":{\"@id\":\"https:\\\/\\\/transportjournal.com\\\/it\\\/#organization\"},\"image\":{\"@id\":\"https:\\\/\\\/transportjournal.com\\\/it\\\/2026\\\/03\\\/11\\\/al-hassan-guida-la-regione-gcc-di-dp-world\\\/#primaryimage\"},\"thumbnailUrl\":\"https:\\\/\\\/transportjournal.com\\\/wp-content\\\/uploads\\\/sites\\\/2\\\/2026\\\/03\\\/DP-World-Al-Hassan-CEO-GCC-150_74584-aspect-ratio-1400-788.jpg\",\"keywords\":[\"activit\u00e9s de cha\u00eene d'approvisionnement\",\"Ahmad Yousef Al-Hassan\",\"Arabie Saoudite\",\"breakbulk terminals\",\"connectivit\u00e9 commerciale\",\"container terminals\",\"Containerterminals\",\"Deutsch DP World\",\"Digitalisierung in der Logistik\",\"digitalization in logistics\",\"Dubai\",\"Fachkr\u00e4ftemangel in der Logistik\",\"flux commerciaux r\u00e9gionaux\",\"flux de marchandises\",\"Frachttransport\",\"freight transport\",\"GCC-Region\",\"Golfe Persique\",\"goods flows Fran\u00e7ais DP World\",\"Hafenbetrieb\",\"Handelsvernetzung\",\"infrastructure de cha\u00eene d'approvisionnement\",\"Lieferkettenaktivit\u00e4ten\",\"logistics provider\",\"logistics services\",\"Logistikdienstleister\",\"Logistikdienstleistungen\",\"num\u00e9risation dans la logistique\",\"Oman\",\"op\u00e9rations portuaires\",\"p\u00e9nurie de comp\u00e9tences dans la logistique\",\"Persian Gulf\",\"Persischer Golf\",\"port operations\",\"prestataire logistique\",\"r\u00e9gion GCC\",\"regional trade flows\",\"regionale Handelsstr\u00f6me\",\"Saudi Arabia\",\"Saudi Arabien\",\"services logistiques\",\"skills shortage in logistics\",\"St\u00fcckgutterminals\",\"supply chain activities\",\"supply chain infrastructure\",\"Supply Chain Infrastruktur\",\"terminaux \u00e0 conteneurs\",\"terminaux de marchandises\",\"trade connectivity\",\"transport de fret\",\"Warenstr\u00f6me English DP World\"],\"articleSection\":[\"Medio Oriente\",\"Persone e aziende\",\"Spedizioni e porti\",\"Spedizioniere e Logistica\"],\"inLanguage\":\"it-IT\",\"potentialAction\":[{\"@type\":\"CommentAction\",\"name\":\"Comment\",\"target\":[\"https:\\\/\\\/transportjournal.com\\\/it\\\/2026\\\/03\\\/11\\\/al-hassan-guida-la-regione-gcc-di-dp-world\\\/#respond\"]}]},{\"@type\":\"WebPage\",\"@id\":\"https:\\\/\\\/transportjournal.com\\\/it\\\/2026\\\/03\\\/11\\\/al-hassan-guida-la-regione-gcc-di-dp-world\\\/\",\"url\":\"https:\\\/\\\/transportjournal.com\\\/it\\\/2026\\\/03\\\/11\\\/al-hassan-guida-la-regione-gcc-di-dp-world\\\/\",\"name\":\"Al-Hassan guida la regione GCC di DP World - ITJ | International Transport Journal\",\"isPartOf\":{\"@id\":\"https:\\\/\\\/transportjournal.com\\\/it\\\/#website\"},\"primaryImageOfPage\":{\"@id\":\"https:\\\/\\\/transportjournal.com\\\/it\\\/2026\\\/03\\\/11\\\/al-hassan-guida-la-regione-gcc-di-dp-world\\\/#primaryimage\"},\"image\":{\"@id\":\"https:\\\/\\\/transportjournal.com\\\/it\\\/2026\\\/03\\\/11\\\/al-hassan-guida-la-regione-gcc-di-dp-world\\\/#primaryimage\"},\"thumbnailUrl\":\"https:\\\/\\\/transportjournal.com\\\/wp-content\\\/uploads\\\/sites\\\/2\\\/2026\\\/03\\\/DP-World-Al-Hassan-CEO-GCC-150_74584-aspect-ratio-1400-788.jpg\",\"datePublished\":\"2026-03-11T12:29:11+00:00\",\"dateModified\":\"2026-03-11T12:44:06+00:00\",\"breadcrumb\":{\"@id\":\"https:\\\/\\\/transportjournal.com\\\/it\\\/2026\\\/03\\\/11\\\/al-hassan-guida-la-regione-gcc-di-dp-world\\\/#breadcrumb\"},\"inLanguage\":\"it-IT\",\"potentialAction\":[{\"@type\":\"ReadAction\",\"target\":[\"https:\\\/\\\/transportjournal.com\\\/it\\\/2026\\\/03\\\/11\\\/al-hassan-guida-la-regione-gcc-di-dp-world\\\/\"]}]},{\"@type\":\"ImageObject\",\"inLanguage\":\"it-IT\",\"@id\":\"https:\\\/\\\/transportjournal.com\\\/it\\\/2026\\\/03\\\/11\\\/al-hassan-guida-la-regione-gcc-di-dp-world\\\/#primaryimage\",\"url\":\"https:\\\/\\\/transportjournal.com\\\/wp-content\\\/uploads\\\/sites\\\/2\\\/2026\\\/03\\\/DP-World-Al-Hassan-CEO-GCC-150_74584-aspect-ratio-1400-788.jpg\",\"contentUrl\":\"https:\\\/\\\/transportjournal.com\\\/wp-content\\\/uploads\\\/sites\\\/2\\\/2026\\\/03\\\/DP-World-Al-Hassan-CEO-GCC-150_74584-aspect-ratio-1400-788.jpg\",\"width\":600,\"height\":337},{\"@type\":\"BreadcrumbList\",\"@id\":\"https:\\\/\\\/transportjournal.com\\\/it\\\/2026\\\/03\\\/11\\\/al-hassan-guida-la-regione-gcc-di-dp-world\\\/#breadcrumb\",\"itemListElement\":[{\"@type\":\"ListItem\",\"position\":1,\"name\":\"Startseite\",\"item\":\"https:\\\/\\\/transportjournal.com\\\/it\\\/\"},{\"@type\":\"ListItem\",\"position\":2,\"name\":\"Al-Hassan guida la regione GCC di DP World\"}]},{\"@type\":\"WebSite\",\"@id\":\"https:\\\/\\\/transportjournal.com\\\/it\\\/#website\",\"url\":\"https:\\\/\\\/transportjournal.com\\\/it\\\/\",\"name\":\"ITJ | International Transport Journal\",\"description\":\"Stay informed with the latest global news from the transport, logistics, and supply chain industries. Transport Journal delivers expert insights, analysis, and updates across shipping, aviation, intermodal, and forwarding.\",\"publisher\":{\"@id\":\"https:\\\/\\\/transportjournal.com\\\/it\\\/#organization\"},\"potentialAction\":[{\"@type\":\"SearchAction\",\"target\":{\"@type\":\"EntryPoint\",\"urlTemplate\":\"https:\\\/\\\/transportjournal.com\\\/it\\\/?s={search_term_string}\"},\"query-input\":{\"@type\":\"PropertyValueSpecification\",\"valueRequired\":true,\"valueName\":\"search_term_string\"}}],\"inLanguage\":\"it-IT\"},{\"@type\":\"Organization\",\"@id\":\"https:\\\/\\\/transportjournal.com\\\/it\\\/#organization\",\"name\":\"Logismedia Group AG\",\"alternateName\":\"Logismedia Group AG\",\"url\":\"https:\\\/\\\/transportjournal.com\\\/it\\\/\",\"logo\":{\"@type\":\"ImageObject\",\"inLanguage\":\"it-IT\",\"@id\":\"https:\\\/\\\/transportjournal.com\\\/it\\\/#\\\/schema\\\/logo\\\/image\\\/\",\"url\":\"https:\\\/\\\/transportjournal.com\\\/wp-content\\\/uploads\\\/sites\\\/2\\\/2025\\\/09\\\/Logo_ITJ.png\",\"contentUrl\":\"https:\\\/\\\/transportjournal.com\\\/wp-content\\\/uploads\\\/sites\\\/2\\\/2025\\\/09\\\/Logo_ITJ.png\",\"width\":799,\"height\":326,\"caption\":\"Logismedia Group AG\"},\"image\":{\"@id\":\"https:\\\/\\\/transportjournal.com\\\/it\\\/#\\\/schema\\\/logo\\\/image\\\/\"},\"sameAs\":[\"https:\\\/\\\/www.linkedin.com\\\/company\\\/56456496\\\/admin\\\/dashboard\\\/\",\"https:\\\/\\\/www.instagram.com\\\/logismediagroup\\\/\",\"https:\\\/\\\/www.youtube.com\\\/@LogiamediaGroupAG\"]},{\"@type\":\"Person\",\"@id\":\"https:\\\/\\\/transportjournal.com\\\/it\\\/#\\\/schema\\\/person\\\/13a9fc605c753db60ef7750a229cd042\",\"name\":\"Gyan Sharan\",\"url\":\"https:\\\/\\\/transportjournal.com\\\/it\\\/author\\\/gyan\\\/\"}]}<\/script>\n<!-- \/ Yoast SEO plugin. -->","yoast_head_json":{"title":"Al-Hassan guida la regione GCC di DP World - ITJ | International Transport Journal","robots":{"index":"index","follow":"follow","max-snippet":"max-snippet:-1","max-image-preview":"max-image-preview:large","max-video-preview":"max-video-preview:-1"},"canonical":"https:\/\/transportjournal.com\/it\/2026\/03\/11\/al-hassan-guida-la-regione-gcc-di-dp-world\/","og_locale":"it_IT","og_type":"article","og_title":"Al-Hassan guida la regione GCC di DP World - ITJ | International Transport Journal","og_description":"DP World ha nominato Ahmad Yousef Al-Hassan nuovo CEO dell'organizzazione regionale GCC per ottimizzare le catene di approvvigionamento e i servizi logistici nel Golfo Persico.","og_url":"https:\/\/transportjournal.com\/it\/2026\/03\/11\/al-hassan-guida-la-regione-gcc-di-dp-world\/","og_site_name":"ITJ | International Transport Journal","article_published_time":"2026-03-11T12:29:11+00:00","article_modified_time":"2026-03-11T12:44:06+00:00","og_image":[{"width":600,"height":337,"url":"https:\/\/transportjournal.com\/wp-content\/uploads\/sites\/2\/2026\/03\/DP-World-Al-Hassan-CEO-GCC-150_74584-aspect-ratio-1400-788.jpg","type":"image\/jpeg"}],"author":"Gyan Sharan","twitter_card":"summary_large_image","twitter_misc":{"Scritto da":"Gyan Sharan","Tempo di lettura stimato":"1 minuto"},"schema":{"@context":"https:\/\/schema.org","@graph":[{"@type":"Article","@id":"https:\/\/transportjournal.com\/it\/2026\/03\/11\/al-hassan-guida-la-regione-gcc-di-dp-world\/#article","isPartOf":{"@id":"https:\/\/transportjournal.com\/it\/2026\/03\/11\/al-hassan-guida-la-regione-gcc-di-dp-world\/"},"author":{"name":"Gyan Sharan","@id":"https:\/\/transportjournal.com\/it\/#\/schema\/person\/13a9fc605c753db60ef7750a229cd042"},"headline":"Al-Hassan guida la regione GCC di DP World","datePublished":"2026-03-11T12:29:11+00:00","dateModified":"2026-03-11T12:44:06+00:00","mainEntityOfPage":{"@id":"https:\/\/transportjournal.com\/it\/2026\/03\/11\/al-hassan-guida-la-regione-gcc-di-dp-world\/"},"wordCount":242,"commentCount":0,"publisher":{"@id":"https:\/\/transportjournal.com\/it\/#organization"},"image":{"@id":"https:\/\/transportjournal.com\/it\/2026\/03\/11\/al-hassan-guida-la-regione-gcc-di-dp-world\/#primaryimage"},"thumbnailUrl":"https:\/\/transportjournal.com\/wp-content\/uploads\/sites\/2\/2026\/03\/DP-World-Al-Hassan-CEO-GCC-150_74584-aspect-ratio-1400-788.jpg","keywords":["activit\u00e9s de cha\u00eene d'approvisionnement","Ahmad Yousef Al-Hassan","Arabie Saoudite","breakbulk terminals","connectivit\u00e9 commerciale","container terminals","Containerterminals","Deutsch DP World","Digitalisierung in der Logistik","digitalization in logistics","Dubai","Fachkr\u00e4ftemangel in der Logistik","flux commerciaux r\u00e9gionaux","flux de marchandises","Frachttransport","freight transport","GCC-Region","Golfe Persique","goods flows Fran\u00e7ais DP World","Hafenbetrieb","Handelsvernetzung","infrastructure de cha\u00eene d'approvisionnement","Lieferkettenaktivit\u00e4ten","logistics provider","logistics services","Logistikdienstleister","Logistikdienstleistungen","num\u00e9risation dans la logistique","Oman","op\u00e9rations portuaires","p\u00e9nurie de comp\u00e9tences dans la logistique","Persian Gulf","Persischer Golf","port operations","prestataire logistique","r\u00e9gion GCC","regional trade flows","regionale Handelsstr\u00f6me","Saudi Arabia","Saudi Arabien","services logistiques","skills shortage in logistics","St\u00fcckgutterminals","supply chain activities","supply chain infrastructure","Supply Chain Infrastruktur","terminaux \u00e0 conteneurs","terminaux de marchandises","trade connectivity","transport de fret","Warenstr\u00f6me English DP World"],"articleSection":["Medio Oriente","Persone e aziende","Spedizioni e porti","Spedizioniere e Logistica"],"inLanguage":"it-IT","potentialAction":[{"@type":"CommentAction","name":"Comment","target":["https:\/\/transportjournal.com\/it\/2026\/03\/11\/al-hassan-guida-la-regione-gcc-di-dp-world\/#respond"]}]},{"@type":"WebPage","@id":"https:\/\/transportjournal.com\/it\/2026\/03\/11\/al-hassan-guida-la-regione-gcc-di-dp-world\/","url":"https:\/\/transportjournal.com\/it\/2026\/03\/11\/al-hassan-guida-la-regione-gcc-di-dp-world\/","name":"Al-Hassan guida la regione GCC di DP World - ITJ | International Transport Journal","isPartOf":{"@id":"https:\/\/transportjournal.com\/it\/#website"},"primaryImageOfPage":{"@id":"https:\/\/transportjournal.com\/it\/2026\/03\/11\/al-hassan-guida-la-regione-gcc-di-dp-world\/#primaryimage"},"image":{"@id":"https:\/\/transportjournal.com\/it\/2026\/03\/11\/al-hassan-guida-la-regione-gcc-di-dp-world\/#primaryimage"},"thumbnailUrl":"https:\/\/transportjournal.com\/wp-content\/uploads\/sites\/2\/2026\/03\/DP-World-Al-Hassan-CEO-GCC-150_74584-aspect-ratio-1400-788.jpg","datePublished":"2026-03-11T12:29:11+00:00","dateModified":"2026-03-11T12:44:06+00:00","breadcrumb":{"@id":"https:\/\/transportjournal.com\/it\/2026\/03\/11\/al-hassan-guida-la-regione-gcc-di-dp-world\/#breadcrumb"},"inLanguage":"it-IT","potentialAction":[{"@type":"ReadAction","target":["https:\/\/transportjournal.com\/it\/2026\/03\/11\/al-hassan-guida-la-regione-gcc-di-dp-world\/"]}]},{"@type":"ImageObject","inLanguage":"it-IT","@id":"https:\/\/transportjournal.com\/it\/2026\/03\/11\/al-hassan-guida-la-regione-gcc-di-dp-world\/#primaryimage","url":"https:\/\/transportjournal.com\/wp-content\/uploads\/sites\/2\/2026\/03\/DP-World-Al-Hassan-CEO-GCC-150_74584-aspect-ratio-1400-788.jpg","contentUrl":"https:\/\/transportjournal.com\/wp-content\/uploads\/sites\/2\/2026\/03\/DP-World-Al-Hassan-CEO-GCC-150_74584-aspect-ratio-1400-788.jpg","width":600,"height":337},{"@type":"BreadcrumbList","@id":"https:\/\/transportjournal.com\/it\/2026\/03\/11\/al-hassan-guida-la-regione-gcc-di-dp-world\/#breadcrumb","itemListElement":[{"@type":"ListItem","position":1,"name":"Startseite","item":"https:\/\/transportjournal.com\/it\/"},{"@type":"ListItem","position":2,"name":"Al-Hassan guida la regione GCC di DP World"}]},{"@type":"WebSite","@id":"https:\/\/transportjournal.com\/it\/#website","url":"https:\/\/transportjournal.com\/it\/","name":"ITJ | International Transport Journal","description":"Stay informed with the latest global news from the transport, logistics, and supply chain industries. Transport Journal delivers expert insights, analysis, and updates across shipping, aviation, intermodal, and forwarding.","publisher":{"@id":"https:\/\/transportjournal.com\/it\/#organization"},"potentialAction":[{"@type":"SearchAction","target":{"@type":"EntryPoint","urlTemplate":"https:\/\/transportjournal.com\/it\/?s={search_term_string}"},"query-input":{"@type":"PropertyValueSpecification","valueRequired":true,"valueName":"search_term_string"}}],"inLanguage":"it-IT"},{"@type":"Organization","@id":"https:\/\/transportjournal.com\/it\/#organization","name":"Logismedia Group AG","alternateName":"Logismedia Group AG","url":"https:\/\/transportjournal.com\/it\/","logo":{"@type":"ImageObject","inLanguage":"it-IT","@id":"https:\/\/transportjournal.com\/it\/#\/schema\/logo\/image\/","url":"https:\/\/transportjournal.com\/wp-content\/uploads\/sites\/2\/2025\/09\/Logo_ITJ.png","contentUrl":"https:\/\/transportjournal.com\/wp-content\/uploads\/sites\/2\/2025\/09\/Logo_ITJ.png","width":799,"height":326,"caption":"Logismedia Group AG"},"image":{"@id":"https:\/\/transportjournal.com\/it\/#\/schema\/logo\/image\/"},"sameAs":["https:\/\/www.linkedin.com\/company\/56456496\/admin\/dashboard\/","https:\/\/www.instagram.com\/logismediagroup\/","https:\/\/www.youtube.com\/@LogiamediaGroupAG"]},{"@type":"Person","@id":"https:\/\/transportjournal.com\/it\/#\/schema\/person\/13a9fc605c753db60ef7750a229cd042","name":"Gyan Sharan","url":"https:\/\/transportjournal.com\/it\/author\/gyan\/"}]}},"_links":{"self":[{"href":"https:\/\/transportjournal.com\/it\/wp-json\/wp\/v2\/posts\/80411","targetHints":{"allow":["GET"]}}],"collection":[{"href":"https:\/\/transportjournal.com\/it\/wp-json\/wp\/v2\/posts"}],"about":[{"href":"https:\/\/transportjournal.com\/it\/wp-json\/wp\/v2\/types\/post"}],"author":[{"embeddable":true,"href":"https:\/\/transportjournal.com\/it\/wp-json\/wp\/v2\/users\/14"}],"replies":[{"embeddable":true,"href":"https:\/\/transportjournal.com\/it\/wp-json\/wp\/v2\/comments?post=80411"}],"version-history":[{"count":2,"href":"https:\/\/transportjournal.com\/it\/wp-json\/wp\/v2\/posts\/80411\/revisions"}],"predecessor-version":[{"id":80425,"href":"https:\/\/transportjournal.com\/it\/wp-json\/wp\/v2\/posts\/80411\/revisions\/80425"}],"wp:featuredmedia":[{"embeddable":true,"href":"https:\/\/transportjournal.com\/it\/wp-json\/wp\/v2\/media\/80407"}],"wp:attachment":[{"href":"https:\/\/transportjournal.com\/it\/wp-json\/wp\/v2\/media?parent=80411"}],"wp:term":[{"taxonomy":"category","embeddable":true,"href":"https:\/\/transportjournal.com\/it\/wp-json\/wp\/v2\/categories?post=80411"},{"taxonomy":"post_tag","embeddable":true,"href":"https:\/\/transportjournal.com\/it\/wp-json\/wp\/v2\/tags?post=80411"}],"curies":[{"name":"wp","href":"https:\/\/api.w.org\/{rel}","templated":true}]}}