{"id":80335,"date":"2026-03-11T10:04:55","date_gmt":"2026-03-11T10:04:55","guid":{"rendered":"https:\/\/transportjournal.com\/2026\/03\/11\/il-trasporto-aereo-rafforza-la-resilienza-commerciale-iata\/"},"modified":"2026-03-11T11:18:49","modified_gmt":"2026-03-11T10:18:49","slug":"il-trasporto-aereo-rafforza-la-resilienza-commerciale-iata","status":"publish","type":"post","link":"https:\/\/transportjournal.com\/it\/2026\/03\/11\/il-trasporto-aereo-rafforza-la-resilienza-commerciale-iata\/","title":{"rendered":"Il trasporto aereo rafforza la resilienza commerciale \u2013 Iata"},"content":{"rendered":"<p>La cargo aerea ha sostenuto il commercio mondiale nel 2025 nonostante l&#8217;aumento dei dazi e le incertezze politiche. Secondo l&#8217;Iata, ha consentito consegne accelerate per un valore di 157 miliardi di USD negli Stati Uniti e ha trasportato la maggior parte delle merci globalmente scambiate relative all&#8217;IA.<\/p>\n<p>La cargo aerea ha svolto un ruolo centrale nel commercio globale di merci nel 2025. Un rapporto dell&#8217;Iata mostra che le aziende hanno utilizzato collegamenti aerei rapidi per rispondere ai cambiamenti tariffari, adattare le catene di approvvigionamento e trasportare prodotti tecnologici di alta qualit\u00e0. Il settore ha contribuito alla crescita del commercio mondiale del 2,4% e all&#8217;espansione dell&#8217;economia globale nonostante le crescenti tensioni commerciali.<\/p>\n<p>La pressione doganale modifica le catene di approvvigionamento<\/p>\n<p>Le aziende hanno accelerato le spedizioni via cargo aereo per anticipare i nuovi dazi. Nel primo trimestre del 2025, le importazioni statunitensi sono aumentate di 193 miliardi di USD rispetto all&#8217;anno precedente. Merci per un valore di 157 miliardi di USD di questo aumento sono state trasportate via cargo aereo. Ci\u00f2 corrisponde all&#8217;82% dell&#8217;intera crescita delle importazioni in questo periodo.<\/p>\n<p>Le aziende hanno anche adattato le loro strategie di approvvigionamento per ridurre i rischi doganali. Gli importatori hanno spostato i loro acquisti da partner commerciali fortemente tassati, mentre gli esportatori hanno dirottato le spedizioni verso mercati alternativi, in particolare verso l&#8217;Europa. La cargo aerea ha reso possibili queste rapide adattamenti, poich\u00e9 beni di alta qualit\u00e0 possono essere trasportati rapidamente tra le regioni.<\/p>\n<p>Il settore ha anche supportato la forte crescita dell&#8217;intelligenza artificiale. Pi\u00f9 di due terzi del valore commerciale globale delle merci relative all&#8217;IA sono state trasportate via aerea nel 2025. Le spedizioni di server, chip di memoria e sistemi di archiviazione dati sono aumentate del 20% rispetto all&#8217;anno precedente. Questi prodotti rappresentavano il 54% del valore totale delle merci trasportate via aerea, sebbene il loro volume fosse solo del 7% \u2013 un&#8217;indicazione della loro alta densit\u00e0 di valore.<\/p>\n<p>www.iata.org<\/p>\n","protected":false},"excerpt":{"rendered":"<p>Il trasporto aereo \u00e8 stato decisivo per il commercio mondiale nel 2025, consentendo consegne rapide di beni legati all&#8217;IA e adattamenti ai cambiamenti doganali.<\/p>\n","protected":false},"author":14,"featured_media":80331,"comment_status":"open","ping_status":"","sticky":false,"template":"","format":"standard","meta":{"_acf_changed":false,"footnotes":""},"categories":[1630],"tags":[11528,2600,3447,25754,5396,12662,25755,5128,16110,25756,25757,25758,2265,2115,15828,10460,10461,5139,25759,25760,25761,25762,25763,7453,25764,25765,2125,23792,25766,5408,3561,12674,9116,2133,1831,3472,11545,3475,25767,25768,5867,2148,25769,25770,25771,25772,12681,25773,25774,2837,2155,1837,22031,25775,25776,25777,25778],"class_list":["post-80335","post","type-post","status-publish","format-standard","has-post-thumbnail","hentry","category-trasporto-aereo","tag-air-freight-connections","tag-air-freight-infrastructure","tag-air-freight-market","tag-ajustements-de-marche","tag-artificial-intelligence","tag-chaines-dapprovisionnement","tag-changements-douaniers","tag-commerce-mondial","tag-connexions-de-fret-aerien","tag-croissance-des-importations","tag-customs-changes","tag-customs-risks","tag-deutsch-luftfracht","tag-digitalisierung-in-der-logistik","tag-etats-unis","tag-europa","tag-europe","tag-global-trade","tag-goods-transport","tag-handelsresilienz","tag-handelsstrategien","tag-high-value-technology-products","tag-hochwertige-technologieprodukte","tag-iata","tag-import-growth","tag-importwachstum","tag-industrie-du-transport","tag-infrastructure-du-fret-aerien","tag-infrastruktur-der-luftfracht","tag-intelligence-artificielle","tag-kuenstliche-intelligenz","tag-lieferketten","tag-logistics-digitization","tag-logistics-service-providers","tag-logistikdienstleister","tag-luftfrachtmarkt","tag-luftfrachtverbindungen","tag-marche-du-fret-aerien","tag-market-adjustments-francais-fret-aerien","tag-marktanpassungen-english-air-freight","tag-numerisation-de-la-logistique","tag-prestataires-de-services-logistiques","tag-produits-technologiques-de-haute-valeur","tag-resilience-commerciale","tag-risques-douaniers","tag-strategies-commerciales","tag-supply-chains","tag-trade-resilience","tag-trade-strategies","tag-transport-de-marchandises","tag-transport-industry","tag-transportwirtschaft","tag-usa","tag-warenverkehr","tag-welthandel","tag-zollaenderungen","tag-zollrisiken"],"acf":[],"yoast_head":"<!-- This site is optimized with the Yoast SEO plugin v27.3 - https:\/\/yoast.com\/product\/yoast-seo-wordpress\/ -->\n<title>Il trasporto aereo rafforza la resilienza commerciale \u2013 Iata - ITJ | International Transport Journal<\/title>\n<meta name=\"robots\" content=\"index, follow, max-snippet:-1, max-image-preview:large, max-video-preview:-1\" \/>\n<link rel=\"canonical\" href=\"https:\/\/transportjournal.com\/it\/2026\/03\/11\/il-trasporto-aereo-rafforza-la-resilienza-commerciale-iata\/\" \/>\n<meta property=\"og:locale\" content=\"it_IT\" \/>\n<meta property=\"og:type\" content=\"article\" \/>\n<meta property=\"og:title\" content=\"Il trasporto aereo rafforza la resilienza commerciale \u2013 Iata - ITJ | International Transport Journal\" \/>\n<meta property=\"og:description\" content=\"Il trasporto aereo \u00e8 stato decisivo per il commercio mondiale nel 2025, consentendo consegne rapide di beni legati all&#039;IA e adattamenti ai cambiamenti doganali.\" \/>\n<meta property=\"og:url\" content=\"https:\/\/transportjournal.com\/it\/2026\/03\/11\/il-trasporto-aereo-rafforza-la-resilienza-commerciale-iata\/\" \/>\n<meta property=\"og:site_name\" content=\"ITJ | International Transport Journal\" \/>\n<meta property=\"article:published_time\" content=\"2026-03-11T10:04:55+00:00\" \/>\n<meta property=\"article:modified_time\" content=\"2026-03-11T10:18:49+00:00\" \/>\n<meta property=\"og:image\" content=\"https:\/\/transportjournal.com\/wp-content\/uploads\/sites\/2\/2026\/03\/Luftfracht_allgemein_AdobeStock_215225362_PhotoCandy1812-scaled-aspect-ratio-1400-788-scaled-1.jpeg\" \/>\n\t<meta property=\"og:image:width\" content=\"2560\" \/>\n\t<meta property=\"og:image:height\" content=\"1441\" \/>\n\t<meta property=\"og:image:type\" content=\"image\/jpeg\" \/>\n<meta name=\"author\" content=\"Gyan Sharan\" \/>\n<meta name=\"twitter:card\" content=\"summary_large_image\" \/>\n<meta name=\"twitter:label1\" content=\"Scritto da\" \/>\n\t<meta name=\"twitter:data1\" content=\"Gyan Sharan\" \/>\n\t<meta name=\"twitter:label2\" content=\"Tempo di lettura stimato\" \/>\n\t<meta name=\"twitter:data2\" content=\"2 minuto\" \/>\n<script type=\"application\/ld+json\" class=\"yoast-schema-graph\">{\"@context\":\"https:\\\/\\\/schema.org\",\"@graph\":[{\"@type\":\"Article\",\"@id\":\"https:\\\/\\\/transportjournal.com\\\/it\\\/2026\\\/03\\\/11\\\/il-trasporto-aereo-rafforza-la-resilienza-commerciale-iata\\\/#article\",\"isPartOf\":{\"@id\":\"https:\\\/\\\/transportjournal.com\\\/it\\\/2026\\\/03\\\/11\\\/il-trasporto-aereo-rafforza-la-resilienza-commerciale-iata\\\/\"},\"author\":{\"name\":\"Gyan Sharan\",\"@id\":\"https:\\\/\\\/transportjournal.com\\\/it\\\/#\\\/schema\\\/person\\\/13a9fc605c753db60ef7750a229cd042\"},\"headline\":\"Il trasporto aereo rafforza la resilienza commerciale \u2013 Iata\",\"datePublished\":\"2026-03-11T10:04:55+00:00\",\"dateModified\":\"2026-03-11T10:18:49+00:00\",\"mainEntityOfPage\":{\"@id\":\"https:\\\/\\\/transportjournal.com\\\/it\\\/2026\\\/03\\\/11\\\/il-trasporto-aereo-rafforza-la-resilienza-commerciale-iata\\\/\"},\"wordCount\":330,\"commentCount\":0,\"publisher\":{\"@id\":\"https:\\\/\\\/transportjournal.com\\\/it\\\/#organization\"},\"image\":{\"@id\":\"https:\\\/\\\/transportjournal.com\\\/it\\\/2026\\\/03\\\/11\\\/il-trasporto-aereo-rafforza-la-resilienza-commerciale-iata\\\/#primaryimage\"},\"thumbnailUrl\":\"https:\\\/\\\/transportjournal.com\\\/wp-content\\\/uploads\\\/sites\\\/2\\\/2026\\\/03\\\/Luftfracht_allgemein_AdobeStock_215225362_PhotoCandy1812-scaled-aspect-ratio-1400-788-scaled-1.jpeg\",\"keywords\":[\"air freight connections\",\"air freight infrastructure\",\"air freight market\",\"ajustements de march\u00e9\",\"artificial intelligence\",\"cha\u00eenes d'approvisionnement\",\"changements douaniers\",\"commerce mondial\",\"connexions de fret a\u00e9rien\",\"croissance des importations\",\"customs changes\",\"customs risks\",\"Deutsch Luftfracht\",\"Digitalisierung in der Logistik\",\"\u00c9tats-Unis\",\"Europa\",\"Europe\",\"global trade\",\"goods transport\",\"Handelsresilienz\",\"Handelsstrategien\",\"high-value technology products\",\"Hochwertige Technologieprodukte\",\"IATA\",\"import growth\",\"Importwachstum\",\"industrie du transport\",\"infrastructure du fret a\u00e9rien\",\"Infrastruktur der Luftfracht\",\"intelligence artificielle\",\"K\u00fcnstliche Intelligenz\",\"Lieferketten\",\"logistics digitization\",\"logistics service providers\",\"Logistikdienstleister\",\"Luftfrachtmarkt\",\"Luftfrachtverbindungen\",\"march\u00e9 du fret a\u00e9rien\",\"market adjustments Fran\u00e7ais Fret a\u00e9rien\",\"Marktanpassungen English Air freight\",\"num\u00e9risation de la logistique\",\"prestataires de services logistiques\",\"produits technologiques de haute valeur\",\"r\u00e9silience commerciale\",\"risques douaniers\",\"strat\u00e9gies commerciales\",\"supply chains\",\"trade resilience\",\"trade strategies\",\"transport de marchandises\",\"transport industry\",\"Transportwirtschaft\",\"USA\",\"Warenverkehr\",\"Welthandel\",\"Zoll\u00e4nderungen\",\"Zollrisiken\"],\"articleSection\":[\"Trasporto aereo\"],\"inLanguage\":\"it-IT\",\"potentialAction\":[{\"@type\":\"CommentAction\",\"name\":\"Comment\",\"target\":[\"https:\\\/\\\/transportjournal.com\\\/it\\\/2026\\\/03\\\/11\\\/il-trasporto-aereo-rafforza-la-resilienza-commerciale-iata\\\/#respond\"]}]},{\"@type\":\"WebPage\",\"@id\":\"https:\\\/\\\/transportjournal.com\\\/it\\\/2026\\\/03\\\/11\\\/il-trasporto-aereo-rafforza-la-resilienza-commerciale-iata\\\/\",\"url\":\"https:\\\/\\\/transportjournal.com\\\/it\\\/2026\\\/03\\\/11\\\/il-trasporto-aereo-rafforza-la-resilienza-commerciale-iata\\\/\",\"name\":\"Il trasporto aereo rafforza la resilienza commerciale \u2013 Iata - ITJ | International Transport Journal\",\"isPartOf\":{\"@id\":\"https:\\\/\\\/transportjournal.com\\\/it\\\/#website\"},\"primaryImageOfPage\":{\"@id\":\"https:\\\/\\\/transportjournal.com\\\/it\\\/2026\\\/03\\\/11\\\/il-trasporto-aereo-rafforza-la-resilienza-commerciale-iata\\\/#primaryimage\"},\"image\":{\"@id\":\"https:\\\/\\\/transportjournal.com\\\/it\\\/2026\\\/03\\\/11\\\/il-trasporto-aereo-rafforza-la-resilienza-commerciale-iata\\\/#primaryimage\"},\"thumbnailUrl\":\"https:\\\/\\\/transportjournal.com\\\/wp-content\\\/uploads\\\/sites\\\/2\\\/2026\\\/03\\\/Luftfracht_allgemein_AdobeStock_215225362_PhotoCandy1812-scaled-aspect-ratio-1400-788-scaled-1.jpeg\",\"datePublished\":\"2026-03-11T10:04:55+00:00\",\"dateModified\":\"2026-03-11T10:18:49+00:00\",\"breadcrumb\":{\"@id\":\"https:\\\/\\\/transportjournal.com\\\/it\\\/2026\\\/03\\\/11\\\/il-trasporto-aereo-rafforza-la-resilienza-commerciale-iata\\\/#breadcrumb\"},\"inLanguage\":\"it-IT\",\"potentialAction\":[{\"@type\":\"ReadAction\",\"target\":[\"https:\\\/\\\/transportjournal.com\\\/it\\\/2026\\\/03\\\/11\\\/il-trasporto-aereo-rafforza-la-resilienza-commerciale-iata\\\/\"]}]},{\"@type\":\"ImageObject\",\"inLanguage\":\"it-IT\",\"@id\":\"https:\\\/\\\/transportjournal.com\\\/it\\\/2026\\\/03\\\/11\\\/il-trasporto-aereo-rafforza-la-resilienza-commerciale-iata\\\/#primaryimage\",\"url\":\"https:\\\/\\\/transportjournal.com\\\/wp-content\\\/uploads\\\/sites\\\/2\\\/2026\\\/03\\\/Luftfracht_allgemein_AdobeStock_215225362_PhotoCandy1812-scaled-aspect-ratio-1400-788-scaled-1.jpeg\",\"contentUrl\":\"https:\\\/\\\/transportjournal.com\\\/wp-content\\\/uploads\\\/sites\\\/2\\\/2026\\\/03\\\/Luftfracht_allgemein_AdobeStock_215225362_PhotoCandy1812-scaled-aspect-ratio-1400-788-scaled-1.jpeg\",\"width\":2560,\"height\":1441},{\"@type\":\"BreadcrumbList\",\"@id\":\"https:\\\/\\\/transportjournal.com\\\/it\\\/2026\\\/03\\\/11\\\/il-trasporto-aereo-rafforza-la-resilienza-commerciale-iata\\\/#breadcrumb\",\"itemListElement\":[{\"@type\":\"ListItem\",\"position\":1,\"name\":\"Startseite\",\"item\":\"https:\\\/\\\/transportjournal.com\\\/it\\\/\"},{\"@type\":\"ListItem\",\"position\":2,\"name\":\"Il trasporto aereo rafforza la resilienza commerciale \u2013 Iata\"}]},{\"@type\":\"WebSite\",\"@id\":\"https:\\\/\\\/transportjournal.com\\\/it\\\/#website\",\"url\":\"https:\\\/\\\/transportjournal.com\\\/it\\\/\",\"name\":\"ITJ | International Transport Journal\",\"description\":\"Stay informed with the latest global news from the transport, logistics, and supply chain industries. Transport Journal delivers expert insights, analysis, and updates across shipping, aviation, intermodal, and forwarding.\",\"publisher\":{\"@id\":\"https:\\\/\\\/transportjournal.com\\\/it\\\/#organization\"},\"potentialAction\":[{\"@type\":\"SearchAction\",\"target\":{\"@type\":\"EntryPoint\",\"urlTemplate\":\"https:\\\/\\\/transportjournal.com\\\/it\\\/?s={search_term_string}\"},\"query-input\":{\"@type\":\"PropertyValueSpecification\",\"valueRequired\":true,\"valueName\":\"search_term_string\"}}],\"inLanguage\":\"it-IT\"},{\"@type\":\"Organization\",\"@id\":\"https:\\\/\\\/transportjournal.com\\\/it\\\/#organization\",\"name\":\"Logismedia Group AG\",\"alternateName\":\"Logismedia Group AG\",\"url\":\"https:\\\/\\\/transportjournal.com\\\/it\\\/\",\"logo\":{\"@type\":\"ImageObject\",\"inLanguage\":\"it-IT\",\"@id\":\"https:\\\/\\\/transportjournal.com\\\/it\\\/#\\\/schema\\\/logo\\\/image\\\/\",\"url\":\"https:\\\/\\\/transportjournal.com\\\/wp-content\\\/uploads\\\/sites\\\/2\\\/2025\\\/09\\\/Logo_ITJ.png\",\"contentUrl\":\"https:\\\/\\\/transportjournal.com\\\/wp-content\\\/uploads\\\/sites\\\/2\\\/2025\\\/09\\\/Logo_ITJ.png\",\"width\":799,\"height\":326,\"caption\":\"Logismedia Group AG\"},\"image\":{\"@id\":\"https:\\\/\\\/transportjournal.com\\\/it\\\/#\\\/schema\\\/logo\\\/image\\\/\"},\"sameAs\":[\"https:\\\/\\\/www.linkedin.com\\\/company\\\/56456496\\\/admin\\\/dashboard\\\/\",\"https:\\\/\\\/www.instagram.com\\\/logismediagroup\\\/\",\"https:\\\/\\\/www.youtube.com\\\/@LogiamediaGroupAG\"]},{\"@type\":\"Person\",\"@id\":\"https:\\\/\\\/transportjournal.com\\\/it\\\/#\\\/schema\\\/person\\\/13a9fc605c753db60ef7750a229cd042\",\"name\":\"Gyan Sharan\",\"url\":\"https:\\\/\\\/transportjournal.com\\\/it\\\/author\\\/gyan\\\/\"}]}<\/script>\n<!-- \/ Yoast SEO plugin. -->","yoast_head_json":{"title":"Il trasporto aereo rafforza la resilienza commerciale \u2013 Iata - ITJ | International Transport Journal","robots":{"index":"index","follow":"follow","max-snippet":"max-snippet:-1","max-image-preview":"max-image-preview:large","max-video-preview":"max-video-preview:-1"},"canonical":"https:\/\/transportjournal.com\/it\/2026\/03\/11\/il-trasporto-aereo-rafforza-la-resilienza-commerciale-iata\/","og_locale":"it_IT","og_type":"article","og_title":"Il trasporto aereo rafforza la resilienza commerciale \u2013 Iata - ITJ | International Transport Journal","og_description":"Il trasporto aereo \u00e8 stato decisivo per il commercio mondiale nel 2025, consentendo consegne rapide di beni legati all'IA e adattamenti ai cambiamenti doganali.","og_url":"https:\/\/transportjournal.com\/it\/2026\/03\/11\/il-trasporto-aereo-rafforza-la-resilienza-commerciale-iata\/","og_site_name":"ITJ | International Transport Journal","article_published_time":"2026-03-11T10:04:55+00:00","article_modified_time":"2026-03-11T10:18:49+00:00","og_image":[{"width":2560,"height":1441,"url":"https:\/\/transportjournal.com\/wp-content\/uploads\/sites\/2\/2026\/03\/Luftfracht_allgemein_AdobeStock_215225362_PhotoCandy1812-scaled-aspect-ratio-1400-788-scaled-1.jpeg","type":"image\/jpeg"}],"author":"Gyan Sharan","twitter_card":"summary_large_image","twitter_misc":{"Scritto da":"Gyan Sharan","Tempo di lettura stimato":"2 minuto"},"schema":{"@context":"https:\/\/schema.org","@graph":[{"@type":"Article","@id":"https:\/\/transportjournal.com\/it\/2026\/03\/11\/il-trasporto-aereo-rafforza-la-resilienza-commerciale-iata\/#article","isPartOf":{"@id":"https:\/\/transportjournal.com\/it\/2026\/03\/11\/il-trasporto-aereo-rafforza-la-resilienza-commerciale-iata\/"},"author":{"name":"Gyan Sharan","@id":"https:\/\/transportjournal.com\/it\/#\/schema\/person\/13a9fc605c753db60ef7750a229cd042"},"headline":"Il trasporto aereo rafforza la resilienza commerciale \u2013 Iata","datePublished":"2026-03-11T10:04:55+00:00","dateModified":"2026-03-11T10:18:49+00:00","mainEntityOfPage":{"@id":"https:\/\/transportjournal.com\/it\/2026\/03\/11\/il-trasporto-aereo-rafforza-la-resilienza-commerciale-iata\/"},"wordCount":330,"commentCount":0,"publisher":{"@id":"https:\/\/transportjournal.com\/it\/#organization"},"image":{"@id":"https:\/\/transportjournal.com\/it\/2026\/03\/11\/il-trasporto-aereo-rafforza-la-resilienza-commerciale-iata\/#primaryimage"},"thumbnailUrl":"https:\/\/transportjournal.com\/wp-content\/uploads\/sites\/2\/2026\/03\/Luftfracht_allgemein_AdobeStock_215225362_PhotoCandy1812-scaled-aspect-ratio-1400-788-scaled-1.jpeg","keywords":["air freight connections","air freight infrastructure","air freight market","ajustements de march\u00e9","artificial intelligence","cha\u00eenes d'approvisionnement","changements douaniers","commerce mondial","connexions de fret a\u00e9rien","croissance des importations","customs changes","customs risks","Deutsch Luftfracht","Digitalisierung in der Logistik","\u00c9tats-Unis","Europa","Europe","global trade","goods transport","Handelsresilienz","Handelsstrategien","high-value technology products","Hochwertige Technologieprodukte","IATA","import growth","Importwachstum","industrie du transport","infrastructure du fret a\u00e9rien","Infrastruktur der Luftfracht","intelligence artificielle","K\u00fcnstliche Intelligenz","Lieferketten","logistics digitization","logistics service providers","Logistikdienstleister","Luftfrachtmarkt","Luftfrachtverbindungen","march\u00e9 du fret a\u00e9rien","market adjustments Fran\u00e7ais Fret a\u00e9rien","Marktanpassungen English Air freight","num\u00e9risation de la logistique","prestataires de services logistiques","produits technologiques de haute valeur","r\u00e9silience commerciale","risques douaniers","strat\u00e9gies commerciales","supply chains","trade resilience","trade strategies","transport de marchandises","transport industry","Transportwirtschaft","USA","Warenverkehr","Welthandel","Zoll\u00e4nderungen","Zollrisiken"],"articleSection":["Trasporto aereo"],"inLanguage":"it-IT","potentialAction":[{"@type":"CommentAction","name":"Comment","target":["https:\/\/transportjournal.com\/it\/2026\/03\/11\/il-trasporto-aereo-rafforza-la-resilienza-commerciale-iata\/#respond"]}]},{"@type":"WebPage","@id":"https:\/\/transportjournal.com\/it\/2026\/03\/11\/il-trasporto-aereo-rafforza-la-resilienza-commerciale-iata\/","url":"https:\/\/transportjournal.com\/it\/2026\/03\/11\/il-trasporto-aereo-rafforza-la-resilienza-commerciale-iata\/","name":"Il trasporto aereo rafforza la resilienza commerciale \u2013 Iata - ITJ | International Transport Journal","isPartOf":{"@id":"https:\/\/transportjournal.com\/it\/#website"},"primaryImageOfPage":{"@id":"https:\/\/transportjournal.com\/it\/2026\/03\/11\/il-trasporto-aereo-rafforza-la-resilienza-commerciale-iata\/#primaryimage"},"image":{"@id":"https:\/\/transportjournal.com\/it\/2026\/03\/11\/il-trasporto-aereo-rafforza-la-resilienza-commerciale-iata\/#primaryimage"},"thumbnailUrl":"https:\/\/transportjournal.com\/wp-content\/uploads\/sites\/2\/2026\/03\/Luftfracht_allgemein_AdobeStock_215225362_PhotoCandy1812-scaled-aspect-ratio-1400-788-scaled-1.jpeg","datePublished":"2026-03-11T10:04:55+00:00","dateModified":"2026-03-11T10:18:49+00:00","breadcrumb":{"@id":"https:\/\/transportjournal.com\/it\/2026\/03\/11\/il-trasporto-aereo-rafforza-la-resilienza-commerciale-iata\/#breadcrumb"},"inLanguage":"it-IT","potentialAction":[{"@type":"ReadAction","target":["https:\/\/transportjournal.com\/it\/2026\/03\/11\/il-trasporto-aereo-rafforza-la-resilienza-commerciale-iata\/"]}]},{"@type":"ImageObject","inLanguage":"it-IT","@id":"https:\/\/transportjournal.com\/it\/2026\/03\/11\/il-trasporto-aereo-rafforza-la-resilienza-commerciale-iata\/#primaryimage","url":"https:\/\/transportjournal.com\/wp-content\/uploads\/sites\/2\/2026\/03\/Luftfracht_allgemein_AdobeStock_215225362_PhotoCandy1812-scaled-aspect-ratio-1400-788-scaled-1.jpeg","contentUrl":"https:\/\/transportjournal.com\/wp-content\/uploads\/sites\/2\/2026\/03\/Luftfracht_allgemein_AdobeStock_215225362_PhotoCandy1812-scaled-aspect-ratio-1400-788-scaled-1.jpeg","width":2560,"height":1441},{"@type":"BreadcrumbList","@id":"https:\/\/transportjournal.com\/it\/2026\/03\/11\/il-trasporto-aereo-rafforza-la-resilienza-commerciale-iata\/#breadcrumb","itemListElement":[{"@type":"ListItem","position":1,"name":"Startseite","item":"https:\/\/transportjournal.com\/it\/"},{"@type":"ListItem","position":2,"name":"Il trasporto aereo rafforza la resilienza commerciale \u2013 Iata"}]},{"@type":"WebSite","@id":"https:\/\/transportjournal.com\/it\/#website","url":"https:\/\/transportjournal.com\/it\/","name":"ITJ | International Transport Journal","description":"Stay informed with the latest global news from the transport, logistics, and supply chain industries. Transport Journal delivers expert insights, analysis, and updates across shipping, aviation, intermodal, and forwarding.","publisher":{"@id":"https:\/\/transportjournal.com\/it\/#organization"},"potentialAction":[{"@type":"SearchAction","target":{"@type":"EntryPoint","urlTemplate":"https:\/\/transportjournal.com\/it\/?s={search_term_string}"},"query-input":{"@type":"PropertyValueSpecification","valueRequired":true,"valueName":"search_term_string"}}],"inLanguage":"it-IT"},{"@type":"Organization","@id":"https:\/\/transportjournal.com\/it\/#organization","name":"Logismedia Group AG","alternateName":"Logismedia Group AG","url":"https:\/\/transportjournal.com\/it\/","logo":{"@type":"ImageObject","inLanguage":"it-IT","@id":"https:\/\/transportjournal.com\/it\/#\/schema\/logo\/image\/","url":"https:\/\/transportjournal.com\/wp-content\/uploads\/sites\/2\/2025\/09\/Logo_ITJ.png","contentUrl":"https:\/\/transportjournal.com\/wp-content\/uploads\/sites\/2\/2025\/09\/Logo_ITJ.png","width":799,"height":326,"caption":"Logismedia Group AG"},"image":{"@id":"https:\/\/transportjournal.com\/it\/#\/schema\/logo\/image\/"},"sameAs":["https:\/\/www.linkedin.com\/company\/56456496\/admin\/dashboard\/","https:\/\/www.instagram.com\/logismediagroup\/","https:\/\/www.youtube.com\/@LogiamediaGroupAG"]},{"@type":"Person","@id":"https:\/\/transportjournal.com\/it\/#\/schema\/person\/13a9fc605c753db60ef7750a229cd042","name":"Gyan Sharan","url":"https:\/\/transportjournal.com\/it\/author\/gyan\/"}]}},"_links":{"self":[{"href":"https:\/\/transportjournal.com\/it\/wp-json\/wp\/v2\/posts\/80335","targetHints":{"allow":["GET"]}}],"collection":[{"href":"https:\/\/transportjournal.com\/it\/wp-json\/wp\/v2\/posts"}],"about":[{"href":"https:\/\/transportjournal.com\/it\/wp-json\/wp\/v2\/types\/post"}],"author":[{"embeddable":true,"href":"https:\/\/transportjournal.com\/it\/wp-json\/wp\/v2\/users\/14"}],"replies":[{"embeddable":true,"href":"https:\/\/transportjournal.com\/it\/wp-json\/wp\/v2\/comments?post=80335"}],"version-history":[{"count":2,"href":"https:\/\/transportjournal.com\/it\/wp-json\/wp\/v2\/posts\/80335\/revisions"}],"predecessor-version":[{"id":80349,"href":"https:\/\/transportjournal.com\/it\/wp-json\/wp\/v2\/posts\/80335\/revisions\/80349"}],"wp:featuredmedia":[{"embeddable":true,"href":"https:\/\/transportjournal.com\/it\/wp-json\/wp\/v2\/media\/80331"}],"wp:attachment":[{"href":"https:\/\/transportjournal.com\/it\/wp-json\/wp\/v2\/media?parent=80335"}],"wp:term":[{"taxonomy":"category","embeddable":true,"href":"https:\/\/transportjournal.com\/it\/wp-json\/wp\/v2\/categories?post=80335"},{"taxonomy":"post_tag","embeddable":true,"href":"https:\/\/transportjournal.com\/it\/wp-json\/wp\/v2\/tags?post=80335"}],"curies":[{"name":"wp","href":"https:\/\/api.w.org\/{rel}","templated":true}]}}