{"id":80228,"date":"2026-03-10T13:40:24","date_gmt":"2026-03-10T13:40:24","guid":{"rendered":"https:\/\/transportjournal.com\/2026\/03\/10\/cargo-partner-punta-sugli-e-lkw\/"},"modified":"2026-03-11T11:14:37","modified_gmt":"2026-03-11T10:14:37","slug":"cargo-partner-punta-sugli-e-lkw","status":"publish","type":"post","link":"https:\/\/transportjournal.com\/it\/2026\/03\/10\/cargo-partner-punta-sugli-e-lkw\/","title":{"rendered":"Cargo-partner punta sugli E-Lkw"},"content":{"rendered":"<p>Il fornitore di servizi logistici Cargo-partner sta promuovendo la decarbonizzazione delle sue catene di trasporto. A tal fine, l&#8217;azienda ha messo in servizio in Austria, insieme al suo partner H. Wenzl Handel Transport Logistik, due Mercedes-Benz eActros 300 completamente elettrici per il trasporto locale intorno all&#8217;aeroporto di Vienna.<\/p>\n<p>I veicoli operano in un raggio di circa 90 km tra il hub dell&#8217;aeroporto di Vienna e destinazioni come St. P\u00f6lten o il centro di Vienna. Con un&#8217;autonomia di circa 250-300 km, sono adatti per tour regionali. Gi\u00e0 nel 2024, Cargo-partner aveva testato l&#8217;eActros in una fase di prova, effettuando trasporti privi di emissioni in ambito urbano.<\/p>\n<p>Una condizione centrale per l&#8217;impiego \u00e8 stata la creazione di un&#8217;infrastruttura di ricarica efficiente presso la sede di Fischamend, che \u00e8 completamente alimentata da energia verde. Secondo l&#8217;azienda, non \u00e8 stato il veicolo, ma soprattutto l&#8217;espansione della connessione elettrica e la necessaria infrastruttura di rete a rappresentare la maggiore sfida.<\/p>\n<p>I camion elettrici vengono utilizzati nel pre e post trasporto di merci via terra, aerea e marittima. Cargo-partner considera il progetto un investimento in future soluzioni di trasporto e raccoglie cos\u00ec esperienze pratiche per una ulteriore elettrificazione della logistica.<\/p>\n<p><a href=\"http:\/\/www.cargo-partner.com\" target=\"_blank\" rel=\"noopener noreferrer\">www.cargo-partner.com<\/a><\/p>\n","protected":false},"excerpt":{"rendered":"<p>Cargo-partner ha messo in funzione due Mercedes-Benz eActros 300 completamente elettrici per il trasporto locale attorno all&#8217;aeroporto di Vienna, in collaborazione con H. Wenzl.<\/p>\n","protected":false},"author":14,"featured_media":80224,"comment_status":"open","ping_status":"","sticky":false,"template":"","format":"standard","meta":{"_acf_changed":false,"footnotes":""},"categories":[1638,1628,1629],"tags":[25672,25673,8655,25674,25675,25676,25677,25678,25679,25680,3739,3353,3354,8661,8664,25681,2999,8667,2122,6943,25682,25683,25684,25685,25686,2125,25687,3745,2075,25688,18034,25689,3147,25690,25691,25692,25693,25694,3379,2145,25695,25696,25697,25698,10012,25699,25700,25701,25702,2155,3033,1837,25703,25704],"class_list":["post-80228","post","type-post","status-publish","format-standard","has-post-thumbnail","hentry","category-europa","category-intermodale-strada","category-spedizioni-e-logistica","tag-aeroport-vienne","tag-airport-vienna","tag-camions-electriques","tag-chaines-de-transport-durables","tag-charging-infrastructure-fischamend","tag-decarbonisation-du-transport","tag-decarbonization-transport","tag-defis-de-connexion-electrique","tag-dekarbonisierung-transport","tag-deutsch-cargo-partner","tag-developpement-des-infrastructures","tag-digitalisierung-logistik","tag-digitalization-logistics","tag-e-lkw","tag-electric-trucks","tag-elektrische-logistik","tag-emission-free-transport","tag-emissionsfreie-transporte","tag-fachkraeftemangel-logistik","tag-flughafen-wien","tag-green-energy-logistics","tag-gruenstrom-logistik","tag-h-wenzl-commerce-transport-logistique","tag-h-wenzl-handel-transport-logistik-english-cargo-partner","tag-h-wenzl-trade-transport-logistics-francais-cargo-partner","tag-industrie-du-transport","tag-infrastructure-de-recharge-fischamend","tag-infrastructure-development","tag-infrastrukturentwicklung","tag-ladeinfrastruktur-fischamend","tag-logistics-service-provider-austria","tag-logistics-vienna","tag-logistikdienstleister-oesterreich","tag-logistique-energie-verte","tag-logistique-vienne","tag-mercedes-benz-eactros","tag-nachhaltige-transportketten","tag-nahverkehr-wien","tag-numerisation-logistique","tag-penurie-de-main-doeuvre-logistique","tag-power-connection-challenges","tag-prestataire-logistique-autriche","tag-regional-tours-vienna","tag-regionale-touren-wien","tag-skilled-labor-shortage-logistics","tag-solutions-logistiques-urbaines","tag-stromanschluss-herausforderungen","tag-sustainable-transport-chains","tag-tournees-regionales-vienne","tag-transport-industry","tag-transport-sans-emissions","tag-transportwirtschaft","tag-urban-logistics-solutions","tag-urbane-logistikloesungen"],"acf":[],"yoast_head":"<!-- This site is optimized with the Yoast SEO plugin v27.3 - https:\/\/yoast.com\/product\/yoast-seo-wordpress\/ -->\n<title>Cargo-partner punta sugli E-Lkw - ITJ | International Transport Journal<\/title>\n<meta name=\"robots\" content=\"index, follow, max-snippet:-1, max-image-preview:large, max-video-preview:-1\" \/>\n<link rel=\"canonical\" href=\"https:\/\/transportjournal.com\/it\/2026\/03\/10\/cargo-partner-punta-sugli-e-lkw\/\" \/>\n<meta property=\"og:locale\" content=\"it_IT\" \/>\n<meta property=\"og:type\" content=\"article\" \/>\n<meta property=\"og:title\" content=\"Cargo-partner punta sugli E-Lkw - ITJ | International Transport Journal\" \/>\n<meta property=\"og:description\" content=\"Cargo-partner ha messo in funzione due Mercedes-Benz eActros 300 completamente elettrici per il trasporto locale attorno all&#039;aeroporto di Vienna, in collaborazione con H. Wenzl.\" \/>\n<meta property=\"og:url\" content=\"https:\/\/transportjournal.com\/it\/2026\/03\/10\/cargo-partner-punta-sugli-e-lkw\/\" \/>\n<meta property=\"og:site_name\" content=\"ITJ | International Transport Journal\" \/>\n<meta property=\"article:published_time\" content=\"2026-03-10T13:40:24+00:00\" \/>\n<meta property=\"article:modified_time\" content=\"2026-03-11T10:14:37+00:00\" \/>\n<meta property=\"og:image\" content=\"https:\/\/transportjournal.com\/wp-content\/uploads\/sites\/2\/2026\/03\/cargo-partner_E-Truck_Wenzl-cp-aspect-ratio-1400-788.jpg\" \/>\n\t<meta property=\"og:image:width\" content=\"1500\" \/>\n\t<meta property=\"og:image:height\" content=\"844\" \/>\n\t<meta property=\"og:image:type\" content=\"image\/jpeg\" \/>\n<meta name=\"author\" content=\"Gyan Sharan\" \/>\n<meta name=\"twitter:card\" content=\"summary_large_image\" \/>\n<meta name=\"twitter:label1\" content=\"Scritto da\" \/>\n\t<meta name=\"twitter:data1\" content=\"Gyan Sharan\" \/>\n\t<meta name=\"twitter:label2\" content=\"Tempo di lettura stimato\" \/>\n\t<meta name=\"twitter:data2\" content=\"1 minuto\" \/>\n<script type=\"application\/ld+json\" class=\"yoast-schema-graph\">{\"@context\":\"https:\\\/\\\/schema.org\",\"@graph\":[{\"@type\":\"Article\",\"@id\":\"https:\\\/\\\/transportjournal.com\\\/it\\\/2026\\\/03\\\/10\\\/cargo-partner-punta-sugli-e-lkw\\\/#article\",\"isPartOf\":{\"@id\":\"https:\\\/\\\/transportjournal.com\\\/it\\\/2026\\\/03\\\/10\\\/cargo-partner-punta-sugli-e-lkw\\\/\"},\"author\":{\"name\":\"Gyan Sharan\",\"@id\":\"https:\\\/\\\/transportjournal.com\\\/it\\\/#\\\/schema\\\/person\\\/13a9fc605c753db60ef7750a229cd042\"},\"headline\":\"Cargo-partner punta sugli E-Lkw\",\"datePublished\":\"2026-03-10T13:40:24+00:00\",\"dateModified\":\"2026-03-11T10:14:37+00:00\",\"mainEntityOfPage\":{\"@id\":\"https:\\\/\\\/transportjournal.com\\\/it\\\/2026\\\/03\\\/10\\\/cargo-partner-punta-sugli-e-lkw\\\/\"},\"wordCount\":205,\"commentCount\":0,\"publisher\":{\"@id\":\"https:\\\/\\\/transportjournal.com\\\/it\\\/#organization\"},\"image\":{\"@id\":\"https:\\\/\\\/transportjournal.com\\\/it\\\/2026\\\/03\\\/10\\\/cargo-partner-punta-sugli-e-lkw\\\/#primaryimage\"},\"thumbnailUrl\":\"https:\\\/\\\/transportjournal.com\\\/wp-content\\\/uploads\\\/sites\\\/2\\\/2026\\\/03\\\/cargo-partner_E-Truck_Wenzl-cp-aspect-ratio-1400-788.jpg\",\"keywords\":[\"a\u00e9roport Vienne\",\"airport Vienna\",\"camions \u00e9lectriques\",\"cha\u00eenes de transport durables\",\"charging infrastructure Fischamend\",\"d\u00e9carbonisation du transport\",\"decarbonization transport\",\"d\u00e9fis de connexion \u00e9lectrique\",\"Dekarbonisierung Transport\",\"Deutsch Cargo-partner\",\"d\u00e9veloppement des infrastructures\",\"Digitalisierung Logistik\",\"digitalization logistics\",\"E-Lkw\",\"electric trucks\",\"elektrische Logistik\",\"emission-free transport\",\"emissionsfreie Transporte\",\"Fachkr\u00e4ftemangel Logistik\",\"Flughafen Wien\",\"green energy logistics\",\"Gr\u00fcnstrom Logistik\",\"H. Wenzl commerce transport logistique\",\"H. Wenzl Handel Transport Logistik English Cargo-partner\",\"H. Wenzl trade transport logistics Fran\u00e7ais Cargo-partner\",\"industrie du transport\",\"infrastructure de recharge Fischamend\",\"infrastructure development\",\"Infrastrukturentwicklung\",\"Ladeinfrastruktur Fischamend\",\"logistics service provider Austria\",\"logistics Vienna\",\"Logistikdienstleister \u00d6sterreich\",\"logistique \u00e9nergie verte\",\"logistique Vienne\",\"Mercedes-Benz eActros\",\"nachhaltige Transportketten\",\"Nahverkehr Wien\",\"num\u00e9risation logistique\",\"p\u00e9nurie de main-d'\u0153uvre logistique\",\"power connection challenges\",\"prestataire logistique Autriche\",\"regional tours Vienna\",\"regionale Touren Wien\",\"skilled labor shortage logistics\",\"solutions logistiques urbaines\",\"Stromanschluss Herausforderungen\",\"sustainable transport chains\",\"tourn\u00e9es r\u00e9gionales Vienne\",\"transport industry\",\"transport sans \u00e9missions\",\"Transportwirtschaft\",\"urban logistics solutions\",\"urbane Logistikl\u00f6sungen\"],\"articleSection\":[\"Europa\",\"Intermodale \\\/ Strada\",\"Spedizioniere e Logistica\"],\"inLanguage\":\"it-IT\",\"potentialAction\":[{\"@type\":\"CommentAction\",\"name\":\"Comment\",\"target\":[\"https:\\\/\\\/transportjournal.com\\\/it\\\/2026\\\/03\\\/10\\\/cargo-partner-punta-sugli-e-lkw\\\/#respond\"]}]},{\"@type\":\"WebPage\",\"@id\":\"https:\\\/\\\/transportjournal.com\\\/it\\\/2026\\\/03\\\/10\\\/cargo-partner-punta-sugli-e-lkw\\\/\",\"url\":\"https:\\\/\\\/transportjournal.com\\\/it\\\/2026\\\/03\\\/10\\\/cargo-partner-punta-sugli-e-lkw\\\/\",\"name\":\"Cargo-partner punta sugli E-Lkw - ITJ | International Transport Journal\",\"isPartOf\":{\"@id\":\"https:\\\/\\\/transportjournal.com\\\/it\\\/#website\"},\"primaryImageOfPage\":{\"@id\":\"https:\\\/\\\/transportjournal.com\\\/it\\\/2026\\\/03\\\/10\\\/cargo-partner-punta-sugli-e-lkw\\\/#primaryimage\"},\"image\":{\"@id\":\"https:\\\/\\\/transportjournal.com\\\/it\\\/2026\\\/03\\\/10\\\/cargo-partner-punta-sugli-e-lkw\\\/#primaryimage\"},\"thumbnailUrl\":\"https:\\\/\\\/transportjournal.com\\\/wp-content\\\/uploads\\\/sites\\\/2\\\/2026\\\/03\\\/cargo-partner_E-Truck_Wenzl-cp-aspect-ratio-1400-788.jpg\",\"datePublished\":\"2026-03-10T13:40:24+00:00\",\"dateModified\":\"2026-03-11T10:14:37+00:00\",\"breadcrumb\":{\"@id\":\"https:\\\/\\\/transportjournal.com\\\/it\\\/2026\\\/03\\\/10\\\/cargo-partner-punta-sugli-e-lkw\\\/#breadcrumb\"},\"inLanguage\":\"it-IT\",\"potentialAction\":[{\"@type\":\"ReadAction\",\"target\":[\"https:\\\/\\\/transportjournal.com\\\/it\\\/2026\\\/03\\\/10\\\/cargo-partner-punta-sugli-e-lkw\\\/\"]}]},{\"@type\":\"ImageObject\",\"inLanguage\":\"it-IT\",\"@id\":\"https:\\\/\\\/transportjournal.com\\\/it\\\/2026\\\/03\\\/10\\\/cargo-partner-punta-sugli-e-lkw\\\/#primaryimage\",\"url\":\"https:\\\/\\\/transportjournal.com\\\/wp-content\\\/uploads\\\/sites\\\/2\\\/2026\\\/03\\\/cargo-partner_E-Truck_Wenzl-cp-aspect-ratio-1400-788.jpg\",\"contentUrl\":\"https:\\\/\\\/transportjournal.com\\\/wp-content\\\/uploads\\\/sites\\\/2\\\/2026\\\/03\\\/cargo-partner_E-Truck_Wenzl-cp-aspect-ratio-1400-788.jpg\",\"width\":1500,\"height\":844},{\"@type\":\"BreadcrumbList\",\"@id\":\"https:\\\/\\\/transportjournal.com\\\/it\\\/2026\\\/03\\\/10\\\/cargo-partner-punta-sugli-e-lkw\\\/#breadcrumb\",\"itemListElement\":[{\"@type\":\"ListItem\",\"position\":1,\"name\":\"Startseite\",\"item\":\"https:\\\/\\\/transportjournal.com\\\/it\\\/\"},{\"@type\":\"ListItem\",\"position\":2,\"name\":\"Cargo-partner punta sugli E-Lkw\"}]},{\"@type\":\"WebSite\",\"@id\":\"https:\\\/\\\/transportjournal.com\\\/it\\\/#website\",\"url\":\"https:\\\/\\\/transportjournal.com\\\/it\\\/\",\"name\":\"ITJ | International Transport Journal\",\"description\":\"Stay informed with the latest global news from the transport, logistics, and supply chain industries. Transport Journal delivers expert insights, analysis, and updates across shipping, aviation, intermodal, and forwarding.\",\"publisher\":{\"@id\":\"https:\\\/\\\/transportjournal.com\\\/it\\\/#organization\"},\"potentialAction\":[{\"@type\":\"SearchAction\",\"target\":{\"@type\":\"EntryPoint\",\"urlTemplate\":\"https:\\\/\\\/transportjournal.com\\\/it\\\/?s={search_term_string}\"},\"query-input\":{\"@type\":\"PropertyValueSpecification\",\"valueRequired\":true,\"valueName\":\"search_term_string\"}}],\"inLanguage\":\"it-IT\"},{\"@type\":\"Organization\",\"@id\":\"https:\\\/\\\/transportjournal.com\\\/it\\\/#organization\",\"name\":\"Logismedia Group AG\",\"alternateName\":\"Logismedia Group AG\",\"url\":\"https:\\\/\\\/transportjournal.com\\\/it\\\/\",\"logo\":{\"@type\":\"ImageObject\",\"inLanguage\":\"it-IT\",\"@id\":\"https:\\\/\\\/transportjournal.com\\\/it\\\/#\\\/schema\\\/logo\\\/image\\\/\",\"url\":\"https:\\\/\\\/transportjournal.com\\\/wp-content\\\/uploads\\\/sites\\\/2\\\/2025\\\/09\\\/Logo_ITJ.png\",\"contentUrl\":\"https:\\\/\\\/transportjournal.com\\\/wp-content\\\/uploads\\\/sites\\\/2\\\/2025\\\/09\\\/Logo_ITJ.png\",\"width\":799,\"height\":326,\"caption\":\"Logismedia Group AG\"},\"image\":{\"@id\":\"https:\\\/\\\/transportjournal.com\\\/it\\\/#\\\/schema\\\/logo\\\/image\\\/\"},\"sameAs\":[\"https:\\\/\\\/www.linkedin.com\\\/company\\\/56456496\\\/admin\\\/dashboard\\\/\",\"https:\\\/\\\/www.instagram.com\\\/logismediagroup\\\/\",\"https:\\\/\\\/www.youtube.com\\\/@LogiamediaGroupAG\"]},{\"@type\":\"Person\",\"@id\":\"https:\\\/\\\/transportjournal.com\\\/it\\\/#\\\/schema\\\/person\\\/13a9fc605c753db60ef7750a229cd042\",\"name\":\"Gyan Sharan\",\"url\":\"https:\\\/\\\/transportjournal.com\\\/it\\\/author\\\/gyan\\\/\"}]}<\/script>\n<!-- \/ Yoast SEO plugin. -->","yoast_head_json":{"title":"Cargo-partner punta sugli E-Lkw - ITJ | International Transport Journal","robots":{"index":"index","follow":"follow","max-snippet":"max-snippet:-1","max-image-preview":"max-image-preview:large","max-video-preview":"max-video-preview:-1"},"canonical":"https:\/\/transportjournal.com\/it\/2026\/03\/10\/cargo-partner-punta-sugli-e-lkw\/","og_locale":"it_IT","og_type":"article","og_title":"Cargo-partner punta sugli E-Lkw - ITJ | International Transport Journal","og_description":"Cargo-partner ha messo in funzione due Mercedes-Benz eActros 300 completamente elettrici per il trasporto locale attorno all'aeroporto di Vienna, in collaborazione con H. Wenzl.","og_url":"https:\/\/transportjournal.com\/it\/2026\/03\/10\/cargo-partner-punta-sugli-e-lkw\/","og_site_name":"ITJ | International Transport Journal","article_published_time":"2026-03-10T13:40:24+00:00","article_modified_time":"2026-03-11T10:14:37+00:00","og_image":[{"width":1500,"height":844,"url":"https:\/\/transportjournal.com\/wp-content\/uploads\/sites\/2\/2026\/03\/cargo-partner_E-Truck_Wenzl-cp-aspect-ratio-1400-788.jpg","type":"image\/jpeg"}],"author":"Gyan Sharan","twitter_card":"summary_large_image","twitter_misc":{"Scritto da":"Gyan Sharan","Tempo di lettura stimato":"1 minuto"},"schema":{"@context":"https:\/\/schema.org","@graph":[{"@type":"Article","@id":"https:\/\/transportjournal.com\/it\/2026\/03\/10\/cargo-partner-punta-sugli-e-lkw\/#article","isPartOf":{"@id":"https:\/\/transportjournal.com\/it\/2026\/03\/10\/cargo-partner-punta-sugli-e-lkw\/"},"author":{"name":"Gyan Sharan","@id":"https:\/\/transportjournal.com\/it\/#\/schema\/person\/13a9fc605c753db60ef7750a229cd042"},"headline":"Cargo-partner punta sugli E-Lkw","datePublished":"2026-03-10T13:40:24+00:00","dateModified":"2026-03-11T10:14:37+00:00","mainEntityOfPage":{"@id":"https:\/\/transportjournal.com\/it\/2026\/03\/10\/cargo-partner-punta-sugli-e-lkw\/"},"wordCount":205,"commentCount":0,"publisher":{"@id":"https:\/\/transportjournal.com\/it\/#organization"},"image":{"@id":"https:\/\/transportjournal.com\/it\/2026\/03\/10\/cargo-partner-punta-sugli-e-lkw\/#primaryimage"},"thumbnailUrl":"https:\/\/transportjournal.com\/wp-content\/uploads\/sites\/2\/2026\/03\/cargo-partner_E-Truck_Wenzl-cp-aspect-ratio-1400-788.jpg","keywords":["a\u00e9roport Vienne","airport Vienna","camions \u00e9lectriques","cha\u00eenes de transport durables","charging infrastructure Fischamend","d\u00e9carbonisation du transport","decarbonization transport","d\u00e9fis de connexion \u00e9lectrique","Dekarbonisierung Transport","Deutsch Cargo-partner","d\u00e9veloppement des infrastructures","Digitalisierung Logistik","digitalization logistics","E-Lkw","electric trucks","elektrische Logistik","emission-free transport","emissionsfreie Transporte","Fachkr\u00e4ftemangel Logistik","Flughafen Wien","green energy logistics","Gr\u00fcnstrom Logistik","H. Wenzl commerce transport logistique","H. Wenzl Handel Transport Logistik English Cargo-partner","H. Wenzl trade transport logistics Fran\u00e7ais Cargo-partner","industrie du transport","infrastructure de recharge Fischamend","infrastructure development","Infrastrukturentwicklung","Ladeinfrastruktur Fischamend","logistics service provider Austria","logistics Vienna","Logistikdienstleister \u00d6sterreich","logistique \u00e9nergie verte","logistique Vienne","Mercedes-Benz eActros","nachhaltige Transportketten","Nahverkehr Wien","num\u00e9risation logistique","p\u00e9nurie de main-d'\u0153uvre logistique","power connection challenges","prestataire logistique Autriche","regional tours Vienna","regionale Touren Wien","skilled labor shortage logistics","solutions logistiques urbaines","Stromanschluss Herausforderungen","sustainable transport chains","tourn\u00e9es r\u00e9gionales Vienne","transport industry","transport sans \u00e9missions","Transportwirtschaft","urban logistics solutions","urbane Logistikl\u00f6sungen"],"articleSection":["Europa","Intermodale \/ Strada","Spedizioniere e Logistica"],"inLanguage":"it-IT","potentialAction":[{"@type":"CommentAction","name":"Comment","target":["https:\/\/transportjournal.com\/it\/2026\/03\/10\/cargo-partner-punta-sugli-e-lkw\/#respond"]}]},{"@type":"WebPage","@id":"https:\/\/transportjournal.com\/it\/2026\/03\/10\/cargo-partner-punta-sugli-e-lkw\/","url":"https:\/\/transportjournal.com\/it\/2026\/03\/10\/cargo-partner-punta-sugli-e-lkw\/","name":"Cargo-partner punta sugli E-Lkw - ITJ | International Transport Journal","isPartOf":{"@id":"https:\/\/transportjournal.com\/it\/#website"},"primaryImageOfPage":{"@id":"https:\/\/transportjournal.com\/it\/2026\/03\/10\/cargo-partner-punta-sugli-e-lkw\/#primaryimage"},"image":{"@id":"https:\/\/transportjournal.com\/it\/2026\/03\/10\/cargo-partner-punta-sugli-e-lkw\/#primaryimage"},"thumbnailUrl":"https:\/\/transportjournal.com\/wp-content\/uploads\/sites\/2\/2026\/03\/cargo-partner_E-Truck_Wenzl-cp-aspect-ratio-1400-788.jpg","datePublished":"2026-03-10T13:40:24+00:00","dateModified":"2026-03-11T10:14:37+00:00","breadcrumb":{"@id":"https:\/\/transportjournal.com\/it\/2026\/03\/10\/cargo-partner-punta-sugli-e-lkw\/#breadcrumb"},"inLanguage":"it-IT","potentialAction":[{"@type":"ReadAction","target":["https:\/\/transportjournal.com\/it\/2026\/03\/10\/cargo-partner-punta-sugli-e-lkw\/"]}]},{"@type":"ImageObject","inLanguage":"it-IT","@id":"https:\/\/transportjournal.com\/it\/2026\/03\/10\/cargo-partner-punta-sugli-e-lkw\/#primaryimage","url":"https:\/\/transportjournal.com\/wp-content\/uploads\/sites\/2\/2026\/03\/cargo-partner_E-Truck_Wenzl-cp-aspect-ratio-1400-788.jpg","contentUrl":"https:\/\/transportjournal.com\/wp-content\/uploads\/sites\/2\/2026\/03\/cargo-partner_E-Truck_Wenzl-cp-aspect-ratio-1400-788.jpg","width":1500,"height":844},{"@type":"BreadcrumbList","@id":"https:\/\/transportjournal.com\/it\/2026\/03\/10\/cargo-partner-punta-sugli-e-lkw\/#breadcrumb","itemListElement":[{"@type":"ListItem","position":1,"name":"Startseite","item":"https:\/\/transportjournal.com\/it\/"},{"@type":"ListItem","position":2,"name":"Cargo-partner punta sugli E-Lkw"}]},{"@type":"WebSite","@id":"https:\/\/transportjournal.com\/it\/#website","url":"https:\/\/transportjournal.com\/it\/","name":"ITJ | International Transport Journal","description":"Stay informed with the latest global news from the transport, logistics, and supply chain industries. Transport Journal delivers expert insights, analysis, and updates across shipping, aviation, intermodal, and forwarding.","publisher":{"@id":"https:\/\/transportjournal.com\/it\/#organization"},"potentialAction":[{"@type":"SearchAction","target":{"@type":"EntryPoint","urlTemplate":"https:\/\/transportjournal.com\/it\/?s={search_term_string}"},"query-input":{"@type":"PropertyValueSpecification","valueRequired":true,"valueName":"search_term_string"}}],"inLanguage":"it-IT"},{"@type":"Organization","@id":"https:\/\/transportjournal.com\/it\/#organization","name":"Logismedia Group AG","alternateName":"Logismedia Group AG","url":"https:\/\/transportjournal.com\/it\/","logo":{"@type":"ImageObject","inLanguage":"it-IT","@id":"https:\/\/transportjournal.com\/it\/#\/schema\/logo\/image\/","url":"https:\/\/transportjournal.com\/wp-content\/uploads\/sites\/2\/2025\/09\/Logo_ITJ.png","contentUrl":"https:\/\/transportjournal.com\/wp-content\/uploads\/sites\/2\/2025\/09\/Logo_ITJ.png","width":799,"height":326,"caption":"Logismedia Group AG"},"image":{"@id":"https:\/\/transportjournal.com\/it\/#\/schema\/logo\/image\/"},"sameAs":["https:\/\/www.linkedin.com\/company\/56456496\/admin\/dashboard\/","https:\/\/www.instagram.com\/logismediagroup\/","https:\/\/www.youtube.com\/@LogiamediaGroupAG"]},{"@type":"Person","@id":"https:\/\/transportjournal.com\/it\/#\/schema\/person\/13a9fc605c753db60ef7750a229cd042","name":"Gyan Sharan","url":"https:\/\/transportjournal.com\/it\/author\/gyan\/"}]}},"_links":{"self":[{"href":"https:\/\/transportjournal.com\/it\/wp-json\/wp\/v2\/posts\/80228","targetHints":{"allow":["GET"]}}],"collection":[{"href":"https:\/\/transportjournal.com\/it\/wp-json\/wp\/v2\/posts"}],"about":[{"href":"https:\/\/transportjournal.com\/it\/wp-json\/wp\/v2\/types\/post"}],"author":[{"embeddable":true,"href":"https:\/\/transportjournal.com\/it\/wp-json\/wp\/v2\/users\/14"}],"replies":[{"embeddable":true,"href":"https:\/\/transportjournal.com\/it\/wp-json\/wp\/v2\/comments?post=80228"}],"version-history":[{"count":10,"href":"https:\/\/transportjournal.com\/it\/wp-json\/wp\/v2\/posts\/80228\/revisions"}],"predecessor-version":[{"id":80327,"href":"https:\/\/transportjournal.com\/it\/wp-json\/wp\/v2\/posts\/80228\/revisions\/80327"}],"wp:featuredmedia":[{"embeddable":true,"href":"https:\/\/transportjournal.com\/it\/wp-json\/wp\/v2\/media\/80224"}],"wp:attachment":[{"href":"https:\/\/transportjournal.com\/it\/wp-json\/wp\/v2\/media?parent=80228"}],"wp:term":[{"taxonomy":"category","embeddable":true,"href":"https:\/\/transportjournal.com\/it\/wp-json\/wp\/v2\/categories?post=80228"},{"taxonomy":"post_tag","embeddable":true,"href":"https:\/\/transportjournal.com\/it\/wp-json\/wp\/v2\/tags?post=80228"}],"curies":[{"name":"wp","href":"https:\/\/api.w.org\/{rel}","templated":true}]}}