{"id":79997,"date":"2026-03-09T12:56:45","date_gmt":"2026-03-09T12:56:45","guid":{"rendered":"https:\/\/transportjournal.com\/2026\/03\/09\/bifa-nomina-un-rappresentante-regionale-per-le-midlands\/"},"modified":"2026-03-09T12:56:45","modified_gmt":"2026-03-09T12:56:45","slug":"bifa-nomina-un-rappresentante-regionale-per-le-midlands","status":"publish","type":"post","link":"https:\/\/transportjournal.com\/it\/2026\/03\/09\/bifa-nomina-un-rappresentante-regionale-per-le-midlands\/","title":{"rendered":"Bifa nomina un rappresentante regionale per le Midlands"},"content":{"rendered":"<p>La British International Freight Association (Bifa) ha nominato Steve Murray come rappresentante regionale per la sua nuova regione centrale. Con questo passo, l&#8217;associazione intende rafforzare il dialogo con i suoi membri e supportare meglio i trasportatori nelle Midlands e nelle regioni circostanti.<\/p>\n<p>La nuova regione comprende le contee a nord di Londra e si estende fino a Nottingham, Birmingham e Peterborough. \u00c8 stata creata per ridurre l&#8217;area precedentemente gestita da Andrew Melton, che ha rappresentato membri da Milton Keynes fino al confine scozzese. In futuro, Melton si concentrer\u00e0 sui membri Bifa nel nord dell&#8217;Inghilterra.<\/p>\n<p>Murray ha una vasta esperienza nella logistica e nella gestione della supply chain. Recentemente ha lavorato per FedEx Logistics. In precedenza ha ricoperto posizioni dirigenziali nell&#8217;unit\u00e0 International Supply Chain di DHL e ha lavorato anche per Exel.<\/p>\n<p>Il direttore generale di Bifa, Steve Parker, ha dichiarato di essere &#8222;felice di dare il benvenuto a Steve come rappresentante regionale per questa nuova regione.&#8220;<\/p>\n<p><a href=\"https:\/\/bifa.org\" target=\"_blank\" rel=\"noopener noreferrer\">www.bifa.org<\/a><\/p>\n","protected":false},"excerpt":{"rendered":"<p>La British International Freight Association ha nominato Steve Murray come rappresentante regionale per la sua nuova area centrale, al fine di migliorare il dialogo con i membri.<\/p>\n","protected":false},"author":14,"featured_media":79993,"comment_status":"open","ping_status":"","sticky":false,"template":"","format":"standard","meta":{"_acf_changed":false,"footnotes":""},"categories":[1638,1627],"tags":[24974,24975,24976,24977,24978,24979,24980,4593,24981,24982,24983,3353,2122,24984,24985,2123,24986,2125,3328,3994,2373,3872,4000,24987,2133,24988,1831,24989,24990,24991,24992,24993,24994,24995,24996,24997,24998,3379,2145,24999,25000,2148,25001,25002,25003,25004,25005,25006,25007,2106,25008,25009,25010,2155,1837,25011],"class_list":["post-79997","post","type-post","status-publish","format-standard","has-post-thumbnail","hentry","category-europa","category-persone-e-aziende","tag-adhesion-bifa","tag-au-nord-de-londres","tag-bifa-central-region","tag-bifa-membership","tag-bifa-regional-representative","tag-birmingham-transport","tag-comtes-des-midlands","tag-deutsch-bifa","tag-developpement-regional-logistique","tag-dhl-logistics","tag-dhl-logistik","tag-digitalisierung-logistik","tag-fachkraeftemangel-logistik","tag-fedex-logistics","tag-freight-forwarders-midlands","tag-gestion-de-la-chaine-dapprovisionnement","tag-grafschaften-midlands-english-bifa","tag-industrie-du-transport","tag-infrastructure-logistique","tag-infrastruktur-logistik","tag-labor-shortage-logistics","tag-logistics-digitalization","tag-logistics-infrastructure","tag-logistics-midlands","tag-logistics-service-providers","tag-logistik-midlands","tag-logistikdienstleister","tag-logistique-dhl","tag-logistique-fedex","tag-logistique-midlands","tag-logistique-nottingham","tag-midlands-counties-francais-bifa","tag-mitgliedschaft-bifa","tag-noerdlich-von-london","tag-north-of-london","tag-nottingham-logistics","tag-nottingham-logistik","tag-numerisation-logistique","tag-penurie-de-main-doeuvre-logistique","tag-peterborough-freight-forwarders","tag-peterborough-spediteure","tag-prestataires-de-services-logistiques","tag-region-centrale-bifa","tag-regional-development-logistics","tag-regionalentwicklung-logistik","tag-regionalvertretung-bifa","tag-representant-regional-bifa","tag-spediteure-midlands","tag-steve-murray-bifa","tag-supply-chain-management","tag-transitaires-midlands","tag-transitaires-peterborough","tag-transport-birmingham","tag-transport-industry","tag-transportwirtschaft","tag-zentralregion-bifa"],"acf":[],"yoast_head":"<!-- This site is optimized with the Yoast SEO plugin v27.3 - https:\/\/yoast.com\/product\/yoast-seo-wordpress\/ -->\n<title>Bifa nomina un rappresentante regionale per le Midlands - ITJ | International Transport Journal<\/title>\n<meta name=\"robots\" content=\"index, follow, max-snippet:-1, max-image-preview:large, max-video-preview:-1\" \/>\n<link rel=\"canonical\" href=\"https:\/\/transportjournal.com\/it\/2026\/03\/09\/bifa-nomina-un-rappresentante-regionale-per-le-midlands\/\" \/>\n<meta property=\"og:locale\" content=\"it_IT\" \/>\n<meta property=\"og:type\" content=\"article\" \/>\n<meta property=\"og:title\" content=\"Bifa nomina un rappresentante regionale per le Midlands - ITJ | International Transport Journal\" \/>\n<meta property=\"og:description\" content=\"La British International Freight Association ha nominato Steve Murray come rappresentante regionale per la sua nuova area centrale, al fine di migliorare il dialogo con i membri.\" \/>\n<meta property=\"og:url\" content=\"https:\/\/transportjournal.com\/it\/2026\/03\/09\/bifa-nomina-un-rappresentante-regionale-per-le-midlands\/\" \/>\n<meta property=\"og:site_name\" content=\"ITJ | International Transport Journal\" \/>\n<meta property=\"article:published_time\" content=\"2026-03-09T12:56:45+00:00\" \/>\n<meta property=\"og:image\" content=\"https:\/\/transportjournal.com\/wp-content\/uploads\/sites\/2\/2026\/03\/Bifa-Murray.png\" \/>\n\t<meta property=\"og:image:width\" content=\"640\" \/>\n\t<meta property=\"og:image:height\" content=\"360\" \/>\n\t<meta property=\"og:image:type\" content=\"image\/png\" \/>\n<meta name=\"author\" content=\"Gyan Sharan\" \/>\n<meta name=\"twitter:card\" content=\"summary_large_image\" \/>\n<meta name=\"twitter:label1\" content=\"Scritto da\" \/>\n\t<meta name=\"twitter:data1\" content=\"Gyan Sharan\" \/>\n\t<meta name=\"twitter:label2\" content=\"Tempo di lettura stimato\" \/>\n\t<meta name=\"twitter:data2\" content=\"1 minuto\" \/>\n<script type=\"application\/ld+json\" class=\"yoast-schema-graph\">{\"@context\":\"https:\\\/\\\/schema.org\",\"@graph\":[{\"@type\":\"Article\",\"@id\":\"https:\\\/\\\/transportjournal.com\\\/it\\\/2026\\\/03\\\/09\\\/bifa-nomina-un-rappresentante-regionale-per-le-midlands\\\/#article\",\"isPartOf\":{\"@id\":\"https:\\\/\\\/transportjournal.com\\\/it\\\/2026\\\/03\\\/09\\\/bifa-nomina-un-rappresentante-regionale-per-le-midlands\\\/\"},\"author\":{\"name\":\"Gyan Sharan\",\"@id\":\"https:\\\/\\\/transportjournal.com\\\/it\\\/#\\\/schema\\\/person\\\/13a9fc605c753db60ef7750a229cd042\"},\"headline\":\"Bifa nomina un rappresentante regionale per le Midlands\",\"datePublished\":\"2026-03-09T12:56:45+00:00\",\"mainEntityOfPage\":{\"@id\":\"https:\\\/\\\/transportjournal.com\\\/it\\\/2026\\\/03\\\/09\\\/bifa-nomina-un-rappresentante-regionale-per-le-midlands\\\/\"},\"wordCount\":170,\"commentCount\":0,\"publisher\":{\"@id\":\"https:\\\/\\\/transportjournal.com\\\/it\\\/#organization\"},\"image\":{\"@id\":\"https:\\\/\\\/transportjournal.com\\\/it\\\/2026\\\/03\\\/09\\\/bifa-nomina-un-rappresentante-regionale-per-le-midlands\\\/#primaryimage\"},\"thumbnailUrl\":\"https:\\\/\\\/transportjournal.com\\\/wp-content\\\/uploads\\\/sites\\\/2\\\/2026\\\/03\\\/Bifa-Murray.png\",\"keywords\":[\"adh\u00e9sion Bifa\",\"au nord de Londres\",\"Bifa central region\",\"Bifa membership\",\"Bifa regional representative\",\"Birmingham Transport\",\"comt\u00e9s des Midlands\",\"Deutsch BIFA\",\"d\u00e9veloppement r\u00e9gional logistique\",\"DHL logistics\",\"DHL Logistik\",\"Digitalisierung Logistik\",\"Fachkr\u00e4ftemangel Logistik\",\"FedEx Logistics\",\"freight forwarders Midlands\",\"gestion de la cha\u00eene d'approvisionnement\",\"Grafschaften Midlands English Bifa\",\"industrie du transport\",\"infrastructure logistique\",\"Infrastruktur Logistik\",\"labor shortage logistics\",\"logistics digitalization\",\"logistics infrastructure\",\"logistics Midlands\",\"logistics service providers\",\"Logistik Midlands\",\"Logistikdienstleister\",\"logistique DHL\",\"logistique FedEx\",\"logistique Midlands\",\"logistique Nottingham\",\"Midlands counties Fran\u00e7ais Bifa\",\"Mitgliedschaft Bifa\",\"n\u00f6rdlich von London\",\"north of London\",\"Nottingham logistics\",\"Nottingham Logistik\",\"num\u00e9risation logistique\",\"p\u00e9nurie de main-d'\u0153uvre logistique\",\"Peterborough freight forwarders\",\"Peterborough Spediteure\",\"prestataires de services logistiques\",\"r\u00e9gion centrale Bifa\",\"regional development logistics\",\"Regionalentwicklung Logistik\",\"Regionalvertretung Bifa\",\"repr\u00e9sentant r\u00e9gional Bifa\",\"Spediteure Midlands\",\"Steve Murray Bifa\",\"Supply Chain Management\",\"transitaires Midlands\",\"transitaires Peterborough\",\"transport Birmingham\",\"transport industry\",\"Transportwirtschaft\",\"Zentralregion Bifa\"],\"articleSection\":[\"Europa\",\"Persone e aziende\"],\"inLanguage\":\"it-IT\",\"potentialAction\":[{\"@type\":\"CommentAction\",\"name\":\"Comment\",\"target\":[\"https:\\\/\\\/transportjournal.com\\\/it\\\/2026\\\/03\\\/09\\\/bifa-nomina-un-rappresentante-regionale-per-le-midlands\\\/#respond\"]}]},{\"@type\":\"WebPage\",\"@id\":\"https:\\\/\\\/transportjournal.com\\\/it\\\/2026\\\/03\\\/09\\\/bifa-nomina-un-rappresentante-regionale-per-le-midlands\\\/\",\"url\":\"https:\\\/\\\/transportjournal.com\\\/it\\\/2026\\\/03\\\/09\\\/bifa-nomina-un-rappresentante-regionale-per-le-midlands\\\/\",\"name\":\"Bifa nomina un rappresentante regionale per le Midlands - ITJ | International Transport Journal\",\"isPartOf\":{\"@id\":\"https:\\\/\\\/transportjournal.com\\\/it\\\/#website\"},\"primaryImageOfPage\":{\"@id\":\"https:\\\/\\\/transportjournal.com\\\/it\\\/2026\\\/03\\\/09\\\/bifa-nomina-un-rappresentante-regionale-per-le-midlands\\\/#primaryimage\"},\"image\":{\"@id\":\"https:\\\/\\\/transportjournal.com\\\/it\\\/2026\\\/03\\\/09\\\/bifa-nomina-un-rappresentante-regionale-per-le-midlands\\\/#primaryimage\"},\"thumbnailUrl\":\"https:\\\/\\\/transportjournal.com\\\/wp-content\\\/uploads\\\/sites\\\/2\\\/2026\\\/03\\\/Bifa-Murray.png\",\"datePublished\":\"2026-03-09T12:56:45+00:00\",\"breadcrumb\":{\"@id\":\"https:\\\/\\\/transportjournal.com\\\/it\\\/2026\\\/03\\\/09\\\/bifa-nomina-un-rappresentante-regionale-per-le-midlands\\\/#breadcrumb\"},\"inLanguage\":\"it-IT\",\"potentialAction\":[{\"@type\":\"ReadAction\",\"target\":[\"https:\\\/\\\/transportjournal.com\\\/it\\\/2026\\\/03\\\/09\\\/bifa-nomina-un-rappresentante-regionale-per-le-midlands\\\/\"]}]},{\"@type\":\"ImageObject\",\"inLanguage\":\"it-IT\",\"@id\":\"https:\\\/\\\/transportjournal.com\\\/it\\\/2026\\\/03\\\/09\\\/bifa-nomina-un-rappresentante-regionale-per-le-midlands\\\/#primaryimage\",\"url\":\"https:\\\/\\\/transportjournal.com\\\/wp-content\\\/uploads\\\/sites\\\/2\\\/2026\\\/03\\\/Bifa-Murray.png\",\"contentUrl\":\"https:\\\/\\\/transportjournal.com\\\/wp-content\\\/uploads\\\/sites\\\/2\\\/2026\\\/03\\\/Bifa-Murray.png\",\"width\":640,\"height\":360},{\"@type\":\"BreadcrumbList\",\"@id\":\"https:\\\/\\\/transportjournal.com\\\/it\\\/2026\\\/03\\\/09\\\/bifa-nomina-un-rappresentante-regionale-per-le-midlands\\\/#breadcrumb\",\"itemListElement\":[{\"@type\":\"ListItem\",\"position\":1,\"name\":\"Startseite\",\"item\":\"https:\\\/\\\/transportjournal.com\\\/it\\\/\"},{\"@type\":\"ListItem\",\"position\":2,\"name\":\"Bifa nomina un rappresentante regionale per le Midlands\"}]},{\"@type\":\"WebSite\",\"@id\":\"https:\\\/\\\/transportjournal.com\\\/it\\\/#website\",\"url\":\"https:\\\/\\\/transportjournal.com\\\/it\\\/\",\"name\":\"ITJ | International Transport Journal\",\"description\":\"Stay informed with the latest global news from the transport, logistics, and supply chain industries. Transport Journal delivers expert insights, analysis, and updates across shipping, aviation, intermodal, and forwarding.\",\"publisher\":{\"@id\":\"https:\\\/\\\/transportjournal.com\\\/it\\\/#organization\"},\"potentialAction\":[{\"@type\":\"SearchAction\",\"target\":{\"@type\":\"EntryPoint\",\"urlTemplate\":\"https:\\\/\\\/transportjournal.com\\\/it\\\/?s={search_term_string}\"},\"query-input\":{\"@type\":\"PropertyValueSpecification\",\"valueRequired\":true,\"valueName\":\"search_term_string\"}}],\"inLanguage\":\"it-IT\"},{\"@type\":\"Organization\",\"@id\":\"https:\\\/\\\/transportjournal.com\\\/it\\\/#organization\",\"name\":\"Logismedia Group AG\",\"alternateName\":\"Logismedia Group AG\",\"url\":\"https:\\\/\\\/transportjournal.com\\\/it\\\/\",\"logo\":{\"@type\":\"ImageObject\",\"inLanguage\":\"it-IT\",\"@id\":\"https:\\\/\\\/transportjournal.com\\\/it\\\/#\\\/schema\\\/logo\\\/image\\\/\",\"url\":\"https:\\\/\\\/transportjournal.com\\\/wp-content\\\/uploads\\\/sites\\\/2\\\/2025\\\/09\\\/Logo_ITJ.png\",\"contentUrl\":\"https:\\\/\\\/transportjournal.com\\\/wp-content\\\/uploads\\\/sites\\\/2\\\/2025\\\/09\\\/Logo_ITJ.png\",\"width\":799,\"height\":326,\"caption\":\"Logismedia Group AG\"},\"image\":{\"@id\":\"https:\\\/\\\/transportjournal.com\\\/it\\\/#\\\/schema\\\/logo\\\/image\\\/\"},\"sameAs\":[\"https:\\\/\\\/www.linkedin.com\\\/company\\\/56456496\\\/admin\\\/dashboard\\\/\",\"https:\\\/\\\/www.instagram.com\\\/logismediagroup\\\/\",\"https:\\\/\\\/www.youtube.com\\\/@LogiamediaGroupAG\"]},{\"@type\":\"Person\",\"@id\":\"https:\\\/\\\/transportjournal.com\\\/it\\\/#\\\/schema\\\/person\\\/13a9fc605c753db60ef7750a229cd042\",\"name\":\"Gyan Sharan\",\"url\":\"https:\\\/\\\/transportjournal.com\\\/it\\\/author\\\/gyan\\\/\"}]}<\/script>\n<!-- \/ Yoast SEO plugin. -->","yoast_head_json":{"title":"Bifa nomina un rappresentante regionale per le Midlands - ITJ | International Transport Journal","robots":{"index":"index","follow":"follow","max-snippet":"max-snippet:-1","max-image-preview":"max-image-preview:large","max-video-preview":"max-video-preview:-1"},"canonical":"https:\/\/transportjournal.com\/it\/2026\/03\/09\/bifa-nomina-un-rappresentante-regionale-per-le-midlands\/","og_locale":"it_IT","og_type":"article","og_title":"Bifa nomina un rappresentante regionale per le Midlands - ITJ | International Transport Journal","og_description":"La British International Freight Association ha nominato Steve Murray come rappresentante regionale per la sua nuova area centrale, al fine di migliorare il dialogo con i membri.","og_url":"https:\/\/transportjournal.com\/it\/2026\/03\/09\/bifa-nomina-un-rappresentante-regionale-per-le-midlands\/","og_site_name":"ITJ | International Transport Journal","article_published_time":"2026-03-09T12:56:45+00:00","og_image":[{"width":640,"height":360,"url":"https:\/\/transportjournal.com\/wp-content\/uploads\/sites\/2\/2026\/03\/Bifa-Murray.png","type":"image\/png"}],"author":"Gyan Sharan","twitter_card":"summary_large_image","twitter_misc":{"Scritto da":"Gyan Sharan","Tempo di lettura stimato":"1 minuto"},"schema":{"@context":"https:\/\/schema.org","@graph":[{"@type":"Article","@id":"https:\/\/transportjournal.com\/it\/2026\/03\/09\/bifa-nomina-un-rappresentante-regionale-per-le-midlands\/#article","isPartOf":{"@id":"https:\/\/transportjournal.com\/it\/2026\/03\/09\/bifa-nomina-un-rappresentante-regionale-per-le-midlands\/"},"author":{"name":"Gyan Sharan","@id":"https:\/\/transportjournal.com\/it\/#\/schema\/person\/13a9fc605c753db60ef7750a229cd042"},"headline":"Bifa nomina un rappresentante regionale per le Midlands","datePublished":"2026-03-09T12:56:45+00:00","mainEntityOfPage":{"@id":"https:\/\/transportjournal.com\/it\/2026\/03\/09\/bifa-nomina-un-rappresentante-regionale-per-le-midlands\/"},"wordCount":170,"commentCount":0,"publisher":{"@id":"https:\/\/transportjournal.com\/it\/#organization"},"image":{"@id":"https:\/\/transportjournal.com\/it\/2026\/03\/09\/bifa-nomina-un-rappresentante-regionale-per-le-midlands\/#primaryimage"},"thumbnailUrl":"https:\/\/transportjournal.com\/wp-content\/uploads\/sites\/2\/2026\/03\/Bifa-Murray.png","keywords":["adh\u00e9sion Bifa","au nord de Londres","Bifa central region","Bifa membership","Bifa regional representative","Birmingham Transport","comt\u00e9s des Midlands","Deutsch BIFA","d\u00e9veloppement r\u00e9gional logistique","DHL logistics","DHL Logistik","Digitalisierung Logistik","Fachkr\u00e4ftemangel Logistik","FedEx Logistics","freight forwarders Midlands","gestion de la cha\u00eene d'approvisionnement","Grafschaften Midlands English Bifa","industrie du transport","infrastructure logistique","Infrastruktur Logistik","labor shortage logistics","logistics digitalization","logistics infrastructure","logistics Midlands","logistics service providers","Logistik Midlands","Logistikdienstleister","logistique DHL","logistique FedEx","logistique Midlands","logistique Nottingham","Midlands counties Fran\u00e7ais Bifa","Mitgliedschaft Bifa","n\u00f6rdlich von London","north of London","Nottingham logistics","Nottingham Logistik","num\u00e9risation logistique","p\u00e9nurie de main-d'\u0153uvre logistique","Peterborough freight forwarders","Peterborough Spediteure","prestataires de services logistiques","r\u00e9gion centrale Bifa","regional development logistics","Regionalentwicklung Logistik","Regionalvertretung Bifa","repr\u00e9sentant r\u00e9gional Bifa","Spediteure Midlands","Steve Murray Bifa","Supply Chain Management","transitaires Midlands","transitaires Peterborough","transport Birmingham","transport industry","Transportwirtschaft","Zentralregion Bifa"],"articleSection":["Europa","Persone e aziende"],"inLanguage":"it-IT","potentialAction":[{"@type":"CommentAction","name":"Comment","target":["https:\/\/transportjournal.com\/it\/2026\/03\/09\/bifa-nomina-un-rappresentante-regionale-per-le-midlands\/#respond"]}]},{"@type":"WebPage","@id":"https:\/\/transportjournal.com\/it\/2026\/03\/09\/bifa-nomina-un-rappresentante-regionale-per-le-midlands\/","url":"https:\/\/transportjournal.com\/it\/2026\/03\/09\/bifa-nomina-un-rappresentante-regionale-per-le-midlands\/","name":"Bifa nomina un rappresentante regionale per le Midlands - ITJ | International Transport Journal","isPartOf":{"@id":"https:\/\/transportjournal.com\/it\/#website"},"primaryImageOfPage":{"@id":"https:\/\/transportjournal.com\/it\/2026\/03\/09\/bifa-nomina-un-rappresentante-regionale-per-le-midlands\/#primaryimage"},"image":{"@id":"https:\/\/transportjournal.com\/it\/2026\/03\/09\/bifa-nomina-un-rappresentante-regionale-per-le-midlands\/#primaryimage"},"thumbnailUrl":"https:\/\/transportjournal.com\/wp-content\/uploads\/sites\/2\/2026\/03\/Bifa-Murray.png","datePublished":"2026-03-09T12:56:45+00:00","breadcrumb":{"@id":"https:\/\/transportjournal.com\/it\/2026\/03\/09\/bifa-nomina-un-rappresentante-regionale-per-le-midlands\/#breadcrumb"},"inLanguage":"it-IT","potentialAction":[{"@type":"ReadAction","target":["https:\/\/transportjournal.com\/it\/2026\/03\/09\/bifa-nomina-un-rappresentante-regionale-per-le-midlands\/"]}]},{"@type":"ImageObject","inLanguage":"it-IT","@id":"https:\/\/transportjournal.com\/it\/2026\/03\/09\/bifa-nomina-un-rappresentante-regionale-per-le-midlands\/#primaryimage","url":"https:\/\/transportjournal.com\/wp-content\/uploads\/sites\/2\/2026\/03\/Bifa-Murray.png","contentUrl":"https:\/\/transportjournal.com\/wp-content\/uploads\/sites\/2\/2026\/03\/Bifa-Murray.png","width":640,"height":360},{"@type":"BreadcrumbList","@id":"https:\/\/transportjournal.com\/it\/2026\/03\/09\/bifa-nomina-un-rappresentante-regionale-per-le-midlands\/#breadcrumb","itemListElement":[{"@type":"ListItem","position":1,"name":"Startseite","item":"https:\/\/transportjournal.com\/it\/"},{"@type":"ListItem","position":2,"name":"Bifa nomina un rappresentante regionale per le Midlands"}]},{"@type":"WebSite","@id":"https:\/\/transportjournal.com\/it\/#website","url":"https:\/\/transportjournal.com\/it\/","name":"ITJ | International Transport Journal","description":"Stay informed with the latest global news from the transport, logistics, and supply chain industries. Transport Journal delivers expert insights, analysis, and updates across shipping, aviation, intermodal, and forwarding.","publisher":{"@id":"https:\/\/transportjournal.com\/it\/#organization"},"potentialAction":[{"@type":"SearchAction","target":{"@type":"EntryPoint","urlTemplate":"https:\/\/transportjournal.com\/it\/?s={search_term_string}"},"query-input":{"@type":"PropertyValueSpecification","valueRequired":true,"valueName":"search_term_string"}}],"inLanguage":"it-IT"},{"@type":"Organization","@id":"https:\/\/transportjournal.com\/it\/#organization","name":"Logismedia Group AG","alternateName":"Logismedia Group AG","url":"https:\/\/transportjournal.com\/it\/","logo":{"@type":"ImageObject","inLanguage":"it-IT","@id":"https:\/\/transportjournal.com\/it\/#\/schema\/logo\/image\/","url":"https:\/\/transportjournal.com\/wp-content\/uploads\/sites\/2\/2025\/09\/Logo_ITJ.png","contentUrl":"https:\/\/transportjournal.com\/wp-content\/uploads\/sites\/2\/2025\/09\/Logo_ITJ.png","width":799,"height":326,"caption":"Logismedia Group AG"},"image":{"@id":"https:\/\/transportjournal.com\/it\/#\/schema\/logo\/image\/"},"sameAs":["https:\/\/www.linkedin.com\/company\/56456496\/admin\/dashboard\/","https:\/\/www.instagram.com\/logismediagroup\/","https:\/\/www.youtube.com\/@LogiamediaGroupAG"]},{"@type":"Person","@id":"https:\/\/transportjournal.com\/it\/#\/schema\/person\/13a9fc605c753db60ef7750a229cd042","name":"Gyan Sharan","url":"https:\/\/transportjournal.com\/it\/author\/gyan\/"}]}},"_links":{"self":[{"href":"https:\/\/transportjournal.com\/it\/wp-json\/wp\/v2\/posts\/79997","targetHints":{"allow":["GET"]}}],"collection":[{"href":"https:\/\/transportjournal.com\/it\/wp-json\/wp\/v2\/posts"}],"about":[{"href":"https:\/\/transportjournal.com\/it\/wp-json\/wp\/v2\/types\/post"}],"author":[{"embeddable":true,"href":"https:\/\/transportjournal.com\/it\/wp-json\/wp\/v2\/users\/14"}],"replies":[{"embeddable":true,"href":"https:\/\/transportjournal.com\/it\/wp-json\/wp\/v2\/comments?post=79997"}],"version-history":[{"count":0,"href":"https:\/\/transportjournal.com\/it\/wp-json\/wp\/v2\/posts\/79997\/revisions"}],"wp:featuredmedia":[{"embeddable":true,"href":"https:\/\/transportjournal.com\/it\/wp-json\/wp\/v2\/media\/79993"}],"wp:attachment":[{"href":"https:\/\/transportjournal.com\/it\/wp-json\/wp\/v2\/media?parent=79997"}],"wp:term":[{"taxonomy":"category","embeddable":true,"href":"https:\/\/transportjournal.com\/it\/wp-json\/wp\/v2\/categories?post=79997"},{"taxonomy":"post_tag","embeddable":true,"href":"https:\/\/transportjournal.com\/it\/wp-json\/wp\/v2\/tags?post=79997"}],"curies":[{"name":"wp","href":"https:\/\/api.w.org\/{rel}","templated":true}]}}