{"id":79974,"date":"2026-03-09T11:41:31","date_gmt":"2026-03-09T11:41:31","guid":{"rendered":"https:\/\/transportjournal.com\/2026\/03\/09\/gebrueder-weiss-aumenta-leggermente-il-fatturato\/"},"modified":"2026-03-09T11:41:31","modified_gmt":"2026-03-09T11:41:31","slug":"gebrueder-weiss-aumenta-leggermente-il-fatturato","status":"publish","type":"post","link":"https:\/\/transportjournal.com\/it\/2026\/03\/09\/gebrueder-weiss-aumenta-leggermente-il-fatturato\/","title":{"rendered":"Gebr\u00fcder Weiss aumenta leggermente il fatturato"},"content":{"rendered":"<p>Gebr\u00fcder Weiss ha chiuso l&#8217;anno fiscale 2025 con un fatturato netto di 2,73 miliardi di euro, che rappresenta un leggero aumento rispetto all&#8217;anno precedente, quando il fatturato era di 2,71 miliardi di euro. Nonostante le difficili condizioni economiche in Europa, l&#8217;azienda \u00e8 riuscita a guadagnare quote di mercato e aumentare la produttivit\u00e0, come comunicato di recente.<\/p>\n<p>Wolfram Senger-Weiss, presidente della direzione, sottolinea la resilienza dell&#8217;azienda: \u201e<span data-olk-copy-source=\"MessageBody\">Le condizioni economiche nel 2025 sono state impegnative \u2013 in particolare nei nostri mercati chiave dell&#8217;Europa centrale. Tuttavia, il fatto che siamo cresciuti leggermente e abbiamo potuto continuare a investire dimostra la capacit\u00e0 e la solidit\u00e0 finanziaria della nostra organizzazione<\/span>.\u201c Aggiunge che l&#8217;Europa rimane il pilastro dell&#8217;attivit\u00e0, mentre vengono sfruttate opportunit\u00e0 nei mercati globali in crescita per sviluppare ulteriormente la rete.<\/p>\n<h3>Base finanziaria stabile e numero di dipendenti<\/h3>\n<p>Secondo l&#8217;azienda, il rapporto di capitale proprio \u00e8 rimasto stabile con oltre il 60 percento. Il numero dei dipendenti \u00e8 rimasto costante a circa 8.600. Nel settore del trasporto terrestre in Europa, Gebr\u00fcder Weiss ha registrato un fatturato di 1,55 miliardi di euro, che corrisponde a un leggero aumento rispetto a 1,52 miliardi di euro nel 2024. Mentre il fatturato in Germania \u00e8 leggermente diminuito, l&#8217;azienda \u00e8 riuscita a guadagnare quote di mercato. Anche in Europa orientale, la posizione \u00e8 stata ampliata secondo quanto riportato dall&#8217;azienda di logistica. Questo ha avuto un impatto positivo sul business della consegna a domicilio, che ha registrato 1,36 milioni di consegne, rispetto a 1,31 milioni dell&#8217;anno precedente.<\/p>\n<h3>Sviluppo nel trasporto aereo e marittimo<\/h3>\n<p>Nel settore Air &amp; Sea, i volumi trasportati sono aumentati, in particolare tra Asia ed Europa e nel commercio asiatico. Nel settore della merce aerea, i volumi sono aumentati principalmente nel business dell&#8217;e-commerce tra Cina ed Europa. Tuttavia, a causa della diminuzione delle tariffe di trasporto, il fatturato in questo segmento \u00e8 stato leggermente inferiore al valore dell&#8217;anno precedente, con 913 milioni di euro rispetto ai 929 milioni di euro, come comunicato da Gebr\u00fcder Weiss. Anche nel settore della logistica, l&#8217;azienda riporta aumenti: nella logistica contrattuale e nella gestione della catena di approvvigionamento, si osserva un aumento del sette percento a 147 milioni di euro.<\/p>\n<p><a href=\"https:\/\/www.gw-world.com\/\" target=\"_blank\" rel=\"noopener noreferrer\">www.gw-world.com<\/a><\/p>\n","protected":false},"excerpt":{"rendered":"<p>L&#8217;azienda Gebr\u00fcder Weiss ha registrato nel 2025 un fatturato netto di 2,73 miliardi di euro e, nonostante le difficili condizioni in Europa, \u00e8 riuscita a guadagnare quote di mercato e a investire.<\/p>\n","protected":false},"author":10,"featured_media":79970,"comment_status":"open","ping_status":"","sticky":false,"template":"","format":"standard","meta":{"_acf_changed":false,"footnotes":""},"categories":[1638,1628,1629],"tags":[2648,21947,10065,24914,3739,2211,2212,5090,5091,24443,21956,24915,24916,24917,24918,24444,2655,24919,22018,2123,21100,7673,2125,3745,2075,24920,24921,7680,2469,1831,3750,5108,1962,21108,22025,24922,24458,3756,3757,2481,2193,24923,5611,1916,5068,5071,2106,2242,3125,24924,2243,24925,24926,5621,21112,21980],"class_list":["post-79974","post","type-post","status-publish","format-standard","has-post-thumbnail","hentry","category-europa","category-intermodale-strada","category-spedizioni-e-logistica","tag-air-freight","tag-conditions-economiques","tag-croissance-du-chiffre-daffaires","tag-deutsch-gebrueder-weiss","tag-developpement-des-infrastructures","tag-digital-transformation","tag-digitale-transformation","tag-e-commerce-logistics","tag-e-commerce-logistik","tag-eastern-europe","tag-economic-conditions","tag-effectif","tag-eigenkapitalquote","tag-employee-count","tag-equity-ratio","tag-europe-de-lest","tag-fret-aerien","tag-gain-de-parts-de-marche","tag-gaining-market-share","tag-gestion-de-la-chaine-dapprovisionnement","tag-growth-markets","tag-home-delivery","tag-industrie-du-transport","tag-infrastructure-development","tag-infrastrukturentwicklung","tag-land-transport-europe","tag-landtransport-europa","tag-livraison-a-domicile","tag-logistics-service-provider","tag-logistikdienstleister","tag-logistique-de-colis","tag-logistique-e-commerce","tag-luftfracht","tag-marches-en-croissance","tag-marktanteile-gewinnen","tag-mitarbeiterzahl","tag-osteuropa","tag-paketlogistik","tag-parcel-logistics","tag-prestataire-logistique","tag-rail-freight-transport","tag-ratio-dequite","tag-revenue-growth","tag-schienengueterverkehr","tag-sea-transport","tag-seetransport","tag-supply-chain-management","tag-transformation-numerique","tag-transport-ferroviaire-de-marchandises","tag-transport-industry-francais-gebrueder-weiss","tag-transport-maritime","tag-transport-terrestre-europe","tag-transportwirtschaft-english-gebrueder-weiss","tag-umsatzsteigerung","tag-wachstumsmaerkte","tag-wirtschaftliche-rahmenbedingungen"],"acf":[],"yoast_head":"<!-- This site is optimized with the Yoast SEO plugin v27.3 - https:\/\/yoast.com\/product\/yoast-seo-wordpress\/ -->\n<title>Gebr\u00fcder Weiss aumenta leggermente il fatturato - ITJ | International Transport Journal<\/title>\n<meta name=\"robots\" content=\"index, follow, max-snippet:-1, max-image-preview:large, max-video-preview:-1\" \/>\n<link rel=\"canonical\" href=\"https:\/\/transportjournal.com\/it\/2026\/03\/09\/gebrueder-weiss-aumenta-leggermente-il-fatturato\/\" \/>\n<meta property=\"og:locale\" content=\"it_IT\" \/>\n<meta property=\"og:type\" content=\"article\" \/>\n<meta property=\"og:title\" content=\"Gebr\u00fcder Weiss aumenta leggermente il fatturato - ITJ | International Transport Journal\" \/>\n<meta property=\"og:description\" content=\"L&#039;azienda Gebr\u00fcder Weiss ha registrato nel 2025 un fatturato netto di 2,73 miliardi di euro e, nonostante le difficili condizioni in Europa, \u00e8 riuscita a guadagnare quote di mercato e a investire.\" \/>\n<meta property=\"og:url\" content=\"https:\/\/transportjournal.com\/it\/2026\/03\/09\/gebrueder-weiss-aumenta-leggermente-il-fatturato\/\" \/>\n<meta property=\"og:site_name\" content=\"ITJ | International Transport Journal\" \/>\n<meta property=\"article:published_time\" content=\"2026-03-09T11:41:31+00:00\" \/>\n<meta property=\"og:image\" content=\"https:\/\/transportjournal.com\/wp-content\/uploads\/sites\/2\/2026\/03\/6_e-mobility-scaled-aspect-ratio-1400-788-scaled-1.jpeg\" \/>\n\t<meta property=\"og:image:width\" content=\"2560\" \/>\n\t<meta property=\"og:image:height\" content=\"1441\" \/>\n\t<meta property=\"og:image:type\" content=\"image\/jpeg\" \/>\n<meta name=\"author\" content=\"Jeremy Soland\" \/>\n<meta name=\"twitter:card\" content=\"summary_large_image\" \/>\n<meta name=\"twitter:label1\" content=\"Scritto da\" \/>\n\t<meta name=\"twitter:data1\" content=\"Jeremy Soland\" \/>\n\t<meta name=\"twitter:label2\" content=\"Tempo di lettura stimato\" \/>\n\t<meta name=\"twitter:data2\" content=\"2 minuto\" \/>\n<script type=\"application\/ld+json\" class=\"yoast-schema-graph\">{\"@context\":\"https:\\\/\\\/schema.org\",\"@graph\":[{\"@type\":\"Article\",\"@id\":\"https:\\\/\\\/transportjournal.com\\\/it\\\/2026\\\/03\\\/09\\\/gebrueder-weiss-aumenta-leggermente-il-fatturato\\\/#article\",\"isPartOf\":{\"@id\":\"https:\\\/\\\/transportjournal.com\\\/it\\\/2026\\\/03\\\/09\\\/gebrueder-weiss-aumenta-leggermente-il-fatturato\\\/\"},\"author\":{\"name\":\"Jeremy Soland\",\"@id\":\"https:\\\/\\\/transportjournal.com\\\/it\\\/#\\\/schema\\\/person\\\/41d36b5474b623392fa613e97e2363fa\"},\"headline\":\"Gebr\u00fcder Weiss aumenta leggermente il fatturato\",\"datePublished\":\"2026-03-09T11:41:31+00:00\",\"mainEntityOfPage\":{\"@id\":\"https:\\\/\\\/transportjournal.com\\\/it\\\/2026\\\/03\\\/09\\\/gebrueder-weiss-aumenta-leggermente-il-fatturato\\\/\"},\"wordCount\":362,\"commentCount\":0,\"publisher\":{\"@id\":\"https:\\\/\\\/transportjournal.com\\\/it\\\/#organization\"},\"image\":{\"@id\":\"https:\\\/\\\/transportjournal.com\\\/it\\\/2026\\\/03\\\/09\\\/gebrueder-weiss-aumenta-leggermente-il-fatturato\\\/#primaryimage\"},\"thumbnailUrl\":\"https:\\\/\\\/transportjournal.com\\\/wp-content\\\/uploads\\\/sites\\\/2\\\/2026\\\/03\\\/6_e-mobility-scaled-aspect-ratio-1400-788-scaled-1.jpeg\",\"keywords\":[\"air freight\",\"conditions \u00e9conomiques\",\"croissance du chiffre d'affaires\",\"Deutsch Gebr\u00fcder Weiss\",\"d\u00e9veloppement des infrastructures\",\"digital transformation\",\"digitale Transformation\",\"e-commerce logistics\",\"E-Commerce Logistik\",\"Eastern Europe\",\"economic conditions\",\"effectif\",\"Eigenkapitalquote\",\"employee count\",\"equity ratio\",\"Europe de l'Est\",\"fret a\u00e9rien\",\"gain de parts de march\u00e9\",\"gaining market share\",\"gestion de la cha\u00eene d'approvisionnement\",\"growth markets\",\"Home Delivery\",\"industrie du transport\",\"infrastructure development\",\"Infrastrukturentwicklung\",\"land transport Europe\",\"Landtransport Europa\",\"livraison \u00e0 domicile\",\"logistics service provider\",\"Logistikdienstleister\",\"logistique de colis\",\"logistique e-commerce\",\"Luftfracht\",\"march\u00e9s en croissance\",\"Marktanteile gewinnen\",\"Mitarbeiterzahl\",\"Osteuropa\",\"Paketlogistik\",\"parcel logistics\",\"prestataire logistique\",\"rail freight transport\",\"ratio d'\u00e9quit\u00e9\",\"revenue growth\",\"Schieneng\u00fcterverkehr\",\"sea transport\",\"Seetransport\",\"Supply Chain Management\",\"transformation num\u00e9rique\",\"transport ferroviaire de marchandises\",\"transport industry Fran\u00e7ais Gebr\u00fcder Weiss\",\"transport maritime\",\"transport terrestre Europe\",\"Transportwirtschaft English Gebr\u00fcder Weiss\",\"Umsatzsteigerung\",\"Wachstumsm\u00e4rkte\",\"wirtschaftliche Rahmenbedingungen\"],\"articleSection\":[\"Europa\",\"Intermodale \\\/ Strada\",\"Spedizioniere e Logistica\"],\"inLanguage\":\"it-IT\",\"potentialAction\":[{\"@type\":\"CommentAction\",\"name\":\"Comment\",\"target\":[\"https:\\\/\\\/transportjournal.com\\\/it\\\/2026\\\/03\\\/09\\\/gebrueder-weiss-aumenta-leggermente-il-fatturato\\\/#respond\"]}]},{\"@type\":\"WebPage\",\"@id\":\"https:\\\/\\\/transportjournal.com\\\/it\\\/2026\\\/03\\\/09\\\/gebrueder-weiss-aumenta-leggermente-il-fatturato\\\/\",\"url\":\"https:\\\/\\\/transportjournal.com\\\/it\\\/2026\\\/03\\\/09\\\/gebrueder-weiss-aumenta-leggermente-il-fatturato\\\/\",\"name\":\"Gebr\u00fcder Weiss aumenta leggermente il fatturato - ITJ | International Transport Journal\",\"isPartOf\":{\"@id\":\"https:\\\/\\\/transportjournal.com\\\/it\\\/#website\"},\"primaryImageOfPage\":{\"@id\":\"https:\\\/\\\/transportjournal.com\\\/it\\\/2026\\\/03\\\/09\\\/gebrueder-weiss-aumenta-leggermente-il-fatturato\\\/#primaryimage\"},\"image\":{\"@id\":\"https:\\\/\\\/transportjournal.com\\\/it\\\/2026\\\/03\\\/09\\\/gebrueder-weiss-aumenta-leggermente-il-fatturato\\\/#primaryimage\"},\"thumbnailUrl\":\"https:\\\/\\\/transportjournal.com\\\/wp-content\\\/uploads\\\/sites\\\/2\\\/2026\\\/03\\\/6_e-mobility-scaled-aspect-ratio-1400-788-scaled-1.jpeg\",\"datePublished\":\"2026-03-09T11:41:31+00:00\",\"breadcrumb\":{\"@id\":\"https:\\\/\\\/transportjournal.com\\\/it\\\/2026\\\/03\\\/09\\\/gebrueder-weiss-aumenta-leggermente-il-fatturato\\\/#breadcrumb\"},\"inLanguage\":\"it-IT\",\"potentialAction\":[{\"@type\":\"ReadAction\",\"target\":[\"https:\\\/\\\/transportjournal.com\\\/it\\\/2026\\\/03\\\/09\\\/gebrueder-weiss-aumenta-leggermente-il-fatturato\\\/\"]}]},{\"@type\":\"ImageObject\",\"inLanguage\":\"it-IT\",\"@id\":\"https:\\\/\\\/transportjournal.com\\\/it\\\/2026\\\/03\\\/09\\\/gebrueder-weiss-aumenta-leggermente-il-fatturato\\\/#primaryimage\",\"url\":\"https:\\\/\\\/transportjournal.com\\\/wp-content\\\/uploads\\\/sites\\\/2\\\/2026\\\/03\\\/6_e-mobility-scaled-aspect-ratio-1400-788-scaled-1.jpeg\",\"contentUrl\":\"https:\\\/\\\/transportjournal.com\\\/wp-content\\\/uploads\\\/sites\\\/2\\\/2026\\\/03\\\/6_e-mobility-scaled-aspect-ratio-1400-788-scaled-1.jpeg\",\"width\":2560,\"height\":1441},{\"@type\":\"BreadcrumbList\",\"@id\":\"https:\\\/\\\/transportjournal.com\\\/it\\\/2026\\\/03\\\/09\\\/gebrueder-weiss-aumenta-leggermente-il-fatturato\\\/#breadcrumb\",\"itemListElement\":[{\"@type\":\"ListItem\",\"position\":1,\"name\":\"Startseite\",\"item\":\"https:\\\/\\\/transportjournal.com\\\/it\\\/\"},{\"@type\":\"ListItem\",\"position\":2,\"name\":\"Gebr\u00fcder Weiss aumenta leggermente il fatturato\"}]},{\"@type\":\"WebSite\",\"@id\":\"https:\\\/\\\/transportjournal.com\\\/it\\\/#website\",\"url\":\"https:\\\/\\\/transportjournal.com\\\/it\\\/\",\"name\":\"ITJ | International Transport Journal\",\"description\":\"Stay informed with the latest global news from the transport, logistics, and supply chain industries. Transport Journal delivers expert insights, analysis, and updates across shipping, aviation, intermodal, and forwarding.\",\"publisher\":{\"@id\":\"https:\\\/\\\/transportjournal.com\\\/it\\\/#organization\"},\"potentialAction\":[{\"@type\":\"SearchAction\",\"target\":{\"@type\":\"EntryPoint\",\"urlTemplate\":\"https:\\\/\\\/transportjournal.com\\\/it\\\/?s={search_term_string}\"},\"query-input\":{\"@type\":\"PropertyValueSpecification\",\"valueRequired\":true,\"valueName\":\"search_term_string\"}}],\"inLanguage\":\"it-IT\"},{\"@type\":\"Organization\",\"@id\":\"https:\\\/\\\/transportjournal.com\\\/it\\\/#organization\",\"name\":\"Logismedia Group AG\",\"alternateName\":\"Logismedia Group AG\",\"url\":\"https:\\\/\\\/transportjournal.com\\\/it\\\/\",\"logo\":{\"@type\":\"ImageObject\",\"inLanguage\":\"it-IT\",\"@id\":\"https:\\\/\\\/transportjournal.com\\\/it\\\/#\\\/schema\\\/logo\\\/image\\\/\",\"url\":\"https:\\\/\\\/transportjournal.com\\\/wp-content\\\/uploads\\\/sites\\\/2\\\/2025\\\/09\\\/Logo_ITJ.png\",\"contentUrl\":\"https:\\\/\\\/transportjournal.com\\\/wp-content\\\/uploads\\\/sites\\\/2\\\/2025\\\/09\\\/Logo_ITJ.png\",\"width\":799,\"height\":326,\"caption\":\"Logismedia Group AG\"},\"image\":{\"@id\":\"https:\\\/\\\/transportjournal.com\\\/it\\\/#\\\/schema\\\/logo\\\/image\\\/\"},\"sameAs\":[\"https:\\\/\\\/www.linkedin.com\\\/company\\\/56456496\\\/admin\\\/dashboard\\\/\",\"https:\\\/\\\/www.instagram.com\\\/logismediagroup\\\/\",\"https:\\\/\\\/www.youtube.com\\\/@LogiamediaGroupAG\"]},{\"@type\":\"Person\",\"@id\":\"https:\\\/\\\/transportjournal.com\\\/it\\\/#\\\/schema\\\/person\\\/41d36b5474b623392fa613e97e2363fa\",\"name\":\"Jeremy Soland\",\"url\":\"https:\\\/\\\/transportjournal.com\\\/it\\\/author\\\/jeremy\\\/\"}]}<\/script>\n<!-- \/ Yoast SEO plugin. -->","yoast_head_json":{"title":"Gebr\u00fcder Weiss aumenta leggermente il fatturato - ITJ | International Transport Journal","robots":{"index":"index","follow":"follow","max-snippet":"max-snippet:-1","max-image-preview":"max-image-preview:large","max-video-preview":"max-video-preview:-1"},"canonical":"https:\/\/transportjournal.com\/it\/2026\/03\/09\/gebrueder-weiss-aumenta-leggermente-il-fatturato\/","og_locale":"it_IT","og_type":"article","og_title":"Gebr\u00fcder Weiss aumenta leggermente il fatturato - ITJ | International Transport Journal","og_description":"L'azienda Gebr\u00fcder Weiss ha registrato nel 2025 un fatturato netto di 2,73 miliardi di euro e, nonostante le difficili condizioni in Europa, \u00e8 riuscita a guadagnare quote di mercato e a investire.","og_url":"https:\/\/transportjournal.com\/it\/2026\/03\/09\/gebrueder-weiss-aumenta-leggermente-il-fatturato\/","og_site_name":"ITJ | International Transport Journal","article_published_time":"2026-03-09T11:41:31+00:00","og_image":[{"width":2560,"height":1441,"url":"https:\/\/transportjournal.com\/wp-content\/uploads\/sites\/2\/2026\/03\/6_e-mobility-scaled-aspect-ratio-1400-788-scaled-1.jpeg","type":"image\/jpeg"}],"author":"Jeremy Soland","twitter_card":"summary_large_image","twitter_misc":{"Scritto da":"Jeremy Soland","Tempo di lettura stimato":"2 minuto"},"schema":{"@context":"https:\/\/schema.org","@graph":[{"@type":"Article","@id":"https:\/\/transportjournal.com\/it\/2026\/03\/09\/gebrueder-weiss-aumenta-leggermente-il-fatturato\/#article","isPartOf":{"@id":"https:\/\/transportjournal.com\/it\/2026\/03\/09\/gebrueder-weiss-aumenta-leggermente-il-fatturato\/"},"author":{"name":"Jeremy Soland","@id":"https:\/\/transportjournal.com\/it\/#\/schema\/person\/41d36b5474b623392fa613e97e2363fa"},"headline":"Gebr\u00fcder Weiss aumenta leggermente il fatturato","datePublished":"2026-03-09T11:41:31+00:00","mainEntityOfPage":{"@id":"https:\/\/transportjournal.com\/it\/2026\/03\/09\/gebrueder-weiss-aumenta-leggermente-il-fatturato\/"},"wordCount":362,"commentCount":0,"publisher":{"@id":"https:\/\/transportjournal.com\/it\/#organization"},"image":{"@id":"https:\/\/transportjournal.com\/it\/2026\/03\/09\/gebrueder-weiss-aumenta-leggermente-il-fatturato\/#primaryimage"},"thumbnailUrl":"https:\/\/transportjournal.com\/wp-content\/uploads\/sites\/2\/2026\/03\/6_e-mobility-scaled-aspect-ratio-1400-788-scaled-1.jpeg","keywords":["air freight","conditions \u00e9conomiques","croissance du chiffre d'affaires","Deutsch Gebr\u00fcder Weiss","d\u00e9veloppement des infrastructures","digital transformation","digitale Transformation","e-commerce logistics","E-Commerce Logistik","Eastern Europe","economic conditions","effectif","Eigenkapitalquote","employee count","equity ratio","Europe de l'Est","fret a\u00e9rien","gain de parts de march\u00e9","gaining market share","gestion de la cha\u00eene d'approvisionnement","growth markets","Home Delivery","industrie du transport","infrastructure development","Infrastrukturentwicklung","land transport Europe","Landtransport Europa","livraison \u00e0 domicile","logistics service provider","Logistikdienstleister","logistique de colis","logistique e-commerce","Luftfracht","march\u00e9s en croissance","Marktanteile gewinnen","Mitarbeiterzahl","Osteuropa","Paketlogistik","parcel logistics","prestataire logistique","rail freight transport","ratio d'\u00e9quit\u00e9","revenue growth","Schieneng\u00fcterverkehr","sea transport","Seetransport","Supply Chain Management","transformation num\u00e9rique","transport ferroviaire de marchandises","transport industry Fran\u00e7ais Gebr\u00fcder Weiss","transport maritime","transport terrestre Europe","Transportwirtschaft English Gebr\u00fcder Weiss","Umsatzsteigerung","Wachstumsm\u00e4rkte","wirtschaftliche Rahmenbedingungen"],"articleSection":["Europa","Intermodale \/ Strada","Spedizioniere e Logistica"],"inLanguage":"it-IT","potentialAction":[{"@type":"CommentAction","name":"Comment","target":["https:\/\/transportjournal.com\/it\/2026\/03\/09\/gebrueder-weiss-aumenta-leggermente-il-fatturato\/#respond"]}]},{"@type":"WebPage","@id":"https:\/\/transportjournal.com\/it\/2026\/03\/09\/gebrueder-weiss-aumenta-leggermente-il-fatturato\/","url":"https:\/\/transportjournal.com\/it\/2026\/03\/09\/gebrueder-weiss-aumenta-leggermente-il-fatturato\/","name":"Gebr\u00fcder Weiss aumenta leggermente il fatturato - ITJ | International Transport Journal","isPartOf":{"@id":"https:\/\/transportjournal.com\/it\/#website"},"primaryImageOfPage":{"@id":"https:\/\/transportjournal.com\/it\/2026\/03\/09\/gebrueder-weiss-aumenta-leggermente-il-fatturato\/#primaryimage"},"image":{"@id":"https:\/\/transportjournal.com\/it\/2026\/03\/09\/gebrueder-weiss-aumenta-leggermente-il-fatturato\/#primaryimage"},"thumbnailUrl":"https:\/\/transportjournal.com\/wp-content\/uploads\/sites\/2\/2026\/03\/6_e-mobility-scaled-aspect-ratio-1400-788-scaled-1.jpeg","datePublished":"2026-03-09T11:41:31+00:00","breadcrumb":{"@id":"https:\/\/transportjournal.com\/it\/2026\/03\/09\/gebrueder-weiss-aumenta-leggermente-il-fatturato\/#breadcrumb"},"inLanguage":"it-IT","potentialAction":[{"@type":"ReadAction","target":["https:\/\/transportjournal.com\/it\/2026\/03\/09\/gebrueder-weiss-aumenta-leggermente-il-fatturato\/"]}]},{"@type":"ImageObject","inLanguage":"it-IT","@id":"https:\/\/transportjournal.com\/it\/2026\/03\/09\/gebrueder-weiss-aumenta-leggermente-il-fatturato\/#primaryimage","url":"https:\/\/transportjournal.com\/wp-content\/uploads\/sites\/2\/2026\/03\/6_e-mobility-scaled-aspect-ratio-1400-788-scaled-1.jpeg","contentUrl":"https:\/\/transportjournal.com\/wp-content\/uploads\/sites\/2\/2026\/03\/6_e-mobility-scaled-aspect-ratio-1400-788-scaled-1.jpeg","width":2560,"height":1441},{"@type":"BreadcrumbList","@id":"https:\/\/transportjournal.com\/it\/2026\/03\/09\/gebrueder-weiss-aumenta-leggermente-il-fatturato\/#breadcrumb","itemListElement":[{"@type":"ListItem","position":1,"name":"Startseite","item":"https:\/\/transportjournal.com\/it\/"},{"@type":"ListItem","position":2,"name":"Gebr\u00fcder Weiss aumenta leggermente il fatturato"}]},{"@type":"WebSite","@id":"https:\/\/transportjournal.com\/it\/#website","url":"https:\/\/transportjournal.com\/it\/","name":"ITJ | International Transport Journal","description":"Stay informed with the latest global news from the transport, logistics, and supply chain industries. Transport Journal delivers expert insights, analysis, and updates across shipping, aviation, intermodal, and forwarding.","publisher":{"@id":"https:\/\/transportjournal.com\/it\/#organization"},"potentialAction":[{"@type":"SearchAction","target":{"@type":"EntryPoint","urlTemplate":"https:\/\/transportjournal.com\/it\/?s={search_term_string}"},"query-input":{"@type":"PropertyValueSpecification","valueRequired":true,"valueName":"search_term_string"}}],"inLanguage":"it-IT"},{"@type":"Organization","@id":"https:\/\/transportjournal.com\/it\/#organization","name":"Logismedia Group AG","alternateName":"Logismedia Group AG","url":"https:\/\/transportjournal.com\/it\/","logo":{"@type":"ImageObject","inLanguage":"it-IT","@id":"https:\/\/transportjournal.com\/it\/#\/schema\/logo\/image\/","url":"https:\/\/transportjournal.com\/wp-content\/uploads\/sites\/2\/2025\/09\/Logo_ITJ.png","contentUrl":"https:\/\/transportjournal.com\/wp-content\/uploads\/sites\/2\/2025\/09\/Logo_ITJ.png","width":799,"height":326,"caption":"Logismedia Group AG"},"image":{"@id":"https:\/\/transportjournal.com\/it\/#\/schema\/logo\/image\/"},"sameAs":["https:\/\/www.linkedin.com\/company\/56456496\/admin\/dashboard\/","https:\/\/www.instagram.com\/logismediagroup\/","https:\/\/www.youtube.com\/@LogiamediaGroupAG"]},{"@type":"Person","@id":"https:\/\/transportjournal.com\/it\/#\/schema\/person\/41d36b5474b623392fa613e97e2363fa","name":"Jeremy Soland","url":"https:\/\/transportjournal.com\/it\/author\/jeremy\/"}]}},"_links":{"self":[{"href":"https:\/\/transportjournal.com\/it\/wp-json\/wp\/v2\/posts\/79974","targetHints":{"allow":["GET"]}}],"collection":[{"href":"https:\/\/transportjournal.com\/it\/wp-json\/wp\/v2\/posts"}],"about":[{"href":"https:\/\/transportjournal.com\/it\/wp-json\/wp\/v2\/types\/post"}],"author":[{"embeddable":true,"href":"https:\/\/transportjournal.com\/it\/wp-json\/wp\/v2\/users\/10"}],"replies":[{"embeddable":true,"href":"https:\/\/transportjournal.com\/it\/wp-json\/wp\/v2\/comments?post=79974"}],"version-history":[{"count":0,"href":"https:\/\/transportjournal.com\/it\/wp-json\/wp\/v2\/posts\/79974\/revisions"}],"wp:featuredmedia":[{"embeddable":true,"href":"https:\/\/transportjournal.com\/it\/wp-json\/wp\/v2\/media\/79970"}],"wp:attachment":[{"href":"https:\/\/transportjournal.com\/it\/wp-json\/wp\/v2\/media?parent=79974"}],"wp:term":[{"taxonomy":"category","embeddable":true,"href":"https:\/\/transportjournal.com\/it\/wp-json\/wp\/v2\/categories?post=79974"},{"taxonomy":"post_tag","embeddable":true,"href":"https:\/\/transportjournal.com\/it\/wp-json\/wp\/v2\/tags?post=79974"}],"curies":[{"name":"wp","href":"https:\/\/api.w.org\/{rel}","templated":true}]}}