{"id":75049,"date":"2026-01-29T10:00:12","date_gmt":"2026-01-29T10:00:12","guid":{"rendered":"https:\/\/transportjournal.com\/2026\/01\/29\/ulla-eithz-nielsen-nuova-vice-coo\/"},"modified":"2026-01-29T10:00:12","modified_gmt":"2026-01-29T10:00:12","slug":"ulla-eithz-nielsen-nuova-vice-coo","status":"publish","type":"post","link":"https:\/\/transportjournal.com\/it\/2026\/01\/29\/ulla-eithz-nielsen-nuova-vice-coo\/","title":{"rendered":"Ulla Eithz Nielsen nuova vice COO"},"content":{"rendered":"<p>Columbia Group ha nominato Ulla Eithz Nielsen come Vice Chief Operating Officer (COO). Questa nuova posizione mira a rafforzare la leadership dell&#8217;azienda mentre il gruppo sviluppa ulteriormente la sua piattaforma globale integrata per i servizi marittimi.<\/p>\n<p>Eithz Nielsen porta con s\u00e9 oltre sei anni di esperienza in posizioni dirigenziali presso V.Group, dove ha ricoperto vari ruoli operativi e gestionali, inclusa la posizione di Managing Director. Ha iniziato la sua carriera in mare, prima di passare a A.P. Moller \u2013 Maersk. Successivamente, ha lavorato per un decennio in NORDEN, dove era responsabile dell&#8217;ottimizzazione dei processi, delle applicazioni aziendali e della Business Intelligence. Queste esperienze hanno influenzato il suo ruolo successivo in V.Group, dove ha contribuito in modo significativo allo sviluppo e all&#8217;implementazione di modelli operativi aziendali.<\/p>\n<p>Nella sua nuova funzione, Eithz Nielsen collaborer\u00e0 strettamente con il team di leadership di Columbia per supportare l&#8217;allineamento operativo, l&#8217;efficienza organizzativa e lo sviluppo a lungo termine delle attivit\u00e0 nei settori della gestione navale e dei servizi marittimi correlati.<\/p>\n<p>Leonid Zalenski, COO di Columbia Group, ha commentato su Eithz Nielsen: &#8222;Ha una spiccata mentalit\u00e0 operativa e una profonda comprensione di come le organizzazioni marittime debbano essere strutturate per operare in modo coerente su larga scala. La sua esperienza supporter\u00e0 il nostro focus su chiarezza, responsabilit\u00e0 ed efficace attuazione all&#8217;interno del gruppo.&#8220;<\/p>\n<p>Eithz Nielsen ha sottolineato: &#8222;Non vedo l&#8217;ora di lavorare a stretto contatto con il team di Columbia mentre il gruppo continua a investire nella sua piattaforma operativa e nelle capacit\u00e0 digitali. Sono stata accolta molto calorosamente e apprezzo la collaborazione con Leonid e il resto del team di leadership.<\/p>\n<p>La digitalizzazione \u00e8 una questione centrale per me, poich\u00e9, se utilizzata correttamente, pu\u00f2 semplificare il modo di lavorare, supportare decisioni migliori e consentire ai team di dedicare pi\u00f9 tempo alle questioni essenziali. Columbia ha gi\u00e0 una solida base in questo settore, e c&#8217;\u00e8 un chiaro potenziale per costruire su di essa mentre l&#8217;attivit\u00e0 si evolve. Personalmente, il trasferimento a Cipro \u00e8 stato un passaggio fluido, e il sole \u00e8 stato sicuramente un gradito bonus.&#8220;<\/p>\n<p>&nbsp;<\/p>\n<p><a href=\"https:\/\/columbiagroup.org\/\" target=\"_blank\" rel=\"noopener noreferrer\">www.columbiagroup.org<\/a><\/p>\n<p>&nbsp;<\/p>\n","protected":false},"excerpt":{"rendered":"<p>Columbia Group ha nominato Ulla Eithz Nielsen come vice COO per promuovere l&#8217;efficienza operativa e lo sviluppo nel settore dei servizi marittimi.<\/p>\n","protected":false},"author":12,"featured_media":75045,"comment_status":"open","ping_status":"open","sticky":false,"template":"","format":"standard","meta":{"_acf_changed":false,"footnotes":""},"categories":[1638,1627,1631],"tags":[4017,7832,10903,10904,10905,2548,10906,6645,2211,2212,2115,4232,2700,2123,5901,10907,10908,2562,2909,6478,3872,2622,6384,10909,10910,6385,1800,10911,3379,4257,2925,5738,5739,10912,2720,10913,2929,5741,5742,5908,6399,5909,2106,2641,2242,10914,2157,10915,10916],"class_list":["post-75049","post","type-post","status-publish","format-standard","has-post-thumbnail","hentry","category-europa","category-persone-e-aziende","category-spedizioni-e-porti","tag-a-p-moller-maersk","tag-chypre","tag-coo-adjointe","tag-coo-deputy","tag-coo-stellvertreterin","tag-corporate-governance","tag-cyprus-francais-columbia-group","tag-deutsch-columbia-group","tag-digital-transformation","tag-digitale-transformation","tag-digitalisierung-in-der-logistik","tag-efficacite-operationnelle","tag-fachkraeftemangel-in-der-logistik","tag-gestion-de-la-chaine-dapprovisionnement","tag-gestion-des-navires","tag-global-service-platform","tag-globale-plattform-fuer-dienstleistungen","tag-gouvernance-dentreprise","tag-hafenbetrieb","tag-labor-shortage-in-logistics","tag-logistics-digitalization","tag-logistique-durable","tag-maritime-dienstleistungen","tag-maritime-organisationen","tag-maritime-organizations","tag-maritime-services","tag-nachhaltige-logistik","tag-norden","tag-numerisation-logistique","tag-operational-efficiency","tag-operations-portuaires","tag-operative-effizienz","tag-optimisation-des-processus","tag-organisations-maritimes","tag-penurie-de-main-doeuvre-dans-la-logistique","tag-plateforme-de-services-mondiale","tag-port-operations","tag-process-optimization","tag-prozessoptimierung","tag-schiffsmanagement","tag-services-maritimes","tag-ship-management","tag-supply-chain-management","tag-sustainable-logistics","tag-transformation-numerique","tag-ulla-eithz-nielsen","tag-unternehmensfuehrung","tag-v-group","tag-zypern-english-columbia-group"],"acf":[],"yoast_head":"<!-- This site is optimized with the Yoast SEO plugin v27.3 - https:\/\/yoast.com\/product\/yoast-seo-wordpress\/ -->\n<title>Ulla Eithz Nielsen nuova vice COO - ITJ | International Transport Journal<\/title>\n<meta name=\"robots\" content=\"index, follow, max-snippet:-1, max-image-preview:large, max-video-preview:-1\" \/>\n<link rel=\"canonical\" href=\"https:\/\/transportjournal.com\/it\/2026\/01\/29\/ulla-eithz-nielsen-nuova-vice-coo\/\" \/>\n<meta property=\"og:locale\" content=\"it_IT\" \/>\n<meta property=\"og:type\" content=\"article\" \/>\n<meta property=\"og:title\" content=\"Ulla Eithz Nielsen nuova vice COO - ITJ | International Transport Journal\" \/>\n<meta property=\"og:description\" content=\"Columbia Group ha nominato Ulla Eithz Nielsen come vice COO per promuovere l&#039;efficienza operativa e lo sviluppo nel settore dei servizi marittimi.\" \/>\n<meta property=\"og:url\" content=\"https:\/\/transportjournal.com\/it\/2026\/01\/29\/ulla-eithz-nielsen-nuova-vice-coo\/\" \/>\n<meta property=\"og:site_name\" content=\"ITJ | International Transport Journal\" \/>\n<meta property=\"article:published_time\" content=\"2026-01-29T10:00:12+00:00\" \/>\n<meta property=\"og:image\" content=\"https:\/\/transportjournal.com\/wp-content\/uploads\/sites\/2\/2026\/01\/55049651223_0112184909_o-aspect-ratio-1400-788.jpg\" \/>\n\t<meta property=\"og:image:width\" content=\"800\" \/>\n\t<meta property=\"og:image:height\" content=\"450\" \/>\n\t<meta property=\"og:image:type\" content=\"image\/jpeg\" \/>\n<meta name=\"author\" content=\"Andreas Haug\" \/>\n<meta name=\"twitter:card\" content=\"summary_large_image\" \/>\n<meta name=\"twitter:label1\" content=\"Scritto da\" \/>\n\t<meta name=\"twitter:data1\" content=\"Andreas Haug\" \/>\n\t<meta name=\"twitter:label2\" content=\"Tempo di lettura stimato\" \/>\n\t<meta name=\"twitter:data2\" content=\"2 minuto\" \/>\n<script type=\"application\/ld+json\" class=\"yoast-schema-graph\">{\"@context\":\"https:\\\/\\\/schema.org\",\"@graph\":[{\"@type\":\"Article\",\"@id\":\"https:\\\/\\\/transportjournal.com\\\/it\\\/2026\\\/01\\\/29\\\/ulla-eithz-nielsen-nuova-vice-coo\\\/#article\",\"isPartOf\":{\"@id\":\"https:\\\/\\\/transportjournal.com\\\/it\\\/2026\\\/01\\\/29\\\/ulla-eithz-nielsen-nuova-vice-coo\\\/\"},\"author\":{\"name\":\"Andreas Haug\",\"@id\":\"https:\\\/\\\/transportjournal.com\\\/it\\\/#\\\/schema\\\/person\\\/cf538b3157f15afd7589245a4b3dbd25\"},\"headline\":\"Ulla Eithz Nielsen nuova vice COO\",\"datePublished\":\"2026-01-29T10:00:12+00:00\",\"mainEntityOfPage\":{\"@id\":\"https:\\\/\\\/transportjournal.com\\\/it\\\/2026\\\/01\\\/29\\\/ulla-eithz-nielsen-nuova-vice-coo\\\/\"},\"wordCount\":357,\"commentCount\":0,\"publisher\":{\"@id\":\"https:\\\/\\\/transportjournal.com\\\/it\\\/#organization\"},\"image\":{\"@id\":\"https:\\\/\\\/transportjournal.com\\\/it\\\/2026\\\/01\\\/29\\\/ulla-eithz-nielsen-nuova-vice-coo\\\/#primaryimage\"},\"thumbnailUrl\":\"https:\\\/\\\/transportjournal.com\\\/wp-content\\\/uploads\\\/sites\\\/2\\\/2026\\\/01\\\/55049651223_0112184909_o-aspect-ratio-1400-788.jpg\",\"keywords\":[\"A.P. Moller - Maersk\",\"Chypre\",\"COO adjointe\",\"COO Deputy\",\"COO Stellvertreterin\",\"corporate governance\",\"Cyprus Fran\u00e7ais Columbia Group\",\"Deutsch Columbia Group\",\"digital transformation\",\"digitale Transformation\",\"Digitalisierung in der Logistik\",\"efficacit\u00e9 op\u00e9rationnelle\",\"Fachkr\u00e4ftemangel in der Logistik\",\"gestion de la cha\u00eene d'approvisionnement\",\"gestion des navires\",\"global service platform\",\"globale Plattform f\u00fcr Dienstleistungen\",\"gouvernance d'entreprise\",\"Hafenbetrieb\",\"labor shortage in logistics\",\"logistics digitalization\",\"logistique durable\",\"maritime Dienstleistungen\",\"maritime Organisationen\",\"maritime organizations\",\"maritime services\",\"nachhaltige Logistik\",\"NORDEN\",\"num\u00e9risation logistique\",\"operational efficiency\",\"op\u00e9rations portuaires\",\"operative Effizienz\",\"optimisation des processus\",\"organisations maritimes\",\"p\u00e9nurie de main-d'\u0153uvre dans la logistique\",\"plateforme de services mondiale\",\"port operations\",\"process optimization\",\"Prozessoptimierung\",\"Schiffsmanagement\",\"services maritimes\",\"ship management\",\"Supply Chain Management\",\"sustainable logistics\",\"transformation num\u00e9rique\",\"Ulla Eithz Nielsen\",\"Unternehmensf\u00fchrung\",\"V.Group\",\"Zypern English Columbia Group\"],\"articleSection\":[\"Europa\",\"Persone e aziende\",\"Spedizioni e porti\"],\"inLanguage\":\"it-IT\",\"potentialAction\":[{\"@type\":\"CommentAction\",\"name\":\"Comment\",\"target\":[\"https:\\\/\\\/transportjournal.com\\\/it\\\/2026\\\/01\\\/29\\\/ulla-eithz-nielsen-nuova-vice-coo\\\/#respond\"]}]},{\"@type\":\"WebPage\",\"@id\":\"https:\\\/\\\/transportjournal.com\\\/it\\\/2026\\\/01\\\/29\\\/ulla-eithz-nielsen-nuova-vice-coo\\\/\",\"url\":\"https:\\\/\\\/transportjournal.com\\\/it\\\/2026\\\/01\\\/29\\\/ulla-eithz-nielsen-nuova-vice-coo\\\/\",\"name\":\"Ulla Eithz Nielsen nuova vice COO - ITJ | International Transport Journal\",\"isPartOf\":{\"@id\":\"https:\\\/\\\/transportjournal.com\\\/it\\\/#website\"},\"primaryImageOfPage\":{\"@id\":\"https:\\\/\\\/transportjournal.com\\\/it\\\/2026\\\/01\\\/29\\\/ulla-eithz-nielsen-nuova-vice-coo\\\/#primaryimage\"},\"image\":{\"@id\":\"https:\\\/\\\/transportjournal.com\\\/it\\\/2026\\\/01\\\/29\\\/ulla-eithz-nielsen-nuova-vice-coo\\\/#primaryimage\"},\"thumbnailUrl\":\"https:\\\/\\\/transportjournal.com\\\/wp-content\\\/uploads\\\/sites\\\/2\\\/2026\\\/01\\\/55049651223_0112184909_o-aspect-ratio-1400-788.jpg\",\"datePublished\":\"2026-01-29T10:00:12+00:00\",\"breadcrumb\":{\"@id\":\"https:\\\/\\\/transportjournal.com\\\/it\\\/2026\\\/01\\\/29\\\/ulla-eithz-nielsen-nuova-vice-coo\\\/#breadcrumb\"},\"inLanguage\":\"it-IT\",\"potentialAction\":[{\"@type\":\"ReadAction\",\"target\":[\"https:\\\/\\\/transportjournal.com\\\/it\\\/2026\\\/01\\\/29\\\/ulla-eithz-nielsen-nuova-vice-coo\\\/\"]}]},{\"@type\":\"ImageObject\",\"inLanguage\":\"it-IT\",\"@id\":\"https:\\\/\\\/transportjournal.com\\\/it\\\/2026\\\/01\\\/29\\\/ulla-eithz-nielsen-nuova-vice-coo\\\/#primaryimage\",\"url\":\"https:\\\/\\\/transportjournal.com\\\/wp-content\\\/uploads\\\/sites\\\/2\\\/2026\\\/01\\\/55049651223_0112184909_o-aspect-ratio-1400-788.jpg\",\"contentUrl\":\"https:\\\/\\\/transportjournal.com\\\/wp-content\\\/uploads\\\/sites\\\/2\\\/2026\\\/01\\\/55049651223_0112184909_o-aspect-ratio-1400-788.jpg\",\"width\":800,\"height\":450},{\"@type\":\"BreadcrumbList\",\"@id\":\"https:\\\/\\\/transportjournal.com\\\/it\\\/2026\\\/01\\\/29\\\/ulla-eithz-nielsen-nuova-vice-coo\\\/#breadcrumb\",\"itemListElement\":[{\"@type\":\"ListItem\",\"position\":1,\"name\":\"Startseite\",\"item\":\"https:\\\/\\\/transportjournal.com\\\/it\\\/\"},{\"@type\":\"ListItem\",\"position\":2,\"name\":\"Ulla Eithz Nielsen nuova vice COO\"}]},{\"@type\":\"WebSite\",\"@id\":\"https:\\\/\\\/transportjournal.com\\\/it\\\/#website\",\"url\":\"https:\\\/\\\/transportjournal.com\\\/it\\\/\",\"name\":\"ITJ | International Transport Journal\",\"description\":\"Stay informed with the latest global news from the transport, logistics, and supply chain industries. Transport Journal delivers expert insights, analysis, and updates across shipping, aviation, intermodal, and forwarding.\",\"publisher\":{\"@id\":\"https:\\\/\\\/transportjournal.com\\\/it\\\/#organization\"},\"potentialAction\":[{\"@type\":\"SearchAction\",\"target\":{\"@type\":\"EntryPoint\",\"urlTemplate\":\"https:\\\/\\\/transportjournal.com\\\/it\\\/?s={search_term_string}\"},\"query-input\":{\"@type\":\"PropertyValueSpecification\",\"valueRequired\":true,\"valueName\":\"search_term_string\"}}],\"inLanguage\":\"it-IT\"},{\"@type\":\"Organization\",\"@id\":\"https:\\\/\\\/transportjournal.com\\\/it\\\/#organization\",\"name\":\"Logismedia Group AG\",\"alternateName\":\"Logismedia Group AG\",\"url\":\"https:\\\/\\\/transportjournal.com\\\/it\\\/\",\"logo\":{\"@type\":\"ImageObject\",\"inLanguage\":\"it-IT\",\"@id\":\"https:\\\/\\\/transportjournal.com\\\/it\\\/#\\\/schema\\\/logo\\\/image\\\/\",\"url\":\"https:\\\/\\\/transportjournal.com\\\/wp-content\\\/uploads\\\/sites\\\/2\\\/2025\\\/09\\\/Logo_ITJ.png\",\"contentUrl\":\"https:\\\/\\\/transportjournal.com\\\/wp-content\\\/uploads\\\/sites\\\/2\\\/2025\\\/09\\\/Logo_ITJ.png\",\"width\":799,\"height\":326,\"caption\":\"Logismedia Group AG\"},\"image\":{\"@id\":\"https:\\\/\\\/transportjournal.com\\\/it\\\/#\\\/schema\\\/logo\\\/image\\\/\"},\"sameAs\":[\"https:\\\/\\\/www.linkedin.com\\\/company\\\/56456496\\\/admin\\\/dashboard\\\/\",\"https:\\\/\\\/www.instagram.com\\\/logismediagroup\\\/\",\"https:\\\/\\\/www.youtube.com\\\/@LogiamediaGroupAG\"]},{\"@type\":\"Person\",\"@id\":\"https:\\\/\\\/transportjournal.com\\\/it\\\/#\\\/schema\\\/person\\\/cf538b3157f15afd7589245a4b3dbd25\",\"name\":\"Andreas Haug\",\"url\":\"https:\\\/\\\/transportjournal.com\\\/it\\\/author\\\/andreas\\\/\"}]}<\/script>\n<!-- \/ Yoast SEO plugin. -->","yoast_head_json":{"title":"Ulla Eithz Nielsen nuova vice COO - ITJ | International Transport Journal","robots":{"index":"index","follow":"follow","max-snippet":"max-snippet:-1","max-image-preview":"max-image-preview:large","max-video-preview":"max-video-preview:-1"},"canonical":"https:\/\/transportjournal.com\/it\/2026\/01\/29\/ulla-eithz-nielsen-nuova-vice-coo\/","og_locale":"it_IT","og_type":"article","og_title":"Ulla Eithz Nielsen nuova vice COO - ITJ | International Transport Journal","og_description":"Columbia Group ha nominato Ulla Eithz Nielsen come vice COO per promuovere l'efficienza operativa e lo sviluppo nel settore dei servizi marittimi.","og_url":"https:\/\/transportjournal.com\/it\/2026\/01\/29\/ulla-eithz-nielsen-nuova-vice-coo\/","og_site_name":"ITJ | International Transport Journal","article_published_time":"2026-01-29T10:00:12+00:00","og_image":[{"width":800,"height":450,"url":"https:\/\/transportjournal.com\/wp-content\/uploads\/sites\/2\/2026\/01\/55049651223_0112184909_o-aspect-ratio-1400-788.jpg","type":"image\/jpeg"}],"author":"Andreas Haug","twitter_card":"summary_large_image","twitter_misc":{"Scritto da":"Andreas Haug","Tempo di lettura stimato":"2 minuto"},"schema":{"@context":"https:\/\/schema.org","@graph":[{"@type":"Article","@id":"https:\/\/transportjournal.com\/it\/2026\/01\/29\/ulla-eithz-nielsen-nuova-vice-coo\/#article","isPartOf":{"@id":"https:\/\/transportjournal.com\/it\/2026\/01\/29\/ulla-eithz-nielsen-nuova-vice-coo\/"},"author":{"name":"Andreas Haug","@id":"https:\/\/transportjournal.com\/it\/#\/schema\/person\/cf538b3157f15afd7589245a4b3dbd25"},"headline":"Ulla Eithz Nielsen nuova vice COO","datePublished":"2026-01-29T10:00:12+00:00","mainEntityOfPage":{"@id":"https:\/\/transportjournal.com\/it\/2026\/01\/29\/ulla-eithz-nielsen-nuova-vice-coo\/"},"wordCount":357,"commentCount":0,"publisher":{"@id":"https:\/\/transportjournal.com\/it\/#organization"},"image":{"@id":"https:\/\/transportjournal.com\/it\/2026\/01\/29\/ulla-eithz-nielsen-nuova-vice-coo\/#primaryimage"},"thumbnailUrl":"https:\/\/transportjournal.com\/wp-content\/uploads\/sites\/2\/2026\/01\/55049651223_0112184909_o-aspect-ratio-1400-788.jpg","keywords":["A.P. Moller - Maersk","Chypre","COO adjointe","COO Deputy","COO Stellvertreterin","corporate governance","Cyprus Fran\u00e7ais Columbia Group","Deutsch Columbia Group","digital transformation","digitale Transformation","Digitalisierung in der Logistik","efficacit\u00e9 op\u00e9rationnelle","Fachkr\u00e4ftemangel in der Logistik","gestion de la cha\u00eene d'approvisionnement","gestion des navires","global service platform","globale Plattform f\u00fcr Dienstleistungen","gouvernance d'entreprise","Hafenbetrieb","labor shortage in logistics","logistics digitalization","logistique durable","maritime Dienstleistungen","maritime Organisationen","maritime organizations","maritime services","nachhaltige Logistik","NORDEN","num\u00e9risation logistique","operational efficiency","op\u00e9rations portuaires","operative Effizienz","optimisation des processus","organisations maritimes","p\u00e9nurie de main-d'\u0153uvre dans la logistique","plateforme de services mondiale","port operations","process optimization","Prozessoptimierung","Schiffsmanagement","services maritimes","ship management","Supply Chain Management","sustainable logistics","transformation num\u00e9rique","Ulla Eithz Nielsen","Unternehmensf\u00fchrung","V.Group","Zypern English Columbia Group"],"articleSection":["Europa","Persone e aziende","Spedizioni e porti"],"inLanguage":"it-IT","potentialAction":[{"@type":"CommentAction","name":"Comment","target":["https:\/\/transportjournal.com\/it\/2026\/01\/29\/ulla-eithz-nielsen-nuova-vice-coo\/#respond"]}]},{"@type":"WebPage","@id":"https:\/\/transportjournal.com\/it\/2026\/01\/29\/ulla-eithz-nielsen-nuova-vice-coo\/","url":"https:\/\/transportjournal.com\/it\/2026\/01\/29\/ulla-eithz-nielsen-nuova-vice-coo\/","name":"Ulla Eithz Nielsen nuova vice COO - ITJ | International Transport Journal","isPartOf":{"@id":"https:\/\/transportjournal.com\/it\/#website"},"primaryImageOfPage":{"@id":"https:\/\/transportjournal.com\/it\/2026\/01\/29\/ulla-eithz-nielsen-nuova-vice-coo\/#primaryimage"},"image":{"@id":"https:\/\/transportjournal.com\/it\/2026\/01\/29\/ulla-eithz-nielsen-nuova-vice-coo\/#primaryimage"},"thumbnailUrl":"https:\/\/transportjournal.com\/wp-content\/uploads\/sites\/2\/2026\/01\/55049651223_0112184909_o-aspect-ratio-1400-788.jpg","datePublished":"2026-01-29T10:00:12+00:00","breadcrumb":{"@id":"https:\/\/transportjournal.com\/it\/2026\/01\/29\/ulla-eithz-nielsen-nuova-vice-coo\/#breadcrumb"},"inLanguage":"it-IT","potentialAction":[{"@type":"ReadAction","target":["https:\/\/transportjournal.com\/it\/2026\/01\/29\/ulla-eithz-nielsen-nuova-vice-coo\/"]}]},{"@type":"ImageObject","inLanguage":"it-IT","@id":"https:\/\/transportjournal.com\/it\/2026\/01\/29\/ulla-eithz-nielsen-nuova-vice-coo\/#primaryimage","url":"https:\/\/transportjournal.com\/wp-content\/uploads\/sites\/2\/2026\/01\/55049651223_0112184909_o-aspect-ratio-1400-788.jpg","contentUrl":"https:\/\/transportjournal.com\/wp-content\/uploads\/sites\/2\/2026\/01\/55049651223_0112184909_o-aspect-ratio-1400-788.jpg","width":800,"height":450},{"@type":"BreadcrumbList","@id":"https:\/\/transportjournal.com\/it\/2026\/01\/29\/ulla-eithz-nielsen-nuova-vice-coo\/#breadcrumb","itemListElement":[{"@type":"ListItem","position":1,"name":"Startseite","item":"https:\/\/transportjournal.com\/it\/"},{"@type":"ListItem","position":2,"name":"Ulla Eithz Nielsen nuova vice COO"}]},{"@type":"WebSite","@id":"https:\/\/transportjournal.com\/it\/#website","url":"https:\/\/transportjournal.com\/it\/","name":"ITJ | International Transport Journal","description":"Stay informed with the latest global news from the transport, logistics, and supply chain industries. Transport Journal delivers expert insights, analysis, and updates across shipping, aviation, intermodal, and forwarding.","publisher":{"@id":"https:\/\/transportjournal.com\/it\/#organization"},"potentialAction":[{"@type":"SearchAction","target":{"@type":"EntryPoint","urlTemplate":"https:\/\/transportjournal.com\/it\/?s={search_term_string}"},"query-input":{"@type":"PropertyValueSpecification","valueRequired":true,"valueName":"search_term_string"}}],"inLanguage":"it-IT"},{"@type":"Organization","@id":"https:\/\/transportjournal.com\/it\/#organization","name":"Logismedia Group AG","alternateName":"Logismedia Group AG","url":"https:\/\/transportjournal.com\/it\/","logo":{"@type":"ImageObject","inLanguage":"it-IT","@id":"https:\/\/transportjournal.com\/it\/#\/schema\/logo\/image\/","url":"https:\/\/transportjournal.com\/wp-content\/uploads\/sites\/2\/2025\/09\/Logo_ITJ.png","contentUrl":"https:\/\/transportjournal.com\/wp-content\/uploads\/sites\/2\/2025\/09\/Logo_ITJ.png","width":799,"height":326,"caption":"Logismedia Group AG"},"image":{"@id":"https:\/\/transportjournal.com\/it\/#\/schema\/logo\/image\/"},"sameAs":["https:\/\/www.linkedin.com\/company\/56456496\/admin\/dashboard\/","https:\/\/www.instagram.com\/logismediagroup\/","https:\/\/www.youtube.com\/@LogiamediaGroupAG"]},{"@type":"Person","@id":"https:\/\/transportjournal.com\/it\/#\/schema\/person\/cf538b3157f15afd7589245a4b3dbd25","name":"Andreas Haug","url":"https:\/\/transportjournal.com\/it\/author\/andreas\/"}]}},"_links":{"self":[{"href":"https:\/\/transportjournal.com\/it\/wp-json\/wp\/v2\/posts\/75049","targetHints":{"allow":["GET"]}}],"collection":[{"href":"https:\/\/transportjournal.com\/it\/wp-json\/wp\/v2\/posts"}],"about":[{"href":"https:\/\/transportjournal.com\/it\/wp-json\/wp\/v2\/types\/post"}],"author":[{"embeddable":true,"href":"https:\/\/transportjournal.com\/it\/wp-json\/wp\/v2\/users\/12"}],"replies":[{"embeddable":true,"href":"https:\/\/transportjournal.com\/it\/wp-json\/wp\/v2\/comments?post=75049"}],"version-history":[{"count":0,"href":"https:\/\/transportjournal.com\/it\/wp-json\/wp\/v2\/posts\/75049\/revisions"}],"wp:featuredmedia":[{"embeddable":true,"href":"https:\/\/transportjournal.com\/it\/wp-json\/wp\/v2\/media\/75045"}],"wp:attachment":[{"href":"https:\/\/transportjournal.com\/it\/wp-json\/wp\/v2\/media?parent=75049"}],"wp:term":[{"taxonomy":"category","embeddable":true,"href":"https:\/\/transportjournal.com\/it\/wp-json\/wp\/v2\/categories?post=75049"},{"taxonomy":"post_tag","embeddable":true,"href":"https:\/\/transportjournal.com\/it\/wp-json\/wp\/v2\/tags?post=75049"}],"curies":[{"name":"wp","href":"https:\/\/api.w.org\/{rel}","templated":true}]}}